{"id":23448,"date":"2022-07-31T22:00:00","date_gmt":"2022-07-31T20:00:00","guid":{"rendered":"https:\/\/hijascaridad.sjdigitaldemo.ovh\/sigillate-con-i-voti\/"},"modified":"2024-03-17T17:08:16","modified_gmt":"2024-03-17T16:08:16","slug":"sigillate-con-i-voti","status":"publish","type":"post","link":"https:\/\/filles-de-la-charite.org\/it\/sigillate-con-i-voti\/","title":{"rendered":"Sigillate con i voti"},"content":{"rendered":"\n<p>Lo scorso giugno, le Figlie della Carit\u00e0 negli Stati Uniti hanno convocato le Suore con meno di 10 anni di vocazione per un seminario sui voti. Dieci Suore delle due Province si sono riunite per una settimana presso la Casa Provinciale della Provincia di Elizabeth Ann Seton a Los Altos Hills, in California. P. Patrick Griffin C.M ha tenuto le conferenze incentrate sull&#8217;essere &#8220;Sigillate con i voti.&#8221;<\/p>\n\n\n\n<div class=\"wp-block-image\"><figure class=\"aligncenter size-large\"><img decoding=\"async\" src=\"https:\/\/filles-de-la-charite.org\/wp-content\/uploads\/2023\/06\/2022-08-01-Sealed-photo-1-1024x673-1.jpeg\" alt=\"\" class=\"wp-image-70827\" \/><figcaption><em>Visita di gruppo con Sr Julie Kubasak (Ex Visitatrice della Provincia di St. Elizabeth Ann Seton, attualmente Assistente generale della Compagnia)<\/em><\/figcaption><\/figure><\/div>\n\n\n\n<p>Il seminario sui voti si svolge a cadenza triennale per riunire le Suore con meno di 10 anni di vocazione al fine di approfondire la conoscenza dei voti, oltre che per godere di attivit\u00e0 ricreative serali. Nel primo giorno dedicato a godersi la compagnia reciproca, le Suore hanno trascorso una giornata in spiaggia e nella foresta di sequoie, accompagnate dalle Consigliere della formazione delle due Province degli Stati Uniti.<\/p>\n\n\n\n<div class=\"wp-block-image\"><figure class=\"aligncenter size-large\"><img decoding=\"async\" src=\"https:\/\/filles-de-la-charite.org\/wp-content\/uploads\/2023\/06\/2022-08-01-Sealed-photo-2-1024x768-1.jpeg\" alt=\"\" class=\"wp-image-70828\" \/><figcaption><em>Visita alle Sorelle pi\u00f9 anziane<\/em><\/figcaption><\/figure><\/div>\n\n\n\n<p>Ogni giornata \u00e8 stata dedicata a un voto diverso: la sua unicit\u00e0 per la nostra comunit\u00e0 e il suo legame con il nostro sigillo. Nel pomeriggio le Suore hanno avuto il tempo di pregare o riflettere su ci\u00f2 che avevano ascoltato e poi sono state invitate a condividere, con il gruppo pi\u00f9 ampio, ci\u00f2 che Dio aveva loro ispirato. Alcune Suore hanno detto di essersi sentite toccate o incoraggiate a guardare un particolare aspetto del sigillo o del voto in modo nuovo. Altre hanno affermato che sarebbe stato necessario pi\u00f9 tempo per riflettere su ci\u00f2 che avevano ascoltato e sull\u2019impatto che avrebbe avuto su di loro.<\/p>\n\n\n\n<div class=\"wp-block-image\"><figure class=\"aligncenter size-large\"><img decoding=\"async\" src=\"https:\/\/filles-de-la-charite.org\/wp-content\/uploads\/2023\/06\/2022-08-01-Sealed-photo-3-1024x768-1.jpeg\" alt=\"\" class=\"wp-image-70818\" \/><figcaption><em>Suore fino a dieci anni di vocazione<\/em><\/figcaption><\/figure><\/div>\n\n\n\n<p>Poi, naturalmente, le ricreazioni serali spaziavano tra giochi divertenti, sfide e tempo da trascorrere insieme in comunit\u00e0.<\/p>\n\n\n\n<div class=\"wp-block-image\"><figure class=\"aligncenter size-large\"><img decoding=\"async\" src=\"https:\/\/filles-de-la-charite.org\/wp-content\/uploads\/2023\/06\/2022-08-01-Sealed-photo-4-1024x768-1.jpeg\" alt=\"\" class=\"wp-image-70831\" \/><figcaption><em>Ammirando la foresta di sequoie<\/em><\/figcaption><\/figure><\/div>\n\n\n\n<p>Una splendida occasione per trascorrere del tempo insieme come giovani Suore!<\/p>\n\n\n\n<div class=\"wp-block-image\"><figure class=\"aligncenter size-large\"><img decoding=\"async\" src=\"https:\/\/filles-de-la-charite.org\/wp-content\/uploads\/2023\/06\/2022-08-01-Sealed-photo-5-1024x768-1.jpeg\" alt=\"\" class=\"wp-image-70826\" \/><figcaption><em>Santa Messa<\/em><\/figcaption><\/figure><\/div>\n","protected":false},"excerpt":{"rendered":"<p>Lo scorso giugno, le Figlie della Carit\u00e0 negli Stati Uniti hanno convocato le Suore con meno di 10 anni di vocazione per un seminario sui voti. Dieci Suore delle due Province si sono riunite per una settimana presso la Casa Provinciale della Provincia di Elizabeth Ann Seton a Los Altos Hills, in California. P. Patrick [&hellip;]<\/p>\n","protected":false},"author":1,"featured_media":16929,"comment_status":"closed","ping_status":"closed","sticky":false,"template":"","format":"standard","meta":{"_acf_changed":false,"_et_pb_use_builder":"","_et_pb_old_content":"","_et_gb_content_width":"","footnotes":"","_links_to":"","_links_to_target":""},"categories":[677,820],"tags":[],"class_list":["post-23448","post","type-post","status-publish","format-standard","has-post-thumbnail","hentry","category-santa-luisa-usa-it","category-st-e-a-seton-usa-it"],"acf":[],"yoast_head":"<!-- This site is optimized with the Yoast SEO plugin v27.4 - https:\/\/yoast.com\/product\/yoast-seo-wordpress\/ -->\n<title>Sigillate con i voti - Filles de la Charit\u00e9<\/title>\n<meta name=\"robots\" content=\"index, follow, max-snippet:-1, max-image-preview:large, max-video-preview:-1\" \/>\n<link rel=\"canonical\" href=\"https:\/\/filles-de-la-charite.org\/it\/sigillate-con-i-voti\/\" \/>\n<meta property=\"og:locale\" content=\"it_IT\" \/>\n<meta property=\"og:type\" content=\"article\" \/>\n<meta property=\"og:title\" content=\"Sigillate con i voti - Filles de la Charit\u00e9\" \/>\n<meta property=\"og:description\" content=\"Lo scorso giugno, le Figlie della Carit\u00e0 negli Stati Uniti hanno convocato le Suore con meno di 10 anni di vocazione per un seminario sui voti. Dieci Suore delle due Province si sono riunite per una settimana presso la Casa Provinciale della Provincia di Elizabeth Ann Seton a Los Altos Hills, in California. P. Patrick [&hellip;]\" \/>\n<meta property=\"og:url\" content=\"https:\/\/filles-de-la-charite.org\/it\/sigillate-con-i-voti\/\" \/>\n<meta property=\"og:site_name\" content=\"Filles de la Charit\u00e9\" \/>\n<meta property=\"article:published_time\" content=\"2022-07-31T20:00:00+00:00\" \/>\n<meta property=\"article:modified_time\" content=\"2024-03-17T16:08:16+00:00\" \/>\n<meta property=\"og:image\" content=\"https:\/\/filles-de-la-charite.org\/wp-content\/uploads\/2023\/06\/2022-08-01-Sealed-photo-3-1024x768.jpeg\" \/>\n\t<meta property=\"og:image:width\" content=\"1024\" \/>\n\t<meta property=\"og:image:height\" content=\"768\" \/>\n\t<meta property=\"og:image:type\" content=\"image\/jpeg\" \/>\n<meta name=\"author\" content=\"admin\" \/>\n<meta name=\"twitter:card\" content=\"summary_large_image\" \/>\n<meta name=\"twitter:label1\" content=\"Scritto da\" \/>\n\t<meta name=\"twitter:data1\" content=\"admin\" \/>\n\t<meta name=\"twitter:label2\" content=\"Tempo di lettura stimato\" \/>\n\t<meta name=\"twitter:data2\" content=\"2 minuti\" \/>\n<script type=\"application\/ld+json\" class=\"yoast-schema-graph\">{\"@context\":\"https:\\\/\\\/schema.org\",\"@graph\":[{\"@type\":\"Article\",\"@id\":\"https:\\\/\\\/filles-de-la-charite.org\\\/it\\\/sigillate-con-i-voti\\\/#article\",\"isPartOf\":{\"@id\":\"https:\\\/\\\/filles-de-la-charite.org\\\/it\\\/sigillate-con-i-voti\\\/\"},\"author\":{\"name\":\"admin\",\"@id\":\"https:\\\/\\\/filles-de-la-charite.org\\\/it\\\/#\\\/schema\\\/person\\\/427567b2eccfc2dd7d206da186a1f438\"},\"headline\":\"Sigillate con i voti\",\"datePublished\":\"2022-07-31T20:00:00+00:00\",\"dateModified\":\"2024-03-17T16:08:16+00:00\",\"mainEntityOfPage\":{\"@id\":\"https:\\\/\\\/filles-de-la-charite.org\\\/it\\\/sigillate-con-i-voti\\\/\"},\"wordCount\":314,\"publisher\":{\"@id\":\"https:\\\/\\\/filles-de-la-charite.org\\\/it\\\/#organization\"},\"image\":{\"@id\":\"https:\\\/\\\/filles-de-la-charite.org\\\/it\\\/sigillate-con-i-voti\\\/#primaryimage\"},\"thumbnailUrl\":\"https:\\\/\\\/filles-de-la-charite.org\\\/wp-content\\\/uploads\\\/2023\\\/06\\\/2022-08-01-Sealed-photo-3.jpeg\",\"articleSection\":[\"Santa Luisa \u2013 USA\",\"St E.A. Seton - USA\"],\"inLanguage\":\"it-IT\"},{\"@type\":\"WebPage\",\"@id\":\"https:\\\/\\\/filles-de-la-charite.org\\\/it\\\/sigillate-con-i-voti\\\/\",\"url\":\"https:\\\/\\\/filles-de-la-charite.org\\\/it\\\/sigillate-con-i-voti\\\/\",\"name\":\"Sigillate con i voti - Filles de la Charit\u00e9\",\"isPartOf\":{\"@id\":\"https:\\\/\\\/filles-de-la-charite.org\\\/it\\\/#website\"},\"primaryImageOfPage\":{\"@id\":\"https:\\\/\\\/filles-de-la-charite.org\\\/it\\\/sigillate-con-i-voti\\\/#primaryimage\"},\"image\":{\"@id\":\"https:\\\/\\\/filles-de-la-charite.org\\\/it\\\/sigillate-con-i-voti\\\/#primaryimage\"},\"thumbnailUrl\":\"https:\\\/\\\/filles-de-la-charite.org\\\/wp-content\\\/uploads\\\/2023\\\/06\\\/2022-08-01-Sealed-photo-3.jpeg\",\"datePublished\":\"2022-07-31T20:00:00+00:00\",\"dateModified\":\"2024-03-17T16:08:16+00:00\",\"breadcrumb\":{\"@id\":\"https:\\\/\\\/filles-de-la-charite.org\\\/it\\\/sigillate-con-i-voti\\\/#breadcrumb\"},\"inLanguage\":\"it-IT\",\"potentialAction\":[{\"@type\":\"ReadAction\",\"target\":[\"https:\\\/\\\/filles-de-la-charite.org\\\/it\\\/sigillate-con-i-voti\\\/\"]}]},{\"@type\":\"ImageObject\",\"inLanguage\":\"it-IT\",\"@id\":\"https:\\\/\\\/filles-de-la-charite.org\\\/it\\\/sigillate-con-i-voti\\\/#primaryimage\",\"url\":\"https:\\\/\\\/filles-de-la-charite.org\\\/wp-content\\\/uploads\\\/2023\\\/06\\\/2022-08-01-Sealed-photo-3.jpeg\",\"contentUrl\":\"https:\\\/\\\/filles-de-la-charite.org\\\/wp-content\\\/uploads\\\/2023\\\/06\\\/2022-08-01-Sealed-photo-3.jpeg\",\"width\":2420,\"height\":1816},{\"@type\":\"BreadcrumbList\",\"@id\":\"https:\\\/\\\/filles-de-la-charite.org\\\/it\\\/sigillate-con-i-voti\\\/#breadcrumb\",\"itemListElement\":[{\"@type\":\"ListItem\",\"position\":1,\"name\":\"Santa Luisa \u2013 USA\",\"item\":\"https:\\\/\\\/filles-de-la-charite.org\\\/it\\\/category\\\/santa-luisa-usa-it\\\/\"},{\"@type\":\"ListItem\",\"position\":2,\"name\":\"Sigillate con i voti\"}]},{\"@type\":\"WebSite\",\"@id\":\"https:\\\/\\\/filles-de-la-charite.org\\\/it\\\/#website\",\"url\":\"https:\\\/\\\/filles-de-la-charite.org\\\/it\\\/\",\"name\":\"Hijas de la Caridad\",\"description\":\"L\u2019amour de J\u00e9sus nous presse \u00e0 prendre soin des personnes les plus d\u00e9munies\",\"publisher\":{\"@id\":\"https:\\\/\\\/filles-de-la-charite.org\\\/it\\\/#organization\"},\"potentialAction\":[{\"@type\":\"SearchAction\",\"target\":{\"@type\":\"EntryPoint\",\"urlTemplate\":\"https:\\\/\\\/filles-de-la-charite.org\\\/it\\\/?s={search_term_string}\"},\"query-input\":{\"@type\":\"PropertyValueSpecification\",\"valueRequired\":true,\"valueName\":\"search_term_string\"}}],\"inLanguage\":\"it-IT\"},{\"@type\":\"Organization\",\"@id\":\"https:\\\/\\\/filles-de-la-charite.org\\\/it\\\/#organization\",\"name\":\"Hijas de la Caridad\",\"url\":\"https:\\\/\\\/filles-de-la-charite.org\\\/it\\\/\",\"logo\":{\"@type\":\"ImageObject\",\"inLanguage\":\"it-IT\",\"@id\":\"https:\\\/\\\/filles-de-la-charite.org\\\/it\\\/#\\\/schema\\\/logo\\\/image\\\/\",\"url\":\"https:\\\/\\\/filles-de-la-charite.org\\\/wp-content\\\/uploads\\\/2023\\\/03\\\/isotipo-Hijas-de-la-Caridad.png\",\"contentUrl\":\"https:\\\/\\\/filles-de-la-charite.org\\\/wp-content\\\/uploads\\\/2023\\\/03\\\/isotipo-Hijas-de-la-Caridad.png\",\"width\":1417,\"height\":1417,\"caption\":\"Hijas de la Caridad\"},\"image\":{\"@id\":\"https:\\\/\\\/filles-de-la-charite.org\\\/it\\\/#\\\/schema\\\/logo\\\/image\\\/\"}},{\"@type\":\"Person\",\"@id\":\"https:\\\/\\\/filles-de-la-charite.org\\\/it\\\/#\\\/schema\\\/person\\\/427567b2eccfc2dd7d206da186a1f438\",\"name\":\"admin\",\"image\":{\"@type\":\"ImageObject\",\"inLanguage\":\"it-IT\",\"@id\":\"https:\\\/\\\/secure.gravatar.com\\\/avatar\\\/948b492cce32b586ac2db0eaa926ee87024f7afe218d73b397ea5ddfc5f43ea1?s=96&d=mm&r=g\",\"url\":\"https:\\\/\\\/secure.gravatar.com\\\/avatar\\\/948b492cce32b586ac2db0eaa926ee87024f7afe218d73b397ea5ddfc5f43ea1?s=96&d=mm&r=g\",\"contentUrl\":\"https:\\\/\\\/secure.gravatar.com\\\/avatar\\\/948b492cce32b586ac2db0eaa926ee87024f7afe218d73b397ea5ddfc5f43ea1?s=96&d=mm&r=g\",\"caption\":\"admin\"},\"sameAs\":[\"https:\\\/\\\/filles-de-la-charite.org\"],\"url\":\"https:\\\/\\\/filles-de-la-charite.org\\\/it\\\/author\\\/caridad\\\/\"}]}<\/script>\n<!-- \/ Yoast SEO plugin. -->","yoast_head_json":{"title":"Sigillate con i voti - Filles de la Charit\u00e9","robots":{"index":"index","follow":"follow","max-snippet":"max-snippet:-1","max-image-preview":"max-image-preview:large","max-video-preview":"max-video-preview:-1"},"canonical":"https:\/\/filles-de-la-charite.org\/it\/sigillate-con-i-voti\/","og_locale":"it_IT","og_type":"article","og_title":"Sigillate con i voti - Filles de la Charit\u00e9","og_description":"Lo scorso giugno, le Figlie della Carit\u00e0 negli Stati Uniti hanno convocato le Suore con meno di 10 anni di vocazione per un seminario sui voti. Dieci Suore delle due Province si sono riunite per una settimana presso la Casa Provinciale della Provincia di Elizabeth Ann Seton a Los Altos Hills, in California. P. Patrick [&hellip;]","og_url":"https:\/\/filles-de-la-charite.org\/it\/sigillate-con-i-voti\/","og_site_name":"Filles de la Charit\u00e9","article_published_time":"2022-07-31T20:00:00+00:00","article_modified_time":"2024-03-17T16:08:16+00:00","og_image":[{"width":1024,"height":768,"url":"https:\/\/filles-de-la-charite.org\/wp-content\/uploads\/2023\/06\/2022-08-01-Sealed-photo-3-1024x768.jpeg","type":"image\/jpeg"}],"author":"admin","twitter_card":"summary_large_image","twitter_misc":{"Scritto da":"admin","Tempo di lettura stimato":"2 minuti"},"schema":{"@context":"https:\/\/schema.org","@graph":[{"@type":"Article","@id":"https:\/\/filles-de-la-charite.org\/it\/sigillate-con-i-voti\/#article","isPartOf":{"@id":"https:\/\/filles-de-la-charite.org\/it\/sigillate-con-i-voti\/"},"author":{"name":"admin","@id":"https:\/\/filles-de-la-charite.org\/it\/#\/schema\/person\/427567b2eccfc2dd7d206da186a1f438"},"headline":"Sigillate con i voti","datePublished":"2022-07-31T20:00:00+00:00","dateModified":"2024-03-17T16:08:16+00:00","mainEntityOfPage":{"@id":"https:\/\/filles-de-la-charite.org\/it\/sigillate-con-i-voti\/"},"wordCount":314,"publisher":{"@id":"https:\/\/filles-de-la-charite.org\/it\/#organization"},"image":{"@id":"https:\/\/filles-de-la-charite.org\/it\/sigillate-con-i-voti\/#primaryimage"},"thumbnailUrl":"https:\/\/filles-de-la-charite.org\/wp-content\/uploads\/2023\/06\/2022-08-01-Sealed-photo-3.jpeg","articleSection":["Santa Luisa \u2013 USA","St E.A. Seton - USA"],"inLanguage":"it-IT"},{"@type":"WebPage","@id":"https:\/\/filles-de-la-charite.org\/it\/sigillate-con-i-voti\/","url":"https:\/\/filles-de-la-charite.org\/it\/sigillate-con-i-voti\/","name":"Sigillate con i voti - Filles de la Charit\u00e9","isPartOf":{"@id":"https:\/\/filles-de-la-charite.org\/it\/#website"},"primaryImageOfPage":{"@id":"https:\/\/filles-de-la-charite.org\/it\/sigillate-con-i-voti\/#primaryimage"},"image":{"@id":"https:\/\/filles-de-la-charite.org\/it\/sigillate-con-i-voti\/#primaryimage"},"thumbnailUrl":"https:\/\/filles-de-la-charite.org\/wp-content\/uploads\/2023\/06\/2022-08-01-Sealed-photo-3.jpeg","datePublished":"2022-07-31T20:00:00+00:00","dateModified":"2024-03-17T16:08:16+00:00","breadcrumb":{"@id":"https:\/\/filles-de-la-charite.org\/it\/sigillate-con-i-voti\/#breadcrumb"},"inLanguage":"it-IT","potentialAction":[{"@type":"ReadAction","target":["https:\/\/filles-de-la-charite.org\/it\/sigillate-con-i-voti\/"]}]},{"@type":"ImageObject","inLanguage":"it-IT","@id":"https:\/\/filles-de-la-charite.org\/it\/sigillate-con-i-voti\/#primaryimage","url":"https:\/\/filles-de-la-charite.org\/wp-content\/uploads\/2023\/06\/2022-08-01-Sealed-photo-3.jpeg","contentUrl":"https:\/\/filles-de-la-charite.org\/wp-content\/uploads\/2023\/06\/2022-08-01-Sealed-photo-3.jpeg","width":2420,"height":1816},{"@type":"BreadcrumbList","@id":"https:\/\/filles-de-la-charite.org\/it\/sigillate-con-i-voti\/#breadcrumb","itemListElement":[{"@type":"ListItem","position":1,"name":"Santa Luisa \u2013 USA","item":"https:\/\/filles-de-la-charite.org\/it\/category\/santa-luisa-usa-it\/"},{"@type":"ListItem","position":2,"name":"Sigillate con i voti"}]},{"@type":"WebSite","@id":"https:\/\/filles-de-la-charite.org\/it\/#website","url":"https:\/\/filles-de-la-charite.org\/it\/","name":"Hijas de la Caridad","description":"L\u2019amour de J\u00e9sus nous presse \u00e0 prendre soin des personnes les plus d\u00e9munies","publisher":{"@id":"https:\/\/filles-de-la-charite.org\/it\/#organization"},"potentialAction":[{"@type":"SearchAction","target":{"@type":"EntryPoint","urlTemplate":"https:\/\/filles-de-la-charite.org\/it\/?s={search_term_string}"},"query-input":{"@type":"PropertyValueSpecification","valueRequired":true,"valueName":"search_term_string"}}],"inLanguage":"it-IT"},{"@type":"Organization","@id":"https:\/\/filles-de-la-charite.org\/it\/#organization","name":"Hijas de la Caridad","url":"https:\/\/filles-de-la-charite.org\/it\/","logo":{"@type":"ImageObject","inLanguage":"it-IT","@id":"https:\/\/filles-de-la-charite.org\/it\/#\/schema\/logo\/image\/","url":"https:\/\/filles-de-la-charite.org\/wp-content\/uploads\/2023\/03\/isotipo-Hijas-de-la-Caridad.png","contentUrl":"https:\/\/filles-de-la-charite.org\/wp-content\/uploads\/2023\/03\/isotipo-Hijas-de-la-Caridad.png","width":1417,"height":1417,"caption":"Hijas de la Caridad"},"image":{"@id":"https:\/\/filles-de-la-charite.org\/it\/#\/schema\/logo\/image\/"}},{"@type":"Person","@id":"https:\/\/filles-de-la-charite.org\/it\/#\/schema\/person\/427567b2eccfc2dd7d206da186a1f438","name":"admin","image":{"@type":"ImageObject","inLanguage":"it-IT","@id":"https:\/\/secure.gravatar.com\/avatar\/948b492cce32b586ac2db0eaa926ee87024f7afe218d73b397ea5ddfc5f43ea1?s=96&d=mm&r=g","url":"https:\/\/secure.gravatar.com\/avatar\/948b492cce32b586ac2db0eaa926ee87024f7afe218d73b397ea5ddfc5f43ea1?s=96&d=mm&r=g","contentUrl":"https:\/\/secure.gravatar.com\/avatar\/948b492cce32b586ac2db0eaa926ee87024f7afe218d73b397ea5ddfc5f43ea1?s=96&d=mm&r=g","caption":"admin"},"sameAs":["https:\/\/filles-de-la-charite.org"],"url":"https:\/\/filles-de-la-charite.org\/it\/author\/caridad\/"}]}},"_links":{"self":[{"href":"https:\/\/filles-de-la-charite.org\/it\/wp-json\/wp\/v2\/posts\/23448","targetHints":{"allow":["GET"]}}],"collection":[{"href":"https:\/\/filles-de-la-charite.org\/it\/wp-json\/wp\/v2\/posts"}],"about":[{"href":"https:\/\/filles-de-la-charite.org\/it\/wp-json\/wp\/v2\/types\/post"}],"author":[{"embeddable":true,"href":"https:\/\/filles-de-la-charite.org\/it\/wp-json\/wp\/v2\/users\/1"}],"replies":[{"embeddable":true,"href":"https:\/\/filles-de-la-charite.org\/it\/wp-json\/wp\/v2\/comments?post=23448"}],"version-history":[{"count":1,"href":"https:\/\/filles-de-la-charite.org\/it\/wp-json\/wp\/v2\/posts\/23448\/revisions"}],"predecessor-version":[{"id":23449,"href":"https:\/\/filles-de-la-charite.org\/it\/wp-json\/wp\/v2\/posts\/23448\/revisions\/23449"}],"wp:featuredmedia":[{"embeddable":true,"href":"https:\/\/filles-de-la-charite.org\/it\/wp-json\/wp\/v2\/media\/16929"}],"wp:attachment":[{"href":"https:\/\/filles-de-la-charite.org\/it\/wp-json\/wp\/v2\/media?parent=23448"}],"wp:term":[{"taxonomy":"category","embeddable":true,"href":"https:\/\/filles-de-la-charite.org\/it\/wp-json\/wp\/v2\/categories?post=23448"},{"taxonomy":"post_tag","embeddable":true,"href":"https:\/\/filles-de-la-charite.org\/it\/wp-json\/wp\/v2\/tags?post=23448"}],"curies":[{"name":"wp","href":"https:\/\/api.w.org\/{rel}","templated":true}]}}