{"id":23452,"date":"2022-07-31T22:00:00","date_gmt":"2022-07-31T20:00:00","guid":{"rendered":"https:\/\/hijascaridad.sjdigitaldemo.ovh\/la-triplice-benedizione-del-mese-giugno\/"},"modified":"2024-03-17T17:08:37","modified_gmt":"2024-03-17T16:08:37","slug":"la-triplice-benedizione-del-mese-giugno","status":"publish","type":"post","link":"https:\/\/filles-de-la-charite.org\/it\/la-triplice-benedizione-del-mese-giugno\/","title":{"rendered":"La triplice benedizione del mese giugno"},"content":{"rendered":"\n<p>La Provincia Santa Luisa de Marillac-Asia ha atteso con gioia il mese di giugno, pregustando abbondanti benedizioni, tre delle quali sono arrivate con i &#8220;colori dell&#8217;arcobaleno&#8221;.<\/p>\n\n\n\n<p>Il 31 maggio ha inaugurato il mese di giugno con la designazione di Sr. Mar\u00eda Ana Rosario G. EVIDENTE come Visitatrice per altri 3 anni. In un contesto di incertezza politica, economica e sociale e di apparente sfiducia a causa degli ultimi avvenimenti nel mondo, questa nomina ha portato una speranza incomparabile e un senso di continuit\u00e0 e di impegno per la Provincia.<\/p>\n\n\n\n<p>Il 4 giugno ricorre il sesto anniversario della Provincia dopo la sua riconfigurazione: una Provincia, nove Paesi. Mentre rendevamo grazie con i nostri cuori per l&#8217;amore e la misericordia di Dio, Lo abbiamo anche lodato per averci inviato un nuovo Direttore provinciale, P. Gerardo VIBAR, CM. FOTO<\/p>\n\n\n\n<p>Il 21 giugno, con il fiato sospeso e in preghiera, dopo la cancellazione del volo programmato inizialmente, verso mezzanotte le Suore si sono ritrovate nell&#8217;atrio della Casa Provinciale nelle Filippine per accogliere Suor Fran\u00e7oise PETIT, Superiora generale. Una rappresentanza di Suore provenienti dal Giappone, dalla Corea del Sud, dalla Tailandia, dal Laos, dalla Cambogia, dalla Papua Nuova Guinea, da Taiwan, dalla Cina e dalle diverse Regioni delle Filippine si sono unite a Suor Fran\u00e7oise mentre offriva un mazzo di fiori alla Beata Vergine e cantava il suo Magnificat.<\/p>\n\n\n\n<figure class=\"wp-block-gallery alignwide columns-2 is-cropped wp-block-gallery-1 is-layout-flex wp-block-gallery-is-layout-flex\"><ul class=\"blocks-gallery-grid\"><li class=\"blocks-gallery-item\"><figure><a href=\"https:\/\/www.filles-de-la-charite.org\/wp-content\/uploads\/news\/August 2022\/Asia\/Junes-Triple-Blessing-Photo-1.jpg\" data-rel=\"lightbox-image-0\" data-rl_title=\"\" data-rl_caption=\"\" title=\"\"><img decoding=\"async\" src=\"https:\/\/filles-de-la-charite.org\/wp-content\/uploads\/2023\/06\/Junes-Triple-Blessing-Photo-1-1024x461-1.jpg\" alt=\"\" data-id=\"70930\" data-full-url=\"https:\/\/www.filles-de-la-charite.org\/wp-content\/uploads\/news\/August 2022\/Asia\/Junes-Triple-Blessing-Photo-1.jpg\" data-link=\"https:\/\/www.filles-de-la-charite.org\/junes-triple-blessing-photo-1\/\" class=\"wp-image-70930\"\/><\/a><\/figure><\/li><li class=\"blocks-gallery-item\"><figure><a href=\"https:\/\/www.filles-de-la-charite.org\/wp-content\/uploads\/news\/August 2022\/Asia\/Junes-Triple-Blessing-Photo-1a-scaled.jpg\" data-rel=\"lightbox-image-1\" data-rl_title=\"\" data-rl_caption=\"\" title=\"\"><img decoding=\"async\" src=\"https:\/\/filles-de-la-charite.org\/wp-content\/uploads\/2023\/06\/Junes-Triple-Blessing-Photo-1a-1024x576-1.jpg\" alt=\"\" data-id=\"70929\" data-full-url=\"https:\/\/www.filles-de-la-charite.org\/wp-content\/uploads\/news\/August 2022\/Asia\/Junes-Triple-Blessing-Photo-1a-scaled.jpg\" data-link=\"https:\/\/www.filles-de-la-charite.org\/junes-triple-blessing-photo-1a\/\" class=\"wp-image-70929\"\/><\/a><\/figure><\/li><\/ul><\/figure>\n\n\n\n<div class=\"wp-block-image\"><figure class=\"alignleft size-full\"><img decoding=\"async\" src=\"https:\/\/filles-de-la-charite.org\/wp-content\/uploads\/2023\/06\/draft.jpg\" alt=\"\" class=\"wp-image-70951\"\/><\/figure><\/div>\n\n\n\n<p>Suor Fran\u00e7oise ha potuto visitare solo poche Comunit\u00e0 e la loro missione nelle Filippine; due di queste sono state di particolare importanza: il Villaggio della Famiglia Vincenziana di Anislag e il Villaggio &#8220;Ati&#8221;.<\/p>\n\n\n\n<p>Anislag era un progetto promosso dalle Figlie della Carit\u00e0 in collaborazione con la Societ\u00e0 di San Vincenzo de&#8217; Paoli, con altri membri della Famiglia Vincenziana a vario titolo e con l&#8217;Associazione dei Superiori Maggiori delle Filippine, finalizzato alla costruzione di case per 330 famiglie che avevano perso i loro cari, le case e le fattorie durante il devastante tifone del 2006. Oggi \u00e8 una comunit\u00e0 di fede autosufficiente.<\/p>\n\n\n\n<div class=\"wp-block-image\"><figure class=\"alignleft size-large\"><img decoding=\"async\" src=\"https:\/\/filles-de-la-charite.org\/wp-content\/uploads\/2023\/06\/Junes-Triple-Blessing-Photo-2a-1024x576-1.jpg\" alt=\"\" class=\"wp-image-70933\"\/><\/figure><\/div>\n\n\n\n<p>Il villaggio &#8220;Ati&#8221; \u00e8 una terra ancestrale della popolazione indigena chiamata Ati, per la quale si \u00e8 dovuto lottare e che \u00e8 stata conquistata a caro prezzo. Tre Figlie della Carit\u00e0 continuano a vivere in questo villaggio lottando insieme agli Ati, per rivendicare ci\u00f2 che a loro spetta di diritto: terra, reddito e vita.<\/p>\n\n\n\n<p>Suor Fran\u00e7oise \u00e8 stata anche testimone di due celebrazioni: il giubileo d\u2019argento di 6 Figlie della Carit\u00e0 e il passaggio alla vita eterna di Suor Francisca SANCHEZ.<\/p>\n\n\n\n<div class=\"wp-block-image\"><figure class=\"alignleft size-large\"><img decoding=\"async\" src=\"https:\/\/filles-de-la-charite.org\/wp-content\/uploads\/2023\/06\/Photo-3-copia-1024x645-1.jpg\" alt=\"\" class=\"wp-image-70952\"\/><\/figure><\/div>\n\n\n\n<p>Suor Fran\u00e7oise ha lasciato le Filippine il 28 giugno ed \u00e8 volata in Corea del Sud, dove ha visitato il Bono Social Service Centre, i cui principali servizi includono l&#8217;assistenza diurna per gli anziani (alimentazione e attivit\u00e0 ricreative) e l&#8217;accompagnamento delle famiglie migrati per facilitare il loro inserimento nella comunit\u00e0 coreana (attivit\u00e0 socio-culturali, cucina e studio della lingua). St. Louise Sanctuary \u00e8 una casa di accoglienza per mogli e bambini che subiscono violenze da parte dei mariti coreani.&nbsp; La Casa, in collaborazione con il governo, offre un accompagnamento psicologico, culturale, sanitario e legale. L&#8217;ultima visita \u00e8 stata alla St. Vincent&#8217;s Home, un istituto per anziani di propriet\u00e0 delle Figlie della Carit\u00e0, che ha superato gli standard governativi e gode del sostegno del governo.<\/p>\n\n\n\n<p>L&#8217;omelia di P. Gerardo nella solennit\u00e0 di S. Giovanni Battista pu\u00f2 ben riassumere ci\u00f2 che la presenza di sr. Fran\u00e7oise ha significato per la Provincia:<\/p>\n\n\n\n<p><em>\u00abSuor Fran\u00e7oise, perdoni la mia audacia, ma mi permetta di dire questo alle nostre Sorelle della Provincia <\/em>Santa Luisa de Marillac-Asia<em>: in questi giorni, un angelo del Signore vi sta visitando (&#8230;). Viene con un messaggio di Dio (&#8230;) siamo veramente piene di gioia e di letizia per la sua visita e ci aspettiamo ancora di pi\u00f9 dal suo messaggio per noi, il messaggio di Dio per noi\u00bb.<\/em><\/p>\n\n\n\n<figure class=\"wp-block-embed aligncenter is-type-video is-provider-youtube wp-block-embed-youtube wp-embed-aspect-16-9 wp-has-aspect-ratio\"><div class=\"wp-block-embed__wrapper\">\n<iframe loading=\"lazy\" title=\"June&#039;s Triple Blessing: The Visit\" width=\"1080\" height=\"608\" src=\"https:\/\/www.youtube.com\/embed\/XPKOv769900?feature=oembed\"  allow=\"accelerometer; autoplay; clipboard-write; encrypted-media; gyroscope; picture-in-picture; web-share\" allowfullscreen><\/iframe>\n<\/div><\/figure>\n","protected":false},"excerpt":{"rendered":"<p>La Provincia Santa Luisa de Marillac-Asia ha atteso con gioia il mese di giugno, pregustando abbondanti benedizioni, tre delle quali sono arrivate con i &#8220;colori dell&#8217;arcobaleno&#8221;. Il 31 maggio ha inaugurato il mese di giugno con la designazione di Sr. Mar\u00eda Ana Rosario G. EVIDENTE come Visitatrice per altri 3 anni. In un contesto di [&hellip;]<\/p>\n","protected":false},"author":1,"featured_media":16999,"comment_status":"closed","ping_status":"closed","sticky":false,"template":"","format":"standard","meta":{"_acf_changed":false,"_et_pb_use_builder":"","_et_pb_old_content":"","_et_gb_content_width":"","footnotes":"","_links_to":"","_links_to_target":""},"categories":[761],"tags":[],"class_list":["post-23452","post","type-post","status-publish","format-standard","has-post-thumbnail","hentry","category-santa-luisa-asia-it"],"acf":[],"yoast_head":"<!-- This site is optimized with the Yoast SEO plugin v27.4 - https:\/\/yoast.com\/product\/yoast-seo-wordpress\/ -->\n<title>La triplice benedizione del mese giugno - Filles de la Charit\u00e9<\/title>\n<meta name=\"robots\" content=\"index, follow, max-snippet:-1, max-image-preview:large, max-video-preview:-1\" \/>\n<link rel=\"canonical\" href=\"https:\/\/filles-de-la-charite.org\/it\/la-triplice-benedizione-del-mese-giugno\/\" \/>\n<meta property=\"og:locale\" content=\"it_IT\" \/>\n<meta property=\"og:type\" content=\"article\" \/>\n<meta property=\"og:title\" content=\"La triplice benedizione del mese giugno - Filles de la Charit\u00e9\" \/>\n<meta property=\"og:description\" content=\"La Provincia Santa Luisa de Marillac-Asia ha atteso con gioia il mese di giugno, pregustando abbondanti benedizioni, tre delle quali sono arrivate con i &#8220;colori dell&#8217;arcobaleno&#8221;. Il 31 maggio ha inaugurato il mese di giugno con la designazione di Sr. Mar\u00eda Ana Rosario G. EVIDENTE come Visitatrice per altri 3 anni. In un contesto di [&hellip;]\" \/>\n<meta property=\"og:url\" content=\"https:\/\/filles-de-la-charite.org\/it\/la-triplice-benedizione-del-mese-giugno\/\" \/>\n<meta property=\"og:site_name\" content=\"Filles de la Charit\u00e9\" \/>\n<meta property=\"article:published_time\" content=\"2022-07-31T20:00:00+00:00\" \/>\n<meta property=\"article:modified_time\" content=\"2024-03-17T16:08:37+00:00\" \/>\n<meta property=\"og:image\" content=\"https:\/\/filles-de-la-charite.org\/wp-content\/uploads\/2023\/06\/thumbnail-The-Visit-scaled-1.jpg\" \/>\n\t<meta property=\"og:image:width\" content=\"2560\" \/>\n\t<meta property=\"og:image:height\" content=\"1440\" \/>\n\t<meta property=\"og:image:type\" content=\"image\/jpeg\" \/>\n<meta name=\"author\" content=\"admin\" \/>\n<meta name=\"twitter:card\" content=\"summary_large_image\" \/>\n<meta name=\"twitter:label1\" content=\"Scritto da\" \/>\n\t<meta name=\"twitter:data1\" content=\"admin\" \/>\n\t<meta name=\"twitter:label2\" content=\"Tempo di lettura stimato\" \/>\n\t<meta name=\"twitter:data2\" content=\"3 minuti\" \/>\n<script type=\"application\/ld+json\" class=\"yoast-schema-graph\">{\"@context\":\"https:\\\/\\\/schema.org\",\"@graph\":[{\"@type\":\"Article\",\"@id\":\"https:\\\/\\\/filles-de-la-charite.org\\\/it\\\/la-triplice-benedizione-del-mese-giugno\\\/#article\",\"isPartOf\":{\"@id\":\"https:\\\/\\\/filles-de-la-charite.org\\\/it\\\/la-triplice-benedizione-del-mese-giugno\\\/\"},\"author\":{\"name\":\"admin\",\"@id\":\"https:\\\/\\\/filles-de-la-charite.org\\\/it\\\/#\\\/schema\\\/person\\\/427567b2eccfc2dd7d206da186a1f438\"},\"headline\":\"La triplice benedizione del mese giugno\",\"datePublished\":\"2022-07-31T20:00:00+00:00\",\"dateModified\":\"2024-03-17T16:08:37+00:00\",\"mainEntityOfPage\":{\"@id\":\"https:\\\/\\\/filles-de-la-charite.org\\\/it\\\/la-triplice-benedizione-del-mese-giugno\\\/\"},\"wordCount\":633,\"publisher\":{\"@id\":\"https:\\\/\\\/filles-de-la-charite.org\\\/it\\\/#organization\"},\"image\":{\"@id\":\"https:\\\/\\\/filles-de-la-charite.org\\\/it\\\/la-triplice-benedizione-del-mese-giugno\\\/#primaryimage\"},\"thumbnailUrl\":\"https:\\\/\\\/filles-de-la-charite.org\\\/wp-content\\\/uploads\\\/2023\\\/06\\\/thumbnail-The-Visit-scaled-1.jpg\",\"articleSection\":[\"Santa Luisa - Asia\"],\"inLanguage\":\"it-IT\"},{\"@type\":\"WebPage\",\"@id\":\"https:\\\/\\\/filles-de-la-charite.org\\\/it\\\/la-triplice-benedizione-del-mese-giugno\\\/\",\"url\":\"https:\\\/\\\/filles-de-la-charite.org\\\/it\\\/la-triplice-benedizione-del-mese-giugno\\\/\",\"name\":\"La triplice benedizione del mese giugno - Filles de la Charit\u00e9\",\"isPartOf\":{\"@id\":\"https:\\\/\\\/filles-de-la-charite.org\\\/it\\\/#website\"},\"primaryImageOfPage\":{\"@id\":\"https:\\\/\\\/filles-de-la-charite.org\\\/it\\\/la-triplice-benedizione-del-mese-giugno\\\/#primaryimage\"},\"image\":{\"@id\":\"https:\\\/\\\/filles-de-la-charite.org\\\/it\\\/la-triplice-benedizione-del-mese-giugno\\\/#primaryimage\"},\"thumbnailUrl\":\"https:\\\/\\\/filles-de-la-charite.org\\\/wp-content\\\/uploads\\\/2023\\\/06\\\/thumbnail-The-Visit-scaled-1.jpg\",\"datePublished\":\"2022-07-31T20:00:00+00:00\",\"dateModified\":\"2024-03-17T16:08:37+00:00\",\"breadcrumb\":{\"@id\":\"https:\\\/\\\/filles-de-la-charite.org\\\/it\\\/la-triplice-benedizione-del-mese-giugno\\\/#breadcrumb\"},\"inLanguage\":\"it-IT\",\"potentialAction\":[{\"@type\":\"ReadAction\",\"target\":[\"https:\\\/\\\/filles-de-la-charite.org\\\/it\\\/la-triplice-benedizione-del-mese-giugno\\\/\"]}]},{\"@type\":\"ImageObject\",\"inLanguage\":\"it-IT\",\"@id\":\"https:\\\/\\\/filles-de-la-charite.org\\\/it\\\/la-triplice-benedizione-del-mese-giugno\\\/#primaryimage\",\"url\":\"https:\\\/\\\/filles-de-la-charite.org\\\/wp-content\\\/uploads\\\/2023\\\/06\\\/thumbnail-The-Visit-scaled-1.jpg\",\"contentUrl\":\"https:\\\/\\\/filles-de-la-charite.org\\\/wp-content\\\/uploads\\\/2023\\\/06\\\/thumbnail-The-Visit-scaled-1.jpg\",\"width\":2560,\"height\":1440},{\"@type\":\"BreadcrumbList\",\"@id\":\"https:\\\/\\\/filles-de-la-charite.org\\\/it\\\/la-triplice-benedizione-del-mese-giugno\\\/#breadcrumb\",\"itemListElement\":[{\"@type\":\"ListItem\",\"position\":1,\"name\":\"Indonesia\",\"item\":\"https:\\\/\\\/filles-de-la-charite.org\\\/it\\\/category\\\/indonesia-it\\\/\"},{\"@type\":\"ListItem\",\"position\":2,\"name\":\"La triplice benedizione del mese giugno\"}]},{\"@type\":\"WebSite\",\"@id\":\"https:\\\/\\\/filles-de-la-charite.org\\\/it\\\/#website\",\"url\":\"https:\\\/\\\/filles-de-la-charite.org\\\/it\\\/\",\"name\":\"Hijas de la Caridad\",\"description\":\"L\u2019amour de J\u00e9sus nous presse \u00e0 prendre soin des personnes les plus d\u00e9munies\",\"publisher\":{\"@id\":\"https:\\\/\\\/filles-de-la-charite.org\\\/it\\\/#organization\"},\"potentialAction\":[{\"@type\":\"SearchAction\",\"target\":{\"@type\":\"EntryPoint\",\"urlTemplate\":\"https:\\\/\\\/filles-de-la-charite.org\\\/it\\\/?s={search_term_string}\"},\"query-input\":{\"@type\":\"PropertyValueSpecification\",\"valueRequired\":true,\"valueName\":\"search_term_string\"}}],\"inLanguage\":\"it-IT\"},{\"@type\":\"Organization\",\"@id\":\"https:\\\/\\\/filles-de-la-charite.org\\\/it\\\/#organization\",\"name\":\"Hijas de la Caridad\",\"url\":\"https:\\\/\\\/filles-de-la-charite.org\\\/it\\\/\",\"logo\":{\"@type\":\"ImageObject\",\"inLanguage\":\"it-IT\",\"@id\":\"https:\\\/\\\/filles-de-la-charite.org\\\/it\\\/#\\\/schema\\\/logo\\\/image\\\/\",\"url\":\"https:\\\/\\\/filles-de-la-charite.org\\\/wp-content\\\/uploads\\\/2023\\\/03\\\/isotipo-Hijas-de-la-Caridad.png\",\"contentUrl\":\"https:\\\/\\\/filles-de-la-charite.org\\\/wp-content\\\/uploads\\\/2023\\\/03\\\/isotipo-Hijas-de-la-Caridad.png\",\"width\":1417,\"height\":1417,\"caption\":\"Hijas de la Caridad\"},\"image\":{\"@id\":\"https:\\\/\\\/filles-de-la-charite.org\\\/it\\\/#\\\/schema\\\/logo\\\/image\\\/\"}},{\"@type\":\"Person\",\"@id\":\"https:\\\/\\\/filles-de-la-charite.org\\\/it\\\/#\\\/schema\\\/person\\\/427567b2eccfc2dd7d206da186a1f438\",\"name\":\"admin\",\"image\":{\"@type\":\"ImageObject\",\"inLanguage\":\"it-IT\",\"@id\":\"https:\\\/\\\/secure.gravatar.com\\\/avatar\\\/948b492cce32b586ac2db0eaa926ee87024f7afe218d73b397ea5ddfc5f43ea1?s=96&d=mm&r=g\",\"url\":\"https:\\\/\\\/secure.gravatar.com\\\/avatar\\\/948b492cce32b586ac2db0eaa926ee87024f7afe218d73b397ea5ddfc5f43ea1?s=96&d=mm&r=g\",\"contentUrl\":\"https:\\\/\\\/secure.gravatar.com\\\/avatar\\\/948b492cce32b586ac2db0eaa926ee87024f7afe218d73b397ea5ddfc5f43ea1?s=96&d=mm&r=g\",\"caption\":\"admin\"},\"sameAs\":[\"https:\\\/\\\/filles-de-la-charite.org\"],\"url\":\"https:\\\/\\\/filles-de-la-charite.org\\\/it\\\/author\\\/caridad\\\/\"}]}<\/script>\n<!-- \/ Yoast SEO plugin. -->","yoast_head_json":{"title":"La triplice benedizione del mese giugno - Filles de la Charit\u00e9","robots":{"index":"index","follow":"follow","max-snippet":"max-snippet:-1","max-image-preview":"max-image-preview:large","max-video-preview":"max-video-preview:-1"},"canonical":"https:\/\/filles-de-la-charite.org\/it\/la-triplice-benedizione-del-mese-giugno\/","og_locale":"it_IT","og_type":"article","og_title":"La triplice benedizione del mese giugno - Filles de la Charit\u00e9","og_description":"La Provincia Santa Luisa de Marillac-Asia ha atteso con gioia il mese di giugno, pregustando abbondanti benedizioni, tre delle quali sono arrivate con i &#8220;colori dell&#8217;arcobaleno&#8221;. Il 31 maggio ha inaugurato il mese di giugno con la designazione di Sr. Mar\u00eda Ana Rosario G. EVIDENTE come Visitatrice per altri 3 anni. In un contesto di [&hellip;]","og_url":"https:\/\/filles-de-la-charite.org\/it\/la-triplice-benedizione-del-mese-giugno\/","og_site_name":"Filles de la Charit\u00e9","article_published_time":"2022-07-31T20:00:00+00:00","article_modified_time":"2024-03-17T16:08:37+00:00","og_image":[{"width":2560,"height":1440,"url":"https:\/\/filles-de-la-charite.org\/wp-content\/uploads\/2023\/06\/thumbnail-The-Visit-scaled-1.jpg","type":"image\/jpeg"}],"author":"admin","twitter_card":"summary_large_image","twitter_misc":{"Scritto da":"admin","Tempo di lettura stimato":"3 minuti"},"schema":{"@context":"https:\/\/schema.org","@graph":[{"@type":"Article","@id":"https:\/\/filles-de-la-charite.org\/it\/la-triplice-benedizione-del-mese-giugno\/#article","isPartOf":{"@id":"https:\/\/filles-de-la-charite.org\/it\/la-triplice-benedizione-del-mese-giugno\/"},"author":{"name":"admin","@id":"https:\/\/filles-de-la-charite.org\/it\/#\/schema\/person\/427567b2eccfc2dd7d206da186a1f438"},"headline":"La triplice benedizione del mese giugno","datePublished":"2022-07-31T20:00:00+00:00","dateModified":"2024-03-17T16:08:37+00:00","mainEntityOfPage":{"@id":"https:\/\/filles-de-la-charite.org\/it\/la-triplice-benedizione-del-mese-giugno\/"},"wordCount":633,"publisher":{"@id":"https:\/\/filles-de-la-charite.org\/it\/#organization"},"image":{"@id":"https:\/\/filles-de-la-charite.org\/it\/la-triplice-benedizione-del-mese-giugno\/#primaryimage"},"thumbnailUrl":"https:\/\/filles-de-la-charite.org\/wp-content\/uploads\/2023\/06\/thumbnail-The-Visit-scaled-1.jpg","articleSection":["Santa Luisa - Asia"],"inLanguage":"it-IT"},{"@type":"WebPage","@id":"https:\/\/filles-de-la-charite.org\/it\/la-triplice-benedizione-del-mese-giugno\/","url":"https:\/\/filles-de-la-charite.org\/it\/la-triplice-benedizione-del-mese-giugno\/","name":"La triplice benedizione del mese giugno - Filles de la Charit\u00e9","isPartOf":{"@id":"https:\/\/filles-de-la-charite.org\/it\/#website"},"primaryImageOfPage":{"@id":"https:\/\/filles-de-la-charite.org\/it\/la-triplice-benedizione-del-mese-giugno\/#primaryimage"},"image":{"@id":"https:\/\/filles-de-la-charite.org\/it\/la-triplice-benedizione-del-mese-giugno\/#primaryimage"},"thumbnailUrl":"https:\/\/filles-de-la-charite.org\/wp-content\/uploads\/2023\/06\/thumbnail-The-Visit-scaled-1.jpg","datePublished":"2022-07-31T20:00:00+00:00","dateModified":"2024-03-17T16:08:37+00:00","breadcrumb":{"@id":"https:\/\/filles-de-la-charite.org\/it\/la-triplice-benedizione-del-mese-giugno\/#breadcrumb"},"inLanguage":"it-IT","potentialAction":[{"@type":"ReadAction","target":["https:\/\/filles-de-la-charite.org\/it\/la-triplice-benedizione-del-mese-giugno\/"]}]},{"@type":"ImageObject","inLanguage":"it-IT","@id":"https:\/\/filles-de-la-charite.org\/it\/la-triplice-benedizione-del-mese-giugno\/#primaryimage","url":"https:\/\/filles-de-la-charite.org\/wp-content\/uploads\/2023\/06\/thumbnail-The-Visit-scaled-1.jpg","contentUrl":"https:\/\/filles-de-la-charite.org\/wp-content\/uploads\/2023\/06\/thumbnail-The-Visit-scaled-1.jpg","width":2560,"height":1440},{"@type":"BreadcrumbList","@id":"https:\/\/filles-de-la-charite.org\/it\/la-triplice-benedizione-del-mese-giugno\/#breadcrumb","itemListElement":[{"@type":"ListItem","position":1,"name":"Indonesia","item":"https:\/\/filles-de-la-charite.org\/it\/category\/indonesia-it\/"},{"@type":"ListItem","position":2,"name":"La triplice benedizione del mese giugno"}]},{"@type":"WebSite","@id":"https:\/\/filles-de-la-charite.org\/it\/#website","url":"https:\/\/filles-de-la-charite.org\/it\/","name":"Hijas de la Caridad","description":"L\u2019amour de J\u00e9sus nous presse \u00e0 prendre soin des personnes les plus d\u00e9munies","publisher":{"@id":"https:\/\/filles-de-la-charite.org\/it\/#organization"},"potentialAction":[{"@type":"SearchAction","target":{"@type":"EntryPoint","urlTemplate":"https:\/\/filles-de-la-charite.org\/it\/?s={search_term_string}"},"query-input":{"@type":"PropertyValueSpecification","valueRequired":true,"valueName":"search_term_string"}}],"inLanguage":"it-IT"},{"@type":"Organization","@id":"https:\/\/filles-de-la-charite.org\/it\/#organization","name":"Hijas de la Caridad","url":"https:\/\/filles-de-la-charite.org\/it\/","logo":{"@type":"ImageObject","inLanguage":"it-IT","@id":"https:\/\/filles-de-la-charite.org\/it\/#\/schema\/logo\/image\/","url":"https:\/\/filles-de-la-charite.org\/wp-content\/uploads\/2023\/03\/isotipo-Hijas-de-la-Caridad.png","contentUrl":"https:\/\/filles-de-la-charite.org\/wp-content\/uploads\/2023\/03\/isotipo-Hijas-de-la-Caridad.png","width":1417,"height":1417,"caption":"Hijas de la Caridad"},"image":{"@id":"https:\/\/filles-de-la-charite.org\/it\/#\/schema\/logo\/image\/"}},{"@type":"Person","@id":"https:\/\/filles-de-la-charite.org\/it\/#\/schema\/person\/427567b2eccfc2dd7d206da186a1f438","name":"admin","image":{"@type":"ImageObject","inLanguage":"it-IT","@id":"https:\/\/secure.gravatar.com\/avatar\/948b492cce32b586ac2db0eaa926ee87024f7afe218d73b397ea5ddfc5f43ea1?s=96&d=mm&r=g","url":"https:\/\/secure.gravatar.com\/avatar\/948b492cce32b586ac2db0eaa926ee87024f7afe218d73b397ea5ddfc5f43ea1?s=96&d=mm&r=g","contentUrl":"https:\/\/secure.gravatar.com\/avatar\/948b492cce32b586ac2db0eaa926ee87024f7afe218d73b397ea5ddfc5f43ea1?s=96&d=mm&r=g","caption":"admin"},"sameAs":["https:\/\/filles-de-la-charite.org"],"url":"https:\/\/filles-de-la-charite.org\/it\/author\/caridad\/"}]}},"_links":{"self":[{"href":"https:\/\/filles-de-la-charite.org\/it\/wp-json\/wp\/v2\/posts\/23452","targetHints":{"allow":["GET"]}}],"collection":[{"href":"https:\/\/filles-de-la-charite.org\/it\/wp-json\/wp\/v2\/posts"}],"about":[{"href":"https:\/\/filles-de-la-charite.org\/it\/wp-json\/wp\/v2\/types\/post"}],"author":[{"embeddable":true,"href":"https:\/\/filles-de-la-charite.org\/it\/wp-json\/wp\/v2\/users\/1"}],"replies":[{"embeddable":true,"href":"https:\/\/filles-de-la-charite.org\/it\/wp-json\/wp\/v2\/comments?post=23452"}],"version-history":[{"count":1,"href":"https:\/\/filles-de-la-charite.org\/it\/wp-json\/wp\/v2\/posts\/23452\/revisions"}],"predecessor-version":[{"id":23453,"href":"https:\/\/filles-de-la-charite.org\/it\/wp-json\/wp\/v2\/posts\/23452\/revisions\/23453"}],"wp:featuredmedia":[{"embeddable":true,"href":"https:\/\/filles-de-la-charite.org\/it\/wp-json\/wp\/v2\/media\/16999"}],"wp:attachment":[{"href":"https:\/\/filles-de-la-charite.org\/it\/wp-json\/wp\/v2\/media?parent=23452"}],"wp:term":[{"taxonomy":"category","embeddable":true,"href":"https:\/\/filles-de-la-charite.org\/it\/wp-json\/wp\/v2\/categories?post=23452"},{"taxonomy":"post_tag","embeddable":true,"href":"https:\/\/filles-de-la-charite.org\/it\/wp-json\/wp\/v2\/tags?post=23452"}],"curies":[{"name":"wp","href":"https:\/\/api.w.org\/{rel}","templated":true}]}}