{"id":23463,"date":"2022-08-31T22:00:00","date_gmt":"2022-08-31T20:00:00","guid":{"rendered":"https:\/\/hijascaridad.sjdigitaldemo.ovh\/progetto-cammini-verso-il-futuro\/"},"modified":"2023-06-23T10:05:38","modified_gmt":"2023-06-23T08:05:38","slug":"progetto-cammini-verso-il-futuro","status":"publish","type":"post","link":"https:\/\/filles-de-la-charite.org\/it\/progetto-cammini-verso-il-futuro\/","title":{"rendered":"Progetto &#8220;Cammini verso il futuro &#8220;"},"content":{"rendered":"\n<p>\u00ab<em>L\u2019amore \u00e8 inventivo all\u2019infinito!<\/em>\u00bb. Questa frase, pronunciata da San Vincenzo, riferendosi all'inventiva di Ges\u00f9, che rimane con noi nell'Eucaristia, pu\u00f2 riflettere il significato del progetto \u201cCammini verso il futuro\u201d. Questo progetto \u00e8 nato dall'ascolto della realt\u00e0 dei bambini e delle famiglie bisognose del nostro istituto e dei suoi dintorni. Varcare la porta, andare incontro a loro! Con creativit\u00e0, impegno, facce sudate, braccia forti, affetto ed efficienza, serviamo Cristo presente nei poveri della citt\u00e0 di Assis\/San Paolo.<\/p>\n\n\n\n<p>Il progetto \"Cammini verso il futuro\u201d mira a servire gli studenti, le loro famiglie, l'intera Comunit\u00e0 della Casa dei bambini, il Centro Educativo Vincenziano Dom Antonio Jos\u00e9 dos Santos, situato ad Assis, nell'interno di San Paolo. Il progetto lavora con bambini e adolescenti di et\u00e0 compresa tra i 7 e i 13 anni che si trovano in un contesto socio-culturale ed economico estremamente vulnerabile, con l'obiettivo di promuovere la loro crescita.<\/p>\n\n\n\n<div class=\"wp-block-image\"><figure class=\"alignleft size-large\"><img decoding=\"async\" src=\"https:\/\/filles-de-la-charite.org\/wp-content\/uploads\/2023\/06\/Sao-Paulo-2-768x1024-1.jpeg\" alt=\"\" class=\"wp-image-71394\"\/><\/figure><\/div>\n\n\n\n<p>Attraverso varie attivit\u00e0, ci sforziamo di evitare l'aggravarsi delle vulnerabilit\u00e0 sociali, fino a ottenere una diminuzione degli indici di violenza e disuguaglianza gi\u00e0 individuati nel comune di Assis. Cerchiamo di migliorare la qualit\u00e0 della vita dei bambini attraverso lo sport, la cucina e il giardinaggio. Attraverso queste attivit\u00e0, vengono incoraggiati a uscire dall'emarginazione, rafforzando i legami familiari e comunitari.<\/p>\n\n\n\n<p>Nel campo dello sport, i partecipanti si dividono in due gruppi: ragazzi e ragazze. Giocano a pallacanestro e si allenano quotidianamente, il che li prepara per le competizioni in citt\u00e0 o in altri comuni. Questo sport garantisce, tra l'altro, lo sviluppo fisico, psicologico ed emotivo.<\/p>\n\n\n\n<p>Il giardinaggio mira a sensibilizzare le famiglie sull'importanza di un'alimentazione sana, della conservazione e della cura degli alimenti. Sono incoraggiati a piantare e consumare prodotti ad alto valore nutrizionale. Gli ortaggi e gli alberi da frutto vengono piantati dai bambini stessi con l'aiuto di personale specializzato.<\/p>\n\n\n\n<p>Cucinare ha lo scopo di mostrare l'importanza della valorizzazione del cibo, sensibilizzando i bambini all'uso dei sensi dell'olfatto, del gusto e del tatto e facendoli familiarizzare con le diverse arti culinarie. I bambini condividono il cibo che hanno preparato da soli.<\/p>\n\n\n\n<p>Noi Suore cerchiamo di essere sempre presenti con i bambini per incoraggiarli a partecipare attivamente. Cerchiamo di garantire a ciascuno di loro e alle loro famiglie condizioni di benessere, una migliore qualit\u00e0 della vita e un apprendimento pi\u00f9 approfondito. Siamo tutti beneficiari di questo progetto: le Suore, i genitori e i familiari e la societ\u00e0 in generale, perch\u00e9 siamo certi che questi bambini cresceranno con una diversa visione della vita, attraverso la pratica dello sport e la valorizzazione del cibo che loro stessi potranno piantare, coltivare, preparare e condividere con gli altri, aprendo cos\u00ec nuove strade per il futuro!<\/p>\n\n\n\n<p><em>Suore in missione presso la Casa dei Bambini, Dom Ant\u00f4nio Jos\u00e9 dos Santos, Assis, S\u00e3o Paulo<\/em><\/p>\n\n\n\n<div class=\"wp-block-image\"><figure class=\"aligncenter size-full\"><img decoding=\"async\" src=\"https:\/\/filles-de-la-charite.org\/wp-content\/uploads\/2023\/06\/Sao-Paulo-3.jpeg\" alt=\"\" class=\"wp-image-71395\"\/><\/figure><\/div>\n","protected":false},"excerpt":{"rendered":"<p>\u00abL\u2019amore \u00e8 inventivo all\u2019infinito!\u00bb. Questa frase, pronunciata da San Vincenzo, riferendosi all&#8217;inventiva di Ges\u00f9, che rimane con noi nell&#8217;Eucaristia, pu\u00f2 riflettere il significato del progetto \u201cCammini verso il futuro\u201d. Questo progetto \u00e8 nato dall&#8217;ascolto della realt\u00e0 dei bambini e delle famiglie bisognose del nostro istituto e dei suoi dintorni. Varcare la porta, andare incontro a [&hellip;]<\/p>\n","protected":false},"author":1,"featured_media":17070,"comment_status":"closed","ping_status":"closed","sticky":false,"template":"","format":"standard","meta":{"_acf_changed":false,"footnotes":"","_links_to":"","_links_to_target":""},"categories":[655],"tags":[],"class_list":["post-23463","post","type-post","status-publish","format-standard","has-post-thumbnail","hentry","category-provincia-di-san-paolo-brasile-it"],"acf":[],"yoast_head":"<!-- This site is optimized with the Yoast SEO plugin v27.5 - https:\/\/yoast.com\/product\/yoast-seo-wordpress\/ -->\n<title>Progetto &quot;Cammini verso il futuro &quot; - Filles de la Charit\u00e9<\/title>\n<meta name=\"robots\" content=\"index, follow, max-snippet:-1, max-image-preview:large, max-video-preview:-1\" \/>\n<link rel=\"canonical\" href=\"https:\/\/filles-de-la-charite.org\/it\/progetto-cammini-verso-il-futuro\/\" \/>\n<meta property=\"og:locale\" content=\"it_IT\" \/>\n<meta property=\"og:type\" content=\"article\" \/>\n<meta property=\"og:title\" content=\"Progetto &quot;Cammini verso il futuro &quot; - Filles de la Charit\u00e9\" \/>\n<meta property=\"og:description\" content=\"\u00abL\u2019amore \u00e8 inventivo all\u2019infinito!\u00bb. Questa frase, pronunciata da San Vincenzo, riferendosi all&#8217;inventiva di Ges\u00f9, che rimane con noi nell&#8217;Eucaristia, pu\u00f2 riflettere il significato del progetto \u201cCammini verso il futuro\u201d. Questo progetto \u00e8 nato dall&#8217;ascolto della realt\u00e0 dei bambini e delle famiglie bisognose del nostro istituto e dei suoi dintorni. Varcare la porta, andare incontro a [&hellip;]\" \/>\n<meta property=\"og:url\" content=\"https:\/\/filles-de-la-charite.org\/it\/progetto-cammini-verso-il-futuro\/\" \/>\n<meta property=\"og:site_name\" content=\"Filles de la Charit\u00e9\" \/>\n<meta property=\"article:published_time\" content=\"2022-08-31T20:00:00+00:00\" \/>\n<meta property=\"article:modified_time\" content=\"2023-06-23T08:05:38+00:00\" \/>\n<meta property=\"og:image\" content=\"https:\/\/filles-de-la-charite.org\/wp-content\/uploads\/2023\/06\/Sao-Paulo-1.jpeg\" \/>\n\t<meta property=\"og:image:width\" content=\"1600\" \/>\n\t<meta property=\"og:image:height\" content=\"1200\" \/>\n\t<meta property=\"og:image:type\" content=\"image\/jpeg\" \/>\n<meta name=\"author\" content=\"admin\" \/>\n<meta name=\"twitter:card\" content=\"summary_large_image\" \/>\n<meta name=\"twitter:label1\" content=\"Scritto da\" \/>\n\t<meta name=\"twitter:data1\" content=\"admin\" \/>\n\t<meta name=\"twitter:label2\" content=\"Tempo di lettura stimato\" \/>\n\t<meta name=\"twitter:data2\" content=\"2 minuti\" \/>\n<script type=\"application\/ld+json\" class=\"yoast-schema-graph\">{\"@context\":\"https:\\\/\\\/schema.org\",\"@graph\":[{\"@type\":\"Article\",\"@id\":\"https:\\\/\\\/filles-de-la-charite.org\\\/it\\\/progetto-cammini-verso-il-futuro\\\/#article\",\"isPartOf\":{\"@id\":\"https:\\\/\\\/filles-de-la-charite.org\\\/it\\\/progetto-cammini-verso-il-futuro\\\/\"},\"author\":{\"name\":\"admin\",\"@id\":\"https:\\\/\\\/filles-de-la-charite.org\\\/it\\\/#\\\/schema\\\/person\\\/427567b2eccfc2dd7d206da186a1f438\"},\"headline\":\"Progetto &#8220;Cammini verso il futuro &#8220;\",\"datePublished\":\"2022-08-31T20:00:00+00:00\",\"dateModified\":\"2023-06-23T08:05:38+00:00\",\"mainEntityOfPage\":{\"@id\":\"https:\\\/\\\/filles-de-la-charite.org\\\/it\\\/progetto-cammini-verso-il-futuro\\\/\"},\"wordCount\":474,\"publisher\":{\"@id\":\"https:\\\/\\\/filles-de-la-charite.org\\\/it\\\/#organization\"},\"image\":{\"@id\":\"https:\\\/\\\/filles-de-la-charite.org\\\/it\\\/progetto-cammini-verso-il-futuro\\\/#primaryimage\"},\"thumbnailUrl\":\"https:\\\/\\\/filles-de-la-charite.org\\\/wp-content\\\/uploads\\\/2023\\\/06\\\/Sao-Paulo-1.jpeg\",\"articleSection\":[\"Provincia di San Paolo, Brasile\"],\"inLanguage\":\"it-IT\"},{\"@type\":\"WebPage\",\"@id\":\"https:\\\/\\\/filles-de-la-charite.org\\\/it\\\/progetto-cammini-verso-il-futuro\\\/\",\"url\":\"https:\\\/\\\/filles-de-la-charite.org\\\/it\\\/progetto-cammini-verso-il-futuro\\\/\",\"name\":\"Progetto \\\"Cammini verso il futuro \\\" - Filles de la Charit\u00e9\",\"isPartOf\":{\"@id\":\"https:\\\/\\\/filles-de-la-charite.org\\\/it\\\/#website\"},\"primaryImageOfPage\":{\"@id\":\"https:\\\/\\\/filles-de-la-charite.org\\\/it\\\/progetto-cammini-verso-il-futuro\\\/#primaryimage\"},\"image\":{\"@id\":\"https:\\\/\\\/filles-de-la-charite.org\\\/it\\\/progetto-cammini-verso-il-futuro\\\/#primaryimage\"},\"thumbnailUrl\":\"https:\\\/\\\/filles-de-la-charite.org\\\/wp-content\\\/uploads\\\/2023\\\/06\\\/Sao-Paulo-1.jpeg\",\"datePublished\":\"2022-08-31T20:00:00+00:00\",\"dateModified\":\"2023-06-23T08:05:38+00:00\",\"breadcrumb\":{\"@id\":\"https:\\\/\\\/filles-de-la-charite.org\\\/it\\\/progetto-cammini-verso-il-futuro\\\/#breadcrumb\"},\"inLanguage\":\"it-IT\",\"potentialAction\":[{\"@type\":\"ReadAction\",\"target\":[\"https:\\\/\\\/filles-de-la-charite.org\\\/it\\\/progetto-cammini-verso-il-futuro\\\/\"]}]},{\"@type\":\"ImageObject\",\"inLanguage\":\"it-IT\",\"@id\":\"https:\\\/\\\/filles-de-la-charite.org\\\/it\\\/progetto-cammini-verso-il-futuro\\\/#primaryimage\",\"url\":\"https:\\\/\\\/filles-de-la-charite.org\\\/wp-content\\\/uploads\\\/2023\\\/06\\\/Sao-Paulo-1.jpeg\",\"contentUrl\":\"https:\\\/\\\/filles-de-la-charite.org\\\/wp-content\\\/uploads\\\/2023\\\/06\\\/Sao-Paulo-1.jpeg\",\"width\":1600,\"height\":1200},{\"@type\":\"BreadcrumbList\",\"@id\":\"https:\\\/\\\/filles-de-la-charite.org\\\/it\\\/progetto-cammini-verso-il-futuro\\\/#breadcrumb\",\"itemListElement\":[{\"@type\":\"ListItem\",\"position\":1,\"name\":\"Provincia di San Paolo, Brasile\",\"item\":\"https:\\\/\\\/filles-de-la-charite.org\\\/it\\\/category\\\/provincia-di-san-paolo-brasile-it\\\/\"},{\"@type\":\"ListItem\",\"position\":2,\"name\":\"Progetto \u00abCammini verso il futuro \u00ab\"}]},{\"@type\":\"WebSite\",\"@id\":\"https:\\\/\\\/filles-de-la-charite.org\\\/it\\\/#website\",\"url\":\"https:\\\/\\\/filles-de-la-charite.org\\\/it\\\/\",\"name\":\"Hijas de la Caridad\",\"description\":\"L\u2019amour de J\u00e9sus nous presse \u00e0 prendre soin des personnes les plus d\u00e9munies\",\"publisher\":{\"@id\":\"https:\\\/\\\/filles-de-la-charite.org\\\/it\\\/#organization\"},\"potentialAction\":[{\"@type\":\"SearchAction\",\"target\":{\"@type\":\"EntryPoint\",\"urlTemplate\":\"https:\\\/\\\/filles-de-la-charite.org\\\/it\\\/?s={search_term_string}\"},\"query-input\":{\"@type\":\"PropertyValueSpecification\",\"valueRequired\":true,\"valueName\":\"search_term_string\"}}],\"inLanguage\":\"it-IT\"},{\"@type\":\"Organization\",\"@id\":\"https:\\\/\\\/filles-de-la-charite.org\\\/it\\\/#organization\",\"name\":\"Hijas de la Caridad\",\"url\":\"https:\\\/\\\/filles-de-la-charite.org\\\/it\\\/\",\"logo\":{\"@type\":\"ImageObject\",\"inLanguage\":\"it-IT\",\"@id\":\"https:\\\/\\\/filles-de-la-charite.org\\\/it\\\/#\\\/schema\\\/logo\\\/image\\\/\",\"url\":\"https:\\\/\\\/filles-de-la-charite.org\\\/wp-content\\\/uploads\\\/2023\\\/03\\\/isotipo-Hijas-de-la-Caridad.png\",\"contentUrl\":\"https:\\\/\\\/filles-de-la-charite.org\\\/wp-content\\\/uploads\\\/2023\\\/03\\\/isotipo-Hijas-de-la-Caridad.png\",\"width\":1417,\"height\":1417,\"caption\":\"Hijas de la Caridad\"},\"image\":{\"@id\":\"https:\\\/\\\/filles-de-la-charite.org\\\/it\\\/#\\\/schema\\\/logo\\\/image\\\/\"}},{\"@type\":\"Person\",\"@id\":\"https:\\\/\\\/filles-de-la-charite.org\\\/it\\\/#\\\/schema\\\/person\\\/427567b2eccfc2dd7d206da186a1f438\",\"name\":\"admin\",\"image\":{\"@type\":\"ImageObject\",\"inLanguage\":\"it-IT\",\"@id\":\"https:\\\/\\\/secure.gravatar.com\\\/avatar\\\/948b492cce32b586ac2db0eaa926ee87024f7afe218d73b397ea5ddfc5f43ea1?s=96&d=mm&r=g\",\"url\":\"https:\\\/\\\/secure.gravatar.com\\\/avatar\\\/948b492cce32b586ac2db0eaa926ee87024f7afe218d73b397ea5ddfc5f43ea1?s=96&d=mm&r=g\",\"contentUrl\":\"https:\\\/\\\/secure.gravatar.com\\\/avatar\\\/948b492cce32b586ac2db0eaa926ee87024f7afe218d73b397ea5ddfc5f43ea1?s=96&d=mm&r=g\",\"caption\":\"admin\"},\"sameAs\":[\"https:\\\/\\\/filles-de-la-charite.org\"],\"url\":\"https:\\\/\\\/filles-de-la-charite.org\\\/it\\\/author\\\/caridad\\\/\"}]}<\/script>\n<!-- \/ Yoast SEO plugin. -->","yoast_head_json":{"title":"Progetto \"Cammini verso il futuro \" - Filles de la Charit\u00e9","robots":{"index":"index","follow":"follow","max-snippet":"max-snippet:-1","max-image-preview":"max-image-preview:large","max-video-preview":"max-video-preview:-1"},"canonical":"https:\/\/filles-de-la-charite.org\/it\/progetto-cammini-verso-il-futuro\/","og_locale":"it_IT","og_type":"article","og_title":"Progetto \"Cammini verso il futuro \" - Filles de la Charit\u00e9","og_description":"\u00abL\u2019amore \u00e8 inventivo all\u2019infinito!\u00bb. Questa frase, pronunciata da San Vincenzo, riferendosi all&#8217;inventiva di Ges\u00f9, che rimane con noi nell&#8217;Eucaristia, pu\u00f2 riflettere il significato del progetto \u201cCammini verso il futuro\u201d. Questo progetto \u00e8 nato dall&#8217;ascolto della realt\u00e0 dei bambini e delle famiglie bisognose del nostro istituto e dei suoi dintorni. Varcare la porta, andare incontro a [&hellip;]","og_url":"https:\/\/filles-de-la-charite.org\/it\/progetto-cammini-verso-il-futuro\/","og_site_name":"Filles de la Charit\u00e9","article_published_time":"2022-08-31T20:00:00+00:00","article_modified_time":"2023-06-23T08:05:38+00:00","og_image":[{"width":1600,"height":1200,"url":"https:\/\/filles-de-la-charite.org\/wp-content\/uploads\/2023\/06\/Sao-Paulo-1.jpeg","type":"image\/jpeg"}],"author":"admin","twitter_card":"summary_large_image","twitter_misc":{"Scritto da":"admin","Tempo di lettura stimato":"2 minuti"},"schema":{"@context":"https:\/\/schema.org","@graph":[{"@type":"Article","@id":"https:\/\/filles-de-la-charite.org\/it\/progetto-cammini-verso-il-futuro\/#article","isPartOf":{"@id":"https:\/\/filles-de-la-charite.org\/it\/progetto-cammini-verso-il-futuro\/"},"author":{"name":"admin","@id":"https:\/\/filles-de-la-charite.org\/it\/#\/schema\/person\/427567b2eccfc2dd7d206da186a1f438"},"headline":"Progetto &#8220;Cammini verso il futuro &#8220;","datePublished":"2022-08-31T20:00:00+00:00","dateModified":"2023-06-23T08:05:38+00:00","mainEntityOfPage":{"@id":"https:\/\/filles-de-la-charite.org\/it\/progetto-cammini-verso-il-futuro\/"},"wordCount":474,"publisher":{"@id":"https:\/\/filles-de-la-charite.org\/it\/#organization"},"image":{"@id":"https:\/\/filles-de-la-charite.org\/it\/progetto-cammini-verso-il-futuro\/#primaryimage"},"thumbnailUrl":"https:\/\/filles-de-la-charite.org\/wp-content\/uploads\/2023\/06\/Sao-Paulo-1.jpeg","articleSection":["Provincia di San Paolo, Brasile"],"inLanguage":"it-IT"},{"@type":"WebPage","@id":"https:\/\/filles-de-la-charite.org\/it\/progetto-cammini-verso-il-futuro\/","url":"https:\/\/filles-de-la-charite.org\/it\/progetto-cammini-verso-il-futuro\/","name":"Progetto \"Cammini verso il futuro \" - Filles de la Charit\u00e9","isPartOf":{"@id":"https:\/\/filles-de-la-charite.org\/it\/#website"},"primaryImageOfPage":{"@id":"https:\/\/filles-de-la-charite.org\/it\/progetto-cammini-verso-il-futuro\/#primaryimage"},"image":{"@id":"https:\/\/filles-de-la-charite.org\/it\/progetto-cammini-verso-il-futuro\/#primaryimage"},"thumbnailUrl":"https:\/\/filles-de-la-charite.org\/wp-content\/uploads\/2023\/06\/Sao-Paulo-1.jpeg","datePublished":"2022-08-31T20:00:00+00:00","dateModified":"2023-06-23T08:05:38+00:00","breadcrumb":{"@id":"https:\/\/filles-de-la-charite.org\/it\/progetto-cammini-verso-il-futuro\/#breadcrumb"},"inLanguage":"it-IT","potentialAction":[{"@type":"ReadAction","target":["https:\/\/filles-de-la-charite.org\/it\/progetto-cammini-verso-il-futuro\/"]}]},{"@type":"ImageObject","inLanguage":"it-IT","@id":"https:\/\/filles-de-la-charite.org\/it\/progetto-cammini-verso-il-futuro\/#primaryimage","url":"https:\/\/filles-de-la-charite.org\/wp-content\/uploads\/2023\/06\/Sao-Paulo-1.jpeg","contentUrl":"https:\/\/filles-de-la-charite.org\/wp-content\/uploads\/2023\/06\/Sao-Paulo-1.jpeg","width":1600,"height":1200},{"@type":"BreadcrumbList","@id":"https:\/\/filles-de-la-charite.org\/it\/progetto-cammini-verso-il-futuro\/#breadcrumb","itemListElement":[{"@type":"ListItem","position":1,"name":"Provincia di San Paolo, Brasile","item":"https:\/\/filles-de-la-charite.org\/it\/category\/provincia-di-san-paolo-brasile-it\/"},{"@type":"ListItem","position":2,"name":"Progetto \u00abCammini verso il futuro \u00ab"}]},{"@type":"WebSite","@id":"https:\/\/filles-de-la-charite.org\/it\/#website","url":"https:\/\/filles-de-la-charite.org\/it\/","name":"Hijas de la Caridad","description":"L\u2019amour de J\u00e9sus nous presse \u00e0 prendre soin des personnes les plus d\u00e9munies","publisher":{"@id":"https:\/\/filles-de-la-charite.org\/it\/#organization"},"potentialAction":[{"@type":"SearchAction","target":{"@type":"EntryPoint","urlTemplate":"https:\/\/filles-de-la-charite.org\/it\/?s={search_term_string}"},"query-input":{"@type":"PropertyValueSpecification","valueRequired":true,"valueName":"search_term_string"}}],"inLanguage":"it-IT"},{"@type":"Organization","@id":"https:\/\/filles-de-la-charite.org\/it\/#organization","name":"Hijas de la Caridad","url":"https:\/\/filles-de-la-charite.org\/it\/","logo":{"@type":"ImageObject","inLanguage":"it-IT","@id":"https:\/\/filles-de-la-charite.org\/it\/#\/schema\/logo\/image\/","url":"https:\/\/filles-de-la-charite.org\/wp-content\/uploads\/2023\/03\/isotipo-Hijas-de-la-Caridad.png","contentUrl":"https:\/\/filles-de-la-charite.org\/wp-content\/uploads\/2023\/03\/isotipo-Hijas-de-la-Caridad.png","width":1417,"height":1417,"caption":"Hijas de la Caridad"},"image":{"@id":"https:\/\/filles-de-la-charite.org\/it\/#\/schema\/logo\/image\/"}},{"@type":"Person","@id":"https:\/\/filles-de-la-charite.org\/it\/#\/schema\/person\/427567b2eccfc2dd7d206da186a1f438","name":"admin","image":{"@type":"ImageObject","inLanguage":"it-IT","@id":"https:\/\/secure.gravatar.com\/avatar\/948b492cce32b586ac2db0eaa926ee87024f7afe218d73b397ea5ddfc5f43ea1?s=96&d=mm&r=g","url":"https:\/\/secure.gravatar.com\/avatar\/948b492cce32b586ac2db0eaa926ee87024f7afe218d73b397ea5ddfc5f43ea1?s=96&d=mm&r=g","contentUrl":"https:\/\/secure.gravatar.com\/avatar\/948b492cce32b586ac2db0eaa926ee87024f7afe218d73b397ea5ddfc5f43ea1?s=96&d=mm&r=g","caption":"admin"},"sameAs":["https:\/\/filles-de-la-charite.org"],"url":"https:\/\/filles-de-la-charite.org\/it\/author\/caridad\/"}]}},"_links":{"self":[{"href":"https:\/\/filles-de-la-charite.org\/it\/wp-json\/wp\/v2\/posts\/23463","targetHints":{"allow":["GET"]}}],"collection":[{"href":"https:\/\/filles-de-la-charite.org\/it\/wp-json\/wp\/v2\/posts"}],"about":[{"href":"https:\/\/filles-de-la-charite.org\/it\/wp-json\/wp\/v2\/types\/post"}],"author":[{"embeddable":true,"href":"https:\/\/filles-de-la-charite.org\/it\/wp-json\/wp\/v2\/users\/1"}],"replies":[{"embeddable":true,"href":"https:\/\/filles-de-la-charite.org\/it\/wp-json\/wp\/v2\/comments?post=23463"}],"version-history":[{"count":1,"href":"https:\/\/filles-de-la-charite.org\/it\/wp-json\/wp\/v2\/posts\/23463\/revisions"}],"predecessor-version":[{"id":23464,"href":"https:\/\/filles-de-la-charite.org\/it\/wp-json\/wp\/v2\/posts\/23463\/revisions\/23464"}],"wp:featuredmedia":[{"embeddable":true,"href":"https:\/\/filles-de-la-charite.org\/it\/wp-json\/wp\/v2\/media\/17070"}],"wp:attachment":[{"href":"https:\/\/filles-de-la-charite.org\/it\/wp-json\/wp\/v2\/media?parent=23463"}],"wp:term":[{"taxonomy":"category","embeddable":true,"href":"https:\/\/filles-de-la-charite.org\/it\/wp-json\/wp\/v2\/categories?post=23463"},{"taxonomy":"post_tag","embeddable":true,"href":"https:\/\/filles-de-la-charite.org\/it\/wp-json\/wp\/v2\/tags?post=23463"}],"curies":[{"name":"wp","href":"https:\/\/api.w.org\/{rel}","templated":true}]}}