{"id":23470,"date":"2022-10-31T23:00:00","date_gmt":"2022-10-31T22:00:00","guid":{"rendered":"https:\/\/hijascaridad.sjdigitaldemo.ovh\/formazione-delle-collaboratrici-domestiche\/"},"modified":"2024-03-17T17:06:48","modified_gmt":"2024-03-17T16:06:48","slug":"formazione-delle-collaboratrici-domestiche","status":"publish","type":"post","link":"https:\/\/filles-de-la-charite.org\/it\/formazione-delle-collaboratrici-domestiche\/","title":{"rendered":"Formazione delle collaboratrici domestiche"},"content":{"rendered":"\n<figure class=\"wp-block-image size-large\"><img decoding=\"async\" src=\"https:\/\/filles-de-la-charite.org\/wp-content\/uploads\/2023\/06\/1-IT-1024x768-1.jpg\" alt=\"\" class=\"wp-image-71833\"\/><\/figure>\n\n\n\n<p>Nel 2005, a 30 anni dalla riunificazione, la necessit\u00e0 di occupazione in Vietnam era molto sentita, dal momento che la popolazione stava lottando per diventare economicamente autosufficiente. Rispondendo a questa lodevole aspirazione, le Figlie della Carit\u00e0 (FdC) hanno accettato l&#8217;invito dei Sacerdoti di Don Bosco a unirsi a loro per la gestione del Dipartimento di Formazione professionale femminile del Collegio Tecnico per adulti di Phuoc Loc.&nbsp; Seguendo l&#8217;esempio della Beata Rendu, le Figlie della Carit\u00e0 (FdC) in seguito, si sono occupate della formazione delle giovani donne che avevano abbandonato le scuole superiori a causa della povert\u00e0.<\/p>\n\n\n\n<figure class=\"wp-block-image size-large\"><img decoding=\"async\" src=\"https:\/\/filles-de-la-charite.org\/wp-content\/uploads\/2023\/06\/3-IT-1024x768-1.jpg\" alt=\"\" class=\"wp-image-71835\"\/><\/figure>\n\n\n\n<p>Il programma di formazione \u00e8 stato avviato dalle Figlie della Carit\u00e0 del Centro Servizi Sociali provinciale. Dopo un breve periodo di analisi e di studio, il Consiglio provinciale ha approvato l&#8217;apertura del programma di formazione per le collaboratrici domestiche\/ governanti presso il Technical College di Phuoc Loc (PL).<\/p>\n\n\n\n<figure class=\"wp-block-image size-large\"><img decoding=\"async\" src=\"https:\/\/filles-de-la-charite.org\/wp-content\/uploads\/2023\/06\/2-IT-1024x768-1.jpg\" alt=\"\" class=\"wp-image-71834\"\/><\/figure>\n\n\n\n<p>Questo programma di formazione \u00e8 stato concepito appositamente per le donne delle aree montane e rurali e ha la durata di un anno.&nbsp; L&#8217;obbligo di risiedere nel luogo di formazione, con un accompagnamento adeguato, garantisce un&#8217;educazione cristiana con un approccio ai diritti umani e ad altri valori: giustizia, solidariet\u00e0, rispetto per la vita e per l&#8217;ambiente. La formazione comprende un corso di ristorazione e di servizio domestico in una mensa consolidata, che serve da 200 a 300 studenti per un servizio regolare di 3 pasti al giorno.<\/p>\n\n\n\n<figure class=\"wp-block-image size-large\"><img decoding=\"async\" src=\"https:\/\/filles-de-la-charite.org\/wp-content\/uploads\/2023\/06\/5-IT-1024x768-1.jpg\" alt=\"\" class=\"wp-image-71837\"\/><\/figure>\n\n\n\n<p>Le diplomate ricevono dal governo un certificato ufficiale per l&#8217;occupazione professionale, salari adeguati e protezione giuridica attraverso un contratto di lavoro che impedisce gli abusi.<\/p>\n\n\n\n<figure class=\"wp-block-image size-large\"><img decoding=\"async\" src=\"https:\/\/filles-de-la-charite.org\/wp-content\/uploads\/2023\/06\/4-IT-1024x768-1.jpg\" alt=\"\" class=\"wp-image-71836\"\/><\/figure>\n\n\n\n<p>Le diplomate si organizzano in un Club, nel quale viene impartita una formazione permanente ai suoi membri durante una riunione mensile regolare, fissata di domenica (un Club conta circa 40-60 membri). Il Club si autofinanzia.<\/p>\n\n\n\n<figure class=\"wp-block-image size-large\"><img decoding=\"async\" src=\"https:\/\/filles-de-la-charite.org\/wp-content\/uploads\/2023\/06\/6-IT-1024x768-1.jpg\" alt=\"\" class=\"wp-image-71828\"\/><\/figure>\n\n\n\n<p>La maggior parte delle collaboratrici domestiche si impegna a lavorare in un Club di lavoro per circa 3-5 anni prima di tornare nella loro citt\u00e0 natale.&nbsp; Oltre a guadagnare un buon salario, si focalizzano anche:<\/p>\n\n\n\n<ul class=\"wp-block-list\"><li>sulla maturit\u00e0 spirituale e socio-intellettuale;<\/li><li>sul conseguimento di un diploma di scuola secondaria o di un diploma di studi superiori;<\/li><li>sul risparmio, le competenze di vita e il miglioramento delle prestazioni in materia di economia domestica.<\/li><\/ul>\n\n\n\n<p>Questo per garantire il successo nell&#8217;eventuale gestione della loro futura famiglia.<\/p>\n\n\n\n<figure class=\"wp-block-image size-large\"><img decoding=\"async\" src=\"https:\/\/filles-de-la-charite.org\/wp-content\/uploads\/2023\/06\/8-IT-1024x768-1.jpg\" alt=\"\" class=\"wp-image-71829\"\/><\/figure>\n\n\n\n<p>Le collaboratrici domestiche sono consapevoli del loro impegno, in quanto cattoliche, a vivere e diffondere il Vangelo presso i loro datori di lavoro e altre persone, per lo pi\u00f9 non cristiane.&nbsp; Sono anche consapevoli della loro responsabilit\u00e0 nel vivere in solidariet\u00e0 con i poveri. Per questo motivo partecipano regolarmente a missioni umanitarie con le Figlie della Carit\u00e0.<\/p>\n\n\n\n<p><em>Suor Pascale L\u00ea Thi Triu, fdlc<\/em><\/p>\n\n\n\n<figure class=\"wp-block-image size-large\"><img decoding=\"async\" src=\"https:\/\/filles-de-la-charite.org\/wp-content\/uploads\/2023\/06\/Photo-1-IT-1024x768-1.jpg\" alt=\"\" class=\"wp-image-71830\"\/><\/figure>\n\n\n\n<figure class=\"wp-block-image size-large\"><img decoding=\"async\" src=\"https:\/\/filles-de-la-charite.org\/wp-content\/uploads\/2023\/06\/Photo-2-IT-1024x768-1.jpg\" alt=\"\" class=\"wp-image-71831\"\/><\/figure>\n\n\n\n<figure class=\"wp-block-image size-large\"><img decoding=\"async\" src=\"https:\/\/filles-de-la-charite.org\/wp-content\/uploads\/2023\/06\/Photo-3-IT-1024x768-1.jpg\" alt=\"\" class=\"wp-image-71832\"\/><\/figure>\n","protected":false},"excerpt":{"rendered":"<p>Nel 2005, a 30 anni dalla riunificazione, la necessit\u00e0 di occupazione in Vietnam era molto sentita, dal momento che la popolazione stava lottando per diventare economicamente autosufficiente. Rispondendo a questa lodevole aspirazione, le Figlie della Carit\u00e0 (FdC) hanno accettato l&#8217;invito dei Sacerdoti di Don Bosco a unirsi a loro per la gestione del Dipartimento di [&hellip;]<\/p>\n","protected":false},"author":1,"featured_media":17233,"comment_status":"closed","ping_status":"closed","sticky":false,"template":"","format":"standard","meta":{"_acf_changed":false,"_et_pb_use_builder":"","_et_pb_old_content":"","_et_gb_content_width":"","footnotes":"","_links_to":"","_links_to_target":""},"categories":[654],"tags":[],"class_list":["post-23470","post","type-post","status-publish","format-standard","has-post-thumbnail","hentry","category-provincia-del-vietnam-it"],"acf":[],"yoast_head":"<!-- This site is optimized with the Yoast SEO plugin v27.5 - https:\/\/yoast.com\/product\/yoast-seo-wordpress\/ -->\n<title>Formazione delle collaboratrici domestiche - Filles de la Charit\u00e9<\/title>\n<meta name=\"robots\" content=\"index, follow, max-snippet:-1, max-image-preview:large, max-video-preview:-1\" \/>\n<link rel=\"canonical\" href=\"https:\/\/filles-de-la-charite.org\/it\/formazione-delle-collaboratrici-domestiche\/\" \/>\n<meta property=\"og:locale\" content=\"it_IT\" \/>\n<meta property=\"og:type\" content=\"article\" \/>\n<meta property=\"og:title\" content=\"Formazione delle collaboratrici domestiche - Filles de la Charit\u00e9\" \/>\n<meta property=\"og:description\" content=\"Nel 2005, a 30 anni dalla riunificazione, la necessit\u00e0 di occupazione in Vietnam era molto sentita, dal momento che la popolazione stava lottando per diventare economicamente autosufficiente. Rispondendo a questa lodevole aspirazione, le Figlie della Carit\u00e0 (FdC) hanno accettato l&#8217;invito dei Sacerdoti di Don Bosco a unirsi a loro per la gestione del Dipartimento di [&hellip;]\" \/>\n<meta property=\"og:url\" content=\"https:\/\/filles-de-la-charite.org\/it\/formazione-delle-collaboratrici-domestiche\/\" \/>\n<meta property=\"og:site_name\" content=\"Filles de la Charit\u00e9\" \/>\n<meta property=\"article:published_time\" content=\"2022-10-31T22:00:00+00:00\" \/>\n<meta property=\"article:modified_time\" content=\"2024-03-17T16:06:48+00:00\" \/>\n<meta property=\"og:image\" content=\"https:\/\/filles-de-la-charite.org\/wp-content\/uploads\/2023\/06\/9inline.jpg\" \/>\n\t<meta property=\"og:image:width\" content=\"1266\" \/>\n\t<meta property=\"og:image:height\" content=\"553\" \/>\n\t<meta property=\"og:image:type\" content=\"image\/jpeg\" \/>\n<meta name=\"author\" content=\"admin\" \/>\n<meta name=\"twitter:card\" content=\"summary_large_image\" \/>\n<meta name=\"twitter:label1\" content=\"Scritto da\" \/>\n\t<meta name=\"twitter:data1\" content=\"admin\" \/>\n\t<meta name=\"twitter:label2\" content=\"Tempo di lettura stimato\" \/>\n\t<meta name=\"twitter:data2\" content=\"2 minuti\" \/>\n<script type=\"application\/ld+json\" class=\"yoast-schema-graph\">{\"@context\":\"https:\\\/\\\/schema.org\",\"@graph\":[{\"@type\":\"Article\",\"@id\":\"https:\\\/\\\/filles-de-la-charite.org\\\/it\\\/formazione-delle-collaboratrici-domestiche\\\/#article\",\"isPartOf\":{\"@id\":\"https:\\\/\\\/filles-de-la-charite.org\\\/it\\\/formazione-delle-collaboratrici-domestiche\\\/\"},\"author\":{\"name\":\"admin\",\"@id\":\"https:\\\/\\\/filles-de-la-charite.org\\\/it\\\/#\\\/schema\\\/person\\\/427567b2eccfc2dd7d206da186a1f438\"},\"headline\":\"Formazione delle collaboratrici domestiche\",\"datePublished\":\"2022-10-31T22:00:00+00:00\",\"dateModified\":\"2024-03-17T16:06:48+00:00\",\"mainEntityOfPage\":{\"@id\":\"https:\\\/\\\/filles-de-la-charite.org\\\/it\\\/formazione-delle-collaboratrici-domestiche\\\/\"},\"wordCount\":445,\"publisher\":{\"@id\":\"https:\\\/\\\/filles-de-la-charite.org\\\/it\\\/#organization\"},\"image\":{\"@id\":\"https:\\\/\\\/filles-de-la-charite.org\\\/it\\\/formazione-delle-collaboratrici-domestiche\\\/#primaryimage\"},\"thumbnailUrl\":\"https:\\\/\\\/filles-de-la-charite.org\\\/wp-content\\\/uploads\\\/2023\\\/06\\\/9inline.jpg\",\"articleSection\":[\"Provincia del Vietnam\"],\"inLanguage\":\"it-IT\"},{\"@type\":\"WebPage\",\"@id\":\"https:\\\/\\\/filles-de-la-charite.org\\\/it\\\/formazione-delle-collaboratrici-domestiche\\\/\",\"url\":\"https:\\\/\\\/filles-de-la-charite.org\\\/it\\\/formazione-delle-collaboratrici-domestiche\\\/\",\"name\":\"Formazione delle collaboratrici domestiche - Filles de la Charit\u00e9\",\"isPartOf\":{\"@id\":\"https:\\\/\\\/filles-de-la-charite.org\\\/it\\\/#website\"},\"primaryImageOfPage\":{\"@id\":\"https:\\\/\\\/filles-de-la-charite.org\\\/it\\\/formazione-delle-collaboratrici-domestiche\\\/#primaryimage\"},\"image\":{\"@id\":\"https:\\\/\\\/filles-de-la-charite.org\\\/it\\\/formazione-delle-collaboratrici-domestiche\\\/#primaryimage\"},\"thumbnailUrl\":\"https:\\\/\\\/filles-de-la-charite.org\\\/wp-content\\\/uploads\\\/2023\\\/06\\\/9inline.jpg\",\"datePublished\":\"2022-10-31T22:00:00+00:00\",\"dateModified\":\"2024-03-17T16:06:48+00:00\",\"breadcrumb\":{\"@id\":\"https:\\\/\\\/filles-de-la-charite.org\\\/it\\\/formazione-delle-collaboratrici-domestiche\\\/#breadcrumb\"},\"inLanguage\":\"it-IT\",\"potentialAction\":[{\"@type\":\"ReadAction\",\"target\":[\"https:\\\/\\\/filles-de-la-charite.org\\\/it\\\/formazione-delle-collaboratrici-domestiche\\\/\"]}]},{\"@type\":\"ImageObject\",\"inLanguage\":\"it-IT\",\"@id\":\"https:\\\/\\\/filles-de-la-charite.org\\\/it\\\/formazione-delle-collaboratrici-domestiche\\\/#primaryimage\",\"url\":\"https:\\\/\\\/filles-de-la-charite.org\\\/wp-content\\\/uploads\\\/2023\\\/06\\\/9inline.jpg\",\"contentUrl\":\"https:\\\/\\\/filles-de-la-charite.org\\\/wp-content\\\/uploads\\\/2023\\\/06\\\/9inline.jpg\",\"width\":1266,\"height\":553},{\"@type\":\"BreadcrumbList\",\"@id\":\"https:\\\/\\\/filles-de-la-charite.org\\\/it\\\/formazione-delle-collaboratrici-domestiche\\\/#breadcrumb\",\"itemListElement\":[{\"@type\":\"ListItem\",\"position\":1,\"name\":\"Provincia del Vietnam\",\"item\":\"https:\\\/\\\/filles-de-la-charite.org\\\/it\\\/category\\\/provincia-del-vietnam-it\\\/\"},{\"@type\":\"ListItem\",\"position\":2,\"name\":\"Formazione delle collaboratrici domestiche\"}]},{\"@type\":\"WebSite\",\"@id\":\"https:\\\/\\\/filles-de-la-charite.org\\\/it\\\/#website\",\"url\":\"https:\\\/\\\/filles-de-la-charite.org\\\/it\\\/\",\"name\":\"Hijas de la Caridad\",\"description\":\"L\u2019amour de J\u00e9sus nous presse \u00e0 prendre soin des personnes les plus d\u00e9munies\",\"publisher\":{\"@id\":\"https:\\\/\\\/filles-de-la-charite.org\\\/it\\\/#organization\"},\"potentialAction\":[{\"@type\":\"SearchAction\",\"target\":{\"@type\":\"EntryPoint\",\"urlTemplate\":\"https:\\\/\\\/filles-de-la-charite.org\\\/it\\\/?s={search_term_string}\"},\"query-input\":{\"@type\":\"PropertyValueSpecification\",\"valueRequired\":true,\"valueName\":\"search_term_string\"}}],\"inLanguage\":\"it-IT\"},{\"@type\":\"Organization\",\"@id\":\"https:\\\/\\\/filles-de-la-charite.org\\\/it\\\/#organization\",\"name\":\"Hijas de la Caridad\",\"url\":\"https:\\\/\\\/filles-de-la-charite.org\\\/it\\\/\",\"logo\":{\"@type\":\"ImageObject\",\"inLanguage\":\"it-IT\",\"@id\":\"https:\\\/\\\/filles-de-la-charite.org\\\/it\\\/#\\\/schema\\\/logo\\\/image\\\/\",\"url\":\"https:\\\/\\\/filles-de-la-charite.org\\\/wp-content\\\/uploads\\\/2023\\\/03\\\/isotipo-Hijas-de-la-Caridad.png\",\"contentUrl\":\"https:\\\/\\\/filles-de-la-charite.org\\\/wp-content\\\/uploads\\\/2023\\\/03\\\/isotipo-Hijas-de-la-Caridad.png\",\"width\":1417,\"height\":1417,\"caption\":\"Hijas de la Caridad\"},\"image\":{\"@id\":\"https:\\\/\\\/filles-de-la-charite.org\\\/it\\\/#\\\/schema\\\/logo\\\/image\\\/\"}},{\"@type\":\"Person\",\"@id\":\"https:\\\/\\\/filles-de-la-charite.org\\\/it\\\/#\\\/schema\\\/person\\\/427567b2eccfc2dd7d206da186a1f438\",\"name\":\"admin\",\"image\":{\"@type\":\"ImageObject\",\"inLanguage\":\"it-IT\",\"@id\":\"https:\\\/\\\/secure.gravatar.com\\\/avatar\\\/948b492cce32b586ac2db0eaa926ee87024f7afe218d73b397ea5ddfc5f43ea1?s=96&d=mm&r=g\",\"url\":\"https:\\\/\\\/secure.gravatar.com\\\/avatar\\\/948b492cce32b586ac2db0eaa926ee87024f7afe218d73b397ea5ddfc5f43ea1?s=96&d=mm&r=g\",\"contentUrl\":\"https:\\\/\\\/secure.gravatar.com\\\/avatar\\\/948b492cce32b586ac2db0eaa926ee87024f7afe218d73b397ea5ddfc5f43ea1?s=96&d=mm&r=g\",\"caption\":\"admin\"},\"sameAs\":[\"https:\\\/\\\/filles-de-la-charite.org\"],\"url\":\"https:\\\/\\\/filles-de-la-charite.org\\\/it\\\/author\\\/caridad\\\/\"}]}<\/script>\n<!-- \/ Yoast SEO plugin. -->","yoast_head_json":{"title":"Formazione delle collaboratrici domestiche - Filles de la Charit\u00e9","robots":{"index":"index","follow":"follow","max-snippet":"max-snippet:-1","max-image-preview":"max-image-preview:large","max-video-preview":"max-video-preview:-1"},"canonical":"https:\/\/filles-de-la-charite.org\/it\/formazione-delle-collaboratrici-domestiche\/","og_locale":"it_IT","og_type":"article","og_title":"Formazione delle collaboratrici domestiche - Filles de la Charit\u00e9","og_description":"Nel 2005, a 30 anni dalla riunificazione, la necessit\u00e0 di occupazione in Vietnam era molto sentita, dal momento che la popolazione stava lottando per diventare economicamente autosufficiente. Rispondendo a questa lodevole aspirazione, le Figlie della Carit\u00e0 (FdC) hanno accettato l&#8217;invito dei Sacerdoti di Don Bosco a unirsi a loro per la gestione del Dipartimento di [&hellip;]","og_url":"https:\/\/filles-de-la-charite.org\/it\/formazione-delle-collaboratrici-domestiche\/","og_site_name":"Filles de la Charit\u00e9","article_published_time":"2022-10-31T22:00:00+00:00","article_modified_time":"2024-03-17T16:06:48+00:00","og_image":[{"width":1266,"height":553,"url":"https:\/\/filles-de-la-charite.org\/wp-content\/uploads\/2023\/06\/9inline.jpg","type":"image\/jpeg"}],"author":"admin","twitter_card":"summary_large_image","twitter_misc":{"Scritto da":"admin","Tempo di lettura stimato":"2 minuti"},"schema":{"@context":"https:\/\/schema.org","@graph":[{"@type":"Article","@id":"https:\/\/filles-de-la-charite.org\/it\/formazione-delle-collaboratrici-domestiche\/#article","isPartOf":{"@id":"https:\/\/filles-de-la-charite.org\/it\/formazione-delle-collaboratrici-domestiche\/"},"author":{"name":"admin","@id":"https:\/\/filles-de-la-charite.org\/it\/#\/schema\/person\/427567b2eccfc2dd7d206da186a1f438"},"headline":"Formazione delle collaboratrici domestiche","datePublished":"2022-10-31T22:00:00+00:00","dateModified":"2024-03-17T16:06:48+00:00","mainEntityOfPage":{"@id":"https:\/\/filles-de-la-charite.org\/it\/formazione-delle-collaboratrici-domestiche\/"},"wordCount":445,"publisher":{"@id":"https:\/\/filles-de-la-charite.org\/it\/#organization"},"image":{"@id":"https:\/\/filles-de-la-charite.org\/it\/formazione-delle-collaboratrici-domestiche\/#primaryimage"},"thumbnailUrl":"https:\/\/filles-de-la-charite.org\/wp-content\/uploads\/2023\/06\/9inline.jpg","articleSection":["Provincia del Vietnam"],"inLanguage":"it-IT"},{"@type":"WebPage","@id":"https:\/\/filles-de-la-charite.org\/it\/formazione-delle-collaboratrici-domestiche\/","url":"https:\/\/filles-de-la-charite.org\/it\/formazione-delle-collaboratrici-domestiche\/","name":"Formazione delle collaboratrici domestiche - Filles de la Charit\u00e9","isPartOf":{"@id":"https:\/\/filles-de-la-charite.org\/it\/#website"},"primaryImageOfPage":{"@id":"https:\/\/filles-de-la-charite.org\/it\/formazione-delle-collaboratrici-domestiche\/#primaryimage"},"image":{"@id":"https:\/\/filles-de-la-charite.org\/it\/formazione-delle-collaboratrici-domestiche\/#primaryimage"},"thumbnailUrl":"https:\/\/filles-de-la-charite.org\/wp-content\/uploads\/2023\/06\/9inline.jpg","datePublished":"2022-10-31T22:00:00+00:00","dateModified":"2024-03-17T16:06:48+00:00","breadcrumb":{"@id":"https:\/\/filles-de-la-charite.org\/it\/formazione-delle-collaboratrici-domestiche\/#breadcrumb"},"inLanguage":"it-IT","potentialAction":[{"@type":"ReadAction","target":["https:\/\/filles-de-la-charite.org\/it\/formazione-delle-collaboratrici-domestiche\/"]}]},{"@type":"ImageObject","inLanguage":"it-IT","@id":"https:\/\/filles-de-la-charite.org\/it\/formazione-delle-collaboratrici-domestiche\/#primaryimage","url":"https:\/\/filles-de-la-charite.org\/wp-content\/uploads\/2023\/06\/9inline.jpg","contentUrl":"https:\/\/filles-de-la-charite.org\/wp-content\/uploads\/2023\/06\/9inline.jpg","width":1266,"height":553},{"@type":"BreadcrumbList","@id":"https:\/\/filles-de-la-charite.org\/it\/formazione-delle-collaboratrici-domestiche\/#breadcrumb","itemListElement":[{"@type":"ListItem","position":1,"name":"Provincia del Vietnam","item":"https:\/\/filles-de-la-charite.org\/it\/category\/provincia-del-vietnam-it\/"},{"@type":"ListItem","position":2,"name":"Formazione delle collaboratrici domestiche"}]},{"@type":"WebSite","@id":"https:\/\/filles-de-la-charite.org\/it\/#website","url":"https:\/\/filles-de-la-charite.org\/it\/","name":"Hijas de la Caridad","description":"L\u2019amour de J\u00e9sus nous presse \u00e0 prendre soin des personnes les plus d\u00e9munies","publisher":{"@id":"https:\/\/filles-de-la-charite.org\/it\/#organization"},"potentialAction":[{"@type":"SearchAction","target":{"@type":"EntryPoint","urlTemplate":"https:\/\/filles-de-la-charite.org\/it\/?s={search_term_string}"},"query-input":{"@type":"PropertyValueSpecification","valueRequired":true,"valueName":"search_term_string"}}],"inLanguage":"it-IT"},{"@type":"Organization","@id":"https:\/\/filles-de-la-charite.org\/it\/#organization","name":"Hijas de la Caridad","url":"https:\/\/filles-de-la-charite.org\/it\/","logo":{"@type":"ImageObject","inLanguage":"it-IT","@id":"https:\/\/filles-de-la-charite.org\/it\/#\/schema\/logo\/image\/","url":"https:\/\/filles-de-la-charite.org\/wp-content\/uploads\/2023\/03\/isotipo-Hijas-de-la-Caridad.png","contentUrl":"https:\/\/filles-de-la-charite.org\/wp-content\/uploads\/2023\/03\/isotipo-Hijas-de-la-Caridad.png","width":1417,"height":1417,"caption":"Hijas de la Caridad"},"image":{"@id":"https:\/\/filles-de-la-charite.org\/it\/#\/schema\/logo\/image\/"}},{"@type":"Person","@id":"https:\/\/filles-de-la-charite.org\/it\/#\/schema\/person\/427567b2eccfc2dd7d206da186a1f438","name":"admin","image":{"@type":"ImageObject","inLanguage":"it-IT","@id":"https:\/\/secure.gravatar.com\/avatar\/948b492cce32b586ac2db0eaa926ee87024f7afe218d73b397ea5ddfc5f43ea1?s=96&d=mm&r=g","url":"https:\/\/secure.gravatar.com\/avatar\/948b492cce32b586ac2db0eaa926ee87024f7afe218d73b397ea5ddfc5f43ea1?s=96&d=mm&r=g","contentUrl":"https:\/\/secure.gravatar.com\/avatar\/948b492cce32b586ac2db0eaa926ee87024f7afe218d73b397ea5ddfc5f43ea1?s=96&d=mm&r=g","caption":"admin"},"sameAs":["https:\/\/filles-de-la-charite.org"],"url":"https:\/\/filles-de-la-charite.org\/it\/author\/caridad\/"}]}},"_links":{"self":[{"href":"https:\/\/filles-de-la-charite.org\/it\/wp-json\/wp\/v2\/posts\/23470","targetHints":{"allow":["GET"]}}],"collection":[{"href":"https:\/\/filles-de-la-charite.org\/it\/wp-json\/wp\/v2\/posts"}],"about":[{"href":"https:\/\/filles-de-la-charite.org\/it\/wp-json\/wp\/v2\/types\/post"}],"author":[{"embeddable":true,"href":"https:\/\/filles-de-la-charite.org\/it\/wp-json\/wp\/v2\/users\/1"}],"replies":[{"embeddable":true,"href":"https:\/\/filles-de-la-charite.org\/it\/wp-json\/wp\/v2\/comments?post=23470"}],"version-history":[{"count":1,"href":"https:\/\/filles-de-la-charite.org\/it\/wp-json\/wp\/v2\/posts\/23470\/revisions"}],"predecessor-version":[{"id":23531,"href":"https:\/\/filles-de-la-charite.org\/it\/wp-json\/wp\/v2\/posts\/23470\/revisions\/23531"}],"wp:featuredmedia":[{"embeddable":true,"href":"https:\/\/filles-de-la-charite.org\/it\/wp-json\/wp\/v2\/media\/17233"}],"wp:attachment":[{"href":"https:\/\/filles-de-la-charite.org\/it\/wp-json\/wp\/v2\/media?parent=23470"}],"wp:term":[{"taxonomy":"category","embeddable":true,"href":"https:\/\/filles-de-la-charite.org\/it\/wp-json\/wp\/v2\/categories?post=23470"},{"taxonomy":"post_tag","embeddable":true,"href":"https:\/\/filles-de-la-charite.org\/it\/wp-json\/wp\/v2\/tags?post=23470"}],"curies":[{"name":"wp","href":"https:\/\/api.w.org\/{rel}","templated":true}]}}