{"id":23535,"date":"2022-11-15T15:12:11","date_gmt":"2022-11-15T14:12:11","guid":{"rendered":"https:\/\/hijascaridad.sjdigitaldemo.ovh\/servizio-pastorale-della-cappella-della-madonna-della-medaglia-miracolosa-apertura-dellanno-pastorale-01-ottobre-2022\/"},"modified":"2024-03-17T15:48:18","modified_gmt":"2024-03-17T14:48:18","slug":"servizio-pastorale-della-cappella-della-madonna-della-medaglia-miracolosa-apertura-dellanno-pastorale-01-ottobre-2022","status":"publish","type":"post","link":"https:\/\/filles-de-la-charite.org\/it\/servizio-pastorale-della-cappella-della-madonna-della-medaglia-miracolosa-apertura-dellanno-pastorale-01-ottobre-2022\/","title":{"rendered":"Servizio Pastorale della Cappella della Madonna della Medaglia Miracolosa. Apertura dell\u2019anno pastorale &#8211; 01 ottobre 2022"},"content":{"rendered":"\n<p><strong><strong>L&#8217;ACCOGLIENZA<\/strong><\/strong><\/p>\n\n\n\n<p>Molte persone provenienti da diverse parti del mondo vengono alla Cappella della Medaglia Miracolosa. Se le ascoltiamo, capiamo che le loro aspettative sono diverse&#8230;<\/p>\n\n\n\n<div class=\"wp-block-image\"><figure class=\"alignright size-full\"><img decoding=\"async\" src=\"https:\/\/filles-de-la-charite.org\/wp-content\/uploads\/2023\/06\/Bez_tytulu_1-3.jpg\" alt=\"\" class=\"wp-image-72008\" \/><\/figure><\/div>\n\n\n\n<p>Situazioni difficili, al momento della pandemia, ci hanno spinto a riorientarci su ci\u00f2 che \u00e8 essenziale nella nostra missione:<strong> l&#8217;accoglienza.<\/strong><\/p>\n\n\n\n<p>In occasione dell\u2019apertura dell\u2019anno pastorale nel 2021, abbiamo quindi riflettuto su questo atteggiamento alla luce dell&#8217;esortazione di San Paolo nella lettera ai Romani (15,7): \u00abAccoglietevi gli uni gli altri come Cristo ha accolto voi\u00bb. \u00c8 necessario verificare personalmente e insieme a che punto siamo! E abbiamo scelto &#8220;l&#8217;Accoglienza&#8221; come tema per l\u2019apertura dell\u2019anno pastorale del 2 ottobre 2022.<\/p>\n\n\n\n<p>La giornata, introdotta da padre Alexis, il nostro cappellano, \u00e8 iniziata con l&#8217;intervento di padre <strong>Gilles DROUIN<\/strong>, direttore dell\u2019Istituto Superiore di Liturgia di Parigi, sulla dimensione missionaria della liturgia e sull&#8217;accoglienza.<\/p>\n\n\n\n<figure class=\"wp-block-gallery aligncenter columns-3 is-cropped wp-block-gallery-1 is-layout-flex wp-block-gallery-is-layout-flex\"><ul class=\"blocks-gallery-grid\"><li class=\"blocks-gallery-item\"><figure><img decoding=\"async\" src=\"https:\/\/filles-de-la-charite.org\/wp-content\/uploads\/2023\/06\/2-13.jpg\" alt=\"\" data-id=\"72005\" data-full-url=\"https:\/\/filles-de-la-charite.org\/wp-content\/uploads\/2023\/06\/2-13.jpg\" data-link=\"https:\/\/www.filles-de-la-charite.org\/?attachment_id=72005\" class=\"wp-image-72005\" \/><\/figure><\/li><li class=\"blocks-gallery-item\"><figure><img decoding=\"async\" src=\"https:\/\/filles-de-la-charite.org\/wp-content\/uploads\/2023\/06\/3-11.jpg\" alt=\"\" data-id=\"72006\" data-full-url=\"https:\/\/filles-de-la-charite.org\/wp-content\/uploads\/2023\/06\/3-11.jpg\" data-link=\"https:\/\/www.filles-de-la-charite.org\/?attachment_id=72006\" class=\"wp-image-72006\" \/><\/figure><\/li><li class=\"blocks-gallery-item\"><figure><img decoding=\"async\" src=\"https:\/\/filles-de-la-charite.org\/wp-content\/uploads\/2023\/06\/4-5.jpg\" alt=\"\" data-id=\"72003\" data-full-url=\"https:\/\/filles-de-la-charite.org\/wp-content\/uploads\/2023\/06\/4-5.jpg\" data-link=\"https:\/\/www.filles-de-la-charite.org\/?attachment_id=72003\" class=\"wp-image-72003\" \/><\/figure><\/li><\/ul><\/figure>\n\n\n\n<p>Il Vaticano II ha mostrato chiaramente che la liturgia, spesso considerata come un atto umano, \u00e8 prima di tutto un&#8217;azione di Dio. La conseguenza per noi \u00e8 importante: \u00e8 prima di tutto Dio che accoglie; il nostro ruolo non \u00e8 quello di fargli da scudo. Questa inversione ci mette fuori centro, si tratta di indicare Cristo, non noi!<\/p>\n\n\n\n<p>Nella liturgia, sono il vescovo e il sacerdote che accolgono, augurano la pace nel nome di Cristo. La persona arriva con la sua storia personale e lo Spirito Santo \u00e8 gi\u00e0 all\u2019opera in lei\/lui. Le aspettative possono essere diverse. Nessuno deve essere trascurato e possiamo ringraziare Dio se la persona ha ricevuto un po&#8217; di pace. Non siamo noi i padroni dell&#8217;incontro tra Dio e la persona, si tratta di fare tutto il possibile perch\u00e9 avvenga. La Cappella \u00e8 un luogo nel quale \u00e8 presente la Pace di Dio! Ha anche sottolineato che fare il &#8221; portinaio&#8221; \u00e8 un ministero.<\/p>\n\n\n\n<figure class=\"wp-block-gallery aligncenter columns-3 is-cropped wp-block-gallery-2 is-layout-flex wp-block-gallery-is-layout-flex\"><ul class=\"blocks-gallery-grid\"><li class=\"blocks-gallery-item\"><figure><img decoding=\"async\" src=\"https:\/\/filles-de-la-charite.org\/wp-content\/uploads\/2023\/06\/5-9.jpg\" alt=\"\" data-id=\"72009\" data-full-url=\"https:\/\/filles-de-la-charite.org\/wp-content\/uploads\/2023\/06\/5-9.jpg\" data-link=\"https:\/\/www.filles-de-la-charite.org\/?attachment_id=72009\" class=\"wp-image-72009\" \/><\/figure><\/li><li class=\"blocks-gallery-item\"><figure><img decoding=\"async\" src=\"https:\/\/filles-de-la-charite.org\/wp-content\/uploads\/2023\/06\/6-4.jpg\" alt=\"\" data-id=\"72010\" data-full-url=\"https:\/\/filles-de-la-charite.org\/wp-content\/uploads\/2023\/06\/6-4.jpg\" data-link=\"https:\/\/www.filles-de-la-charite.org\/?attachment_id=72010\" class=\"wp-image-72010\" \/><\/figure><\/li><li class=\"blocks-gallery-item\"><figure><img decoding=\"async\" src=\"https:\/\/filles-de-la-charite.org\/wp-content\/uploads\/2023\/06\/7-3.jpg\" alt=\"\" data-id=\"72011\" data-full-url=\"https:\/\/filles-de-la-charite.org\/wp-content\/uploads\/2023\/06\/7-3.jpg\" data-link=\"https:\/\/www.filles-de-la-charite.org\/?attachment_id=72011\" class=\"wp-image-72011\" \/><\/figure><\/li><\/ul><\/figure>\n\n\n\n<p>Le persone in servizio nel vialetto hanno una missione cruciale.<\/p>\n\n\n\n<p>Con padre <strong>Roberto GOMEZ<\/strong> <strong>CM<\/strong>, lazzarista, professore di Sacra Scrittura presso l\u2019Istituto Cattolico di Parigi, abbiamo studiato alcuni testi biblici a partire dai quali ci ha guidato ad approfondire le diverse dimensioni dell&#8217;accoglienza.<\/p>\n\n\n\n<p>In Dio, l&#8217;accoglienza diventa accompagnamento. La nostra missione consiste nel permettere alle persone di far fiorire ci\u00f2 che l&#8217;accoglienza di Dio ha trasformato in loro. Accogliendo, possiamo diventare una presenza di Dio per gli altri. Ma questo richiede che accettiamo di muoverci spiritualmente per accogliere l&#8217;altro nella sua alterit\u00e0.<\/p>\n\n\n\n<div class=\"wp-block-image\"><figure class=\"aligncenter size-full\"><img decoding=\"async\" src=\"https:\/\/filles-de-la-charite.org\/wp-content\/uploads\/2023\/06\/8.jpg\" alt=\"\" class=\"wp-image-72012\" \/><\/figure><\/div>\n\n\n\n<p>Dopo il pranzo offerto nel self-service della Casa Madre dei Lazzaristi, l\u2019incontro pomeridiano \u00e8 stato guidato dal cappellano padre Alexis CERQUERA. Ha ripreso il progetto missionario della cappella incentrato su tre punti importanti da sviluppare: la comunicazione, il servizio alle vocazioni e i pi\u00f9 poveri. Tre dimensioni fondamentali che possiamo ritrovare inequivocabilmente nel messaggio della Medaglia Miracolosa. Infine, ha affrontato alcune situazioni, ha invitato a riflettere sui nostri atteggiamenti e ha presentato il calendario e le proposte pastorali per il 2022-2023.<\/p>\n\n\n\n<p>La giornata si \u00e8 conclusa con una preghiera sull'&#8221;accoglienza&#8221;.<\/p>\n\n\n\n<div class=\"wp-block-image\"><figure class=\"aligncenter size-full\"><img decoding=\"async\" src=\"https:\/\/filles-de-la-charite.org\/wp-content\/uploads\/2023\/06\/9.jpg\" alt=\"\" class=\"wp-image-72013\" \/><\/figure><\/div>\n","protected":false},"excerpt":{"rendered":"<p>L&#8217;ACCOGLIENZA Molte persone provenienti da diverse parti del mondo vengono alla Cappella della Medaglia Miracolosa. Se le ascoltiamo, capiamo che le loro aspettative sono diverse&#8230; Situazioni difficili, al momento della pandemia, ci hanno spinto a riorientarci su ci\u00f2 che \u00e8 essenziale nella nostra missione: l&#8217;accoglienza. In occasione dell\u2019apertura dell\u2019anno pastorale nel 2021, abbiamo quindi riflettuto [&hellip;]<\/p>\n","protected":false},"author":1,"featured_media":17334,"comment_status":"closed","ping_status":"closed","sticky":false,"template":"","format":"standard","meta":{"_acf_changed":false,"_et_pb_use_builder":"","_et_pb_old_content":"","_et_gb_content_width":"","footnotes":"","_links_to":"","_links_to_target":""},"categories":[562],"tags":[],"class_list":["post-23535","post","type-post","status-publish","format-standard","has-post-thumbnail","hentry","category-casa-madre-it"],"acf":[],"yoast_head":"<!-- This site is optimized with the Yoast SEO plugin v27.5 - https:\/\/yoast.com\/product\/yoast-seo-wordpress\/ -->\n<title>Servizio Pastorale della Cappella della Madonna della Medaglia Miracolosa. Apertura dell\u2019anno pastorale - 01 ottobre 2022 - Filles de la Charit\u00e9<\/title>\n<meta name=\"robots\" content=\"index, follow, max-snippet:-1, max-image-preview:large, max-video-preview:-1\" \/>\n<link rel=\"canonical\" href=\"https:\/\/filles-de-la-charite.org\/it\/servizio-pastorale-della-cappella-della-madonna-della-medaglia-miracolosa-apertura-dellanno-pastorale-01-ottobre-2022\/\" \/>\n<meta property=\"og:locale\" content=\"it_IT\" \/>\n<meta property=\"og:type\" content=\"article\" \/>\n<meta property=\"og:title\" content=\"Servizio Pastorale della Cappella della Madonna della Medaglia Miracolosa. Apertura dell\u2019anno pastorale - 01 ottobre 2022 - Filles de la Charit\u00e9\" \/>\n<meta property=\"og:description\" content=\"L&#8217;ACCOGLIENZA Molte persone provenienti da diverse parti del mondo vengono alla Cappella della Medaglia Miracolosa. Se le ascoltiamo, capiamo che le loro aspettative sono diverse&#8230; Situazioni difficili, al momento della pandemia, ci hanno spinto a riorientarci su ci\u00f2 che \u00e8 essenziale nella nostra missione: l&#8217;accoglienza. In occasione dell\u2019apertura dell\u2019anno pastorale nel 2021, abbiamo quindi riflettuto [&hellip;]\" \/>\n<meta property=\"og:url\" content=\"https:\/\/filles-de-la-charite.org\/it\/servizio-pastorale-della-cappella-della-madonna-della-medaglia-miracolosa-apertura-dellanno-pastorale-01-ottobre-2022\/\" \/>\n<meta property=\"og:site_name\" content=\"Filles de la Charit\u00e9\" \/>\n<meta property=\"article:published_time\" content=\"2022-11-15T14:12:11+00:00\" \/>\n<meta property=\"article:modified_time\" content=\"2024-03-17T14:48:18+00:00\" \/>\n<meta property=\"og:image\" content=\"https:\/\/filles-de-la-charite.org\/wp-content\/uploads\/2023\/06\/1-14.jpg\" \/>\n\t<meta property=\"og:image:width\" content=\"1025\" \/>\n\t<meta property=\"og:image:height\" content=\"498\" \/>\n\t<meta property=\"og:image:type\" content=\"image\/jpeg\" \/>\n<meta name=\"author\" content=\"admin\" \/>\n<meta name=\"twitter:card\" content=\"summary_large_image\" \/>\n<meta name=\"twitter:label1\" content=\"Scritto da\" \/>\n\t<meta name=\"twitter:data1\" content=\"admin\" \/>\n\t<meta name=\"twitter:label2\" content=\"Tempo di lettura stimato\" \/>\n\t<meta name=\"twitter:data2\" content=\"2 minuti\" \/>\n<script type=\"application\/ld+json\" class=\"yoast-schema-graph\">{\"@context\":\"https:\\\/\\\/schema.org\",\"@graph\":[{\"@type\":\"Article\",\"@id\":\"https:\\\/\\\/filles-de-la-charite.org\\\/it\\\/servizio-pastorale-della-cappella-della-madonna-della-medaglia-miracolosa-apertura-dellanno-pastorale-01-ottobre-2022\\\/#article\",\"isPartOf\":{\"@id\":\"https:\\\/\\\/filles-de-la-charite.org\\\/it\\\/servizio-pastorale-della-cappella-della-madonna-della-medaglia-miracolosa-apertura-dellanno-pastorale-01-ottobre-2022\\\/\"},\"author\":{\"name\":\"admin\",\"@id\":\"https:\\\/\\\/filles-de-la-charite.org\\\/it\\\/#\\\/schema\\\/person\\\/427567b2eccfc2dd7d206da186a1f438\"},\"headline\":\"Servizio Pastorale della Cappella della Madonna della Medaglia Miracolosa. Apertura dell\u2019anno pastorale &#8211; 01 ottobre 2022\",\"datePublished\":\"2022-11-15T14:12:11+00:00\",\"dateModified\":\"2024-03-17T14:48:18+00:00\",\"mainEntityOfPage\":{\"@id\":\"https:\\\/\\\/filles-de-la-charite.org\\\/it\\\/servizio-pastorale-della-cappella-della-madonna-della-medaglia-miracolosa-apertura-dellanno-pastorale-01-ottobre-2022\\\/\"},\"wordCount\":493,\"publisher\":{\"@id\":\"https:\\\/\\\/filles-de-la-charite.org\\\/it\\\/#organization\"},\"image\":{\"@id\":\"https:\\\/\\\/filles-de-la-charite.org\\\/it\\\/servizio-pastorale-della-cappella-della-madonna-della-medaglia-miracolosa-apertura-dellanno-pastorale-01-ottobre-2022\\\/#primaryimage\"},\"thumbnailUrl\":\"https:\\\/\\\/filles-de-la-charite.org\\\/wp-content\\\/uploads\\\/2023\\\/06\\\/1-14.jpg\",\"articleSection\":[\"Casa-Madre\"],\"inLanguage\":\"it-IT\"},{\"@type\":\"WebPage\",\"@id\":\"https:\\\/\\\/filles-de-la-charite.org\\\/it\\\/servizio-pastorale-della-cappella-della-madonna-della-medaglia-miracolosa-apertura-dellanno-pastorale-01-ottobre-2022\\\/\",\"url\":\"https:\\\/\\\/filles-de-la-charite.org\\\/it\\\/servizio-pastorale-della-cappella-della-madonna-della-medaglia-miracolosa-apertura-dellanno-pastorale-01-ottobre-2022\\\/\",\"name\":\"Servizio Pastorale della Cappella della Madonna della Medaglia Miracolosa. Apertura dell\u2019anno pastorale - 01 ottobre 2022 - Filles de la Charit\u00e9\",\"isPartOf\":{\"@id\":\"https:\\\/\\\/filles-de-la-charite.org\\\/it\\\/#website\"},\"primaryImageOfPage\":{\"@id\":\"https:\\\/\\\/filles-de-la-charite.org\\\/it\\\/servizio-pastorale-della-cappella-della-madonna-della-medaglia-miracolosa-apertura-dellanno-pastorale-01-ottobre-2022\\\/#primaryimage\"},\"image\":{\"@id\":\"https:\\\/\\\/filles-de-la-charite.org\\\/it\\\/servizio-pastorale-della-cappella-della-madonna-della-medaglia-miracolosa-apertura-dellanno-pastorale-01-ottobre-2022\\\/#primaryimage\"},\"thumbnailUrl\":\"https:\\\/\\\/filles-de-la-charite.org\\\/wp-content\\\/uploads\\\/2023\\\/06\\\/1-14.jpg\",\"datePublished\":\"2022-11-15T14:12:11+00:00\",\"dateModified\":\"2024-03-17T14:48:18+00:00\",\"breadcrumb\":{\"@id\":\"https:\\\/\\\/filles-de-la-charite.org\\\/it\\\/servizio-pastorale-della-cappella-della-madonna-della-medaglia-miracolosa-apertura-dellanno-pastorale-01-ottobre-2022\\\/#breadcrumb\"},\"inLanguage\":\"it-IT\",\"potentialAction\":[{\"@type\":\"ReadAction\",\"target\":[\"https:\\\/\\\/filles-de-la-charite.org\\\/it\\\/servizio-pastorale-della-cappella-della-madonna-della-medaglia-miracolosa-apertura-dellanno-pastorale-01-ottobre-2022\\\/\"]}]},{\"@type\":\"ImageObject\",\"inLanguage\":\"it-IT\",\"@id\":\"https:\\\/\\\/filles-de-la-charite.org\\\/it\\\/servizio-pastorale-della-cappella-della-madonna-della-medaglia-miracolosa-apertura-dellanno-pastorale-01-ottobre-2022\\\/#primaryimage\",\"url\":\"https:\\\/\\\/filles-de-la-charite.org\\\/wp-content\\\/uploads\\\/2023\\\/06\\\/1-14.jpg\",\"contentUrl\":\"https:\\\/\\\/filles-de-la-charite.org\\\/wp-content\\\/uploads\\\/2023\\\/06\\\/1-14.jpg\",\"width\":1025,\"height\":498},{\"@type\":\"BreadcrumbList\",\"@id\":\"https:\\\/\\\/filles-de-la-charite.org\\\/it\\\/servizio-pastorale-della-cappella-della-madonna-della-medaglia-miracolosa-apertura-dellanno-pastorale-01-ottobre-2022\\\/#breadcrumb\",\"itemListElement\":[{\"@type\":\"ListItem\",\"position\":1,\"name\":\"Varsavia - Polonia\",\"item\":\"https:\\\/\\\/filles-de-la-charite.org\\\/it\\\/category\\\/varsavia-polonia-it\\\/\"},{\"@type\":\"ListItem\",\"position\":2,\"name\":\"Servizio Pastorale della Cappella della Madonna della Medaglia Miracolosa. Apertura dell\u2019anno pastorale &#8211; 01 ottobre 2022\"}]},{\"@type\":\"WebSite\",\"@id\":\"https:\\\/\\\/filles-de-la-charite.org\\\/it\\\/#website\",\"url\":\"https:\\\/\\\/filles-de-la-charite.org\\\/it\\\/\",\"name\":\"Hijas de la Caridad\",\"description\":\"L\u2019amour de J\u00e9sus nous presse \u00e0 prendre soin des personnes les plus d\u00e9munies\",\"publisher\":{\"@id\":\"https:\\\/\\\/filles-de-la-charite.org\\\/it\\\/#organization\"},\"potentialAction\":[{\"@type\":\"SearchAction\",\"target\":{\"@type\":\"EntryPoint\",\"urlTemplate\":\"https:\\\/\\\/filles-de-la-charite.org\\\/it\\\/?s={search_term_string}\"},\"query-input\":{\"@type\":\"PropertyValueSpecification\",\"valueRequired\":true,\"valueName\":\"search_term_string\"}}],\"inLanguage\":\"it-IT\"},{\"@type\":\"Organization\",\"@id\":\"https:\\\/\\\/filles-de-la-charite.org\\\/it\\\/#organization\",\"name\":\"Hijas de la Caridad\",\"url\":\"https:\\\/\\\/filles-de-la-charite.org\\\/it\\\/\",\"logo\":{\"@type\":\"ImageObject\",\"inLanguage\":\"it-IT\",\"@id\":\"https:\\\/\\\/filles-de-la-charite.org\\\/it\\\/#\\\/schema\\\/logo\\\/image\\\/\",\"url\":\"https:\\\/\\\/filles-de-la-charite.org\\\/wp-content\\\/uploads\\\/2023\\\/03\\\/isotipo-Hijas-de-la-Caridad.png\",\"contentUrl\":\"https:\\\/\\\/filles-de-la-charite.org\\\/wp-content\\\/uploads\\\/2023\\\/03\\\/isotipo-Hijas-de-la-Caridad.png\",\"width\":1417,\"height\":1417,\"caption\":\"Hijas de la Caridad\"},\"image\":{\"@id\":\"https:\\\/\\\/filles-de-la-charite.org\\\/it\\\/#\\\/schema\\\/logo\\\/image\\\/\"}},{\"@type\":\"Person\",\"@id\":\"https:\\\/\\\/filles-de-la-charite.org\\\/it\\\/#\\\/schema\\\/person\\\/427567b2eccfc2dd7d206da186a1f438\",\"name\":\"admin\",\"image\":{\"@type\":\"ImageObject\",\"inLanguage\":\"it-IT\",\"@id\":\"https:\\\/\\\/secure.gravatar.com\\\/avatar\\\/948b492cce32b586ac2db0eaa926ee87024f7afe218d73b397ea5ddfc5f43ea1?s=96&d=mm&r=g\",\"url\":\"https:\\\/\\\/secure.gravatar.com\\\/avatar\\\/948b492cce32b586ac2db0eaa926ee87024f7afe218d73b397ea5ddfc5f43ea1?s=96&d=mm&r=g\",\"contentUrl\":\"https:\\\/\\\/secure.gravatar.com\\\/avatar\\\/948b492cce32b586ac2db0eaa926ee87024f7afe218d73b397ea5ddfc5f43ea1?s=96&d=mm&r=g\",\"caption\":\"admin\"},\"sameAs\":[\"https:\\\/\\\/filles-de-la-charite.org\"],\"url\":\"https:\\\/\\\/filles-de-la-charite.org\\\/it\\\/author\\\/caridad\\\/\"}]}<\/script>\n<!-- \/ Yoast SEO plugin. -->","yoast_head_json":{"title":"Servizio Pastorale della Cappella della Madonna della Medaglia Miracolosa. Apertura dell\u2019anno pastorale - 01 ottobre 2022 - Filles de la Charit\u00e9","robots":{"index":"index","follow":"follow","max-snippet":"max-snippet:-1","max-image-preview":"max-image-preview:large","max-video-preview":"max-video-preview:-1"},"canonical":"https:\/\/filles-de-la-charite.org\/it\/servizio-pastorale-della-cappella-della-madonna-della-medaglia-miracolosa-apertura-dellanno-pastorale-01-ottobre-2022\/","og_locale":"it_IT","og_type":"article","og_title":"Servizio Pastorale della Cappella della Madonna della Medaglia Miracolosa. Apertura dell\u2019anno pastorale - 01 ottobre 2022 - Filles de la Charit\u00e9","og_description":"L&#8217;ACCOGLIENZA Molte persone provenienti da diverse parti del mondo vengono alla Cappella della Medaglia Miracolosa. Se le ascoltiamo, capiamo che le loro aspettative sono diverse&#8230; Situazioni difficili, al momento della pandemia, ci hanno spinto a riorientarci su ci\u00f2 che \u00e8 essenziale nella nostra missione: l&#8217;accoglienza. In occasione dell\u2019apertura dell\u2019anno pastorale nel 2021, abbiamo quindi riflettuto [&hellip;]","og_url":"https:\/\/filles-de-la-charite.org\/it\/servizio-pastorale-della-cappella-della-madonna-della-medaglia-miracolosa-apertura-dellanno-pastorale-01-ottobre-2022\/","og_site_name":"Filles de la Charit\u00e9","article_published_time":"2022-11-15T14:12:11+00:00","article_modified_time":"2024-03-17T14:48:18+00:00","og_image":[{"width":1025,"height":498,"url":"https:\/\/filles-de-la-charite.org\/wp-content\/uploads\/2023\/06\/1-14.jpg","type":"image\/jpeg"}],"author":"admin","twitter_card":"summary_large_image","twitter_misc":{"Scritto da":"admin","Tempo di lettura stimato":"2 minuti"},"schema":{"@context":"https:\/\/schema.org","@graph":[{"@type":"Article","@id":"https:\/\/filles-de-la-charite.org\/it\/servizio-pastorale-della-cappella-della-madonna-della-medaglia-miracolosa-apertura-dellanno-pastorale-01-ottobre-2022\/#article","isPartOf":{"@id":"https:\/\/filles-de-la-charite.org\/it\/servizio-pastorale-della-cappella-della-madonna-della-medaglia-miracolosa-apertura-dellanno-pastorale-01-ottobre-2022\/"},"author":{"name":"admin","@id":"https:\/\/filles-de-la-charite.org\/it\/#\/schema\/person\/427567b2eccfc2dd7d206da186a1f438"},"headline":"Servizio Pastorale della Cappella della Madonna della Medaglia Miracolosa. Apertura dell\u2019anno pastorale &#8211; 01 ottobre 2022","datePublished":"2022-11-15T14:12:11+00:00","dateModified":"2024-03-17T14:48:18+00:00","mainEntityOfPage":{"@id":"https:\/\/filles-de-la-charite.org\/it\/servizio-pastorale-della-cappella-della-madonna-della-medaglia-miracolosa-apertura-dellanno-pastorale-01-ottobre-2022\/"},"wordCount":493,"publisher":{"@id":"https:\/\/filles-de-la-charite.org\/it\/#organization"},"image":{"@id":"https:\/\/filles-de-la-charite.org\/it\/servizio-pastorale-della-cappella-della-madonna-della-medaglia-miracolosa-apertura-dellanno-pastorale-01-ottobre-2022\/#primaryimage"},"thumbnailUrl":"https:\/\/filles-de-la-charite.org\/wp-content\/uploads\/2023\/06\/1-14.jpg","articleSection":["Casa-Madre"],"inLanguage":"it-IT"},{"@type":"WebPage","@id":"https:\/\/filles-de-la-charite.org\/it\/servizio-pastorale-della-cappella-della-madonna-della-medaglia-miracolosa-apertura-dellanno-pastorale-01-ottobre-2022\/","url":"https:\/\/filles-de-la-charite.org\/it\/servizio-pastorale-della-cappella-della-madonna-della-medaglia-miracolosa-apertura-dellanno-pastorale-01-ottobre-2022\/","name":"Servizio Pastorale della Cappella della Madonna della Medaglia Miracolosa. Apertura dell\u2019anno pastorale - 01 ottobre 2022 - Filles de la Charit\u00e9","isPartOf":{"@id":"https:\/\/filles-de-la-charite.org\/it\/#website"},"primaryImageOfPage":{"@id":"https:\/\/filles-de-la-charite.org\/it\/servizio-pastorale-della-cappella-della-madonna-della-medaglia-miracolosa-apertura-dellanno-pastorale-01-ottobre-2022\/#primaryimage"},"image":{"@id":"https:\/\/filles-de-la-charite.org\/it\/servizio-pastorale-della-cappella-della-madonna-della-medaglia-miracolosa-apertura-dellanno-pastorale-01-ottobre-2022\/#primaryimage"},"thumbnailUrl":"https:\/\/filles-de-la-charite.org\/wp-content\/uploads\/2023\/06\/1-14.jpg","datePublished":"2022-11-15T14:12:11+00:00","dateModified":"2024-03-17T14:48:18+00:00","breadcrumb":{"@id":"https:\/\/filles-de-la-charite.org\/it\/servizio-pastorale-della-cappella-della-madonna-della-medaglia-miracolosa-apertura-dellanno-pastorale-01-ottobre-2022\/#breadcrumb"},"inLanguage":"it-IT","potentialAction":[{"@type":"ReadAction","target":["https:\/\/filles-de-la-charite.org\/it\/servizio-pastorale-della-cappella-della-madonna-della-medaglia-miracolosa-apertura-dellanno-pastorale-01-ottobre-2022\/"]}]},{"@type":"ImageObject","inLanguage":"it-IT","@id":"https:\/\/filles-de-la-charite.org\/it\/servizio-pastorale-della-cappella-della-madonna-della-medaglia-miracolosa-apertura-dellanno-pastorale-01-ottobre-2022\/#primaryimage","url":"https:\/\/filles-de-la-charite.org\/wp-content\/uploads\/2023\/06\/1-14.jpg","contentUrl":"https:\/\/filles-de-la-charite.org\/wp-content\/uploads\/2023\/06\/1-14.jpg","width":1025,"height":498},{"@type":"BreadcrumbList","@id":"https:\/\/filles-de-la-charite.org\/it\/servizio-pastorale-della-cappella-della-madonna-della-medaglia-miracolosa-apertura-dellanno-pastorale-01-ottobre-2022\/#breadcrumb","itemListElement":[{"@type":"ListItem","position":1,"name":"Varsavia - Polonia","item":"https:\/\/filles-de-la-charite.org\/it\/category\/varsavia-polonia-it\/"},{"@type":"ListItem","position":2,"name":"Servizio Pastorale della Cappella della Madonna della Medaglia Miracolosa. Apertura dell\u2019anno pastorale &#8211; 01 ottobre 2022"}]},{"@type":"WebSite","@id":"https:\/\/filles-de-la-charite.org\/it\/#website","url":"https:\/\/filles-de-la-charite.org\/it\/","name":"Hijas de la Caridad","description":"L\u2019amour de J\u00e9sus nous presse \u00e0 prendre soin des personnes les plus d\u00e9munies","publisher":{"@id":"https:\/\/filles-de-la-charite.org\/it\/#organization"},"potentialAction":[{"@type":"SearchAction","target":{"@type":"EntryPoint","urlTemplate":"https:\/\/filles-de-la-charite.org\/it\/?s={search_term_string}"},"query-input":{"@type":"PropertyValueSpecification","valueRequired":true,"valueName":"search_term_string"}}],"inLanguage":"it-IT"},{"@type":"Organization","@id":"https:\/\/filles-de-la-charite.org\/it\/#organization","name":"Hijas de la Caridad","url":"https:\/\/filles-de-la-charite.org\/it\/","logo":{"@type":"ImageObject","inLanguage":"it-IT","@id":"https:\/\/filles-de-la-charite.org\/it\/#\/schema\/logo\/image\/","url":"https:\/\/filles-de-la-charite.org\/wp-content\/uploads\/2023\/03\/isotipo-Hijas-de-la-Caridad.png","contentUrl":"https:\/\/filles-de-la-charite.org\/wp-content\/uploads\/2023\/03\/isotipo-Hijas-de-la-Caridad.png","width":1417,"height":1417,"caption":"Hijas de la Caridad"},"image":{"@id":"https:\/\/filles-de-la-charite.org\/it\/#\/schema\/logo\/image\/"}},{"@type":"Person","@id":"https:\/\/filles-de-la-charite.org\/it\/#\/schema\/person\/427567b2eccfc2dd7d206da186a1f438","name":"admin","image":{"@type":"ImageObject","inLanguage":"it-IT","@id":"https:\/\/secure.gravatar.com\/avatar\/948b492cce32b586ac2db0eaa926ee87024f7afe218d73b397ea5ddfc5f43ea1?s=96&d=mm&r=g","url":"https:\/\/secure.gravatar.com\/avatar\/948b492cce32b586ac2db0eaa926ee87024f7afe218d73b397ea5ddfc5f43ea1?s=96&d=mm&r=g","contentUrl":"https:\/\/secure.gravatar.com\/avatar\/948b492cce32b586ac2db0eaa926ee87024f7afe218d73b397ea5ddfc5f43ea1?s=96&d=mm&r=g","caption":"admin"},"sameAs":["https:\/\/filles-de-la-charite.org"],"url":"https:\/\/filles-de-la-charite.org\/it\/author\/caridad\/"}]}},"_links":{"self":[{"href":"https:\/\/filles-de-la-charite.org\/it\/wp-json\/wp\/v2\/posts\/23535","targetHints":{"allow":["GET"]}}],"collection":[{"href":"https:\/\/filles-de-la-charite.org\/it\/wp-json\/wp\/v2\/posts"}],"about":[{"href":"https:\/\/filles-de-la-charite.org\/it\/wp-json\/wp\/v2\/types\/post"}],"author":[{"embeddable":true,"href":"https:\/\/filles-de-la-charite.org\/it\/wp-json\/wp\/v2\/users\/1"}],"replies":[{"embeddable":true,"href":"https:\/\/filles-de-la-charite.org\/it\/wp-json\/wp\/v2\/comments?post=23535"}],"version-history":[{"count":1,"href":"https:\/\/filles-de-la-charite.org\/it\/wp-json\/wp\/v2\/posts\/23535\/revisions"}],"predecessor-version":[{"id":23536,"href":"https:\/\/filles-de-la-charite.org\/it\/wp-json\/wp\/v2\/posts\/23535\/revisions\/23536"}],"wp:featuredmedia":[{"embeddable":true,"href":"https:\/\/filles-de-la-charite.org\/it\/wp-json\/wp\/v2\/media\/17334"}],"wp:attachment":[{"href":"https:\/\/filles-de-la-charite.org\/it\/wp-json\/wp\/v2\/media?parent=23535"}],"wp:term":[{"taxonomy":"category","embeddable":true,"href":"https:\/\/filles-de-la-charite.org\/it\/wp-json\/wp\/v2\/categories?post=23535"},{"taxonomy":"post_tag","embeddable":true,"href":"https:\/\/filles-de-la-charite.org\/it\/wp-json\/wp\/v2\/tags?post=23535"}],"curies":[{"name":"wp","href":"https:\/\/api.w.org\/{rel}","templated":true}]}}