{"id":23537,"date":"2022-11-18T21:08:00","date_gmt":"2022-11-18T20:08:00","guid":{"rendered":"https:\/\/hijascaridad.sjdigitaldemo.ovh\/nuovi-orizzonti\/"},"modified":"2024-03-17T15:48:07","modified_gmt":"2024-03-17T14:48:07","slug":"nuovi-orizzonti","status":"publish","type":"post","link":"https:\/\/filles-de-la-charite.org\/it\/nuovi-orizzonti\/","title":{"rendered":"Nuovi orizzonti"},"content":{"rendered":"\n<p>L'11\u00b0 incontro dei Consigli delle 4 Province spagnole si \u00e8 svolto, dal 31 ottobre al 3 novembre 2022, nella splendida citt\u00e0 di Siviglia dove siamo stati accolti dalle Suore della Provincia Espa\u00f1a Sur. L\u2019incontro ha avuto inizio nella Basilica della Macarena, con l'Eucaristia presieduta dall'arcivescovo di Siviglia, monsignor Jos\u00e9 \u00c1ngel Saiz Meneses, e l'affettuoso saluto di Suor M\u00aa del Carmen Polo, Visitatrice della Provincia Espa\u00f1a Sur. E\u2019 stato un \u00a0tempo di ricerca, di riflessione, di ascolto, di condivisione e di scambio per tracciare insieme il cammino che ci condurr\u00e0 all'orizzonte che Dio vuole per le Figlie della Carit\u00e0 delle quattro Province. \u00a0Ci \u00e8 stato consegnato un cannocchiale come simbolo del lavoro proposto: intravedere l'orizzonte, avvicinare lo sguardo a un punto comune.<\/p>\n\n\n\n<figure class=\"wp-block-image size-full\"><img decoding=\"async\" src=\"https:\/\/filles-de-la-charite.org\/wp-content\/uploads\/2023\/06\/arz.jpg\" alt=\"\" class=\"wp-image-72104\"\/><\/figure>\n\n\n\n<p>Il primo sguardo era puntato sui dati statistici che rivelavano la necessit\u00e0 di un cambiamento e che ci avrebbero portato a cercare nuovi modi per rispondere alla realt\u00e0, alla quale guardiamo con speranza e gratitudine. La nostra Superiora generale, Suor Fran\u00e7oise Petit, ci ha portato a volgere il secondo sguardo verso \"Il futuro delle Figlie della Carit\u00e0 di Spagna, in Europa ma anche l\u2019impegno delle Province spagnole in Africa\".<\/p>\n\n\n\n<figure class=\"wp-block-image size-large\"><img decoding=\"async\" src=\"https:\/\/filles-de-la-charite.org\/wp-content\/uploads\/2023\/06\/21-MISA-FINAL-1024x683-1.jpeg\" alt=\"\" class=\"wp-image-72048\"\/><\/figure>\n\n\n\n<p>Ci ha esortate a vivere una vita aperta allo Spirito, fedeli a ci\u00f2 che siamo, custodendo nel profondo la nostra identit\u00e0 di serve e rimanendo in costante dialogo, mentre proseguiamo con la revisione delle opere e con la conoscenza delle 4 Province in modo pi\u00f9 approfondito. Suor Fran\u00e7oise ci ha anche invitato a riflettere sul nostro impegno per la fraternit\u00e0 e su nuovi modi di vivere il carisma oggi, tenendo conto delle nostre forze e delle nostre fragilit\u00e0. Padre Bernard Schoepfer, Direttore generale, ha posto l'attenzione sul lavoro di accompagnamento del Direttore provinciale nei Consigli e sull'importanza dell'animazione spirituale e della comunicazione.<\/p>\n\n\n\n<figure class=\"wp-block-image size-full\"><img decoding=\"async\" src=\"https:\/\/filles-de-la-charite.org\/wp-content\/uploads\/2023\/06\/2-sfp.jpg\" alt=\"\" class=\"wp-image-72105\"\/><\/figure>\n\n\n\n<p>Il terzo focus era sulle \"Strutture organizzative delle nostre Province\". La nostra Visitatrice e Jos\u00e9 Mar\u00eda Fern\u00e1ndez, consulente legale della Provincia di Espa\u00f1a Sur, ci hanno invitato ad andare oltre, tenendo conto delle sfide poste da un ambiente mutevole e imprevedibile come quello attuale. Suor Antonia Gonz\u00e1lez, Consigliera generale, ci ha aiutato ad approfondire questo sguardo attraverso il Documento Inter-Assemblee, concentrandosi sull'animazione delle Suore in ogni tappa della loro vocazione.<\/p>\n\n\n\n<figure class=\"wp-block-image size-large\"><img decoding=\"async\" src=\"https:\/\/filles-de-la-charite.org\/wp-content\/uploads\/2023\/06\/3-1024x768-1.jpeg\" alt=\"\" class=\"wp-image-72063\"\/><\/figure>\n\n\n\n<p>Il quarto sguardo si \u00e8 colorato di ecclesialit\u00e0 ed \u00e8 stato ampliato da diversi relatori. Con Gonzalo Fern\u00e1ndez Sanz, CMF, abbiamo approfondito gli attuali orientamenti della Chiesa per la Vita Consacrata, arricchiti delle esperienze di Guillermo Campuzano, CM, Josep Buades Fuster, SJ, Cristina Inog\u00e9s, teologa e Amelia Ram\u00edrez, SCH. Ci hanno illuminato sul come vivere con maggiore autenticit\u00e0 il processo di \"lavorare con\" a cui siamo chiamate.<\/p>\n\n\n\n<figure class=\"wp-block-image size-large\"><img decoding=\"async\" src=\"https:\/\/filles-de-la-charite.org\/wp-content\/uploads\/2023\/06\/4-1024x847-1.jpg\" alt=\"\" class=\"wp-image-72064\"\/><\/figure>\n\n\n\n<p>Padre Toma\u017e Mavri\u010d, Superiore generale, ci ha guidate verso il quinto sguardo che era rivolto verso la Famiglia vincenziana e ci ha esortate a continuare a lavorare per la formazione vincenziana dei laici.<\/p>\n\n\n\n<figure class=\"wp-block-image size-large\"><img decoding=\"async\" src=\"https:\/\/filles-de-la-charite.org\/wp-content\/uploads\/2023\/06\/5-1024x365-1.jpeg\" alt=\"\" class=\"wp-image-72065\"\/><\/figure>\n\n\n\n<p>L'Eucaristia conclusiva e l'elaborazione del Documento che ha raccolto le linee principali e i contributi del lavoro dei gruppi hanno portato alla fine dell'incontro.<\/p>\n\n\n\n<p>La retina dei nostri occhi, avendo ampliato la sua capacit\u00e0 di guardare insieme a nuovi orizzonti, ci ha trasmesso anche immagini indelebili: di momenti vissuti insieme, di esplorazione della citt\u00e0, gedendo della musica del coro del Rociero e del concerto di preghiera guidato dal coro interprovinciale delle Figlie della Carit\u00e0 e dei Vincenziani.<\/p>\n\n\n\n<div class=\"wp-block-responsive-lightbox-gallery\"><\/div>\n","protected":false},"excerpt":{"rendered":"<p>L&#8217;11\u00b0 incontro dei Consigli delle 4 Province spagnole si \u00e8 svolto, dal 31 ottobre al 3 novembre 2022, nella splendida citt\u00e0 di Siviglia dove siamo stati accolti dalle Suore della Provincia Espa\u00f1a Sur. L\u2019incontro ha avuto inizio nella Basilica della Macarena, con l&#8217;Eucaristia presieduta dall&#8217;arcivescovo di Siviglia, monsignor Jos\u00e9 \u00c1ngel Saiz Meneses, e l&#8217;affettuoso saluto [&hellip;]<\/p>\n","protected":false},"author":1,"featured_media":17378,"comment_status":"closed","ping_status":"closed","sticky":false,"template":"","format":"standard","meta":{"_acf_changed":false,"footnotes":"","_links_to":"","_links_to_target":""},"categories":[766],"tags":[],"class_list":["post-23537","post","type-post","status-publish","format-standard","has-post-thumbnail","hentry","category-espana-it"],"acf":[],"yoast_head":"<!-- This site is optimized with the Yoast SEO plugin v27.5 - https:\/\/yoast.com\/product\/yoast-seo-wordpress\/ -->\n<title>Nuovi orizzonti - Filles de la Charit\u00e9<\/title>\n<meta name=\"robots\" content=\"index, follow, max-snippet:-1, max-image-preview:large, max-video-preview:-1\" \/>\n<link rel=\"canonical\" href=\"https:\/\/filles-de-la-charite.org\/it\/nuovi-orizzonti\/\" \/>\n<meta property=\"og:locale\" content=\"it_IT\" \/>\n<meta property=\"og:type\" content=\"article\" \/>\n<meta property=\"og:title\" content=\"Nuovi orizzonti - Filles de la Charit\u00e9\" \/>\n<meta property=\"og:description\" content=\"L&#8217;11\u00b0 incontro dei Consigli delle 4 Province spagnole si \u00e8 svolto, dal 31 ottobre al 3 novembre 2022, nella splendida citt\u00e0 di Siviglia dove siamo stati accolti dalle Suore della Provincia Espa\u00f1a Sur. L\u2019incontro ha avuto inizio nella Basilica della Macarena, con l&#8217;Eucaristia presieduta dall&#8217;arcivescovo di Siviglia, monsignor Jos\u00e9 \u00c1ngel Saiz Meneses, e l&#8217;affettuoso saluto [&hellip;]\" \/>\n<meta property=\"og:url\" content=\"https:\/\/filles-de-la-charite.org\/it\/nuovi-orizzonti\/\" \/>\n<meta property=\"og:site_name\" content=\"Filles de la Charit\u00e9\" \/>\n<meta property=\"article:published_time\" content=\"2022-11-18T20:08:00+00:00\" \/>\n<meta property=\"article:modified_time\" content=\"2024-03-17T14:48:07+00:00\" \/>\n<meta property=\"og:image\" content=\"https:\/\/filles-de-la-charite.org\/wp-content\/uploads\/2023\/06\/26-TODAS.jpeg\" \/>\n\t<meta property=\"og:image:width\" content=\"1384\" \/>\n\t<meta property=\"og:image:height\" content=\"676\" \/>\n\t<meta property=\"og:image:type\" content=\"image\/jpeg\" \/>\n<meta name=\"author\" content=\"admin\" \/>\n<meta name=\"twitter:card\" content=\"summary_large_image\" \/>\n<meta name=\"twitter:label1\" content=\"Scritto da\" \/>\n\t<meta name=\"twitter:data1\" content=\"admin\" \/>\n\t<meta name=\"twitter:label2\" content=\"Tempo di lettura stimato\" \/>\n\t<meta name=\"twitter:data2\" content=\"3 minuti\" \/>\n<script type=\"application\/ld+json\" class=\"yoast-schema-graph\">{\"@context\":\"https:\\\/\\\/schema.org\",\"@graph\":[{\"@type\":\"Article\",\"@id\":\"https:\\\/\\\/filles-de-la-charite.org\\\/it\\\/nuovi-orizzonti\\\/#article\",\"isPartOf\":{\"@id\":\"https:\\\/\\\/filles-de-la-charite.org\\\/it\\\/nuovi-orizzonti\\\/\"},\"author\":{\"name\":\"admin\",\"@id\":\"https:\\\/\\\/filles-de-la-charite.org\\\/it\\\/#\\\/schema\\\/person\\\/427567b2eccfc2dd7d206da186a1f438\"},\"headline\":\"Nuovi orizzonti\",\"datePublished\":\"2022-11-18T20:08:00+00:00\",\"dateModified\":\"2024-03-17T14:48:07+00:00\",\"mainEntityOfPage\":{\"@id\":\"https:\\\/\\\/filles-de-la-charite.org\\\/it\\\/nuovi-orizzonti\\\/\"},\"wordCount\":560,\"publisher\":{\"@id\":\"https:\\\/\\\/filles-de-la-charite.org\\\/it\\\/#organization\"},\"image\":{\"@id\":\"https:\\\/\\\/filles-de-la-charite.org\\\/it\\\/nuovi-orizzonti\\\/#primaryimage\"},\"thumbnailUrl\":\"https:\\\/\\\/filles-de-la-charite.org\\\/wp-content\\\/uploads\\\/2023\\\/06\\\/26-TODAS.jpeg\",\"articleSection\":[\"Spagna\"],\"inLanguage\":\"it-IT\"},{\"@type\":\"WebPage\",\"@id\":\"https:\\\/\\\/filles-de-la-charite.org\\\/it\\\/nuovi-orizzonti\\\/\",\"url\":\"https:\\\/\\\/filles-de-la-charite.org\\\/it\\\/nuovi-orizzonti\\\/\",\"name\":\"Nuovi orizzonti - Filles de la Charit\u00e9\",\"isPartOf\":{\"@id\":\"https:\\\/\\\/filles-de-la-charite.org\\\/it\\\/#website\"},\"primaryImageOfPage\":{\"@id\":\"https:\\\/\\\/filles-de-la-charite.org\\\/it\\\/nuovi-orizzonti\\\/#primaryimage\"},\"image\":{\"@id\":\"https:\\\/\\\/filles-de-la-charite.org\\\/it\\\/nuovi-orizzonti\\\/#primaryimage\"},\"thumbnailUrl\":\"https:\\\/\\\/filles-de-la-charite.org\\\/wp-content\\\/uploads\\\/2023\\\/06\\\/26-TODAS.jpeg\",\"datePublished\":\"2022-11-18T20:08:00+00:00\",\"dateModified\":\"2024-03-17T14:48:07+00:00\",\"breadcrumb\":{\"@id\":\"https:\\\/\\\/filles-de-la-charite.org\\\/it\\\/nuovi-orizzonti\\\/#breadcrumb\"},\"inLanguage\":\"it-IT\",\"potentialAction\":[{\"@type\":\"ReadAction\",\"target\":[\"https:\\\/\\\/filles-de-la-charite.org\\\/it\\\/nuovi-orizzonti\\\/\"]}]},{\"@type\":\"ImageObject\",\"inLanguage\":\"it-IT\",\"@id\":\"https:\\\/\\\/filles-de-la-charite.org\\\/it\\\/nuovi-orizzonti\\\/#primaryimage\",\"url\":\"https:\\\/\\\/filles-de-la-charite.org\\\/wp-content\\\/uploads\\\/2023\\\/06\\\/26-TODAS.jpeg\",\"contentUrl\":\"https:\\\/\\\/filles-de-la-charite.org\\\/wp-content\\\/uploads\\\/2023\\\/06\\\/26-TODAS.jpeg\",\"width\":1384,\"height\":676},{\"@type\":\"BreadcrumbList\",\"@id\":\"https:\\\/\\\/filles-de-la-charite.org\\\/it\\\/nuovi-orizzonti\\\/#breadcrumb\",\"itemListElement\":[{\"@type\":\"ListItem\",\"position\":1,\"name\":\"Spagna\",\"item\":\"https:\\\/\\\/filles-de-la-charite.org\\\/it\\\/category\\\/espana-it\\\/\"},{\"@type\":\"ListItem\",\"position\":2,\"name\":\"Nuovi orizzonti\"}]},{\"@type\":\"WebSite\",\"@id\":\"https:\\\/\\\/filles-de-la-charite.org\\\/it\\\/#website\",\"url\":\"https:\\\/\\\/filles-de-la-charite.org\\\/it\\\/\",\"name\":\"Hijas de la Caridad\",\"description\":\"L\u2019amour de J\u00e9sus nous presse \u00e0 prendre soin des personnes les plus d\u00e9munies\",\"publisher\":{\"@id\":\"https:\\\/\\\/filles-de-la-charite.org\\\/it\\\/#organization\"},\"potentialAction\":[{\"@type\":\"SearchAction\",\"target\":{\"@type\":\"EntryPoint\",\"urlTemplate\":\"https:\\\/\\\/filles-de-la-charite.org\\\/it\\\/?s={search_term_string}\"},\"query-input\":{\"@type\":\"PropertyValueSpecification\",\"valueRequired\":true,\"valueName\":\"search_term_string\"}}],\"inLanguage\":\"it-IT\"},{\"@type\":\"Organization\",\"@id\":\"https:\\\/\\\/filles-de-la-charite.org\\\/it\\\/#organization\",\"name\":\"Hijas de la Caridad\",\"url\":\"https:\\\/\\\/filles-de-la-charite.org\\\/it\\\/\",\"logo\":{\"@type\":\"ImageObject\",\"inLanguage\":\"it-IT\",\"@id\":\"https:\\\/\\\/filles-de-la-charite.org\\\/it\\\/#\\\/schema\\\/logo\\\/image\\\/\",\"url\":\"https:\\\/\\\/filles-de-la-charite.org\\\/wp-content\\\/uploads\\\/2023\\\/03\\\/isotipo-Hijas-de-la-Caridad.png\",\"contentUrl\":\"https:\\\/\\\/filles-de-la-charite.org\\\/wp-content\\\/uploads\\\/2023\\\/03\\\/isotipo-Hijas-de-la-Caridad.png\",\"width\":1417,\"height\":1417,\"caption\":\"Hijas de la Caridad\"},\"image\":{\"@id\":\"https:\\\/\\\/filles-de-la-charite.org\\\/it\\\/#\\\/schema\\\/logo\\\/image\\\/\"}},{\"@type\":\"Person\",\"@id\":\"https:\\\/\\\/filles-de-la-charite.org\\\/it\\\/#\\\/schema\\\/person\\\/427567b2eccfc2dd7d206da186a1f438\",\"name\":\"admin\",\"image\":{\"@type\":\"ImageObject\",\"inLanguage\":\"it-IT\",\"@id\":\"https:\\\/\\\/secure.gravatar.com\\\/avatar\\\/948b492cce32b586ac2db0eaa926ee87024f7afe218d73b397ea5ddfc5f43ea1?s=96&d=mm&r=g\",\"url\":\"https:\\\/\\\/secure.gravatar.com\\\/avatar\\\/948b492cce32b586ac2db0eaa926ee87024f7afe218d73b397ea5ddfc5f43ea1?s=96&d=mm&r=g\",\"contentUrl\":\"https:\\\/\\\/secure.gravatar.com\\\/avatar\\\/948b492cce32b586ac2db0eaa926ee87024f7afe218d73b397ea5ddfc5f43ea1?s=96&d=mm&r=g\",\"caption\":\"admin\"},\"sameAs\":[\"https:\\\/\\\/filles-de-la-charite.org\"],\"url\":\"https:\\\/\\\/filles-de-la-charite.org\\\/it\\\/author\\\/caridad\\\/\"}]}<\/script>\n<!-- \/ Yoast SEO plugin. -->","yoast_head_json":{"title":"Nuovi orizzonti - Filles de la Charit\u00e9","robots":{"index":"index","follow":"follow","max-snippet":"max-snippet:-1","max-image-preview":"max-image-preview:large","max-video-preview":"max-video-preview:-1"},"canonical":"https:\/\/filles-de-la-charite.org\/it\/nuovi-orizzonti\/","og_locale":"it_IT","og_type":"article","og_title":"Nuovi orizzonti - Filles de la Charit\u00e9","og_description":"L&#8217;11\u00b0 incontro dei Consigli delle 4 Province spagnole si \u00e8 svolto, dal 31 ottobre al 3 novembre 2022, nella splendida citt\u00e0 di Siviglia dove siamo stati accolti dalle Suore della Provincia Espa\u00f1a Sur. L\u2019incontro ha avuto inizio nella Basilica della Macarena, con l&#8217;Eucaristia presieduta dall&#8217;arcivescovo di Siviglia, monsignor Jos\u00e9 \u00c1ngel Saiz Meneses, e l&#8217;affettuoso saluto [&hellip;]","og_url":"https:\/\/filles-de-la-charite.org\/it\/nuovi-orizzonti\/","og_site_name":"Filles de la Charit\u00e9","article_published_time":"2022-11-18T20:08:00+00:00","article_modified_time":"2024-03-17T14:48:07+00:00","og_image":[{"width":1384,"height":676,"url":"https:\/\/filles-de-la-charite.org\/wp-content\/uploads\/2023\/06\/26-TODAS.jpeg","type":"image\/jpeg"}],"author":"admin","twitter_card":"summary_large_image","twitter_misc":{"Scritto da":"admin","Tempo di lettura stimato":"3 minuti"},"schema":{"@context":"https:\/\/schema.org","@graph":[{"@type":"Article","@id":"https:\/\/filles-de-la-charite.org\/it\/nuovi-orizzonti\/#article","isPartOf":{"@id":"https:\/\/filles-de-la-charite.org\/it\/nuovi-orizzonti\/"},"author":{"name":"admin","@id":"https:\/\/filles-de-la-charite.org\/it\/#\/schema\/person\/427567b2eccfc2dd7d206da186a1f438"},"headline":"Nuovi orizzonti","datePublished":"2022-11-18T20:08:00+00:00","dateModified":"2024-03-17T14:48:07+00:00","mainEntityOfPage":{"@id":"https:\/\/filles-de-la-charite.org\/it\/nuovi-orizzonti\/"},"wordCount":560,"publisher":{"@id":"https:\/\/filles-de-la-charite.org\/it\/#organization"},"image":{"@id":"https:\/\/filles-de-la-charite.org\/it\/nuovi-orizzonti\/#primaryimage"},"thumbnailUrl":"https:\/\/filles-de-la-charite.org\/wp-content\/uploads\/2023\/06\/26-TODAS.jpeg","articleSection":["Spagna"],"inLanguage":"it-IT"},{"@type":"WebPage","@id":"https:\/\/filles-de-la-charite.org\/it\/nuovi-orizzonti\/","url":"https:\/\/filles-de-la-charite.org\/it\/nuovi-orizzonti\/","name":"Nuovi orizzonti - Filles de la Charit\u00e9","isPartOf":{"@id":"https:\/\/filles-de-la-charite.org\/it\/#website"},"primaryImageOfPage":{"@id":"https:\/\/filles-de-la-charite.org\/it\/nuovi-orizzonti\/#primaryimage"},"image":{"@id":"https:\/\/filles-de-la-charite.org\/it\/nuovi-orizzonti\/#primaryimage"},"thumbnailUrl":"https:\/\/filles-de-la-charite.org\/wp-content\/uploads\/2023\/06\/26-TODAS.jpeg","datePublished":"2022-11-18T20:08:00+00:00","dateModified":"2024-03-17T14:48:07+00:00","breadcrumb":{"@id":"https:\/\/filles-de-la-charite.org\/it\/nuovi-orizzonti\/#breadcrumb"},"inLanguage":"it-IT","potentialAction":[{"@type":"ReadAction","target":["https:\/\/filles-de-la-charite.org\/it\/nuovi-orizzonti\/"]}]},{"@type":"ImageObject","inLanguage":"it-IT","@id":"https:\/\/filles-de-la-charite.org\/it\/nuovi-orizzonti\/#primaryimage","url":"https:\/\/filles-de-la-charite.org\/wp-content\/uploads\/2023\/06\/26-TODAS.jpeg","contentUrl":"https:\/\/filles-de-la-charite.org\/wp-content\/uploads\/2023\/06\/26-TODAS.jpeg","width":1384,"height":676},{"@type":"BreadcrumbList","@id":"https:\/\/filles-de-la-charite.org\/it\/nuovi-orizzonti\/#breadcrumb","itemListElement":[{"@type":"ListItem","position":1,"name":"Spagna","item":"https:\/\/filles-de-la-charite.org\/it\/category\/espana-it\/"},{"@type":"ListItem","position":2,"name":"Nuovi orizzonti"}]},{"@type":"WebSite","@id":"https:\/\/filles-de-la-charite.org\/it\/#website","url":"https:\/\/filles-de-la-charite.org\/it\/","name":"Hijas de la Caridad","description":"L\u2019amour de J\u00e9sus nous presse \u00e0 prendre soin des personnes les plus d\u00e9munies","publisher":{"@id":"https:\/\/filles-de-la-charite.org\/it\/#organization"},"potentialAction":[{"@type":"SearchAction","target":{"@type":"EntryPoint","urlTemplate":"https:\/\/filles-de-la-charite.org\/it\/?s={search_term_string}"},"query-input":{"@type":"PropertyValueSpecification","valueRequired":true,"valueName":"search_term_string"}}],"inLanguage":"it-IT"},{"@type":"Organization","@id":"https:\/\/filles-de-la-charite.org\/it\/#organization","name":"Hijas de la Caridad","url":"https:\/\/filles-de-la-charite.org\/it\/","logo":{"@type":"ImageObject","inLanguage":"it-IT","@id":"https:\/\/filles-de-la-charite.org\/it\/#\/schema\/logo\/image\/","url":"https:\/\/filles-de-la-charite.org\/wp-content\/uploads\/2023\/03\/isotipo-Hijas-de-la-Caridad.png","contentUrl":"https:\/\/filles-de-la-charite.org\/wp-content\/uploads\/2023\/03\/isotipo-Hijas-de-la-Caridad.png","width":1417,"height":1417,"caption":"Hijas de la Caridad"},"image":{"@id":"https:\/\/filles-de-la-charite.org\/it\/#\/schema\/logo\/image\/"}},{"@type":"Person","@id":"https:\/\/filles-de-la-charite.org\/it\/#\/schema\/person\/427567b2eccfc2dd7d206da186a1f438","name":"admin","image":{"@type":"ImageObject","inLanguage":"it-IT","@id":"https:\/\/secure.gravatar.com\/avatar\/948b492cce32b586ac2db0eaa926ee87024f7afe218d73b397ea5ddfc5f43ea1?s=96&d=mm&r=g","url":"https:\/\/secure.gravatar.com\/avatar\/948b492cce32b586ac2db0eaa926ee87024f7afe218d73b397ea5ddfc5f43ea1?s=96&d=mm&r=g","contentUrl":"https:\/\/secure.gravatar.com\/avatar\/948b492cce32b586ac2db0eaa926ee87024f7afe218d73b397ea5ddfc5f43ea1?s=96&d=mm&r=g","caption":"admin"},"sameAs":["https:\/\/filles-de-la-charite.org"],"url":"https:\/\/filles-de-la-charite.org\/it\/author\/caridad\/"}]}},"_links":{"self":[{"href":"https:\/\/filles-de-la-charite.org\/it\/wp-json\/wp\/v2\/posts\/23537","targetHints":{"allow":["GET"]}}],"collection":[{"href":"https:\/\/filles-de-la-charite.org\/it\/wp-json\/wp\/v2\/posts"}],"about":[{"href":"https:\/\/filles-de-la-charite.org\/it\/wp-json\/wp\/v2\/types\/post"}],"author":[{"embeddable":true,"href":"https:\/\/filles-de-la-charite.org\/it\/wp-json\/wp\/v2\/users\/1"}],"replies":[{"embeddable":true,"href":"https:\/\/filles-de-la-charite.org\/it\/wp-json\/wp\/v2\/comments?post=23537"}],"version-history":[{"count":1,"href":"https:\/\/filles-de-la-charite.org\/it\/wp-json\/wp\/v2\/posts\/23537\/revisions"}],"predecessor-version":[{"id":23538,"href":"https:\/\/filles-de-la-charite.org\/it\/wp-json\/wp\/v2\/posts\/23537\/revisions\/23538"}],"wp:featuredmedia":[{"embeddable":true,"href":"https:\/\/filles-de-la-charite.org\/it\/wp-json\/wp\/v2\/media\/17378"}],"wp:attachment":[{"href":"https:\/\/filles-de-la-charite.org\/it\/wp-json\/wp\/v2\/media?parent=23537"}],"wp:term":[{"taxonomy":"category","embeddable":true,"href":"https:\/\/filles-de-la-charite.org\/it\/wp-json\/wp\/v2\/categories?post=23537"},{"taxonomy":"post_tag","embeddable":true,"href":"https:\/\/filles-de-la-charite.org\/it\/wp-json\/wp\/v2\/tags?post=23537"}],"curies":[{"name":"wp","href":"https:\/\/api.w.org\/{rel}","templated":true}]}}