{"id":23539,"date":"2022-11-30T23:00:00","date_gmt":"2022-11-30T22:00:00","guid":{"rendered":"https:\/\/hijascaridad.sjdigitaldemo.ovh\/casa-encuentro-ward-carolina-del-sud\/"},"modified":"2024-03-17T15:47:34","modified_gmt":"2024-03-17T14:47:34","slug":"casa-encuentro-ward-carolina-del-sud","status":"publish","type":"post","link":"https:\/\/filles-de-la-charite.org\/it\/casa-encuentro-ward-carolina-del-sud\/","title":{"rendered":"&#8220;Casa Encuentro&#8221;, Ward, Carolina del Sud"},"content":{"rendered":"\n<p>\u00c8 passato poco pi\u00f9 di un anno da quando tre Figlie della Carit\u00e0 (Sr.Consuelo, Sr.Migdalia e Sr.Paula) e un sacerdote vincenziano della Provincia Orientale (P. Orlando Cardona) sono arrivati in Carolina del Sud per iniziare una nuova missione a favore degli immigrati.\u00a0 La contea di Saluda \u00e8 una zona scarsamente popolata (44 persone e 21 unit\u00e0 abitative per miglio quadrato), dove l&#8217;agricoltura \u00e8 l\u2019industria principale.<\/p>\n\n\n\n<p>L&#8217;unica chiesa cattolica della contea \u00e8 St. William, una piccola parrocchia situata su un terreno agricolo donato. La chiesa originale fu edificata in un campo di grano, ma quando fu costruita l&#8217;autostrada locale, circa 100 anni fa, le famiglie cattoliche donarono una parte dei loro terreni agricoli lungo l&#8217;autostrada per costruire una nuova chiesa a Ward.<\/p>\n\n\n\n<p>Il complesso parrocchiale \u00e8 costituito da un centro per le attivit\u00e0, una canonica, un convento (recentemente ristrutturato per\u00a0 ospitare le Suore e utilizzarlo anche come spazio comunitario parrocchiale), e diversi ettari di terreno utilizzati per sport e giochi all\u2019aperto.<\/p>\n\n\n\n<p>Fin dal loro arrivo, le Figlie della Carit\u00e0 e P. Cardona hanno avviato un\u2019attivit\u00e0 pastorale incentrata sulla fede, la speranza e la carit\u00e0 per i lavoratori agricoli immigrati della zona. Effettuano visite a domicilio e ai malati, consulenza pastorale, benedizioni di case, funerali, programmi relativi alle capacit\u00e0 organizzative e formazione spirituale. La presenza pastorale di P. Cardona e delle Figlie della Carit\u00e0 \u00e8 un vero tesoro per la congregazione di S. Guglielmo, che apprezza questo nuovo e meraviglioso livello di attenzione.<\/p>\n\n\n\n<div class=\"wp-block-image\"><figure class=\"aligncenter size-full\"><img decoding=\"async\" src=\"https:\/\/filles-de-la-charite.org\/wp-content\/uploads\/2023\/06\/Bez_tytulu_1-4.jpg\" alt=\"\" class=\"wp-image-72142\" \/><\/figure><\/div>\n\n\n\n<p>La dedizione e la passione della comunit\u00e0 ecclesiale sono travolgenti. Tra i parrocchiani ci sono anziani cattolici, che risiedono da tempo nella comunit\u00e0, parrocchiani, famiglie e lavoratori ispanici, individui e famiglie che lavorano soprattutto negli allevamenti e nei macelli di polli e vivono principalmente nei vicini parcheggi di roulotte e braccianti stagionali. Con tali diversi gruppi e culture, l&#8217;\u00e9quipe apprezza la disponibilit\u00e0 della comunit\u00e0 a prestare servizio in una miriade di funzioni, come quelle di lettore, usciere, catechista e ministro dell&#8217;Eucaristia.<\/p>\n\n\n\n<p>Recentemente, P. Stephen Grozio, CM, Provinciale dei Vincenziani della Provincia Orientale, ha visitato St. William ed \u00e8 stato colpito dall\u2019affiatamento della comunit\u00e0. Durante la sua visita, ha avuto l&#8217;opportunit\u00e0 di celebrare la Messa al St. William.<\/p>\n\n\n\n<p>\u00abTutti i partecipanti avevano almeno settant\u2019anni e la maggior parte di loro sedevano nei banchi in fondo alla chiesa\u00bb, ricorda p. Grozio. \u00abLe Figlie della carit\u00e0 e P. Cardona hanno detto che quando sono arrivati per la prima volta, [i parrocchiani anziani] sembravano sospettosi ed esprimevano una certa preoccupazione per la crescente presenza di ispanici. A quanto pare, la situazione sta cambiando e li ho trovati molto aperti verso i loro fratelli e sorelle latinoamericani, un segno di speranza per il futuro\u00bb.<\/p>\n\n\n\n<p>P. Grozio \u00e8 orgoglioso e impressionato dal lavoro che le Figlie e P. Cardona hanno svolto per incoraggiare la Congregazione a mettersi in gioco, ad essere coraggiosa e ad unirsi alla missione vincenziana nella sua evoluzione. \u00abSono pieno di speranza e di incoraggiamento\u00bb, dice p. Grozio. \u00abInsieme, [le Figlie della Carit\u00e0 e i Vincenziani] guardano al futuro e all&#8217;impatto che il loro lavoro sta avendo, quel potenziale necessario a beneficio di coloro che sono poco serviti e che vivono nelle periferie\u00bb.<\/p>\n\n\n\n<p>Nell&#8217;aprile 2022, P. Vincent Finnerty, CM ha sostituito P. Cardona ed \u00e8 ora Parroco della Chiesa di St. William. Continua il buon lavoro del suo predecessore.<\/p>\n\n\n\n<p><em>Adattato da &#8220;The Message&#8221;, Primavera 2022, Pubblicazione Santuario della Medaglia Miracolosa di Philadelphia, Pennsylvania.\u2003<\/em><\/p>\n","protected":false},"excerpt":{"rendered":"<p>\u00c8 passato poco pi\u00f9 di un anno da quando tre Figlie della Carit\u00e0 (Sr.Consuelo, Sr.Migdalia e Sr.Paula) e un sacerdote vincenziano della Provincia Orientale (P. Orlando Cardona) sono arrivati in Carolina del Sud per iniziare una nuova missione a favore degli immigrati.\u00a0 La contea di Saluda \u00e8 una zona scarsamente popolata (44 persone e 21 [&hellip;]<\/p>\n","protected":false},"author":1,"featured_media":17392,"comment_status":"closed","ping_status":"closed","sticky":false,"template":"","format":"standard","meta":{"_acf_changed":false,"_et_pb_use_builder":"","_et_pb_old_content":"","_et_gb_content_width":"","footnotes":"","_links_to":"","_links_to_target":""},"categories":[677],"tags":[],"class_list":["post-23539","post","type-post","status-publish","format-standard","has-post-thumbnail","hentry","category-santa-luisa-usa-it"],"acf":[],"yoast_head":"<!-- This site is optimized with the Yoast SEO plugin v27.4 - https:\/\/yoast.com\/product\/yoast-seo-wordpress\/ -->\n<title>&quot;Casa Encuentro&quot;, Ward, Carolina del Sud - Filles de la Charit\u00e9<\/title>\n<meta name=\"robots\" content=\"index, follow, max-snippet:-1, max-image-preview:large, max-video-preview:-1\" \/>\n<link rel=\"canonical\" href=\"https:\/\/filles-de-la-charite.org\/it\/casa-encuentro-ward-carolina-del-sud\/\" \/>\n<meta property=\"og:locale\" content=\"it_IT\" \/>\n<meta property=\"og:type\" content=\"article\" \/>\n<meta property=\"og:title\" content=\"&quot;Casa Encuentro&quot;, Ward, Carolina del Sud - Filles de la Charit\u00e9\" \/>\n<meta property=\"og:description\" content=\"\u00c8 passato poco pi\u00f9 di un anno da quando tre Figlie della Carit\u00e0 (Sr.Consuelo, Sr.Migdalia e Sr.Paula) e un sacerdote vincenziano della Provincia Orientale (P. Orlando Cardona) sono arrivati in Carolina del Sud per iniziare una nuova missione a favore degli immigrati.\u00a0 La contea di Saluda \u00e8 una zona scarsamente popolata (44 persone e 21 [&hellip;]\" \/>\n<meta property=\"og:url\" content=\"https:\/\/filles-de-la-charite.org\/it\/casa-encuentro-ward-carolina-del-sud\/\" \/>\n<meta property=\"og:site_name\" content=\"Filles de la Charit\u00e9\" \/>\n<meta property=\"article:published_time\" content=\"2022-11-30T22:00:00+00:00\" \/>\n<meta property=\"article:modified_time\" content=\"2024-03-17T14:47:34+00:00\" \/>\n<meta property=\"og:image\" content=\"https:\/\/filles-de-la-charite.org\/wp-content\/uploads\/2023\/06\/CMs-and-DCs-Ward-SC.jpg\" \/>\n\t<meta property=\"og:image:width\" content=\"1405\" \/>\n\t<meta property=\"og:image:height\" content=\"1052\" \/>\n\t<meta property=\"og:image:type\" content=\"image\/jpeg\" \/>\n<meta name=\"author\" content=\"admin\" \/>\n<meta name=\"twitter:card\" content=\"summary_large_image\" \/>\n<meta name=\"twitter:label1\" content=\"Scritto da\" \/>\n\t<meta name=\"twitter:data1\" content=\"admin\" \/>\n\t<meta name=\"twitter:label2\" content=\"Tempo di lettura stimato\" \/>\n\t<meta name=\"twitter:data2\" content=\"3 minuti\" \/>\n<script type=\"application\/ld+json\" class=\"yoast-schema-graph\">{\"@context\":\"https:\\\/\\\/schema.org\",\"@graph\":[{\"@type\":\"Article\",\"@id\":\"https:\\\/\\\/filles-de-la-charite.org\\\/it\\\/casa-encuentro-ward-carolina-del-sud\\\/#article\",\"isPartOf\":{\"@id\":\"https:\\\/\\\/filles-de-la-charite.org\\\/it\\\/casa-encuentro-ward-carolina-del-sud\\\/\"},\"author\":{\"name\":\"admin\",\"@id\":\"https:\\\/\\\/filles-de-la-charite.org\\\/it\\\/#\\\/schema\\\/person\\\/427567b2eccfc2dd7d206da186a1f438\"},\"headline\":\"&#8220;Casa Encuentro&#8221;, Ward, Carolina del Sud\",\"datePublished\":\"2022-11-30T22:00:00+00:00\",\"dateModified\":\"2024-03-17T14:47:34+00:00\",\"mainEntityOfPage\":{\"@id\":\"https:\\\/\\\/filles-de-la-charite.org\\\/it\\\/casa-encuentro-ward-carolina-del-sud\\\/\"},\"wordCount\":570,\"publisher\":{\"@id\":\"https:\\\/\\\/filles-de-la-charite.org\\\/it\\\/#organization\"},\"image\":{\"@id\":\"https:\\\/\\\/filles-de-la-charite.org\\\/it\\\/casa-encuentro-ward-carolina-del-sud\\\/#primaryimage\"},\"thumbnailUrl\":\"https:\\\/\\\/filles-de-la-charite.org\\\/wp-content\\\/uploads\\\/2023\\\/06\\\/CMs-and-DCs-Ward-SC.jpg\",\"articleSection\":[\"Santa Luisa \u2013 USA\"],\"inLanguage\":\"it-IT\"},{\"@type\":\"WebPage\",\"@id\":\"https:\\\/\\\/filles-de-la-charite.org\\\/it\\\/casa-encuentro-ward-carolina-del-sud\\\/\",\"url\":\"https:\\\/\\\/filles-de-la-charite.org\\\/it\\\/casa-encuentro-ward-carolina-del-sud\\\/\",\"name\":\"\\\"Casa Encuentro\\\", Ward, Carolina del Sud - Filles de la Charit\u00e9\",\"isPartOf\":{\"@id\":\"https:\\\/\\\/filles-de-la-charite.org\\\/it\\\/#website\"},\"primaryImageOfPage\":{\"@id\":\"https:\\\/\\\/filles-de-la-charite.org\\\/it\\\/casa-encuentro-ward-carolina-del-sud\\\/#primaryimage\"},\"image\":{\"@id\":\"https:\\\/\\\/filles-de-la-charite.org\\\/it\\\/casa-encuentro-ward-carolina-del-sud\\\/#primaryimage\"},\"thumbnailUrl\":\"https:\\\/\\\/filles-de-la-charite.org\\\/wp-content\\\/uploads\\\/2023\\\/06\\\/CMs-and-DCs-Ward-SC.jpg\",\"datePublished\":\"2022-11-30T22:00:00+00:00\",\"dateModified\":\"2024-03-17T14:47:34+00:00\",\"breadcrumb\":{\"@id\":\"https:\\\/\\\/filles-de-la-charite.org\\\/it\\\/casa-encuentro-ward-carolina-del-sud\\\/#breadcrumb\"},\"inLanguage\":\"it-IT\",\"potentialAction\":[{\"@type\":\"ReadAction\",\"target\":[\"https:\\\/\\\/filles-de-la-charite.org\\\/it\\\/casa-encuentro-ward-carolina-del-sud\\\/\"]}]},{\"@type\":\"ImageObject\",\"inLanguage\":\"it-IT\",\"@id\":\"https:\\\/\\\/filles-de-la-charite.org\\\/it\\\/casa-encuentro-ward-carolina-del-sud\\\/#primaryimage\",\"url\":\"https:\\\/\\\/filles-de-la-charite.org\\\/wp-content\\\/uploads\\\/2023\\\/06\\\/CMs-and-DCs-Ward-SC.jpg\",\"contentUrl\":\"https:\\\/\\\/filles-de-la-charite.org\\\/wp-content\\\/uploads\\\/2023\\\/06\\\/CMs-and-DCs-Ward-SC.jpg\",\"width\":1405,\"height\":1052},{\"@type\":\"BreadcrumbList\",\"@id\":\"https:\\\/\\\/filles-de-la-charite.org\\\/it\\\/casa-encuentro-ward-carolina-del-sud\\\/#breadcrumb\",\"itemListElement\":[{\"@type\":\"ListItem\",\"position\":1,\"name\":\"Santa Luisa \u2013 USA\",\"item\":\"https:\\\/\\\/filles-de-la-charite.org\\\/it\\\/category\\\/santa-luisa-usa-it\\\/\"},{\"@type\":\"ListItem\",\"position\":2,\"name\":\"&#8220;Casa Encuentro&#8221;, Ward, Carolina del Sud\"}]},{\"@type\":\"WebSite\",\"@id\":\"https:\\\/\\\/filles-de-la-charite.org\\\/it\\\/#website\",\"url\":\"https:\\\/\\\/filles-de-la-charite.org\\\/it\\\/\",\"name\":\"Hijas de la Caridad\",\"description\":\"L\u2019amour de J\u00e9sus nous presse \u00e0 prendre soin des personnes les plus d\u00e9munies\",\"publisher\":{\"@id\":\"https:\\\/\\\/filles-de-la-charite.org\\\/it\\\/#organization\"},\"potentialAction\":[{\"@type\":\"SearchAction\",\"target\":{\"@type\":\"EntryPoint\",\"urlTemplate\":\"https:\\\/\\\/filles-de-la-charite.org\\\/it\\\/?s={search_term_string}\"},\"query-input\":{\"@type\":\"PropertyValueSpecification\",\"valueRequired\":true,\"valueName\":\"search_term_string\"}}],\"inLanguage\":\"it-IT\"},{\"@type\":\"Organization\",\"@id\":\"https:\\\/\\\/filles-de-la-charite.org\\\/it\\\/#organization\",\"name\":\"Hijas de la Caridad\",\"url\":\"https:\\\/\\\/filles-de-la-charite.org\\\/it\\\/\",\"logo\":{\"@type\":\"ImageObject\",\"inLanguage\":\"it-IT\",\"@id\":\"https:\\\/\\\/filles-de-la-charite.org\\\/it\\\/#\\\/schema\\\/logo\\\/image\\\/\",\"url\":\"https:\\\/\\\/filles-de-la-charite.org\\\/wp-content\\\/uploads\\\/2023\\\/03\\\/isotipo-Hijas-de-la-Caridad.png\",\"contentUrl\":\"https:\\\/\\\/filles-de-la-charite.org\\\/wp-content\\\/uploads\\\/2023\\\/03\\\/isotipo-Hijas-de-la-Caridad.png\",\"width\":1417,\"height\":1417,\"caption\":\"Hijas de la Caridad\"},\"image\":{\"@id\":\"https:\\\/\\\/filles-de-la-charite.org\\\/it\\\/#\\\/schema\\\/logo\\\/image\\\/\"}},{\"@type\":\"Person\",\"@id\":\"https:\\\/\\\/filles-de-la-charite.org\\\/it\\\/#\\\/schema\\\/person\\\/427567b2eccfc2dd7d206da186a1f438\",\"name\":\"admin\",\"image\":{\"@type\":\"ImageObject\",\"inLanguage\":\"it-IT\",\"@id\":\"https:\\\/\\\/secure.gravatar.com\\\/avatar\\\/948b492cce32b586ac2db0eaa926ee87024f7afe218d73b397ea5ddfc5f43ea1?s=96&d=mm&r=g\",\"url\":\"https:\\\/\\\/secure.gravatar.com\\\/avatar\\\/948b492cce32b586ac2db0eaa926ee87024f7afe218d73b397ea5ddfc5f43ea1?s=96&d=mm&r=g\",\"contentUrl\":\"https:\\\/\\\/secure.gravatar.com\\\/avatar\\\/948b492cce32b586ac2db0eaa926ee87024f7afe218d73b397ea5ddfc5f43ea1?s=96&d=mm&r=g\",\"caption\":\"admin\"},\"sameAs\":[\"https:\\\/\\\/filles-de-la-charite.org\"],\"url\":\"https:\\\/\\\/filles-de-la-charite.org\\\/it\\\/author\\\/caridad\\\/\"}]}<\/script>\n<!-- \/ Yoast SEO plugin. -->","yoast_head_json":{"title":"\"Casa Encuentro\", Ward, Carolina del Sud - Filles de la Charit\u00e9","robots":{"index":"index","follow":"follow","max-snippet":"max-snippet:-1","max-image-preview":"max-image-preview:large","max-video-preview":"max-video-preview:-1"},"canonical":"https:\/\/filles-de-la-charite.org\/it\/casa-encuentro-ward-carolina-del-sud\/","og_locale":"it_IT","og_type":"article","og_title":"\"Casa Encuentro\", Ward, Carolina del Sud - Filles de la Charit\u00e9","og_description":"\u00c8 passato poco pi\u00f9 di un anno da quando tre Figlie della Carit\u00e0 (Sr.Consuelo, Sr.Migdalia e Sr.Paula) e un sacerdote vincenziano della Provincia Orientale (P. Orlando Cardona) sono arrivati in Carolina del Sud per iniziare una nuova missione a favore degli immigrati.\u00a0 La contea di Saluda \u00e8 una zona scarsamente popolata (44 persone e 21 [&hellip;]","og_url":"https:\/\/filles-de-la-charite.org\/it\/casa-encuentro-ward-carolina-del-sud\/","og_site_name":"Filles de la Charit\u00e9","article_published_time":"2022-11-30T22:00:00+00:00","article_modified_time":"2024-03-17T14:47:34+00:00","og_image":[{"width":1405,"height":1052,"url":"https:\/\/filles-de-la-charite.org\/wp-content\/uploads\/2023\/06\/CMs-and-DCs-Ward-SC.jpg","type":"image\/jpeg"}],"author":"admin","twitter_card":"summary_large_image","twitter_misc":{"Scritto da":"admin","Tempo di lettura stimato":"3 minuti"},"schema":{"@context":"https:\/\/schema.org","@graph":[{"@type":"Article","@id":"https:\/\/filles-de-la-charite.org\/it\/casa-encuentro-ward-carolina-del-sud\/#article","isPartOf":{"@id":"https:\/\/filles-de-la-charite.org\/it\/casa-encuentro-ward-carolina-del-sud\/"},"author":{"name":"admin","@id":"https:\/\/filles-de-la-charite.org\/it\/#\/schema\/person\/427567b2eccfc2dd7d206da186a1f438"},"headline":"&#8220;Casa Encuentro&#8221;, Ward, Carolina del Sud","datePublished":"2022-11-30T22:00:00+00:00","dateModified":"2024-03-17T14:47:34+00:00","mainEntityOfPage":{"@id":"https:\/\/filles-de-la-charite.org\/it\/casa-encuentro-ward-carolina-del-sud\/"},"wordCount":570,"publisher":{"@id":"https:\/\/filles-de-la-charite.org\/it\/#organization"},"image":{"@id":"https:\/\/filles-de-la-charite.org\/it\/casa-encuentro-ward-carolina-del-sud\/#primaryimage"},"thumbnailUrl":"https:\/\/filles-de-la-charite.org\/wp-content\/uploads\/2023\/06\/CMs-and-DCs-Ward-SC.jpg","articleSection":["Santa Luisa \u2013 USA"],"inLanguage":"it-IT"},{"@type":"WebPage","@id":"https:\/\/filles-de-la-charite.org\/it\/casa-encuentro-ward-carolina-del-sud\/","url":"https:\/\/filles-de-la-charite.org\/it\/casa-encuentro-ward-carolina-del-sud\/","name":"\"Casa Encuentro\", Ward, Carolina del Sud - Filles de la Charit\u00e9","isPartOf":{"@id":"https:\/\/filles-de-la-charite.org\/it\/#website"},"primaryImageOfPage":{"@id":"https:\/\/filles-de-la-charite.org\/it\/casa-encuentro-ward-carolina-del-sud\/#primaryimage"},"image":{"@id":"https:\/\/filles-de-la-charite.org\/it\/casa-encuentro-ward-carolina-del-sud\/#primaryimage"},"thumbnailUrl":"https:\/\/filles-de-la-charite.org\/wp-content\/uploads\/2023\/06\/CMs-and-DCs-Ward-SC.jpg","datePublished":"2022-11-30T22:00:00+00:00","dateModified":"2024-03-17T14:47:34+00:00","breadcrumb":{"@id":"https:\/\/filles-de-la-charite.org\/it\/casa-encuentro-ward-carolina-del-sud\/#breadcrumb"},"inLanguage":"it-IT","potentialAction":[{"@type":"ReadAction","target":["https:\/\/filles-de-la-charite.org\/it\/casa-encuentro-ward-carolina-del-sud\/"]}]},{"@type":"ImageObject","inLanguage":"it-IT","@id":"https:\/\/filles-de-la-charite.org\/it\/casa-encuentro-ward-carolina-del-sud\/#primaryimage","url":"https:\/\/filles-de-la-charite.org\/wp-content\/uploads\/2023\/06\/CMs-and-DCs-Ward-SC.jpg","contentUrl":"https:\/\/filles-de-la-charite.org\/wp-content\/uploads\/2023\/06\/CMs-and-DCs-Ward-SC.jpg","width":1405,"height":1052},{"@type":"BreadcrumbList","@id":"https:\/\/filles-de-la-charite.org\/it\/casa-encuentro-ward-carolina-del-sud\/#breadcrumb","itemListElement":[{"@type":"ListItem","position":1,"name":"Santa Luisa \u2013 USA","item":"https:\/\/filles-de-la-charite.org\/it\/category\/santa-luisa-usa-it\/"},{"@type":"ListItem","position":2,"name":"&#8220;Casa Encuentro&#8221;, Ward, Carolina del Sud"}]},{"@type":"WebSite","@id":"https:\/\/filles-de-la-charite.org\/it\/#website","url":"https:\/\/filles-de-la-charite.org\/it\/","name":"Hijas de la Caridad","description":"L\u2019amour de J\u00e9sus nous presse \u00e0 prendre soin des personnes les plus d\u00e9munies","publisher":{"@id":"https:\/\/filles-de-la-charite.org\/it\/#organization"},"potentialAction":[{"@type":"SearchAction","target":{"@type":"EntryPoint","urlTemplate":"https:\/\/filles-de-la-charite.org\/it\/?s={search_term_string}"},"query-input":{"@type":"PropertyValueSpecification","valueRequired":true,"valueName":"search_term_string"}}],"inLanguage":"it-IT"},{"@type":"Organization","@id":"https:\/\/filles-de-la-charite.org\/it\/#organization","name":"Hijas de la Caridad","url":"https:\/\/filles-de-la-charite.org\/it\/","logo":{"@type":"ImageObject","inLanguage":"it-IT","@id":"https:\/\/filles-de-la-charite.org\/it\/#\/schema\/logo\/image\/","url":"https:\/\/filles-de-la-charite.org\/wp-content\/uploads\/2023\/03\/isotipo-Hijas-de-la-Caridad.png","contentUrl":"https:\/\/filles-de-la-charite.org\/wp-content\/uploads\/2023\/03\/isotipo-Hijas-de-la-Caridad.png","width":1417,"height":1417,"caption":"Hijas de la Caridad"},"image":{"@id":"https:\/\/filles-de-la-charite.org\/it\/#\/schema\/logo\/image\/"}},{"@type":"Person","@id":"https:\/\/filles-de-la-charite.org\/it\/#\/schema\/person\/427567b2eccfc2dd7d206da186a1f438","name":"admin","image":{"@type":"ImageObject","inLanguage":"it-IT","@id":"https:\/\/secure.gravatar.com\/avatar\/948b492cce32b586ac2db0eaa926ee87024f7afe218d73b397ea5ddfc5f43ea1?s=96&d=mm&r=g","url":"https:\/\/secure.gravatar.com\/avatar\/948b492cce32b586ac2db0eaa926ee87024f7afe218d73b397ea5ddfc5f43ea1?s=96&d=mm&r=g","contentUrl":"https:\/\/secure.gravatar.com\/avatar\/948b492cce32b586ac2db0eaa926ee87024f7afe218d73b397ea5ddfc5f43ea1?s=96&d=mm&r=g","caption":"admin"},"sameAs":["https:\/\/filles-de-la-charite.org"],"url":"https:\/\/filles-de-la-charite.org\/it\/author\/caridad\/"}]}},"_links":{"self":[{"href":"https:\/\/filles-de-la-charite.org\/it\/wp-json\/wp\/v2\/posts\/23539","targetHints":{"allow":["GET"]}}],"collection":[{"href":"https:\/\/filles-de-la-charite.org\/it\/wp-json\/wp\/v2\/posts"}],"about":[{"href":"https:\/\/filles-de-la-charite.org\/it\/wp-json\/wp\/v2\/types\/post"}],"author":[{"embeddable":true,"href":"https:\/\/filles-de-la-charite.org\/it\/wp-json\/wp\/v2\/users\/1"}],"replies":[{"embeddable":true,"href":"https:\/\/filles-de-la-charite.org\/it\/wp-json\/wp\/v2\/comments?post=23539"}],"version-history":[{"count":1,"href":"https:\/\/filles-de-la-charite.org\/it\/wp-json\/wp\/v2\/posts\/23539\/revisions"}],"predecessor-version":[{"id":23540,"href":"https:\/\/filles-de-la-charite.org\/it\/wp-json\/wp\/v2\/posts\/23539\/revisions\/23540"}],"wp:featuredmedia":[{"embeddable":true,"href":"https:\/\/filles-de-la-charite.org\/it\/wp-json\/wp\/v2\/media\/17392"}],"wp:attachment":[{"href":"https:\/\/filles-de-la-charite.org\/it\/wp-json\/wp\/v2\/media?parent=23539"}],"wp:term":[{"taxonomy":"category","embeddable":true,"href":"https:\/\/filles-de-la-charite.org\/it\/wp-json\/wp\/v2\/categories?post=23539"},{"taxonomy":"post_tag","embeddable":true,"href":"https:\/\/filles-de-la-charite.org\/it\/wp-json\/wp\/v2\/tags?post=23539"}],"curies":[{"name":"wp","href":"https:\/\/api.w.org\/{rel}","templated":true}]}}