{"id":23543,"date":"2022-12-31T23:00:00","date_gmt":"2022-12-31T22:00:00","guid":{"rendered":"https:\/\/hijascaridad.sjdigitaldemo.ovh\/un-cammino-di-profezia-e-speranza\/"},"modified":"2024-03-17T15:47:11","modified_gmt":"2024-03-17T14:47:11","slug":"un-cammino-di-profezia-e-speranza","status":"publish","type":"post","link":"https:\/\/filles-de-la-charite.org\/it\/un-cammino-di-profezia-e-speranza\/","title":{"rendered":"<strong>Un cammino di profezia e speranza<\/strong>"},"content":{"rendered":"\n<p><strong>\"<em>Il tema delle Assemblee ha impegnato la Compagnia in un processo di apertura<\/em>\". <\/strong>(D.I.A. - Porta 1). In tale prospettiva, 32 Figlie della Carit\u00e0 si sono riunite in Ecuador dal 28 settembre al 6 ottobre per riflettere e approfondire la conoscenza relativa alla gestione dei beni nel contesto dell'America Latina.<\/p>\n\n\n\n<p>Le Visitatrici, le Economhe provinciali e le Suore Econome responsabili dell'America Latina e dei Caraibi - 8 Province, 21 Paesi - erano accompagnate da Suor Alicia Margarita Cort\u00e9s, Consigliera generale, da Suor Isel Negrelli, Economa generale, e Suor Immaculada Ladrero, membro della Commissione Internazionale delle Finanze. Abbiamo notato, a un livello pi\u00f9 profondo, che il servizio dell'economa nel mondo di oggi \u00e8 un \"<em>cammino di profezia e di speranza<\/em>\" e che la missione e il carisma delle Figlie della Carit\u00e0 vanno oltre l'amministrazione degli affari finanziari.<\/p>\n\n\n\n<figure class=\"wp-block-image size-full\"><img decoding=\"async\" src=\"https:\/\/filles-de-la-charite.org\/wp-content\/uploads\/2023\/06\/Altar-Apertura-del-Encuentro.jpg\" alt=\"\" class=\"wp-image-72303\"\/><\/figure>\n\n\n\n<p>\u00c8 necessario \"<em>umanizzare<\/em>\" la finanza, le nostre relazioni, i servizi e l'ambiente di lavoro come base di una nuova economia centrata sulle persone e al servizio della \"<em>vita<\/em>\". Dobbiamo renderci conto, oggi pi\u00f9 che mai, che le risorse che abbiamo non sono infinite e che devono essere utilizzate per rispondere ai bisogni delle Suore e dei poveri, oggi e in futuro, con fiducia nella Provvidenza di Dio.<\/p>\n\n\n\n<figure class=\"wp-block-image alignwide size-large\"><img decoding=\"async\" src=\"https:\/\/filles-de-la-charite.org\/wp-content\/uploads\/2023\/06\/Ecuador-Hermanas-Enlace-1024x461-1.jpg\" alt=\"\" class=\"wp-image-72304\"\/><\/figure>\n\n\n\n<p>Alla luce degli scambi e di quanto ricevuto in questi giorni, abbiamo elaborato le nostre conclusioni in un Documento che, seguendo il modello del testo offerto dal Documento Interassemblee Ephata, ci invita a passare attraverso tre porte: Carisma, Formazione e Amministrazione, con le rispettive chiavi: Conversione per progredire nella fraternit\u00e0, Apertura di mente come base di ogni cambiamento e Presenza come missione.<\/p>\n\n\n\n<p>La nostra Gratitudine va a Suor Fran\u00e7oise e al suo Consiglio per aver offerto spazi di formazione e di aggiornamento che rafforzano i nostri legami fraterni; il nostro Grazie anche a Suor Isel che sta iniziando il suo servizio come Economa generale e a Suor Inmaculada del CIF, che ci hanno accompagnato con la loro testimonianza di semplicit\u00e0 e impegno in solidariet\u00e0 con i nostri Fratelli e Sorelle che soffrono di pi\u00f9.<\/p>\n\n\n\n<p>Un Grazie speciale anche alle Sorelle della Provincia dell'Ecuador che, con tanta generosit\u00e0, gioia e creativit\u00e0 hanno preparato e animato questo incontro facendoci sentire il calore della loro accoglienza.<\/p>\n\n\n\n<p>Suor Ediltrudis Acevedo e Suor Mar\u00eda Helena Daza<\/p>\n\n\n\n<p><em>Comitato di redazione dell'Assemblea.<\/em><\/p>\n\n\n\n<p><\/p>\n","protected":false},"excerpt":{"rendered":"<p>&#8220;Il tema delle Assemblee ha impegnato la Compagnia in un processo di apertura&#8220;. (D.I.A. &#8211; Porta 1). In tale prospettiva, 32 Figlie della Carit\u00e0 si sono riunite in Ecuador dal 28 settembre al 6 ottobre per riflettere e approfondire la conoscenza relativa alla gestione dei beni nel contesto dell&#8217;America Latina. Le Visitatrici, le Economhe provinciali [&hellip;]<\/p>\n","protected":false},"author":1,"featured_media":17438,"comment_status":"closed","ping_status":"closed","sticky":false,"template":"","format":"standard","meta":{"_acf_changed":false,"footnotes":"","_links_to":"","_links_to_target":""},"categories":[785],"tags":[],"class_list":["post-23543","post","type-post","status-publish","format-standard","has-post-thumbnail","hentry","category-ecuador-it"],"acf":[],"yoast_head":"<!-- This site is optimized with the Yoast SEO plugin v27.5 - https:\/\/yoast.com\/product\/yoast-seo-wordpress\/ -->\n<title>Un cammino di profezia e speranza - Filles de la Charit\u00e9<\/title>\n<meta name=\"robots\" content=\"index, follow, max-snippet:-1, max-image-preview:large, max-video-preview:-1\" \/>\n<link rel=\"canonical\" href=\"https:\/\/filles-de-la-charite.org\/it\/un-cammino-di-profezia-e-speranza\/\" \/>\n<meta property=\"og:locale\" content=\"it_IT\" \/>\n<meta property=\"og:type\" content=\"article\" \/>\n<meta property=\"og:title\" content=\"Un cammino di profezia e speranza - Filles de la Charit\u00e9\" \/>\n<meta property=\"og:description\" content=\"&#8220;Il tema delle Assemblee ha impegnato la Compagnia in un processo di apertura&#8220;. (D.I.A. &#8211; Porta 1). In tale prospettiva, 32 Figlie della Carit\u00e0 si sono riunite in Ecuador dal 28 settembre al 6 ottobre per riflettere e approfondire la conoscenza relativa alla gestione dei beni nel contesto dell&#8217;America Latina. Le Visitatrici, le Economhe provinciali [&hellip;]\" \/>\n<meta property=\"og:url\" content=\"https:\/\/filles-de-la-charite.org\/it\/un-cammino-di-profezia-e-speranza\/\" \/>\n<meta property=\"og:site_name\" content=\"Filles de la Charit\u00e9\" \/>\n<meta property=\"article:published_time\" content=\"2022-12-31T22:00:00+00:00\" \/>\n<meta property=\"article:modified_time\" content=\"2024-03-17T14:47:11+00:00\" \/>\n<meta property=\"og:image\" content=\"https:\/\/filles-de-la-charite.org\/wp-content\/uploads\/2023\/06\/Ecuador-Economas-horizontal_auto_x2.jpg\" \/>\n\t<meta property=\"og:image:width\" content=\"1148\" \/>\n\t<meta property=\"og:image:height\" content=\"646\" \/>\n\t<meta property=\"og:image:type\" content=\"image\/jpeg\" \/>\n<meta name=\"author\" content=\"admin\" \/>\n<meta name=\"twitter:card\" content=\"summary_large_image\" \/>\n<meta name=\"twitter:label1\" content=\"Scritto da\" \/>\n\t<meta name=\"twitter:data1\" content=\"admin\" \/>\n\t<meta name=\"twitter:label2\" content=\"Tempo di lettura stimato\" \/>\n\t<meta name=\"twitter:data2\" content=\"2 minuti\" \/>\n<script type=\"application\/ld+json\" class=\"yoast-schema-graph\">{\"@context\":\"https:\\\/\\\/schema.org\",\"@graph\":[{\"@type\":\"Article\",\"@id\":\"https:\\\/\\\/filles-de-la-charite.org\\\/it\\\/un-cammino-di-profezia-e-speranza\\\/#article\",\"isPartOf\":{\"@id\":\"https:\\\/\\\/filles-de-la-charite.org\\\/it\\\/un-cammino-di-profezia-e-speranza\\\/\"},\"author\":{\"name\":\"admin\",\"@id\":\"https:\\\/\\\/filles-de-la-charite.org\\\/it\\\/#\\\/schema\\\/person\\\/427567b2eccfc2dd7d206da186a1f438\"},\"headline\":\"Un cammino di profezia e speranza\",\"datePublished\":\"2022-12-31T22:00:00+00:00\",\"dateModified\":\"2024-03-17T14:47:11+00:00\",\"mainEntityOfPage\":{\"@id\":\"https:\\\/\\\/filles-de-la-charite.org\\\/it\\\/un-cammino-di-profezia-e-speranza\\\/\"},\"wordCount\":388,\"publisher\":{\"@id\":\"https:\\\/\\\/filles-de-la-charite.org\\\/it\\\/#organization\"},\"image\":{\"@id\":\"https:\\\/\\\/filles-de-la-charite.org\\\/it\\\/un-cammino-di-profezia-e-speranza\\\/#primaryimage\"},\"thumbnailUrl\":\"https:\\\/\\\/filles-de-la-charite.org\\\/wp-content\\\/uploads\\\/2023\\\/06\\\/Ecuador-Economas-horizontal_auto_x2.jpg\",\"articleSection\":[\"Ecuador\"],\"inLanguage\":\"it-IT\"},{\"@type\":\"WebPage\",\"@id\":\"https:\\\/\\\/filles-de-la-charite.org\\\/it\\\/un-cammino-di-profezia-e-speranza\\\/\",\"url\":\"https:\\\/\\\/filles-de-la-charite.org\\\/it\\\/un-cammino-di-profezia-e-speranza\\\/\",\"name\":\"Un cammino di profezia e speranza - Filles de la Charit\u00e9\",\"isPartOf\":{\"@id\":\"https:\\\/\\\/filles-de-la-charite.org\\\/it\\\/#website\"},\"primaryImageOfPage\":{\"@id\":\"https:\\\/\\\/filles-de-la-charite.org\\\/it\\\/un-cammino-di-profezia-e-speranza\\\/#primaryimage\"},\"image\":{\"@id\":\"https:\\\/\\\/filles-de-la-charite.org\\\/it\\\/un-cammino-di-profezia-e-speranza\\\/#primaryimage\"},\"thumbnailUrl\":\"https:\\\/\\\/filles-de-la-charite.org\\\/wp-content\\\/uploads\\\/2023\\\/06\\\/Ecuador-Economas-horizontal_auto_x2.jpg\",\"datePublished\":\"2022-12-31T22:00:00+00:00\",\"dateModified\":\"2024-03-17T14:47:11+00:00\",\"breadcrumb\":{\"@id\":\"https:\\\/\\\/filles-de-la-charite.org\\\/it\\\/un-cammino-di-profezia-e-speranza\\\/#breadcrumb\"},\"inLanguage\":\"it-IT\",\"potentialAction\":[{\"@type\":\"ReadAction\",\"target\":[\"https:\\\/\\\/filles-de-la-charite.org\\\/it\\\/un-cammino-di-profezia-e-speranza\\\/\"]}]},{\"@type\":\"ImageObject\",\"inLanguage\":\"it-IT\",\"@id\":\"https:\\\/\\\/filles-de-la-charite.org\\\/it\\\/un-cammino-di-profezia-e-speranza\\\/#primaryimage\",\"url\":\"https:\\\/\\\/filles-de-la-charite.org\\\/wp-content\\\/uploads\\\/2023\\\/06\\\/Ecuador-Economas-horizontal_auto_x2.jpg\",\"contentUrl\":\"https:\\\/\\\/filles-de-la-charite.org\\\/wp-content\\\/uploads\\\/2023\\\/06\\\/Ecuador-Economas-horizontal_auto_x2.jpg\",\"width\":1148,\"height\":646},{\"@type\":\"BreadcrumbList\",\"@id\":\"https:\\\/\\\/filles-de-la-charite.org\\\/it\\\/un-cammino-di-profezia-e-speranza\\\/#breadcrumb\",\"itemListElement\":[{\"@type\":\"ListItem\",\"position\":1,\"name\":\"Ecuador\",\"item\":\"https:\\\/\\\/filles-de-la-charite.org\\\/it\\\/category\\\/ecuador-it\\\/\"},{\"@type\":\"ListItem\",\"position\":2,\"name\":\"Un cammino di profezia e speranza\"}]},{\"@type\":\"WebSite\",\"@id\":\"https:\\\/\\\/filles-de-la-charite.org\\\/it\\\/#website\",\"url\":\"https:\\\/\\\/filles-de-la-charite.org\\\/it\\\/\",\"name\":\"Hijas de la Caridad\",\"description\":\"L\u2019amour de J\u00e9sus nous presse \u00e0 prendre soin des personnes les plus d\u00e9munies\",\"publisher\":{\"@id\":\"https:\\\/\\\/filles-de-la-charite.org\\\/it\\\/#organization\"},\"potentialAction\":[{\"@type\":\"SearchAction\",\"target\":{\"@type\":\"EntryPoint\",\"urlTemplate\":\"https:\\\/\\\/filles-de-la-charite.org\\\/it\\\/?s={search_term_string}\"},\"query-input\":{\"@type\":\"PropertyValueSpecification\",\"valueRequired\":true,\"valueName\":\"search_term_string\"}}],\"inLanguage\":\"it-IT\"},{\"@type\":\"Organization\",\"@id\":\"https:\\\/\\\/filles-de-la-charite.org\\\/it\\\/#organization\",\"name\":\"Hijas de la Caridad\",\"url\":\"https:\\\/\\\/filles-de-la-charite.org\\\/it\\\/\",\"logo\":{\"@type\":\"ImageObject\",\"inLanguage\":\"it-IT\",\"@id\":\"https:\\\/\\\/filles-de-la-charite.org\\\/it\\\/#\\\/schema\\\/logo\\\/image\\\/\",\"url\":\"https:\\\/\\\/filles-de-la-charite.org\\\/wp-content\\\/uploads\\\/2023\\\/03\\\/isotipo-Hijas-de-la-Caridad.png\",\"contentUrl\":\"https:\\\/\\\/filles-de-la-charite.org\\\/wp-content\\\/uploads\\\/2023\\\/03\\\/isotipo-Hijas-de-la-Caridad.png\",\"width\":1417,\"height\":1417,\"caption\":\"Hijas de la Caridad\"},\"image\":{\"@id\":\"https:\\\/\\\/filles-de-la-charite.org\\\/it\\\/#\\\/schema\\\/logo\\\/image\\\/\"}},{\"@type\":\"Person\",\"@id\":\"https:\\\/\\\/filles-de-la-charite.org\\\/it\\\/#\\\/schema\\\/person\\\/427567b2eccfc2dd7d206da186a1f438\",\"name\":\"admin\",\"image\":{\"@type\":\"ImageObject\",\"inLanguage\":\"it-IT\",\"@id\":\"https:\\\/\\\/secure.gravatar.com\\\/avatar\\\/948b492cce32b586ac2db0eaa926ee87024f7afe218d73b397ea5ddfc5f43ea1?s=96&d=mm&r=g\",\"url\":\"https:\\\/\\\/secure.gravatar.com\\\/avatar\\\/948b492cce32b586ac2db0eaa926ee87024f7afe218d73b397ea5ddfc5f43ea1?s=96&d=mm&r=g\",\"contentUrl\":\"https:\\\/\\\/secure.gravatar.com\\\/avatar\\\/948b492cce32b586ac2db0eaa926ee87024f7afe218d73b397ea5ddfc5f43ea1?s=96&d=mm&r=g\",\"caption\":\"admin\"},\"sameAs\":[\"https:\\\/\\\/filles-de-la-charite.org\"],\"url\":\"https:\\\/\\\/filles-de-la-charite.org\\\/it\\\/author\\\/caridad\\\/\"}]}<\/script>\n<!-- \/ Yoast SEO plugin. -->","yoast_head_json":{"title":"Un cammino di profezia e speranza - Filles de la Charit\u00e9","robots":{"index":"index","follow":"follow","max-snippet":"max-snippet:-1","max-image-preview":"max-image-preview:large","max-video-preview":"max-video-preview:-1"},"canonical":"https:\/\/filles-de-la-charite.org\/it\/un-cammino-di-profezia-e-speranza\/","og_locale":"it_IT","og_type":"article","og_title":"Un cammino di profezia e speranza - Filles de la Charit\u00e9","og_description":"&#8220;Il tema delle Assemblee ha impegnato la Compagnia in un processo di apertura&#8220;. (D.I.A. &#8211; Porta 1). In tale prospettiva, 32 Figlie della Carit\u00e0 si sono riunite in Ecuador dal 28 settembre al 6 ottobre per riflettere e approfondire la conoscenza relativa alla gestione dei beni nel contesto dell&#8217;America Latina. Le Visitatrici, le Economhe provinciali [&hellip;]","og_url":"https:\/\/filles-de-la-charite.org\/it\/un-cammino-di-profezia-e-speranza\/","og_site_name":"Filles de la Charit\u00e9","article_published_time":"2022-12-31T22:00:00+00:00","article_modified_time":"2024-03-17T14:47:11+00:00","og_image":[{"width":1148,"height":646,"url":"https:\/\/filles-de-la-charite.org\/wp-content\/uploads\/2023\/06\/Ecuador-Economas-horizontal_auto_x2.jpg","type":"image\/jpeg"}],"author":"admin","twitter_card":"summary_large_image","twitter_misc":{"Scritto da":"admin","Tempo di lettura stimato":"2 minuti"},"schema":{"@context":"https:\/\/schema.org","@graph":[{"@type":"Article","@id":"https:\/\/filles-de-la-charite.org\/it\/un-cammino-di-profezia-e-speranza\/#article","isPartOf":{"@id":"https:\/\/filles-de-la-charite.org\/it\/un-cammino-di-profezia-e-speranza\/"},"author":{"name":"admin","@id":"https:\/\/filles-de-la-charite.org\/it\/#\/schema\/person\/427567b2eccfc2dd7d206da186a1f438"},"headline":"Un cammino di profezia e speranza","datePublished":"2022-12-31T22:00:00+00:00","dateModified":"2024-03-17T14:47:11+00:00","mainEntityOfPage":{"@id":"https:\/\/filles-de-la-charite.org\/it\/un-cammino-di-profezia-e-speranza\/"},"wordCount":388,"publisher":{"@id":"https:\/\/filles-de-la-charite.org\/it\/#organization"},"image":{"@id":"https:\/\/filles-de-la-charite.org\/it\/un-cammino-di-profezia-e-speranza\/#primaryimage"},"thumbnailUrl":"https:\/\/filles-de-la-charite.org\/wp-content\/uploads\/2023\/06\/Ecuador-Economas-horizontal_auto_x2.jpg","articleSection":["Ecuador"],"inLanguage":"it-IT"},{"@type":"WebPage","@id":"https:\/\/filles-de-la-charite.org\/it\/un-cammino-di-profezia-e-speranza\/","url":"https:\/\/filles-de-la-charite.org\/it\/un-cammino-di-profezia-e-speranza\/","name":"Un cammino di profezia e speranza - Filles de la Charit\u00e9","isPartOf":{"@id":"https:\/\/filles-de-la-charite.org\/it\/#website"},"primaryImageOfPage":{"@id":"https:\/\/filles-de-la-charite.org\/it\/un-cammino-di-profezia-e-speranza\/#primaryimage"},"image":{"@id":"https:\/\/filles-de-la-charite.org\/it\/un-cammino-di-profezia-e-speranza\/#primaryimage"},"thumbnailUrl":"https:\/\/filles-de-la-charite.org\/wp-content\/uploads\/2023\/06\/Ecuador-Economas-horizontal_auto_x2.jpg","datePublished":"2022-12-31T22:00:00+00:00","dateModified":"2024-03-17T14:47:11+00:00","breadcrumb":{"@id":"https:\/\/filles-de-la-charite.org\/it\/un-cammino-di-profezia-e-speranza\/#breadcrumb"},"inLanguage":"it-IT","potentialAction":[{"@type":"ReadAction","target":["https:\/\/filles-de-la-charite.org\/it\/un-cammino-di-profezia-e-speranza\/"]}]},{"@type":"ImageObject","inLanguage":"it-IT","@id":"https:\/\/filles-de-la-charite.org\/it\/un-cammino-di-profezia-e-speranza\/#primaryimage","url":"https:\/\/filles-de-la-charite.org\/wp-content\/uploads\/2023\/06\/Ecuador-Economas-horizontal_auto_x2.jpg","contentUrl":"https:\/\/filles-de-la-charite.org\/wp-content\/uploads\/2023\/06\/Ecuador-Economas-horizontal_auto_x2.jpg","width":1148,"height":646},{"@type":"BreadcrumbList","@id":"https:\/\/filles-de-la-charite.org\/it\/un-cammino-di-profezia-e-speranza\/#breadcrumb","itemListElement":[{"@type":"ListItem","position":1,"name":"Ecuador","item":"https:\/\/filles-de-la-charite.org\/it\/category\/ecuador-it\/"},{"@type":"ListItem","position":2,"name":"Un cammino di profezia e speranza"}]},{"@type":"WebSite","@id":"https:\/\/filles-de-la-charite.org\/it\/#website","url":"https:\/\/filles-de-la-charite.org\/it\/","name":"Hijas de la Caridad","description":"L\u2019amour de J\u00e9sus nous presse \u00e0 prendre soin des personnes les plus d\u00e9munies","publisher":{"@id":"https:\/\/filles-de-la-charite.org\/it\/#organization"},"potentialAction":[{"@type":"SearchAction","target":{"@type":"EntryPoint","urlTemplate":"https:\/\/filles-de-la-charite.org\/it\/?s={search_term_string}"},"query-input":{"@type":"PropertyValueSpecification","valueRequired":true,"valueName":"search_term_string"}}],"inLanguage":"it-IT"},{"@type":"Organization","@id":"https:\/\/filles-de-la-charite.org\/it\/#organization","name":"Hijas de la Caridad","url":"https:\/\/filles-de-la-charite.org\/it\/","logo":{"@type":"ImageObject","inLanguage":"it-IT","@id":"https:\/\/filles-de-la-charite.org\/it\/#\/schema\/logo\/image\/","url":"https:\/\/filles-de-la-charite.org\/wp-content\/uploads\/2023\/03\/isotipo-Hijas-de-la-Caridad.png","contentUrl":"https:\/\/filles-de-la-charite.org\/wp-content\/uploads\/2023\/03\/isotipo-Hijas-de-la-Caridad.png","width":1417,"height":1417,"caption":"Hijas de la Caridad"},"image":{"@id":"https:\/\/filles-de-la-charite.org\/it\/#\/schema\/logo\/image\/"}},{"@type":"Person","@id":"https:\/\/filles-de-la-charite.org\/it\/#\/schema\/person\/427567b2eccfc2dd7d206da186a1f438","name":"admin","image":{"@type":"ImageObject","inLanguage":"it-IT","@id":"https:\/\/secure.gravatar.com\/avatar\/948b492cce32b586ac2db0eaa926ee87024f7afe218d73b397ea5ddfc5f43ea1?s=96&d=mm&r=g","url":"https:\/\/secure.gravatar.com\/avatar\/948b492cce32b586ac2db0eaa926ee87024f7afe218d73b397ea5ddfc5f43ea1?s=96&d=mm&r=g","contentUrl":"https:\/\/secure.gravatar.com\/avatar\/948b492cce32b586ac2db0eaa926ee87024f7afe218d73b397ea5ddfc5f43ea1?s=96&d=mm&r=g","caption":"admin"},"sameAs":["https:\/\/filles-de-la-charite.org"],"url":"https:\/\/filles-de-la-charite.org\/it\/author\/caridad\/"}]}},"_links":{"self":[{"href":"https:\/\/filles-de-la-charite.org\/it\/wp-json\/wp\/v2\/posts\/23543","targetHints":{"allow":["GET"]}}],"collection":[{"href":"https:\/\/filles-de-la-charite.org\/it\/wp-json\/wp\/v2\/posts"}],"about":[{"href":"https:\/\/filles-de-la-charite.org\/it\/wp-json\/wp\/v2\/types\/post"}],"author":[{"embeddable":true,"href":"https:\/\/filles-de-la-charite.org\/it\/wp-json\/wp\/v2\/users\/1"}],"replies":[{"embeddable":true,"href":"https:\/\/filles-de-la-charite.org\/it\/wp-json\/wp\/v2\/comments?post=23543"}],"version-history":[{"count":1,"href":"https:\/\/filles-de-la-charite.org\/it\/wp-json\/wp\/v2\/posts\/23543\/revisions"}],"predecessor-version":[{"id":23544,"href":"https:\/\/filles-de-la-charite.org\/it\/wp-json\/wp\/v2\/posts\/23543\/revisions\/23544"}],"wp:featuredmedia":[{"embeddable":true,"href":"https:\/\/filles-de-la-charite.org\/it\/wp-json\/wp\/v2\/media\/17438"}],"wp:attachment":[{"href":"https:\/\/filles-de-la-charite.org\/it\/wp-json\/wp\/v2\/media?parent=23543"}],"wp:term":[{"taxonomy":"category","embeddable":true,"href":"https:\/\/filles-de-la-charite.org\/it\/wp-json\/wp\/v2\/categories?post=23543"},{"taxonomy":"post_tag","embeddable":true,"href":"https:\/\/filles-de-la-charite.org\/it\/wp-json\/wp\/v2\/tags?post=23543"}],"curies":[{"name":"wp","href":"https:\/\/api.w.org\/{rel}","templated":true}]}}