{"id":23545,"date":"2023-01-27T13:27:58","date_gmt":"2023-01-27T12:27:58","guid":{"rendered":"https:\/\/hijascaridad.sjdigitaldemo.ovh\/il-presidente-e-sua-moglie-rendono-omaggio-a-sr-andre\/"},"modified":"2024-03-17T15:46:53","modified_gmt":"2024-03-17T14:46:53","slug":"il-presidente-e-sua-moglie-rendono-omaggio-a-sr-andre","status":"publish","type":"post","link":"https:\/\/filles-de-la-charite.org\/it\/il-presidente-e-sua-moglie-rendono-omaggio-a-sr-andre\/","title":{"rendered":"<strong>Il Presidente e sua moglie rendono\u00a0omaggio a Sr.\u00a0Andr\u00e9<\/strong>"},"content":{"rendered":"\n<p><em>La morte di Suor Andr\u00e9, decana dell&#8217;umanit\u00e0<\/em><\/p>\n\n\n\n<p><em>Pubblicato il 18 gennaio 2023<\/em><\/p>\n\n\n\n<p>La persona pi\u00f9 anziana del mondo, la suora di C\u00e9vennes Suor Andr\u00e9, \u00e8 morta all&#8217;et\u00e0 di 118 anni. Nel corso di una vita segnata da 18 presidenti della Repubblica e da due guerre mondiali, era diventata per i francesi un emblema di continuit\u00e0 e resistenza, una memoria del secolo.<\/p>\n\n\n\n<p>Ricordava l&#8217;arrivo dell&#8217;elettricit\u00e0 nella sua piccola scuola di Al\u00e8s, l&#8217;avvento dell&#8217;automobile e dell&#8217;aviazione e le difficolt\u00e0 della guerra.<\/p>\n\n\n\n<p>Ricordava di aver osservato ogni mattina il corriere che consegnava gli avvisi di morte sul fronte e di aver tirato un sospiro di sollievo quando passava, segno che nessuno dei suoi tre fratelli era stato ucciso. Ha raccontato il giorno pi\u00f9 felice della sua vita, l&#8217;Armistizio, quando la gente di tutta la regione si era riunita nella piazza del paese tra lacrime e canti.<\/p>\n\n\n\n<p>Ricordava il suo arrivo a Parigi, i suoi anni come istitutrice, in particolare con i figli del costruttore della Casa automobilistica Peugeot, e l&#8217;assassinio del suo presidente preferito Paul Doumer.<\/p>\n\n\n\n<p>Spiegava la sua conversione e il suo battesimo in et\u00e0 adulta, poi la sua decisione, a quarant&#8217;anni passati, di entrare in religione nella Compagnia delle Figlie della Carit\u00e0, lasciando il suo nome di Lucile Randon per quello di Suor Andrea, scritto al maschile in omaggio al fratello maggiore che amava tanto. Ripercorreva i decenni passati ad occuparsi di orfani, malati, anziani, in un ospedale di Vichy, poi nella Dr\u00f4me, prima di raggiungere la Savoia.<\/p>\n\n\n\n<p>Lei che coltivava ancora, a 118 anni i suoi due piaceri quotidiani, un bicchiere di vino e un quadratino di cioccolato, teneva viva una tradizione francese di longevit\u00e0, scherzando spesso sul record dei 122 anni dell&#8217;Arlesiana Jeanne Calment, alla quale faceva concorrenza ogni giorno di pi\u00f9.<\/p>\n\n\n\n<p>Nel 2021, la sua guarigione dal Covid aveva fatto di lei un simbolo di speranza che aveva suscitato migliaia di messaggi da tutto il mondo.<\/p>\n\n\n\n<p>Per lei, la sua longevit\u00e0 era allo stesso tempo \u00abun orgoglio e un disastro\u00bb, perch\u00e9 la sua salute non le permetteva pi\u00f9 di servire abbastanza gli altri, desiderio che la animava profondamente fin dall&#8217;infanzia. Immobilizzata su una sedia a rotelle, cieca, portava sempre, come ricordo di questa vocazione, il velo blu della sua congregazione. La porta della sua camera, nel suo Ehpad di Tolone, rimaneva costantemente aperta per accogliere chiunque avesse bisogno di confidarle un segreto, una preghiera, o un po&#8217; di un fardello troppo pesante.<\/p>\n\n\n\n<p>Il Presidente della Repubblica e sua moglie salutano questa personalit\u00e0 altruista che i francesi consideravano una figura simbolo, fonte di orgoglio e di attaccamento. Inviano alla sua cara famiglia le pi\u00f9 sentite condoglianze.<\/p>\n\n\n\n<p><a href=\"https:\/\/www.elysee.fr\/emmanuel-macron\/2023\/01\/18\/deces-de-soeur-andre-doyenne-de-lhumanite\">https:\/\/www.elysee.fr\/emmanuel-macron\/2023\/01\/18\/deces-de-soeur-andre-doyenne-de-lhumanite<\/a><\/p>\n","protected":false},"excerpt":{"rendered":"<p>La morte di Suor Andr\u00e9, decana dell&#8217;umanit\u00e0 Pubblicato il 18 gennaio 2023 La persona pi\u00f9 anziana del mondo, la suora di C\u00e9vennes Suor Andr\u00e9, \u00e8 morta all&#8217;et\u00e0 di 118 anni. Nel corso di una vita segnata da 18 presidenti della Repubblica e da due guerre mondiali, era diventata per i francesi un emblema di continuit\u00e0 [&hellip;]<\/p>\n","protected":false},"author":1,"featured_media":17445,"comment_status":"closed","ping_status":"closed","sticky":false,"template":"","format":"standard","meta":{"_acf_changed":false,"_et_pb_use_builder":"","_et_pb_old_content":"","_et_gb_content_width":"","footnotes":"","_links_to":"","_links_to_target":""},"categories":[564],"tags":[],"class_list":["post-23545","post","type-post","status-publish","format-standard","has-post-thumbnail","hentry","category-belgio-francia-svizzera-it"],"acf":[],"yoast_head":"<!-- This site is optimized with the Yoast SEO plugin v27.5 - https:\/\/yoast.com\/product\/yoast-seo-wordpress\/ -->\n<title>Il Presidente e sua moglie rendono\u00a0omaggio a Sr.\u00a0Andr\u00e9 - Filles de la Charit\u00e9<\/title>\n<meta name=\"robots\" content=\"index, follow, max-snippet:-1, max-image-preview:large, max-video-preview:-1\" \/>\n<link rel=\"canonical\" href=\"https:\/\/filles-de-la-charite.org\/it\/il-presidente-e-sua-moglie-rendono-omaggio-a-sr-andre\/\" \/>\n<meta property=\"og:locale\" content=\"it_IT\" \/>\n<meta property=\"og:type\" content=\"article\" \/>\n<meta property=\"og:title\" content=\"Il Presidente e sua moglie rendono\u00a0omaggio a Sr.\u00a0Andr\u00e9 - Filles de la Charit\u00e9\" \/>\n<meta property=\"og:description\" content=\"La morte di Suor Andr\u00e9, decana dell&#8217;umanit\u00e0 Pubblicato il 18 gennaio 2023 La persona pi\u00f9 anziana del mondo, la suora di C\u00e9vennes Suor Andr\u00e9, \u00e8 morta all&#8217;et\u00e0 di 118 anni. Nel corso di una vita segnata da 18 presidenti della Repubblica e da due guerre mondiali, era diventata per i francesi un emblema di continuit\u00e0 [&hellip;]\" \/>\n<meta property=\"og:url\" content=\"https:\/\/filles-de-la-charite.org\/it\/il-presidente-e-sua-moglie-rendono-omaggio-a-sr-andre\/\" \/>\n<meta property=\"og:site_name\" content=\"Filles de la Charit\u00e9\" \/>\n<meta property=\"article:published_time\" content=\"2023-01-27T12:27:58+00:00\" \/>\n<meta property=\"article:modified_time\" content=\"2024-03-17T14:46:53+00:00\" \/>\n<meta property=\"og:image\" content=\"https:\/\/filles-de-la-charite.org\/wp-content\/uploads\/2023\/06\/IMG-20230118-WA0008.jpg\" \/>\n\t<meta property=\"og:image:width\" content=\"1035\" \/>\n\t<meta property=\"og:image:height\" content=\"671\" \/>\n\t<meta property=\"og:image:type\" content=\"image\/jpeg\" \/>\n<meta name=\"author\" content=\"admin\" \/>\n<meta name=\"twitter:card\" content=\"summary_large_image\" \/>\n<meta name=\"twitter:label1\" content=\"Scritto da\" \/>\n\t<meta name=\"twitter:data1\" content=\"admin\" \/>\n\t<meta name=\"twitter:label2\" content=\"Tempo di lettura stimato\" \/>\n\t<meta name=\"twitter:data2\" content=\"2 minuti\" \/>\n<script type=\"application\/ld+json\" class=\"yoast-schema-graph\">{\"@context\":\"https:\\\/\\\/schema.org\",\"@graph\":[{\"@type\":\"Article\",\"@id\":\"https:\\\/\\\/filles-de-la-charite.org\\\/it\\\/il-presidente-e-sua-moglie-rendono-omaggio-a-sr-andre\\\/#article\",\"isPartOf\":{\"@id\":\"https:\\\/\\\/filles-de-la-charite.org\\\/it\\\/il-presidente-e-sua-moglie-rendono-omaggio-a-sr-andre\\\/\"},\"author\":{\"name\":\"admin\",\"@id\":\"https:\\\/\\\/filles-de-la-charite.org\\\/it\\\/#\\\/schema\\\/person\\\/427567b2eccfc2dd7d206da186a1f438\"},\"headline\":\"Il Presidente e sua moglie rendono\u00a0omaggio a Sr.\u00a0Andr\u00e9\",\"datePublished\":\"2023-01-27T12:27:58+00:00\",\"dateModified\":\"2024-03-17T14:46:53+00:00\",\"mainEntityOfPage\":{\"@id\":\"https:\\\/\\\/filles-de-la-charite.org\\\/it\\\/il-presidente-e-sua-moglie-rendono-omaggio-a-sr-andre\\\/\"},\"wordCount\":460,\"publisher\":{\"@id\":\"https:\\\/\\\/filles-de-la-charite.org\\\/it\\\/#organization\"},\"image\":{\"@id\":\"https:\\\/\\\/filles-de-la-charite.org\\\/it\\\/il-presidente-e-sua-moglie-rendono-omaggio-a-sr-andre\\\/#primaryimage\"},\"thumbnailUrl\":\"https:\\\/\\\/filles-de-la-charite.org\\\/wp-content\\\/uploads\\\/2023\\\/06\\\/IMG-20230118-WA0008.jpg\",\"articleSection\":[\"Belgio-Francia-Svizzera\"],\"inLanguage\":\"it-IT\"},{\"@type\":\"WebPage\",\"@id\":\"https:\\\/\\\/filles-de-la-charite.org\\\/it\\\/il-presidente-e-sua-moglie-rendono-omaggio-a-sr-andre\\\/\",\"url\":\"https:\\\/\\\/filles-de-la-charite.org\\\/it\\\/il-presidente-e-sua-moglie-rendono-omaggio-a-sr-andre\\\/\",\"name\":\"Il Presidente e sua moglie rendono\u00a0omaggio a Sr.\u00a0Andr\u00e9 - Filles de la Charit\u00e9\",\"isPartOf\":{\"@id\":\"https:\\\/\\\/filles-de-la-charite.org\\\/it\\\/#website\"},\"primaryImageOfPage\":{\"@id\":\"https:\\\/\\\/filles-de-la-charite.org\\\/it\\\/il-presidente-e-sua-moglie-rendono-omaggio-a-sr-andre\\\/#primaryimage\"},\"image\":{\"@id\":\"https:\\\/\\\/filles-de-la-charite.org\\\/it\\\/il-presidente-e-sua-moglie-rendono-omaggio-a-sr-andre\\\/#primaryimage\"},\"thumbnailUrl\":\"https:\\\/\\\/filles-de-la-charite.org\\\/wp-content\\\/uploads\\\/2023\\\/06\\\/IMG-20230118-WA0008.jpg\",\"datePublished\":\"2023-01-27T12:27:58+00:00\",\"dateModified\":\"2024-03-17T14:46:53+00:00\",\"breadcrumb\":{\"@id\":\"https:\\\/\\\/filles-de-la-charite.org\\\/it\\\/il-presidente-e-sua-moglie-rendono-omaggio-a-sr-andre\\\/#breadcrumb\"},\"inLanguage\":\"it-IT\",\"potentialAction\":[{\"@type\":\"ReadAction\",\"target\":[\"https:\\\/\\\/filles-de-la-charite.org\\\/it\\\/il-presidente-e-sua-moglie-rendono-omaggio-a-sr-andre\\\/\"]}]},{\"@type\":\"ImageObject\",\"inLanguage\":\"it-IT\",\"@id\":\"https:\\\/\\\/filles-de-la-charite.org\\\/it\\\/il-presidente-e-sua-moglie-rendono-omaggio-a-sr-andre\\\/#primaryimage\",\"url\":\"https:\\\/\\\/filles-de-la-charite.org\\\/wp-content\\\/uploads\\\/2023\\\/06\\\/IMG-20230118-WA0008.jpg\",\"contentUrl\":\"https:\\\/\\\/filles-de-la-charite.org\\\/wp-content\\\/uploads\\\/2023\\\/06\\\/IMG-20230118-WA0008.jpg\",\"width\":1035,\"height\":671},{\"@type\":\"BreadcrumbList\",\"@id\":\"https:\\\/\\\/filles-de-la-charite.org\\\/it\\\/il-presidente-e-sua-moglie-rendono-omaggio-a-sr-andre\\\/#breadcrumb\",\"itemListElement\":[{\"@type\":\"ListItem\",\"position\":1,\"name\":\"Belgio-Francia-Svizzera\",\"item\":\"https:\\\/\\\/filles-de-la-charite.org\\\/it\\\/category\\\/belgio-francia-svizzera-it\\\/\"},{\"@type\":\"ListItem\",\"position\":2,\"name\":\"Il Presidente e sua moglie rendono\u00a0omaggio a Sr.\u00a0Andr\u00e9\"}]},{\"@type\":\"WebSite\",\"@id\":\"https:\\\/\\\/filles-de-la-charite.org\\\/it\\\/#website\",\"url\":\"https:\\\/\\\/filles-de-la-charite.org\\\/it\\\/\",\"name\":\"Hijas de la Caridad\",\"description\":\"L\u2019amour de J\u00e9sus nous presse \u00e0 prendre soin des personnes les plus d\u00e9munies\",\"publisher\":{\"@id\":\"https:\\\/\\\/filles-de-la-charite.org\\\/it\\\/#organization\"},\"potentialAction\":[{\"@type\":\"SearchAction\",\"target\":{\"@type\":\"EntryPoint\",\"urlTemplate\":\"https:\\\/\\\/filles-de-la-charite.org\\\/it\\\/?s={search_term_string}\"},\"query-input\":{\"@type\":\"PropertyValueSpecification\",\"valueRequired\":true,\"valueName\":\"search_term_string\"}}],\"inLanguage\":\"it-IT\"},{\"@type\":\"Organization\",\"@id\":\"https:\\\/\\\/filles-de-la-charite.org\\\/it\\\/#organization\",\"name\":\"Hijas de la Caridad\",\"url\":\"https:\\\/\\\/filles-de-la-charite.org\\\/it\\\/\",\"logo\":{\"@type\":\"ImageObject\",\"inLanguage\":\"it-IT\",\"@id\":\"https:\\\/\\\/filles-de-la-charite.org\\\/it\\\/#\\\/schema\\\/logo\\\/image\\\/\",\"url\":\"https:\\\/\\\/filles-de-la-charite.org\\\/wp-content\\\/uploads\\\/2023\\\/03\\\/isotipo-Hijas-de-la-Caridad.png\",\"contentUrl\":\"https:\\\/\\\/filles-de-la-charite.org\\\/wp-content\\\/uploads\\\/2023\\\/03\\\/isotipo-Hijas-de-la-Caridad.png\",\"width\":1417,\"height\":1417,\"caption\":\"Hijas de la Caridad\"},\"image\":{\"@id\":\"https:\\\/\\\/filles-de-la-charite.org\\\/it\\\/#\\\/schema\\\/logo\\\/image\\\/\"}},{\"@type\":\"Person\",\"@id\":\"https:\\\/\\\/filles-de-la-charite.org\\\/it\\\/#\\\/schema\\\/person\\\/427567b2eccfc2dd7d206da186a1f438\",\"name\":\"admin\",\"image\":{\"@type\":\"ImageObject\",\"inLanguage\":\"it-IT\",\"@id\":\"https:\\\/\\\/secure.gravatar.com\\\/avatar\\\/948b492cce32b586ac2db0eaa926ee87024f7afe218d73b397ea5ddfc5f43ea1?s=96&d=mm&r=g\",\"url\":\"https:\\\/\\\/secure.gravatar.com\\\/avatar\\\/948b492cce32b586ac2db0eaa926ee87024f7afe218d73b397ea5ddfc5f43ea1?s=96&d=mm&r=g\",\"contentUrl\":\"https:\\\/\\\/secure.gravatar.com\\\/avatar\\\/948b492cce32b586ac2db0eaa926ee87024f7afe218d73b397ea5ddfc5f43ea1?s=96&d=mm&r=g\",\"caption\":\"admin\"},\"sameAs\":[\"https:\\\/\\\/filles-de-la-charite.org\"],\"url\":\"https:\\\/\\\/filles-de-la-charite.org\\\/it\\\/author\\\/caridad\\\/\"}]}<\/script>\n<!-- \/ Yoast SEO plugin. -->","yoast_head_json":{"title":"Il Presidente e sua moglie rendono\u00a0omaggio a Sr.\u00a0Andr\u00e9 - Filles de la Charit\u00e9","robots":{"index":"index","follow":"follow","max-snippet":"max-snippet:-1","max-image-preview":"max-image-preview:large","max-video-preview":"max-video-preview:-1"},"canonical":"https:\/\/filles-de-la-charite.org\/it\/il-presidente-e-sua-moglie-rendono-omaggio-a-sr-andre\/","og_locale":"it_IT","og_type":"article","og_title":"Il Presidente e sua moglie rendono\u00a0omaggio a Sr.\u00a0Andr\u00e9 - Filles de la Charit\u00e9","og_description":"La morte di Suor Andr\u00e9, decana dell&#8217;umanit\u00e0 Pubblicato il 18 gennaio 2023 La persona pi\u00f9 anziana del mondo, la suora di C\u00e9vennes Suor Andr\u00e9, \u00e8 morta all&#8217;et\u00e0 di 118 anni. Nel corso di una vita segnata da 18 presidenti della Repubblica e da due guerre mondiali, era diventata per i francesi un emblema di continuit\u00e0 [&hellip;]","og_url":"https:\/\/filles-de-la-charite.org\/it\/il-presidente-e-sua-moglie-rendono-omaggio-a-sr-andre\/","og_site_name":"Filles de la Charit\u00e9","article_published_time":"2023-01-27T12:27:58+00:00","article_modified_time":"2024-03-17T14:46:53+00:00","og_image":[{"width":1035,"height":671,"url":"https:\/\/filles-de-la-charite.org\/wp-content\/uploads\/2023\/06\/IMG-20230118-WA0008.jpg","type":"image\/jpeg"}],"author":"admin","twitter_card":"summary_large_image","twitter_misc":{"Scritto da":"admin","Tempo di lettura stimato":"2 minuti"},"schema":{"@context":"https:\/\/schema.org","@graph":[{"@type":"Article","@id":"https:\/\/filles-de-la-charite.org\/it\/il-presidente-e-sua-moglie-rendono-omaggio-a-sr-andre\/#article","isPartOf":{"@id":"https:\/\/filles-de-la-charite.org\/it\/il-presidente-e-sua-moglie-rendono-omaggio-a-sr-andre\/"},"author":{"name":"admin","@id":"https:\/\/filles-de-la-charite.org\/it\/#\/schema\/person\/427567b2eccfc2dd7d206da186a1f438"},"headline":"Il Presidente e sua moglie rendono\u00a0omaggio a Sr.\u00a0Andr\u00e9","datePublished":"2023-01-27T12:27:58+00:00","dateModified":"2024-03-17T14:46:53+00:00","mainEntityOfPage":{"@id":"https:\/\/filles-de-la-charite.org\/it\/il-presidente-e-sua-moglie-rendono-omaggio-a-sr-andre\/"},"wordCount":460,"publisher":{"@id":"https:\/\/filles-de-la-charite.org\/it\/#organization"},"image":{"@id":"https:\/\/filles-de-la-charite.org\/it\/il-presidente-e-sua-moglie-rendono-omaggio-a-sr-andre\/#primaryimage"},"thumbnailUrl":"https:\/\/filles-de-la-charite.org\/wp-content\/uploads\/2023\/06\/IMG-20230118-WA0008.jpg","articleSection":["Belgio-Francia-Svizzera"],"inLanguage":"it-IT"},{"@type":"WebPage","@id":"https:\/\/filles-de-la-charite.org\/it\/il-presidente-e-sua-moglie-rendono-omaggio-a-sr-andre\/","url":"https:\/\/filles-de-la-charite.org\/it\/il-presidente-e-sua-moglie-rendono-omaggio-a-sr-andre\/","name":"Il Presidente e sua moglie rendono\u00a0omaggio a Sr.\u00a0Andr\u00e9 - Filles de la Charit\u00e9","isPartOf":{"@id":"https:\/\/filles-de-la-charite.org\/it\/#website"},"primaryImageOfPage":{"@id":"https:\/\/filles-de-la-charite.org\/it\/il-presidente-e-sua-moglie-rendono-omaggio-a-sr-andre\/#primaryimage"},"image":{"@id":"https:\/\/filles-de-la-charite.org\/it\/il-presidente-e-sua-moglie-rendono-omaggio-a-sr-andre\/#primaryimage"},"thumbnailUrl":"https:\/\/filles-de-la-charite.org\/wp-content\/uploads\/2023\/06\/IMG-20230118-WA0008.jpg","datePublished":"2023-01-27T12:27:58+00:00","dateModified":"2024-03-17T14:46:53+00:00","breadcrumb":{"@id":"https:\/\/filles-de-la-charite.org\/it\/il-presidente-e-sua-moglie-rendono-omaggio-a-sr-andre\/#breadcrumb"},"inLanguage":"it-IT","potentialAction":[{"@type":"ReadAction","target":["https:\/\/filles-de-la-charite.org\/it\/il-presidente-e-sua-moglie-rendono-omaggio-a-sr-andre\/"]}]},{"@type":"ImageObject","inLanguage":"it-IT","@id":"https:\/\/filles-de-la-charite.org\/it\/il-presidente-e-sua-moglie-rendono-omaggio-a-sr-andre\/#primaryimage","url":"https:\/\/filles-de-la-charite.org\/wp-content\/uploads\/2023\/06\/IMG-20230118-WA0008.jpg","contentUrl":"https:\/\/filles-de-la-charite.org\/wp-content\/uploads\/2023\/06\/IMG-20230118-WA0008.jpg","width":1035,"height":671},{"@type":"BreadcrumbList","@id":"https:\/\/filles-de-la-charite.org\/it\/il-presidente-e-sua-moglie-rendono-omaggio-a-sr-andre\/#breadcrumb","itemListElement":[{"@type":"ListItem","position":1,"name":"Belgio-Francia-Svizzera","item":"https:\/\/filles-de-la-charite.org\/it\/category\/belgio-francia-svizzera-it\/"},{"@type":"ListItem","position":2,"name":"Il Presidente e sua moglie rendono\u00a0omaggio a Sr.\u00a0Andr\u00e9"}]},{"@type":"WebSite","@id":"https:\/\/filles-de-la-charite.org\/it\/#website","url":"https:\/\/filles-de-la-charite.org\/it\/","name":"Hijas de la Caridad","description":"L\u2019amour de J\u00e9sus nous presse \u00e0 prendre soin des personnes les plus d\u00e9munies","publisher":{"@id":"https:\/\/filles-de-la-charite.org\/it\/#organization"},"potentialAction":[{"@type":"SearchAction","target":{"@type":"EntryPoint","urlTemplate":"https:\/\/filles-de-la-charite.org\/it\/?s={search_term_string}"},"query-input":{"@type":"PropertyValueSpecification","valueRequired":true,"valueName":"search_term_string"}}],"inLanguage":"it-IT"},{"@type":"Organization","@id":"https:\/\/filles-de-la-charite.org\/it\/#organization","name":"Hijas de la Caridad","url":"https:\/\/filles-de-la-charite.org\/it\/","logo":{"@type":"ImageObject","inLanguage":"it-IT","@id":"https:\/\/filles-de-la-charite.org\/it\/#\/schema\/logo\/image\/","url":"https:\/\/filles-de-la-charite.org\/wp-content\/uploads\/2023\/03\/isotipo-Hijas-de-la-Caridad.png","contentUrl":"https:\/\/filles-de-la-charite.org\/wp-content\/uploads\/2023\/03\/isotipo-Hijas-de-la-Caridad.png","width":1417,"height":1417,"caption":"Hijas de la Caridad"},"image":{"@id":"https:\/\/filles-de-la-charite.org\/it\/#\/schema\/logo\/image\/"}},{"@type":"Person","@id":"https:\/\/filles-de-la-charite.org\/it\/#\/schema\/person\/427567b2eccfc2dd7d206da186a1f438","name":"admin","image":{"@type":"ImageObject","inLanguage":"it-IT","@id":"https:\/\/secure.gravatar.com\/avatar\/948b492cce32b586ac2db0eaa926ee87024f7afe218d73b397ea5ddfc5f43ea1?s=96&d=mm&r=g","url":"https:\/\/secure.gravatar.com\/avatar\/948b492cce32b586ac2db0eaa926ee87024f7afe218d73b397ea5ddfc5f43ea1?s=96&d=mm&r=g","contentUrl":"https:\/\/secure.gravatar.com\/avatar\/948b492cce32b586ac2db0eaa926ee87024f7afe218d73b397ea5ddfc5f43ea1?s=96&d=mm&r=g","caption":"admin"},"sameAs":["https:\/\/filles-de-la-charite.org"],"url":"https:\/\/filles-de-la-charite.org\/it\/author\/caridad\/"}]}},"_links":{"self":[{"href":"https:\/\/filles-de-la-charite.org\/it\/wp-json\/wp\/v2\/posts\/23545","targetHints":{"allow":["GET"]}}],"collection":[{"href":"https:\/\/filles-de-la-charite.org\/it\/wp-json\/wp\/v2\/posts"}],"about":[{"href":"https:\/\/filles-de-la-charite.org\/it\/wp-json\/wp\/v2\/types\/post"}],"author":[{"embeddable":true,"href":"https:\/\/filles-de-la-charite.org\/it\/wp-json\/wp\/v2\/users\/1"}],"replies":[{"embeddable":true,"href":"https:\/\/filles-de-la-charite.org\/it\/wp-json\/wp\/v2\/comments?post=23545"}],"version-history":[{"count":1,"href":"https:\/\/filles-de-la-charite.org\/it\/wp-json\/wp\/v2\/posts\/23545\/revisions"}],"predecessor-version":[{"id":34465,"href":"https:\/\/filles-de-la-charite.org\/it\/wp-json\/wp\/v2\/posts\/23545\/revisions\/34465"}],"wp:featuredmedia":[{"embeddable":true,"href":"https:\/\/filles-de-la-charite.org\/it\/wp-json\/wp\/v2\/media\/17445"}],"wp:attachment":[{"href":"https:\/\/filles-de-la-charite.org\/it\/wp-json\/wp\/v2\/media?parent=23545"}],"wp:term":[{"taxonomy":"category","embeddable":true,"href":"https:\/\/filles-de-la-charite.org\/it\/wp-json\/wp\/v2\/categories?post=23545"},{"taxonomy":"post_tag","embeddable":true,"href":"https:\/\/filles-de-la-charite.org\/it\/wp-json\/wp\/v2\/tags?post=23545"}],"curies":[{"name":"wp","href":"https:\/\/api.w.org\/{rel}","templated":true}]}}