{"id":23565,"date":"2023-03-31T22:00:06","date_gmt":"2023-03-31T20:00:06","guid":{"rendered":"https:\/\/hijascaridad.sjdigitaldemo.ovh\/incontro-dream-a-maputo-mozambico\/"},"modified":"2024-03-17T15:45:01","modified_gmt":"2024-03-17T14:45:01","slug":"incontro-dream-a-maputo-mozambico","status":"publish","type":"post","link":"https:\/\/filles-de-la-charite.org\/it\/incontro-dream-a-maputo-mozambico\/","title":{"rendered":"<strong>Incontro DREAM a Maputo, Mozambico<\/strong>"},"content":{"rendered":"\n<p>Nel fine settimana del 18\/19 febbraio 2023 \u00e8 arrivato a Maputo un grande gruppo composto da Suore e personale, provenienti da diversi paesi africani: Camerun, Nigeria, Tanzania, Congo, Kenya e lo stesso Mozambico. Il personale \u00e8 stato ospitato in un hotel a Maputo mentre le Suore si sono recate a Matola per alloggiare nella Casa Provinciale delle Figlie della Carit\u00e0. Tutto ci\u00f2 ha reso necessari molti viaggi in aeroporto, poich\u00e9 gli aerei arrivavano e poi partivano da tanti aeroporti diversi e a diversi orari. Le Suore di Matola hanno fatto un lavoro meraviglioso e tante ore di guida per coordinare il tutto.<\/p>\n\n\n\n<figure class=\"wp-block-image aligncenter size-large\"><img decoding=\"async\" src=\"https:\/\/filles-de-la-charite.org\/wp-content\/uploads\/2023\/06\/1.-12-Sisters-from-Nigeria-Cameroon-Kenya-Congo-Tanzania-and-Mozambique-stayed-at-the-Provincial-House-in-Matola-1024x768-1.jpg\" alt=\"\" class=\"wp-image-73143\"\/><figcaption class=\"wp-element-caption\">12 sorelle provenienti da Nigeria, Camerun, Kenya, Congo, Tanzania e Mozambico sono state accolte nella Casa Provinciale di Matola<\/figcaption><\/figure>\n\n\n\n<p>Questo afflusso di persone, Figlie della Carit\u00e0 e il loro personale: medici, infermieri, farmacisti, tecnici di laboratorio, informatici e coordinatori di programmi erano tutti qui per partecipare a un corso DREAM di una settimana.<\/p>\n\n\n\n<figure class=\"wp-block-image aligncenter size-large\"><img decoding=\"async\" src=\"https:\/\/filles-de-la-charite.org\/wp-content\/uploads\/2023\/06\/2.-Closing-prayer-with-the-Community-of-Sant-Egidio-1024x576-1.jpg\" alt=\"\" class=\"wp-image-73144\"\/><figcaption class=\"wp-element-caption\">Preghiera conclusiva con la Comunit\u00e0 Sant'Egidio<\/figcaption><\/figure>\n\n\n\n<p>DREAM: Drug Resource Enhancement contro l'AIDS e la malnutrizione \u00e8 un programma olistico di assistenza sanitaria per le persone affette da HIV\/ AIDS. \u00c8 stato ideato e istituito dalla Comunit\u00e0 Sant'Egidio, una comunit\u00e0 cattolica laica di Roma alla fine degli anni '90. La Sant'Egidio ha fatto la promessa di portare alle persone africane affette da HIV\/ADS la stessa qualit\u00e0 di cure e trattamenti disponibili all'epoca in Europa e in Nord America. Era una promessa grande e coraggiosa, e la Comunit\u00e0 Sant'Egidio ha portato DREAM, un programma olistico di eccellenza, in 12 Paesi africani e in molti centri DREAM in quei Paesi.<\/p>\n\n\n\n<figure class=\"wp-block-image aligncenter size-large\"><img decoding=\"async\" src=\"https:\/\/filles-de-la-charite.org\/wp-content\/uploads\/2023\/06\/3.-Lecture-session-1024x768-1.jpg\" alt=\"\" class=\"wp-image-73139\"\/><figcaption class=\"wp-element-caption\">Sessione di conferenze<\/figcaption><\/figure>\n\n\n\n<p>Nel 2005 le Figlie della Carit\u00e0 hanno stipulato un accordo, firmato dal Presidente della Sant'Egidio e da Sr. Evelyne Franc, Superiora generale delle Figlie della Carit\u00e0, per collaborare con la Comunit\u00e0 Sant'Egidio e portare DREAM in Africa, nei Paesi dove le Suore vivono e lavorano. Questo accordo \u00e8 stato firmato a Parigi nella loro Casa Madre nel 2005. Da allora, le Suore hanno aperto 6 centri DREAM in 6 paesi africani, pi\u00f9 due centri in Mozambico, Chokwe e Chalucuane, che stavano gi\u00e0 collaborando con la Sant'Egidio.<\/p>\n\n\n\n<figure class=\"wp-block-image aligncenter size-large\"><img decoding=\"async\" src=\"https:\/\/filles-de-la-charite.org\/wp-content\/uploads\/2023\/06\/4.-Participants-from-Cameroun-and-Nigeria-768x1024-1.jpg\" alt=\"\" class=\"wp-image-73140\"\/><figcaption class=\"wp-element-caption\">Partecipanti dal Camerun e dalla Nigeria<\/figcaption><\/figure>\n\n\n\n<p>L'incontro DREAM a Maputo intendeva riunire le Sorelle e il personale di ogni Paese per condividere le esperienze, valutare e identificare le nuove sfide che i loro programmi devono affrontare a 20 anni di distanza. Il programma DREAM offre consulenza e test, assistenza e cura per le persone affette da HIV\/AIDS, prevenzione della trasmissione del virus da madre a figlio, laboratori molecolari per il test della carica virale e dei CD4, farmacie, unit\u00e0 di nutrizione, assistenza e cura della tubercolosi, supporto psicosociale e assistenza domiciliare per chi ne ha bisogno. DREAM ha avuto un enorme successo, soprattutto nella prevenzione della trasmissione del virus da madre a figlio. Ogni madre che si reca al centro all'inizio della gravidanza e si sottopone al trattamento ha la certezza di avere un bambino sano e negativo all'HIV. Questo d\u00e0 un grande sollievo e porta grande gioia e a tutta la famiglia. \u00c8 stato inoltre riscontrato che la maggior parte dei bambini nati sieronegativi, molti dei quali ora sono adolescenti, tendono a rimanere negativi all\u2019HIV grazie alla consulenza psicosociale e ai gruppi di sostegno per i giovani, che educano e sostengono questi giovani, i genitori di domani.<\/p>\n\n\n\n<figure class=\"wp-block-image aligncenter size-large\"><img decoding=\"async\" src=\"https:\/\/filles-de-la-charite.org\/wp-content\/uploads\/2023\/06\/5.-Participantsfrom-Kenya-and-Congo-1024x768-1.jpg\" alt=\"\" class=\"wp-image-73141\"\/><figcaption class=\"wp-element-caption\">Partecipanti dal Kenya e dal Congo<\/figcaption><\/figure>\n\n\n\n<p>Fin dall'inizio, DREAM si \u00e8 anche occupata di malattie correlate: tubercolosi, varie infezioni e, negli ultimi anni, test per le donne per il cancro al collo dell'utero, consulenza, supporto e accompagnamento alle cure. Durante le presentazioni del corso, e secondo l\u2019esperienza dei presenti, le nuove sfide saranno il cancro, la malaria, l'ipertensione, il diabete e l'epilessia.<\/p>\n\n\n\n<p>La crescita economica, anche se lenta, comporta un miglioramento della salute generale. Gli stili di vita sono migliorati e anche la povert\u00e0 estrema, pur rimanendo un problema enorme, \u00e8 cambiata. La mortalit\u00e0 materna e infantile si \u00e8 ridotta. La mortalit\u00e0 per HIV \u00e8 diminuita notevolmente. Tuttavia, l'accesso a un'assistenza sanitaria di qualit\u00e0 per le persone povere \u00e8 ancora una grande preoccupazione.&nbsp; Nuove sfide stanno emergendo e DREAM, durante l'incontro a Maputo, si \u00e8 detto pi\u00f9 che disposto e pronto ad affrontarle nell'ambito dell'attuale programma.&nbsp;<\/p>\n","protected":false},"excerpt":{"rendered":"<p>Nel fine settimana del 18\/19 febbraio 2023 \u00e8 arrivato a Maputo un grande gruppo composto da Suore e personale, provenienti da diversi paesi africani: Camerun, Nigeria, Tanzania, Congo, Kenya e lo stesso Mozambico. Il personale \u00e8 stato ospitato in un hotel a Maputo mentre le Suore si sono recate a Matola per alloggiare nella Casa [&hellip;]<\/p>\n","protected":false},"author":1,"featured_media":17610,"comment_status":"closed","ping_status":"closed","sticky":false,"template":"","format":"standard","meta":{"_acf_changed":false,"footnotes":"","_links_to":"","_links_to_target":""},"categories":[621],"tags":[],"class_list":["post-23565","post","type-post","status-publish","format-standard","has-post-thumbnail","hentry","category-mozambico-it"],"acf":[],"yoast_head":"<!-- This site is optimized with the Yoast SEO plugin v27.5 - https:\/\/yoast.com\/product\/yoast-seo-wordpress\/ -->\n<title>Incontro DREAM a Maputo, Mozambico - Filles de la Charit\u00e9<\/title>\n<meta name=\"robots\" content=\"index, follow, max-snippet:-1, max-image-preview:large, max-video-preview:-1\" \/>\n<link rel=\"canonical\" href=\"https:\/\/filles-de-la-charite.org\/it\/incontro-dream-a-maputo-mozambico\/\" \/>\n<meta property=\"og:locale\" content=\"it_IT\" \/>\n<meta property=\"og:type\" content=\"article\" \/>\n<meta property=\"og:title\" content=\"Incontro DREAM a Maputo, Mozambico - Filles de la Charit\u00e9\" \/>\n<meta property=\"og:description\" content=\"Nel fine settimana del 18\/19 febbraio 2023 \u00e8 arrivato a Maputo un grande gruppo composto da Suore e personale, provenienti da diversi paesi africani: Camerun, Nigeria, Tanzania, Congo, Kenya e lo stesso Mozambico. Il personale \u00e8 stato ospitato in un hotel a Maputo mentre le Suore si sono recate a Matola per alloggiare nella Casa [&hellip;]\" \/>\n<meta property=\"og:url\" content=\"https:\/\/filles-de-la-charite.org\/it\/incontro-dream-a-maputo-mozambico\/\" \/>\n<meta property=\"og:site_name\" content=\"Filles de la Charit\u00e9\" \/>\n<meta property=\"article:published_time\" content=\"2023-03-31T20:00:06+00:00\" \/>\n<meta property=\"article:modified_time\" content=\"2024-03-17T14:45:01+00:00\" \/>\n<meta property=\"og:image\" content=\"https:\/\/filles-de-la-charite.org\/wp-content\/uploads\/2023\/06\/6.-Visit-to-a-DREAM-centre-in-Maputo.jpg\" \/>\n\t<meta property=\"og:image:width\" content=\"810\" \/>\n\t<meta property=\"og:image:height\" content=\"1080\" \/>\n\t<meta property=\"og:image:type\" content=\"image\/jpeg\" \/>\n<meta name=\"author\" content=\"admin\" \/>\n<meta name=\"twitter:card\" content=\"summary_large_image\" \/>\n<meta name=\"twitter:label1\" content=\"Scritto da\" \/>\n\t<meta name=\"twitter:data1\" content=\"admin\" \/>\n\t<meta name=\"twitter:label2\" content=\"Tempo di lettura stimato\" \/>\n\t<meta name=\"twitter:data2\" content=\"3 minuti\" \/>\n<script type=\"application\/ld+json\" class=\"yoast-schema-graph\">{\"@context\":\"https:\\\/\\\/schema.org\",\"@graph\":[{\"@type\":\"Article\",\"@id\":\"https:\\\/\\\/filles-de-la-charite.org\\\/it\\\/incontro-dream-a-maputo-mozambico\\\/#article\",\"isPartOf\":{\"@id\":\"https:\\\/\\\/filles-de-la-charite.org\\\/it\\\/incontro-dream-a-maputo-mozambico\\\/\"},\"author\":{\"name\":\"admin\",\"@id\":\"https:\\\/\\\/filles-de-la-charite.org\\\/it\\\/#\\\/schema\\\/person\\\/427567b2eccfc2dd7d206da186a1f438\"},\"headline\":\"Incontro DREAM a Maputo, Mozambico\",\"datePublished\":\"2023-03-31T20:00:06+00:00\",\"dateModified\":\"2024-03-17T14:45:01+00:00\",\"mainEntityOfPage\":{\"@id\":\"https:\\\/\\\/filles-de-la-charite.org\\\/it\\\/incontro-dream-a-maputo-mozambico\\\/\"},\"wordCount\":705,\"publisher\":{\"@id\":\"https:\\\/\\\/filles-de-la-charite.org\\\/it\\\/#organization\"},\"image\":{\"@id\":\"https:\\\/\\\/filles-de-la-charite.org\\\/it\\\/incontro-dream-a-maputo-mozambico\\\/#primaryimage\"},\"thumbnailUrl\":\"https:\\\/\\\/filles-de-la-charite.org\\\/wp-content\\\/uploads\\\/2023\\\/06\\\/6.-Visit-to-a-DREAM-centre-in-Maputo.jpg\",\"articleSection\":[\"Mozambico\"],\"inLanguage\":\"it-IT\"},{\"@type\":\"WebPage\",\"@id\":\"https:\\\/\\\/filles-de-la-charite.org\\\/it\\\/incontro-dream-a-maputo-mozambico\\\/\",\"url\":\"https:\\\/\\\/filles-de-la-charite.org\\\/it\\\/incontro-dream-a-maputo-mozambico\\\/\",\"name\":\"Incontro DREAM a Maputo, Mozambico - Filles de la Charit\u00e9\",\"isPartOf\":{\"@id\":\"https:\\\/\\\/filles-de-la-charite.org\\\/it\\\/#website\"},\"primaryImageOfPage\":{\"@id\":\"https:\\\/\\\/filles-de-la-charite.org\\\/it\\\/incontro-dream-a-maputo-mozambico\\\/#primaryimage\"},\"image\":{\"@id\":\"https:\\\/\\\/filles-de-la-charite.org\\\/it\\\/incontro-dream-a-maputo-mozambico\\\/#primaryimage\"},\"thumbnailUrl\":\"https:\\\/\\\/filles-de-la-charite.org\\\/wp-content\\\/uploads\\\/2023\\\/06\\\/6.-Visit-to-a-DREAM-centre-in-Maputo.jpg\",\"datePublished\":\"2023-03-31T20:00:06+00:00\",\"dateModified\":\"2024-03-17T14:45:01+00:00\",\"breadcrumb\":{\"@id\":\"https:\\\/\\\/filles-de-la-charite.org\\\/it\\\/incontro-dream-a-maputo-mozambico\\\/#breadcrumb\"},\"inLanguage\":\"it-IT\",\"potentialAction\":[{\"@type\":\"ReadAction\",\"target\":[\"https:\\\/\\\/filles-de-la-charite.org\\\/it\\\/incontro-dream-a-maputo-mozambico\\\/\"]}]},{\"@type\":\"ImageObject\",\"inLanguage\":\"it-IT\",\"@id\":\"https:\\\/\\\/filles-de-la-charite.org\\\/it\\\/incontro-dream-a-maputo-mozambico\\\/#primaryimage\",\"url\":\"https:\\\/\\\/filles-de-la-charite.org\\\/wp-content\\\/uploads\\\/2023\\\/06\\\/6.-Visit-to-a-DREAM-centre-in-Maputo.jpg\",\"contentUrl\":\"https:\\\/\\\/filles-de-la-charite.org\\\/wp-content\\\/uploads\\\/2023\\\/06\\\/6.-Visit-to-a-DREAM-centre-in-Maputo.jpg\",\"width\":810,\"height\":1080},{\"@type\":\"BreadcrumbList\",\"@id\":\"https:\\\/\\\/filles-de-la-charite.org\\\/it\\\/incontro-dream-a-maputo-mozambico\\\/#breadcrumb\",\"itemListElement\":[{\"@type\":\"ListItem\",\"position\":1,\"name\":\"Famiglia vincenziana\",\"item\":\"https:\\\/\\\/filles-de-la-charite.org\\\/it\\\/category\\\/famiglia-vincenziana-it\\\/\"},{\"@type\":\"ListItem\",\"position\":2,\"name\":\"Incontro DREAM a Maputo, Mozambico\"}]},{\"@type\":\"WebSite\",\"@id\":\"https:\\\/\\\/filles-de-la-charite.org\\\/it\\\/#website\",\"url\":\"https:\\\/\\\/filles-de-la-charite.org\\\/it\\\/\",\"name\":\"Hijas de la Caridad\",\"description\":\"L\u2019amour de J\u00e9sus nous presse \u00e0 prendre soin des personnes les plus d\u00e9munies\",\"publisher\":{\"@id\":\"https:\\\/\\\/filles-de-la-charite.org\\\/it\\\/#organization\"},\"potentialAction\":[{\"@type\":\"SearchAction\",\"target\":{\"@type\":\"EntryPoint\",\"urlTemplate\":\"https:\\\/\\\/filles-de-la-charite.org\\\/it\\\/?s={search_term_string}\"},\"query-input\":{\"@type\":\"PropertyValueSpecification\",\"valueRequired\":true,\"valueName\":\"search_term_string\"}}],\"inLanguage\":\"it-IT\"},{\"@type\":\"Organization\",\"@id\":\"https:\\\/\\\/filles-de-la-charite.org\\\/it\\\/#organization\",\"name\":\"Hijas de la Caridad\",\"url\":\"https:\\\/\\\/filles-de-la-charite.org\\\/it\\\/\",\"logo\":{\"@type\":\"ImageObject\",\"inLanguage\":\"it-IT\",\"@id\":\"https:\\\/\\\/filles-de-la-charite.org\\\/it\\\/#\\\/schema\\\/logo\\\/image\\\/\",\"url\":\"https:\\\/\\\/filles-de-la-charite.org\\\/wp-content\\\/uploads\\\/2023\\\/03\\\/isotipo-Hijas-de-la-Caridad.png\",\"contentUrl\":\"https:\\\/\\\/filles-de-la-charite.org\\\/wp-content\\\/uploads\\\/2023\\\/03\\\/isotipo-Hijas-de-la-Caridad.png\",\"width\":1417,\"height\":1417,\"caption\":\"Hijas de la Caridad\"},\"image\":{\"@id\":\"https:\\\/\\\/filles-de-la-charite.org\\\/it\\\/#\\\/schema\\\/logo\\\/image\\\/\"}},{\"@type\":\"Person\",\"@id\":\"https:\\\/\\\/filles-de-la-charite.org\\\/it\\\/#\\\/schema\\\/person\\\/427567b2eccfc2dd7d206da186a1f438\",\"name\":\"admin\",\"image\":{\"@type\":\"ImageObject\",\"inLanguage\":\"it-IT\",\"@id\":\"https:\\\/\\\/secure.gravatar.com\\\/avatar\\\/948b492cce32b586ac2db0eaa926ee87024f7afe218d73b397ea5ddfc5f43ea1?s=96&d=mm&r=g\",\"url\":\"https:\\\/\\\/secure.gravatar.com\\\/avatar\\\/948b492cce32b586ac2db0eaa926ee87024f7afe218d73b397ea5ddfc5f43ea1?s=96&d=mm&r=g\",\"contentUrl\":\"https:\\\/\\\/secure.gravatar.com\\\/avatar\\\/948b492cce32b586ac2db0eaa926ee87024f7afe218d73b397ea5ddfc5f43ea1?s=96&d=mm&r=g\",\"caption\":\"admin\"},\"sameAs\":[\"https:\\\/\\\/filles-de-la-charite.org\"],\"url\":\"https:\\\/\\\/filles-de-la-charite.org\\\/it\\\/author\\\/caridad\\\/\"}]}<\/script>\n<!-- \/ Yoast SEO plugin. -->","yoast_head_json":{"title":"Incontro DREAM a Maputo, Mozambico - Filles de la Charit\u00e9","robots":{"index":"index","follow":"follow","max-snippet":"max-snippet:-1","max-image-preview":"max-image-preview:large","max-video-preview":"max-video-preview:-1"},"canonical":"https:\/\/filles-de-la-charite.org\/it\/incontro-dream-a-maputo-mozambico\/","og_locale":"it_IT","og_type":"article","og_title":"Incontro DREAM a Maputo, Mozambico - Filles de la Charit\u00e9","og_description":"Nel fine settimana del 18\/19 febbraio 2023 \u00e8 arrivato a Maputo un grande gruppo composto da Suore e personale, provenienti da diversi paesi africani: Camerun, Nigeria, Tanzania, Congo, Kenya e lo stesso Mozambico. Il personale \u00e8 stato ospitato in un hotel a Maputo mentre le Suore si sono recate a Matola per alloggiare nella Casa [&hellip;]","og_url":"https:\/\/filles-de-la-charite.org\/it\/incontro-dream-a-maputo-mozambico\/","og_site_name":"Filles de la Charit\u00e9","article_published_time":"2023-03-31T20:00:06+00:00","article_modified_time":"2024-03-17T14:45:01+00:00","og_image":[{"width":810,"height":1080,"url":"https:\/\/filles-de-la-charite.org\/wp-content\/uploads\/2023\/06\/6.-Visit-to-a-DREAM-centre-in-Maputo.jpg","type":"image\/jpeg"}],"author":"admin","twitter_card":"summary_large_image","twitter_misc":{"Scritto da":"admin","Tempo di lettura stimato":"3 minuti"},"schema":{"@context":"https:\/\/schema.org","@graph":[{"@type":"Article","@id":"https:\/\/filles-de-la-charite.org\/it\/incontro-dream-a-maputo-mozambico\/#article","isPartOf":{"@id":"https:\/\/filles-de-la-charite.org\/it\/incontro-dream-a-maputo-mozambico\/"},"author":{"name":"admin","@id":"https:\/\/filles-de-la-charite.org\/it\/#\/schema\/person\/427567b2eccfc2dd7d206da186a1f438"},"headline":"Incontro DREAM a Maputo, Mozambico","datePublished":"2023-03-31T20:00:06+00:00","dateModified":"2024-03-17T14:45:01+00:00","mainEntityOfPage":{"@id":"https:\/\/filles-de-la-charite.org\/it\/incontro-dream-a-maputo-mozambico\/"},"wordCount":705,"publisher":{"@id":"https:\/\/filles-de-la-charite.org\/it\/#organization"},"image":{"@id":"https:\/\/filles-de-la-charite.org\/it\/incontro-dream-a-maputo-mozambico\/#primaryimage"},"thumbnailUrl":"https:\/\/filles-de-la-charite.org\/wp-content\/uploads\/2023\/06\/6.-Visit-to-a-DREAM-centre-in-Maputo.jpg","articleSection":["Mozambico"],"inLanguage":"it-IT"},{"@type":"WebPage","@id":"https:\/\/filles-de-la-charite.org\/it\/incontro-dream-a-maputo-mozambico\/","url":"https:\/\/filles-de-la-charite.org\/it\/incontro-dream-a-maputo-mozambico\/","name":"Incontro DREAM a Maputo, Mozambico - Filles de la Charit\u00e9","isPartOf":{"@id":"https:\/\/filles-de-la-charite.org\/it\/#website"},"primaryImageOfPage":{"@id":"https:\/\/filles-de-la-charite.org\/it\/incontro-dream-a-maputo-mozambico\/#primaryimage"},"image":{"@id":"https:\/\/filles-de-la-charite.org\/it\/incontro-dream-a-maputo-mozambico\/#primaryimage"},"thumbnailUrl":"https:\/\/filles-de-la-charite.org\/wp-content\/uploads\/2023\/06\/6.-Visit-to-a-DREAM-centre-in-Maputo.jpg","datePublished":"2023-03-31T20:00:06+00:00","dateModified":"2024-03-17T14:45:01+00:00","breadcrumb":{"@id":"https:\/\/filles-de-la-charite.org\/it\/incontro-dream-a-maputo-mozambico\/#breadcrumb"},"inLanguage":"it-IT","potentialAction":[{"@type":"ReadAction","target":["https:\/\/filles-de-la-charite.org\/it\/incontro-dream-a-maputo-mozambico\/"]}]},{"@type":"ImageObject","inLanguage":"it-IT","@id":"https:\/\/filles-de-la-charite.org\/it\/incontro-dream-a-maputo-mozambico\/#primaryimage","url":"https:\/\/filles-de-la-charite.org\/wp-content\/uploads\/2023\/06\/6.-Visit-to-a-DREAM-centre-in-Maputo.jpg","contentUrl":"https:\/\/filles-de-la-charite.org\/wp-content\/uploads\/2023\/06\/6.-Visit-to-a-DREAM-centre-in-Maputo.jpg","width":810,"height":1080},{"@type":"BreadcrumbList","@id":"https:\/\/filles-de-la-charite.org\/it\/incontro-dream-a-maputo-mozambico\/#breadcrumb","itemListElement":[{"@type":"ListItem","position":1,"name":"Famiglia vincenziana","item":"https:\/\/filles-de-la-charite.org\/it\/category\/famiglia-vincenziana-it\/"},{"@type":"ListItem","position":2,"name":"Incontro DREAM a Maputo, Mozambico"}]},{"@type":"WebSite","@id":"https:\/\/filles-de-la-charite.org\/it\/#website","url":"https:\/\/filles-de-la-charite.org\/it\/","name":"Hijas de la Caridad","description":"L\u2019amour de J\u00e9sus nous presse \u00e0 prendre soin des personnes les plus d\u00e9munies","publisher":{"@id":"https:\/\/filles-de-la-charite.org\/it\/#organization"},"potentialAction":[{"@type":"SearchAction","target":{"@type":"EntryPoint","urlTemplate":"https:\/\/filles-de-la-charite.org\/it\/?s={search_term_string}"},"query-input":{"@type":"PropertyValueSpecification","valueRequired":true,"valueName":"search_term_string"}}],"inLanguage":"it-IT"},{"@type":"Organization","@id":"https:\/\/filles-de-la-charite.org\/it\/#organization","name":"Hijas de la Caridad","url":"https:\/\/filles-de-la-charite.org\/it\/","logo":{"@type":"ImageObject","inLanguage":"it-IT","@id":"https:\/\/filles-de-la-charite.org\/it\/#\/schema\/logo\/image\/","url":"https:\/\/filles-de-la-charite.org\/wp-content\/uploads\/2023\/03\/isotipo-Hijas-de-la-Caridad.png","contentUrl":"https:\/\/filles-de-la-charite.org\/wp-content\/uploads\/2023\/03\/isotipo-Hijas-de-la-Caridad.png","width":1417,"height":1417,"caption":"Hijas de la Caridad"},"image":{"@id":"https:\/\/filles-de-la-charite.org\/it\/#\/schema\/logo\/image\/"}},{"@type":"Person","@id":"https:\/\/filles-de-la-charite.org\/it\/#\/schema\/person\/427567b2eccfc2dd7d206da186a1f438","name":"admin","image":{"@type":"ImageObject","inLanguage":"it-IT","@id":"https:\/\/secure.gravatar.com\/avatar\/948b492cce32b586ac2db0eaa926ee87024f7afe218d73b397ea5ddfc5f43ea1?s=96&d=mm&r=g","url":"https:\/\/secure.gravatar.com\/avatar\/948b492cce32b586ac2db0eaa926ee87024f7afe218d73b397ea5ddfc5f43ea1?s=96&d=mm&r=g","contentUrl":"https:\/\/secure.gravatar.com\/avatar\/948b492cce32b586ac2db0eaa926ee87024f7afe218d73b397ea5ddfc5f43ea1?s=96&d=mm&r=g","caption":"admin"},"sameAs":["https:\/\/filles-de-la-charite.org"],"url":"https:\/\/filles-de-la-charite.org\/it\/author\/caridad\/"}]}},"_links":{"self":[{"href":"https:\/\/filles-de-la-charite.org\/it\/wp-json\/wp\/v2\/posts\/23565","targetHints":{"allow":["GET"]}}],"collection":[{"href":"https:\/\/filles-de-la-charite.org\/it\/wp-json\/wp\/v2\/posts"}],"about":[{"href":"https:\/\/filles-de-la-charite.org\/it\/wp-json\/wp\/v2\/types\/post"}],"author":[{"embeddable":true,"href":"https:\/\/filles-de-la-charite.org\/it\/wp-json\/wp\/v2\/users\/1"}],"replies":[{"embeddable":true,"href":"https:\/\/filles-de-la-charite.org\/it\/wp-json\/wp\/v2\/comments?post=23565"}],"version-history":[{"count":1,"href":"https:\/\/filles-de-la-charite.org\/it\/wp-json\/wp\/v2\/posts\/23565\/revisions"}],"predecessor-version":[{"id":23566,"href":"https:\/\/filles-de-la-charite.org\/it\/wp-json\/wp\/v2\/posts\/23565\/revisions\/23566"}],"wp:featuredmedia":[{"embeddable":true,"href":"https:\/\/filles-de-la-charite.org\/it\/wp-json\/wp\/v2\/media\/17610"}],"wp:attachment":[{"href":"https:\/\/filles-de-la-charite.org\/it\/wp-json\/wp\/v2\/media?parent=23565"}],"wp:term":[{"taxonomy":"category","embeddable":true,"href":"https:\/\/filles-de-la-charite.org\/it\/wp-json\/wp\/v2\/categories?post=23565"},{"taxonomy":"post_tag","embeddable":true,"href":"https:\/\/filles-de-la-charite.org\/it\/wp-json\/wp\/v2\/tags?post=23565"}],"curies":[{"name":"wp","href":"https:\/\/api.w.org\/{rel}","templated":true}]}}