{"id":23572,"date":"2023-05-09T14:25:33","date_gmt":"2023-05-09T12:25:33","guid":{"rendered":"https:\/\/hijascaridad.sjdigitaldemo.ovh\/vivere-la-vita-come-un-atto-di-equilibrio-o-vivere-una-vita-equilibrata\/"},"modified":"2024-03-17T15:44:10","modified_gmt":"2024-03-17T14:44:10","slug":"vivere-la-vita-come-un-atto-di-equilibrio-o-vivere-una-vita-equilibrata","status":"publish","type":"post","link":"https:\/\/filles-de-la-charite.org\/it\/vivere-la-vita-come-un-atto-di-equilibrio-o-vivere-una-vita-equilibrata\/","title":{"rendered":"<strong>Vivere la vita come un atto di equilibrio o vivere una vita equilibrata?<\/strong>"},"content":{"rendered":"\n<p>Le Suore con meno di 10 anni di vocazione e la loro Consigliera di formazione, Sr Mary Frances Barnes, si sono riunite per il fine settimana ad Albany, NY. Il fine settimana era dedicato al tema &#8220;Vivere la vita come un atto di equilibrio, o vivere una vita equilibrata?&#8221; e ha incluso una tavola rotonda e una riflessione, oltre ad attivit\u00e0, preghiere e pasti con le Suore presenti nel campus.<\/p>\n\n\n\n<figure class=\"wp-block-image alignwide size-full\"><img decoding=\"async\" src=\"https:\/\/filles-de-la-charite.org\/wp-content\/uploads\/2023\/06\/Bella-Davila-MF-Barnes-Marian-Hamwey.jpg\" alt=\"\" class=\"wp-image-73406\" \/><\/figure>\n\n\n\n<p>Le Suore hanno condiviso la preghiera del mattino con le Suore anziane della Casa Santa Luisa.<\/p>\n\n\n\n<p>Una delle Suore del gruppo ha condiviso le sue riflessioni sulla modalit\u00e0 utile al mantenimento di una vita equilibrata, in particolare durante le missioni all&#8217;estero.<\/p>\n\n\n\n<figure class=\"wp-block-image alignwide size-full\"><img decoding=\"async\" src=\"https:\/\/filles-de-la-charite.org\/wp-content\/uploads\/2023\/06\/Mary-Grace-Higgins-Kate-McFall.jpg\" alt=\"\" class=\"wp-image-73404\" \/><\/figure>\n\n\n\n<p>Una delle giovani Suore ha portato la croce durante la processione di apertura della S.Messa domenicale.<\/p>\n\n\n\n<p>Il sabato sera le 5 guovani Suore sono andate a prendere un gelato!<\/p>\n\n\n\n<figure class=\"wp-block-image alignwide size-full\"><img decoding=\"async\" src=\"https:\/\/filles-de-la-charite.org\/wp-content\/uploads\/2023\/06\/Under-10-at-Stewarts-4.jpg\" alt=\"\" class=\"wp-image-73415\" \/><\/figure>\n","protected":false},"excerpt":{"rendered":"<p>Le Suore con meno di 10 anni di vocazione e la loro Consigliera di formazione, Sr Mary Frances Barnes, si sono riunite per il fine settimana ad Albany, NY. Il fine settimana era dedicato al tema &#8220;Vivere la vita come un atto di equilibrio, o vivere una vita equilibrata?&#8221; e ha incluso una tavola rotonda [&hellip;]<\/p>\n","protected":false},"author":1,"featured_media":17683,"comment_status":"closed","ping_status":"closed","sticky":false,"template":"","format":"standard","meta":{"_acf_changed":false,"_et_pb_use_builder":"","_et_pb_old_content":"","_et_gb_content_width":"","footnotes":"","_links_to":"","_links_to_target":""},"categories":[677],"tags":[],"class_list":["post-23572","post","type-post","status-publish","format-standard","has-post-thumbnail","hentry","category-santa-luisa-usa-it"],"acf":[],"yoast_head":"<!-- This site is optimized with the Yoast SEO plugin v27.4 - https:\/\/yoast.com\/product\/yoast-seo-wordpress\/ -->\n<title>Vivere la vita come un atto di equilibrio o vivere una vita equilibrata? - Filles de la Charit\u00e9<\/title>\n<meta name=\"robots\" content=\"index, follow, max-snippet:-1, max-image-preview:large, max-video-preview:-1\" \/>\n<link rel=\"canonical\" href=\"https:\/\/filles-de-la-charite.org\/it\/vivere-la-vita-come-un-atto-di-equilibrio-o-vivere-una-vita-equilibrata\/\" \/>\n<meta property=\"og:locale\" content=\"it_IT\" \/>\n<meta property=\"og:type\" content=\"article\" \/>\n<meta property=\"og:title\" content=\"Vivere la vita come un atto di equilibrio o vivere una vita equilibrata? - Filles de la Charit\u00e9\" \/>\n<meta property=\"og:description\" content=\"Le Suore con meno di 10 anni di vocazione e la loro Consigliera di formazione, Sr Mary Frances Barnes, si sono riunite per il fine settimana ad Albany, NY. Il fine settimana era dedicato al tema &#8220;Vivere la vita come un atto di equilibrio, o vivere una vita equilibrata?&#8221; e ha incluso una tavola rotonda [&hellip;]\" \/>\n<meta property=\"og:url\" content=\"https:\/\/filles-de-la-charite.org\/it\/vivere-la-vita-come-un-atto-di-equilibrio-o-vivere-una-vita-equilibrata\/\" \/>\n<meta property=\"og:site_name\" content=\"Filles de la Charit\u00e9\" \/>\n<meta property=\"article:published_time\" content=\"2023-05-09T12:25:33+00:00\" \/>\n<meta property=\"article:modified_time\" content=\"2024-03-17T14:44:10+00:00\" \/>\n<meta property=\"og:image\" content=\"https:\/\/filles-de-la-charite.org\/wp-content\/uploads\/2023\/06\/wood-texture-g2a4ce93f0_1920.jpg\" \/>\n\t<meta property=\"og:image:width\" content=\"1025\" \/>\n\t<meta property=\"og:image:height\" content=\"683\" \/>\n\t<meta property=\"og:image:type\" content=\"image\/jpeg\" \/>\n<meta name=\"author\" content=\"admin\" \/>\n<meta name=\"twitter:card\" content=\"summary_large_image\" \/>\n<meta name=\"twitter:label1\" content=\"Scritto da\" \/>\n\t<meta name=\"twitter:data1\" content=\"admin\" \/>\n\t<meta name=\"twitter:label2\" content=\"Tempo di lettura stimato\" \/>\n\t<meta name=\"twitter:data2\" content=\"1 minuto\" \/>\n<script type=\"application\/ld+json\" class=\"yoast-schema-graph\">{\"@context\":\"https:\\\/\\\/schema.org\",\"@graph\":[{\"@type\":\"Article\",\"@id\":\"https:\\\/\\\/filles-de-la-charite.org\\\/it\\\/vivere-la-vita-come-un-atto-di-equilibrio-o-vivere-una-vita-equilibrata\\\/#article\",\"isPartOf\":{\"@id\":\"https:\\\/\\\/filles-de-la-charite.org\\\/it\\\/vivere-la-vita-come-un-atto-di-equilibrio-o-vivere-una-vita-equilibrata\\\/\"},\"author\":{\"name\":\"admin\",\"@id\":\"https:\\\/\\\/filles-de-la-charite.org\\\/it\\\/#\\\/schema\\\/person\\\/427567b2eccfc2dd7d206da186a1f438\"},\"headline\":\"Vivere la vita come un atto di equilibrio o vivere una vita equilibrata?\",\"datePublished\":\"2023-05-09T12:25:33+00:00\",\"dateModified\":\"2024-03-17T14:44:10+00:00\",\"mainEntityOfPage\":{\"@id\":\"https:\\\/\\\/filles-de-la-charite.org\\\/it\\\/vivere-la-vita-come-un-atto-di-equilibrio-o-vivere-una-vita-equilibrata\\\/\"},\"wordCount\":153,\"publisher\":{\"@id\":\"https:\\\/\\\/filles-de-la-charite.org\\\/it\\\/#organization\"},\"image\":{\"@id\":\"https:\\\/\\\/filles-de-la-charite.org\\\/it\\\/vivere-la-vita-come-un-atto-di-equilibrio-o-vivere-una-vita-equilibrata\\\/#primaryimage\"},\"thumbnailUrl\":\"https:\\\/\\\/filles-de-la-charite.org\\\/wp-content\\\/uploads\\\/2023\\\/06\\\/wood-texture-g2a4ce93f0_1920.jpg\",\"articleSection\":[\"Santa Luisa \u2013 USA\"],\"inLanguage\":\"it-IT\"},{\"@type\":\"WebPage\",\"@id\":\"https:\\\/\\\/filles-de-la-charite.org\\\/it\\\/vivere-la-vita-come-un-atto-di-equilibrio-o-vivere-una-vita-equilibrata\\\/\",\"url\":\"https:\\\/\\\/filles-de-la-charite.org\\\/it\\\/vivere-la-vita-come-un-atto-di-equilibrio-o-vivere-una-vita-equilibrata\\\/\",\"name\":\"Vivere la vita come un atto di equilibrio o vivere una vita equilibrata? - Filles de la Charit\u00e9\",\"isPartOf\":{\"@id\":\"https:\\\/\\\/filles-de-la-charite.org\\\/it\\\/#website\"},\"primaryImageOfPage\":{\"@id\":\"https:\\\/\\\/filles-de-la-charite.org\\\/it\\\/vivere-la-vita-come-un-atto-di-equilibrio-o-vivere-una-vita-equilibrata\\\/#primaryimage\"},\"image\":{\"@id\":\"https:\\\/\\\/filles-de-la-charite.org\\\/it\\\/vivere-la-vita-come-un-atto-di-equilibrio-o-vivere-una-vita-equilibrata\\\/#primaryimage\"},\"thumbnailUrl\":\"https:\\\/\\\/filles-de-la-charite.org\\\/wp-content\\\/uploads\\\/2023\\\/06\\\/wood-texture-g2a4ce93f0_1920.jpg\",\"datePublished\":\"2023-05-09T12:25:33+00:00\",\"dateModified\":\"2024-03-17T14:44:10+00:00\",\"breadcrumb\":{\"@id\":\"https:\\\/\\\/filles-de-la-charite.org\\\/it\\\/vivere-la-vita-come-un-atto-di-equilibrio-o-vivere-una-vita-equilibrata\\\/#breadcrumb\"},\"inLanguage\":\"it-IT\",\"potentialAction\":[{\"@type\":\"ReadAction\",\"target\":[\"https:\\\/\\\/filles-de-la-charite.org\\\/it\\\/vivere-la-vita-come-un-atto-di-equilibrio-o-vivere-una-vita-equilibrata\\\/\"]}]},{\"@type\":\"ImageObject\",\"inLanguage\":\"it-IT\",\"@id\":\"https:\\\/\\\/filles-de-la-charite.org\\\/it\\\/vivere-la-vita-come-un-atto-di-equilibrio-o-vivere-una-vita-equilibrata\\\/#primaryimage\",\"url\":\"https:\\\/\\\/filles-de-la-charite.org\\\/wp-content\\\/uploads\\\/2023\\\/06\\\/wood-texture-g2a4ce93f0_1920.jpg\",\"contentUrl\":\"https:\\\/\\\/filles-de-la-charite.org\\\/wp-content\\\/uploads\\\/2023\\\/06\\\/wood-texture-g2a4ce93f0_1920.jpg\",\"width\":1025,\"height\":683},{\"@type\":\"BreadcrumbList\",\"@id\":\"https:\\\/\\\/filles-de-la-charite.org\\\/it\\\/vivere-la-vita-come-un-atto-di-equilibrio-o-vivere-una-vita-equilibrata\\\/#breadcrumb\",\"itemListElement\":[{\"@type\":\"ListItem\",\"position\":1,\"name\":\"Santa Luisa \u2013 USA\",\"item\":\"https:\\\/\\\/filles-de-la-charite.org\\\/it\\\/category\\\/santa-luisa-usa-it\\\/\"},{\"@type\":\"ListItem\",\"position\":2,\"name\":\"Vivere la vita come un atto di equilibrio o vivere una vita equilibrata?\"}]},{\"@type\":\"WebSite\",\"@id\":\"https:\\\/\\\/filles-de-la-charite.org\\\/it\\\/#website\",\"url\":\"https:\\\/\\\/filles-de-la-charite.org\\\/it\\\/\",\"name\":\"Hijas de la Caridad\",\"description\":\"L\u2019amour de J\u00e9sus nous presse \u00e0 prendre soin des personnes les plus d\u00e9munies\",\"publisher\":{\"@id\":\"https:\\\/\\\/filles-de-la-charite.org\\\/it\\\/#organization\"},\"potentialAction\":[{\"@type\":\"SearchAction\",\"target\":{\"@type\":\"EntryPoint\",\"urlTemplate\":\"https:\\\/\\\/filles-de-la-charite.org\\\/it\\\/?s={search_term_string}\"},\"query-input\":{\"@type\":\"PropertyValueSpecification\",\"valueRequired\":true,\"valueName\":\"search_term_string\"}}],\"inLanguage\":\"it-IT\"},{\"@type\":\"Organization\",\"@id\":\"https:\\\/\\\/filles-de-la-charite.org\\\/it\\\/#organization\",\"name\":\"Hijas de la Caridad\",\"url\":\"https:\\\/\\\/filles-de-la-charite.org\\\/it\\\/\",\"logo\":{\"@type\":\"ImageObject\",\"inLanguage\":\"it-IT\",\"@id\":\"https:\\\/\\\/filles-de-la-charite.org\\\/it\\\/#\\\/schema\\\/logo\\\/image\\\/\",\"url\":\"https:\\\/\\\/filles-de-la-charite.org\\\/wp-content\\\/uploads\\\/2023\\\/03\\\/isotipo-Hijas-de-la-Caridad.png\",\"contentUrl\":\"https:\\\/\\\/filles-de-la-charite.org\\\/wp-content\\\/uploads\\\/2023\\\/03\\\/isotipo-Hijas-de-la-Caridad.png\",\"width\":1417,\"height\":1417,\"caption\":\"Hijas de la Caridad\"},\"image\":{\"@id\":\"https:\\\/\\\/filles-de-la-charite.org\\\/it\\\/#\\\/schema\\\/logo\\\/image\\\/\"}},{\"@type\":\"Person\",\"@id\":\"https:\\\/\\\/filles-de-la-charite.org\\\/it\\\/#\\\/schema\\\/person\\\/427567b2eccfc2dd7d206da186a1f438\",\"name\":\"admin\",\"image\":{\"@type\":\"ImageObject\",\"inLanguage\":\"it-IT\",\"@id\":\"https:\\\/\\\/secure.gravatar.com\\\/avatar\\\/948b492cce32b586ac2db0eaa926ee87024f7afe218d73b397ea5ddfc5f43ea1?s=96&d=mm&r=g\",\"url\":\"https:\\\/\\\/secure.gravatar.com\\\/avatar\\\/948b492cce32b586ac2db0eaa926ee87024f7afe218d73b397ea5ddfc5f43ea1?s=96&d=mm&r=g\",\"contentUrl\":\"https:\\\/\\\/secure.gravatar.com\\\/avatar\\\/948b492cce32b586ac2db0eaa926ee87024f7afe218d73b397ea5ddfc5f43ea1?s=96&d=mm&r=g\",\"caption\":\"admin\"},\"sameAs\":[\"https:\\\/\\\/filles-de-la-charite.org\"],\"url\":\"https:\\\/\\\/filles-de-la-charite.org\\\/it\\\/author\\\/caridad\\\/\"}]}<\/script>\n<!-- \/ Yoast SEO plugin. -->","yoast_head_json":{"title":"Vivere la vita come un atto di equilibrio o vivere una vita equilibrata? - Filles de la Charit\u00e9","robots":{"index":"index","follow":"follow","max-snippet":"max-snippet:-1","max-image-preview":"max-image-preview:large","max-video-preview":"max-video-preview:-1"},"canonical":"https:\/\/filles-de-la-charite.org\/it\/vivere-la-vita-come-un-atto-di-equilibrio-o-vivere-una-vita-equilibrata\/","og_locale":"it_IT","og_type":"article","og_title":"Vivere la vita come un atto di equilibrio o vivere una vita equilibrata? - Filles de la Charit\u00e9","og_description":"Le Suore con meno di 10 anni di vocazione e la loro Consigliera di formazione, Sr Mary Frances Barnes, si sono riunite per il fine settimana ad Albany, NY. Il fine settimana era dedicato al tema &#8220;Vivere la vita come un atto di equilibrio, o vivere una vita equilibrata?&#8221; e ha incluso una tavola rotonda [&hellip;]","og_url":"https:\/\/filles-de-la-charite.org\/it\/vivere-la-vita-come-un-atto-di-equilibrio-o-vivere-una-vita-equilibrata\/","og_site_name":"Filles de la Charit\u00e9","article_published_time":"2023-05-09T12:25:33+00:00","article_modified_time":"2024-03-17T14:44:10+00:00","og_image":[{"width":1025,"height":683,"url":"https:\/\/filles-de-la-charite.org\/wp-content\/uploads\/2023\/06\/wood-texture-g2a4ce93f0_1920.jpg","type":"image\/jpeg"}],"author":"admin","twitter_card":"summary_large_image","twitter_misc":{"Scritto da":"admin","Tempo di lettura stimato":"1 minuto"},"schema":{"@context":"https:\/\/schema.org","@graph":[{"@type":"Article","@id":"https:\/\/filles-de-la-charite.org\/it\/vivere-la-vita-come-un-atto-di-equilibrio-o-vivere-una-vita-equilibrata\/#article","isPartOf":{"@id":"https:\/\/filles-de-la-charite.org\/it\/vivere-la-vita-come-un-atto-di-equilibrio-o-vivere-una-vita-equilibrata\/"},"author":{"name":"admin","@id":"https:\/\/filles-de-la-charite.org\/it\/#\/schema\/person\/427567b2eccfc2dd7d206da186a1f438"},"headline":"Vivere la vita come un atto di equilibrio o vivere una vita equilibrata?","datePublished":"2023-05-09T12:25:33+00:00","dateModified":"2024-03-17T14:44:10+00:00","mainEntityOfPage":{"@id":"https:\/\/filles-de-la-charite.org\/it\/vivere-la-vita-come-un-atto-di-equilibrio-o-vivere-una-vita-equilibrata\/"},"wordCount":153,"publisher":{"@id":"https:\/\/filles-de-la-charite.org\/it\/#organization"},"image":{"@id":"https:\/\/filles-de-la-charite.org\/it\/vivere-la-vita-come-un-atto-di-equilibrio-o-vivere-una-vita-equilibrata\/#primaryimage"},"thumbnailUrl":"https:\/\/filles-de-la-charite.org\/wp-content\/uploads\/2023\/06\/wood-texture-g2a4ce93f0_1920.jpg","articleSection":["Santa Luisa \u2013 USA"],"inLanguage":"it-IT"},{"@type":"WebPage","@id":"https:\/\/filles-de-la-charite.org\/it\/vivere-la-vita-come-un-atto-di-equilibrio-o-vivere-una-vita-equilibrata\/","url":"https:\/\/filles-de-la-charite.org\/it\/vivere-la-vita-come-un-atto-di-equilibrio-o-vivere-una-vita-equilibrata\/","name":"Vivere la vita come un atto di equilibrio o vivere una vita equilibrata? - Filles de la Charit\u00e9","isPartOf":{"@id":"https:\/\/filles-de-la-charite.org\/it\/#website"},"primaryImageOfPage":{"@id":"https:\/\/filles-de-la-charite.org\/it\/vivere-la-vita-come-un-atto-di-equilibrio-o-vivere-una-vita-equilibrata\/#primaryimage"},"image":{"@id":"https:\/\/filles-de-la-charite.org\/it\/vivere-la-vita-come-un-atto-di-equilibrio-o-vivere-una-vita-equilibrata\/#primaryimage"},"thumbnailUrl":"https:\/\/filles-de-la-charite.org\/wp-content\/uploads\/2023\/06\/wood-texture-g2a4ce93f0_1920.jpg","datePublished":"2023-05-09T12:25:33+00:00","dateModified":"2024-03-17T14:44:10+00:00","breadcrumb":{"@id":"https:\/\/filles-de-la-charite.org\/it\/vivere-la-vita-come-un-atto-di-equilibrio-o-vivere-una-vita-equilibrata\/#breadcrumb"},"inLanguage":"it-IT","potentialAction":[{"@type":"ReadAction","target":["https:\/\/filles-de-la-charite.org\/it\/vivere-la-vita-come-un-atto-di-equilibrio-o-vivere-una-vita-equilibrata\/"]}]},{"@type":"ImageObject","inLanguage":"it-IT","@id":"https:\/\/filles-de-la-charite.org\/it\/vivere-la-vita-come-un-atto-di-equilibrio-o-vivere-una-vita-equilibrata\/#primaryimage","url":"https:\/\/filles-de-la-charite.org\/wp-content\/uploads\/2023\/06\/wood-texture-g2a4ce93f0_1920.jpg","contentUrl":"https:\/\/filles-de-la-charite.org\/wp-content\/uploads\/2023\/06\/wood-texture-g2a4ce93f0_1920.jpg","width":1025,"height":683},{"@type":"BreadcrumbList","@id":"https:\/\/filles-de-la-charite.org\/it\/vivere-la-vita-come-un-atto-di-equilibrio-o-vivere-una-vita-equilibrata\/#breadcrumb","itemListElement":[{"@type":"ListItem","position":1,"name":"Santa Luisa \u2013 USA","item":"https:\/\/filles-de-la-charite.org\/it\/category\/santa-luisa-usa-it\/"},{"@type":"ListItem","position":2,"name":"Vivere la vita come un atto di equilibrio o vivere una vita equilibrata?"}]},{"@type":"WebSite","@id":"https:\/\/filles-de-la-charite.org\/it\/#website","url":"https:\/\/filles-de-la-charite.org\/it\/","name":"Hijas de la Caridad","description":"L\u2019amour de J\u00e9sus nous presse \u00e0 prendre soin des personnes les plus d\u00e9munies","publisher":{"@id":"https:\/\/filles-de-la-charite.org\/it\/#organization"},"potentialAction":[{"@type":"SearchAction","target":{"@type":"EntryPoint","urlTemplate":"https:\/\/filles-de-la-charite.org\/it\/?s={search_term_string}"},"query-input":{"@type":"PropertyValueSpecification","valueRequired":true,"valueName":"search_term_string"}}],"inLanguage":"it-IT"},{"@type":"Organization","@id":"https:\/\/filles-de-la-charite.org\/it\/#organization","name":"Hijas de la Caridad","url":"https:\/\/filles-de-la-charite.org\/it\/","logo":{"@type":"ImageObject","inLanguage":"it-IT","@id":"https:\/\/filles-de-la-charite.org\/it\/#\/schema\/logo\/image\/","url":"https:\/\/filles-de-la-charite.org\/wp-content\/uploads\/2023\/03\/isotipo-Hijas-de-la-Caridad.png","contentUrl":"https:\/\/filles-de-la-charite.org\/wp-content\/uploads\/2023\/03\/isotipo-Hijas-de-la-Caridad.png","width":1417,"height":1417,"caption":"Hijas de la Caridad"},"image":{"@id":"https:\/\/filles-de-la-charite.org\/it\/#\/schema\/logo\/image\/"}},{"@type":"Person","@id":"https:\/\/filles-de-la-charite.org\/it\/#\/schema\/person\/427567b2eccfc2dd7d206da186a1f438","name":"admin","image":{"@type":"ImageObject","inLanguage":"it-IT","@id":"https:\/\/secure.gravatar.com\/avatar\/948b492cce32b586ac2db0eaa926ee87024f7afe218d73b397ea5ddfc5f43ea1?s=96&d=mm&r=g","url":"https:\/\/secure.gravatar.com\/avatar\/948b492cce32b586ac2db0eaa926ee87024f7afe218d73b397ea5ddfc5f43ea1?s=96&d=mm&r=g","contentUrl":"https:\/\/secure.gravatar.com\/avatar\/948b492cce32b586ac2db0eaa926ee87024f7afe218d73b397ea5ddfc5f43ea1?s=96&d=mm&r=g","caption":"admin"},"sameAs":["https:\/\/filles-de-la-charite.org"],"url":"https:\/\/filles-de-la-charite.org\/it\/author\/caridad\/"}]}},"_links":{"self":[{"href":"https:\/\/filles-de-la-charite.org\/it\/wp-json\/wp\/v2\/posts\/23572","targetHints":{"allow":["GET"]}}],"collection":[{"href":"https:\/\/filles-de-la-charite.org\/it\/wp-json\/wp\/v2\/posts"}],"about":[{"href":"https:\/\/filles-de-la-charite.org\/it\/wp-json\/wp\/v2\/types\/post"}],"author":[{"embeddable":true,"href":"https:\/\/filles-de-la-charite.org\/it\/wp-json\/wp\/v2\/users\/1"}],"replies":[{"embeddable":true,"href":"https:\/\/filles-de-la-charite.org\/it\/wp-json\/wp\/v2\/comments?post=23572"}],"version-history":[{"count":1,"href":"https:\/\/filles-de-la-charite.org\/it\/wp-json\/wp\/v2\/posts\/23572\/revisions"}],"predecessor-version":[{"id":23573,"href":"https:\/\/filles-de-la-charite.org\/it\/wp-json\/wp\/v2\/posts\/23572\/revisions\/23573"}],"wp:featuredmedia":[{"embeddable":true,"href":"https:\/\/filles-de-la-charite.org\/it\/wp-json\/wp\/v2\/media\/17683"}],"wp:attachment":[{"href":"https:\/\/filles-de-la-charite.org\/it\/wp-json\/wp\/v2\/media?parent=23572"}],"wp:term":[{"taxonomy":"category","embeddable":true,"href":"https:\/\/filles-de-la-charite.org\/it\/wp-json\/wp\/v2\/categories?post=23572"},{"taxonomy":"post_tag","embeddable":true,"href":"https:\/\/filles-de-la-charite.org\/it\/wp-json\/wp\/v2\/tags?post=23572"}],"curies":[{"name":"wp","href":"https:\/\/api.w.org\/{rel}","templated":true}]}}