{"id":23574,"date":"2023-05-31T22:00:00","date_gmt":"2023-05-31T20:00:00","guid":{"rendered":"https:\/\/hijascaridad.sjdigitaldemo.ovh\/la-vita-e-un-cammino-un-viaggio-a-piu-tappe\/"},"modified":"2024-03-17T12:49:26","modified_gmt":"2024-03-17T11:49:26","slug":"la-vita-e-un-cammino-un-viaggio-a-piu-tappe","status":"publish","type":"post","link":"https:\/\/filles-de-la-charite.org\/it\/la-vita-e-un-cammino-un-viaggio-a-piu-tappe\/","title":{"rendered":"La vita \u00e8 un cammino, un viaggio a pi\u00f9 tappe"},"content":{"rendered":"\n<p>Dal 17 aprile al 4 maggio, le Suore responsabili del postulato e le Direttrici dei Seminari della Compagnia sono state chiamate a intraprendere insieme un viaggio straordinario.<\/p>\n\n\n\n<p>Viaggiare significa fare i bagagli, selezionare ci\u00f2 che \u00e8 veramente importante da portare con s\u00e9 e lasciare spazio sufficiente per riportare \u201cregali\u201d e \u201csouvenir.\u201d \u00c8 con questo spirito che abbiamo intrapreso un viaggio che ci ha permesso di contemplare e percorrere una grande variet\u00e0 di luoghi e di spazi.<\/p>\n\n\n\n<p>In totale eravamo 59 passeggeri provenienti da tutto il mondo: Africa, America, Asia ed Europa; una ricchezza di culture, costumi e lingue.<\/p>\n\n\n\n<p>Gli spazi vuoti nei nostri bagagli si sarebbero presto riempiti di cartoline, di souvenir che ci avrebbero aiutato a ricordare questo splendido paesaggio:<\/p>\n\n\n\n<p>\u201cPreparare le Figlie della Carit\u00e0 per la Chiesa, la Compagnia e la societ\u00e0 del XXI secolo\u201d.<\/p>\n\n\n\n<p>La prima parte del viaggio \u00e8 iniziata con un messaggio di apertura di Suor Fran\u00e7oise Petit che ha posto una domanda chiave: \u00abChe cosa si aspetta la Compagnia dalle Figlie della Carit\u00e0?\u00bb Ci ha proposto tre piste:<\/p>\n\n\n\n<p>\u2013 Un modo di essere con le Suore in formazione.<\/p>\n\n\n\n<p>\u2013 Un tema adatto alle tappe della formazione.<\/p>\n\n\n\n<p>\u2013 Un percorso di appendimento all\u2019incontro con i nostri fratelli e sorelle poveri.<\/p>\n\n\n\n<p>Padre Patrick Griffin e padre Bernard Schoepffer ci hanno invitate a contemplare e &nbsp;a scoprire realt\u00e0 essenziali nella formazione delle Figlie della Carit\u00e0: il contesto del mondo, la formazione della coscienza, il carisma e la missione della formazione.<\/p>\n\n\n\n<p>Abbiamo attraversato diversi paesaggi che ci hanno affascinato: l\u2019interculturalit\u00e0 nella vita comunitaria, la maturit\u00e0 sessuale, affettiva e spirituale, l\u2019accompagnamento, i diritti umani (presentati dalle Suore che rappresentano le Figlie della Carit\u00e0 all\u2019ONU) tra gli altri, ci siamo sentite coinvolte e preoccupate per la vastit\u00e0 del tema: la formazione, la sensibilizzazione alla salvaguardia dei bambini e delle persone vulnerabili e l\u2019accompagnamento delle vittime di abusi. Sono state fatte alcune soste per permetterci di riflettere su \u201cLa missione e il ruolo delle formatrici\u201d e \u201cLa tecnologia e il suo impatto sulla formazione.\u201d<\/p>\n\n\n\n<p>Lo stesso paesaggio ha sempre visioni diverse, ognuno vede e scopre aspetti diversi, da qui l\u2019importanza dei momenti di lavoro di gruppo, che ci hanno dato l\u2019opportunit\u00e0 di allargare i nostri orizzonti, di incoraggiare la nostra voglia di scoprire nuove possibilit\u00e0 e di cercare nuove forme di servizio.<\/p>\n\n\n\n<p>La liturgia e l\u2019Eucaristia sono stati momenti di celebrazione della nostra fede insieme, di apertura a Dio e ai nostri fratelli e sorelle che vivono nella povert\u00e0, &nbsp;sono stati momenti di ringraziamento.<\/p>\n\n\n\n<p>Al termine del nostro viaggio abbiamo ringraziato i membri del Consiglio generale che lo hanno reso possibile. Grazie a Suor Fran\u00e7oise &nbsp;per le sfide che ci ha lanciato, per l\u2019approfondimento, la semplicit\u00e0 e la speranza. Grazie per le esperienze vissute, per l\u2019audacia e il coraggio della Compagnia di fronte ai problemi attuali, per l\u2019impegno verso i pi\u00f9 svantaggiati, per la diversit\u00e0 che arricchisce la nostra vita perch\u00e9 la variet\u00e0 delle lingue non \u00e8 un ostacolo alla nostra comunicazione.<\/p>\n\n\n\n<p>Padre Toma\u017e Mavri\u010d ha insistito ancora una volta sulla \u201cformazione come priorit\u00e0\u201d.<\/p>\n\n\n\n<p>Abbiamo concluso questa parte del viaggio con l\u2019Eucaristia che ci ha inviate in missione.&nbsp; Tuttavia, il suddetto viaggio non finisce qui; mentre questo tratto finisce, ne inizia un nuovo, dove incontreremo altre storie, altre vite che ci aiuteranno a contemplare la storia e a scoprire come accompagnare le giovani donne che si uniscono a noi per diventare Figlie della Carit\u00e0 affinch\u00e9 continuino a crescere.<\/p>\n\n\n\n<p><\/p>\n\n\n\n<div class=\"wp-block-group is-layout-flex wp-block-group-is-layout-flex\">\n<figure class=\"wp-block-gallery has-nested-images columns-3 is-cropped wp-block-gallery-1 is-layout-flex wp-block-gallery-is-layout-flex\">\n<figure class=\"wp-block-image size-large\"><a href=\"https:\/\/filles-de-la-charite.org\/wp-content\/uploads\/2024\/03\/News-Life-is-a-road-8-1024x768.jpg\" target=\"_blank\" rel=\"noopener\" data-rel=\"lightbox-image-0\" data-rl_title=\"\" data-rl_caption=\"\" title=\"\"><img loading=\"lazy\" decoding=\"async\" width=\"1024\" height=\"768\" data-id=\"32953\" src=\"https:\/\/filles-de-la-charite.org\/wp-content\/uploads\/2024\/03\/News-Life-is-a-road-8-1024x768.jpg\" alt=\"\" class=\"wp-image-32953\" srcset=\"https:\/\/filles-de-la-charite.org\/wp-content\/uploads\/2024\/03\/News-Life-is-a-road-8-980x735.jpg 980w, https:\/\/filles-de-la-charite.org\/wp-content\/uploads\/2024\/03\/News-Life-is-a-road-8-480x360.jpg 480w\" sizes=\"(min-width: 0px) and (max-width: 480px) 480px, (min-width: 481px) and (max-width: 980px) 980px, (min-width: 981px) 1024px, 100vw\" \/><\/a><\/figure>\n\n\n\n<figure class=\"wp-block-image size-large\"><a href=\"https:\/\/filles-de-la-charite.org\/wp-content\/uploads\/2024\/03\/News-Life-is-a-road-7-1024x681.jpg\" target=\"_blank\" rel=\"noopener\" data-rel=\"lightbox-image-1\" data-rl_title=\"\" data-rl_caption=\"\" title=\"\"><img loading=\"lazy\" decoding=\"async\" width=\"1024\" height=\"681\" data-id=\"32947\" src=\"https:\/\/filles-de-la-charite.org\/wp-content\/uploads\/2024\/03\/News-Life-is-a-road-7-1024x681.jpg\" alt=\"\" class=\"wp-image-32947\" srcset=\"https:\/\/filles-de-la-charite.org\/wp-content\/uploads\/2024\/03\/News-Life-is-a-road-7-980x652.jpg 980w, https:\/\/filles-de-la-charite.org\/wp-content\/uploads\/2024\/03\/News-Life-is-a-road-7-480x319.jpg 480w\" sizes=\"(min-width: 0px) and (max-width: 480px) 480px, (min-width: 481px) and (max-width: 980px) 980px, (min-width: 981px) 1024px, 100vw\" \/><\/a><\/figure>\n\n\n\n<figure class=\"wp-block-image size-large\"><a href=\"https:\/\/filles-de-la-charite.org\/wp-content\/uploads\/2024\/03\/News-Life-is-a-road-6-1024x681.jpg\" target=\"_blank\" rel=\"noopener\" data-rel=\"lightbox-image-2\" data-rl_title=\"\" data-rl_caption=\"\" title=\"\"><img loading=\"lazy\" decoding=\"async\" width=\"1024\" height=\"681\" data-id=\"32941\" src=\"https:\/\/filles-de-la-charite.org\/wp-content\/uploads\/2024\/03\/News-Life-is-a-road-6-1024x681.jpg\" alt=\"\" class=\"wp-image-32941\" srcset=\"https:\/\/filles-de-la-charite.org\/wp-content\/uploads\/2024\/03\/News-Life-is-a-road-6-980x652.jpg 980w, https:\/\/filles-de-la-charite.org\/wp-content\/uploads\/2024\/03\/News-Life-is-a-road-6-480x319.jpg 480w\" sizes=\"(min-width: 0px) and (max-width: 480px) 480px, (min-width: 481px) and (max-width: 980px) 980px, (min-width: 981px) 1024px, 100vw\" \/><\/a><\/figure>\n\n\n\n<figure class=\"wp-block-image size-large\"><a href=\"https:\/\/filles-de-la-charite.org\/wp-content\/uploads\/2024\/03\/News-Life-is-a-road-5-1024x681.jpg\" target=\"_blank\" rel=\"noopener\" data-rel=\"lightbox-image-3\" data-rl_title=\"\" data-rl_caption=\"\" title=\"\"><img loading=\"lazy\" decoding=\"async\" width=\"1024\" height=\"681\" data-id=\"32935\" src=\"https:\/\/filles-de-la-charite.org\/wp-content\/uploads\/2024\/03\/News-Life-is-a-road-5-1024x681.jpg\" alt=\"\" class=\"wp-image-32935\" srcset=\"https:\/\/filles-de-la-charite.org\/wp-content\/uploads\/2024\/03\/News-Life-is-a-road-5-980x652.jpg 980w, https:\/\/filles-de-la-charite.org\/wp-content\/uploads\/2024\/03\/News-Life-is-a-road-5-480x319.jpg 480w\" sizes=\"(min-width: 0px) and (max-width: 480px) 480px, (min-width: 481px) and (max-width: 980px) 980px, (min-width: 981px) 1024px, 100vw\" \/><\/a><\/figure>\n\n\n\n<figure class=\"wp-block-image size-large\"><a href=\"https:\/\/filles-de-la-charite.org\/wp-content\/uploads\/2024\/03\/News-Life-is-a-road-4-1024x681.jpg\" target=\"_blank\" rel=\"noopener\" data-rel=\"lightbox-image-4\" data-rl_title=\"\" data-rl_caption=\"\" title=\"\"><img loading=\"lazy\" decoding=\"async\" width=\"1024\" height=\"681\" data-id=\"32929\" src=\"https:\/\/filles-de-la-charite.org\/wp-content\/uploads\/2024\/03\/News-Life-is-a-road-4-1024x681.jpg\" alt=\"\" class=\"wp-image-32929\" srcset=\"https:\/\/filles-de-la-charite.org\/wp-content\/uploads\/2024\/03\/News-Life-is-a-road-4-980x652.jpg 980w, https:\/\/filles-de-la-charite.org\/wp-content\/uploads\/2024\/03\/News-Life-is-a-road-4-480x319.jpg 480w\" sizes=\"(min-width: 0px) and (max-width: 480px) 480px, (min-width: 481px) and (max-width: 980px) 980px, (min-width: 981px) 1024px, 100vw\" \/><\/a><\/figure>\n\n\n\n<figure class=\"wp-block-image size-large\"><a href=\"https:\/\/filles-de-la-charite.org\/wp-content\/uploads\/2024\/03\/News-Life-is-a-road-3-1024x681.jpg\" target=\"_blank\" rel=\"noopener\" data-rel=\"lightbox-image-5\" data-rl_title=\"\" data-rl_caption=\"\" title=\"\"><img loading=\"lazy\" decoding=\"async\" width=\"1024\" height=\"681\" data-id=\"32923\" src=\"https:\/\/filles-de-la-charite.org\/wp-content\/uploads\/2024\/03\/News-Life-is-a-road-3-1024x681.jpg\" alt=\"\" class=\"wp-image-32923\" srcset=\"https:\/\/filles-de-la-charite.org\/wp-content\/uploads\/2024\/03\/News-Life-is-a-road-3-980x652.jpg 980w, https:\/\/filles-de-la-charite.org\/wp-content\/uploads\/2024\/03\/News-Life-is-a-road-3-480x319.jpg 480w\" sizes=\"(min-width: 0px) and (max-width: 480px) 480px, (min-width: 481px) and (max-width: 980px) 980px, (min-width: 981px) 1024px, 100vw\" \/><\/a><\/figure>\n\n\n\n<figure class=\"wp-block-image size-large\"><a href=\"https:\/\/filles-de-la-charite.org\/wp-content\/uploads\/2024\/03\/News-Life-is-a-road-2-1024x681.jpg\" target=\"_blank\" rel=\"noopener\" data-rel=\"lightbox-image-6\" data-rl_title=\"\" data-rl_caption=\"\" title=\"\"><img loading=\"lazy\" decoding=\"async\" width=\"1024\" height=\"681\" data-id=\"32917\" src=\"https:\/\/filles-de-la-charite.org\/wp-content\/uploads\/2024\/03\/News-Life-is-a-road-2-1024x681.jpg\" alt=\"\" class=\"wp-image-32917\" srcset=\"https:\/\/filles-de-la-charite.org\/wp-content\/uploads\/2024\/03\/News-Life-is-a-road-2-980x652.jpg 980w, https:\/\/filles-de-la-charite.org\/wp-content\/uploads\/2024\/03\/News-Life-is-a-road-2-480x319.jpg 480w\" sizes=\"(min-width: 0px) and (max-width: 480px) 480px, (min-width: 481px) and (max-width: 980px) 980px, (min-width: 981px) 1024px, 100vw\" \/><\/a><\/figure>\n\n\n\n<figure class=\"wp-block-image size-large\"><a href=\"https:\/\/filles-de-la-charite.org\/wp-content\/uploads\/2024\/03\/News-Life-is-a-road-1-768x1024.jpg\" target=\"_blank\" rel=\"noopener\" data-rel=\"lightbox-image-7\" data-rl_title=\"\" data-rl_caption=\"\" title=\"\"><img loading=\"lazy\" decoding=\"async\" width=\"768\" height=\"1024\" data-id=\"32911\" src=\"https:\/\/filles-de-la-charite.org\/wp-content\/uploads\/2024\/03\/News-Life-is-a-road-1-768x1024.jpg\" alt=\"\" class=\"wp-image-32911\"\/><\/a><\/figure>\n\n\n\n<figure class=\"wp-block-image size-large\"><a href=\"https:\/\/filles-de-la-charite.org\/wp-content\/uploads\/2024\/03\/News-Life-is-a-road-9-768x1024.jpg\" target=\"_blank\" rel=\"noopener\" data-rel=\"lightbox-image-8\" data-rl_title=\"\" data-rl_caption=\"\" title=\"\"><img loading=\"lazy\" decoding=\"async\" width=\"768\" height=\"1024\" data-id=\"32905\" src=\"https:\/\/filles-de-la-charite.org\/wp-content\/uploads\/2024\/03\/News-Life-is-a-road-9-768x1024.jpg\" alt=\"\" class=\"wp-image-32905\"\/><\/a><\/figure>\n<\/figure>\n<\/div>\n","protected":false},"excerpt":{"rendered":"<p>Dal 17 aprile al 4 maggio, le Suore responsabili del postulato e le Direttrici dei Seminari della Compagnia sono state chiamate a intraprendere insieme un viaggio straordinario. Viaggiare significa fare i bagagli, selezionare ci\u00f2 che \u00e8 veramente importante da portare con s\u00e9 e lasciare spazio sufficiente per riportare \u201cregali\u201d e \u201csouvenir.\u201d \u00c8 con questo spirito [&hellip;]<\/p>\n","protected":false},"author":1,"featured_media":17690,"comment_status":"closed","ping_status":"closed","sticky":false,"template":"","format":"standard","meta":{"_acf_changed":false,"_et_pb_use_builder":"","_et_pb_old_content":"","_et_gb_content_width":"","footnotes":"","_links_to":"","_links_to_target":""},"categories":[562],"tags":[],"class_list":["post-23574","post","type-post","status-publish","format-standard","has-post-thumbnail","hentry","category-casa-madre-it"],"acf":[],"yoast_head":"<!-- This site is optimized with the Yoast SEO plugin v27.5 - https:\/\/yoast.com\/product\/yoast-seo-wordpress\/ -->\n<title>La vita \u00e8 un cammino, un viaggio a pi\u00f9 tappe - Filles de la Charit\u00e9<\/title>\n<meta name=\"robots\" content=\"index, follow, max-snippet:-1, max-image-preview:large, max-video-preview:-1\" \/>\n<link rel=\"canonical\" href=\"https:\/\/filles-de-la-charite.org\/it\/la-vita-e-un-cammino-un-viaggio-a-piu-tappe\/\" \/>\n<meta property=\"og:locale\" content=\"it_IT\" \/>\n<meta property=\"og:type\" content=\"article\" \/>\n<meta property=\"og:title\" content=\"La vita \u00e8 un cammino, un viaggio a pi\u00f9 tappe - Filles de la Charit\u00e9\" \/>\n<meta property=\"og:description\" content=\"Dal 17 aprile al 4 maggio, le Suore responsabili del postulato e le Direttrici dei Seminari della Compagnia sono state chiamate a intraprendere insieme un viaggio straordinario. Viaggiare significa fare i bagagli, selezionare ci\u00f2 che \u00e8 veramente importante da portare con s\u00e9 e lasciare spazio sufficiente per riportare \u201cregali\u201d e \u201csouvenir.\u201d \u00c8 con questo spirito [&hellip;]\" \/>\n<meta property=\"og:url\" content=\"https:\/\/filles-de-la-charite.org\/it\/la-vita-e-un-cammino-un-viaggio-a-piu-tappe\/\" \/>\n<meta property=\"og:site_name\" content=\"Filles de la Charit\u00e9\" \/>\n<meta property=\"article:published_time\" content=\"2023-05-31T20:00:00+00:00\" \/>\n<meta property=\"article:modified_time\" content=\"2024-03-17T11:49:26+00:00\" \/>\n<meta property=\"og:image\" content=\"https:\/\/filles-de-la-charite.org\/wp-content\/uploads\/2023\/06\/Life-is-a-road-4-scaled-1.jpg\" \/>\n\t<meta property=\"og:image:width\" content=\"2560\" \/>\n\t<meta property=\"og:image:height\" content=\"1702\" \/>\n\t<meta property=\"og:image:type\" content=\"image\/jpeg\" \/>\n<meta name=\"author\" content=\"admin\" \/>\n<meta name=\"twitter:card\" content=\"summary_large_image\" \/>\n<meta name=\"twitter:label1\" content=\"Scritto da\" \/>\n\t<meta name=\"twitter:data1\" content=\"admin\" \/>\n\t<meta name=\"twitter:label2\" content=\"Tempo di lettura stimato\" \/>\n\t<meta name=\"twitter:data2\" content=\"3 minuti\" \/>\n<script type=\"application\/ld+json\" class=\"yoast-schema-graph\">{\"@context\":\"https:\\\/\\\/schema.org\",\"@graph\":[{\"@type\":\"Article\",\"@id\":\"https:\\\/\\\/filles-de-la-charite.org\\\/it\\\/la-vita-e-un-cammino-un-viaggio-a-piu-tappe\\\/#article\",\"isPartOf\":{\"@id\":\"https:\\\/\\\/filles-de-la-charite.org\\\/it\\\/la-vita-e-un-cammino-un-viaggio-a-piu-tappe\\\/\"},\"author\":{\"name\":\"admin\",\"@id\":\"https:\\\/\\\/filles-de-la-charite.org\\\/it\\\/#\\\/schema\\\/person\\\/427567b2eccfc2dd7d206da186a1f438\"},\"headline\":\"La vita \u00e8 un cammino, un viaggio a pi\u00f9 tappe\",\"datePublished\":\"2023-05-31T20:00:00+00:00\",\"dateModified\":\"2024-03-17T11:49:26+00:00\",\"mainEntityOfPage\":{\"@id\":\"https:\\\/\\\/filles-de-la-charite.org\\\/it\\\/la-vita-e-un-cammino-un-viaggio-a-piu-tappe\\\/\"},\"wordCount\":584,\"publisher\":{\"@id\":\"https:\\\/\\\/filles-de-la-charite.org\\\/it\\\/#organization\"},\"image\":{\"@id\":\"https:\\\/\\\/filles-de-la-charite.org\\\/it\\\/la-vita-e-un-cammino-un-viaggio-a-piu-tappe\\\/#primaryimage\"},\"thumbnailUrl\":\"https:\\\/\\\/filles-de-la-charite.org\\\/wp-content\\\/uploads\\\/2023\\\/06\\\/Life-is-a-road-4-scaled-1.jpg\",\"articleSection\":[\"Casa-Madre\"],\"inLanguage\":\"it-IT\"},{\"@type\":\"WebPage\",\"@id\":\"https:\\\/\\\/filles-de-la-charite.org\\\/it\\\/la-vita-e-un-cammino-un-viaggio-a-piu-tappe\\\/\",\"url\":\"https:\\\/\\\/filles-de-la-charite.org\\\/it\\\/la-vita-e-un-cammino-un-viaggio-a-piu-tappe\\\/\",\"name\":\"La vita \u00e8 un cammino, un viaggio a pi\u00f9 tappe - Filles de la Charit\u00e9\",\"isPartOf\":{\"@id\":\"https:\\\/\\\/filles-de-la-charite.org\\\/it\\\/#website\"},\"primaryImageOfPage\":{\"@id\":\"https:\\\/\\\/filles-de-la-charite.org\\\/it\\\/la-vita-e-un-cammino-un-viaggio-a-piu-tappe\\\/#primaryimage\"},\"image\":{\"@id\":\"https:\\\/\\\/filles-de-la-charite.org\\\/it\\\/la-vita-e-un-cammino-un-viaggio-a-piu-tappe\\\/#primaryimage\"},\"thumbnailUrl\":\"https:\\\/\\\/filles-de-la-charite.org\\\/wp-content\\\/uploads\\\/2023\\\/06\\\/Life-is-a-road-4-scaled-1.jpg\",\"datePublished\":\"2023-05-31T20:00:00+00:00\",\"dateModified\":\"2024-03-17T11:49:26+00:00\",\"breadcrumb\":{\"@id\":\"https:\\\/\\\/filles-de-la-charite.org\\\/it\\\/la-vita-e-un-cammino-un-viaggio-a-piu-tappe\\\/#breadcrumb\"},\"inLanguage\":\"it-IT\",\"potentialAction\":[{\"@type\":\"ReadAction\",\"target\":[\"https:\\\/\\\/filles-de-la-charite.org\\\/it\\\/la-vita-e-un-cammino-un-viaggio-a-piu-tappe\\\/\"]}]},{\"@type\":\"ImageObject\",\"inLanguage\":\"it-IT\",\"@id\":\"https:\\\/\\\/filles-de-la-charite.org\\\/it\\\/la-vita-e-un-cammino-un-viaggio-a-piu-tappe\\\/#primaryimage\",\"url\":\"https:\\\/\\\/filles-de-la-charite.org\\\/wp-content\\\/uploads\\\/2023\\\/06\\\/Life-is-a-road-4-scaled-1.jpg\",\"contentUrl\":\"https:\\\/\\\/filles-de-la-charite.org\\\/wp-content\\\/uploads\\\/2023\\\/06\\\/Life-is-a-road-4-scaled-1.jpg\",\"width\":2560,\"height\":1702},{\"@type\":\"BreadcrumbList\",\"@id\":\"https:\\\/\\\/filles-de-la-charite.org\\\/it\\\/la-vita-e-un-cammino-un-viaggio-a-piu-tappe\\\/#breadcrumb\",\"itemListElement\":[{\"@type\":\"ListItem\",\"position\":1,\"name\":\"Varsavia - Polonia\",\"item\":\"https:\\\/\\\/filles-de-la-charite.org\\\/it\\\/category\\\/varsavia-polonia-it\\\/\"},{\"@type\":\"ListItem\",\"position\":2,\"name\":\"La vita \u00e8 un cammino, un viaggio a pi\u00f9 tappe\"}]},{\"@type\":\"WebSite\",\"@id\":\"https:\\\/\\\/filles-de-la-charite.org\\\/it\\\/#website\",\"url\":\"https:\\\/\\\/filles-de-la-charite.org\\\/it\\\/\",\"name\":\"Hijas de la Caridad\",\"description\":\"L\u2019amour de J\u00e9sus nous presse \u00e0 prendre soin des personnes les plus d\u00e9munies\",\"publisher\":{\"@id\":\"https:\\\/\\\/filles-de-la-charite.org\\\/it\\\/#organization\"},\"potentialAction\":[{\"@type\":\"SearchAction\",\"target\":{\"@type\":\"EntryPoint\",\"urlTemplate\":\"https:\\\/\\\/filles-de-la-charite.org\\\/it\\\/?s={search_term_string}\"},\"query-input\":{\"@type\":\"PropertyValueSpecification\",\"valueRequired\":true,\"valueName\":\"search_term_string\"}}],\"inLanguage\":\"it-IT\"},{\"@type\":\"Organization\",\"@id\":\"https:\\\/\\\/filles-de-la-charite.org\\\/it\\\/#organization\",\"name\":\"Hijas de la Caridad\",\"url\":\"https:\\\/\\\/filles-de-la-charite.org\\\/it\\\/\",\"logo\":{\"@type\":\"ImageObject\",\"inLanguage\":\"it-IT\",\"@id\":\"https:\\\/\\\/filles-de-la-charite.org\\\/it\\\/#\\\/schema\\\/logo\\\/image\\\/\",\"url\":\"https:\\\/\\\/filles-de-la-charite.org\\\/wp-content\\\/uploads\\\/2023\\\/03\\\/isotipo-Hijas-de-la-Caridad.png\",\"contentUrl\":\"https:\\\/\\\/filles-de-la-charite.org\\\/wp-content\\\/uploads\\\/2023\\\/03\\\/isotipo-Hijas-de-la-Caridad.png\",\"width\":1417,\"height\":1417,\"caption\":\"Hijas de la Caridad\"},\"image\":{\"@id\":\"https:\\\/\\\/filles-de-la-charite.org\\\/it\\\/#\\\/schema\\\/logo\\\/image\\\/\"}},{\"@type\":\"Person\",\"@id\":\"https:\\\/\\\/filles-de-la-charite.org\\\/it\\\/#\\\/schema\\\/person\\\/427567b2eccfc2dd7d206da186a1f438\",\"name\":\"admin\",\"image\":{\"@type\":\"ImageObject\",\"inLanguage\":\"it-IT\",\"@id\":\"https:\\\/\\\/secure.gravatar.com\\\/avatar\\\/948b492cce32b586ac2db0eaa926ee87024f7afe218d73b397ea5ddfc5f43ea1?s=96&d=mm&r=g\",\"url\":\"https:\\\/\\\/secure.gravatar.com\\\/avatar\\\/948b492cce32b586ac2db0eaa926ee87024f7afe218d73b397ea5ddfc5f43ea1?s=96&d=mm&r=g\",\"contentUrl\":\"https:\\\/\\\/secure.gravatar.com\\\/avatar\\\/948b492cce32b586ac2db0eaa926ee87024f7afe218d73b397ea5ddfc5f43ea1?s=96&d=mm&r=g\",\"caption\":\"admin\"},\"sameAs\":[\"https:\\\/\\\/filles-de-la-charite.org\"],\"url\":\"https:\\\/\\\/filles-de-la-charite.org\\\/it\\\/author\\\/caridad\\\/\"}]}<\/script>\n<!-- \/ Yoast SEO plugin. -->","yoast_head_json":{"title":"La vita \u00e8 un cammino, un viaggio a pi\u00f9 tappe - Filles de la Charit\u00e9","robots":{"index":"index","follow":"follow","max-snippet":"max-snippet:-1","max-image-preview":"max-image-preview:large","max-video-preview":"max-video-preview:-1"},"canonical":"https:\/\/filles-de-la-charite.org\/it\/la-vita-e-un-cammino-un-viaggio-a-piu-tappe\/","og_locale":"it_IT","og_type":"article","og_title":"La vita \u00e8 un cammino, un viaggio a pi\u00f9 tappe - Filles de la Charit\u00e9","og_description":"Dal 17 aprile al 4 maggio, le Suore responsabili del postulato e le Direttrici dei Seminari della Compagnia sono state chiamate a intraprendere insieme un viaggio straordinario. Viaggiare significa fare i bagagli, selezionare ci\u00f2 che \u00e8 veramente importante da portare con s\u00e9 e lasciare spazio sufficiente per riportare \u201cregali\u201d e \u201csouvenir.\u201d \u00c8 con questo spirito [&hellip;]","og_url":"https:\/\/filles-de-la-charite.org\/it\/la-vita-e-un-cammino-un-viaggio-a-piu-tappe\/","og_site_name":"Filles de la Charit\u00e9","article_published_time":"2023-05-31T20:00:00+00:00","article_modified_time":"2024-03-17T11:49:26+00:00","og_image":[{"width":2560,"height":1702,"url":"https:\/\/filles-de-la-charite.org\/wp-content\/uploads\/2023\/06\/Life-is-a-road-4-scaled-1.jpg","type":"image\/jpeg"}],"author":"admin","twitter_card":"summary_large_image","twitter_misc":{"Scritto da":"admin","Tempo di lettura stimato":"3 minuti"},"schema":{"@context":"https:\/\/schema.org","@graph":[{"@type":"Article","@id":"https:\/\/filles-de-la-charite.org\/it\/la-vita-e-un-cammino-un-viaggio-a-piu-tappe\/#article","isPartOf":{"@id":"https:\/\/filles-de-la-charite.org\/it\/la-vita-e-un-cammino-un-viaggio-a-piu-tappe\/"},"author":{"name":"admin","@id":"https:\/\/filles-de-la-charite.org\/it\/#\/schema\/person\/427567b2eccfc2dd7d206da186a1f438"},"headline":"La vita \u00e8 un cammino, un viaggio a pi\u00f9 tappe","datePublished":"2023-05-31T20:00:00+00:00","dateModified":"2024-03-17T11:49:26+00:00","mainEntityOfPage":{"@id":"https:\/\/filles-de-la-charite.org\/it\/la-vita-e-un-cammino-un-viaggio-a-piu-tappe\/"},"wordCount":584,"publisher":{"@id":"https:\/\/filles-de-la-charite.org\/it\/#organization"},"image":{"@id":"https:\/\/filles-de-la-charite.org\/it\/la-vita-e-un-cammino-un-viaggio-a-piu-tappe\/#primaryimage"},"thumbnailUrl":"https:\/\/filles-de-la-charite.org\/wp-content\/uploads\/2023\/06\/Life-is-a-road-4-scaled-1.jpg","articleSection":["Casa-Madre"],"inLanguage":"it-IT"},{"@type":"WebPage","@id":"https:\/\/filles-de-la-charite.org\/it\/la-vita-e-un-cammino-un-viaggio-a-piu-tappe\/","url":"https:\/\/filles-de-la-charite.org\/it\/la-vita-e-un-cammino-un-viaggio-a-piu-tappe\/","name":"La vita \u00e8 un cammino, un viaggio a pi\u00f9 tappe - Filles de la Charit\u00e9","isPartOf":{"@id":"https:\/\/filles-de-la-charite.org\/it\/#website"},"primaryImageOfPage":{"@id":"https:\/\/filles-de-la-charite.org\/it\/la-vita-e-un-cammino-un-viaggio-a-piu-tappe\/#primaryimage"},"image":{"@id":"https:\/\/filles-de-la-charite.org\/it\/la-vita-e-un-cammino-un-viaggio-a-piu-tappe\/#primaryimage"},"thumbnailUrl":"https:\/\/filles-de-la-charite.org\/wp-content\/uploads\/2023\/06\/Life-is-a-road-4-scaled-1.jpg","datePublished":"2023-05-31T20:00:00+00:00","dateModified":"2024-03-17T11:49:26+00:00","breadcrumb":{"@id":"https:\/\/filles-de-la-charite.org\/it\/la-vita-e-un-cammino-un-viaggio-a-piu-tappe\/#breadcrumb"},"inLanguage":"it-IT","potentialAction":[{"@type":"ReadAction","target":["https:\/\/filles-de-la-charite.org\/it\/la-vita-e-un-cammino-un-viaggio-a-piu-tappe\/"]}]},{"@type":"ImageObject","inLanguage":"it-IT","@id":"https:\/\/filles-de-la-charite.org\/it\/la-vita-e-un-cammino-un-viaggio-a-piu-tappe\/#primaryimage","url":"https:\/\/filles-de-la-charite.org\/wp-content\/uploads\/2023\/06\/Life-is-a-road-4-scaled-1.jpg","contentUrl":"https:\/\/filles-de-la-charite.org\/wp-content\/uploads\/2023\/06\/Life-is-a-road-4-scaled-1.jpg","width":2560,"height":1702},{"@type":"BreadcrumbList","@id":"https:\/\/filles-de-la-charite.org\/it\/la-vita-e-un-cammino-un-viaggio-a-piu-tappe\/#breadcrumb","itemListElement":[{"@type":"ListItem","position":1,"name":"Varsavia - Polonia","item":"https:\/\/filles-de-la-charite.org\/it\/category\/varsavia-polonia-it\/"},{"@type":"ListItem","position":2,"name":"La vita \u00e8 un cammino, un viaggio a pi\u00f9 tappe"}]},{"@type":"WebSite","@id":"https:\/\/filles-de-la-charite.org\/it\/#website","url":"https:\/\/filles-de-la-charite.org\/it\/","name":"Hijas de la Caridad","description":"L\u2019amour de J\u00e9sus nous presse \u00e0 prendre soin des personnes les plus d\u00e9munies","publisher":{"@id":"https:\/\/filles-de-la-charite.org\/it\/#organization"},"potentialAction":[{"@type":"SearchAction","target":{"@type":"EntryPoint","urlTemplate":"https:\/\/filles-de-la-charite.org\/it\/?s={search_term_string}"},"query-input":{"@type":"PropertyValueSpecification","valueRequired":true,"valueName":"search_term_string"}}],"inLanguage":"it-IT"},{"@type":"Organization","@id":"https:\/\/filles-de-la-charite.org\/it\/#organization","name":"Hijas de la Caridad","url":"https:\/\/filles-de-la-charite.org\/it\/","logo":{"@type":"ImageObject","inLanguage":"it-IT","@id":"https:\/\/filles-de-la-charite.org\/it\/#\/schema\/logo\/image\/","url":"https:\/\/filles-de-la-charite.org\/wp-content\/uploads\/2023\/03\/isotipo-Hijas-de-la-Caridad.png","contentUrl":"https:\/\/filles-de-la-charite.org\/wp-content\/uploads\/2023\/03\/isotipo-Hijas-de-la-Caridad.png","width":1417,"height":1417,"caption":"Hijas de la Caridad"},"image":{"@id":"https:\/\/filles-de-la-charite.org\/it\/#\/schema\/logo\/image\/"}},{"@type":"Person","@id":"https:\/\/filles-de-la-charite.org\/it\/#\/schema\/person\/427567b2eccfc2dd7d206da186a1f438","name":"admin","image":{"@type":"ImageObject","inLanguage":"it-IT","@id":"https:\/\/secure.gravatar.com\/avatar\/948b492cce32b586ac2db0eaa926ee87024f7afe218d73b397ea5ddfc5f43ea1?s=96&d=mm&r=g","url":"https:\/\/secure.gravatar.com\/avatar\/948b492cce32b586ac2db0eaa926ee87024f7afe218d73b397ea5ddfc5f43ea1?s=96&d=mm&r=g","contentUrl":"https:\/\/secure.gravatar.com\/avatar\/948b492cce32b586ac2db0eaa926ee87024f7afe218d73b397ea5ddfc5f43ea1?s=96&d=mm&r=g","caption":"admin"},"sameAs":["https:\/\/filles-de-la-charite.org"],"url":"https:\/\/filles-de-la-charite.org\/it\/author\/caridad\/"}]}},"_links":{"self":[{"href":"https:\/\/filles-de-la-charite.org\/it\/wp-json\/wp\/v2\/posts\/23574","targetHints":{"allow":["GET"]}}],"collection":[{"href":"https:\/\/filles-de-la-charite.org\/it\/wp-json\/wp\/v2\/posts"}],"about":[{"href":"https:\/\/filles-de-la-charite.org\/it\/wp-json\/wp\/v2\/types\/post"}],"author":[{"embeddable":true,"href":"https:\/\/filles-de-la-charite.org\/it\/wp-json\/wp\/v2\/users\/1"}],"replies":[{"embeddable":true,"href":"https:\/\/filles-de-la-charite.org\/it\/wp-json\/wp\/v2\/comments?post=23574"}],"version-history":[{"count":3,"href":"https:\/\/filles-de-la-charite.org\/it\/wp-json\/wp\/v2\/posts\/23574\/revisions"}],"predecessor-version":[{"id":32990,"href":"https:\/\/filles-de-la-charite.org\/it\/wp-json\/wp\/v2\/posts\/23574\/revisions\/32990"}],"wp:featuredmedia":[{"embeddable":true,"href":"https:\/\/filles-de-la-charite.org\/it\/wp-json\/wp\/v2\/media\/17690"}],"wp:attachment":[{"href":"https:\/\/filles-de-la-charite.org\/it\/wp-json\/wp\/v2\/media?parent=23574"}],"wp:term":[{"taxonomy":"category","embeddable":true,"href":"https:\/\/filles-de-la-charite.org\/it\/wp-json\/wp\/v2\/categories?post=23574"},{"taxonomy":"post_tag","embeddable":true,"href":"https:\/\/filles-de-la-charite.org\/it\/wp-json\/wp\/v2\/tags?post=23574"}],"curies":[{"name":"wp","href":"https:\/\/api.w.org\/{rel}","templated":true}]}}