{"id":33090,"date":"2023-06-27T19:10:19","date_gmt":"2023-06-27T17:10:19","guid":{"rendered":"https:\/\/hijascaridad.sjdigitaldemo.ovh\/beata-lindalva-justo-de-oliveira-30-anos-de-su-martirio-1993-2023\/"},"modified":"2024-03-04T19:20:50","modified_gmt":"2024-03-04T18:20:50","slug":"beata-lindalva-justo-de-oliveira-30-anos-de-su-martirio-1993-2023","status":"publish","type":"post","link":"https:\/\/filles-de-la-charite.org\/it\/beata-lindalva-justo-de-oliveira-30-anos-de-su-martirio-1993-2023\/","title":{"rendered":"Beata Lindalva Justo de Oliveira: 30 anni di martirio (1993-2023)"},"content":{"rendered":"\n<p>Il 9 aprile del 1993 la Compagnia delle Figlie della Carit\u00e0 presente nella Provincia di Recife, precisamente a Salvador da Bahia, \u00e8 stata sorpresa da un evento che avrebbe cambiato la sua vita, la sua storia e persino la sua comprensione del servizio dei poveri, la ragion d\u2019essere del carisma lasciato dai suoi Fondatori san Vincenzo de\u2019 Paoli e santa Luisa de Marillac.<\/p>\n\n\n\n<p>Con l\u2019offerta della sua vita, Suor Lindalva ha assunto con grande zelo e dedizione la cura delle persone povere a lei affidate presso la Casa di Riposo Dom Pedro II di Salvador, Bahia, e ha testimoniato fino alle estreme conseguenze il suo amore per il Signore. Solida nelle virt\u00f9 vincenziane, ha sempre manifestato lo spirito di appartenenza alla Compagnia, radicato nel carisma che ha abbracciato.<\/p>\n\n\n\n<p>Per celebrare il Giubileo dei 30 anni dal suo martirio, la Provincia di Recife, insieme all\u2019Arcidiocesi di San Salvador da Bahia, ha elaborato un Progetto-Missione per incrementare la devozione alla Beata Lindalva. L\u2019inaugurazione si \u00e8 svolta presso la Casa Provinciale di Nossa Senhora das Gra\u00e7as \u2013 Recife \u2013 PE alla presenza di tutte le Suor Serventi, che hanno gi\u00e0 programmato con le rispettive Comunit\u00e0 un itinerario celebrativo con diverse attivit\u00e0. A Salvador queste attivit\u00e0 sono iniziate con l\u2019organizzazione di un pellegrinaggio con una reliquia di secondo grado che ha coperto l\u2019intero territorio dell\u2019Arcidiocesi, suddiviso in 12 Foranie.<\/p>\n\n\n\n<p>L\u2019apice del Giubileo si \u00e8 svolto a Salvador il 15 aprile 2023 con un programma che ha visto un\u2019intensa partecipazione di fedeli e devoti provenienti da vari luoghi, tra cui una grande carovana proveniente dal luogo di nascita della Beata Lindalva, in cui erano presenti tre dei suoi fratelli di sangue. Al mattino \u00e8 stata celebrata una Santa Messa nella Cattedrale di S\u00e3o Salvador da Bahia, presieduta dal Cardinale Dom Sergio da Rocha, Arcivescovo Primate del Brasile, e concelebrata da diversi Vescovi e sacerdoti di altre diocesi. Nell\u2019omelia, il Cardinale Dom Sergio da Rocha ha sottolineato alcuni aspetti importanti della testimonianza della Beata Lindalva: \u00abSuor Lindalva \u00e8 stata riconosciuta come Suora, come Figlia della Carit\u00e0, per aver vissuto il comandamento dell\u2019amore. \u201cDa questo tutti sapranno che siete miei discepoli, se vi amerete gli uni gli altri come io vi ho amato\u201d, ha detto Ges\u00f9. Questa parola di Ges\u00f9 \u00e8 risuonata nel cuore di Suor Lindalva ed \u00e8 stata testimoniata dal suo generoso servizio ai fratelli e alle sorelle. \u00c8 morta indossando la veste della lavanda dei piedi, il grembiule del servizio, mettendo in pratica la lezione che Ges\u00f9 ci ha lasciato nell\u2019ultima cena e sull\u2019altare della croce. Una vita che si dona come un chicco di grano che si consuma per germogliare. Il martirio di Lindalva \u00e8 un segno straordinario della sua fede in Ges\u00f9 e della sua fedelt\u00e0 alla vocazione a cui \u00e8 stata chiamata e alla missione affidatale. Con il suo martirio, assomiglia a Ges\u00f9 crocifisso che \u00e8 stato fedele al Padre fino alla fine, compiendo la sua missione. \u00c8 stata fedele a Ges\u00f9, \u00e8 stata fedele alla sua vocazione e alla sua missione, rimanendo nella castit\u00e0 e nella carit\u00e0. Il mondo di oggi ha bisogno di persone disposte a vivere la carit\u00e0 e la castit\u00e0; ha bisogno di persone caste per poter amare e servire; ha bisogno di persone capaci di amare come Ges\u00f9 ha amato e ci ha insegnato ad amare. Ecco perch\u00e9 Suor Lindalva \u00e8 riconosciuta dalla Chiesa come Lindalva felice. S\u00ec, chi pu\u00f2 vivere con Cristo e come Cristo \u00e8 felice. Beato chi pu\u00f2 morire con Cristo e come Cristo\u00bb.*<\/p>\n\n\n\n<p>Suor Alessandra Sousa Oliveira, Figlia della Carit\u00e0, ha presentato il tema:&nbsp;<strong>\u201cSplendida Alba con l\u2019abito blu di una Figlia della Carit\u00e0, ora candida nel sangue dell\u2019Agnello, che si \u00e8 mescolato con il suo sangue.\u201d<\/strong><\/p>\n\n\n\n<p>Tutto il programma si \u00e8 svolto in un clima di fede, devozione e grande speranza che la canonizzazione si avvicini, anche se sappiamo che il suo martirio ha reso completo il suo abbandono al Signore, come ha ben testimoniato la dottoressa Iraci Gomes Bonfim, dell\u2019Istituto Medico-Legale, che si \u00e8 occupata di Suor Lindalva il giorno del suo martirio: \u00abCome una sposa che ha bisogno di attenzioni speciali nel giorno del suo matrimonio, cos\u00ec ho visto Suor Lindalva, che si avviava a un matrimonio perfetto concludendo la sua opera con il sacrificio della propria vita per gli altri\u00bb.<\/p>\n\n\n\n<p><\/p>\n\n\n\n<figure class=\"wp-block-gallery has-nested-images columns-default is-cropped wp-block-gallery-1 is-layout-flex wp-block-gallery-is-layout-flex\">\n<figure class=\"wp-block-image size-large\"><a href=\"https:\/\/filles-de-la-charite.org\/wp-content\/uploads\/2024\/03\/news-06.23-Beata-Lindalva-Justo-de-Oliveira-8-768x1024.jpg\" target=\"_blank\" rel=\"noopener\" data-rel=\"lightbox-image-0\" data-rl_title=\"\" data-rl_caption=\"\" title=\"\"><img loading=\"lazy\" decoding=\"async\" width=\"768\" height=\"1024\" data-id=\"33084\" src=\"https:\/\/filles-de-la-charite.org\/wp-content\/uploads\/2024\/03\/news-06.23-Beata-Lindalva-Justo-de-Oliveira-8-768x1024.jpg\" alt=\"\" class=\"wp-image-33084\" srcset=\"https:\/\/filles-de-la-charite.org\/wp-content\/uploads\/2024\/03\/news-06.23-Beata-Lindalva-Justo-de-Oliveira-8-768x1024.jpg 768w, https:\/\/filles-de-la-charite.org\/wp-content\/uploads\/2024\/03\/news-06.23-Beata-Lindalva-Justo-de-Oliveira-8-480x640.jpg 480w\" sizes=\"(min-width: 0px) and (max-width: 480px) 480px, (min-width: 481px) 768px, 100vw\" \/><\/a><\/figure>\n\n\n\n<figure class=\"wp-block-image size-large\"><a href=\"https:\/\/filles-de-la-charite.org\/wp-content\/uploads\/2024\/03\/news-06.23-Beata-Lindalva-Justo-de-Oliveira-7-768x1024.jpg\" target=\"_blank\" rel=\"noopener\" data-rel=\"lightbox-image-1\" data-rl_title=\"\" data-rl_caption=\"\" title=\"\"><img loading=\"lazy\" decoding=\"async\" width=\"768\" height=\"1024\" data-id=\"33078\" src=\"https:\/\/filles-de-la-charite.org\/wp-content\/uploads\/2024\/03\/news-06.23-Beata-Lindalva-Justo-de-Oliveira-7-768x1024.jpg\" alt=\"\" class=\"wp-image-33078\" srcset=\"https:\/\/filles-de-la-charite.org\/wp-content\/uploads\/2024\/03\/news-06.23-Beata-Lindalva-Justo-de-Oliveira-7-768x1024.jpg 768w, https:\/\/filles-de-la-charite.org\/wp-content\/uploads\/2024\/03\/news-06.23-Beata-Lindalva-Justo-de-Oliveira-7-480x640.jpg 480w\" sizes=\"(min-width: 0px) and (max-width: 480px) 480px, (min-width: 481px) 768px, 100vw\" \/><\/a><\/figure>\n\n\n\n<figure class=\"wp-block-image size-large\"><a href=\"https:\/\/filles-de-la-charite.org\/wp-content\/uploads\/2024\/03\/news-06.23-Beata-Lindalva-Justo-de-Oliveira-6-1024x768.jpg\" target=\"_blank\" rel=\"noopener\" data-rel=\"lightbox-image-2\" data-rl_title=\"\" data-rl_caption=\"\" title=\"\"><img loading=\"lazy\" decoding=\"async\" width=\"1024\" height=\"768\" data-id=\"33072\" src=\"https:\/\/filles-de-la-charite.org\/wp-content\/uploads\/2024\/03\/news-06.23-Beata-Lindalva-Justo-de-Oliveira-6-1024x768.jpg\" alt=\"\" class=\"wp-image-33072\" srcset=\"https:\/\/filles-de-la-charite.org\/wp-content\/uploads\/2024\/03\/news-06.23-Beata-Lindalva-Justo-de-Oliveira-6-980x735.jpg 980w, https:\/\/filles-de-la-charite.org\/wp-content\/uploads\/2024\/03\/news-06.23-Beata-Lindalva-Justo-de-Oliveira-6-480x360.jpg 480w\" sizes=\"(min-width: 0px) and (max-width: 480px) 480px, (min-width: 481px) and (max-width: 980px) 980px, (min-width: 981px) 1024px, 100vw\" \/><\/a><\/figure>\n\n\n\n<figure class=\"wp-block-image size-large\"><a href=\"https:\/\/filles-de-la-charite.org\/wp-content\/uploads\/2024\/03\/news-06.23-Beata-Lindalva-Justo-de-Oliveira-4-1024x554.jpg\" target=\"_blank\" rel=\"noopener\" data-rel=\"lightbox-image-3\" data-rl_title=\"\" data-rl_caption=\"\" title=\"\"><img loading=\"lazy\" decoding=\"async\" width=\"1024\" height=\"554\" data-id=\"33060\" src=\"https:\/\/filles-de-la-charite.org\/wp-content\/uploads\/2024\/03\/news-06.23-Beata-Lindalva-Justo-de-Oliveira-4-1024x554.jpg\" alt=\"\" class=\"wp-image-33060\" srcset=\"https:\/\/filles-de-la-charite.org\/wp-content\/uploads\/2024\/03\/news-06.23-Beata-Lindalva-Justo-de-Oliveira-4-1024x554.jpg 1024w, https:\/\/filles-de-la-charite.org\/wp-content\/uploads\/2024\/03\/news-06.23-Beata-Lindalva-Justo-de-Oliveira-4-980x530.jpg 980w, https:\/\/filles-de-la-charite.org\/wp-content\/uploads\/2024\/03\/news-06.23-Beata-Lindalva-Justo-de-Oliveira-4-480x260.jpg 480w\" sizes=\"(min-width: 0px) and (max-width: 480px) 480px, (min-width: 481px) and (max-width: 980px) 980px, (min-width: 981px) 1024px, 100vw\" \/><\/a><\/figure>\n\n\n\n<figure class=\"wp-block-image size-large\"><a href=\"https:\/\/filles-de-la-charite.org\/wp-content\/uploads\/2024\/03\/news-06.23-Beata-Lindalva-Justo-de-Oliveira-5-768x1024.jpg\" target=\"_blank\" rel=\"noopener\" data-rel=\"lightbox-image-4\" data-rl_title=\"\" data-rl_caption=\"\" title=\"\"><img loading=\"lazy\" decoding=\"async\" width=\"768\" height=\"1024\" data-id=\"33066\" src=\"https:\/\/filles-de-la-charite.org\/wp-content\/uploads\/2024\/03\/news-06.23-Beata-Lindalva-Justo-de-Oliveira-5-768x1024.jpg\" alt=\"\" class=\"wp-image-33066\" srcset=\"https:\/\/filles-de-la-charite.org\/wp-content\/uploads\/2024\/03\/news-06.23-Beata-Lindalva-Justo-de-Oliveira-5-768x1024.jpg 768w, https:\/\/filles-de-la-charite.org\/wp-content\/uploads\/2024\/03\/news-06.23-Beata-Lindalva-Justo-de-Oliveira-5-480x640.jpg 480w\" sizes=\"(min-width: 0px) and (max-width: 480px) 480px, (min-width: 481px) 768px, 100vw\" \/><\/a><\/figure>\n\n\n\n<figure class=\"wp-block-image size-large\"><a href=\"https:\/\/filles-de-la-charite.org\/wp-content\/uploads\/2024\/03\/news-06.23-Beata-Lindalva-Justo-de-Oliveira-3-1024x768.jpg\" target=\"_blank\" rel=\"noopener\" data-rel=\"lightbox-image-5\" data-rl_title=\"\" data-rl_caption=\"\" title=\"\"><img loading=\"lazy\" decoding=\"async\" width=\"1024\" height=\"768\" data-id=\"33054\" src=\"https:\/\/filles-de-la-charite.org\/wp-content\/uploads\/2024\/03\/news-06.23-Beata-Lindalva-Justo-de-Oliveira-3-1024x768.jpg\" alt=\"\" class=\"wp-image-33054\" srcset=\"https:\/\/filles-de-la-charite.org\/wp-content\/uploads\/2024\/03\/news-06.23-Beata-Lindalva-Justo-de-Oliveira-3-980x735.jpg 980w, https:\/\/filles-de-la-charite.org\/wp-content\/uploads\/2024\/03\/news-06.23-Beata-Lindalva-Justo-de-Oliveira-3-480x360.jpg 480w\" sizes=\"(min-width: 0px) and (max-width: 480px) 480px, (min-width: 481px) and (max-width: 980px) 980px, (min-width: 981px) 1024px, 100vw\" \/><\/a><\/figure>\n\n\n\n<figure class=\"wp-block-image size-large\"><a href=\"https:\/\/filles-de-la-charite.org\/wp-content\/uploads\/2024\/03\/news-06.23-Beata-Lindalva-Justo-de-Oliveira-2-768x1024.jpg\" target=\"_blank\" rel=\"noopener\" data-rel=\"lightbox-image-6\" data-rl_title=\"\" data-rl_caption=\"\" title=\"\"><img loading=\"lazy\" decoding=\"async\" width=\"768\" height=\"1024\" data-id=\"33048\" src=\"https:\/\/filles-de-la-charite.org\/wp-content\/uploads\/2024\/03\/news-06.23-Beata-Lindalva-Justo-de-Oliveira-2-768x1024.jpg\" alt=\"\" class=\"wp-image-33048\"\/><\/a><\/figure>\n\n\n\n<figure class=\"wp-block-image size-large\"><a href=\"https:\/\/filles-de-la-charite.org\/wp-content\/uploads\/2024\/03\/news-06.23-Beata-Lindalva-Justo-de-Oliveira-1-768x1024.jpg\" target=\"_blank\" rel=\"noopener\" data-rel=\"lightbox-image-7\" data-rl_title=\"\" data-rl_caption=\"\" title=\"\"><img loading=\"lazy\" decoding=\"async\" width=\"768\" height=\"1024\" data-id=\"33042\" src=\"https:\/\/filles-de-la-charite.org\/wp-content\/uploads\/2024\/03\/news-06.23-Beata-Lindalva-Justo-de-Oliveira-1-768x1024.jpg\" alt=\"\" class=\"wp-image-33042\" srcset=\"https:\/\/filles-de-la-charite.org\/wp-content\/uploads\/2024\/03\/news-06.23-Beata-Lindalva-Justo-de-Oliveira-1-768x1024.jpg 768w, https:\/\/filles-de-la-charite.org\/wp-content\/uploads\/2024\/03\/news-06.23-Beata-Lindalva-Justo-de-Oliveira-1-480x640.jpg 480w\" sizes=\"(min-width: 0px) and (max-width: 480px) 480px, (min-width: 481px) 768px, 100vw\" \/><\/a><\/figure>\n<\/figure>\n\n\n\n<p><\/p>\n\n\n\n<p>La Beata Lindalva ci ispiri, nella nostra missione quotidiana, per poter dare risposte coraggiose alle chiamate che il Signore ci rivolge.<\/p>\n\n\n\n<p><em>Suor Maria de Fatima do Nascimento<\/em><\/p>\n\n\n\n<p><em>*Estratto dall\u2019omelia di Dom Lucas Moreira Neves, allora Cardinale del Brasile, che in questi 30 anni ci ha aiutato a vedere con spirito di fede la trasformazione di una tragedia in una innegabile testimonianza d\u2019amore, il martirio.<\/em><\/p>\n","protected":false},"excerpt":{"rendered":"<p>Il 9 aprile del 1993 la Compagnia delle Figlie della Carit\u00e0 presente nella Provincia di Recife, precisamente a Salvador da Bahia, \u00e8 stata sorpresa da un evento che avrebbe cambiato la sua vita, la sua storia e persino la sua comprensione del servizio dei poveri, la ragion d\u2019essere del carisma lasciato dai suoi Fondatori san [&hellip;]<\/p>\n","protected":false},"author":5,"featured_media":33031,"comment_status":"closed","ping_status":"closed","sticky":false,"template":"","format":"standard","meta":{"_acf_changed":false,"footnotes":"","_links_to":"","_links_to_target":""},"categories":[719],"tags":[],"class_list":["post-33090","post","type-post","status-publish","format-standard","has-post-thumbnail","hentry","category-recife-it"],"acf":[],"yoast_head":"<!-- This site is optimized with the Yoast SEO plugin v27.5 - https:\/\/yoast.com\/product\/yoast-seo-wordpress\/ -->\n<title>Beata Lindalva Justo de Oliveira: 30 anni di martirio (1993-2023) - Filles de la Charit\u00e9<\/title>\n<meta name=\"robots\" content=\"index, follow, max-snippet:-1, max-image-preview:large, max-video-preview:-1\" \/>\n<link rel=\"canonical\" href=\"https:\/\/filles-de-la-charite.org\/it\/beata-lindalva-justo-de-oliveira-30-anos-de-su-martirio-1993-2023\/\" \/>\n<meta property=\"og:locale\" content=\"it_IT\" \/>\n<meta property=\"og:type\" content=\"article\" \/>\n<meta property=\"og:title\" content=\"Beata Lindalva Justo de Oliveira: 30 anni di martirio (1993-2023) - Filles de la Charit\u00e9\" \/>\n<meta property=\"og:description\" content=\"Il 9 aprile del 1993 la Compagnia delle Figlie della Carit\u00e0 presente nella Provincia di Recife, precisamente a Salvador da Bahia, \u00e8 stata sorpresa da un evento che avrebbe cambiato la sua vita, la sua storia e persino la sua comprensione del servizio dei poveri, la ragion d\u2019essere del carisma lasciato dai suoi Fondatori san [&hellip;]\" \/>\n<meta property=\"og:url\" content=\"https:\/\/filles-de-la-charite.org\/it\/beata-lindalva-justo-de-oliveira-30-anos-de-su-martirio-1993-2023\/\" \/>\n<meta property=\"og:site_name\" content=\"Filles de la Charit\u00e9\" \/>\n<meta property=\"article:published_time\" content=\"2023-06-27T17:10:19+00:00\" \/>\n<meta property=\"article:modified_time\" content=\"2024-03-04T18:20:50+00:00\" \/>\n<meta property=\"og:image\" content=\"https:\/\/filles-de-la-charite.org\/wp-content\/uploads\/2024\/03\/news-06.23-Beata-Lindalva-Justo-de-Oliveira-1.jpeg\" \/>\n\t<meta property=\"og:image:width\" content=\"1280\" \/>\n\t<meta property=\"og:image:height\" content=\"1143\" \/>\n\t<meta property=\"og:image:type\" content=\"image\/jpeg\" \/>\n<meta name=\"author\" content=\"SOR MARTA\" \/>\n<meta name=\"twitter:card\" content=\"summary_large_image\" \/>\n<meta name=\"twitter:label1\" content=\"Scritto da\" \/>\n\t<meta name=\"twitter:data1\" content=\"SOR MARTA\" \/>\n\t<meta name=\"twitter:label2\" content=\"Tempo di lettura stimato\" \/>\n\t<meta name=\"twitter:data2\" content=\"4 minuti\" \/>\n<script type=\"application\/ld+json\" class=\"yoast-schema-graph\">{\"@context\":\"https:\\\/\\\/schema.org\",\"@graph\":[{\"@type\":\"Article\",\"@id\":\"https:\\\/\\\/filles-de-la-charite.org\\\/it\\\/beata-lindalva-justo-de-oliveira-30-anos-de-su-martirio-1993-2023\\\/#article\",\"isPartOf\":{\"@id\":\"https:\\\/\\\/filles-de-la-charite.org\\\/it\\\/beata-lindalva-justo-de-oliveira-30-anos-de-su-martirio-1993-2023\\\/\"},\"author\":{\"name\":\"SOR MARTA\",\"@id\":\"https:\\\/\\\/filles-de-la-charite.org\\\/it\\\/#\\\/schema\\\/person\\\/0c922b6ca71280639858d297b3a7209f\"},\"headline\":\"Beata Lindalva Justo de Oliveira: 30 anni di martirio (1993-2023)\",\"datePublished\":\"2023-06-27T17:10:19+00:00\",\"dateModified\":\"2024-03-04T18:20:50+00:00\",\"mainEntityOfPage\":{\"@id\":\"https:\\\/\\\/filles-de-la-charite.org\\\/it\\\/beata-lindalva-justo-de-oliveira-30-anos-de-su-martirio-1993-2023\\\/\"},\"wordCount\":779,\"publisher\":{\"@id\":\"https:\\\/\\\/filles-de-la-charite.org\\\/it\\\/#organization\"},\"image\":{\"@id\":\"https:\\\/\\\/filles-de-la-charite.org\\\/it\\\/beata-lindalva-justo-de-oliveira-30-anos-de-su-martirio-1993-2023\\\/#primaryimage\"},\"thumbnailUrl\":\"https:\\\/\\\/filles-de-la-charite.org\\\/wp-content\\\/uploads\\\/2024\\\/03\\\/news-06.23-Beata-Lindalva-Justo-de-Oliveira-1.jpeg\",\"articleSection\":[\"Recife\"],\"inLanguage\":\"it-IT\"},{\"@type\":\"WebPage\",\"@id\":\"https:\\\/\\\/filles-de-la-charite.org\\\/it\\\/beata-lindalva-justo-de-oliveira-30-anos-de-su-martirio-1993-2023\\\/\",\"url\":\"https:\\\/\\\/filles-de-la-charite.org\\\/it\\\/beata-lindalva-justo-de-oliveira-30-anos-de-su-martirio-1993-2023\\\/\",\"name\":\"Beata Lindalva Justo de Oliveira: 30 anni di martirio (1993-2023) - Filles de la Charit\u00e9\",\"isPartOf\":{\"@id\":\"https:\\\/\\\/filles-de-la-charite.org\\\/it\\\/#website\"},\"primaryImageOfPage\":{\"@id\":\"https:\\\/\\\/filles-de-la-charite.org\\\/it\\\/beata-lindalva-justo-de-oliveira-30-anos-de-su-martirio-1993-2023\\\/#primaryimage\"},\"image\":{\"@id\":\"https:\\\/\\\/filles-de-la-charite.org\\\/it\\\/beata-lindalva-justo-de-oliveira-30-anos-de-su-martirio-1993-2023\\\/#primaryimage\"},\"thumbnailUrl\":\"https:\\\/\\\/filles-de-la-charite.org\\\/wp-content\\\/uploads\\\/2024\\\/03\\\/news-06.23-Beata-Lindalva-Justo-de-Oliveira-1.jpeg\",\"datePublished\":\"2023-06-27T17:10:19+00:00\",\"dateModified\":\"2024-03-04T18:20:50+00:00\",\"breadcrumb\":{\"@id\":\"https:\\\/\\\/filles-de-la-charite.org\\\/it\\\/beata-lindalva-justo-de-oliveira-30-anos-de-su-martirio-1993-2023\\\/#breadcrumb\"},\"inLanguage\":\"it-IT\",\"potentialAction\":[{\"@type\":\"ReadAction\",\"target\":[\"https:\\\/\\\/filles-de-la-charite.org\\\/it\\\/beata-lindalva-justo-de-oliveira-30-anos-de-su-martirio-1993-2023\\\/\"]}]},{\"@type\":\"ImageObject\",\"inLanguage\":\"it-IT\",\"@id\":\"https:\\\/\\\/filles-de-la-charite.org\\\/it\\\/beata-lindalva-justo-de-oliveira-30-anos-de-su-martirio-1993-2023\\\/#primaryimage\",\"url\":\"https:\\\/\\\/filles-de-la-charite.org\\\/wp-content\\\/uploads\\\/2024\\\/03\\\/news-06.23-Beata-Lindalva-Justo-de-Oliveira-1.jpeg\",\"contentUrl\":\"https:\\\/\\\/filles-de-la-charite.org\\\/wp-content\\\/uploads\\\/2024\\\/03\\\/news-06.23-Beata-Lindalva-Justo-de-Oliveira-1.jpeg\",\"width\":1280,\"height\":1143},{\"@type\":\"BreadcrumbList\",\"@id\":\"https:\\\/\\\/filles-de-la-charite.org\\\/it\\\/beata-lindalva-justo-de-oliveira-30-anos-de-su-martirio-1993-2023\\\/#breadcrumb\",\"itemListElement\":[{\"@type\":\"ListItem\",\"position\":1,\"name\":\"Recife\",\"item\":\"https:\\\/\\\/filles-de-la-charite.org\\\/it\\\/category\\\/recife-it\\\/\"},{\"@type\":\"ListItem\",\"position\":2,\"name\":\"Beata Lindalva Justo de Oliveira: 30 anni di martirio (1993-2023)\"}]},{\"@type\":\"WebSite\",\"@id\":\"https:\\\/\\\/filles-de-la-charite.org\\\/it\\\/#website\",\"url\":\"https:\\\/\\\/filles-de-la-charite.org\\\/it\\\/\",\"name\":\"Hijas de la Caridad\",\"description\":\"L\u2019amour de J\u00e9sus nous presse \u00e0 prendre soin des personnes les plus d\u00e9munies\",\"publisher\":{\"@id\":\"https:\\\/\\\/filles-de-la-charite.org\\\/it\\\/#organization\"},\"potentialAction\":[{\"@type\":\"SearchAction\",\"target\":{\"@type\":\"EntryPoint\",\"urlTemplate\":\"https:\\\/\\\/filles-de-la-charite.org\\\/it\\\/?s={search_term_string}\"},\"query-input\":{\"@type\":\"PropertyValueSpecification\",\"valueRequired\":true,\"valueName\":\"search_term_string\"}}],\"inLanguage\":\"it-IT\"},{\"@type\":\"Organization\",\"@id\":\"https:\\\/\\\/filles-de-la-charite.org\\\/it\\\/#organization\",\"name\":\"Hijas de la Caridad\",\"url\":\"https:\\\/\\\/filles-de-la-charite.org\\\/it\\\/\",\"logo\":{\"@type\":\"ImageObject\",\"inLanguage\":\"it-IT\",\"@id\":\"https:\\\/\\\/filles-de-la-charite.org\\\/it\\\/#\\\/schema\\\/logo\\\/image\\\/\",\"url\":\"https:\\\/\\\/filles-de-la-charite.org\\\/wp-content\\\/uploads\\\/2023\\\/03\\\/isotipo-Hijas-de-la-Caridad.png\",\"contentUrl\":\"https:\\\/\\\/filles-de-la-charite.org\\\/wp-content\\\/uploads\\\/2023\\\/03\\\/isotipo-Hijas-de-la-Caridad.png\",\"width\":1417,\"height\":1417,\"caption\":\"Hijas de la Caridad\"},\"image\":{\"@id\":\"https:\\\/\\\/filles-de-la-charite.org\\\/it\\\/#\\\/schema\\\/logo\\\/image\\\/\"}},{\"@type\":\"Person\",\"@id\":\"https:\\\/\\\/filles-de-la-charite.org\\\/it\\\/#\\\/schema\\\/person\\\/0c922b6ca71280639858d297b3a7209f\",\"name\":\"SOR MARTA\",\"image\":{\"@type\":\"ImageObject\",\"inLanguage\":\"it-IT\",\"@id\":\"https:\\\/\\\/secure.gravatar.com\\\/avatar\\\/d2c45b0fd6bf2d3e2670ab3d112257c24ac80fa960360bba1bdc0676485d1d09?s=96&d=mm&r=g\",\"url\":\"https:\\\/\\\/secure.gravatar.com\\\/avatar\\\/d2c45b0fd6bf2d3e2670ab3d112257c24ac80fa960360bba1bdc0676485d1d09?s=96&d=mm&r=g\",\"contentUrl\":\"https:\\\/\\\/secure.gravatar.com\\\/avatar\\\/d2c45b0fd6bf2d3e2670ab3d112257c24ac80fa960360bba1bdc0676485d1d09?s=96&d=mm&r=g\",\"caption\":\"SOR MARTA\"},\"url\":\"https:\\\/\\\/filles-de-la-charite.org\\\/it\\\/author\\\/martaemn\\\/\"}]}<\/script>\n<!-- \/ Yoast SEO plugin. -->","yoast_head_json":{"title":"Beata Lindalva Justo de Oliveira: 30 anni di martirio (1993-2023) - Filles de la Charit\u00e9","robots":{"index":"index","follow":"follow","max-snippet":"max-snippet:-1","max-image-preview":"max-image-preview:large","max-video-preview":"max-video-preview:-1"},"canonical":"https:\/\/filles-de-la-charite.org\/it\/beata-lindalva-justo-de-oliveira-30-anos-de-su-martirio-1993-2023\/","og_locale":"it_IT","og_type":"article","og_title":"Beata Lindalva Justo de Oliveira: 30 anni di martirio (1993-2023) - Filles de la Charit\u00e9","og_description":"Il 9 aprile del 1993 la Compagnia delle Figlie della Carit\u00e0 presente nella Provincia di Recife, precisamente a Salvador da Bahia, \u00e8 stata sorpresa da un evento che avrebbe cambiato la sua vita, la sua storia e persino la sua comprensione del servizio dei poveri, la ragion d\u2019essere del carisma lasciato dai suoi Fondatori san [&hellip;]","og_url":"https:\/\/filles-de-la-charite.org\/it\/beata-lindalva-justo-de-oliveira-30-anos-de-su-martirio-1993-2023\/","og_site_name":"Filles de la Charit\u00e9","article_published_time":"2023-06-27T17:10:19+00:00","article_modified_time":"2024-03-04T18:20:50+00:00","og_image":[{"width":1280,"height":1143,"url":"https:\/\/filles-de-la-charite.org\/wp-content\/uploads\/2024\/03\/news-06.23-Beata-Lindalva-Justo-de-Oliveira-1.jpeg","type":"image\/jpeg"}],"author":"SOR MARTA","twitter_card":"summary_large_image","twitter_misc":{"Scritto da":"SOR MARTA","Tempo di lettura stimato":"4 minuti"},"schema":{"@context":"https:\/\/schema.org","@graph":[{"@type":"Article","@id":"https:\/\/filles-de-la-charite.org\/it\/beata-lindalva-justo-de-oliveira-30-anos-de-su-martirio-1993-2023\/#article","isPartOf":{"@id":"https:\/\/filles-de-la-charite.org\/it\/beata-lindalva-justo-de-oliveira-30-anos-de-su-martirio-1993-2023\/"},"author":{"name":"SOR MARTA","@id":"https:\/\/filles-de-la-charite.org\/it\/#\/schema\/person\/0c922b6ca71280639858d297b3a7209f"},"headline":"Beata Lindalva Justo de Oliveira: 30 anni di martirio (1993-2023)","datePublished":"2023-06-27T17:10:19+00:00","dateModified":"2024-03-04T18:20:50+00:00","mainEntityOfPage":{"@id":"https:\/\/filles-de-la-charite.org\/it\/beata-lindalva-justo-de-oliveira-30-anos-de-su-martirio-1993-2023\/"},"wordCount":779,"publisher":{"@id":"https:\/\/filles-de-la-charite.org\/it\/#organization"},"image":{"@id":"https:\/\/filles-de-la-charite.org\/it\/beata-lindalva-justo-de-oliveira-30-anos-de-su-martirio-1993-2023\/#primaryimage"},"thumbnailUrl":"https:\/\/filles-de-la-charite.org\/wp-content\/uploads\/2024\/03\/news-06.23-Beata-Lindalva-Justo-de-Oliveira-1.jpeg","articleSection":["Recife"],"inLanguage":"it-IT"},{"@type":"WebPage","@id":"https:\/\/filles-de-la-charite.org\/it\/beata-lindalva-justo-de-oliveira-30-anos-de-su-martirio-1993-2023\/","url":"https:\/\/filles-de-la-charite.org\/it\/beata-lindalva-justo-de-oliveira-30-anos-de-su-martirio-1993-2023\/","name":"Beata Lindalva Justo de Oliveira: 30 anni di martirio (1993-2023) - Filles de la Charit\u00e9","isPartOf":{"@id":"https:\/\/filles-de-la-charite.org\/it\/#website"},"primaryImageOfPage":{"@id":"https:\/\/filles-de-la-charite.org\/it\/beata-lindalva-justo-de-oliveira-30-anos-de-su-martirio-1993-2023\/#primaryimage"},"image":{"@id":"https:\/\/filles-de-la-charite.org\/it\/beata-lindalva-justo-de-oliveira-30-anos-de-su-martirio-1993-2023\/#primaryimage"},"thumbnailUrl":"https:\/\/filles-de-la-charite.org\/wp-content\/uploads\/2024\/03\/news-06.23-Beata-Lindalva-Justo-de-Oliveira-1.jpeg","datePublished":"2023-06-27T17:10:19+00:00","dateModified":"2024-03-04T18:20:50+00:00","breadcrumb":{"@id":"https:\/\/filles-de-la-charite.org\/it\/beata-lindalva-justo-de-oliveira-30-anos-de-su-martirio-1993-2023\/#breadcrumb"},"inLanguage":"it-IT","potentialAction":[{"@type":"ReadAction","target":["https:\/\/filles-de-la-charite.org\/it\/beata-lindalva-justo-de-oliveira-30-anos-de-su-martirio-1993-2023\/"]}]},{"@type":"ImageObject","inLanguage":"it-IT","@id":"https:\/\/filles-de-la-charite.org\/it\/beata-lindalva-justo-de-oliveira-30-anos-de-su-martirio-1993-2023\/#primaryimage","url":"https:\/\/filles-de-la-charite.org\/wp-content\/uploads\/2024\/03\/news-06.23-Beata-Lindalva-Justo-de-Oliveira-1.jpeg","contentUrl":"https:\/\/filles-de-la-charite.org\/wp-content\/uploads\/2024\/03\/news-06.23-Beata-Lindalva-Justo-de-Oliveira-1.jpeg","width":1280,"height":1143},{"@type":"BreadcrumbList","@id":"https:\/\/filles-de-la-charite.org\/it\/beata-lindalva-justo-de-oliveira-30-anos-de-su-martirio-1993-2023\/#breadcrumb","itemListElement":[{"@type":"ListItem","position":1,"name":"Recife","item":"https:\/\/filles-de-la-charite.org\/it\/category\/recife-it\/"},{"@type":"ListItem","position":2,"name":"Beata Lindalva Justo de Oliveira: 30 anni di martirio (1993-2023)"}]},{"@type":"WebSite","@id":"https:\/\/filles-de-la-charite.org\/it\/#website","url":"https:\/\/filles-de-la-charite.org\/it\/","name":"Hijas de la Caridad","description":"L\u2019amour de J\u00e9sus nous presse \u00e0 prendre soin des personnes les plus d\u00e9munies","publisher":{"@id":"https:\/\/filles-de-la-charite.org\/it\/#organization"},"potentialAction":[{"@type":"SearchAction","target":{"@type":"EntryPoint","urlTemplate":"https:\/\/filles-de-la-charite.org\/it\/?s={search_term_string}"},"query-input":{"@type":"PropertyValueSpecification","valueRequired":true,"valueName":"search_term_string"}}],"inLanguage":"it-IT"},{"@type":"Organization","@id":"https:\/\/filles-de-la-charite.org\/it\/#organization","name":"Hijas de la Caridad","url":"https:\/\/filles-de-la-charite.org\/it\/","logo":{"@type":"ImageObject","inLanguage":"it-IT","@id":"https:\/\/filles-de-la-charite.org\/it\/#\/schema\/logo\/image\/","url":"https:\/\/filles-de-la-charite.org\/wp-content\/uploads\/2023\/03\/isotipo-Hijas-de-la-Caridad.png","contentUrl":"https:\/\/filles-de-la-charite.org\/wp-content\/uploads\/2023\/03\/isotipo-Hijas-de-la-Caridad.png","width":1417,"height":1417,"caption":"Hijas de la Caridad"},"image":{"@id":"https:\/\/filles-de-la-charite.org\/it\/#\/schema\/logo\/image\/"}},{"@type":"Person","@id":"https:\/\/filles-de-la-charite.org\/it\/#\/schema\/person\/0c922b6ca71280639858d297b3a7209f","name":"SOR MARTA","image":{"@type":"ImageObject","inLanguage":"it-IT","@id":"https:\/\/secure.gravatar.com\/avatar\/d2c45b0fd6bf2d3e2670ab3d112257c24ac80fa960360bba1bdc0676485d1d09?s=96&d=mm&r=g","url":"https:\/\/secure.gravatar.com\/avatar\/d2c45b0fd6bf2d3e2670ab3d112257c24ac80fa960360bba1bdc0676485d1d09?s=96&d=mm&r=g","contentUrl":"https:\/\/secure.gravatar.com\/avatar\/d2c45b0fd6bf2d3e2670ab3d112257c24ac80fa960360bba1bdc0676485d1d09?s=96&d=mm&r=g","caption":"SOR MARTA"},"url":"https:\/\/filles-de-la-charite.org\/it\/author\/martaemn\/"}]}},"_links":{"self":[{"href":"https:\/\/filles-de-la-charite.org\/it\/wp-json\/wp\/v2\/posts\/33090","targetHints":{"allow":["GET"]}}],"collection":[{"href":"https:\/\/filles-de-la-charite.org\/it\/wp-json\/wp\/v2\/posts"}],"about":[{"href":"https:\/\/filles-de-la-charite.org\/it\/wp-json\/wp\/v2\/types\/post"}],"author":[{"embeddable":true,"href":"https:\/\/filles-de-la-charite.org\/it\/wp-json\/wp\/v2\/users\/5"}],"replies":[{"embeddable":true,"href":"https:\/\/filles-de-la-charite.org\/it\/wp-json\/wp\/v2\/comments?post=33090"}],"version-history":[{"count":2,"href":"https:\/\/filles-de-la-charite.org\/it\/wp-json\/wp\/v2\/posts\/33090\/revisions"}],"predecessor-version":[{"id":33102,"href":"https:\/\/filles-de-la-charite.org\/it\/wp-json\/wp\/v2\/posts\/33090\/revisions\/33102"}],"wp:featuredmedia":[{"embeddable":true,"href":"https:\/\/filles-de-la-charite.org\/it\/wp-json\/wp\/v2\/media\/33031"}],"wp:attachment":[{"href":"https:\/\/filles-de-la-charite.org\/it\/wp-json\/wp\/v2\/media?parent=33090"}],"wp:term":[{"taxonomy":"category","embeddable":true,"href":"https:\/\/filles-de-la-charite.org\/it\/wp-json\/wp\/v2\/categories?post=33090"},{"taxonomy":"post_tag","embeddable":true,"href":"https:\/\/filles-de-la-charite.org\/it\/wp-json\/wp\/v2\/tags?post=33090"}],"curies":[{"name":"wp","href":"https:\/\/api.w.org\/{rel}","templated":true}]}}