{"id":33671,"date":"2023-10-01T16:39:12","date_gmt":"2023-10-01T14:39:12","guid":{"rendered":"https:\/\/hijascaridad.sjdigitaldemo.ovh\/mision-de-fiji-una-mision-compartida-a-traves-de-los-anos\/"},"modified":"2024-03-05T16:49:53","modified_gmt":"2024-03-05T15:49:53","slug":"mision-de-fiji-una-mision-compartida-a-traves-de-los-anos","status":"publish","type":"post","link":"https:\/\/filles-de-la-charite.org\/it\/mision-de-fiji-una-mision-compartida-a-traves-de-los-anos\/","title":{"rendered":"Missione delle Fiji: Una missione condivisa nel corso degli anni"},"content":{"rendered":"\n<p>Nel mese di settembre del 1979 l\u2019allora Provincia delle Filippine, rispondendo alla richiesta dei Padri e dei Fratelli vincenziani, invi\u00f2 in missione 4 Suore a Natovi, Viti Levu, nelle Isole Fiji. Le Suore si occupavano dei bambini delle zone rurali che venivano inviati in un collegio.<\/p>\n\n\n\n<p>Nel 1990 \u00e8 stata eretta una seconda casa a Nausori, una citt\u00e0 di medie dimensioni vicino a Suva, la capitale. Nel mese di agosto del 1993, il Consiglio generale di Parigi ha approvato la proposta di trasferire la Missione delle Fiji alla Provincia d\u2019Australia. Nel 2018, quattro Suore, questa volta provenienti dalle Province dell\u2019India del Nord e del Sud, sono arrivate nell\u2019Arcidiocesi di Suva per continuare la missione; il 29 giugno 2018, in occasione della festa dei Santi Pietro e Paolo, Suor Celine QUADROS, Visitatrice dell\u2019allora Provincia d\u2019Australia, ha formalmente consegnato la Missione delle Fiji a Suor Rose CHIRAYIL, Visitatrice della Provincia dell\u2019India del Sud. Oggi i nostri servizi includono: l\u2019apostolato della famiglia, la formazione alla fede, la pastorale della salute, il sostegno agli studenti e il servizio pastorale. Le Suore collaborano anche con la Lega delle Donne Cattoliche, un\u2019organizzazione sotto il patrocinio di Nostra Signora del Sacro Cuore, unite nella fede e nei servizi.<\/p>\n\n\n\n<p><em>Sr. Beena e Sr. Rincy<\/em>&nbsp;\u2013&nbsp;<em>Figlie della Carit\u00e0<\/em><\/p>\n\n\n\n<figure class=\"wp-block-gallery has-nested-images columns-default is-cropped wp-block-gallery-1 is-layout-flex wp-block-gallery-is-layout-flex\">\n<figure class=\"wp-block-image size-large\"><a href=\"https:\/\/filles-de-la-charite.org\/wp-content\/uploads\/2024\/03\/News-10.23Fiji-1-5-1024x768.jpg\" target=\"_blank\" rel=\"noopener\" data-rel=\"lightbox-image-0\" data-rl_title=\"\" data-rl_caption=\"\" title=\"\"><img loading=\"lazy\" decoding=\"async\" width=\"1024\" height=\"768\" data-id=\"33660\" src=\"https:\/\/filles-de-la-charite.org\/wp-content\/uploads\/2024\/03\/News-10.23Fiji-1-5-1024x768.jpg\" alt=\"\" class=\"wp-image-33660\" srcset=\"https:\/\/filles-de-la-charite.org\/wp-content\/uploads\/2024\/03\/News-10.23Fiji-1-5-980x735.jpg 980w, https:\/\/filles-de-la-charite.org\/wp-content\/uploads\/2024\/03\/News-10.23Fiji-1-5-480x360.jpg 480w\" sizes=\"(min-width: 0px) and (max-width: 480px) 480px, (min-width: 481px) and (max-width: 980px) 980px, (min-width: 981px) 1024px, 100vw\" \/><\/a><\/figure>\n\n\n\n<figure class=\"wp-block-image size-large\"><a href=\"https:\/\/filles-de-la-charite.org\/wp-content\/uploads\/2024\/03\/News-10.23Fiji-1-3-768x1024.jpg\" target=\"_blank\" rel=\"noopener\" data-rel=\"lightbox-image-1\" data-rl_title=\"\" data-rl_caption=\"\" title=\"\"><img loading=\"lazy\" decoding=\"async\" width=\"768\" height=\"1024\" data-id=\"33653\" src=\"https:\/\/filles-de-la-charite.org\/wp-content\/uploads\/2024\/03\/News-10.23Fiji-1-3-768x1024.jpg\" alt=\"\" class=\"wp-image-33653\"\/><\/a><\/figure>\n\n\n\n<figure class=\"wp-block-image size-large\"><a href=\"https:\/\/filles-de-la-charite.org\/wp-content\/uploads\/2024\/03\/News-10.23Fiji-1-2-1024x768.jpg\" target=\"_blank\" rel=\"noopener\" data-rel=\"lightbox-image-2\" data-rl_title=\"\" data-rl_caption=\"\" title=\"\"><img loading=\"lazy\" decoding=\"async\" width=\"1024\" height=\"768\" data-id=\"33647\" src=\"https:\/\/filles-de-la-charite.org\/wp-content\/uploads\/2024\/03\/News-10.23Fiji-1-2-1024x768.jpg\" alt=\"\" class=\"wp-image-33647\" srcset=\"https:\/\/filles-de-la-charite.org\/wp-content\/uploads\/2024\/03\/News-10.23Fiji-1-2-980x735.jpg 980w, https:\/\/filles-de-la-charite.org\/wp-content\/uploads\/2024\/03\/News-10.23Fiji-1-2-480x360.jpg 480w\" sizes=\"(min-width: 0px) and (max-width: 480px) 480px, (min-width: 481px) and (max-width: 980px) 980px, (min-width: 981px) 1024px, 100vw\" \/><\/a><\/figure>\n\n\n\n<figure class=\"wp-block-image size-large\"><a href=\"https:\/\/filles-de-la-charite.org\/wp-content\/uploads\/2024\/03\/News-10.23Fiji-1-1-1024x768.jpg\" target=\"_blank\" rel=\"noopener\" data-rel=\"lightbox-image-3\" data-rl_title=\"\" data-rl_caption=\"\" title=\"\"><img loading=\"lazy\" decoding=\"async\" width=\"1024\" height=\"768\" data-id=\"33641\" src=\"https:\/\/filles-de-la-charite.org\/wp-content\/uploads\/2024\/03\/News-10.23Fiji-1-1-1024x768.jpg\" alt=\"\" class=\"wp-image-33641\" srcset=\"https:\/\/filles-de-la-charite.org\/wp-content\/uploads\/2024\/03\/News-10.23Fiji-1-1-980x735.jpg 980w, https:\/\/filles-de-la-charite.org\/wp-content\/uploads\/2024\/03\/News-10.23Fiji-1-1-480x360.jpg 480w\" sizes=\"(min-width: 0px) and (max-width: 480px) 480px, (min-width: 481px) and (max-width: 980px) 980px, (min-width: 981px) 1024px, 100vw\" \/><\/a><\/figure>\n<\/figure>\n","protected":false},"excerpt":{"rendered":"<p>Nel mese di settembre del 1979 l\u2019allora Provincia delle Filippine, rispondendo alla richiesta dei Padri e dei Fratelli vincenziani, invi\u00f2 in missione 4 Suore a Natovi, Viti Levu, nelle Isole Fiji. Le Suore si occupavano dei bambini delle zone rurali che venivano inviati in un collegio. Nel 1990 \u00e8 stata eretta una seconda casa a [&hellip;]<\/p>\n","protected":false},"author":5,"featured_media":33654,"comment_status":"closed","ping_status":"closed","sticky":false,"template":"","format":"standard","meta":{"_acf_changed":false,"_et_pb_use_builder":"","_et_pb_old_content":"","_et_gb_content_width":"","footnotes":"","_links_to":"","_links_to_target":""},"categories":[751],"tags":[],"class_list":["post-33671","post","type-post","status-publish","format-standard","has-post-thumbnail","hentry","category-india-del-sur-it"],"acf":[],"yoast_head":"<!-- This site is optimized with the Yoast SEO plugin v27.5 - https:\/\/yoast.com\/product\/yoast-seo-wordpress\/ -->\n<title>Missione delle Fiji: Una missione condivisa nel corso degli anni - Filles de la Charit\u00e9<\/title>\n<meta name=\"robots\" content=\"index, follow, max-snippet:-1, max-image-preview:large, max-video-preview:-1\" \/>\n<link rel=\"canonical\" href=\"https:\/\/filles-de-la-charite.org\/it\/mision-de-fiji-una-mision-compartida-a-traves-de-los-anos\/\" \/>\n<meta property=\"og:locale\" content=\"it_IT\" \/>\n<meta property=\"og:type\" content=\"article\" \/>\n<meta property=\"og:title\" content=\"Missione delle Fiji: Una missione condivisa nel corso degli anni - Filles de la Charit\u00e9\" \/>\n<meta property=\"og:description\" content=\"Nel mese di settembre del 1979 l\u2019allora Provincia delle Filippine, rispondendo alla richiesta dei Padri e dei Fratelli vincenziani, invi\u00f2 in missione 4 Suore a Natovi, Viti Levu, nelle Isole Fiji. Le Suore si occupavano dei bambini delle zone rurali che venivano inviati in un collegio. Nel 1990 \u00e8 stata eretta una seconda casa a [&hellip;]\" \/>\n<meta property=\"og:url\" content=\"https:\/\/filles-de-la-charite.org\/it\/mision-de-fiji-una-mision-compartida-a-traves-de-los-anos\/\" \/>\n<meta property=\"og:site_name\" content=\"Filles de la Charit\u00e9\" \/>\n<meta property=\"article:published_time\" content=\"2023-10-01T14:39:12+00:00\" \/>\n<meta property=\"article:modified_time\" content=\"2024-03-05T15:49:53+00:00\" \/>\n<meta property=\"og:image\" content=\"https:\/\/filles-de-la-charite.org\/wp-content\/uploads\/2024\/03\/News-10.23Fiji-1-4.jpg\" \/>\n\t<meta property=\"og:image:width\" content=\"1600\" \/>\n\t<meta property=\"og:image:height\" content=\"1200\" \/>\n\t<meta property=\"og:image:type\" content=\"image\/jpeg\" \/>\n<meta name=\"author\" content=\"SOR MARTA\" \/>\n<meta name=\"twitter:card\" content=\"summary_large_image\" \/>\n<meta name=\"twitter:label1\" content=\"Scritto da\" \/>\n\t<meta name=\"twitter:data1\" content=\"SOR MARTA\" \/>\n\t<meta name=\"twitter:label2\" content=\"Tempo di lettura stimato\" \/>\n\t<meta name=\"twitter:data2\" content=\"1 minuto\" \/>\n<script type=\"application\/ld+json\" class=\"yoast-schema-graph\">{\"@context\":\"https:\\\/\\\/schema.org\",\"@graph\":[{\"@type\":\"Article\",\"@id\":\"https:\\\/\\\/filles-de-la-charite.org\\\/it\\\/mision-de-fiji-una-mision-compartida-a-traves-de-los-anos\\\/#article\",\"isPartOf\":{\"@id\":\"https:\\\/\\\/filles-de-la-charite.org\\\/it\\\/mision-de-fiji-una-mision-compartida-a-traves-de-los-anos\\\/\"},\"author\":{\"name\":\"SOR MARTA\",\"@id\":\"https:\\\/\\\/filles-de-la-charite.org\\\/it\\\/#\\\/schema\\\/person\\\/0c922b6ca71280639858d297b3a7209f\"},\"headline\":\"Missione delle Fiji: Una missione condivisa nel corso degli anni\",\"datePublished\":\"2023-10-01T14:39:12+00:00\",\"dateModified\":\"2024-03-05T15:49:53+00:00\",\"mainEntityOfPage\":{\"@id\":\"https:\\\/\\\/filles-de-la-charite.org\\\/it\\\/mision-de-fiji-una-mision-compartida-a-traves-de-los-anos\\\/\"},\"wordCount\":222,\"publisher\":{\"@id\":\"https:\\\/\\\/filles-de-la-charite.org\\\/it\\\/#organization\"},\"image\":{\"@id\":\"https:\\\/\\\/filles-de-la-charite.org\\\/it\\\/mision-de-fiji-una-mision-compartida-a-traves-de-los-anos\\\/#primaryimage\"},\"thumbnailUrl\":\"https:\\\/\\\/filles-de-la-charite.org\\\/wp-content\\\/uploads\\\/2024\\\/03\\\/News-10.23Fiji-1-4.jpg\",\"articleSection\":[\"India del Sud\"],\"inLanguage\":\"it-IT\"},{\"@type\":\"WebPage\",\"@id\":\"https:\\\/\\\/filles-de-la-charite.org\\\/it\\\/mision-de-fiji-una-mision-compartida-a-traves-de-los-anos\\\/\",\"url\":\"https:\\\/\\\/filles-de-la-charite.org\\\/it\\\/mision-de-fiji-una-mision-compartida-a-traves-de-los-anos\\\/\",\"name\":\"Missione delle Fiji: Una missione condivisa nel corso degli anni - Filles de la Charit\u00e9\",\"isPartOf\":{\"@id\":\"https:\\\/\\\/filles-de-la-charite.org\\\/it\\\/#website\"},\"primaryImageOfPage\":{\"@id\":\"https:\\\/\\\/filles-de-la-charite.org\\\/it\\\/mision-de-fiji-una-mision-compartida-a-traves-de-los-anos\\\/#primaryimage\"},\"image\":{\"@id\":\"https:\\\/\\\/filles-de-la-charite.org\\\/it\\\/mision-de-fiji-una-mision-compartida-a-traves-de-los-anos\\\/#primaryimage\"},\"thumbnailUrl\":\"https:\\\/\\\/filles-de-la-charite.org\\\/wp-content\\\/uploads\\\/2024\\\/03\\\/News-10.23Fiji-1-4.jpg\",\"datePublished\":\"2023-10-01T14:39:12+00:00\",\"dateModified\":\"2024-03-05T15:49:53+00:00\",\"breadcrumb\":{\"@id\":\"https:\\\/\\\/filles-de-la-charite.org\\\/it\\\/mision-de-fiji-una-mision-compartida-a-traves-de-los-anos\\\/#breadcrumb\"},\"inLanguage\":\"it-IT\",\"potentialAction\":[{\"@type\":\"ReadAction\",\"target\":[\"https:\\\/\\\/filles-de-la-charite.org\\\/it\\\/mision-de-fiji-una-mision-compartida-a-traves-de-los-anos\\\/\"]}]},{\"@type\":\"ImageObject\",\"inLanguage\":\"it-IT\",\"@id\":\"https:\\\/\\\/filles-de-la-charite.org\\\/it\\\/mision-de-fiji-una-mision-compartida-a-traves-de-los-anos\\\/#primaryimage\",\"url\":\"https:\\\/\\\/filles-de-la-charite.org\\\/wp-content\\\/uploads\\\/2024\\\/03\\\/News-10.23Fiji-1-4.jpg\",\"contentUrl\":\"https:\\\/\\\/filles-de-la-charite.org\\\/wp-content\\\/uploads\\\/2024\\\/03\\\/News-10.23Fiji-1-4.jpg\",\"width\":1600,\"height\":1200},{\"@type\":\"BreadcrumbList\",\"@id\":\"https:\\\/\\\/filles-de-la-charite.org\\\/it\\\/mision-de-fiji-una-mision-compartida-a-traves-de-los-anos\\\/#breadcrumb\",\"itemListElement\":[{\"@type\":\"ListItem\",\"position\":1,\"name\":\"India del Sud\",\"item\":\"https:\\\/\\\/filles-de-la-charite.org\\\/it\\\/category\\\/india-del-sur-it\\\/\"},{\"@type\":\"ListItem\",\"position\":2,\"name\":\"Missione delle Fiji: Una missione condivisa nel corso degli anni\"}]},{\"@type\":\"WebSite\",\"@id\":\"https:\\\/\\\/filles-de-la-charite.org\\\/it\\\/#website\",\"url\":\"https:\\\/\\\/filles-de-la-charite.org\\\/it\\\/\",\"name\":\"Hijas de la Caridad\",\"description\":\"L\u2019amour de J\u00e9sus nous presse \u00e0 prendre soin des personnes les plus d\u00e9munies\",\"publisher\":{\"@id\":\"https:\\\/\\\/filles-de-la-charite.org\\\/it\\\/#organization\"},\"potentialAction\":[{\"@type\":\"SearchAction\",\"target\":{\"@type\":\"EntryPoint\",\"urlTemplate\":\"https:\\\/\\\/filles-de-la-charite.org\\\/it\\\/?s={search_term_string}\"},\"query-input\":{\"@type\":\"PropertyValueSpecification\",\"valueRequired\":true,\"valueName\":\"search_term_string\"}}],\"inLanguage\":\"it-IT\"},{\"@type\":\"Organization\",\"@id\":\"https:\\\/\\\/filles-de-la-charite.org\\\/it\\\/#organization\",\"name\":\"Hijas de la Caridad\",\"url\":\"https:\\\/\\\/filles-de-la-charite.org\\\/it\\\/\",\"logo\":{\"@type\":\"ImageObject\",\"inLanguage\":\"it-IT\",\"@id\":\"https:\\\/\\\/filles-de-la-charite.org\\\/it\\\/#\\\/schema\\\/logo\\\/image\\\/\",\"url\":\"https:\\\/\\\/filles-de-la-charite.org\\\/wp-content\\\/uploads\\\/2023\\\/03\\\/isotipo-Hijas-de-la-Caridad.png\",\"contentUrl\":\"https:\\\/\\\/filles-de-la-charite.org\\\/wp-content\\\/uploads\\\/2023\\\/03\\\/isotipo-Hijas-de-la-Caridad.png\",\"width\":1417,\"height\":1417,\"caption\":\"Hijas de la Caridad\"},\"image\":{\"@id\":\"https:\\\/\\\/filles-de-la-charite.org\\\/it\\\/#\\\/schema\\\/logo\\\/image\\\/\"}},{\"@type\":\"Person\",\"@id\":\"https:\\\/\\\/filles-de-la-charite.org\\\/it\\\/#\\\/schema\\\/person\\\/0c922b6ca71280639858d297b3a7209f\",\"name\":\"SOR MARTA\",\"image\":{\"@type\":\"ImageObject\",\"inLanguage\":\"it-IT\",\"@id\":\"https:\\\/\\\/secure.gravatar.com\\\/avatar\\\/d2c45b0fd6bf2d3e2670ab3d112257c24ac80fa960360bba1bdc0676485d1d09?s=96&d=mm&r=g\",\"url\":\"https:\\\/\\\/secure.gravatar.com\\\/avatar\\\/d2c45b0fd6bf2d3e2670ab3d112257c24ac80fa960360bba1bdc0676485d1d09?s=96&d=mm&r=g\",\"contentUrl\":\"https:\\\/\\\/secure.gravatar.com\\\/avatar\\\/d2c45b0fd6bf2d3e2670ab3d112257c24ac80fa960360bba1bdc0676485d1d09?s=96&d=mm&r=g\",\"caption\":\"SOR MARTA\"},\"url\":\"https:\\\/\\\/filles-de-la-charite.org\\\/it\\\/author\\\/martaemn\\\/\"}]}<\/script>\n<!-- \/ Yoast SEO plugin. -->","yoast_head_json":{"title":"Missione delle Fiji: Una missione condivisa nel corso degli anni - Filles de la Charit\u00e9","robots":{"index":"index","follow":"follow","max-snippet":"max-snippet:-1","max-image-preview":"max-image-preview:large","max-video-preview":"max-video-preview:-1"},"canonical":"https:\/\/filles-de-la-charite.org\/it\/mision-de-fiji-una-mision-compartida-a-traves-de-los-anos\/","og_locale":"it_IT","og_type":"article","og_title":"Missione delle Fiji: Una missione condivisa nel corso degli anni - Filles de la Charit\u00e9","og_description":"Nel mese di settembre del 1979 l\u2019allora Provincia delle Filippine, rispondendo alla richiesta dei Padri e dei Fratelli vincenziani, invi\u00f2 in missione 4 Suore a Natovi, Viti Levu, nelle Isole Fiji. Le Suore si occupavano dei bambini delle zone rurali che venivano inviati in un collegio. Nel 1990 \u00e8 stata eretta una seconda casa a [&hellip;]","og_url":"https:\/\/filles-de-la-charite.org\/it\/mision-de-fiji-una-mision-compartida-a-traves-de-los-anos\/","og_site_name":"Filles de la Charit\u00e9","article_published_time":"2023-10-01T14:39:12+00:00","article_modified_time":"2024-03-05T15:49:53+00:00","og_image":[{"width":1600,"height":1200,"url":"https:\/\/filles-de-la-charite.org\/wp-content\/uploads\/2024\/03\/News-10.23Fiji-1-4.jpg","type":"image\/jpeg"}],"author":"SOR MARTA","twitter_card":"summary_large_image","twitter_misc":{"Scritto da":"SOR MARTA","Tempo di lettura stimato":"1 minuto"},"schema":{"@context":"https:\/\/schema.org","@graph":[{"@type":"Article","@id":"https:\/\/filles-de-la-charite.org\/it\/mision-de-fiji-una-mision-compartida-a-traves-de-los-anos\/#article","isPartOf":{"@id":"https:\/\/filles-de-la-charite.org\/it\/mision-de-fiji-una-mision-compartida-a-traves-de-los-anos\/"},"author":{"name":"SOR MARTA","@id":"https:\/\/filles-de-la-charite.org\/it\/#\/schema\/person\/0c922b6ca71280639858d297b3a7209f"},"headline":"Missione delle Fiji: Una missione condivisa nel corso degli anni","datePublished":"2023-10-01T14:39:12+00:00","dateModified":"2024-03-05T15:49:53+00:00","mainEntityOfPage":{"@id":"https:\/\/filles-de-la-charite.org\/it\/mision-de-fiji-una-mision-compartida-a-traves-de-los-anos\/"},"wordCount":222,"publisher":{"@id":"https:\/\/filles-de-la-charite.org\/it\/#organization"},"image":{"@id":"https:\/\/filles-de-la-charite.org\/it\/mision-de-fiji-una-mision-compartida-a-traves-de-los-anos\/#primaryimage"},"thumbnailUrl":"https:\/\/filles-de-la-charite.org\/wp-content\/uploads\/2024\/03\/News-10.23Fiji-1-4.jpg","articleSection":["India del Sud"],"inLanguage":"it-IT"},{"@type":"WebPage","@id":"https:\/\/filles-de-la-charite.org\/it\/mision-de-fiji-una-mision-compartida-a-traves-de-los-anos\/","url":"https:\/\/filles-de-la-charite.org\/it\/mision-de-fiji-una-mision-compartida-a-traves-de-los-anos\/","name":"Missione delle Fiji: Una missione condivisa nel corso degli anni - Filles de la Charit\u00e9","isPartOf":{"@id":"https:\/\/filles-de-la-charite.org\/it\/#website"},"primaryImageOfPage":{"@id":"https:\/\/filles-de-la-charite.org\/it\/mision-de-fiji-una-mision-compartida-a-traves-de-los-anos\/#primaryimage"},"image":{"@id":"https:\/\/filles-de-la-charite.org\/it\/mision-de-fiji-una-mision-compartida-a-traves-de-los-anos\/#primaryimage"},"thumbnailUrl":"https:\/\/filles-de-la-charite.org\/wp-content\/uploads\/2024\/03\/News-10.23Fiji-1-4.jpg","datePublished":"2023-10-01T14:39:12+00:00","dateModified":"2024-03-05T15:49:53+00:00","breadcrumb":{"@id":"https:\/\/filles-de-la-charite.org\/it\/mision-de-fiji-una-mision-compartida-a-traves-de-los-anos\/#breadcrumb"},"inLanguage":"it-IT","potentialAction":[{"@type":"ReadAction","target":["https:\/\/filles-de-la-charite.org\/it\/mision-de-fiji-una-mision-compartida-a-traves-de-los-anos\/"]}]},{"@type":"ImageObject","inLanguage":"it-IT","@id":"https:\/\/filles-de-la-charite.org\/it\/mision-de-fiji-una-mision-compartida-a-traves-de-los-anos\/#primaryimage","url":"https:\/\/filles-de-la-charite.org\/wp-content\/uploads\/2024\/03\/News-10.23Fiji-1-4.jpg","contentUrl":"https:\/\/filles-de-la-charite.org\/wp-content\/uploads\/2024\/03\/News-10.23Fiji-1-4.jpg","width":1600,"height":1200},{"@type":"BreadcrumbList","@id":"https:\/\/filles-de-la-charite.org\/it\/mision-de-fiji-una-mision-compartida-a-traves-de-los-anos\/#breadcrumb","itemListElement":[{"@type":"ListItem","position":1,"name":"India del Sud","item":"https:\/\/filles-de-la-charite.org\/it\/category\/india-del-sur-it\/"},{"@type":"ListItem","position":2,"name":"Missione delle Fiji: Una missione condivisa nel corso degli anni"}]},{"@type":"WebSite","@id":"https:\/\/filles-de-la-charite.org\/it\/#website","url":"https:\/\/filles-de-la-charite.org\/it\/","name":"Hijas de la Caridad","description":"L\u2019amour de J\u00e9sus nous presse \u00e0 prendre soin des personnes les plus d\u00e9munies","publisher":{"@id":"https:\/\/filles-de-la-charite.org\/it\/#organization"},"potentialAction":[{"@type":"SearchAction","target":{"@type":"EntryPoint","urlTemplate":"https:\/\/filles-de-la-charite.org\/it\/?s={search_term_string}"},"query-input":{"@type":"PropertyValueSpecification","valueRequired":true,"valueName":"search_term_string"}}],"inLanguage":"it-IT"},{"@type":"Organization","@id":"https:\/\/filles-de-la-charite.org\/it\/#organization","name":"Hijas de la Caridad","url":"https:\/\/filles-de-la-charite.org\/it\/","logo":{"@type":"ImageObject","inLanguage":"it-IT","@id":"https:\/\/filles-de-la-charite.org\/it\/#\/schema\/logo\/image\/","url":"https:\/\/filles-de-la-charite.org\/wp-content\/uploads\/2023\/03\/isotipo-Hijas-de-la-Caridad.png","contentUrl":"https:\/\/filles-de-la-charite.org\/wp-content\/uploads\/2023\/03\/isotipo-Hijas-de-la-Caridad.png","width":1417,"height":1417,"caption":"Hijas de la Caridad"},"image":{"@id":"https:\/\/filles-de-la-charite.org\/it\/#\/schema\/logo\/image\/"}},{"@type":"Person","@id":"https:\/\/filles-de-la-charite.org\/it\/#\/schema\/person\/0c922b6ca71280639858d297b3a7209f","name":"SOR MARTA","image":{"@type":"ImageObject","inLanguage":"it-IT","@id":"https:\/\/secure.gravatar.com\/avatar\/d2c45b0fd6bf2d3e2670ab3d112257c24ac80fa960360bba1bdc0676485d1d09?s=96&d=mm&r=g","url":"https:\/\/secure.gravatar.com\/avatar\/d2c45b0fd6bf2d3e2670ab3d112257c24ac80fa960360bba1bdc0676485d1d09?s=96&d=mm&r=g","contentUrl":"https:\/\/secure.gravatar.com\/avatar\/d2c45b0fd6bf2d3e2670ab3d112257c24ac80fa960360bba1bdc0676485d1d09?s=96&d=mm&r=g","caption":"SOR MARTA"},"url":"https:\/\/filles-de-la-charite.org\/it\/author\/martaemn\/"}]}},"_links":{"self":[{"href":"https:\/\/filles-de-la-charite.org\/it\/wp-json\/wp\/v2\/posts\/33671","targetHints":{"allow":["GET"]}}],"collection":[{"href":"https:\/\/filles-de-la-charite.org\/it\/wp-json\/wp\/v2\/posts"}],"about":[{"href":"https:\/\/filles-de-la-charite.org\/it\/wp-json\/wp\/v2\/types\/post"}],"author":[{"embeddable":true,"href":"https:\/\/filles-de-la-charite.org\/it\/wp-json\/wp\/v2\/users\/5"}],"replies":[{"embeddable":true,"href":"https:\/\/filles-de-la-charite.org\/it\/wp-json\/wp\/v2\/comments?post=33671"}],"version-history":[{"count":1,"href":"https:\/\/filles-de-la-charite.org\/it\/wp-json\/wp\/v2\/posts\/33671\/revisions"}],"predecessor-version":[{"id":33679,"href":"https:\/\/filles-de-la-charite.org\/it\/wp-json\/wp\/v2\/posts\/33671\/revisions\/33679"}],"wp:featuredmedia":[{"embeddable":true,"href":"https:\/\/filles-de-la-charite.org\/it\/wp-json\/wp\/v2\/media\/33654"}],"wp:attachment":[{"href":"https:\/\/filles-de-la-charite.org\/it\/wp-json\/wp\/v2\/media?parent=33671"}],"wp:term":[{"taxonomy":"category","embeddable":true,"href":"https:\/\/filles-de-la-charite.org\/it\/wp-json\/wp\/v2\/categories?post=33671"},{"taxonomy":"post_tag","embeddable":true,"href":"https:\/\/filles-de-la-charite.org\/it\/wp-json\/wp\/v2\/tags?post=33671"}],"curies":[{"name":"wp","href":"https:\/\/api.w.org\/{rel}","templated":true}]}}