{"id":33870,"date":"2023-11-01T09:40:04","date_gmt":"2023-11-01T08:40:04","guid":{"rendered":"https:\/\/hijascaridad.sjdigitaldemo.ovh\/envio-en-mision-ad-gentes\/"},"modified":"2024-03-06T09:49:42","modified_gmt":"2024-03-06T08:49:42","slug":"envio-en-mision-ad-gentes","status":"publish","type":"post","link":"https:\/\/filles-de-la-charite.org\/it\/envio-en-mision-ad-gentes\/","title":{"rendered":"Invio in missione Ad Gentes"},"content":{"rendered":"\n<p><em>\u00abIo non sono n\u00e9 di qua n\u00e9 di l\u00e0, ma ovunque piacer\u00e0 a Dio che io sia\u2026\u00bb.<\/em><\/p>\n\n\n\n<p>Il 4 ottobre, festa di San Francesco d\u2019Assisi, abbiamo celebrato, in ringraziamento, l\u2019invio in missione Ad Gentes di Suor Sonia Joao Chilave, inviata nella Provincia Espana-Norte per la missione in Guinea Equatoriale e di Suor Sabina Konopka, inviata nella Provincia dell\u2019Africa Centrale.<\/p>\n\n\n\n<p>Le Lodi, durante le quali abbiamo lodato Dio con tutto il creato, hanno preceduto l\u2019Eucaristia.<\/p>\n\n\n\n<figure class=\"wp-block-image size-full\"><img loading=\"lazy\" decoding=\"async\" width=\"1024\" height=\"681\" src=\"https:\/\/filles-de-la-charite.org\/wp-content\/uploads\/2024\/03\/News-11.23-Envio-mision-ad-gentes-1.jpeg\" alt=\"\" class=\"wp-image-33847\" srcset=\"https:\/\/filles-de-la-charite.org\/wp-content\/uploads\/2024\/03\/News-11.23-Envio-mision-ad-gentes-1.jpeg 1024w, https:\/\/filles-de-la-charite.org\/wp-content\/uploads\/2024\/03\/News-11.23-Envio-mision-ad-gentes-1-980x652.jpeg 980w, https:\/\/filles-de-la-charite.org\/wp-content\/uploads\/2024\/03\/News-11.23-Envio-mision-ad-gentes-1-480x319.jpeg 480w\" sizes=\"(min-width: 0px) and (max-width: 480px) 480px, (min-width: 481px) and (max-width: 980px) 980px, (min-width: 981px) 1024px, 100vw\" \/><\/figure>\n\n\n\n<p>La celebrazione si \u00e8 aperta con un inno in polacco incentrato sulla missione.<\/p>\n\n\n\n<p>Nell\u2019omelia, padre Jos\u00e9 Antonio Gonzalez ha preso spunto dal Vangelo del giorno per sottolineare due aspetti importanti della sequela di Ges\u00f9: la gioia e la sfida che essa comporta. Ha poi augurato a Suor Sonia e Suor Sabina di poter gioire nella certezza che \u00e8 Dio ad averle inviate e che lo Spirito riaccender\u00e0 sempre la bont\u00e0 nei loro cuori. Le ha invitate a mettersi in gioco amando i poveri con lo stesso amore che Dio ha per loro e che Cristo ha per i poveri! Infine, le ha esortate a celebrare la fraternit\u00e0 con le proprie Sorelle e ad essere, in mezzo a loro, nuova linfa di tenerezza e di gioia missionaria.<\/p>\n\n\n\n<p>Suor Fran\u00e7oise Petit ha consegnato a ciascuna una croce missionaria che era stata benedetta in precedenza; questo \u00e8 sempre un momento emozionante per tutte noi!<\/p>\n\n\n\n<figure class=\"wp-block-image size-full\"><img loading=\"lazy\" decoding=\"async\" width=\"1024\" height=\"681\" src=\"https:\/\/filles-de-la-charite.org\/wp-content\/uploads\/2024\/03\/News-11.23-Envio-mision-ad-gentes-3.jpeg\" alt=\"\" class=\"wp-image-33859\" srcset=\"https:\/\/filles-de-la-charite.org\/wp-content\/uploads\/2024\/03\/News-11.23-Envio-mision-ad-gentes-3.jpeg 1024w, https:\/\/filles-de-la-charite.org\/wp-content\/uploads\/2024\/03\/News-11.23-Envio-mision-ad-gentes-3-980x652.jpeg 980w, https:\/\/filles-de-la-charite.org\/wp-content\/uploads\/2024\/03\/News-11.23-Envio-mision-ad-gentes-3-480x319.jpeg 480w\" sizes=\"(min-width: 0px) and (max-width: 480px) 480px, (min-width: 481px) and (max-width: 980px) 980px, (min-width: 981px) 1024px, 100vw\" \/><\/figure>\n\n\n\n<p>Dopo la preghiera d\u2019 intercessione, la processione offertoriale ha espresso il significato di questo invio in missione:<\/p>\n\n\n\n<p>La candela, portatrice di Luce, un invito a seguire Ges\u00f9, la nostra vera Luce e a lasciarci rinnovare dallo Spirito.<\/p>\n\n\n\n<p>Il tamburo, segno della gioia, un invito ad attingere alla fonte dell\u2019amore e a comunicarla.<\/p>\n\n\n\n<p>Il vino, segno della festa, un invito a guardare Maria a Cana e a credere nella forza rivoluzionaria della tenerezza (cfr. La gioia del Vangelo n. 288).<\/p>\n\n\n\n<p>Il pane, necessario per la vita, un invito a condividere il Vangelo con i nostri fratelli e sorelle, con amore paziente e rispettoso, perch\u00e9 solo Dio dona la fede.<\/p>\n\n\n\n<figure class=\"wp-block-image size-full\"><img loading=\"lazy\" decoding=\"async\" width=\"1024\" height=\"681\" src=\"https:\/\/filles-de-la-charite.org\/wp-content\/uploads\/2024\/03\/News-11.23-Envio-mision-ad-gentes-4.jpeg\" alt=\"\" class=\"wp-image-33865\" srcset=\"https:\/\/filles-de-la-charite.org\/wp-content\/uploads\/2024\/03\/News-11.23-Envio-mision-ad-gentes-4.jpeg 1024w, https:\/\/filles-de-la-charite.org\/wp-content\/uploads\/2024\/03\/News-11.23-Envio-mision-ad-gentes-4-980x652.jpeg 980w, https:\/\/filles-de-la-charite.org\/wp-content\/uploads\/2024\/03\/News-11.23-Envio-mision-ad-gentes-4-480x319.jpeg 480w\" sizes=\"(min-width: 0px) and (max-width: 480px) 480px, (min-width: 481px) and (max-width: 980px) 980px, (min-width: 981px) 1024px, 100vw\" \/><\/figure>\n\n\n\n<p>Il canto finale, in portoghese, \u201cLuz de Pentecostes\u201d \u00e8 stato composto per il quarto centenario della Luce di Pentecoste di Santa Luisa.<\/p>\n\n\n\n<p>In questo momento di gioiosa celebrazione, San Vincenzo ci ricorda che non siamo \u00abn\u00e9 di qua n\u00e9 di l\u00e0, ma ovunque\u00bb piacer\u00e0 a Dio che noi siamo.<\/p>\n\n\n\n<p>I migliori auguri a Suor Sonia e a Suor Sabina!<\/p>\n","protected":false},"excerpt":{"rendered":"<p>\u00abIo non sono n\u00e9 di qua n\u00e9 di l\u00e0, ma ovunque piacer\u00e0 a Dio che io sia\u2026\u00bb. Il 4 ottobre, festa di San Francesco d\u2019Assisi, abbiamo celebrato, in ringraziamento, l\u2019invio in missione Ad Gentes di Suor Sonia Joao Chilave, inviata nella Provincia Espana-Norte per la missione in Guinea Equatoriale e di Suor Sabina Konopka, inviata [&hellip;]<\/p>\n","protected":false},"author":5,"featured_media":33848,"comment_status":"closed","ping_status":"closed","sticky":false,"template":"","format":"standard","meta":{"_acf_changed":false,"_et_pb_use_builder":"","_et_pb_old_content":"","_et_gb_content_width":"","footnotes":"","_links_to":"","_links_to_target":""},"categories":[562],"tags":[],"class_list":["post-33870","post","type-post","status-publish","format-standard","has-post-thumbnail","hentry","category-casa-madre-it"],"acf":[],"yoast_head":"<!-- This site is optimized with the Yoast SEO plugin v27.5 - https:\/\/yoast.com\/product\/yoast-seo-wordpress\/ -->\n<title>Invio in missione Ad Gentes - Filles de la Charit\u00e9<\/title>\n<meta name=\"robots\" content=\"index, follow, max-snippet:-1, max-image-preview:large, max-video-preview:-1\" \/>\n<link rel=\"canonical\" href=\"https:\/\/filles-de-la-charite.org\/it\/envio-en-mision-ad-gentes\/\" \/>\n<meta property=\"og:locale\" content=\"it_IT\" \/>\n<meta property=\"og:type\" content=\"article\" \/>\n<meta property=\"og:title\" content=\"Invio in missione Ad Gentes - Filles de la Charit\u00e9\" \/>\n<meta property=\"og:description\" content=\"\u00abIo non sono n\u00e9 di qua n\u00e9 di l\u00e0, ma ovunque piacer\u00e0 a Dio che io sia\u2026\u00bb. Il 4 ottobre, festa di San Francesco d\u2019Assisi, abbiamo celebrato, in ringraziamento, l\u2019invio in missione Ad Gentes di Suor Sonia Joao Chilave, inviata nella Provincia Espana-Norte per la missione in Guinea Equatoriale e di Suor Sabina Konopka, inviata [&hellip;]\" \/>\n<meta property=\"og:url\" content=\"https:\/\/filles-de-la-charite.org\/it\/envio-en-mision-ad-gentes\/\" \/>\n<meta property=\"og:site_name\" content=\"Filles de la Charit\u00e9\" \/>\n<meta property=\"article:published_time\" content=\"2023-11-01T08:40:04+00:00\" \/>\n<meta property=\"article:modified_time\" content=\"2024-03-06T08:49:42+00:00\" \/>\n<meta property=\"og:image\" content=\"https:\/\/filles-de-la-charite.org\/wp-content\/uploads\/2024\/03\/News-11.23-Envio-mision-ad-gentes-2.jpeg\" \/>\n\t<meta property=\"og:image:width\" content=\"1512\" \/>\n\t<meta property=\"og:image:height\" content=\"850\" \/>\n\t<meta property=\"og:image:type\" content=\"image\/jpeg\" \/>\n<meta name=\"author\" content=\"SOR MARTA\" \/>\n<meta name=\"twitter:card\" content=\"summary_large_image\" \/>\n<meta name=\"twitter:label1\" content=\"Scritto da\" \/>\n\t<meta name=\"twitter:data1\" content=\"SOR MARTA\" \/>\n\t<meta name=\"twitter:label2\" content=\"Tempo di lettura stimato\" \/>\n\t<meta name=\"twitter:data2\" content=\"2 minuti\" \/>\n<script type=\"application\/ld+json\" class=\"yoast-schema-graph\">{\"@context\":\"https:\\\/\\\/schema.org\",\"@graph\":[{\"@type\":\"Article\",\"@id\":\"https:\\\/\\\/filles-de-la-charite.org\\\/it\\\/envio-en-mision-ad-gentes\\\/#article\",\"isPartOf\":{\"@id\":\"https:\\\/\\\/filles-de-la-charite.org\\\/it\\\/envio-en-mision-ad-gentes\\\/\"},\"author\":{\"name\":\"SOR MARTA\",\"@id\":\"https:\\\/\\\/filles-de-la-charite.org\\\/it\\\/#\\\/schema\\\/person\\\/0c922b6ca71280639858d297b3a7209f\"},\"headline\":\"Invio in missione Ad Gentes\",\"datePublished\":\"2023-11-01T08:40:04+00:00\",\"dateModified\":\"2024-03-06T08:49:42+00:00\",\"mainEntityOfPage\":{\"@id\":\"https:\\\/\\\/filles-de-la-charite.org\\\/it\\\/envio-en-mision-ad-gentes\\\/\"},\"wordCount\":398,\"publisher\":{\"@id\":\"https:\\\/\\\/filles-de-la-charite.org\\\/it\\\/#organization\"},\"image\":{\"@id\":\"https:\\\/\\\/filles-de-la-charite.org\\\/it\\\/envio-en-mision-ad-gentes\\\/#primaryimage\"},\"thumbnailUrl\":\"https:\\\/\\\/filles-de-la-charite.org\\\/wp-content\\\/uploads\\\/2024\\\/03\\\/News-11.23-Envio-mision-ad-gentes-2.jpeg\",\"articleSection\":[\"Casa-Madre\"],\"inLanguage\":\"it-IT\"},{\"@type\":\"WebPage\",\"@id\":\"https:\\\/\\\/filles-de-la-charite.org\\\/it\\\/envio-en-mision-ad-gentes\\\/\",\"url\":\"https:\\\/\\\/filles-de-la-charite.org\\\/it\\\/envio-en-mision-ad-gentes\\\/\",\"name\":\"Invio in missione Ad Gentes - Filles de la Charit\u00e9\",\"isPartOf\":{\"@id\":\"https:\\\/\\\/filles-de-la-charite.org\\\/it\\\/#website\"},\"primaryImageOfPage\":{\"@id\":\"https:\\\/\\\/filles-de-la-charite.org\\\/it\\\/envio-en-mision-ad-gentes\\\/#primaryimage\"},\"image\":{\"@id\":\"https:\\\/\\\/filles-de-la-charite.org\\\/it\\\/envio-en-mision-ad-gentes\\\/#primaryimage\"},\"thumbnailUrl\":\"https:\\\/\\\/filles-de-la-charite.org\\\/wp-content\\\/uploads\\\/2024\\\/03\\\/News-11.23-Envio-mision-ad-gentes-2.jpeg\",\"datePublished\":\"2023-11-01T08:40:04+00:00\",\"dateModified\":\"2024-03-06T08:49:42+00:00\",\"breadcrumb\":{\"@id\":\"https:\\\/\\\/filles-de-la-charite.org\\\/it\\\/envio-en-mision-ad-gentes\\\/#breadcrumb\"},\"inLanguage\":\"it-IT\",\"potentialAction\":[{\"@type\":\"ReadAction\",\"target\":[\"https:\\\/\\\/filles-de-la-charite.org\\\/it\\\/envio-en-mision-ad-gentes\\\/\"]}]},{\"@type\":\"ImageObject\",\"inLanguage\":\"it-IT\",\"@id\":\"https:\\\/\\\/filles-de-la-charite.org\\\/it\\\/envio-en-mision-ad-gentes\\\/#primaryimage\",\"url\":\"https:\\\/\\\/filles-de-la-charite.org\\\/wp-content\\\/uploads\\\/2024\\\/03\\\/News-11.23-Envio-mision-ad-gentes-2.jpeg\",\"contentUrl\":\"https:\\\/\\\/filles-de-la-charite.org\\\/wp-content\\\/uploads\\\/2024\\\/03\\\/News-11.23-Envio-mision-ad-gentes-2.jpeg\",\"width\":1512,\"height\":850},{\"@type\":\"BreadcrumbList\",\"@id\":\"https:\\\/\\\/filles-de-la-charite.org\\\/it\\\/envio-en-mision-ad-gentes\\\/#breadcrumb\",\"itemListElement\":[{\"@type\":\"ListItem\",\"position\":1,\"name\":\"Casa-Madre\",\"item\":\"https:\\\/\\\/filles-de-la-charite.org\\\/it\\\/category\\\/casa-madre-it\\\/\"},{\"@type\":\"ListItem\",\"position\":2,\"name\":\"Invio in missione Ad Gentes\"}]},{\"@type\":\"WebSite\",\"@id\":\"https:\\\/\\\/filles-de-la-charite.org\\\/it\\\/#website\",\"url\":\"https:\\\/\\\/filles-de-la-charite.org\\\/it\\\/\",\"name\":\"Hijas de la Caridad\",\"description\":\"L\u2019amour de J\u00e9sus nous presse \u00e0 prendre soin des personnes les plus d\u00e9munies\",\"publisher\":{\"@id\":\"https:\\\/\\\/filles-de-la-charite.org\\\/it\\\/#organization\"},\"potentialAction\":[{\"@type\":\"SearchAction\",\"target\":{\"@type\":\"EntryPoint\",\"urlTemplate\":\"https:\\\/\\\/filles-de-la-charite.org\\\/it\\\/?s={search_term_string}\"},\"query-input\":{\"@type\":\"PropertyValueSpecification\",\"valueRequired\":true,\"valueName\":\"search_term_string\"}}],\"inLanguage\":\"it-IT\"},{\"@type\":\"Organization\",\"@id\":\"https:\\\/\\\/filles-de-la-charite.org\\\/it\\\/#organization\",\"name\":\"Hijas de la Caridad\",\"url\":\"https:\\\/\\\/filles-de-la-charite.org\\\/it\\\/\",\"logo\":{\"@type\":\"ImageObject\",\"inLanguage\":\"it-IT\",\"@id\":\"https:\\\/\\\/filles-de-la-charite.org\\\/it\\\/#\\\/schema\\\/logo\\\/image\\\/\",\"url\":\"https:\\\/\\\/filles-de-la-charite.org\\\/wp-content\\\/uploads\\\/2023\\\/03\\\/isotipo-Hijas-de-la-Caridad.png\",\"contentUrl\":\"https:\\\/\\\/filles-de-la-charite.org\\\/wp-content\\\/uploads\\\/2023\\\/03\\\/isotipo-Hijas-de-la-Caridad.png\",\"width\":1417,\"height\":1417,\"caption\":\"Hijas de la Caridad\"},\"image\":{\"@id\":\"https:\\\/\\\/filles-de-la-charite.org\\\/it\\\/#\\\/schema\\\/logo\\\/image\\\/\"}},{\"@type\":\"Person\",\"@id\":\"https:\\\/\\\/filles-de-la-charite.org\\\/it\\\/#\\\/schema\\\/person\\\/0c922b6ca71280639858d297b3a7209f\",\"name\":\"SOR MARTA\",\"image\":{\"@type\":\"ImageObject\",\"inLanguage\":\"it-IT\",\"@id\":\"https:\\\/\\\/secure.gravatar.com\\\/avatar\\\/d2c45b0fd6bf2d3e2670ab3d112257c24ac80fa960360bba1bdc0676485d1d09?s=96&d=mm&r=g\",\"url\":\"https:\\\/\\\/secure.gravatar.com\\\/avatar\\\/d2c45b0fd6bf2d3e2670ab3d112257c24ac80fa960360bba1bdc0676485d1d09?s=96&d=mm&r=g\",\"contentUrl\":\"https:\\\/\\\/secure.gravatar.com\\\/avatar\\\/d2c45b0fd6bf2d3e2670ab3d112257c24ac80fa960360bba1bdc0676485d1d09?s=96&d=mm&r=g\",\"caption\":\"SOR MARTA\"},\"url\":\"https:\\\/\\\/filles-de-la-charite.org\\\/it\\\/author\\\/martaemn\\\/\"}]}<\/script>\n<!-- \/ Yoast SEO plugin. -->","yoast_head_json":{"title":"Invio in missione Ad Gentes - Filles de la Charit\u00e9","robots":{"index":"index","follow":"follow","max-snippet":"max-snippet:-1","max-image-preview":"max-image-preview:large","max-video-preview":"max-video-preview:-1"},"canonical":"https:\/\/filles-de-la-charite.org\/it\/envio-en-mision-ad-gentes\/","og_locale":"it_IT","og_type":"article","og_title":"Invio in missione Ad Gentes - Filles de la Charit\u00e9","og_description":"\u00abIo non sono n\u00e9 di qua n\u00e9 di l\u00e0, ma ovunque piacer\u00e0 a Dio che io sia\u2026\u00bb. Il 4 ottobre, festa di San Francesco d\u2019Assisi, abbiamo celebrato, in ringraziamento, l\u2019invio in missione Ad Gentes di Suor Sonia Joao Chilave, inviata nella Provincia Espana-Norte per la missione in Guinea Equatoriale e di Suor Sabina Konopka, inviata [&hellip;]","og_url":"https:\/\/filles-de-la-charite.org\/it\/envio-en-mision-ad-gentes\/","og_site_name":"Filles de la Charit\u00e9","article_published_time":"2023-11-01T08:40:04+00:00","article_modified_time":"2024-03-06T08:49:42+00:00","og_image":[{"width":1512,"height":850,"url":"https:\/\/filles-de-la-charite.org\/wp-content\/uploads\/2024\/03\/News-11.23-Envio-mision-ad-gentes-2.jpeg","type":"image\/jpeg"}],"author":"SOR MARTA","twitter_card":"summary_large_image","twitter_misc":{"Scritto da":"SOR MARTA","Tempo di lettura stimato":"2 minuti"},"schema":{"@context":"https:\/\/schema.org","@graph":[{"@type":"Article","@id":"https:\/\/filles-de-la-charite.org\/it\/envio-en-mision-ad-gentes\/#article","isPartOf":{"@id":"https:\/\/filles-de-la-charite.org\/it\/envio-en-mision-ad-gentes\/"},"author":{"name":"SOR MARTA","@id":"https:\/\/filles-de-la-charite.org\/it\/#\/schema\/person\/0c922b6ca71280639858d297b3a7209f"},"headline":"Invio in missione Ad Gentes","datePublished":"2023-11-01T08:40:04+00:00","dateModified":"2024-03-06T08:49:42+00:00","mainEntityOfPage":{"@id":"https:\/\/filles-de-la-charite.org\/it\/envio-en-mision-ad-gentes\/"},"wordCount":398,"publisher":{"@id":"https:\/\/filles-de-la-charite.org\/it\/#organization"},"image":{"@id":"https:\/\/filles-de-la-charite.org\/it\/envio-en-mision-ad-gentes\/#primaryimage"},"thumbnailUrl":"https:\/\/filles-de-la-charite.org\/wp-content\/uploads\/2024\/03\/News-11.23-Envio-mision-ad-gentes-2.jpeg","articleSection":["Casa-Madre"],"inLanguage":"it-IT"},{"@type":"WebPage","@id":"https:\/\/filles-de-la-charite.org\/it\/envio-en-mision-ad-gentes\/","url":"https:\/\/filles-de-la-charite.org\/it\/envio-en-mision-ad-gentes\/","name":"Invio in missione Ad Gentes - Filles de la Charit\u00e9","isPartOf":{"@id":"https:\/\/filles-de-la-charite.org\/it\/#website"},"primaryImageOfPage":{"@id":"https:\/\/filles-de-la-charite.org\/it\/envio-en-mision-ad-gentes\/#primaryimage"},"image":{"@id":"https:\/\/filles-de-la-charite.org\/it\/envio-en-mision-ad-gentes\/#primaryimage"},"thumbnailUrl":"https:\/\/filles-de-la-charite.org\/wp-content\/uploads\/2024\/03\/News-11.23-Envio-mision-ad-gentes-2.jpeg","datePublished":"2023-11-01T08:40:04+00:00","dateModified":"2024-03-06T08:49:42+00:00","breadcrumb":{"@id":"https:\/\/filles-de-la-charite.org\/it\/envio-en-mision-ad-gentes\/#breadcrumb"},"inLanguage":"it-IT","potentialAction":[{"@type":"ReadAction","target":["https:\/\/filles-de-la-charite.org\/it\/envio-en-mision-ad-gentes\/"]}]},{"@type":"ImageObject","inLanguage":"it-IT","@id":"https:\/\/filles-de-la-charite.org\/it\/envio-en-mision-ad-gentes\/#primaryimage","url":"https:\/\/filles-de-la-charite.org\/wp-content\/uploads\/2024\/03\/News-11.23-Envio-mision-ad-gentes-2.jpeg","contentUrl":"https:\/\/filles-de-la-charite.org\/wp-content\/uploads\/2024\/03\/News-11.23-Envio-mision-ad-gentes-2.jpeg","width":1512,"height":850},{"@type":"BreadcrumbList","@id":"https:\/\/filles-de-la-charite.org\/it\/envio-en-mision-ad-gentes\/#breadcrumb","itemListElement":[{"@type":"ListItem","position":1,"name":"Casa-Madre","item":"https:\/\/filles-de-la-charite.org\/it\/category\/casa-madre-it\/"},{"@type":"ListItem","position":2,"name":"Invio in missione Ad Gentes"}]},{"@type":"WebSite","@id":"https:\/\/filles-de-la-charite.org\/it\/#website","url":"https:\/\/filles-de-la-charite.org\/it\/","name":"Hijas de la Caridad","description":"L\u2019amour de J\u00e9sus nous presse \u00e0 prendre soin des personnes les plus d\u00e9munies","publisher":{"@id":"https:\/\/filles-de-la-charite.org\/it\/#organization"},"potentialAction":[{"@type":"SearchAction","target":{"@type":"EntryPoint","urlTemplate":"https:\/\/filles-de-la-charite.org\/it\/?s={search_term_string}"},"query-input":{"@type":"PropertyValueSpecification","valueRequired":true,"valueName":"search_term_string"}}],"inLanguage":"it-IT"},{"@type":"Organization","@id":"https:\/\/filles-de-la-charite.org\/it\/#organization","name":"Hijas de la Caridad","url":"https:\/\/filles-de-la-charite.org\/it\/","logo":{"@type":"ImageObject","inLanguage":"it-IT","@id":"https:\/\/filles-de-la-charite.org\/it\/#\/schema\/logo\/image\/","url":"https:\/\/filles-de-la-charite.org\/wp-content\/uploads\/2023\/03\/isotipo-Hijas-de-la-Caridad.png","contentUrl":"https:\/\/filles-de-la-charite.org\/wp-content\/uploads\/2023\/03\/isotipo-Hijas-de-la-Caridad.png","width":1417,"height":1417,"caption":"Hijas de la Caridad"},"image":{"@id":"https:\/\/filles-de-la-charite.org\/it\/#\/schema\/logo\/image\/"}},{"@type":"Person","@id":"https:\/\/filles-de-la-charite.org\/it\/#\/schema\/person\/0c922b6ca71280639858d297b3a7209f","name":"SOR MARTA","image":{"@type":"ImageObject","inLanguage":"it-IT","@id":"https:\/\/secure.gravatar.com\/avatar\/d2c45b0fd6bf2d3e2670ab3d112257c24ac80fa960360bba1bdc0676485d1d09?s=96&d=mm&r=g","url":"https:\/\/secure.gravatar.com\/avatar\/d2c45b0fd6bf2d3e2670ab3d112257c24ac80fa960360bba1bdc0676485d1d09?s=96&d=mm&r=g","contentUrl":"https:\/\/secure.gravatar.com\/avatar\/d2c45b0fd6bf2d3e2670ab3d112257c24ac80fa960360bba1bdc0676485d1d09?s=96&d=mm&r=g","caption":"SOR MARTA"},"url":"https:\/\/filles-de-la-charite.org\/it\/author\/martaemn\/"}]}},"_links":{"self":[{"href":"https:\/\/filles-de-la-charite.org\/it\/wp-json\/wp\/v2\/posts\/33870","targetHints":{"allow":["GET"]}}],"collection":[{"href":"https:\/\/filles-de-la-charite.org\/it\/wp-json\/wp\/v2\/posts"}],"about":[{"href":"https:\/\/filles-de-la-charite.org\/it\/wp-json\/wp\/v2\/types\/post"}],"author":[{"embeddable":true,"href":"https:\/\/filles-de-la-charite.org\/it\/wp-json\/wp\/v2\/users\/5"}],"replies":[{"embeddable":true,"href":"https:\/\/filles-de-la-charite.org\/it\/wp-json\/wp\/v2\/comments?post=33870"}],"version-history":[{"count":1,"href":"https:\/\/filles-de-la-charite.org\/it\/wp-json\/wp\/v2\/posts\/33870\/revisions"}],"predecessor-version":[{"id":33877,"href":"https:\/\/filles-de-la-charite.org\/it\/wp-json\/wp\/v2\/posts\/33870\/revisions\/33877"}],"wp:featuredmedia":[{"embeddable":true,"href":"https:\/\/filles-de-la-charite.org\/it\/wp-json\/wp\/v2\/media\/33848"}],"wp:attachment":[{"href":"https:\/\/filles-de-la-charite.org\/it\/wp-json\/wp\/v2\/media?parent=33870"}],"wp:term":[{"taxonomy":"category","embeddable":true,"href":"https:\/\/filles-de-la-charite.org\/it\/wp-json\/wp\/v2\/categories?post=33870"},{"taxonomy":"post_tag","embeddable":true,"href":"https:\/\/filles-de-la-charite.org\/it\/wp-json\/wp\/v2\/tags?post=33870"}],"curies":[{"name":"wp","href":"https:\/\/api.w.org\/{rel}","templated":true}]}}