{"id":34058,"date":"2023-12-01T10:08:32","date_gmt":"2023-12-01T09:08:32","guid":{"rendered":"https:\/\/hijascaridad.sjdigitaldemo.ovh\/celebracion-de-los-25-anos\/"},"modified":"2024-03-06T10:20:26","modified_gmt":"2024-03-06T09:20:26","slug":"celebracion-de-los-25-anos","status":"publish","type":"post","link":"https:\/\/filles-de-la-charite.org\/it\/celebracion-de-los-25-anos\/","title":{"rendered":"Celebriamo i 25 anni!"},"content":{"rendered":"\n<p>Diciassette scuole, licei e un\u2019universit\u00e0 delle Filippine, membri del Sistema educativo Figlie della Carit\u00e0 \u2013 Santa Luisa de Marillac (DC-SLMES), si sono riuniti al Concordia College di Manila dall\u201911 al 13 novembre scorso per celebrare la fedelt\u00e0 e la provvidenza di Dio! Suore, laici missionari e studenti insieme per rendere lode a Dio per i 25 anni di unit\u00e0 di pensiero, di cuore e di missione nella formazione e nell\u2019educazione dei giovani, con il tema: \u201cCamminare gioiosamente insieme per mantenere vivo lo spirito e la missione vincenziana.\u201d<\/p>\n\n\n\n<figure class=\"wp-block-image size-full\"><img loading=\"lazy\" decoding=\"async\" width=\"921\" height=\"1024\" src=\"https:\/\/filles-de-la-charite.org\/wp-content\/uploads\/2024\/03\/News-12.23-Celebracion-de-los-25-a-4.jpg\" alt=\"\" class=\"wp-image-34010\" srcset=\"https:\/\/filles-de-la-charite.org\/wp-content\/uploads\/2024\/03\/News-12.23-Celebracion-de-los-25-a-4.jpg 921w, https:\/\/filles-de-la-charite.org\/wp-content\/uploads\/2024\/03\/News-12.23-Celebracion-de-los-25-a-4-480x534.jpg 480w\" sizes=\"(min-width: 0px) and (max-width: 480px) 480px, (min-width: 481px) 921px, 100vw\" \/><\/figure>\n\n\n\n<p>I tre giorni della celebrazione sono iniziati con l\u2019Eucaristia presieduta da P. Gerardo VIBAR, CM, Direttore provinciale. \u00c8 seguito l\u2019ingresso di un gran numero di striscioni di ogni scuola delle Figlie della Carit\u00e0, del logo delle Figlie della Carit\u00e0 e del logo del Sistema scolastico delle Figlie della Carit\u00e0 DC-SLMES. Sr. Maria Ana Rosario G. EVIDENTE, Figlia della Carit\u00e0 e Sr. Anna Wiwiek SOEPRAPTIWI, Figlia della Carit\u00e0, hanno poi pronunciato il loro caloroso discorso di benvenuto e il loro messaggio ispiratore, trasmessi entrambi direttamente on-line.<\/p>\n\n\n\n<figure class=\"wp-block-image size-full\"><img loading=\"lazy\" decoding=\"async\" width=\"1024\" height=\"576\" src=\"https:\/\/filles-de-la-charite.org\/wp-content\/uploads\/2024\/03\/News-12.23-Celebracion-de-los-25-a-5.jpg\" alt=\"\" class=\"wp-image-34016\" srcset=\"https:\/\/filles-de-la-charite.org\/wp-content\/uploads\/2024\/03\/News-12.23-Celebracion-de-los-25-a-5.jpg 1024w, https:\/\/filles-de-la-charite.org\/wp-content\/uploads\/2024\/03\/News-12.23-Celebracion-de-los-25-a-5-980x551.jpg 980w, https:\/\/filles-de-la-charite.org\/wp-content\/uploads\/2024\/03\/News-12.23-Celebracion-de-los-25-a-5-480x270.jpg 480w\" sizes=\"(min-width: 0px) and (max-width: 480px) 480px, (min-width: 481px) and (max-width: 980px) 980px, (min-width: 981px) 1024px, 100vw\" \/><\/figure>\n\n\n\n<p>La celebrazione ha incluso il ringraziamento a due ex studentesse di spicco: l\u2019ex vicepresidente delle Filippine, Leni Gerona ROBREDO, laureata all\u2019Universidad de Santa Isabel, e l\u2019ex commissario della Commissione per l\u2019audit e sottosegretario dell\u2019Ufficio di supervisione interna delle Nazioni Unite, Heidi M. MENDOZA, laureata al Sacred Heart College. Hanno vissuto e continuano a vivere i valori vincenziani dell\u2019eccellenza, dell\u2019integrit\u00e0, della verit\u00e0 e del servizio dedicato e ispirato dalla fede per il Paese e per la propria comunit\u00e0, in particolare per coloro che vivono nelle \u201cperiferie esistenziali\u201d.<\/p>\n\n\n\n<figure class=\"wp-block-image size-full\"><img loading=\"lazy\" decoding=\"async\" width=\"1024\" height=\"478\" src=\"https:\/\/filles-de-la-charite.org\/wp-content\/uploads\/2024\/03\/News-12.23-Celebracion-de-los-25-a-6.jpg\" alt=\"\" class=\"wp-image-34017\" srcset=\"https:\/\/filles-de-la-charite.org\/wp-content\/uploads\/2024\/03\/News-12.23-Celebracion-de-los-25-a-6.jpg 1024w, https:\/\/filles-de-la-charite.org\/wp-content\/uploads\/2024\/03\/News-12.23-Celebracion-de-los-25-a-6-980x457.jpg 980w, https:\/\/filles-de-la-charite.org\/wp-content\/uploads\/2024\/03\/News-12.23-Celebracion-de-los-25-a-6-480x224.jpg 480w\" sizes=\"(min-width: 0px) and (max-width: 480px) 480px, (min-width: 481px) and (max-width: 980px) 980px, (min-width: 981px) 1024px, 100vw\" \/><\/figure>\n\n\n\n<figure class=\"wp-block-image size-full\"><img loading=\"lazy\" decoding=\"async\" width=\"461\" height=\"1024\" src=\"https:\/\/filles-de-la-charite.org\/wp-content\/uploads\/2024\/03\/News-12.23-Celebracion-de-los-25-a-7.jpg\" alt=\"\" class=\"wp-image-34023\" srcset=\"https:\/\/filles-de-la-charite.org\/wp-content\/uploads\/2024\/03\/News-12.23-Celebracion-de-los-25-a-7.jpg 461w, https:\/\/filles-de-la-charite.org\/wp-content\/uploads\/2024\/03\/News-12.23-Celebracion-de-los-25-a-7-135x300.jpg 135w\" sizes=\"(max-width: 461px) 100vw, 461px\" \/><\/figure>\n\n\n\n<p>Le presentazioni del patrimonio culturale delle regioni in cui si trovano le scuole hanno aggiunto colori brillanti all\u2019anniversario. Gli studenti, insieme ai partner missionari laici e alle Suore, hanno danzato e cantato, lasciando intravedere al pubblico la ricchezza del loro popolo.<\/p>\n\n\n\n<p>I partecipanti hanno avuto anche l\u2019opportunit\u00e0 di impegnarsi nel servizio alla comunit\u00e0. Raggruppati per due, alcuni hanno svolto un\u2019attivit\u00e0 di piantumazione di alberi presso la Casa Provinciale delle Figlie della Carit\u00e0 in linea con l\u2019impegno a prenderci cura della nostra Casa Comune, mentre altri hanno avuto un incontro con persone con bisogni speciali, anziani e bambini dell\u2019Hospicio de San Jose, in linea con l\u2019impegno al rispetto della Dignit\u00e0 Umana.<\/p>\n\n\n\n<figure class=\"wp-block-image size-full\"><img loading=\"lazy\" decoding=\"async\" width=\"1024\" height=\"576\" src=\"https:\/\/filles-de-la-charite.org\/wp-content\/uploads\/2024\/03\/News-12.23-Celebracion-de-los-25-a-8.jpg\" alt=\"\" class=\"wp-image-34029\" srcset=\"https:\/\/filles-de-la-charite.org\/wp-content\/uploads\/2024\/03\/News-12.23-Celebracion-de-los-25-a-8.jpg 1024w, https:\/\/filles-de-la-charite.org\/wp-content\/uploads\/2024\/03\/News-12.23-Celebracion-de-los-25-a-8-980x551.jpg 980w, https:\/\/filles-de-la-charite.org\/wp-content\/uploads\/2024\/03\/News-12.23-Celebracion-de-los-25-a-8-480x270.jpg 480w\" sizes=\"(min-width: 0px) and (max-width: 480px) 480px, (min-width: 481px) and (max-width: 980px) 980px, (min-width: 981px) 1024px, 100vw\" \/><\/figure>\n\n\n\n<figure class=\"wp-block-image size-full\"><img loading=\"lazy\" decoding=\"async\" width=\"1024\" height=\"768\" src=\"https:\/\/filles-de-la-charite.org\/wp-content\/uploads\/2024\/03\/News-12.23-Celebracion-de-los-25-a-3.jpg\" alt=\"\" class=\"wp-image-34048\" srcset=\"https:\/\/filles-de-la-charite.org\/wp-content\/uploads\/2024\/03\/News-12.23-Celebracion-de-los-25-a-3.jpg 1024w, https:\/\/filles-de-la-charite.org\/wp-content\/uploads\/2024\/03\/News-12.23-Celebracion-de-los-25-a-3-980x735.jpg 980w, https:\/\/filles-de-la-charite.org\/wp-content\/uploads\/2024\/03\/News-12.23-Celebracion-de-los-25-a-3-480x360.jpg 480w\" sizes=\"(min-width: 0px) and (max-width: 480px) 480px, (min-width: 481px) and (max-width: 980px) 980px, (min-width: 981px) 1024px, 100vw\" \/><\/figure>\n\n\n\n<p>I partecipanti hanno attraversato un carosello di mostre preparate da ogni regione; gli occhi e le orecchie si sono nutriti delle esposizioni e delle presentazioni video sulle migliori pratiche di ogni scuola di Washington in materia di curriculum e istruzione, ricerca e impegno nella comunit\u00e0, mentre la lingua assaporava le diverse prelibatezze alimentari proprie di ogni regione.<\/p>\n\n\n\n<p>La dott.ssa Pamela MANTUHAC dell\u2019Universit\u00e0 Adamson di Manila ha tenuto un discorso sul cambiamento sistemico. Successivamente, i partecipanti si sono seduti per lavorare: brainstorming e creazione di piani d\u2019azione concreti per il miglioramento del sistema educativo nei prossimi anni.<\/p>\n\n\n\n<figure class=\"wp-block-image size-full\"><img loading=\"lazy\" decoding=\"async\" width=\"1024\" height=\"576\" src=\"https:\/\/filles-de-la-charite.org\/wp-content\/uploads\/2024\/03\/News-12.23-Celebracion-de-los-25-a-2.jpg\" alt=\"\" class=\"wp-image-34042\" srcset=\"https:\/\/filles-de-la-charite.org\/wp-content\/uploads\/2024\/03\/News-12.23-Celebracion-de-los-25-a-2.jpg 1024w, https:\/\/filles-de-la-charite.org\/wp-content\/uploads\/2024\/03\/News-12.23-Celebracion-de-los-25-a-2-980x551.jpg 980w, https:\/\/filles-de-la-charite.org\/wp-content\/uploads\/2024\/03\/News-12.23-Celebracion-de-los-25-a-2-480x270.jpg 480w\" sizes=\"(min-width: 0px) and (max-width: 480px) 480px, (min-width: 481px) and (max-width: 980px) 980px, (min-width: 981px) 1024px, 100vw\" \/><\/figure>\n\n\n\n<p>Negli ultimi 25 anni, il Sistema educativo delle Figlie della Carit\u00e0-SLMES \u00e8 stato un faro nell\u2019apprendimento, un terreno fertile per l\u2019eccellenza vincenziana e un catalizzatore di cambiamenti positivi nella vita di innumerevoli individui. La sua passione e il suo impegno nella missione si fanno promotori di una formazione olistica. A Dio la massima gloria e la lode! Questa celebrazione sia l\u2019inizio di altri 25 anni di cammino con e per i giovani nella costruzione di un mondo migliore in cui vivere!<\/p>\n\n\n\n<figure class=\"wp-block-embed is-type-video is-provider-youtube wp-block-embed-youtube wp-embed-aspect-16-9 wp-has-aspect-ratio\"><div class=\"wp-block-embed__wrapper\">\n<iframe loading=\"lazy\" title=\"CELEBRATING 25\" width=\"1080\" height=\"608\" src=\"https:\/\/www.youtube.com\/embed\/OVJieirHQUk?feature=oembed\"  allow=\"accelerometer; autoplay; clipboard-write; encrypted-media; gyroscope; picture-in-picture; web-share\" allowfullscreen><\/iframe>\n<\/div><\/figure>\n","protected":false},"excerpt":{"rendered":"<p>Diciassette scuole, licei e un\u2019universit\u00e0 delle Filippine, membri del Sistema educativo Figlie della Carit\u00e0 \u2013 Santa Luisa de Marillac (DC-SLMES), si sono riuniti al Concordia College di Manila dall\u201911 al 13 novembre scorso per celebrare la fedelt\u00e0 e la provvidenza di Dio! Suore, laici missionari e studenti insieme per rendere lode a Dio per i [&hellip;]<\/p>\n","protected":false},"author":5,"featured_media":34039,"comment_status":"closed","ping_status":"closed","sticky":false,"template":"","format":"standard","meta":{"_acf_changed":false,"_et_pb_use_builder":"","_et_pb_old_content":"","_et_gb_content_width":"","footnotes":"","_links_to":"","_links_to_target":""},"categories":[761],"tags":[],"class_list":["post-34058","post","type-post","status-publish","format-standard","has-post-thumbnail","hentry","category-santa-luisa-asia-it"],"acf":[],"yoast_head":"<!-- This site is optimized with the Yoast SEO plugin v27.4 - https:\/\/yoast.com\/product\/yoast-seo-wordpress\/ -->\n<title>Celebriamo i 25 anni! - Filles de la Charit\u00e9<\/title>\n<meta name=\"robots\" content=\"index, follow, max-snippet:-1, max-image-preview:large, max-video-preview:-1\" \/>\n<link rel=\"canonical\" href=\"https:\/\/filles-de-la-charite.org\/it\/celebracion-de-los-25-anos\/\" \/>\n<meta property=\"og:locale\" content=\"it_IT\" \/>\n<meta property=\"og:type\" content=\"article\" \/>\n<meta property=\"og:title\" content=\"Celebriamo i 25 anni! - Filles de la Charit\u00e9\" \/>\n<meta property=\"og:description\" content=\"Diciassette scuole, licei e un\u2019universit\u00e0 delle Filippine, membri del Sistema educativo Figlie della Carit\u00e0 \u2013 Santa Luisa de Marillac (DC-SLMES), si sono riuniti al Concordia College di Manila dall\u201911 al 13 novembre scorso per celebrare la fedelt\u00e0 e la provvidenza di Dio! Suore, laici missionari e studenti insieme per rendere lode a Dio per i [&hellip;]\" \/>\n<meta property=\"og:url\" content=\"https:\/\/filles-de-la-charite.org\/it\/celebracion-de-los-25-anos\/\" \/>\n<meta property=\"og:site_name\" content=\"Filles de la Charit\u00e9\" \/>\n<meta property=\"article:published_time\" content=\"2023-12-01T09:08:32+00:00\" \/>\n<meta property=\"article:modified_time\" content=\"2024-03-06T09:20:26+00:00\" \/>\n<meta property=\"og:image\" content=\"https:\/\/filles-de-la-charite.org\/wp-content\/uploads\/2024\/03\/News-12.23-Celebracion-de-los-25-a-1.jpg\" \/>\n\t<meta property=\"og:image:width\" content=\"2560\" \/>\n\t<meta property=\"og:image:height\" content=\"1440\" \/>\n\t<meta property=\"og:image:type\" content=\"image\/jpeg\" \/>\n<meta name=\"author\" content=\"SOR MARTA\" \/>\n<meta name=\"twitter:card\" content=\"summary_large_image\" \/>\n<meta name=\"twitter:label1\" content=\"Scritto da\" \/>\n\t<meta name=\"twitter:data1\" content=\"SOR MARTA\" \/>\n\t<meta name=\"twitter:label2\" content=\"Tempo di lettura stimato\" \/>\n\t<meta name=\"twitter:data2\" content=\"3 minuti\" \/>\n<script type=\"application\/ld+json\" class=\"yoast-schema-graph\">{\"@context\":\"https:\\\/\\\/schema.org\",\"@graph\":[{\"@type\":\"Article\",\"@id\":\"https:\\\/\\\/filles-de-la-charite.org\\\/it\\\/celebracion-de-los-25-anos\\\/#article\",\"isPartOf\":{\"@id\":\"https:\\\/\\\/filles-de-la-charite.org\\\/it\\\/celebracion-de-los-25-anos\\\/\"},\"author\":{\"name\":\"SOR MARTA\",\"@id\":\"https:\\\/\\\/filles-de-la-charite.org\\\/it\\\/#\\\/schema\\\/person\\\/0c922b6ca71280639858d297b3a7209f\"},\"headline\":\"Celebriamo i 25 anni!\",\"datePublished\":\"2023-12-01T09:08:32+00:00\",\"dateModified\":\"2024-03-06T09:20:26+00:00\",\"mainEntityOfPage\":{\"@id\":\"https:\\\/\\\/filles-de-la-charite.org\\\/it\\\/celebracion-de-los-25-anos\\\/\"},\"wordCount\":569,\"publisher\":{\"@id\":\"https:\\\/\\\/filles-de-la-charite.org\\\/it\\\/#organization\"},\"image\":{\"@id\":\"https:\\\/\\\/filles-de-la-charite.org\\\/it\\\/celebracion-de-los-25-anos\\\/#primaryimage\"},\"thumbnailUrl\":\"https:\\\/\\\/filles-de-la-charite.org\\\/wp-content\\\/uploads\\\/2024\\\/03\\\/News-12.23-Celebracion-de-los-25-a-1.jpg\",\"articleSection\":[\"Santa Luisa - Asia\"],\"inLanguage\":\"it-IT\"},{\"@type\":\"WebPage\",\"@id\":\"https:\\\/\\\/filles-de-la-charite.org\\\/it\\\/celebracion-de-los-25-anos\\\/\",\"url\":\"https:\\\/\\\/filles-de-la-charite.org\\\/it\\\/celebracion-de-los-25-anos\\\/\",\"name\":\"Celebriamo i 25 anni! - Filles de la Charit\u00e9\",\"isPartOf\":{\"@id\":\"https:\\\/\\\/filles-de-la-charite.org\\\/it\\\/#website\"},\"primaryImageOfPage\":{\"@id\":\"https:\\\/\\\/filles-de-la-charite.org\\\/it\\\/celebracion-de-los-25-anos\\\/#primaryimage\"},\"image\":{\"@id\":\"https:\\\/\\\/filles-de-la-charite.org\\\/it\\\/celebracion-de-los-25-anos\\\/#primaryimage\"},\"thumbnailUrl\":\"https:\\\/\\\/filles-de-la-charite.org\\\/wp-content\\\/uploads\\\/2024\\\/03\\\/News-12.23-Celebracion-de-los-25-a-1.jpg\",\"datePublished\":\"2023-12-01T09:08:32+00:00\",\"dateModified\":\"2024-03-06T09:20:26+00:00\",\"breadcrumb\":{\"@id\":\"https:\\\/\\\/filles-de-la-charite.org\\\/it\\\/celebracion-de-los-25-anos\\\/#breadcrumb\"},\"inLanguage\":\"it-IT\",\"potentialAction\":[{\"@type\":\"ReadAction\",\"target\":[\"https:\\\/\\\/filles-de-la-charite.org\\\/it\\\/celebracion-de-los-25-anos\\\/\"]}]},{\"@type\":\"ImageObject\",\"inLanguage\":\"it-IT\",\"@id\":\"https:\\\/\\\/filles-de-la-charite.org\\\/it\\\/celebracion-de-los-25-anos\\\/#primaryimage\",\"url\":\"https:\\\/\\\/filles-de-la-charite.org\\\/wp-content\\\/uploads\\\/2024\\\/03\\\/News-12.23-Celebracion-de-los-25-a-1.jpg\",\"contentUrl\":\"https:\\\/\\\/filles-de-la-charite.org\\\/wp-content\\\/uploads\\\/2024\\\/03\\\/News-12.23-Celebracion-de-los-25-a-1.jpg\",\"width\":2560,\"height\":1440},{\"@type\":\"BreadcrumbList\",\"@id\":\"https:\\\/\\\/filles-de-la-charite.org\\\/it\\\/celebracion-de-los-25-anos\\\/#breadcrumb\",\"itemListElement\":[{\"@type\":\"ListItem\",\"position\":1,\"name\":\"Santa Luisa - Asia\",\"item\":\"https:\\\/\\\/filles-de-la-charite.org\\\/it\\\/category\\\/santa-luisa-asia-it\\\/\"},{\"@type\":\"ListItem\",\"position\":2,\"name\":\"Celebriamo i 25 anni!\"}]},{\"@type\":\"WebSite\",\"@id\":\"https:\\\/\\\/filles-de-la-charite.org\\\/it\\\/#website\",\"url\":\"https:\\\/\\\/filles-de-la-charite.org\\\/it\\\/\",\"name\":\"Hijas de la Caridad\",\"description\":\"L\u2019amour de J\u00e9sus nous presse \u00e0 prendre soin des personnes les plus d\u00e9munies\",\"publisher\":{\"@id\":\"https:\\\/\\\/filles-de-la-charite.org\\\/it\\\/#organization\"},\"potentialAction\":[{\"@type\":\"SearchAction\",\"target\":{\"@type\":\"EntryPoint\",\"urlTemplate\":\"https:\\\/\\\/filles-de-la-charite.org\\\/it\\\/?s={search_term_string}\"},\"query-input\":{\"@type\":\"PropertyValueSpecification\",\"valueRequired\":true,\"valueName\":\"search_term_string\"}}],\"inLanguage\":\"it-IT\"},{\"@type\":\"Organization\",\"@id\":\"https:\\\/\\\/filles-de-la-charite.org\\\/it\\\/#organization\",\"name\":\"Hijas de la Caridad\",\"url\":\"https:\\\/\\\/filles-de-la-charite.org\\\/it\\\/\",\"logo\":{\"@type\":\"ImageObject\",\"inLanguage\":\"it-IT\",\"@id\":\"https:\\\/\\\/filles-de-la-charite.org\\\/it\\\/#\\\/schema\\\/logo\\\/image\\\/\",\"url\":\"https:\\\/\\\/filles-de-la-charite.org\\\/wp-content\\\/uploads\\\/2023\\\/03\\\/isotipo-Hijas-de-la-Caridad.png\",\"contentUrl\":\"https:\\\/\\\/filles-de-la-charite.org\\\/wp-content\\\/uploads\\\/2023\\\/03\\\/isotipo-Hijas-de-la-Caridad.png\",\"width\":1417,\"height\":1417,\"caption\":\"Hijas de la Caridad\"},\"image\":{\"@id\":\"https:\\\/\\\/filles-de-la-charite.org\\\/it\\\/#\\\/schema\\\/logo\\\/image\\\/\"}},{\"@type\":\"Person\",\"@id\":\"https:\\\/\\\/filles-de-la-charite.org\\\/it\\\/#\\\/schema\\\/person\\\/0c922b6ca71280639858d297b3a7209f\",\"name\":\"SOR MARTA\",\"image\":{\"@type\":\"ImageObject\",\"inLanguage\":\"it-IT\",\"@id\":\"https:\\\/\\\/secure.gravatar.com\\\/avatar\\\/d2c45b0fd6bf2d3e2670ab3d112257c24ac80fa960360bba1bdc0676485d1d09?s=96&d=mm&r=g\",\"url\":\"https:\\\/\\\/secure.gravatar.com\\\/avatar\\\/d2c45b0fd6bf2d3e2670ab3d112257c24ac80fa960360bba1bdc0676485d1d09?s=96&d=mm&r=g\",\"contentUrl\":\"https:\\\/\\\/secure.gravatar.com\\\/avatar\\\/d2c45b0fd6bf2d3e2670ab3d112257c24ac80fa960360bba1bdc0676485d1d09?s=96&d=mm&r=g\",\"caption\":\"SOR MARTA\"},\"url\":\"https:\\\/\\\/filles-de-la-charite.org\\\/it\\\/author\\\/martaemn\\\/\"}]}<\/script>\n<!-- \/ Yoast SEO plugin. -->","yoast_head_json":{"title":"Celebriamo i 25 anni! - Filles de la Charit\u00e9","robots":{"index":"index","follow":"follow","max-snippet":"max-snippet:-1","max-image-preview":"max-image-preview:large","max-video-preview":"max-video-preview:-1"},"canonical":"https:\/\/filles-de-la-charite.org\/it\/celebracion-de-los-25-anos\/","og_locale":"it_IT","og_type":"article","og_title":"Celebriamo i 25 anni! - Filles de la Charit\u00e9","og_description":"Diciassette scuole, licei e un\u2019universit\u00e0 delle Filippine, membri del Sistema educativo Figlie della Carit\u00e0 \u2013 Santa Luisa de Marillac (DC-SLMES), si sono riuniti al Concordia College di Manila dall\u201911 al 13 novembre scorso per celebrare la fedelt\u00e0 e la provvidenza di Dio! Suore, laici missionari e studenti insieme per rendere lode a Dio per i [&hellip;]","og_url":"https:\/\/filles-de-la-charite.org\/it\/celebracion-de-los-25-anos\/","og_site_name":"Filles de la Charit\u00e9","article_published_time":"2023-12-01T09:08:32+00:00","article_modified_time":"2024-03-06T09:20:26+00:00","og_image":[{"width":2560,"height":1440,"url":"https:\/\/filles-de-la-charite.org\/wp-content\/uploads\/2024\/03\/News-12.23-Celebracion-de-los-25-a-1.jpg","type":"image\/jpeg"}],"author":"SOR MARTA","twitter_card":"summary_large_image","twitter_misc":{"Scritto da":"SOR MARTA","Tempo di lettura stimato":"3 minuti"},"schema":{"@context":"https:\/\/schema.org","@graph":[{"@type":"Article","@id":"https:\/\/filles-de-la-charite.org\/it\/celebracion-de-los-25-anos\/#article","isPartOf":{"@id":"https:\/\/filles-de-la-charite.org\/it\/celebracion-de-los-25-anos\/"},"author":{"name":"SOR MARTA","@id":"https:\/\/filles-de-la-charite.org\/it\/#\/schema\/person\/0c922b6ca71280639858d297b3a7209f"},"headline":"Celebriamo i 25 anni!","datePublished":"2023-12-01T09:08:32+00:00","dateModified":"2024-03-06T09:20:26+00:00","mainEntityOfPage":{"@id":"https:\/\/filles-de-la-charite.org\/it\/celebracion-de-los-25-anos\/"},"wordCount":569,"publisher":{"@id":"https:\/\/filles-de-la-charite.org\/it\/#organization"},"image":{"@id":"https:\/\/filles-de-la-charite.org\/it\/celebracion-de-los-25-anos\/#primaryimage"},"thumbnailUrl":"https:\/\/filles-de-la-charite.org\/wp-content\/uploads\/2024\/03\/News-12.23-Celebracion-de-los-25-a-1.jpg","articleSection":["Santa Luisa - Asia"],"inLanguage":"it-IT"},{"@type":"WebPage","@id":"https:\/\/filles-de-la-charite.org\/it\/celebracion-de-los-25-anos\/","url":"https:\/\/filles-de-la-charite.org\/it\/celebracion-de-los-25-anos\/","name":"Celebriamo i 25 anni! - Filles de la Charit\u00e9","isPartOf":{"@id":"https:\/\/filles-de-la-charite.org\/it\/#website"},"primaryImageOfPage":{"@id":"https:\/\/filles-de-la-charite.org\/it\/celebracion-de-los-25-anos\/#primaryimage"},"image":{"@id":"https:\/\/filles-de-la-charite.org\/it\/celebracion-de-los-25-anos\/#primaryimage"},"thumbnailUrl":"https:\/\/filles-de-la-charite.org\/wp-content\/uploads\/2024\/03\/News-12.23-Celebracion-de-los-25-a-1.jpg","datePublished":"2023-12-01T09:08:32+00:00","dateModified":"2024-03-06T09:20:26+00:00","breadcrumb":{"@id":"https:\/\/filles-de-la-charite.org\/it\/celebracion-de-los-25-anos\/#breadcrumb"},"inLanguage":"it-IT","potentialAction":[{"@type":"ReadAction","target":["https:\/\/filles-de-la-charite.org\/it\/celebracion-de-los-25-anos\/"]}]},{"@type":"ImageObject","inLanguage":"it-IT","@id":"https:\/\/filles-de-la-charite.org\/it\/celebracion-de-los-25-anos\/#primaryimage","url":"https:\/\/filles-de-la-charite.org\/wp-content\/uploads\/2024\/03\/News-12.23-Celebracion-de-los-25-a-1.jpg","contentUrl":"https:\/\/filles-de-la-charite.org\/wp-content\/uploads\/2024\/03\/News-12.23-Celebracion-de-los-25-a-1.jpg","width":2560,"height":1440},{"@type":"BreadcrumbList","@id":"https:\/\/filles-de-la-charite.org\/it\/celebracion-de-los-25-anos\/#breadcrumb","itemListElement":[{"@type":"ListItem","position":1,"name":"Santa Luisa - Asia","item":"https:\/\/filles-de-la-charite.org\/it\/category\/santa-luisa-asia-it\/"},{"@type":"ListItem","position":2,"name":"Celebriamo i 25 anni!"}]},{"@type":"WebSite","@id":"https:\/\/filles-de-la-charite.org\/it\/#website","url":"https:\/\/filles-de-la-charite.org\/it\/","name":"Hijas de la Caridad","description":"L\u2019amour de J\u00e9sus nous presse \u00e0 prendre soin des personnes les plus d\u00e9munies","publisher":{"@id":"https:\/\/filles-de-la-charite.org\/it\/#organization"},"potentialAction":[{"@type":"SearchAction","target":{"@type":"EntryPoint","urlTemplate":"https:\/\/filles-de-la-charite.org\/it\/?s={search_term_string}"},"query-input":{"@type":"PropertyValueSpecification","valueRequired":true,"valueName":"search_term_string"}}],"inLanguage":"it-IT"},{"@type":"Organization","@id":"https:\/\/filles-de-la-charite.org\/it\/#organization","name":"Hijas de la Caridad","url":"https:\/\/filles-de-la-charite.org\/it\/","logo":{"@type":"ImageObject","inLanguage":"it-IT","@id":"https:\/\/filles-de-la-charite.org\/it\/#\/schema\/logo\/image\/","url":"https:\/\/filles-de-la-charite.org\/wp-content\/uploads\/2023\/03\/isotipo-Hijas-de-la-Caridad.png","contentUrl":"https:\/\/filles-de-la-charite.org\/wp-content\/uploads\/2023\/03\/isotipo-Hijas-de-la-Caridad.png","width":1417,"height":1417,"caption":"Hijas de la Caridad"},"image":{"@id":"https:\/\/filles-de-la-charite.org\/it\/#\/schema\/logo\/image\/"}},{"@type":"Person","@id":"https:\/\/filles-de-la-charite.org\/it\/#\/schema\/person\/0c922b6ca71280639858d297b3a7209f","name":"SOR MARTA","image":{"@type":"ImageObject","inLanguage":"it-IT","@id":"https:\/\/secure.gravatar.com\/avatar\/d2c45b0fd6bf2d3e2670ab3d112257c24ac80fa960360bba1bdc0676485d1d09?s=96&d=mm&r=g","url":"https:\/\/secure.gravatar.com\/avatar\/d2c45b0fd6bf2d3e2670ab3d112257c24ac80fa960360bba1bdc0676485d1d09?s=96&d=mm&r=g","contentUrl":"https:\/\/secure.gravatar.com\/avatar\/d2c45b0fd6bf2d3e2670ab3d112257c24ac80fa960360bba1bdc0676485d1d09?s=96&d=mm&r=g","caption":"SOR MARTA"},"url":"https:\/\/filles-de-la-charite.org\/it\/author\/martaemn\/"}]}},"_links":{"self":[{"href":"https:\/\/filles-de-la-charite.org\/it\/wp-json\/wp\/v2\/posts\/34058","targetHints":{"allow":["GET"]}}],"collection":[{"href":"https:\/\/filles-de-la-charite.org\/it\/wp-json\/wp\/v2\/posts"}],"about":[{"href":"https:\/\/filles-de-la-charite.org\/it\/wp-json\/wp\/v2\/types\/post"}],"author":[{"embeddable":true,"href":"https:\/\/filles-de-la-charite.org\/it\/wp-json\/wp\/v2\/users\/5"}],"replies":[{"embeddable":true,"href":"https:\/\/filles-de-la-charite.org\/it\/wp-json\/wp\/v2\/comments?post=34058"}],"version-history":[{"count":1,"href":"https:\/\/filles-de-la-charite.org\/it\/wp-json\/wp\/v2\/posts\/34058\/revisions"}],"predecessor-version":[{"id":34070,"href":"https:\/\/filles-de-la-charite.org\/it\/wp-json\/wp\/v2\/posts\/34058\/revisions\/34070"}],"wp:featuredmedia":[{"embeddable":true,"href":"https:\/\/filles-de-la-charite.org\/it\/wp-json\/wp\/v2\/media\/34039"}],"wp:attachment":[{"href":"https:\/\/filles-de-la-charite.org\/it\/wp-json\/wp\/v2\/media?parent=34058"}],"wp:term":[{"taxonomy":"category","embeddable":true,"href":"https:\/\/filles-de-la-charite.org\/it\/wp-json\/wp\/v2\/categories?post=34058"},{"taxonomy":"post_tag","embeddable":true,"href":"https:\/\/filles-de-la-charite.org\/it\/wp-json\/wp\/v2\/tags?post=34058"}],"curies":[{"name":"wp","href":"https:\/\/api.w.org\/{rel}","templated":true}]}}