{"id":38783,"date":"2024-08-04T13:23:50","date_gmt":"2024-08-04T11:23:50","guid":{"rendered":"https:\/\/filles-de-la-charite.org\/?p=38783"},"modified":"2024-08-03T13:36:08","modified_gmt":"2024-08-03T11:36:08","slug":"meeting-of-the-international-team-of-the-web-site-of-the-daughters-of-charity-at-the-mother-house-in-paris","status":"publish","type":"post","link":"https:\/\/filles-de-la-charite.org\/it\/meeting-of-the-international-team-of-the-web-site-of-the-daughters-of-charity-at-the-mother-house-in-paris\/","title":{"rendered":"Incontro dell&#8217;\u00c9quipe Internazionale del Sito Web delle Figlie della Carit\u00e0 presso la Casa Madre a Parigi"},"content":{"rendered":"\n<p>Dal 30 luglio al 3 agosto, l\u2019\u00e9quipe del Sito Internazionale della Compagnia delle Figlie della Carit\u00e0 si \u00e8 riunita per l\u2019abituale incontro annuale, un vero e proprio laboratorio di idee, ispirazioni e creativit\u00e0, un momento importante per la pianificazione dei contenuti multimediali che arricchiranno il nostro sito web nel corso del prossimo anno.<\/p>\n\n\n\n<figure class=\"wp-block-image alignleft size-large\"><img loading=\"lazy\" decoding=\"async\" width=\"768\" height=\"1024\" src=\"https:\/\/filles-de-la-charite.org\/wp-content\/uploads\/2024\/08\/WhatsApp-Image-2024-08-01-at-16.54.22-768x1024.jpeg\" alt=\"\" class=\"wp-image-38754\"\/><\/figure>\n\n\n\n<p>Un momento chiave dell\u2019incontro \u00e8 stato il confronto aperto e costruttivo tra i membri dell\u2019\u00e9quipe, occasione preziosa per discutere e riflettere sui molteplici aspetti della comunicazione digitale. Ogni giornata ha portato le sue novit\u00e0, culminando gioved\u00ec 1\u00b0 agosto con una mezza giornata di formazione guidata da Sophie Nouaille, responsabile della comunicazione della CORREF (Conferenza dei Religiosi di Francia).<\/p>\n\n\n\n<figure class=\"wp-block-image size-large\"><img loading=\"lazy\" decoding=\"async\" width=\"1024\" height=\"681\" src=\"https:\/\/filles-de-la-charite.org\/wp-content\/uploads\/2024\/08\/DSC_0022-1024x681.jpg\" alt=\"\" class=\"wp-image-38766\" srcset=\"https:\/\/filles-de-la-charite.org\/wp-content\/uploads\/2024\/08\/DSC_0022-980x652.jpg 980w, https:\/\/filles-de-la-charite.org\/wp-content\/uploads\/2024\/08\/DSC_0022-480x319.jpg 480w\" sizes=\"(min-width: 0px) and (max-width: 480px) 480px, (min-width: 481px) and (max-width: 980px) 980px, (min-width: 981px) 1024px, 100vw\" \/><\/figure>\n\n\n\n<p>La mattinata di sabato ha riservato all\u2019\u00e9quipe un momento speciale: l\u2019incontro gioioso e informale con la Superiora generale che ha ribadito l\u2019importanza cruciale della comunicazione digitale nella Compagnia, incoraggiandoci a stare al passo con i tempi e a utilizzare le moderne tecnologie per diffondere il nostro messaggio di speranza e di carit\u00e0.<\/p>\n\n\n\n<p>Durante l\u2019incontro, abbiamo anche condiviso un momento di gratitudine, ringraziando Suor Annabelle Escoto (per la lingua inglese) e Suor Irene Malate (per la lingua portoghese) che hanno concluso il loro mandato al Sito web Internazionale. Il loro lavoro instancabile e creativo ha lasciato un\u2019impronta indelebile nell\u2019 equipe. Il testimone \u00e8 ora passato a Suor Karina Yuyun Katharina, dall\u2019Indonesia, e a Suor Alessandra Sousa, dal Brasile, che sono pronte a portare avanti con passione e dedizione l\u2019eredit\u00e0 trasmessa.<\/p>\n\n\n\n<p>Questo incontro ha rafforzato il legame tra noi, consolidando la nostra missione condivisa. Siamo desiderose di affrontare le sfide future, pronte a innovare e a costruire, poco a poco, un ponte digitale che ci porti al \u201csesto continente\u201d (mondo digitale).<\/p>\n\n\n\n<figure class=\"wp-block-image size-large\"><img loading=\"lazy\" decoding=\"async\" width=\"1024\" height=\"684\" src=\"https:\/\/filles-de-la-charite.org\/wp-content\/uploads\/2024\/08\/WhatsApp-Image-2024-08-03-at-13.03.31-1024x684.jpeg\" alt=\"\" class=\"wp-image-38772\" srcset=\"https:\/\/filles-de-la-charite.org\/wp-content\/uploads\/2024\/08\/WhatsApp-Image-2024-08-03-at-13.03.31-980x654.jpeg 980w, https:\/\/filles-de-la-charite.org\/wp-content\/uploads\/2024\/08\/WhatsApp-Image-2024-08-03-at-13.03.31-480x320.jpeg 480w\" sizes=\"(min-width: 0px) and (max-width: 480px) 480px, (min-width: 481px) and (max-width: 980px) 980px, (min-width: 981px) 1024px, 100vw\" \/><\/figure>\n\n\n\n<p>L\u2019\u00e9quipe del Sito Internazionale della Compagnia delle Figlie della Carit\u00e0 \u00e8 grata di poter proseguire sulla strada del digitale, con il cuore colmo di gratitudine e lo sguardo rivolto al futuro, lasciandosi guidare dalla luce dei nostri Fondatori e da Maria, unica Madre della Compagnia.<\/p>\n","protected":false},"excerpt":{"rendered":"<p>Dal 30 luglio al 3 agosto, l\u2019\u00e9quipe del Sito Internazionale della Compagnia delle Figlie della Carit\u00e0 si \u00e8 riunita per l\u2019abituale incontro annuale, un vero e proprio laboratorio di idee, ispirazioni e creativit\u00e0, un momento importante per la pianificazione dei contenuti multimediali che arricchiranno il nostro sito web nel corso del prossimo anno. Un momento [&hellip;]<\/p>\n","protected":false},"author":5,"featured_media":38762,"comment_status":"closed","ping_status":"closed","sticky":false,"template":"","format":"standard","meta":{"_acf_changed":false,"_et_pb_use_builder":"","_et_pb_old_content":"","_et_gb_content_width":"","footnotes":"","_links_to":"","_links_to_target":""},"categories":[562],"tags":[],"class_list":["post-38783","post","type-post","status-publish","format-standard","has-post-thumbnail","hentry","category-casa-madre-it"],"acf":[],"yoast_head":"<!-- This site is optimized with the Yoast SEO plugin v27.5 - https:\/\/yoast.com\/product\/yoast-seo-wordpress\/ -->\n<title>Incontro dell&#039;\u00c9quipe Internazionale del Sito Web delle Figlie della Carit\u00e0 presso la Casa Madre a Parigi - Filles de la Charit\u00e9<\/title>\n<meta name=\"robots\" content=\"index, follow, max-snippet:-1, max-image-preview:large, max-video-preview:-1\" \/>\n<link rel=\"canonical\" href=\"https:\/\/filles-de-la-charite.org\/it\/meeting-of-the-international-team-of-the-web-site-of-the-daughters-of-charity-at-the-mother-house-in-paris\/\" \/>\n<meta property=\"og:locale\" content=\"it_IT\" \/>\n<meta property=\"og:type\" content=\"article\" \/>\n<meta property=\"og:title\" content=\"Incontro dell&#039;\u00c9quipe Internazionale del Sito Web delle Figlie della Carit\u00e0 presso la Casa Madre a Parigi - Filles de la Charit\u00e9\" \/>\n<meta property=\"og:description\" content=\"Dal 30 luglio al 3 agosto, l\u2019\u00e9quipe del Sito Internazionale della Compagnia delle Figlie della Carit\u00e0 si \u00e8 riunita per l\u2019abituale incontro annuale, un vero e proprio laboratorio di idee, ispirazioni e creativit\u00e0, un momento importante per la pianificazione dei contenuti multimediali che arricchiranno il nostro sito web nel corso del prossimo anno. Un momento [&hellip;]\" \/>\n<meta property=\"og:url\" content=\"https:\/\/filles-de-la-charite.org\/it\/meeting-of-the-international-team-of-the-web-site-of-the-daughters-of-charity-at-the-mother-house-in-paris\/\" \/>\n<meta property=\"og:site_name\" content=\"Filles de la Charit\u00e9\" \/>\n<meta property=\"article:published_time\" content=\"2024-08-04T11:23:50+00:00\" \/>\n<meta property=\"og:image\" content=\"https:\/\/filles-de-la-charite.org\/wp-content\/uploads\/2024\/08\/WhatsApp-Image-2024-08-03-at-13.27.06.jpeg\" \/>\n\t<meta property=\"og:image:width\" content=\"2000\" \/>\n\t<meta property=\"og:image:height\" content=\"1500\" \/>\n\t<meta property=\"og:image:type\" content=\"image\/jpeg\" \/>\n<meta name=\"author\" content=\"SOR MARTA\" \/>\n<meta name=\"twitter:card\" content=\"summary_large_image\" \/>\n<meta name=\"twitter:label1\" content=\"Scritto da\" \/>\n\t<meta name=\"twitter:data1\" content=\"SOR MARTA\" \/>\n\t<meta name=\"twitter:label2\" content=\"Tempo di lettura stimato\" \/>\n\t<meta name=\"twitter:data2\" content=\"3 minuti\" \/>\n<script type=\"application\/ld+json\" class=\"yoast-schema-graph\">{\"@context\":\"https:\\\/\\\/schema.org\",\"@graph\":[{\"@type\":\"Article\",\"@id\":\"https:\\\/\\\/filles-de-la-charite.org\\\/it\\\/meeting-of-the-international-team-of-the-web-site-of-the-daughters-of-charity-at-the-mother-house-in-paris\\\/#article\",\"isPartOf\":{\"@id\":\"https:\\\/\\\/filles-de-la-charite.org\\\/it\\\/meeting-of-the-international-team-of-the-web-site-of-the-daughters-of-charity-at-the-mother-house-in-paris\\\/\"},\"author\":{\"name\":\"SOR MARTA\",\"@id\":\"https:\\\/\\\/filles-de-la-charite.org\\\/it\\\/#\\\/schema\\\/person\\\/0c922b6ca71280639858d297b3a7209f\"},\"headline\":\"Incontro dell&#8217;\u00c9quipe Internazionale del Sito Web delle Figlie della Carit\u00e0 presso la Casa Madre a Parigi\",\"datePublished\":\"2024-08-04T11:23:50+00:00\",\"mainEntityOfPage\":{\"@id\":\"https:\\\/\\\/filles-de-la-charite.org\\\/it\\\/meeting-of-the-international-team-of-the-web-site-of-the-daughters-of-charity-at-the-mother-house-in-paris\\\/\"},\"wordCount\":347,\"publisher\":{\"@id\":\"https:\\\/\\\/filles-de-la-charite.org\\\/it\\\/#organization\"},\"image\":{\"@id\":\"https:\\\/\\\/filles-de-la-charite.org\\\/it\\\/meeting-of-the-international-team-of-the-web-site-of-the-daughters-of-charity-at-the-mother-house-in-paris\\\/#primaryimage\"},\"thumbnailUrl\":\"https:\\\/\\\/filles-de-la-charite.org\\\/wp-content\\\/uploads\\\/2024\\\/08\\\/WhatsApp-Image-2024-08-03-at-13.27.06.jpeg\",\"articleSection\":[\"Casa-Madre\"],\"inLanguage\":\"it-IT\"},{\"@type\":\"WebPage\",\"@id\":\"https:\\\/\\\/filles-de-la-charite.org\\\/it\\\/meeting-of-the-international-team-of-the-web-site-of-the-daughters-of-charity-at-the-mother-house-in-paris\\\/\",\"url\":\"https:\\\/\\\/filles-de-la-charite.org\\\/it\\\/meeting-of-the-international-team-of-the-web-site-of-the-daughters-of-charity-at-the-mother-house-in-paris\\\/\",\"name\":\"Incontro dell'\u00c9quipe Internazionale del Sito Web delle Figlie della Carit\u00e0 presso la Casa Madre a Parigi - Filles de la Charit\u00e9\",\"isPartOf\":{\"@id\":\"https:\\\/\\\/filles-de-la-charite.org\\\/it\\\/#website\"},\"primaryImageOfPage\":{\"@id\":\"https:\\\/\\\/filles-de-la-charite.org\\\/it\\\/meeting-of-the-international-team-of-the-web-site-of-the-daughters-of-charity-at-the-mother-house-in-paris\\\/#primaryimage\"},\"image\":{\"@id\":\"https:\\\/\\\/filles-de-la-charite.org\\\/it\\\/meeting-of-the-international-team-of-the-web-site-of-the-daughters-of-charity-at-the-mother-house-in-paris\\\/#primaryimage\"},\"thumbnailUrl\":\"https:\\\/\\\/filles-de-la-charite.org\\\/wp-content\\\/uploads\\\/2024\\\/08\\\/WhatsApp-Image-2024-08-03-at-13.27.06.jpeg\",\"datePublished\":\"2024-08-04T11:23:50+00:00\",\"breadcrumb\":{\"@id\":\"https:\\\/\\\/filles-de-la-charite.org\\\/it\\\/meeting-of-the-international-team-of-the-web-site-of-the-daughters-of-charity-at-the-mother-house-in-paris\\\/#breadcrumb\"},\"inLanguage\":\"it-IT\",\"potentialAction\":[{\"@type\":\"ReadAction\",\"target\":[\"https:\\\/\\\/filles-de-la-charite.org\\\/it\\\/meeting-of-the-international-team-of-the-web-site-of-the-daughters-of-charity-at-the-mother-house-in-paris\\\/\"]}]},{\"@type\":\"ImageObject\",\"inLanguage\":\"it-IT\",\"@id\":\"https:\\\/\\\/filles-de-la-charite.org\\\/it\\\/meeting-of-the-international-team-of-the-web-site-of-the-daughters-of-charity-at-the-mother-house-in-paris\\\/#primaryimage\",\"url\":\"https:\\\/\\\/filles-de-la-charite.org\\\/wp-content\\\/uploads\\\/2024\\\/08\\\/WhatsApp-Image-2024-08-03-at-13.27.06.jpeg\",\"contentUrl\":\"https:\\\/\\\/filles-de-la-charite.org\\\/wp-content\\\/uploads\\\/2024\\\/08\\\/WhatsApp-Image-2024-08-03-at-13.27.06.jpeg\",\"width\":2000,\"height\":1500},{\"@type\":\"BreadcrumbList\",\"@id\":\"https:\\\/\\\/filles-de-la-charite.org\\\/it\\\/meeting-of-the-international-team-of-the-web-site-of-the-daughters-of-charity-at-the-mother-house-in-paris\\\/#breadcrumb\",\"itemListElement\":[{\"@type\":\"ListItem\",\"position\":1,\"name\":\"Casa-Madre\",\"item\":\"https:\\\/\\\/filles-de-la-charite.org\\\/it\\\/category\\\/casa-madre-it\\\/\"},{\"@type\":\"ListItem\",\"position\":2,\"name\":\"Incontro dell&#8217;\u00c9quipe Internazionale del Sito Web delle Figlie della Carit\u00e0 presso la Casa Madre a Parigi\"}]},{\"@type\":\"WebSite\",\"@id\":\"https:\\\/\\\/filles-de-la-charite.org\\\/it\\\/#website\",\"url\":\"https:\\\/\\\/filles-de-la-charite.org\\\/it\\\/\",\"name\":\"Hijas de la Caridad\",\"description\":\"L\u2019amour de J\u00e9sus nous presse \u00e0 prendre soin des personnes les plus d\u00e9munies\",\"publisher\":{\"@id\":\"https:\\\/\\\/filles-de-la-charite.org\\\/it\\\/#organization\"},\"potentialAction\":[{\"@type\":\"SearchAction\",\"target\":{\"@type\":\"EntryPoint\",\"urlTemplate\":\"https:\\\/\\\/filles-de-la-charite.org\\\/it\\\/?s={search_term_string}\"},\"query-input\":{\"@type\":\"PropertyValueSpecification\",\"valueRequired\":true,\"valueName\":\"search_term_string\"}}],\"inLanguage\":\"it-IT\"},{\"@type\":\"Organization\",\"@id\":\"https:\\\/\\\/filles-de-la-charite.org\\\/it\\\/#organization\",\"name\":\"Hijas de la Caridad\",\"url\":\"https:\\\/\\\/filles-de-la-charite.org\\\/it\\\/\",\"logo\":{\"@type\":\"ImageObject\",\"inLanguage\":\"it-IT\",\"@id\":\"https:\\\/\\\/filles-de-la-charite.org\\\/it\\\/#\\\/schema\\\/logo\\\/image\\\/\",\"url\":\"https:\\\/\\\/filles-de-la-charite.org\\\/wp-content\\\/uploads\\\/2023\\\/03\\\/isotipo-Hijas-de-la-Caridad.png\",\"contentUrl\":\"https:\\\/\\\/filles-de-la-charite.org\\\/wp-content\\\/uploads\\\/2023\\\/03\\\/isotipo-Hijas-de-la-Caridad.png\",\"width\":1417,\"height\":1417,\"caption\":\"Hijas de la Caridad\"},\"image\":{\"@id\":\"https:\\\/\\\/filles-de-la-charite.org\\\/it\\\/#\\\/schema\\\/logo\\\/image\\\/\"}},{\"@type\":\"Person\",\"@id\":\"https:\\\/\\\/filles-de-la-charite.org\\\/it\\\/#\\\/schema\\\/person\\\/0c922b6ca71280639858d297b3a7209f\",\"name\":\"SOR MARTA\",\"image\":{\"@type\":\"ImageObject\",\"inLanguage\":\"it-IT\",\"@id\":\"https:\\\/\\\/secure.gravatar.com\\\/avatar\\\/d2c45b0fd6bf2d3e2670ab3d112257c24ac80fa960360bba1bdc0676485d1d09?s=96&d=mm&r=g\",\"url\":\"https:\\\/\\\/secure.gravatar.com\\\/avatar\\\/d2c45b0fd6bf2d3e2670ab3d112257c24ac80fa960360bba1bdc0676485d1d09?s=96&d=mm&r=g\",\"contentUrl\":\"https:\\\/\\\/secure.gravatar.com\\\/avatar\\\/d2c45b0fd6bf2d3e2670ab3d112257c24ac80fa960360bba1bdc0676485d1d09?s=96&d=mm&r=g\",\"caption\":\"SOR MARTA\"},\"url\":\"https:\\\/\\\/filles-de-la-charite.org\\\/it\\\/author\\\/martaemn\\\/\"}]}<\/script>\n<!-- \/ Yoast SEO plugin. -->","yoast_head_json":{"title":"Incontro dell'\u00c9quipe Internazionale del Sito Web delle Figlie della Carit\u00e0 presso la Casa Madre a Parigi - Filles de la Charit\u00e9","robots":{"index":"index","follow":"follow","max-snippet":"max-snippet:-1","max-image-preview":"max-image-preview:large","max-video-preview":"max-video-preview:-1"},"canonical":"https:\/\/filles-de-la-charite.org\/it\/meeting-of-the-international-team-of-the-web-site-of-the-daughters-of-charity-at-the-mother-house-in-paris\/","og_locale":"it_IT","og_type":"article","og_title":"Incontro dell'\u00c9quipe Internazionale del Sito Web delle Figlie della Carit\u00e0 presso la Casa Madre a Parigi - Filles de la Charit\u00e9","og_description":"Dal 30 luglio al 3 agosto, l\u2019\u00e9quipe del Sito Internazionale della Compagnia delle Figlie della Carit\u00e0 si \u00e8 riunita per l\u2019abituale incontro annuale, un vero e proprio laboratorio di idee, ispirazioni e creativit\u00e0, un momento importante per la pianificazione dei contenuti multimediali che arricchiranno il nostro sito web nel corso del prossimo anno. Un momento [&hellip;]","og_url":"https:\/\/filles-de-la-charite.org\/it\/meeting-of-the-international-team-of-the-web-site-of-the-daughters-of-charity-at-the-mother-house-in-paris\/","og_site_name":"Filles de la Charit\u00e9","article_published_time":"2024-08-04T11:23:50+00:00","og_image":[{"width":2000,"height":1500,"url":"https:\/\/filles-de-la-charite.org\/wp-content\/uploads\/2024\/08\/WhatsApp-Image-2024-08-03-at-13.27.06.jpeg","type":"image\/jpeg"}],"author":"SOR MARTA","twitter_card":"summary_large_image","twitter_misc":{"Scritto da":"SOR MARTA","Tempo di lettura stimato":"3 minuti"},"schema":{"@context":"https:\/\/schema.org","@graph":[{"@type":"Article","@id":"https:\/\/filles-de-la-charite.org\/it\/meeting-of-the-international-team-of-the-web-site-of-the-daughters-of-charity-at-the-mother-house-in-paris\/#article","isPartOf":{"@id":"https:\/\/filles-de-la-charite.org\/it\/meeting-of-the-international-team-of-the-web-site-of-the-daughters-of-charity-at-the-mother-house-in-paris\/"},"author":{"name":"SOR MARTA","@id":"https:\/\/filles-de-la-charite.org\/it\/#\/schema\/person\/0c922b6ca71280639858d297b3a7209f"},"headline":"Incontro dell&#8217;\u00c9quipe Internazionale del Sito Web delle Figlie della Carit\u00e0 presso la Casa Madre a Parigi","datePublished":"2024-08-04T11:23:50+00:00","mainEntityOfPage":{"@id":"https:\/\/filles-de-la-charite.org\/it\/meeting-of-the-international-team-of-the-web-site-of-the-daughters-of-charity-at-the-mother-house-in-paris\/"},"wordCount":347,"publisher":{"@id":"https:\/\/filles-de-la-charite.org\/it\/#organization"},"image":{"@id":"https:\/\/filles-de-la-charite.org\/it\/meeting-of-the-international-team-of-the-web-site-of-the-daughters-of-charity-at-the-mother-house-in-paris\/#primaryimage"},"thumbnailUrl":"https:\/\/filles-de-la-charite.org\/wp-content\/uploads\/2024\/08\/WhatsApp-Image-2024-08-03-at-13.27.06.jpeg","articleSection":["Casa-Madre"],"inLanguage":"it-IT"},{"@type":"WebPage","@id":"https:\/\/filles-de-la-charite.org\/it\/meeting-of-the-international-team-of-the-web-site-of-the-daughters-of-charity-at-the-mother-house-in-paris\/","url":"https:\/\/filles-de-la-charite.org\/it\/meeting-of-the-international-team-of-the-web-site-of-the-daughters-of-charity-at-the-mother-house-in-paris\/","name":"Incontro dell'\u00c9quipe Internazionale del Sito Web delle Figlie della Carit\u00e0 presso la Casa Madre a Parigi - Filles de la Charit\u00e9","isPartOf":{"@id":"https:\/\/filles-de-la-charite.org\/it\/#website"},"primaryImageOfPage":{"@id":"https:\/\/filles-de-la-charite.org\/it\/meeting-of-the-international-team-of-the-web-site-of-the-daughters-of-charity-at-the-mother-house-in-paris\/#primaryimage"},"image":{"@id":"https:\/\/filles-de-la-charite.org\/it\/meeting-of-the-international-team-of-the-web-site-of-the-daughters-of-charity-at-the-mother-house-in-paris\/#primaryimage"},"thumbnailUrl":"https:\/\/filles-de-la-charite.org\/wp-content\/uploads\/2024\/08\/WhatsApp-Image-2024-08-03-at-13.27.06.jpeg","datePublished":"2024-08-04T11:23:50+00:00","breadcrumb":{"@id":"https:\/\/filles-de-la-charite.org\/it\/meeting-of-the-international-team-of-the-web-site-of-the-daughters-of-charity-at-the-mother-house-in-paris\/#breadcrumb"},"inLanguage":"it-IT","potentialAction":[{"@type":"ReadAction","target":["https:\/\/filles-de-la-charite.org\/it\/meeting-of-the-international-team-of-the-web-site-of-the-daughters-of-charity-at-the-mother-house-in-paris\/"]}]},{"@type":"ImageObject","inLanguage":"it-IT","@id":"https:\/\/filles-de-la-charite.org\/it\/meeting-of-the-international-team-of-the-web-site-of-the-daughters-of-charity-at-the-mother-house-in-paris\/#primaryimage","url":"https:\/\/filles-de-la-charite.org\/wp-content\/uploads\/2024\/08\/WhatsApp-Image-2024-08-03-at-13.27.06.jpeg","contentUrl":"https:\/\/filles-de-la-charite.org\/wp-content\/uploads\/2024\/08\/WhatsApp-Image-2024-08-03-at-13.27.06.jpeg","width":2000,"height":1500},{"@type":"BreadcrumbList","@id":"https:\/\/filles-de-la-charite.org\/it\/meeting-of-the-international-team-of-the-web-site-of-the-daughters-of-charity-at-the-mother-house-in-paris\/#breadcrumb","itemListElement":[{"@type":"ListItem","position":1,"name":"Casa-Madre","item":"https:\/\/filles-de-la-charite.org\/it\/category\/casa-madre-it\/"},{"@type":"ListItem","position":2,"name":"Incontro dell&#8217;\u00c9quipe Internazionale del Sito Web delle Figlie della Carit\u00e0 presso la Casa Madre a Parigi"}]},{"@type":"WebSite","@id":"https:\/\/filles-de-la-charite.org\/it\/#website","url":"https:\/\/filles-de-la-charite.org\/it\/","name":"Hijas de la Caridad","description":"L\u2019amour de J\u00e9sus nous presse \u00e0 prendre soin des personnes les plus d\u00e9munies","publisher":{"@id":"https:\/\/filles-de-la-charite.org\/it\/#organization"},"potentialAction":[{"@type":"SearchAction","target":{"@type":"EntryPoint","urlTemplate":"https:\/\/filles-de-la-charite.org\/it\/?s={search_term_string}"},"query-input":{"@type":"PropertyValueSpecification","valueRequired":true,"valueName":"search_term_string"}}],"inLanguage":"it-IT"},{"@type":"Organization","@id":"https:\/\/filles-de-la-charite.org\/it\/#organization","name":"Hijas de la Caridad","url":"https:\/\/filles-de-la-charite.org\/it\/","logo":{"@type":"ImageObject","inLanguage":"it-IT","@id":"https:\/\/filles-de-la-charite.org\/it\/#\/schema\/logo\/image\/","url":"https:\/\/filles-de-la-charite.org\/wp-content\/uploads\/2023\/03\/isotipo-Hijas-de-la-Caridad.png","contentUrl":"https:\/\/filles-de-la-charite.org\/wp-content\/uploads\/2023\/03\/isotipo-Hijas-de-la-Caridad.png","width":1417,"height":1417,"caption":"Hijas de la Caridad"},"image":{"@id":"https:\/\/filles-de-la-charite.org\/it\/#\/schema\/logo\/image\/"}},{"@type":"Person","@id":"https:\/\/filles-de-la-charite.org\/it\/#\/schema\/person\/0c922b6ca71280639858d297b3a7209f","name":"SOR MARTA","image":{"@type":"ImageObject","inLanguage":"it-IT","@id":"https:\/\/secure.gravatar.com\/avatar\/d2c45b0fd6bf2d3e2670ab3d112257c24ac80fa960360bba1bdc0676485d1d09?s=96&d=mm&r=g","url":"https:\/\/secure.gravatar.com\/avatar\/d2c45b0fd6bf2d3e2670ab3d112257c24ac80fa960360bba1bdc0676485d1d09?s=96&d=mm&r=g","contentUrl":"https:\/\/secure.gravatar.com\/avatar\/d2c45b0fd6bf2d3e2670ab3d112257c24ac80fa960360bba1bdc0676485d1d09?s=96&d=mm&r=g","caption":"SOR MARTA"},"url":"https:\/\/filles-de-la-charite.org\/it\/author\/martaemn\/"}]}},"_links":{"self":[{"href":"https:\/\/filles-de-la-charite.org\/it\/wp-json\/wp\/v2\/posts\/38783","targetHints":{"allow":["GET"]}}],"collection":[{"href":"https:\/\/filles-de-la-charite.org\/it\/wp-json\/wp\/v2\/posts"}],"about":[{"href":"https:\/\/filles-de-la-charite.org\/it\/wp-json\/wp\/v2\/types\/post"}],"author":[{"embeddable":true,"href":"https:\/\/filles-de-la-charite.org\/it\/wp-json\/wp\/v2\/users\/5"}],"replies":[{"embeddable":true,"href":"https:\/\/filles-de-la-charite.org\/it\/wp-json\/wp\/v2\/comments?post=38783"}],"version-history":[{"count":2,"href":"https:\/\/filles-de-la-charite.org\/it\/wp-json\/wp\/v2\/posts\/38783\/revisions"}],"predecessor-version":[{"id":38792,"href":"https:\/\/filles-de-la-charite.org\/it\/wp-json\/wp\/v2\/posts\/38783\/revisions\/38792"}],"wp:featuredmedia":[{"embeddable":true,"href":"https:\/\/filles-de-la-charite.org\/it\/wp-json\/wp\/v2\/media\/38762"}],"wp:attachment":[{"href":"https:\/\/filles-de-la-charite.org\/it\/wp-json\/wp\/v2\/media?parent=38783"}],"wp:term":[{"taxonomy":"category","embeddable":true,"href":"https:\/\/filles-de-la-charite.org\/it\/wp-json\/wp\/v2\/categories?post=38783"},{"taxonomy":"post_tag","embeddable":true,"href":"https:\/\/filles-de-la-charite.org\/it\/wp-json\/wp\/v2\/tags?post=38783"}],"curies":[{"name":"wp","href":"https:\/\/api.w.org\/{rel}","templated":true}]}}