{"id":39051,"date":"2024-08-08T00:14:43","date_gmt":"2024-08-07T22:14:43","guid":{"rendered":"https:\/\/filles-de-la-charite.org\/?p=39051"},"modified":"2024-09-06T00:52:40","modified_gmt":"2024-09-05T22:52:40","slug":"incontro-con-suor-francoise-petit-suor-alicia-margarita-cortes-e-padre-jose-antonio-gonzalez-prieto-in-messico","status":"publish","type":"post","link":"https:\/\/filles-de-la-charite.org\/it\/incontro-con-suor-francoise-petit-suor-alicia-margarita-cortes-e-padre-jose-antonio-gonzalez-prieto-in-messico\/","title":{"rendered":"Incontro con Suor Fran\u00e7oise Petit, Suor Alicia Margarita Cort\u00e9s e Padre Jos\u00e9 Antonio Gonz\u00e1lez Prieto, in Messico."},"content":{"rendered":"\n<p>Il 20 luglio, la Provincia del Messico e le Giovani Suore dell&#8217;America Latina e dei Caraibi, partecipanti al CIEVI 2024, hanno accolto con gioia Suor Fran\u00e7oise Petit, Superiora generale, Suor Alicia Margarita Cort\u00e9s, Consigliera generale, e Padre Jos\u00e9 Antonio Gonz\u00e1lez Prieto, Direttore generale, ricordando, come abbiamo sperimentato nella Compagnia, che \u201cla presenza dei Superiori tra noi \u00e8 la presenza di Dio\u201d.<\/p>\n\n\n\n<figure class=\"wp-block-image size-large\"><img loading=\"lazy\" decoding=\"async\" width=\"1024\" height=\"461\" src=\"https:\/\/filles-de-la-charite.org\/wp-content\/uploads\/2024\/09\/Participantes-CIEVI-modalidad-presencial-y-virtual-con-Hnas.-de-Ecuador--1024x461.jpeg\" alt=\"\" class=\"wp-image-38968\" srcset=\"https:\/\/filles-de-la-charite.org\/wp-content\/uploads\/2024\/09\/Participantes-CIEVI-modalidad-presencial-y-virtual-con-Hnas.-de-Ecuador--1024x461.jpeg 1024w, https:\/\/filles-de-la-charite.org\/wp-content\/uploads\/2024\/09\/Participantes-CIEVI-modalidad-presencial-y-virtual-con-Hnas.-de-Ecuador--980x441.jpeg 980w, https:\/\/filles-de-la-charite.org\/wp-content\/uploads\/2024\/09\/Participantes-CIEVI-modalidad-presencial-y-virtual-con-Hnas.-de-Ecuador--480x216.jpeg 480w\" sizes=\"(min-width: 0px) and (max-width: 480px) 480px, (min-width: 481px) and (max-width: 980px) 980px, (min-width: 981px) 1024px, 100vw\" \/><\/figure>\n\n\n\n<p>Le campane della Casa Provinciale hanno suonato a festa, richiamando con gioia le Suore presenti e quelle che sono potute venire dalle comunit\u00e0 vicine. Saluti, abbracci, sorrisi&#8230;pieni di gioia, ci rendono fratelli e sorelle e allargano i nostri cuori.<\/p>\n\n\n\n<p>Ci siamo recate in Cappella per esprimere la nostra gratitudine per questa meravigliosa VISITA DEI NOSTRI SUPERIORI, e allo stesso tempo per affidare alla nostra Madre Santissima, Custode della Compagnia, i prossimi giorni del nostro incontro.<\/p>\n\n\n\n<p>Durante questa breve visita, abbiamo avuto la grazia di vivere dei momenti importanti che segneranno la vita della Provincia del Messico, come anche degli incontri emozionanti all&#8217;interno del CIEVI 2024.<\/p>\n\n\n\n<figure class=\"wp-block-image size-large\"><img loading=\"lazy\" decoding=\"async\" width=\"1024\" height=\"576\" src=\"https:\/\/filles-de-la-charite.org\/wp-content\/uploads\/2024\/09\/Foto-con-Hermanas-Jubilares-25-50-y-60-anos-1024x576.jpg\" alt=\"\" class=\"wp-image-39004\" srcset=\"https:\/\/filles-de-la-charite.org\/wp-content\/uploads\/2024\/09\/Foto-con-Hermanas-Jubilares-25-50-y-60-anos-980x551.jpg 980w, https:\/\/filles-de-la-charite.org\/wp-content\/uploads\/2024\/09\/Foto-con-Hermanas-Jubilares-25-50-y-60-anos-480x270.jpg 480w\" sizes=\"(min-width: 0px) and (max-width: 480px) 480px, (min-width: 481px) and (max-width: 980px) 980px, (min-width: 981px) 1024px, 100vw\" \/><\/figure>\n\n\n\n<p>L&#8217;Eucaristia di apertura \u00e8 stata celebrata con particolare gioia e gratitudine, le voci gioviali delle Suore si sono armonizzate gioiosamente nelle lodi al Buon Dio e, ci hanno dato modo di iniziare il nostro \u201cIncontro CIEVI 2024\u201d, che quest&#8217;anno accoglie le Giovani Suore tra i 4 e i 6 anni di vocazione, per accompagnarle nella preparazione ai primi voti, all&#8217;insegna del motto: \u201cCon la fede nell\u2019amore ci doniamo a Dio\u201d.<\/p>\n\n\n\n<figure class=\"wp-block-image size-large\"><img loading=\"lazy\" decoding=\"async\" width=\"1024\" height=\"607\" src=\"https:\/\/filles-de-la-charite.org\/wp-content\/uploads\/2024\/09\/Eucaristia-casa-Provincial-Mexico-1024x607.jpeg\" alt=\"\" class=\"wp-image-38974\" srcset=\"https:\/\/filles-de-la-charite.org\/wp-content\/uploads\/2024\/09\/Eucaristia-casa-Provincial-Mexico-980x581.jpeg 980w, https:\/\/filles-de-la-charite.org\/wp-content\/uploads\/2024\/09\/Eucaristia-casa-Provincial-Mexico-480x284.jpeg 480w\" sizes=\"(min-width: 0px) and (max-width: 480px) 480px, (min-width: 481px) and (max-width: 980px) 980px, (min-width: 981px) 1024px, 100vw\" \/><\/figure>\n\n\n\n<p>Il nostro primo incontro per salutarci e ascoltarci \u00e8 stato molto emozionante. Abbiamo espresso le nostre gioie, i nostri sogni, le nostre paure e le nostre domande. Suor Fran\u00e7oise ci ha invitato a confidare sempre di pi\u00f9 in Ges\u00f9 e a non stancarci di sognare insieme, perch\u00e9 \u00e8 questa la base della vita fraterna. Suor Fran\u00e7oise, Suor Alicia Margarita e il nostro Direttore, padre Jos\u00e9 Antonio, hanno accolto con pazienza la nostra condivisione.<\/p>\n\n\n\n<figure class=\"wp-block-image size-large\"><img loading=\"lazy\" decoding=\"async\" width=\"1024\" height=\"576\" src=\"https:\/\/filles-de-la-charite.org\/wp-content\/uploads\/2024\/09\/Mexico-y-Ecuador--1024x576.jpeg\" alt=\"\" class=\"wp-image-38962\" srcset=\"https:\/\/filles-de-la-charite.org\/wp-content\/uploads\/2024\/09\/Mexico-y-Ecuador--980x551.jpeg 980w, https:\/\/filles-de-la-charite.org\/wp-content\/uploads\/2024\/09\/Mexico-y-Ecuador--480x270.jpeg 480w\" sizes=\"(min-width: 0px) and (max-width: 480px) 480px, (min-width: 481px) and (max-width: 980px) 980px, (min-width: 981px) 1024px, 100vw\" \/><\/figure>\n\n\n\n<p>Come previsto all&#8217;inizio del nostro incontro, abbiamo visitato insieme la Basilica di Nostra Signora di Guadalupe e l\u00ec, ai piedi della Morenita del Tepeyac, abbiamo presentato i nostri cuori con tutte le intercessioni della Compagnia e affidato il CIEVI 2024.<\/p>\n\n\n\n<figure class=\"wp-block-image size-large\"><img loading=\"lazy\" decoding=\"async\" width=\"1024\" height=\"683\" src=\"https:\/\/filles-de-la-charite.org\/wp-content\/uploads\/2024\/09\/Basilica-3-1024x683.jpg\" alt=\"\" class=\"wp-image-38986\" srcset=\"https:\/\/filles-de-la-charite.org\/wp-content\/uploads\/2024\/09\/Basilica-3-980x653.jpg 980w, https:\/\/filles-de-la-charite.org\/wp-content\/uploads\/2024\/09\/Basilica-3-480x320.jpg 480w\" sizes=\"(min-width: 0px) and (max-width: 480px) 480px, (min-width: 481px) and (max-width: 980px) 980px, (min-width: 981px) 1024px, 100vw\" \/><\/figure>\n\n\n\n<p>Rientrate alla Casa Provinciale, abbiamo festeggiato il compleanno di Suor Fran\u00e7oise e ogni Provincia partecipante ha presentato una danza o un canto significativo in suo onore. \u00c8 stata una giornata molto gioiosa e fraterna.<\/p>\n\n\n\n<figure class=\"wp-block-image size-large\"><img loading=\"lazy\" decoding=\"async\" width=\"1024\" height=\"768\" src=\"https:\/\/filles-de-la-charite.org\/wp-content\/uploads\/2024\/09\/Comuniad-Ramon-Arbide-1024x768.jpg\" alt=\"\" class=\"wp-image-38950\" srcset=\"https:\/\/filles-de-la-charite.org\/wp-content\/uploads\/2024\/09\/Comuniad-Ramon-Arbide-980x735.jpg 980w, https:\/\/filles-de-la-charite.org\/wp-content\/uploads\/2024\/09\/Comuniad-Ramon-Arbide-480x360.jpg 480w\" sizes=\"(min-width: 0px) and (max-width: 480px) 480px, (min-width: 481px) and (max-width: 980px) 980px, (min-width: 981px) 1024px, 100vw\" \/><\/figure>\n\n\n\n<p>Nei giorni successivi, suor Fran\u00e7oise, nelle sue conferenze in preparazione ai voti, ci ha esortate a vivere i consigli evangelici, seguendo l&#8217;esempio di nostro Signore e le virt\u00f9 evangeliche dell&#8217;umilt\u00e0, della semplicit\u00e0 e della carit\u00e0, indipendentemente dal luogo in cui ci troviamo, nonch\u00e8 a coltivare la vita di preghiera senza dimenticare il nostro essere serve.<\/p>\n\n\n\n<figure class=\"wp-block-image size-large\"><img loading=\"lazy\" decoding=\"async\" width=\"1024\" height=\"768\" src=\"https:\/\/filles-de-la-charite.org\/wp-content\/uploads\/2024\/09\/Conferencia-Casa-Provincial-1024x768.jpg\" alt=\"\" class=\"wp-image-38938\" srcset=\"https:\/\/filles-de-la-charite.org\/wp-content\/uploads\/2024\/09\/Conferencia-Casa-Provincial-980x735.jpg 980w, https:\/\/filles-de-la-charite.org\/wp-content\/uploads\/2024\/09\/Conferencia-Casa-Provincial-480x360.jpg 480w\" sizes=\"(min-width: 0px) and (max-width: 480px) 480px, (min-width: 481px) and (max-width: 980px) 980px, (min-width: 981px) 1024px, 100vw\" \/><\/figure>\n\n\n\n<p>Ha anche visitato alcune delle diverse comunit\u00e0 della Provincia, dove ha potuto conoscere le realt\u00e0 e i contesti in cui serviamo i nostri fratelli e sorelle poveri.<\/p>\n\n\n\n<figure class=\"wp-block-image size-large\"><img loading=\"lazy\" decoding=\"async\" width=\"1024\" height=\"768\" src=\"https:\/\/filles-de-la-charite.org\/wp-content\/uploads\/2024\/09\/Comunidad-Marillac-1024x768.jpg\" alt=\"\" class=\"wp-image-39034\" srcset=\"https:\/\/filles-de-la-charite.org\/wp-content\/uploads\/2024\/09\/Comunidad-Marillac-980x735.jpg 980w, https:\/\/filles-de-la-charite.org\/wp-content\/uploads\/2024\/09\/Comunidad-Marillac-480x360.jpg 480w\" sizes=\"(min-width: 0px) and (max-width: 480px) 480px, (min-width: 481px) and (max-width: 980px) 980px, (min-width: 981px) 1024px, 100vw\" \/><\/figure>\n\n\n\n<p>Il nostro cuore riconoscente \u00e8 la migliore offerta che presentiamo a Dio per averci permesso di vivere questa visita dei nostri Superiori generali, in contemporanea a questo incontro di formazione per le nostre Suore dell&#8217;America Latina e dei Caraibi.<\/p>\n\n\n\n<figure class=\"wp-block-image size-large\"><img loading=\"lazy\" decoding=\"async\" width=\"1024\" height=\"461\" src=\"https:\/\/filles-de-la-charite.org\/wp-content\/uploads\/2024\/09\/Final-CIEVI-1024x461.jpeg\" alt=\"\" class=\"wp-image-38956\" srcset=\"https:\/\/filles-de-la-charite.org\/wp-content\/uploads\/2024\/09\/Final-CIEVI-980x441.jpeg 980w, https:\/\/filles-de-la-charite.org\/wp-content\/uploads\/2024\/09\/Final-CIEVI-480x216.jpeg 480w\" sizes=\"(min-width: 0px) and (max-width: 480px) 480px, (min-width: 481px) and (max-width: 980px) 980px, (min-width: 981px) 1024px, 100vw\" \/><\/figure>\n\n\n\n<p>Tutto ci\u00f2 ci dispone ad aprirci alla volont\u00e0 di Dio. Grazie ai nostri Superiori generali per la loro visita, la loro semplicit\u00e0 e vicinanza, ma soprattutto per le loro parole che continuano a motivarci e a incoraggiarci a varcare le porte&#8230; del nostro cuore, ad andare verso&#8230; la novit\u00e0 del nostro carisma e a incontrare&#8230; ogni essere umano per essere segni di tenerezza, come ci hanno invitato a fare san Vincenzo e santa Luisa. Dal profondo del nostro cuore. Grazie.<\/p>\n\n\n\n<figure class=\"wp-block-image size-large\"><img loading=\"lazy\" decoding=\"async\" width=\"1024\" height=\"768\" src=\"https:\/\/filles-de-la-charite.org\/wp-content\/uploads\/2024\/09\/Aeropuerto-Merida-Yuc-1024x768.jpg\" alt=\"\" class=\"wp-image-38944\" srcset=\"https:\/\/filles-de-la-charite.org\/wp-content\/uploads\/2024\/09\/Aeropuerto-Merida-Yuc-1024x768.jpg 1024w, https:\/\/filles-de-la-charite.org\/wp-content\/uploads\/2024\/09\/Aeropuerto-Merida-Yuc-980x735.jpg 980w, https:\/\/filles-de-la-charite.org\/wp-content\/uploads\/2024\/09\/Aeropuerto-Merida-Yuc-480x360.jpg 480w\" sizes=\"(min-width: 0px) and (max-width: 480px) 480px, (min-width: 481px) and (max-width: 980px) 980px, (min-width: 981px) 1024px, 100vw\" \/><\/figure>\n","protected":false},"excerpt":{"rendered":"<p>Il 20 luglio, la Provincia del Messico e le Giovani Suore dell&#8217;America Latina e dei Caraibi, partecipanti al CIEVI 2024, hanno accolto con gioia Suor Fran\u00e7oise Petit, Superiora generale, Suor Alicia Margarita Cort\u00e9s, Consigliera generale, e Padre Jos\u00e9 Antonio Gonz\u00e1lez Prieto, Direttore generale, ricordando, come abbiamo sperimentato nella Compagnia, che \u201cla presenza dei Superiori tra [&hellip;]<\/p>\n","protected":false},"author":5,"featured_media":39001,"comment_status":"closed","ping_status":"closed","sticky":false,"template":"","format":"standard","meta":{"_acf_changed":false,"_et_pb_use_builder":"","_et_pb_old_content":"","_et_gb_content_width":"","footnotes":"","_links_to":"","_links_to_target":""},"categories":[834],"tags":[],"class_list":["post-39051","post","type-post","status-publish","format-standard","has-post-thumbnail","hentry","category-messico"],"acf":[],"yoast_head":"<!-- This site is optimized with the Yoast SEO plugin v27.5 - https:\/\/yoast.com\/product\/yoast-seo-wordpress\/ -->\n<title>Incontro con Suor Fran\u00e7oise Petit, Suor Alicia Margarita Cort\u00e9s e Padre Jos\u00e9 Antonio Gonz\u00e1lez Prieto, in Messico. - Filles de la Charit\u00e9<\/title>\n<meta name=\"robots\" content=\"index, follow, max-snippet:-1, max-image-preview:large, max-video-preview:-1\" \/>\n<link rel=\"canonical\" href=\"https:\/\/filles-de-la-charite.org\/it\/incontro-con-suor-francoise-petit-suor-alicia-margarita-cortes-e-padre-jose-antonio-gonzalez-prieto-in-messico\/\" \/>\n<meta property=\"og:locale\" content=\"it_IT\" \/>\n<meta property=\"og:type\" content=\"article\" \/>\n<meta property=\"og:title\" content=\"Incontro con Suor Fran\u00e7oise Petit, Suor Alicia Margarita Cort\u00e9s e Padre Jos\u00e9 Antonio Gonz\u00e1lez Prieto, in Messico. - Filles de la Charit\u00e9\" \/>\n<meta property=\"og:description\" content=\"Il 20 luglio, la Provincia del Messico e le Giovani Suore dell&#8217;America Latina e dei Caraibi, partecipanti al CIEVI 2024, hanno accolto con gioia Suor Fran\u00e7oise Petit, Superiora generale, Suor Alicia Margarita Cort\u00e9s, Consigliera generale, e Padre Jos\u00e9 Antonio Gonz\u00e1lez Prieto, Direttore generale, ricordando, come abbiamo sperimentato nella Compagnia, che \u201cla presenza dei Superiori tra [&hellip;]\" \/>\n<meta property=\"og:url\" content=\"https:\/\/filles-de-la-charite.org\/it\/incontro-con-suor-francoise-petit-suor-alicia-margarita-cortes-e-padre-jose-antonio-gonzalez-prieto-in-messico\/\" \/>\n<meta property=\"og:site_name\" content=\"Filles de la Charit\u00e9\" \/>\n<meta property=\"article:published_time\" content=\"2024-08-07T22:14:43+00:00\" \/>\n<meta property=\"article:modified_time\" content=\"2024-09-05T22:52:40+00:00\" \/>\n<meta property=\"og:image\" content=\"https:\/\/filles-de-la-charite.org\/wp-content\/uploads\/2024\/09\/Basilica-4-scaled.jpg\" \/>\n\t<meta property=\"og:image:width\" content=\"2560\" \/>\n\t<meta property=\"og:image:height\" content=\"1707\" \/>\n\t<meta property=\"og:image:type\" content=\"image\/jpeg\" \/>\n<meta name=\"author\" content=\"SOR MARTA\" \/>\n<meta name=\"twitter:card\" content=\"summary_large_image\" \/>\n<meta name=\"twitter:label1\" content=\"Scritto da\" \/>\n\t<meta name=\"twitter:data1\" content=\"SOR MARTA\" \/>\n\t<meta name=\"twitter:label2\" content=\"Tempo di lettura stimato\" \/>\n\t<meta name=\"twitter:data2\" content=\"5 minuti\" \/>\n<script type=\"application\/ld+json\" class=\"yoast-schema-graph\">{\"@context\":\"https:\\\/\\\/schema.org\",\"@graph\":[{\"@type\":\"Article\",\"@id\":\"https:\\\/\\\/filles-de-la-charite.org\\\/it\\\/incontro-con-suor-francoise-petit-suor-alicia-margarita-cortes-e-padre-jose-antonio-gonzalez-prieto-in-messico\\\/#article\",\"isPartOf\":{\"@id\":\"https:\\\/\\\/filles-de-la-charite.org\\\/it\\\/incontro-con-suor-francoise-petit-suor-alicia-margarita-cortes-e-padre-jose-antonio-gonzalez-prieto-in-messico\\\/\"},\"author\":{\"name\":\"SOR MARTA\",\"@id\":\"https:\\\/\\\/filles-de-la-charite.org\\\/it\\\/#\\\/schema\\\/person\\\/0c922b6ca71280639858d297b3a7209f\"},\"headline\":\"Incontro con Suor Fran\u00e7oise Petit, Suor Alicia Margarita Cort\u00e9s e Padre Jos\u00e9 Antonio Gonz\u00e1lez Prieto, in Messico.\",\"datePublished\":\"2024-08-07T22:14:43+00:00\",\"dateModified\":\"2024-09-05T22:52:40+00:00\",\"mainEntityOfPage\":{\"@id\":\"https:\\\/\\\/filles-de-la-charite.org\\\/it\\\/incontro-con-suor-francoise-petit-suor-alicia-margarita-cortes-e-padre-jose-antonio-gonzalez-prieto-in-messico\\\/\"},\"wordCount\":609,\"publisher\":{\"@id\":\"https:\\\/\\\/filles-de-la-charite.org\\\/it\\\/#organization\"},\"image\":{\"@id\":\"https:\\\/\\\/filles-de-la-charite.org\\\/it\\\/incontro-con-suor-francoise-petit-suor-alicia-margarita-cortes-e-padre-jose-antonio-gonzalez-prieto-in-messico\\\/#primaryimage\"},\"thumbnailUrl\":\"https:\\\/\\\/filles-de-la-charite.org\\\/wp-content\\\/uploads\\\/2024\\\/09\\\/Basilica-4-scaled.jpg\",\"articleSection\":[\"Messico\"],\"inLanguage\":\"it-IT\"},{\"@type\":\"WebPage\",\"@id\":\"https:\\\/\\\/filles-de-la-charite.org\\\/it\\\/incontro-con-suor-francoise-petit-suor-alicia-margarita-cortes-e-padre-jose-antonio-gonzalez-prieto-in-messico\\\/\",\"url\":\"https:\\\/\\\/filles-de-la-charite.org\\\/it\\\/incontro-con-suor-francoise-petit-suor-alicia-margarita-cortes-e-padre-jose-antonio-gonzalez-prieto-in-messico\\\/\",\"name\":\"Incontro con Suor Fran\u00e7oise Petit, Suor Alicia Margarita Cort\u00e9s e Padre Jos\u00e9 Antonio Gonz\u00e1lez Prieto, in Messico. - Filles de la Charit\u00e9\",\"isPartOf\":{\"@id\":\"https:\\\/\\\/filles-de-la-charite.org\\\/it\\\/#website\"},\"primaryImageOfPage\":{\"@id\":\"https:\\\/\\\/filles-de-la-charite.org\\\/it\\\/incontro-con-suor-francoise-petit-suor-alicia-margarita-cortes-e-padre-jose-antonio-gonzalez-prieto-in-messico\\\/#primaryimage\"},\"image\":{\"@id\":\"https:\\\/\\\/filles-de-la-charite.org\\\/it\\\/incontro-con-suor-francoise-petit-suor-alicia-margarita-cortes-e-padre-jose-antonio-gonzalez-prieto-in-messico\\\/#primaryimage\"},\"thumbnailUrl\":\"https:\\\/\\\/filles-de-la-charite.org\\\/wp-content\\\/uploads\\\/2024\\\/09\\\/Basilica-4-scaled.jpg\",\"datePublished\":\"2024-08-07T22:14:43+00:00\",\"dateModified\":\"2024-09-05T22:52:40+00:00\",\"breadcrumb\":{\"@id\":\"https:\\\/\\\/filles-de-la-charite.org\\\/it\\\/incontro-con-suor-francoise-petit-suor-alicia-margarita-cortes-e-padre-jose-antonio-gonzalez-prieto-in-messico\\\/#breadcrumb\"},\"inLanguage\":\"it-IT\",\"potentialAction\":[{\"@type\":\"ReadAction\",\"target\":[\"https:\\\/\\\/filles-de-la-charite.org\\\/it\\\/incontro-con-suor-francoise-petit-suor-alicia-margarita-cortes-e-padre-jose-antonio-gonzalez-prieto-in-messico\\\/\"]}]},{\"@type\":\"ImageObject\",\"inLanguage\":\"it-IT\",\"@id\":\"https:\\\/\\\/filles-de-la-charite.org\\\/it\\\/incontro-con-suor-francoise-petit-suor-alicia-margarita-cortes-e-padre-jose-antonio-gonzalez-prieto-in-messico\\\/#primaryimage\",\"url\":\"https:\\\/\\\/filles-de-la-charite.org\\\/wp-content\\\/uploads\\\/2024\\\/09\\\/Basilica-4-scaled.jpg\",\"contentUrl\":\"https:\\\/\\\/filles-de-la-charite.org\\\/wp-content\\\/uploads\\\/2024\\\/09\\\/Basilica-4-scaled.jpg\",\"width\":2560,\"height\":1707},{\"@type\":\"BreadcrumbList\",\"@id\":\"https:\\\/\\\/filles-de-la-charite.org\\\/it\\\/incontro-con-suor-francoise-petit-suor-alicia-margarita-cortes-e-padre-jose-antonio-gonzalez-prieto-in-messico\\\/#breadcrumb\",\"itemListElement\":[{\"@type\":\"ListItem\",\"position\":1,\"name\":\"Messico\",\"item\":\"https:\\\/\\\/filles-de-la-charite.org\\\/it\\\/category\\\/messico\\\/\"},{\"@type\":\"ListItem\",\"position\":2,\"name\":\"Incontro con Suor Fran\u00e7oise Petit, Suor Alicia Margarita Cort\u00e9s e Padre Jos\u00e9 Antonio Gonz\u00e1lez Prieto, in Messico.\"}]},{\"@type\":\"WebSite\",\"@id\":\"https:\\\/\\\/filles-de-la-charite.org\\\/it\\\/#website\",\"url\":\"https:\\\/\\\/filles-de-la-charite.org\\\/it\\\/\",\"name\":\"Hijas de la Caridad\",\"description\":\"L\u2019amour de J\u00e9sus nous presse \u00e0 prendre soin des personnes les plus d\u00e9munies\",\"publisher\":{\"@id\":\"https:\\\/\\\/filles-de-la-charite.org\\\/it\\\/#organization\"},\"potentialAction\":[{\"@type\":\"SearchAction\",\"target\":{\"@type\":\"EntryPoint\",\"urlTemplate\":\"https:\\\/\\\/filles-de-la-charite.org\\\/it\\\/?s={search_term_string}\"},\"query-input\":{\"@type\":\"PropertyValueSpecification\",\"valueRequired\":true,\"valueName\":\"search_term_string\"}}],\"inLanguage\":\"it-IT\"},{\"@type\":\"Organization\",\"@id\":\"https:\\\/\\\/filles-de-la-charite.org\\\/it\\\/#organization\",\"name\":\"Hijas de la Caridad\",\"url\":\"https:\\\/\\\/filles-de-la-charite.org\\\/it\\\/\",\"logo\":{\"@type\":\"ImageObject\",\"inLanguage\":\"it-IT\",\"@id\":\"https:\\\/\\\/filles-de-la-charite.org\\\/it\\\/#\\\/schema\\\/logo\\\/image\\\/\",\"url\":\"https:\\\/\\\/filles-de-la-charite.org\\\/wp-content\\\/uploads\\\/2023\\\/03\\\/isotipo-Hijas-de-la-Caridad.png\",\"contentUrl\":\"https:\\\/\\\/filles-de-la-charite.org\\\/wp-content\\\/uploads\\\/2023\\\/03\\\/isotipo-Hijas-de-la-Caridad.png\",\"width\":1417,\"height\":1417,\"caption\":\"Hijas de la Caridad\"},\"image\":{\"@id\":\"https:\\\/\\\/filles-de-la-charite.org\\\/it\\\/#\\\/schema\\\/logo\\\/image\\\/\"}},{\"@type\":\"Person\",\"@id\":\"https:\\\/\\\/filles-de-la-charite.org\\\/it\\\/#\\\/schema\\\/person\\\/0c922b6ca71280639858d297b3a7209f\",\"name\":\"SOR MARTA\",\"image\":{\"@type\":\"ImageObject\",\"inLanguage\":\"it-IT\",\"@id\":\"https:\\\/\\\/secure.gravatar.com\\\/avatar\\\/d2c45b0fd6bf2d3e2670ab3d112257c24ac80fa960360bba1bdc0676485d1d09?s=96&d=mm&r=g\",\"url\":\"https:\\\/\\\/secure.gravatar.com\\\/avatar\\\/d2c45b0fd6bf2d3e2670ab3d112257c24ac80fa960360bba1bdc0676485d1d09?s=96&d=mm&r=g\",\"contentUrl\":\"https:\\\/\\\/secure.gravatar.com\\\/avatar\\\/d2c45b0fd6bf2d3e2670ab3d112257c24ac80fa960360bba1bdc0676485d1d09?s=96&d=mm&r=g\",\"caption\":\"SOR MARTA\"},\"url\":\"https:\\\/\\\/filles-de-la-charite.org\\\/it\\\/author\\\/martaemn\\\/\"}]}<\/script>\n<!-- \/ Yoast SEO plugin. -->","yoast_head_json":{"title":"Incontro con Suor Fran\u00e7oise Petit, Suor Alicia Margarita Cort\u00e9s e Padre Jos\u00e9 Antonio Gonz\u00e1lez Prieto, in Messico. - Filles de la Charit\u00e9","robots":{"index":"index","follow":"follow","max-snippet":"max-snippet:-1","max-image-preview":"max-image-preview:large","max-video-preview":"max-video-preview:-1"},"canonical":"https:\/\/filles-de-la-charite.org\/it\/incontro-con-suor-francoise-petit-suor-alicia-margarita-cortes-e-padre-jose-antonio-gonzalez-prieto-in-messico\/","og_locale":"it_IT","og_type":"article","og_title":"Incontro con Suor Fran\u00e7oise Petit, Suor Alicia Margarita Cort\u00e9s e Padre Jos\u00e9 Antonio Gonz\u00e1lez Prieto, in Messico. - Filles de la Charit\u00e9","og_description":"Il 20 luglio, la Provincia del Messico e le Giovani Suore dell&#8217;America Latina e dei Caraibi, partecipanti al CIEVI 2024, hanno accolto con gioia Suor Fran\u00e7oise Petit, Superiora generale, Suor Alicia Margarita Cort\u00e9s, Consigliera generale, e Padre Jos\u00e9 Antonio Gonz\u00e1lez Prieto, Direttore generale, ricordando, come abbiamo sperimentato nella Compagnia, che \u201cla presenza dei Superiori tra [&hellip;]","og_url":"https:\/\/filles-de-la-charite.org\/it\/incontro-con-suor-francoise-petit-suor-alicia-margarita-cortes-e-padre-jose-antonio-gonzalez-prieto-in-messico\/","og_site_name":"Filles de la Charit\u00e9","article_published_time":"2024-08-07T22:14:43+00:00","article_modified_time":"2024-09-05T22:52:40+00:00","og_image":[{"width":2560,"height":1707,"url":"https:\/\/filles-de-la-charite.org\/wp-content\/uploads\/2024\/09\/Basilica-4-scaled.jpg","type":"image\/jpeg"}],"author":"SOR MARTA","twitter_card":"summary_large_image","twitter_misc":{"Scritto da":"SOR MARTA","Tempo di lettura stimato":"5 minuti"},"schema":{"@context":"https:\/\/schema.org","@graph":[{"@type":"Article","@id":"https:\/\/filles-de-la-charite.org\/it\/incontro-con-suor-francoise-petit-suor-alicia-margarita-cortes-e-padre-jose-antonio-gonzalez-prieto-in-messico\/#article","isPartOf":{"@id":"https:\/\/filles-de-la-charite.org\/it\/incontro-con-suor-francoise-petit-suor-alicia-margarita-cortes-e-padre-jose-antonio-gonzalez-prieto-in-messico\/"},"author":{"name":"SOR MARTA","@id":"https:\/\/filles-de-la-charite.org\/it\/#\/schema\/person\/0c922b6ca71280639858d297b3a7209f"},"headline":"Incontro con Suor Fran\u00e7oise Petit, Suor Alicia Margarita Cort\u00e9s e Padre Jos\u00e9 Antonio Gonz\u00e1lez Prieto, in Messico.","datePublished":"2024-08-07T22:14:43+00:00","dateModified":"2024-09-05T22:52:40+00:00","mainEntityOfPage":{"@id":"https:\/\/filles-de-la-charite.org\/it\/incontro-con-suor-francoise-petit-suor-alicia-margarita-cortes-e-padre-jose-antonio-gonzalez-prieto-in-messico\/"},"wordCount":609,"publisher":{"@id":"https:\/\/filles-de-la-charite.org\/it\/#organization"},"image":{"@id":"https:\/\/filles-de-la-charite.org\/it\/incontro-con-suor-francoise-petit-suor-alicia-margarita-cortes-e-padre-jose-antonio-gonzalez-prieto-in-messico\/#primaryimage"},"thumbnailUrl":"https:\/\/filles-de-la-charite.org\/wp-content\/uploads\/2024\/09\/Basilica-4-scaled.jpg","articleSection":["Messico"],"inLanguage":"it-IT"},{"@type":"WebPage","@id":"https:\/\/filles-de-la-charite.org\/it\/incontro-con-suor-francoise-petit-suor-alicia-margarita-cortes-e-padre-jose-antonio-gonzalez-prieto-in-messico\/","url":"https:\/\/filles-de-la-charite.org\/it\/incontro-con-suor-francoise-petit-suor-alicia-margarita-cortes-e-padre-jose-antonio-gonzalez-prieto-in-messico\/","name":"Incontro con Suor Fran\u00e7oise Petit, Suor Alicia Margarita Cort\u00e9s e Padre Jos\u00e9 Antonio Gonz\u00e1lez Prieto, in Messico. - Filles de la Charit\u00e9","isPartOf":{"@id":"https:\/\/filles-de-la-charite.org\/it\/#website"},"primaryImageOfPage":{"@id":"https:\/\/filles-de-la-charite.org\/it\/incontro-con-suor-francoise-petit-suor-alicia-margarita-cortes-e-padre-jose-antonio-gonzalez-prieto-in-messico\/#primaryimage"},"image":{"@id":"https:\/\/filles-de-la-charite.org\/it\/incontro-con-suor-francoise-petit-suor-alicia-margarita-cortes-e-padre-jose-antonio-gonzalez-prieto-in-messico\/#primaryimage"},"thumbnailUrl":"https:\/\/filles-de-la-charite.org\/wp-content\/uploads\/2024\/09\/Basilica-4-scaled.jpg","datePublished":"2024-08-07T22:14:43+00:00","dateModified":"2024-09-05T22:52:40+00:00","breadcrumb":{"@id":"https:\/\/filles-de-la-charite.org\/it\/incontro-con-suor-francoise-petit-suor-alicia-margarita-cortes-e-padre-jose-antonio-gonzalez-prieto-in-messico\/#breadcrumb"},"inLanguage":"it-IT","potentialAction":[{"@type":"ReadAction","target":["https:\/\/filles-de-la-charite.org\/it\/incontro-con-suor-francoise-petit-suor-alicia-margarita-cortes-e-padre-jose-antonio-gonzalez-prieto-in-messico\/"]}]},{"@type":"ImageObject","inLanguage":"it-IT","@id":"https:\/\/filles-de-la-charite.org\/it\/incontro-con-suor-francoise-petit-suor-alicia-margarita-cortes-e-padre-jose-antonio-gonzalez-prieto-in-messico\/#primaryimage","url":"https:\/\/filles-de-la-charite.org\/wp-content\/uploads\/2024\/09\/Basilica-4-scaled.jpg","contentUrl":"https:\/\/filles-de-la-charite.org\/wp-content\/uploads\/2024\/09\/Basilica-4-scaled.jpg","width":2560,"height":1707},{"@type":"BreadcrumbList","@id":"https:\/\/filles-de-la-charite.org\/it\/incontro-con-suor-francoise-petit-suor-alicia-margarita-cortes-e-padre-jose-antonio-gonzalez-prieto-in-messico\/#breadcrumb","itemListElement":[{"@type":"ListItem","position":1,"name":"Messico","item":"https:\/\/filles-de-la-charite.org\/it\/category\/messico\/"},{"@type":"ListItem","position":2,"name":"Incontro con Suor Fran\u00e7oise Petit, Suor Alicia Margarita Cort\u00e9s e Padre Jos\u00e9 Antonio Gonz\u00e1lez Prieto, in Messico."}]},{"@type":"WebSite","@id":"https:\/\/filles-de-la-charite.org\/it\/#website","url":"https:\/\/filles-de-la-charite.org\/it\/","name":"Hijas de la Caridad","description":"L\u2019amour de J\u00e9sus nous presse \u00e0 prendre soin des personnes les plus d\u00e9munies","publisher":{"@id":"https:\/\/filles-de-la-charite.org\/it\/#organization"},"potentialAction":[{"@type":"SearchAction","target":{"@type":"EntryPoint","urlTemplate":"https:\/\/filles-de-la-charite.org\/it\/?s={search_term_string}"},"query-input":{"@type":"PropertyValueSpecification","valueRequired":true,"valueName":"search_term_string"}}],"inLanguage":"it-IT"},{"@type":"Organization","@id":"https:\/\/filles-de-la-charite.org\/it\/#organization","name":"Hijas de la Caridad","url":"https:\/\/filles-de-la-charite.org\/it\/","logo":{"@type":"ImageObject","inLanguage":"it-IT","@id":"https:\/\/filles-de-la-charite.org\/it\/#\/schema\/logo\/image\/","url":"https:\/\/filles-de-la-charite.org\/wp-content\/uploads\/2023\/03\/isotipo-Hijas-de-la-Caridad.png","contentUrl":"https:\/\/filles-de-la-charite.org\/wp-content\/uploads\/2023\/03\/isotipo-Hijas-de-la-Caridad.png","width":1417,"height":1417,"caption":"Hijas de la Caridad"},"image":{"@id":"https:\/\/filles-de-la-charite.org\/it\/#\/schema\/logo\/image\/"}},{"@type":"Person","@id":"https:\/\/filles-de-la-charite.org\/it\/#\/schema\/person\/0c922b6ca71280639858d297b3a7209f","name":"SOR MARTA","image":{"@type":"ImageObject","inLanguage":"it-IT","@id":"https:\/\/secure.gravatar.com\/avatar\/d2c45b0fd6bf2d3e2670ab3d112257c24ac80fa960360bba1bdc0676485d1d09?s=96&d=mm&r=g","url":"https:\/\/secure.gravatar.com\/avatar\/d2c45b0fd6bf2d3e2670ab3d112257c24ac80fa960360bba1bdc0676485d1d09?s=96&d=mm&r=g","contentUrl":"https:\/\/secure.gravatar.com\/avatar\/d2c45b0fd6bf2d3e2670ab3d112257c24ac80fa960360bba1bdc0676485d1d09?s=96&d=mm&r=g","caption":"SOR MARTA"},"url":"https:\/\/filles-de-la-charite.org\/it\/author\/martaemn\/"}]}},"_links":{"self":[{"href":"https:\/\/filles-de-la-charite.org\/it\/wp-json\/wp\/v2\/posts\/39051","targetHints":{"allow":["GET"]}}],"collection":[{"href":"https:\/\/filles-de-la-charite.org\/it\/wp-json\/wp\/v2\/posts"}],"about":[{"href":"https:\/\/filles-de-la-charite.org\/it\/wp-json\/wp\/v2\/types\/post"}],"author":[{"embeddable":true,"href":"https:\/\/filles-de-la-charite.org\/it\/wp-json\/wp\/v2\/users\/5"}],"replies":[{"embeddable":true,"href":"https:\/\/filles-de-la-charite.org\/it\/wp-json\/wp\/v2\/comments?post=39051"}],"version-history":[{"count":4,"href":"https:\/\/filles-de-la-charite.org\/it\/wp-json\/wp\/v2\/posts\/39051\/revisions"}],"predecessor-version":[{"id":39176,"href":"https:\/\/filles-de-la-charite.org\/it\/wp-json\/wp\/v2\/posts\/39051\/revisions\/39176"}],"wp:featuredmedia":[{"embeddable":true,"href":"https:\/\/filles-de-la-charite.org\/it\/wp-json\/wp\/v2\/media\/39001"}],"wp:attachment":[{"href":"https:\/\/filles-de-la-charite.org\/it\/wp-json\/wp\/v2\/media?parent=39051"}],"wp:term":[{"taxonomy":"category","embeddable":true,"href":"https:\/\/filles-de-la-charite.org\/it\/wp-json\/wp\/v2\/categories?post=39051"},{"taxonomy":"post_tag","embeddable":true,"href":"https:\/\/filles-de-la-charite.org\/it\/wp-json\/wp\/v2\/tags?post=39051"}],"curies":[{"name":"wp","href":"https:\/\/api.w.org\/{rel}","templated":true}]}}