{"id":39952,"date":"2024-10-08T00:00:48","date_gmt":"2024-10-07T22:00:48","guid":{"rendered":"https:\/\/filles-de-la-charite.org\/hijas-de-la-caridad-hijas-de-la-iglesia\/"},"modified":"2024-10-08T00:08:23","modified_gmt":"2024-10-07T22:08:23","slug":"hijas-de-la-caridad-hijas-de-la-iglesia","status":"publish","type":"post","link":"https:\/\/filles-de-la-charite.org\/it\/hijas-de-la-caridad-hijas-de-la-iglesia\/","title":{"rendered":"Figlie della Carit\u00e0, figlie della Chiesa"},"content":{"rendered":"\n<p>Suor Ester Lucas Jos\u00e9 MARIA della Provincia del Mozambico e Suor Maria Suyapa CACHO \u00c1LVAREZ della Provincia dell\u2019America Centrale partecipano alla seconda sessione del Sinodo sulla sinodalit\u00e0 che si \u00e8 aperto a Roma il 2 ottobre. Ne erano gi\u00e0 state membri lo scorso anno. Le ringraziamo e preghiamo affinch\u00e9 lo Spirito guidi questa grande Assemblea cos\u00ec tanto importante per la vita della Chiesa nel mondo d\u2019oggi.<\/p>\n\n\n\n<figure class=\"wp-block-image alignfull size-full\"><img loading=\"lazy\" decoding=\"async\" width=\"574\" height=\"323\" src=\"https:\/\/filles-de-la-charite.org\/wp-content\/uploads\/2024\/10\/synode-2-1.jpg\" alt=\"\" class=\"wp-image-39936\" srcset=\"https:\/\/filles-de-la-charite.org\/wp-content\/uploads\/2024\/10\/synode-2-1.jpg 574w, https:\/\/filles-de-la-charite.org\/wp-content\/uploads\/2024\/10\/synode-2-1-480x270.jpg 480w\" sizes=\"(min-width: 0px) and (max-width: 480px) 480px, (min-width: 481px) 574px, 100vw\" \/><\/figure>\n\n\n\n<figure class=\"wp-block-image alignfull size-large\"><img loading=\"lazy\" decoding=\"async\" width=\"1024\" height=\"576\" src=\"https:\/\/filles-de-la-charite.org\/wp-content\/uploads\/2024\/10\/synode-3-1-1024x576.jpg\" alt=\"\" class=\"wp-image-39942\" srcset=\"https:\/\/filles-de-la-charite.org\/wp-content\/uploads\/2024\/10\/synode-3-1-1024x576.jpg 1024w, https:\/\/filles-de-la-charite.org\/wp-content\/uploads\/2024\/10\/synode-3-1-980x551.jpg 980w, https:\/\/filles-de-la-charite.org\/wp-content\/uploads\/2024\/10\/synode-3-1-480x270.jpg 480w\" sizes=\"(min-width: 0px) and (max-width: 480px) 480px, (min-width: 481px) and (max-width: 980px) 980px, (min-width: 981px) 1024px, 100vw\" \/><\/figure>\n\n\n\n<p>Siete invitate a seguire le diverse sessioni per portarle nella preghiera, ma anche per approfondire insieme tutte le questioni che vi sono studiate. Intensifichiamo anche il nostro amore per la Chiesa e la nostra partecipazione alla sua vita a tutti i livelli.<\/p>\n\n\n\n<figure class=\"wp-block-image size-large\"><img loading=\"lazy\" decoding=\"async\" width=\"768\" height=\"1024\" src=\"https:\/\/filles-de-la-charite.org\/wp-content\/uploads\/2024\/10\/synode-1-768x1024.jpg\" alt=\"\" class=\"wp-image-39912\"\/><\/figure>\n","protected":false},"excerpt":{"rendered":"<p>Suor Ester Lucas Jos\u00e9 MARIA della Provincia del Mozambico e Suor Maria Suyapa CACHO \u00c1LVAREZ della Provincia dell\u2019America Centrale partecipano alla seconda sessione del Sinodo sulla sinodalit\u00e0 che si \u00e8 aperto a Roma il 2 ottobre. Ne erano gi\u00e0 state membri lo scorso anno. Le ringraziamo e preghiamo affinch\u00e9 lo Spirito guidi questa grande Assemblea [&hellip;]<\/p>\n","protected":false},"author":5,"featured_media":39930,"comment_status":"closed","ping_status":"closed","sticky":false,"template":"","format":"standard","meta":{"_acf_changed":false,"_et_pb_use_builder":"","_et_pb_old_content":"","_et_gb_content_width":"","footnotes":"","_links_to":"","_links_to_target":""},"categories":[846],"tags":[],"class_list":["post-39952","post","type-post","status-publish","format-standard","has-post-thumbnail","hentry","category-internazionale"],"acf":[],"yoast_head":"<!-- This site is optimized with the Yoast SEO plugin v27.5 - https:\/\/yoast.com\/product\/yoast-seo-wordpress\/ -->\n<title>Figlie della Carit\u00e0, figlie della Chiesa - Filles de la Charit\u00e9<\/title>\n<meta name=\"robots\" content=\"index, follow, max-snippet:-1, max-image-preview:large, max-video-preview:-1\" \/>\n<link rel=\"canonical\" href=\"https:\/\/filles-de-la-charite.org\/it\/hijas-de-la-caridad-hijas-de-la-iglesia\/\" \/>\n<meta property=\"og:locale\" content=\"it_IT\" \/>\n<meta property=\"og:type\" content=\"article\" \/>\n<meta property=\"og:title\" content=\"Figlie della Carit\u00e0, figlie della Chiesa - Filles de la Charit\u00e9\" \/>\n<meta property=\"og:description\" content=\"Suor Ester Lucas Jos\u00e9 MARIA della Provincia del Mozambico e Suor Maria Suyapa CACHO \u00c1LVAREZ della Provincia dell\u2019America Centrale partecipano alla seconda sessione del Sinodo sulla sinodalit\u00e0 che si \u00e8 aperto a Roma il 2 ottobre. Ne erano gi\u00e0 state membri lo scorso anno. Le ringraziamo e preghiamo affinch\u00e9 lo Spirito guidi questa grande Assemblea [&hellip;]\" \/>\n<meta property=\"og:url\" content=\"https:\/\/filles-de-la-charite.org\/it\/hijas-de-la-caridad-hijas-de-la-iglesia\/\" \/>\n<meta property=\"og:site_name\" content=\"Filles de la Charit\u00e9\" \/>\n<meta property=\"article:published_time\" content=\"2024-10-07T22:00:48+00:00\" \/>\n<meta property=\"article:modified_time\" content=\"2024-10-07T22:08:23+00:00\" \/>\n<meta property=\"og:image\" content=\"https:\/\/filles-de-la-charite.org\/wp-content\/uploads\/2024\/10\/synode-1-1.jpg\" \/>\n\t<meta property=\"og:image:width\" content=\"1200\" \/>\n\t<meta property=\"og:image:height\" content=\"675\" \/>\n\t<meta property=\"og:image:type\" content=\"image\/jpeg\" \/>\n<meta name=\"author\" content=\"SOR MARTA\" \/>\n<meta name=\"twitter:card\" content=\"summary_large_image\" \/>\n<meta name=\"twitter:label1\" content=\"Scritto da\" \/>\n\t<meta name=\"twitter:data1\" content=\"SOR MARTA\" \/>\n\t<meta name=\"twitter:label2\" content=\"Tempo di lettura stimato\" \/>\n\t<meta name=\"twitter:data2\" content=\"2 minuti\" \/>\n<script type=\"application\/ld+json\" class=\"yoast-schema-graph\">{\"@context\":\"https:\\\/\\\/schema.org\",\"@graph\":[{\"@type\":\"Article\",\"@id\":\"https:\\\/\\\/filles-de-la-charite.org\\\/it\\\/hijas-de-la-caridad-hijas-de-la-iglesia\\\/#article\",\"isPartOf\":{\"@id\":\"https:\\\/\\\/filles-de-la-charite.org\\\/it\\\/hijas-de-la-caridad-hijas-de-la-iglesia\\\/\"},\"author\":{\"name\":\"SOR MARTA\",\"@id\":\"https:\\\/\\\/filles-de-la-charite.org\\\/it\\\/#\\\/schema\\\/person\\\/0c922b6ca71280639858d297b3a7209f\"},\"headline\":\"Figlie della Carit\u00e0, figlie della Chiesa\",\"datePublished\":\"2024-10-07T22:00:48+00:00\",\"dateModified\":\"2024-10-07T22:08:23+00:00\",\"mainEntityOfPage\":{\"@id\":\"https:\\\/\\\/filles-de-la-charite.org\\\/it\\\/hijas-de-la-caridad-hijas-de-la-iglesia\\\/\"},\"wordCount\":114,\"publisher\":{\"@id\":\"https:\\\/\\\/filles-de-la-charite.org\\\/it\\\/#organization\"},\"image\":{\"@id\":\"https:\\\/\\\/filles-de-la-charite.org\\\/it\\\/hijas-de-la-caridad-hijas-de-la-iglesia\\\/#primaryimage\"},\"thumbnailUrl\":\"https:\\\/\\\/filles-de-la-charite.org\\\/wp-content\\\/uploads\\\/2024\\\/10\\\/synode-1-1.jpg\",\"articleSection\":[\"Internazionale\"],\"inLanguage\":\"it-IT\"},{\"@type\":\"WebPage\",\"@id\":\"https:\\\/\\\/filles-de-la-charite.org\\\/it\\\/hijas-de-la-caridad-hijas-de-la-iglesia\\\/\",\"url\":\"https:\\\/\\\/filles-de-la-charite.org\\\/it\\\/hijas-de-la-caridad-hijas-de-la-iglesia\\\/\",\"name\":\"Figlie della Carit\u00e0, figlie della Chiesa - Filles de la Charit\u00e9\",\"isPartOf\":{\"@id\":\"https:\\\/\\\/filles-de-la-charite.org\\\/it\\\/#website\"},\"primaryImageOfPage\":{\"@id\":\"https:\\\/\\\/filles-de-la-charite.org\\\/it\\\/hijas-de-la-caridad-hijas-de-la-iglesia\\\/#primaryimage\"},\"image\":{\"@id\":\"https:\\\/\\\/filles-de-la-charite.org\\\/it\\\/hijas-de-la-caridad-hijas-de-la-iglesia\\\/#primaryimage\"},\"thumbnailUrl\":\"https:\\\/\\\/filles-de-la-charite.org\\\/wp-content\\\/uploads\\\/2024\\\/10\\\/synode-1-1.jpg\",\"datePublished\":\"2024-10-07T22:00:48+00:00\",\"dateModified\":\"2024-10-07T22:08:23+00:00\",\"breadcrumb\":{\"@id\":\"https:\\\/\\\/filles-de-la-charite.org\\\/it\\\/hijas-de-la-caridad-hijas-de-la-iglesia\\\/#breadcrumb\"},\"inLanguage\":\"it-IT\",\"potentialAction\":[{\"@type\":\"ReadAction\",\"target\":[\"https:\\\/\\\/filles-de-la-charite.org\\\/it\\\/hijas-de-la-caridad-hijas-de-la-iglesia\\\/\"]}]},{\"@type\":\"ImageObject\",\"inLanguage\":\"it-IT\",\"@id\":\"https:\\\/\\\/filles-de-la-charite.org\\\/it\\\/hijas-de-la-caridad-hijas-de-la-iglesia\\\/#primaryimage\",\"url\":\"https:\\\/\\\/filles-de-la-charite.org\\\/wp-content\\\/uploads\\\/2024\\\/10\\\/synode-1-1.jpg\",\"contentUrl\":\"https:\\\/\\\/filles-de-la-charite.org\\\/wp-content\\\/uploads\\\/2024\\\/10\\\/synode-1-1.jpg\",\"width\":1200,\"height\":675},{\"@type\":\"BreadcrumbList\",\"@id\":\"https:\\\/\\\/filles-de-la-charite.org\\\/it\\\/hijas-de-la-caridad-hijas-de-la-iglesia\\\/#breadcrumb\",\"itemListElement\":[{\"@type\":\"ListItem\",\"position\":1,\"name\":\"Internazionale\",\"item\":\"https:\\\/\\\/filles-de-la-charite.org\\\/it\\\/category\\\/internazionale\\\/\"},{\"@type\":\"ListItem\",\"position\":2,\"name\":\"Figlie della Carit\u00e0, figlie della Chiesa\"}]},{\"@type\":\"WebSite\",\"@id\":\"https:\\\/\\\/filles-de-la-charite.org\\\/it\\\/#website\",\"url\":\"https:\\\/\\\/filles-de-la-charite.org\\\/it\\\/\",\"name\":\"Hijas de la Caridad\",\"description\":\"L\u2019amour de J\u00e9sus nous presse \u00e0 prendre soin des personnes les plus d\u00e9munies\",\"publisher\":{\"@id\":\"https:\\\/\\\/filles-de-la-charite.org\\\/it\\\/#organization\"},\"potentialAction\":[{\"@type\":\"SearchAction\",\"target\":{\"@type\":\"EntryPoint\",\"urlTemplate\":\"https:\\\/\\\/filles-de-la-charite.org\\\/it\\\/?s={search_term_string}\"},\"query-input\":{\"@type\":\"PropertyValueSpecification\",\"valueRequired\":true,\"valueName\":\"search_term_string\"}}],\"inLanguage\":\"it-IT\"},{\"@type\":\"Organization\",\"@id\":\"https:\\\/\\\/filles-de-la-charite.org\\\/it\\\/#organization\",\"name\":\"Hijas de la Caridad\",\"url\":\"https:\\\/\\\/filles-de-la-charite.org\\\/it\\\/\",\"logo\":{\"@type\":\"ImageObject\",\"inLanguage\":\"it-IT\",\"@id\":\"https:\\\/\\\/filles-de-la-charite.org\\\/it\\\/#\\\/schema\\\/logo\\\/image\\\/\",\"url\":\"https:\\\/\\\/filles-de-la-charite.org\\\/wp-content\\\/uploads\\\/2023\\\/03\\\/isotipo-Hijas-de-la-Caridad.png\",\"contentUrl\":\"https:\\\/\\\/filles-de-la-charite.org\\\/wp-content\\\/uploads\\\/2023\\\/03\\\/isotipo-Hijas-de-la-Caridad.png\",\"width\":1417,\"height\":1417,\"caption\":\"Hijas de la Caridad\"},\"image\":{\"@id\":\"https:\\\/\\\/filles-de-la-charite.org\\\/it\\\/#\\\/schema\\\/logo\\\/image\\\/\"}},{\"@type\":\"Person\",\"@id\":\"https:\\\/\\\/filles-de-la-charite.org\\\/it\\\/#\\\/schema\\\/person\\\/0c922b6ca71280639858d297b3a7209f\",\"name\":\"SOR MARTA\",\"image\":{\"@type\":\"ImageObject\",\"inLanguage\":\"it-IT\",\"@id\":\"https:\\\/\\\/secure.gravatar.com\\\/avatar\\\/d2c45b0fd6bf2d3e2670ab3d112257c24ac80fa960360bba1bdc0676485d1d09?s=96&d=mm&r=g\",\"url\":\"https:\\\/\\\/secure.gravatar.com\\\/avatar\\\/d2c45b0fd6bf2d3e2670ab3d112257c24ac80fa960360bba1bdc0676485d1d09?s=96&d=mm&r=g\",\"contentUrl\":\"https:\\\/\\\/secure.gravatar.com\\\/avatar\\\/d2c45b0fd6bf2d3e2670ab3d112257c24ac80fa960360bba1bdc0676485d1d09?s=96&d=mm&r=g\",\"caption\":\"SOR MARTA\"},\"url\":\"https:\\\/\\\/filles-de-la-charite.org\\\/it\\\/author\\\/martaemn\\\/\"}]}<\/script>\n<!-- \/ Yoast SEO plugin. -->","yoast_head_json":{"title":"Figlie della Carit\u00e0, figlie della Chiesa - Filles de la Charit\u00e9","robots":{"index":"index","follow":"follow","max-snippet":"max-snippet:-1","max-image-preview":"max-image-preview:large","max-video-preview":"max-video-preview:-1"},"canonical":"https:\/\/filles-de-la-charite.org\/it\/hijas-de-la-caridad-hijas-de-la-iglesia\/","og_locale":"it_IT","og_type":"article","og_title":"Figlie della Carit\u00e0, figlie della Chiesa - Filles de la Charit\u00e9","og_description":"Suor Ester Lucas Jos\u00e9 MARIA della Provincia del Mozambico e Suor Maria Suyapa CACHO \u00c1LVAREZ della Provincia dell\u2019America Centrale partecipano alla seconda sessione del Sinodo sulla sinodalit\u00e0 che si \u00e8 aperto a Roma il 2 ottobre. Ne erano gi\u00e0 state membri lo scorso anno. Le ringraziamo e preghiamo affinch\u00e9 lo Spirito guidi questa grande Assemblea [&hellip;]","og_url":"https:\/\/filles-de-la-charite.org\/it\/hijas-de-la-caridad-hijas-de-la-iglesia\/","og_site_name":"Filles de la Charit\u00e9","article_published_time":"2024-10-07T22:00:48+00:00","article_modified_time":"2024-10-07T22:08:23+00:00","og_image":[{"width":1200,"height":675,"url":"https:\/\/filles-de-la-charite.org\/wp-content\/uploads\/2024\/10\/synode-1-1.jpg","type":"image\/jpeg"}],"author":"SOR MARTA","twitter_card":"summary_large_image","twitter_misc":{"Scritto da":"SOR MARTA","Tempo di lettura stimato":"2 minuti"},"schema":{"@context":"https:\/\/schema.org","@graph":[{"@type":"Article","@id":"https:\/\/filles-de-la-charite.org\/it\/hijas-de-la-caridad-hijas-de-la-iglesia\/#article","isPartOf":{"@id":"https:\/\/filles-de-la-charite.org\/it\/hijas-de-la-caridad-hijas-de-la-iglesia\/"},"author":{"name":"SOR MARTA","@id":"https:\/\/filles-de-la-charite.org\/it\/#\/schema\/person\/0c922b6ca71280639858d297b3a7209f"},"headline":"Figlie della Carit\u00e0, figlie della Chiesa","datePublished":"2024-10-07T22:00:48+00:00","dateModified":"2024-10-07T22:08:23+00:00","mainEntityOfPage":{"@id":"https:\/\/filles-de-la-charite.org\/it\/hijas-de-la-caridad-hijas-de-la-iglesia\/"},"wordCount":114,"publisher":{"@id":"https:\/\/filles-de-la-charite.org\/it\/#organization"},"image":{"@id":"https:\/\/filles-de-la-charite.org\/it\/hijas-de-la-caridad-hijas-de-la-iglesia\/#primaryimage"},"thumbnailUrl":"https:\/\/filles-de-la-charite.org\/wp-content\/uploads\/2024\/10\/synode-1-1.jpg","articleSection":["Internazionale"],"inLanguage":"it-IT"},{"@type":"WebPage","@id":"https:\/\/filles-de-la-charite.org\/it\/hijas-de-la-caridad-hijas-de-la-iglesia\/","url":"https:\/\/filles-de-la-charite.org\/it\/hijas-de-la-caridad-hijas-de-la-iglesia\/","name":"Figlie della Carit\u00e0, figlie della Chiesa - Filles de la Charit\u00e9","isPartOf":{"@id":"https:\/\/filles-de-la-charite.org\/it\/#website"},"primaryImageOfPage":{"@id":"https:\/\/filles-de-la-charite.org\/it\/hijas-de-la-caridad-hijas-de-la-iglesia\/#primaryimage"},"image":{"@id":"https:\/\/filles-de-la-charite.org\/it\/hijas-de-la-caridad-hijas-de-la-iglesia\/#primaryimage"},"thumbnailUrl":"https:\/\/filles-de-la-charite.org\/wp-content\/uploads\/2024\/10\/synode-1-1.jpg","datePublished":"2024-10-07T22:00:48+00:00","dateModified":"2024-10-07T22:08:23+00:00","breadcrumb":{"@id":"https:\/\/filles-de-la-charite.org\/it\/hijas-de-la-caridad-hijas-de-la-iglesia\/#breadcrumb"},"inLanguage":"it-IT","potentialAction":[{"@type":"ReadAction","target":["https:\/\/filles-de-la-charite.org\/it\/hijas-de-la-caridad-hijas-de-la-iglesia\/"]}]},{"@type":"ImageObject","inLanguage":"it-IT","@id":"https:\/\/filles-de-la-charite.org\/it\/hijas-de-la-caridad-hijas-de-la-iglesia\/#primaryimage","url":"https:\/\/filles-de-la-charite.org\/wp-content\/uploads\/2024\/10\/synode-1-1.jpg","contentUrl":"https:\/\/filles-de-la-charite.org\/wp-content\/uploads\/2024\/10\/synode-1-1.jpg","width":1200,"height":675},{"@type":"BreadcrumbList","@id":"https:\/\/filles-de-la-charite.org\/it\/hijas-de-la-caridad-hijas-de-la-iglesia\/#breadcrumb","itemListElement":[{"@type":"ListItem","position":1,"name":"Internazionale","item":"https:\/\/filles-de-la-charite.org\/it\/category\/internazionale\/"},{"@type":"ListItem","position":2,"name":"Figlie della Carit\u00e0, figlie della Chiesa"}]},{"@type":"WebSite","@id":"https:\/\/filles-de-la-charite.org\/it\/#website","url":"https:\/\/filles-de-la-charite.org\/it\/","name":"Hijas de la Caridad","description":"L\u2019amour de J\u00e9sus nous presse \u00e0 prendre soin des personnes les plus d\u00e9munies","publisher":{"@id":"https:\/\/filles-de-la-charite.org\/it\/#organization"},"potentialAction":[{"@type":"SearchAction","target":{"@type":"EntryPoint","urlTemplate":"https:\/\/filles-de-la-charite.org\/it\/?s={search_term_string}"},"query-input":{"@type":"PropertyValueSpecification","valueRequired":true,"valueName":"search_term_string"}}],"inLanguage":"it-IT"},{"@type":"Organization","@id":"https:\/\/filles-de-la-charite.org\/it\/#organization","name":"Hijas de la Caridad","url":"https:\/\/filles-de-la-charite.org\/it\/","logo":{"@type":"ImageObject","inLanguage":"it-IT","@id":"https:\/\/filles-de-la-charite.org\/it\/#\/schema\/logo\/image\/","url":"https:\/\/filles-de-la-charite.org\/wp-content\/uploads\/2023\/03\/isotipo-Hijas-de-la-Caridad.png","contentUrl":"https:\/\/filles-de-la-charite.org\/wp-content\/uploads\/2023\/03\/isotipo-Hijas-de-la-Caridad.png","width":1417,"height":1417,"caption":"Hijas de la Caridad"},"image":{"@id":"https:\/\/filles-de-la-charite.org\/it\/#\/schema\/logo\/image\/"}},{"@type":"Person","@id":"https:\/\/filles-de-la-charite.org\/it\/#\/schema\/person\/0c922b6ca71280639858d297b3a7209f","name":"SOR MARTA","image":{"@type":"ImageObject","inLanguage":"it-IT","@id":"https:\/\/secure.gravatar.com\/avatar\/d2c45b0fd6bf2d3e2670ab3d112257c24ac80fa960360bba1bdc0676485d1d09?s=96&d=mm&r=g","url":"https:\/\/secure.gravatar.com\/avatar\/d2c45b0fd6bf2d3e2670ab3d112257c24ac80fa960360bba1bdc0676485d1d09?s=96&d=mm&r=g","contentUrl":"https:\/\/secure.gravatar.com\/avatar\/d2c45b0fd6bf2d3e2670ab3d112257c24ac80fa960360bba1bdc0676485d1d09?s=96&d=mm&r=g","caption":"SOR MARTA"},"url":"https:\/\/filles-de-la-charite.org\/it\/author\/martaemn\/"}]}},"_links":{"self":[{"href":"https:\/\/filles-de-la-charite.org\/it\/wp-json\/wp\/v2\/posts\/39952","targetHints":{"allow":["GET"]}}],"collection":[{"href":"https:\/\/filles-de-la-charite.org\/it\/wp-json\/wp\/v2\/posts"}],"about":[{"href":"https:\/\/filles-de-la-charite.org\/it\/wp-json\/wp\/v2\/types\/post"}],"author":[{"embeddable":true,"href":"https:\/\/filles-de-la-charite.org\/it\/wp-json\/wp\/v2\/users\/5"}],"replies":[{"embeddable":true,"href":"https:\/\/filles-de-la-charite.org\/it\/wp-json\/wp\/v2\/comments?post=39952"}],"version-history":[{"count":1,"href":"https:\/\/filles-de-la-charite.org\/it\/wp-json\/wp\/v2\/posts\/39952\/revisions"}],"predecessor-version":[{"id":39959,"href":"https:\/\/filles-de-la-charite.org\/it\/wp-json\/wp\/v2\/posts\/39952\/revisions\/39959"}],"wp:featuredmedia":[{"embeddable":true,"href":"https:\/\/filles-de-la-charite.org\/it\/wp-json\/wp\/v2\/media\/39930"}],"wp:attachment":[{"href":"https:\/\/filles-de-la-charite.org\/it\/wp-json\/wp\/v2\/media?parent=39952"}],"wp:term":[{"taxonomy":"category","embeddable":true,"href":"https:\/\/filles-de-la-charite.org\/it\/wp-json\/wp\/v2\/categories?post=39952"},{"taxonomy":"post_tag","embeddable":true,"href":"https:\/\/filles-de-la-charite.org\/it\/wp-json\/wp\/v2\/tags?post=39952"}],"curies":[{"name":"wp","href":"https:\/\/api.w.org\/{rel}","templated":true}]}}