{"id":40249,"date":"2024-11-18T22:12:39","date_gmt":"2024-11-18T21:12:39","guid":{"rendered":"https:\/\/filles-de-la-charite.org\/?p=40249"},"modified":"2024-11-23T23:52:13","modified_gmt":"2024-11-23T22:52:13","slug":"sesion-formativa-italia-espana","status":"publish","type":"post","link":"https:\/\/filles-de-la-charite.org\/it\/sesion-formativa-italia-espana\/","title":{"rendered":"Sessione formativa Italia-Spagna"},"content":{"rendered":"\n<p>Nel mese di settembre, le giovani Suore che non hanno ancora pronunciato i voti della Spagna e dell&#8217;Italia, nonch\u00e8 quelle del Seminario Interprovinciale hanno avuto l\u2019opportunit\u00e0 di partecipare a Madrid ad un incontro di formazione iniziato il 3 e terminato il 22. Venti giorni durante i quali abbiamo potuto approfondire temi importanti per la formazione, condividendo tanti momenti con Sorelle di diverse comunit\u00e0 e godendo della ricchezza che offre un incontro cos\u00ec diversificato.<\/p>\n\n\n\n<figure class=\"wp-block-image aligncenter size-full\"><img loading=\"lazy\" decoding=\"async\" width=\"640\" height=\"480\" src=\"https:\/\/filles-de-la-charite.org\/wp-content\/uploads\/2024\/11\/1-Settimana-Spagna-Italia_page3_image4.jpg\" alt=\"\" class=\"wp-image-40066\" srcset=\"https:\/\/filles-de-la-charite.org\/wp-content\/uploads\/2024\/11\/1-Settimana-Spagna-Italia_page3_image4.jpg 640w, https:\/\/filles-de-la-charite.org\/wp-content\/uploads\/2024\/11\/1-Settimana-Spagna-Italia_page3_image4-480x360.jpg 480w\" sizes=\"(min-width: 0px) and (max-width: 480px) 480px, (min-width: 481px) 640px, 100vw\" \/><\/figure>\n\n\n\n<p>Il percorso formativo \u00e8 stato finalizzato ad approfondire l&#8217;identit\u00e0 della Figlia della Carit\u00e0 e il cammino che ciascuna compie per configurarsi a Cristo. I vari interventi hanno contribuito ad affrontare i diversi aspetti della nostra vita: spiritualit\u00e0, servizio, vita comunitaria, affetti, sessualit\u00e0, dottrina sociale della Chiesa, nuove tecnologie&#8230;<\/p>\n\n\n\n<figure class=\"wp-block-image aligncenter size-full\"><img loading=\"lazy\" decoding=\"async\" width=\"450\" height=\"600\" src=\"https:\/\/filles-de-la-charite.org\/wp-content\/uploads\/2024\/11\/1-Settimana-Spagna-Italia_page3_image10.jpg\" alt=\"\" class=\"wp-image-40096\" srcset=\"https:\/\/filles-de-la-charite.org\/wp-content\/uploads\/2024\/11\/1-Settimana-Spagna-Italia_page3_image10.jpg 450w, https:\/\/filles-de-la-charite.org\/wp-content\/uploads\/2024\/11\/1-Settimana-Spagna-Italia_page3_image10-225x300.jpg 225w\" sizes=\"(max-width: 450px) 100vw, 450px\" \/><\/figure>\n\n\n\n<p><strong>Padre Corpus Delgado (CM) ha aperto la formazione parlando del voto di castit\u00e0<\/strong>. Per introdurci all\u2019argomento ci ha presentato alcuni aspetti della realt\u00e0 del mondo d\u2019oggi rispetto alla sessualit\u00e0, per poi proseguire con un approfondimento su come vivere la castit\u00e0 e il celibato oggi. L&#8217;equilibrio di vita, la maturazione affettiva, la sana esperienza della solitudine e della fraternit\u00e0 vissuta in comunit\u00e0 sono come ancore per una Figlia della Carit\u00e0 che desidera vivere in pienezza questo voto, sempre sotto la guida e l&#8217;aiuto di nostra Madre, la Vergine Maria.<\/p>\n\n\n\n<p><strong>Padre Joaqu\u00edn Gonz\u00e1lez (CM), Direttore provinciale delle Figlie della Carit\u00e0 della Provincia Espa\u00f1a Centro<\/strong>, ci ha introdotto al tema della dottrina sociale della Chiesa vista alla luce dalle encicliche <em>Laudato S\u00ec<\/em> e <em>Fratelli Tutti<\/em>, e dalle esortazioni apostoliche <em>Evangelii Gaudium<\/em> e <em>Laudate Deum<\/em> di Papa Francesco, un tema che come Figlie della Carit\u00e0 ci interpella direttamente. Ci ha invitato a concretizzare il sogno di una fraternit\u00e0 universale, inclusiva e integrante i pi\u00f9 poveri attraverso tre vie suggerite dal Santo Padre: la via degli ultimi, del Vangelo e della creativit\u00e0.<\/p>\n\n\n\n<p>Con l&#8217;aiuto di<strong> Suor \u00c1ngeles Infante (Figlia della Carit\u00e0 della Provincia Espa\u00f1a Centro) <\/strong>siamo entrate nella riflessione sullanostra identit\u00e0 di Figlie della Carit\u00e0. Ha iniziato esponendo le fonti della nostra identit\u00e0 spirituale: la luce della Pentecoste, Margherita Nasseau e le Costituzioni. Successivamente ci ha parlato degli elementi della nostra identit\u00e0: la fedelt\u00e0 al battesimo, il senso di appartenenza, la dedizione totale e comunitaria a Cristo nel servizio dei poveri, le virt\u00f9 dell&#8217;umilt\u00e0, della semplicit\u00e0 e della carit\u00e0, la disponibilit\u00e0 e l&#8217;essere serve.<\/p>\n\n\n\n<figure class=\"wp-block-image aligncenter size-full\"><img loading=\"lazy\" decoding=\"async\" width=\"800\" height=\"600\" src=\"https:\/\/filles-de-la-charite.org\/wp-content\/uploads\/2024\/11\/1-Settimana-Spagna-Italia_page3_image9.jpg\" alt=\"\" class=\"wp-image-40090\" srcset=\"https:\/\/filles-de-la-charite.org\/wp-content\/uploads\/2024\/11\/1-Settimana-Spagna-Italia_page3_image9.jpg 800w, https:\/\/filles-de-la-charite.org\/wp-content\/uploads\/2024\/11\/1-Settimana-Spagna-Italia_page3_image9-480x360.jpg 480w\" sizes=\"(min-width: 0px) and (max-width: 480px) 480px, (min-width: 481px) 800px, 100vw\" \/><\/figure>\n\n\n\n<p>Abbiamo riflettuto anche suglistrumenti per seguire il Signore con l&#8217;aiuto di <strong>Padre Jos\u00e9 Mar\u00eda Nieto <\/strong>(CM), che ha proposto quattro chiavi di lettura fondamentali per discernere rispetto alla nostra sequela. Essa va infatti intesa come dono di Dio e opzione di vita; pensata in comunit\u00e0 e nella Chiesa; vissuta come discepolato; a favore della missione e del servizio.<\/p>\n\n\n\n<p>In questo incontro formativo c&#8217;\u00e8 stato tempo anche per parlare di tecnologia, di social network e del loro impatto sulle nostre vite. <strong>Suor Sara Encinar (FdC, Spagna Centro) eSuor Clara L\u00f3pez (FdC, Spagna Est) <\/strong>sono state incaricate di proporci un interessante e innovativo laboratorio sull&#8217;identit\u00e0 della Figlia della Carit\u00e0 in Internet. Abbiamo colto l\u2019importanza di evangelizzare attraverso la rete, seguendo le indicazioni di Papa Francesco e le conclusioni tratte nel \u201cSinodo digitale\u201d che invitano ad avere in essa \u201cuna presenza piena\u201d.<\/p>\n\n\n\n<figure class=\"wp-block-image size-full\"><img loading=\"lazy\" decoding=\"async\" width=\"1280\" height=\"576\" src=\"https:\/\/filles-de-la-charite.org\/wp-content\/uploads\/2024\/11\/Inc.-Suore-giovani-italia-Spagna_page3_image5.jpg\" alt=\"\" class=\"wp-image-40132\" srcset=\"https:\/\/filles-de-la-charite.org\/wp-content\/uploads\/2024\/11\/Inc.-Suore-giovani-italia-Spagna_page3_image5.jpg 1280w, https:\/\/filles-de-la-charite.org\/wp-content\/uploads\/2024\/11\/Inc.-Suore-giovani-italia-Spagna_page3_image5-980x441.jpg 980w, https:\/\/filles-de-la-charite.org\/wp-content\/uploads\/2024\/11\/Inc.-Suore-giovani-italia-Spagna_page3_image5-480x216.jpg 480w\" sizes=\"(min-width: 0px) and (max-width: 480px) 480px, (min-width: 481px) and (max-width: 980px) 980px, (min-width: 981px) 1280px, 100vw\" \/><\/figure>\n\n\n\n<p>Oltre a questi argomenti esposti da membri della Famiglia vincenziana, due religiose ci hanno accompagnato per discutere questioni specifiche della formazione umana: In primo luogo,<strong> Soledad Marcos (IT) <\/strong>ci ha parlato dell&#8217;Educazione Sessuale Affettiva nella vita consacrata; Da parte sua, <strong>Rosario R\u00edos (ODN, Ordine della compagnia di Maria Nostra Signora) <\/strong>ha affrontato il tema della vita comunitaria, approfondendo due aspetti essenziali: la conversazione spirituale e le relazioni interculturali e intergenerazionali, come si legge nel Documento Inter-Assemblee.<\/p>\n\n\n\n<p>\u00c8 stato, insomma, un incontro nel quale abbiamo goduto sia della formazione che della ricchezza umana, nel quale abbiamo potuto scoprire e approfondire aspetti fondamentali della nostra vocazione, un&#8217;opportunit\u00e0 e un dono di cui non possiamo che essere profondamente grate.<\/p>\n\n\n\n<div class=\"wp-block-responsive-lightbox-gallery\"><div class=\"et_pb_slider et_pb_slider_fullwidth_off et_pb_gallery_post_type\">\n\t\t\t\t<div class=\"et_pb_slides\">\n\t\t\t\t\t<div class=\"et_pb_slide\" style=\"background: url(https:\/\/filles-de-la-charite.org\/wp-content\/uploads\/2024\/11\/1-Settimana-Spagna-Italia_page3_image4.jpg);\"><\/div><div class=\"et_pb_slide\" style=\"background: url(https:\/\/filles-de-la-charite.org\/wp-content\/uploads\/2024\/11\/Inc.-Suore-giovani-italia-Spagna_page3_image10.jpg);\"><\/div><div class=\"et_pb_slide\" style=\"background: url(https:\/\/filles-de-la-charite.org\/wp-content\/uploads\/2024\/11\/Inc.-Suore-giovani-italia-Spagna_page3_image11.jpg);\"><\/div><div class=\"et_pb_slide\" style=\"background: url(https:\/\/filles-de-la-charite.org\/wp-content\/uploads\/2024\/11\/Incontro-Intensivo-Giovani-FdC-Italia-Spagna-2\u00b0-settimana_page2_image1.jpg);\"><\/div><div class=\"et_pb_slide\" style=\"background: url(https:\/\/filles-de-la-charite.org\/wp-content\/uploads\/2024\/11\/Incontro-Intensivo-Giovani-FdC-Italia-Spagna-2\u00b0-settimana_page2_image2.jpg);\"><\/div><div class=\"et_pb_slide\" style=\"background: url(https:\/\/filles-de-la-charite.org\/wp-content\/uploads\/2024\/11\/Incontro-Intensivo-Giovani-FdC-Italia-Spagna-2\u00b0-settimana_page2_image4.jpg);\"><\/div><div class=\"et_pb_slide\" style=\"background: url(https:\/\/filles-de-la-charite.org\/wp-content\/uploads\/2024\/11\/Incontro-Intensivo-Giovani-FdC-Italia-Spagna-2\u00b0-settimana_page2_image5.jpg);\"><\/div><div class=\"et_pb_slide\" style=\"background: url(https:\/\/filles-de-la-charite.org\/wp-content\/uploads\/2024\/11\/Incontro-Intensivo-Giovani-FdC-Italia-Spagna-2\u00b0-settimana_page2_image6.jpg);\"><\/div><div class=\"et_pb_slide\" style=\"background: url(https:\/\/filles-de-la-charite.org\/wp-content\/uploads\/2024\/11\/Incontro-Intensivo-Giovani-FdC-Italia-Spagna-2\u00b0-settimana_page2_image8.jpg);\"><\/div><div class=\"et_pb_slide\" style=\"background: url(https:\/\/filles-de-la-charite.org\/wp-content\/uploads\/2024\/11\/Incontro-Intensivo-Giovani-FdC-Italia-Spagna-2\u00b0-settimana_page2_image10.jpg);\"><\/div><div class=\"et_pb_slide\" style=\"background: url(https:\/\/filles-de-la-charite.org\/wp-content\/uploads\/2024\/11\/Incontro-Intensivo-Giovani-FdC-Italia-Spagna-2\u00b0-settimana_page2_image19.jpg);\"><\/div><div class=\"et_pb_slide\" style=\"background: url(https:\/\/filles-de-la-charite.org\/wp-content\/uploads\/2024\/11\/1-Settimana-Spagna-Italia_page3_image1.jpg);\"><\/div><div class=\"et_pb_slide\" style=\"background: url(https:\/\/filles-de-la-charite.org\/wp-content\/uploads\/2024\/11\/1-Settimana-Spagna-Italia_page3_image2.jpg);\"><\/div><div class=\"et_pb_slide\" style=\"background: url(https:\/\/filles-de-la-charite.org\/wp-content\/uploads\/2024\/11\/Inc.-Suore-giovani-italia-Spagna_page3_image9.jpg);\"><\/div><div class=\"et_pb_slide\" style=\"background: url(https:\/\/filles-de-la-charite.org\/wp-content\/uploads\/2024\/11\/Inc.-Suore-giovani-italia-Spagna_page3_image8.jpg);\"><\/div><div class=\"et_pb_slide\" style=\"background: url(https:\/\/filles-de-la-charite.org\/wp-content\/uploads\/2024\/11\/Inc.-Suore-giovani-italia-Spagna_page3_image7.jpg);\"><\/div><div class=\"et_pb_slide\" style=\"background: url(https:\/\/filles-de-la-charite.org\/wp-content\/uploads\/2024\/11\/1-Settimana-Spagna-Italia_page3_image6.jpg);\"><\/div><div class=\"et_pb_slide\" style=\"background: url(https:\/\/filles-de-la-charite.org\/wp-content\/uploads\/2024\/11\/1-Settimana-Spagna-Italia_page3_image7.jpg);\"><\/div><div class=\"et_pb_slide\" style=\"background: url(https:\/\/filles-de-la-charite.org\/wp-content\/uploads\/2024\/11\/1-Settimana-Spagna-Italia_page3_image8.jpg);\"><\/div><div class=\"et_pb_slide\" style=\"background: url(https:\/\/filles-de-la-charite.org\/wp-content\/uploads\/2024\/11\/1-Settimana-Spagna-Italia_page3_image9.jpg);\"><\/div><div class=\"et_pb_slide\" style=\"background: url(https:\/\/filles-de-la-charite.org\/wp-content\/uploads\/2024\/11\/1-Settimana-Spagna-Italia_page3_image10.jpg);\"><\/div><div class=\"et_pb_slide\" style=\"background: url(https:\/\/filles-de-la-charite.org\/wp-content\/uploads\/2024\/11\/1-Settimana-Spagna-Italia_page3_image11.jpg);\"><\/div><div class=\"et_pb_slide\" style=\"background: url(https:\/\/filles-de-la-charite.org\/wp-content\/uploads\/2024\/11\/Imagen1-1.png);\"><\/div><div class=\"et_pb_slide\" style=\"background: url(https:\/\/filles-de-la-charite.org\/wp-content\/uploads\/2024\/11\/Inc.-Suore-giovani-italia-Spagna_page3_image1.jpg);\"><\/div><div class=\"et_pb_slide\" style=\"background: url(https:\/\/filles-de-la-charite.org\/wp-content\/uploads\/2024\/11\/Inc.-Suore-giovani-italia-Spagna_page3_image2.jpg);\"><\/div><div class=\"et_pb_slide\" style=\"background: url(https:\/\/filles-de-la-charite.org\/wp-content\/uploads\/2024\/11\/Inc.-Suore-giovani-italia-Spagna_page3_image3.jpg);\"><\/div><div class=\"et_pb_slide\" style=\"background: url(https:\/\/filles-de-la-charite.org\/wp-content\/uploads\/2024\/11\/Inc.-Suore-giovani-italia-Spagna_page3_image5.jpg);\"><\/div><div class=\"et_pb_slide\" style=\"background: url(https:\/\/filles-de-la-charite.org\/wp-content\/uploads\/2024\/11\/Inc.-Suore-giovani-italia-Spagna_page3_image6.jpg);\"><\/div><div class=\"et_pb_slide\" style=\"background: url(https:\/\/filles-de-la-charite.org\/wp-content\/uploads\/2024\/11\/1-Settimana-Spagna-Italia_page3_image3.jpg);\"><\/div>\n\t\t\t\t<\/div>\n\t\t\t<\/div><\/div>\n\n\n\n<p>Le giovani Figlie della Carit\u00e0 di Spagna e Italia<\/p>\n","protected":false},"excerpt":{"rendered":"<p>Nel mese di settembre, le giovani Suore che non hanno ancora pronunciato i voti della Spagna e dell&#8217;Italia, nonch\u00e8 quelle del Seminario Interprovinciale hanno avuto l\u2019opportunit\u00e0 di partecipare a Madrid ad un incontro di formazione iniziato il 3 e terminato il 22. Venti giorni durante i quali abbiamo potuto approfondire temi importanti per la formazione, [&hellip;]<\/p>\n","protected":false},"author":5,"featured_media":40214,"comment_status":"closed","ping_status":"closed","sticky":false,"template":"","format":"standard","meta":{"_acf_changed":false,"_et_pb_use_builder":"","_et_pb_old_content":"","_et_gb_content_width":"","footnotes":"","_links_to":"","_links_to_target":""},"categories":[609,766],"tags":[],"class_list":["post-40249","post","type-post","status-publish","format-standard","has-post-thumbnail","hentry","category-italia-it","category-espana-it"],"acf":[],"yoast_head":"<!-- This site is optimized with the Yoast SEO plugin v27.5 - https:\/\/yoast.com\/product\/yoast-seo-wordpress\/ -->\n<title>Sessione formativa Italia-Spagna - Filles de la Charit\u00e9<\/title>\n<meta name=\"robots\" content=\"index, follow, max-snippet:-1, max-image-preview:large, max-video-preview:-1\" \/>\n<link rel=\"canonical\" href=\"https:\/\/filles-de-la-charite.org\/it\/sesion-formativa-italia-espana\/\" \/>\n<meta property=\"og:locale\" content=\"it_IT\" \/>\n<meta property=\"og:type\" content=\"article\" \/>\n<meta property=\"og:title\" content=\"Sessione formativa Italia-Spagna - Filles de la Charit\u00e9\" \/>\n<meta property=\"og:description\" content=\"Nel mese di settembre, le giovani Suore che non hanno ancora pronunciato i voti della Spagna e dell&#8217;Italia, nonch\u00e8 quelle del Seminario Interprovinciale hanno avuto l\u2019opportunit\u00e0 di partecipare a Madrid ad un incontro di formazione iniziato il 3 e terminato il 22. Venti giorni durante i quali abbiamo potuto approfondire temi importanti per la formazione, [&hellip;]\" \/>\n<meta property=\"og:url\" content=\"https:\/\/filles-de-la-charite.org\/it\/sesion-formativa-italia-espana\/\" \/>\n<meta property=\"og:site_name\" content=\"Filles de la Charit\u00e9\" \/>\n<meta property=\"article:published_time\" content=\"2024-11-18T21:12:39+00:00\" \/>\n<meta property=\"article:modified_time\" content=\"2024-11-23T22:52:13+00:00\" \/>\n<meta property=\"og:image\" content=\"https:\/\/filles-de-la-charite.org\/wp-content\/uploads\/2024\/11\/Incontro-Intensivo-Giovani-FdC-Italia-Spagna-2\u00b0-settimana_page2_image10.jpg\" \/>\n\t<meta property=\"og:image:width\" content=\"1600\" \/>\n\t<meta property=\"og:image:height\" content=\"1200\" \/>\n\t<meta property=\"og:image:type\" content=\"image\/jpeg\" \/>\n<meta name=\"author\" content=\"SOR MARTA\" \/>\n<meta name=\"twitter:card\" content=\"summary_large_image\" \/>\n<meta name=\"twitter:label1\" content=\"Scritto da\" \/>\n\t<meta name=\"twitter:data1\" content=\"SOR MARTA\" \/>\n\t<meta name=\"twitter:label2\" content=\"Tempo di lettura stimato\" \/>\n\t<meta name=\"twitter:data2\" content=\"4 minuti\" \/>\n<script type=\"application\/ld+json\" class=\"yoast-schema-graph\">{\"@context\":\"https:\\\/\\\/schema.org\",\"@graph\":[{\"@type\":\"Article\",\"@id\":\"https:\\\/\\\/filles-de-la-charite.org\\\/it\\\/sesion-formativa-italia-espana\\\/#article\",\"isPartOf\":{\"@id\":\"https:\\\/\\\/filles-de-la-charite.org\\\/it\\\/sesion-formativa-italia-espana\\\/\"},\"author\":{\"name\":\"SOR MARTA\",\"@id\":\"https:\\\/\\\/filles-de-la-charite.org\\\/it\\\/#\\\/schema\\\/person\\\/0c922b6ca71280639858d297b3a7209f\"},\"headline\":\"Sessione formativa Italia-Spagna\",\"datePublished\":\"2024-11-18T21:12:39+00:00\",\"dateModified\":\"2024-11-23T22:52:13+00:00\",\"mainEntityOfPage\":{\"@id\":\"https:\\\/\\\/filles-de-la-charite.org\\\/it\\\/sesion-formativa-italia-espana\\\/\"},\"wordCount\":668,\"publisher\":{\"@id\":\"https:\\\/\\\/filles-de-la-charite.org\\\/it\\\/#organization\"},\"image\":{\"@id\":\"https:\\\/\\\/filles-de-la-charite.org\\\/it\\\/sesion-formativa-italia-espana\\\/#primaryimage\"},\"thumbnailUrl\":\"https:\\\/\\\/filles-de-la-charite.org\\\/wp-content\\\/uploads\\\/2024\\\/11\\\/Incontro-Intensivo-Giovani-FdC-Italia-Spagna-2\u00b0-settimana_page2_image10.jpg\",\"articleSection\":[\"Italia\",\"Spagna\"],\"inLanguage\":\"it-IT\"},{\"@type\":\"WebPage\",\"@id\":\"https:\\\/\\\/filles-de-la-charite.org\\\/it\\\/sesion-formativa-italia-espana\\\/\",\"url\":\"https:\\\/\\\/filles-de-la-charite.org\\\/it\\\/sesion-formativa-italia-espana\\\/\",\"name\":\"Sessione formativa Italia-Spagna - Filles de la Charit\u00e9\",\"isPartOf\":{\"@id\":\"https:\\\/\\\/filles-de-la-charite.org\\\/it\\\/#website\"},\"primaryImageOfPage\":{\"@id\":\"https:\\\/\\\/filles-de-la-charite.org\\\/it\\\/sesion-formativa-italia-espana\\\/#primaryimage\"},\"image\":{\"@id\":\"https:\\\/\\\/filles-de-la-charite.org\\\/it\\\/sesion-formativa-italia-espana\\\/#primaryimage\"},\"thumbnailUrl\":\"https:\\\/\\\/filles-de-la-charite.org\\\/wp-content\\\/uploads\\\/2024\\\/11\\\/Incontro-Intensivo-Giovani-FdC-Italia-Spagna-2\u00b0-settimana_page2_image10.jpg\",\"datePublished\":\"2024-11-18T21:12:39+00:00\",\"dateModified\":\"2024-11-23T22:52:13+00:00\",\"breadcrumb\":{\"@id\":\"https:\\\/\\\/filles-de-la-charite.org\\\/it\\\/sesion-formativa-italia-espana\\\/#breadcrumb\"},\"inLanguage\":\"it-IT\",\"potentialAction\":[{\"@type\":\"ReadAction\",\"target\":[\"https:\\\/\\\/filles-de-la-charite.org\\\/it\\\/sesion-formativa-italia-espana\\\/\"]}]},{\"@type\":\"ImageObject\",\"inLanguage\":\"it-IT\",\"@id\":\"https:\\\/\\\/filles-de-la-charite.org\\\/it\\\/sesion-formativa-italia-espana\\\/#primaryimage\",\"url\":\"https:\\\/\\\/filles-de-la-charite.org\\\/wp-content\\\/uploads\\\/2024\\\/11\\\/Incontro-Intensivo-Giovani-FdC-Italia-Spagna-2\u00b0-settimana_page2_image10.jpg\",\"contentUrl\":\"https:\\\/\\\/filles-de-la-charite.org\\\/wp-content\\\/uploads\\\/2024\\\/11\\\/Incontro-Intensivo-Giovani-FdC-Italia-Spagna-2\u00b0-settimana_page2_image10.jpg\",\"width\":1600,\"height\":1200},{\"@type\":\"BreadcrumbList\",\"@id\":\"https:\\\/\\\/filles-de-la-charite.org\\\/it\\\/sesion-formativa-italia-espana\\\/#breadcrumb\",\"itemListElement\":[{\"@type\":\"ListItem\",\"position\":1,\"name\":\"Italia\",\"item\":\"https:\\\/\\\/filles-de-la-charite.org\\\/it\\\/category\\\/italia-it\\\/\"},{\"@type\":\"ListItem\",\"position\":2,\"name\":\"Sessione formativa Italia-Spagna\"}]},{\"@type\":\"WebSite\",\"@id\":\"https:\\\/\\\/filles-de-la-charite.org\\\/it\\\/#website\",\"url\":\"https:\\\/\\\/filles-de-la-charite.org\\\/it\\\/\",\"name\":\"Hijas de la Caridad\",\"description\":\"L\u2019amour de J\u00e9sus nous presse \u00e0 prendre soin des personnes les plus d\u00e9munies\",\"publisher\":{\"@id\":\"https:\\\/\\\/filles-de-la-charite.org\\\/it\\\/#organization\"},\"potentialAction\":[{\"@type\":\"SearchAction\",\"target\":{\"@type\":\"EntryPoint\",\"urlTemplate\":\"https:\\\/\\\/filles-de-la-charite.org\\\/it\\\/?s={search_term_string}\"},\"query-input\":{\"@type\":\"PropertyValueSpecification\",\"valueRequired\":true,\"valueName\":\"search_term_string\"}}],\"inLanguage\":\"it-IT\"},{\"@type\":\"Organization\",\"@id\":\"https:\\\/\\\/filles-de-la-charite.org\\\/it\\\/#organization\",\"name\":\"Hijas de la Caridad\",\"url\":\"https:\\\/\\\/filles-de-la-charite.org\\\/it\\\/\",\"logo\":{\"@type\":\"ImageObject\",\"inLanguage\":\"it-IT\",\"@id\":\"https:\\\/\\\/filles-de-la-charite.org\\\/it\\\/#\\\/schema\\\/logo\\\/image\\\/\",\"url\":\"https:\\\/\\\/filles-de-la-charite.org\\\/wp-content\\\/uploads\\\/2023\\\/03\\\/isotipo-Hijas-de-la-Caridad.png\",\"contentUrl\":\"https:\\\/\\\/filles-de-la-charite.org\\\/wp-content\\\/uploads\\\/2023\\\/03\\\/isotipo-Hijas-de-la-Caridad.png\",\"width\":1417,\"height\":1417,\"caption\":\"Hijas de la Caridad\"},\"image\":{\"@id\":\"https:\\\/\\\/filles-de-la-charite.org\\\/it\\\/#\\\/schema\\\/logo\\\/image\\\/\"}},{\"@type\":\"Person\",\"@id\":\"https:\\\/\\\/filles-de-la-charite.org\\\/it\\\/#\\\/schema\\\/person\\\/0c922b6ca71280639858d297b3a7209f\",\"name\":\"SOR MARTA\",\"image\":{\"@type\":\"ImageObject\",\"inLanguage\":\"it-IT\",\"@id\":\"https:\\\/\\\/secure.gravatar.com\\\/avatar\\\/d2c45b0fd6bf2d3e2670ab3d112257c24ac80fa960360bba1bdc0676485d1d09?s=96&d=mm&r=g\",\"url\":\"https:\\\/\\\/secure.gravatar.com\\\/avatar\\\/d2c45b0fd6bf2d3e2670ab3d112257c24ac80fa960360bba1bdc0676485d1d09?s=96&d=mm&r=g\",\"contentUrl\":\"https:\\\/\\\/secure.gravatar.com\\\/avatar\\\/d2c45b0fd6bf2d3e2670ab3d112257c24ac80fa960360bba1bdc0676485d1d09?s=96&d=mm&r=g\",\"caption\":\"SOR MARTA\"},\"url\":\"https:\\\/\\\/filles-de-la-charite.org\\\/it\\\/author\\\/martaemn\\\/\"}]}<\/script>\n<!-- \/ Yoast SEO plugin. -->","yoast_head_json":{"title":"Sessione formativa Italia-Spagna - Filles de la Charit\u00e9","robots":{"index":"index","follow":"follow","max-snippet":"max-snippet:-1","max-image-preview":"max-image-preview:large","max-video-preview":"max-video-preview:-1"},"canonical":"https:\/\/filles-de-la-charite.org\/it\/sesion-formativa-italia-espana\/","og_locale":"it_IT","og_type":"article","og_title":"Sessione formativa Italia-Spagna - Filles de la Charit\u00e9","og_description":"Nel mese di settembre, le giovani Suore che non hanno ancora pronunciato i voti della Spagna e dell&#8217;Italia, nonch\u00e8 quelle del Seminario Interprovinciale hanno avuto l\u2019opportunit\u00e0 di partecipare a Madrid ad un incontro di formazione iniziato il 3 e terminato il 22. Venti giorni durante i quali abbiamo potuto approfondire temi importanti per la formazione, [&hellip;]","og_url":"https:\/\/filles-de-la-charite.org\/it\/sesion-formativa-italia-espana\/","og_site_name":"Filles de la Charit\u00e9","article_published_time":"2024-11-18T21:12:39+00:00","article_modified_time":"2024-11-23T22:52:13+00:00","og_image":[{"width":1600,"height":1200,"url":"https:\/\/filles-de-la-charite.org\/wp-content\/uploads\/2024\/11\/Incontro-Intensivo-Giovani-FdC-Italia-Spagna-2\u00b0-settimana_page2_image10.jpg","type":"image\/jpeg"}],"author":"SOR MARTA","twitter_card":"summary_large_image","twitter_misc":{"Scritto da":"SOR MARTA","Tempo di lettura stimato":"4 minuti"},"schema":{"@context":"https:\/\/schema.org","@graph":[{"@type":"Article","@id":"https:\/\/filles-de-la-charite.org\/it\/sesion-formativa-italia-espana\/#article","isPartOf":{"@id":"https:\/\/filles-de-la-charite.org\/it\/sesion-formativa-italia-espana\/"},"author":{"name":"SOR MARTA","@id":"https:\/\/filles-de-la-charite.org\/it\/#\/schema\/person\/0c922b6ca71280639858d297b3a7209f"},"headline":"Sessione formativa Italia-Spagna","datePublished":"2024-11-18T21:12:39+00:00","dateModified":"2024-11-23T22:52:13+00:00","mainEntityOfPage":{"@id":"https:\/\/filles-de-la-charite.org\/it\/sesion-formativa-italia-espana\/"},"wordCount":668,"publisher":{"@id":"https:\/\/filles-de-la-charite.org\/it\/#organization"},"image":{"@id":"https:\/\/filles-de-la-charite.org\/it\/sesion-formativa-italia-espana\/#primaryimage"},"thumbnailUrl":"https:\/\/filles-de-la-charite.org\/wp-content\/uploads\/2024\/11\/Incontro-Intensivo-Giovani-FdC-Italia-Spagna-2\u00b0-settimana_page2_image10.jpg","articleSection":["Italia","Spagna"],"inLanguage":"it-IT"},{"@type":"WebPage","@id":"https:\/\/filles-de-la-charite.org\/it\/sesion-formativa-italia-espana\/","url":"https:\/\/filles-de-la-charite.org\/it\/sesion-formativa-italia-espana\/","name":"Sessione formativa Italia-Spagna - Filles de la Charit\u00e9","isPartOf":{"@id":"https:\/\/filles-de-la-charite.org\/it\/#website"},"primaryImageOfPage":{"@id":"https:\/\/filles-de-la-charite.org\/it\/sesion-formativa-italia-espana\/#primaryimage"},"image":{"@id":"https:\/\/filles-de-la-charite.org\/it\/sesion-formativa-italia-espana\/#primaryimage"},"thumbnailUrl":"https:\/\/filles-de-la-charite.org\/wp-content\/uploads\/2024\/11\/Incontro-Intensivo-Giovani-FdC-Italia-Spagna-2\u00b0-settimana_page2_image10.jpg","datePublished":"2024-11-18T21:12:39+00:00","dateModified":"2024-11-23T22:52:13+00:00","breadcrumb":{"@id":"https:\/\/filles-de-la-charite.org\/it\/sesion-formativa-italia-espana\/#breadcrumb"},"inLanguage":"it-IT","potentialAction":[{"@type":"ReadAction","target":["https:\/\/filles-de-la-charite.org\/it\/sesion-formativa-italia-espana\/"]}]},{"@type":"ImageObject","inLanguage":"it-IT","@id":"https:\/\/filles-de-la-charite.org\/it\/sesion-formativa-italia-espana\/#primaryimage","url":"https:\/\/filles-de-la-charite.org\/wp-content\/uploads\/2024\/11\/Incontro-Intensivo-Giovani-FdC-Italia-Spagna-2\u00b0-settimana_page2_image10.jpg","contentUrl":"https:\/\/filles-de-la-charite.org\/wp-content\/uploads\/2024\/11\/Incontro-Intensivo-Giovani-FdC-Italia-Spagna-2\u00b0-settimana_page2_image10.jpg","width":1600,"height":1200},{"@type":"BreadcrumbList","@id":"https:\/\/filles-de-la-charite.org\/it\/sesion-formativa-italia-espana\/#breadcrumb","itemListElement":[{"@type":"ListItem","position":1,"name":"Italia","item":"https:\/\/filles-de-la-charite.org\/it\/category\/italia-it\/"},{"@type":"ListItem","position":2,"name":"Sessione formativa Italia-Spagna"}]},{"@type":"WebSite","@id":"https:\/\/filles-de-la-charite.org\/it\/#website","url":"https:\/\/filles-de-la-charite.org\/it\/","name":"Hijas de la Caridad","description":"L\u2019amour de J\u00e9sus nous presse \u00e0 prendre soin des personnes les plus d\u00e9munies","publisher":{"@id":"https:\/\/filles-de-la-charite.org\/it\/#organization"},"potentialAction":[{"@type":"SearchAction","target":{"@type":"EntryPoint","urlTemplate":"https:\/\/filles-de-la-charite.org\/it\/?s={search_term_string}"},"query-input":{"@type":"PropertyValueSpecification","valueRequired":true,"valueName":"search_term_string"}}],"inLanguage":"it-IT"},{"@type":"Organization","@id":"https:\/\/filles-de-la-charite.org\/it\/#organization","name":"Hijas de la Caridad","url":"https:\/\/filles-de-la-charite.org\/it\/","logo":{"@type":"ImageObject","inLanguage":"it-IT","@id":"https:\/\/filles-de-la-charite.org\/it\/#\/schema\/logo\/image\/","url":"https:\/\/filles-de-la-charite.org\/wp-content\/uploads\/2023\/03\/isotipo-Hijas-de-la-Caridad.png","contentUrl":"https:\/\/filles-de-la-charite.org\/wp-content\/uploads\/2023\/03\/isotipo-Hijas-de-la-Caridad.png","width":1417,"height":1417,"caption":"Hijas de la Caridad"},"image":{"@id":"https:\/\/filles-de-la-charite.org\/it\/#\/schema\/logo\/image\/"}},{"@type":"Person","@id":"https:\/\/filles-de-la-charite.org\/it\/#\/schema\/person\/0c922b6ca71280639858d297b3a7209f","name":"SOR MARTA","image":{"@type":"ImageObject","inLanguage":"it-IT","@id":"https:\/\/secure.gravatar.com\/avatar\/d2c45b0fd6bf2d3e2670ab3d112257c24ac80fa960360bba1bdc0676485d1d09?s=96&d=mm&r=g","url":"https:\/\/secure.gravatar.com\/avatar\/d2c45b0fd6bf2d3e2670ab3d112257c24ac80fa960360bba1bdc0676485d1d09?s=96&d=mm&r=g","contentUrl":"https:\/\/secure.gravatar.com\/avatar\/d2c45b0fd6bf2d3e2670ab3d112257c24ac80fa960360bba1bdc0676485d1d09?s=96&d=mm&r=g","caption":"SOR MARTA"},"url":"https:\/\/filles-de-la-charite.org\/it\/author\/martaemn\/"}]}},"_links":{"self":[{"href":"https:\/\/filles-de-la-charite.org\/it\/wp-json\/wp\/v2\/posts\/40249","targetHints":{"allow":["GET"]}}],"collection":[{"href":"https:\/\/filles-de-la-charite.org\/it\/wp-json\/wp\/v2\/posts"}],"about":[{"href":"https:\/\/filles-de-la-charite.org\/it\/wp-json\/wp\/v2\/types\/post"}],"author":[{"embeddable":true,"href":"https:\/\/filles-de-la-charite.org\/it\/wp-json\/wp\/v2\/users\/5"}],"replies":[{"embeddable":true,"href":"https:\/\/filles-de-la-charite.org\/it\/wp-json\/wp\/v2\/comments?post=40249"}],"version-history":[{"count":4,"href":"https:\/\/filles-de-la-charite.org\/it\/wp-json\/wp\/v2\/posts\/40249\/revisions"}],"predecessor-version":[{"id":40587,"href":"https:\/\/filles-de-la-charite.org\/it\/wp-json\/wp\/v2\/posts\/40249\/revisions\/40587"}],"wp:featuredmedia":[{"embeddable":true,"href":"https:\/\/filles-de-la-charite.org\/it\/wp-json\/wp\/v2\/media\/40214"}],"wp:attachment":[{"href":"https:\/\/filles-de-la-charite.org\/it\/wp-json\/wp\/v2\/media?parent=40249"}],"wp:term":[{"taxonomy":"category","embeddable":true,"href":"https:\/\/filles-de-la-charite.org\/it\/wp-json\/wp\/v2\/categories?post=40249"},{"taxonomy":"post_tag","embeddable":true,"href":"https:\/\/filles-de-la-charite.org\/it\/wp-json\/wp\/v2\/tags?post=40249"}],"curies":[{"name":"wp","href":"https:\/\/api.w.org\/{rel}","templated":true}]}}