{"id":40339,"date":"2024-11-19T18:44:00","date_gmt":"2024-11-19T17:44:00","guid":{"rendered":"https:\/\/filles-de-la-charite.org\/?p=40339"},"modified":"2024-11-19T00:17:59","modified_gmt":"2024-11-18T23:17:59","slug":"vii-encuentro-interprovincial-de-hermanas-jovenes-del-nordeste-de-brasil-peregrinas-de-la-caridad","status":"publish","type":"post","link":"https:\/\/filles-de-la-charite.org\/it\/vii-encuentro-interprovincial-de-hermanas-jovenes-del-nordeste-de-brasil-peregrinas-de-la-caridad\/","title":{"rendered":"Incontro interprovinciale delle giovani Suore del Nord-est del Brasile: &#8220;Pellegrine della Carit\u00e0&#8221;"},"content":{"rendered":"\n<p>Dal 10 al 15 ottobre 2024, presso l&#8217;Istituto Notre-Dame de Salette, a Salvador, Bahia, Brasile, si \u00e8 svolto il VII Incontro interprovinciale delle giovani Suore delle Province d\u2019Amazzonia, Fortaleza e Recife (Brasile). Il tema dell\u2019Incontro dal titolo \u201cPellegrini della Carit\u00e0\u201d e il motto: \u00abCon fede, speranza e carit\u00e0 sul cammino di san Vincenzo e santa Luisa\u00bb. La Parola della Scrittura che ha guidato tutto il nostro incontro: \u00abQueste dunque le tre cose che rimangono: la fede, la speranza e la carit\u00e0; ma di tutte pi\u00f9 grande \u00e8 la carit\u00e0!\u00bb (1 Cor 13,13).<\/p>\n\n\n\n<p>L&#8217;Incontro \u00e8 iniziato con una festosa celebrazione nell&#8217;auditorium dell&#8217;Istituto Notre-Dame de la Salette, che ha messo in risalto la storia della Compagnia e la cultura baiana.<\/p>\n\n\n\n<figure class=\"wp-block-image size-large\"><img loading=\"lazy\" decoding=\"async\" width=\"1024\" height=\"576\" src=\"https:\/\/filles-de-la-charite.org\/wp-content\/uploads\/2024\/11\/WhatsApp-Image-2024-11-16-at-12.27.24-1-1024x576.jpeg\" alt=\"\" class=\"wp-image-40264\" srcset=\"https:\/\/filles-de-la-charite.org\/wp-content\/uploads\/2024\/11\/WhatsApp-Image-2024-11-16-at-12.27.24-1-980x551.jpeg 980w, https:\/\/filles-de-la-charite.org\/wp-content\/uploads\/2024\/11\/WhatsApp-Image-2024-11-16-at-12.27.24-1-480x270.jpeg 480w\" sizes=\"(min-width: 0px) and (max-width: 480px) 480px, (min-width: 481px) and (max-width: 980px) 980px, (min-width: 981px) 1024px, 100vw\" \/><\/figure>\n\n\n\n<p>Suor Patr\u00edcia Cala\u00e7a, Visitatrice della Provincia di Recife, ha ricordato l&#8217;arrivo delle prime Figlie della Carit\u00e0 di san Vincenzo de Paoli, di origini francesi, a Bahia\/Brasile nel 1853 e ha reso omaggio alla pioniera Marguerite Naseau.<\/p>\n\n\n\n<p>Suor Maria Helena Azevedo, DC, 89 anni, devoto membro della Compagnia, piena di vivacit\u00e0, con le Suore della Comunit\u00e0 La Salette, ci ha raccontato la storia dell&#8217;arrivo delle Suore in Brasile e poi in Salvador.<\/p>\n\n\n\n<p>Suor Maria Cristina D&#8217;Abruzzo, Figlia della Carit\u00e0 della Provincia di Rio de Janeiro, ci ha aiutato a riflettere sulla nostra vocazione di \u201cPellegrine della Carit\u00e0\u201d per vivere meglio la carit\u00e0, la fraternit\u00e0 e il perdono. Quel giorno abbiamo meditato il santo Rosario nella cappella dove sono conservate le reliquie della Beata Lindalva Justo: un momento unico e colmo di tante grazie.<\/p>\n\n\n\n<figure class=\"wp-block-image size-large\"><img loading=\"lazy\" decoding=\"async\" width=\"768\" height=\"1024\" src=\"https:\/\/filles-de-la-charite.org\/wp-content\/uploads\/2024\/11\/WhatsApp-Image-2024-11-16-at-12.27.25-768x1024.jpeg\" alt=\"\" class=\"wp-image-40276\"\/><\/figure>\n\n\n\n<p>Padre Cl\u00edstenes Natal, Direttore provinciale della Provincia di Recife ci ha detto che \u00e8 essenziale essere zelanti per il nostro carisma e ricordare che cosa ci ha affascinato quando abbiamo sentito la chiamata e che cosa, ancora oggi, ci affascina nella Compagnia. Abbiamo visto il film <em>Net of Freedom<\/em>, che raffigura l&#8217;ardente carit\u00e0 del cuore della Figlia della Carit\u00e0, Helena Studler, la cui compassione ispir\u00f2 molti altri a salvare le vite di centinaia di rifugiati francesi.<\/p>\n\n\n\n<p>Abbiamo avuto il piacere di far visita a Fratel Henrique, pellegrino della Trinit\u00e0, che ha condiviso la sua bella missione con i senzatetto. Abbiamo visitato il Santuario di Santa Dulce dei Poveri e, in spirito di fede, abbiamo ricordato il dono della sua vita ai pi\u00f9 poveri essendo conosciuto come il \u201cBuon Angelo di Bahia\u201d. Abbiamo avuto la grazia di visitare la Cappella del Martirio della Beata Lindalva, e qui abbiamo celebrato l&#8217;Eucaristia con Fratel \u00cdcaro Brito, OFMCap, cappellano del Santuario di Santa Dulce. La mattinata si \u00e8 conclusa con un momento di fraternit\u00e0 insieme alle Suore della scuola della Medaglia Miracolosa di Salvador. Rientrate al nostro luogo d&#8217;incontro, abbiamo vissuto un ricco momento di condivisione delle nostre esperienze vissute durante la mattinata.<\/p>\n\n\n\n<figure class=\"wp-block-image size-large\"><img loading=\"lazy\" decoding=\"async\" width=\"1024\" height=\"768\" src=\"https:\/\/filles-de-la-charite.org\/wp-content\/uploads\/2024\/11\/WhatsApp-Image-2024-11-16-at-12.27.25-1-1024x768.jpeg\" alt=\"\" class=\"wp-image-40270\" srcset=\"https:\/\/filles-de-la-charite.org\/wp-content\/uploads\/2024\/11\/WhatsApp-Image-2024-11-16-at-12.27.25-1-980x735.jpeg 980w, https:\/\/filles-de-la-charite.org\/wp-content\/uploads\/2024\/11\/WhatsApp-Image-2024-11-16-at-12.27.25-1-480x360.jpeg 480w\" sizes=\"(min-width: 0px) and (max-width: 480px) 480px, (min-width: 481px) and (max-width: 980px) 980px, (min-width: 981px) 1024px, 100vw\" \/><\/figure>\n\n\n\n<p>Le Visitatrici delle tre Province &#8211; Suor Patr\u00edcia Almeida (Recife), Suor Maria Rosilda (Amazzonia) e Suor Luzia Feitosa (Fortaleza) &#8211; ci hanno aiutato a riflettere sugli atteggiamenti pratici e semplici, necessari per \u00abPassare da una vita in comune a una vita in comunione\u00bb, come richiesto nel documento Inter-Assemblee (2021-2027). Ci hanno presentato aspetti importanti di questa dinamica nella nostra vita: hanno posto l&#8217;accento sul nostro stile di vita e sulla nostra missione, sull&#8217;ascolto reciproco e l&#8217;uso equilibrato dei media, cos\u00ec come sulla vita di comunione che genera comunit\u00e0 umanizzate e umanizzanti. \u00c8 stato un momento ricco di fruttuosa condivisione.<\/p>\n\n\n\n<p>Suor S\u00f4nia Maria de Lima, Economa della Provincia di Recife, ci ha aiutato ad assumerci oggi la responsabilit\u00e0 dell&#8217;amministrazione dei beni dei poveri, rivalutando il nostro stile di vita e la nostra povert\u00e0 interiore ed esteriore per \u00abessere corresponsabili, con fede, speranza e carit\u00e0, secondo lo stile di San Vincenzo e Santa Luisa, della Compagnia del futuro\u00bb.<\/p>\n\n\n\n<p>Durante l&#8217;incontro ci siamo riunite per Provincia al fine di riflettere, confrontarci e prendere propositi concreti da vivere quotidianamente, attente alla preghiera, alla vita fraterna e al servizio. Sono stati momenti di condivisione, di preghiera per riaffermare il nostro impegno nella missione delle Suore, che ci hanno permesso di ritornare nelle nostre comunit\u00e0 locali con rinnovato entusiasmo.<\/p>\n\n\n\n<figure class=\"wp-block-image size-large\"><img loading=\"lazy\" decoding=\"async\" width=\"1024\" height=\"768\" src=\"https:\/\/filles-de-la-charite.org\/wp-content\/uploads\/2024\/11\/WhatsApp-Image-2024-11-16-at-12.27.23-1024x768.jpeg\" alt=\"\" class=\"wp-image-40288\" srcset=\"https:\/\/filles-de-la-charite.org\/wp-content\/uploads\/2024\/11\/WhatsApp-Image-2024-11-16-at-12.27.23-1024x768.jpeg 1024w, https:\/\/filles-de-la-charite.org\/wp-content\/uploads\/2024\/11\/WhatsApp-Image-2024-11-16-at-12.27.23-980x735.jpeg 980w, https:\/\/filles-de-la-charite.org\/wp-content\/uploads\/2024\/11\/WhatsApp-Image-2024-11-16-at-12.27.23-480x360.jpeg 480w\" sizes=\"(min-width: 0px) and (max-width: 480px) 480px, (min-width: 481px) and (max-width: 980px) 980px, (min-width: 981px) 1024px, 100vw\" \/><\/figure>\n","protected":false},"excerpt":{"rendered":"<p>Dal 10 al 15 ottobre 2024, presso l&#8217;Istituto Notre-Dame de Salette, a Salvador, Bahia, Brasile, si \u00e8 svolto il VII Incontro interprovinciale delle giovani Suore delle Province d\u2019Amazzonia, Fortaleza e Recife (Brasile). Il tema dell\u2019Incontro dal titolo \u201cPellegrini della Carit\u00e0\u201d e il motto: \u00abCon fede, speranza e carit\u00e0 sul cammino di san Vincenzo e santa [&hellip;]<\/p>\n","protected":false},"author":5,"featured_media":40285,"comment_status":"closed","ping_status":"closed","sticky":false,"template":"","format":"standard","meta":{"_acf_changed":false,"_et_pb_use_builder":"","_et_pb_old_content":"","_et_gb_content_width":"","footnotes":"","_links_to":"","_links_to_target":""},"categories":[849,854],"tags":[],"class_list":["post-40339","post","type-post","status-publish","format-standard","has-post-thumbnail","hentry","category-brasil","category-brasile"],"acf":[],"yoast_head":"<!-- This site is optimized with the Yoast SEO plugin v27.5 - https:\/\/yoast.com\/product\/yoast-seo-wordpress\/ -->\n<title>Incontro interprovinciale delle giovani Suore del Nord-est del Brasile: &quot;Pellegrine della Carit\u00e0&quot; - Filles de la Charit\u00e9<\/title>\n<meta name=\"robots\" content=\"index, follow, max-snippet:-1, max-image-preview:large, max-video-preview:-1\" \/>\n<link rel=\"canonical\" href=\"https:\/\/filles-de-la-charite.org\/it\/vii-encuentro-interprovincial-de-hermanas-jovenes-del-nordeste-de-brasil-peregrinas-de-la-caridad\/\" \/>\n<meta property=\"og:locale\" content=\"it_IT\" \/>\n<meta property=\"og:type\" content=\"article\" \/>\n<meta property=\"og:title\" content=\"Incontro interprovinciale delle giovani Suore del Nord-est del Brasile: &quot;Pellegrine della Carit\u00e0&quot; - Filles de la Charit\u00e9\" \/>\n<meta property=\"og:description\" content=\"Dal 10 al 15 ottobre 2024, presso l&#8217;Istituto Notre-Dame de Salette, a Salvador, Bahia, Brasile, si \u00e8 svolto il VII Incontro interprovinciale delle giovani Suore delle Province d\u2019Amazzonia, Fortaleza e Recife (Brasile). Il tema dell\u2019Incontro dal titolo \u201cPellegrini della Carit\u00e0\u201d e il motto: \u00abCon fede, speranza e carit\u00e0 sul cammino di san Vincenzo e santa [&hellip;]\" \/>\n<meta property=\"og:url\" content=\"https:\/\/filles-de-la-charite.org\/it\/vii-encuentro-interprovincial-de-hermanas-jovenes-del-nordeste-de-brasil-peregrinas-de-la-caridad\/\" \/>\n<meta property=\"og:site_name\" content=\"Filles de la Charit\u00e9\" \/>\n<meta property=\"article:published_time\" content=\"2024-11-19T17:44:00+00:00\" \/>\n<meta property=\"og:image\" content=\"https:\/\/filles-de-la-charite.org\/wp-content\/uploads\/2024\/11\/WhatsApp-Image-2024-11-16-at-12.27.23-1.jpeg\" \/>\n\t<meta property=\"og:image:width\" content=\"1280\" \/>\n\t<meta property=\"og:image:height\" content=\"960\" \/>\n\t<meta property=\"og:image:type\" content=\"image\/jpeg\" \/>\n<meta name=\"author\" content=\"SOR MARTA\" \/>\n<meta name=\"twitter:card\" content=\"summary_large_image\" \/>\n<meta name=\"twitter:label1\" content=\"Scritto da\" \/>\n\t<meta name=\"twitter:data1\" content=\"SOR MARTA\" \/>\n\t<meta name=\"twitter:label2\" content=\"Tempo di lettura stimato\" \/>\n\t<meta name=\"twitter:data2\" content=\"5 minuti\" \/>\n<script type=\"application\/ld+json\" class=\"yoast-schema-graph\">{\"@context\":\"https:\\\/\\\/schema.org\",\"@graph\":[{\"@type\":\"Article\",\"@id\":\"https:\\\/\\\/filles-de-la-charite.org\\\/it\\\/vii-encuentro-interprovincial-de-hermanas-jovenes-del-nordeste-de-brasil-peregrinas-de-la-caridad\\\/#article\",\"isPartOf\":{\"@id\":\"https:\\\/\\\/filles-de-la-charite.org\\\/it\\\/vii-encuentro-interprovincial-de-hermanas-jovenes-del-nordeste-de-brasil-peregrinas-de-la-caridad\\\/\"},\"author\":{\"name\":\"SOR MARTA\",\"@id\":\"https:\\\/\\\/filles-de-la-charite.org\\\/it\\\/#\\\/schema\\\/person\\\/0c922b6ca71280639858d297b3a7209f\"},\"headline\":\"Incontro interprovinciale delle giovani Suore del Nord-est del Brasile: &#8220;Pellegrine della Carit\u00e0&#8221;\",\"datePublished\":\"2024-11-19T17:44:00+00:00\",\"mainEntityOfPage\":{\"@id\":\"https:\\\/\\\/filles-de-la-charite.org\\\/it\\\/vii-encuentro-interprovincial-de-hermanas-jovenes-del-nordeste-de-brasil-peregrinas-de-la-caridad\\\/\"},\"wordCount\":684,\"publisher\":{\"@id\":\"https:\\\/\\\/filles-de-la-charite.org\\\/it\\\/#organization\"},\"image\":{\"@id\":\"https:\\\/\\\/filles-de-la-charite.org\\\/it\\\/vii-encuentro-interprovincial-de-hermanas-jovenes-del-nordeste-de-brasil-peregrinas-de-la-caridad\\\/#primaryimage\"},\"thumbnailUrl\":\"https:\\\/\\\/filles-de-la-charite.org\\\/wp-content\\\/uploads\\\/2024\\\/11\\\/WhatsApp-Image-2024-11-16-at-12.27.23-1.jpeg\",\"articleSection\":[\"Brasil\",\"Brasile\"],\"inLanguage\":\"it-IT\"},{\"@type\":\"WebPage\",\"@id\":\"https:\\\/\\\/filles-de-la-charite.org\\\/it\\\/vii-encuentro-interprovincial-de-hermanas-jovenes-del-nordeste-de-brasil-peregrinas-de-la-caridad\\\/\",\"url\":\"https:\\\/\\\/filles-de-la-charite.org\\\/it\\\/vii-encuentro-interprovincial-de-hermanas-jovenes-del-nordeste-de-brasil-peregrinas-de-la-caridad\\\/\",\"name\":\"Incontro interprovinciale delle giovani Suore del Nord-est del Brasile: \\\"Pellegrine della Carit\u00e0\\\" - Filles de la Charit\u00e9\",\"isPartOf\":{\"@id\":\"https:\\\/\\\/filles-de-la-charite.org\\\/it\\\/#website\"},\"primaryImageOfPage\":{\"@id\":\"https:\\\/\\\/filles-de-la-charite.org\\\/it\\\/vii-encuentro-interprovincial-de-hermanas-jovenes-del-nordeste-de-brasil-peregrinas-de-la-caridad\\\/#primaryimage\"},\"image\":{\"@id\":\"https:\\\/\\\/filles-de-la-charite.org\\\/it\\\/vii-encuentro-interprovincial-de-hermanas-jovenes-del-nordeste-de-brasil-peregrinas-de-la-caridad\\\/#primaryimage\"},\"thumbnailUrl\":\"https:\\\/\\\/filles-de-la-charite.org\\\/wp-content\\\/uploads\\\/2024\\\/11\\\/WhatsApp-Image-2024-11-16-at-12.27.23-1.jpeg\",\"datePublished\":\"2024-11-19T17:44:00+00:00\",\"breadcrumb\":{\"@id\":\"https:\\\/\\\/filles-de-la-charite.org\\\/it\\\/vii-encuentro-interprovincial-de-hermanas-jovenes-del-nordeste-de-brasil-peregrinas-de-la-caridad\\\/#breadcrumb\"},\"inLanguage\":\"it-IT\",\"potentialAction\":[{\"@type\":\"ReadAction\",\"target\":[\"https:\\\/\\\/filles-de-la-charite.org\\\/it\\\/vii-encuentro-interprovincial-de-hermanas-jovenes-del-nordeste-de-brasil-peregrinas-de-la-caridad\\\/\"]}]},{\"@type\":\"ImageObject\",\"inLanguage\":\"it-IT\",\"@id\":\"https:\\\/\\\/filles-de-la-charite.org\\\/it\\\/vii-encuentro-interprovincial-de-hermanas-jovenes-del-nordeste-de-brasil-peregrinas-de-la-caridad\\\/#primaryimage\",\"url\":\"https:\\\/\\\/filles-de-la-charite.org\\\/wp-content\\\/uploads\\\/2024\\\/11\\\/WhatsApp-Image-2024-11-16-at-12.27.23-1.jpeg\",\"contentUrl\":\"https:\\\/\\\/filles-de-la-charite.org\\\/wp-content\\\/uploads\\\/2024\\\/11\\\/WhatsApp-Image-2024-11-16-at-12.27.23-1.jpeg\",\"width\":1280,\"height\":960},{\"@type\":\"BreadcrumbList\",\"@id\":\"https:\\\/\\\/filles-de-la-charite.org\\\/it\\\/vii-encuentro-interprovincial-de-hermanas-jovenes-del-nordeste-de-brasil-peregrinas-de-la-caridad\\\/#breadcrumb\",\"itemListElement\":[{\"@type\":\"ListItem\",\"position\":1,\"name\":\"Brasile\",\"item\":\"https:\\\/\\\/filles-de-la-charite.org\\\/it\\\/category\\\/brasile\\\/\"},{\"@type\":\"ListItem\",\"position\":2,\"name\":\"Incontro interprovinciale delle giovani Suore del Nord-est del Brasile: &#8220;Pellegrine della Carit\u00e0&#8221;\"}]},{\"@type\":\"WebSite\",\"@id\":\"https:\\\/\\\/filles-de-la-charite.org\\\/it\\\/#website\",\"url\":\"https:\\\/\\\/filles-de-la-charite.org\\\/it\\\/\",\"name\":\"Hijas de la Caridad\",\"description\":\"L\u2019amour de J\u00e9sus nous presse \u00e0 prendre soin des personnes les plus d\u00e9munies\",\"publisher\":{\"@id\":\"https:\\\/\\\/filles-de-la-charite.org\\\/it\\\/#organization\"},\"potentialAction\":[{\"@type\":\"SearchAction\",\"target\":{\"@type\":\"EntryPoint\",\"urlTemplate\":\"https:\\\/\\\/filles-de-la-charite.org\\\/it\\\/?s={search_term_string}\"},\"query-input\":{\"@type\":\"PropertyValueSpecification\",\"valueRequired\":true,\"valueName\":\"search_term_string\"}}],\"inLanguage\":\"it-IT\"},{\"@type\":\"Organization\",\"@id\":\"https:\\\/\\\/filles-de-la-charite.org\\\/it\\\/#organization\",\"name\":\"Hijas de la Caridad\",\"url\":\"https:\\\/\\\/filles-de-la-charite.org\\\/it\\\/\",\"logo\":{\"@type\":\"ImageObject\",\"inLanguage\":\"it-IT\",\"@id\":\"https:\\\/\\\/filles-de-la-charite.org\\\/it\\\/#\\\/schema\\\/logo\\\/image\\\/\",\"url\":\"https:\\\/\\\/filles-de-la-charite.org\\\/wp-content\\\/uploads\\\/2023\\\/03\\\/isotipo-Hijas-de-la-Caridad.png\",\"contentUrl\":\"https:\\\/\\\/filles-de-la-charite.org\\\/wp-content\\\/uploads\\\/2023\\\/03\\\/isotipo-Hijas-de-la-Caridad.png\",\"width\":1417,\"height\":1417,\"caption\":\"Hijas de la Caridad\"},\"image\":{\"@id\":\"https:\\\/\\\/filles-de-la-charite.org\\\/it\\\/#\\\/schema\\\/logo\\\/image\\\/\"}},{\"@type\":\"Person\",\"@id\":\"https:\\\/\\\/filles-de-la-charite.org\\\/it\\\/#\\\/schema\\\/person\\\/0c922b6ca71280639858d297b3a7209f\",\"name\":\"SOR MARTA\",\"image\":{\"@type\":\"ImageObject\",\"inLanguage\":\"it-IT\",\"@id\":\"https:\\\/\\\/secure.gravatar.com\\\/avatar\\\/d2c45b0fd6bf2d3e2670ab3d112257c24ac80fa960360bba1bdc0676485d1d09?s=96&d=mm&r=g\",\"url\":\"https:\\\/\\\/secure.gravatar.com\\\/avatar\\\/d2c45b0fd6bf2d3e2670ab3d112257c24ac80fa960360bba1bdc0676485d1d09?s=96&d=mm&r=g\",\"contentUrl\":\"https:\\\/\\\/secure.gravatar.com\\\/avatar\\\/d2c45b0fd6bf2d3e2670ab3d112257c24ac80fa960360bba1bdc0676485d1d09?s=96&d=mm&r=g\",\"caption\":\"SOR MARTA\"},\"url\":\"https:\\\/\\\/filles-de-la-charite.org\\\/it\\\/author\\\/martaemn\\\/\"}]}<\/script>\n<!-- \/ Yoast SEO plugin. -->","yoast_head_json":{"title":"Incontro interprovinciale delle giovani Suore del Nord-est del Brasile: \"Pellegrine della Carit\u00e0\" - Filles de la Charit\u00e9","robots":{"index":"index","follow":"follow","max-snippet":"max-snippet:-1","max-image-preview":"max-image-preview:large","max-video-preview":"max-video-preview:-1"},"canonical":"https:\/\/filles-de-la-charite.org\/it\/vii-encuentro-interprovincial-de-hermanas-jovenes-del-nordeste-de-brasil-peregrinas-de-la-caridad\/","og_locale":"it_IT","og_type":"article","og_title":"Incontro interprovinciale delle giovani Suore del Nord-est del Brasile: \"Pellegrine della Carit\u00e0\" - Filles de la Charit\u00e9","og_description":"Dal 10 al 15 ottobre 2024, presso l&#8217;Istituto Notre-Dame de Salette, a Salvador, Bahia, Brasile, si \u00e8 svolto il VII Incontro interprovinciale delle giovani Suore delle Province d\u2019Amazzonia, Fortaleza e Recife (Brasile). Il tema dell\u2019Incontro dal titolo \u201cPellegrini della Carit\u00e0\u201d e il motto: \u00abCon fede, speranza e carit\u00e0 sul cammino di san Vincenzo e santa [&hellip;]","og_url":"https:\/\/filles-de-la-charite.org\/it\/vii-encuentro-interprovincial-de-hermanas-jovenes-del-nordeste-de-brasil-peregrinas-de-la-caridad\/","og_site_name":"Filles de la Charit\u00e9","article_published_time":"2024-11-19T17:44:00+00:00","og_image":[{"width":1280,"height":960,"url":"https:\/\/filles-de-la-charite.org\/wp-content\/uploads\/2024\/11\/WhatsApp-Image-2024-11-16-at-12.27.23-1.jpeg","type":"image\/jpeg"}],"author":"SOR MARTA","twitter_card":"summary_large_image","twitter_misc":{"Scritto da":"SOR MARTA","Tempo di lettura stimato":"5 minuti"},"schema":{"@context":"https:\/\/schema.org","@graph":[{"@type":"Article","@id":"https:\/\/filles-de-la-charite.org\/it\/vii-encuentro-interprovincial-de-hermanas-jovenes-del-nordeste-de-brasil-peregrinas-de-la-caridad\/#article","isPartOf":{"@id":"https:\/\/filles-de-la-charite.org\/it\/vii-encuentro-interprovincial-de-hermanas-jovenes-del-nordeste-de-brasil-peregrinas-de-la-caridad\/"},"author":{"name":"SOR MARTA","@id":"https:\/\/filles-de-la-charite.org\/it\/#\/schema\/person\/0c922b6ca71280639858d297b3a7209f"},"headline":"Incontro interprovinciale delle giovani Suore del Nord-est del Brasile: &#8220;Pellegrine della Carit\u00e0&#8221;","datePublished":"2024-11-19T17:44:00+00:00","mainEntityOfPage":{"@id":"https:\/\/filles-de-la-charite.org\/it\/vii-encuentro-interprovincial-de-hermanas-jovenes-del-nordeste-de-brasil-peregrinas-de-la-caridad\/"},"wordCount":684,"publisher":{"@id":"https:\/\/filles-de-la-charite.org\/it\/#organization"},"image":{"@id":"https:\/\/filles-de-la-charite.org\/it\/vii-encuentro-interprovincial-de-hermanas-jovenes-del-nordeste-de-brasil-peregrinas-de-la-caridad\/#primaryimage"},"thumbnailUrl":"https:\/\/filles-de-la-charite.org\/wp-content\/uploads\/2024\/11\/WhatsApp-Image-2024-11-16-at-12.27.23-1.jpeg","articleSection":["Brasil","Brasile"],"inLanguage":"it-IT"},{"@type":"WebPage","@id":"https:\/\/filles-de-la-charite.org\/it\/vii-encuentro-interprovincial-de-hermanas-jovenes-del-nordeste-de-brasil-peregrinas-de-la-caridad\/","url":"https:\/\/filles-de-la-charite.org\/it\/vii-encuentro-interprovincial-de-hermanas-jovenes-del-nordeste-de-brasil-peregrinas-de-la-caridad\/","name":"Incontro interprovinciale delle giovani Suore del Nord-est del Brasile: \"Pellegrine della Carit\u00e0\" - Filles de la Charit\u00e9","isPartOf":{"@id":"https:\/\/filles-de-la-charite.org\/it\/#website"},"primaryImageOfPage":{"@id":"https:\/\/filles-de-la-charite.org\/it\/vii-encuentro-interprovincial-de-hermanas-jovenes-del-nordeste-de-brasil-peregrinas-de-la-caridad\/#primaryimage"},"image":{"@id":"https:\/\/filles-de-la-charite.org\/it\/vii-encuentro-interprovincial-de-hermanas-jovenes-del-nordeste-de-brasil-peregrinas-de-la-caridad\/#primaryimage"},"thumbnailUrl":"https:\/\/filles-de-la-charite.org\/wp-content\/uploads\/2024\/11\/WhatsApp-Image-2024-11-16-at-12.27.23-1.jpeg","datePublished":"2024-11-19T17:44:00+00:00","breadcrumb":{"@id":"https:\/\/filles-de-la-charite.org\/it\/vii-encuentro-interprovincial-de-hermanas-jovenes-del-nordeste-de-brasil-peregrinas-de-la-caridad\/#breadcrumb"},"inLanguage":"it-IT","potentialAction":[{"@type":"ReadAction","target":["https:\/\/filles-de-la-charite.org\/it\/vii-encuentro-interprovincial-de-hermanas-jovenes-del-nordeste-de-brasil-peregrinas-de-la-caridad\/"]}]},{"@type":"ImageObject","inLanguage":"it-IT","@id":"https:\/\/filles-de-la-charite.org\/it\/vii-encuentro-interprovincial-de-hermanas-jovenes-del-nordeste-de-brasil-peregrinas-de-la-caridad\/#primaryimage","url":"https:\/\/filles-de-la-charite.org\/wp-content\/uploads\/2024\/11\/WhatsApp-Image-2024-11-16-at-12.27.23-1.jpeg","contentUrl":"https:\/\/filles-de-la-charite.org\/wp-content\/uploads\/2024\/11\/WhatsApp-Image-2024-11-16-at-12.27.23-1.jpeg","width":1280,"height":960},{"@type":"BreadcrumbList","@id":"https:\/\/filles-de-la-charite.org\/it\/vii-encuentro-interprovincial-de-hermanas-jovenes-del-nordeste-de-brasil-peregrinas-de-la-caridad\/#breadcrumb","itemListElement":[{"@type":"ListItem","position":1,"name":"Brasile","item":"https:\/\/filles-de-la-charite.org\/it\/category\/brasile\/"},{"@type":"ListItem","position":2,"name":"Incontro interprovinciale delle giovani Suore del Nord-est del Brasile: &#8220;Pellegrine della Carit\u00e0&#8221;"}]},{"@type":"WebSite","@id":"https:\/\/filles-de-la-charite.org\/it\/#website","url":"https:\/\/filles-de-la-charite.org\/it\/","name":"Hijas de la Caridad","description":"L\u2019amour de J\u00e9sus nous presse \u00e0 prendre soin des personnes les plus d\u00e9munies","publisher":{"@id":"https:\/\/filles-de-la-charite.org\/it\/#organization"},"potentialAction":[{"@type":"SearchAction","target":{"@type":"EntryPoint","urlTemplate":"https:\/\/filles-de-la-charite.org\/it\/?s={search_term_string}"},"query-input":{"@type":"PropertyValueSpecification","valueRequired":true,"valueName":"search_term_string"}}],"inLanguage":"it-IT"},{"@type":"Organization","@id":"https:\/\/filles-de-la-charite.org\/it\/#organization","name":"Hijas de la Caridad","url":"https:\/\/filles-de-la-charite.org\/it\/","logo":{"@type":"ImageObject","inLanguage":"it-IT","@id":"https:\/\/filles-de-la-charite.org\/it\/#\/schema\/logo\/image\/","url":"https:\/\/filles-de-la-charite.org\/wp-content\/uploads\/2023\/03\/isotipo-Hijas-de-la-Caridad.png","contentUrl":"https:\/\/filles-de-la-charite.org\/wp-content\/uploads\/2023\/03\/isotipo-Hijas-de-la-Caridad.png","width":1417,"height":1417,"caption":"Hijas de la Caridad"},"image":{"@id":"https:\/\/filles-de-la-charite.org\/it\/#\/schema\/logo\/image\/"}},{"@type":"Person","@id":"https:\/\/filles-de-la-charite.org\/it\/#\/schema\/person\/0c922b6ca71280639858d297b3a7209f","name":"SOR MARTA","image":{"@type":"ImageObject","inLanguage":"it-IT","@id":"https:\/\/secure.gravatar.com\/avatar\/d2c45b0fd6bf2d3e2670ab3d112257c24ac80fa960360bba1bdc0676485d1d09?s=96&d=mm&r=g","url":"https:\/\/secure.gravatar.com\/avatar\/d2c45b0fd6bf2d3e2670ab3d112257c24ac80fa960360bba1bdc0676485d1d09?s=96&d=mm&r=g","contentUrl":"https:\/\/secure.gravatar.com\/avatar\/d2c45b0fd6bf2d3e2670ab3d112257c24ac80fa960360bba1bdc0676485d1d09?s=96&d=mm&r=g","caption":"SOR MARTA"},"url":"https:\/\/filles-de-la-charite.org\/it\/author\/martaemn\/"}]}},"_links":{"self":[{"href":"https:\/\/filles-de-la-charite.org\/it\/wp-json\/wp\/v2\/posts\/40339","targetHints":{"allow":["GET"]}}],"collection":[{"href":"https:\/\/filles-de-la-charite.org\/it\/wp-json\/wp\/v2\/posts"}],"about":[{"href":"https:\/\/filles-de-la-charite.org\/it\/wp-json\/wp\/v2\/types\/post"}],"author":[{"embeddable":true,"href":"https:\/\/filles-de-la-charite.org\/it\/wp-json\/wp\/v2\/users\/5"}],"replies":[{"embeddable":true,"href":"https:\/\/filles-de-la-charite.org\/it\/wp-json\/wp\/v2\/comments?post=40339"}],"version-history":[{"count":1,"href":"https:\/\/filles-de-la-charite.org\/it\/wp-json\/wp\/v2\/posts\/40339\/revisions"}],"predecessor-version":[{"id":40351,"href":"https:\/\/filles-de-la-charite.org\/it\/wp-json\/wp\/v2\/posts\/40339\/revisions\/40351"}],"wp:featuredmedia":[{"embeddable":true,"href":"https:\/\/filles-de-la-charite.org\/it\/wp-json\/wp\/v2\/media\/40285"}],"wp:attachment":[{"href":"https:\/\/filles-de-la-charite.org\/it\/wp-json\/wp\/v2\/media?parent=40339"}],"wp:term":[{"taxonomy":"category","embeddable":true,"href":"https:\/\/filles-de-la-charite.org\/it\/wp-json\/wp\/v2\/categories?post=40339"},{"taxonomy":"post_tag","embeddable":true,"href":"https:\/\/filles-de-la-charite.org\/it\/wp-json\/wp\/v2\/tags?post=40339"}],"curies":[{"name":"wp","href":"https:\/\/api.w.org\/{rel}","templated":true}]}}