{"id":41019,"date":"2024-12-03T08:52:16","date_gmt":"2024-12-03T07:52:16","guid":{"rendered":"https:\/\/filles-de-la-charite.org\/?p=41019"},"modified":"2024-12-03T09:24:51","modified_gmt":"2024-12-03T08:24:51","slug":"encuentro-de-la-familia-vicenciana-en-roma","status":"publish","type":"post","link":"https:\/\/filles-de-la-charite.org\/it\/encuentro-de-la-familia-vicenciana-en-roma\/","title":{"rendered":"Incontro della Famiglia Vincenziana a Roma"},"content":{"rendered":"\n<p>Dal 14 al 17 novembre scorso, oltre 300 membri della Famiglia Vincenziana si sono riuniti a Roma per quattro giorni dedicati alla riflessione, al dialogo e alla collaborazione, con lo scopo di rinforzare il loro impegno comune a favore dei pi\u00f9 indigenti.Il giorno della chiusura, hanno avuto la gioia di partecipare, nella Basilica di San Pietro, alla Celebrazione Eucaristica presieduta da Papa Francesco in occasione della giornata mondiale dei Poveri.Durante l\u2019incontro, prima della celebrazione dell\u2019Eucaristia, alla presenza di una delegazione della Famiglia Vincenziana, il Santo Padre ha benedetto le chiavi del Progetto \u201c13 case\u201d, progetto ispirato al carisma vincenziano, che mira a fornire un alloggio ai pi\u00f9 bisognosi.Potete ritornare su questi quattro giorni consultando il sito della famiglia Vincenziana:<a href=\"https:\/\/famvin.org\/fr\/category\/actualites\/\">https:\/\/famvin.org\/fr\/category\/actualites\/<\/a><\/p>\n\n\n\n<p><\/p>\n\n\n\n<p><\/p>\n\n\n\n<div class=\"wp-block-responsive-lightbox-gallery\"><div class=\"et_pb_slider et_pb_slider_fullwidth_off et_pb_gallery_post_type\">\n\t\t\t\t<div class=\"et_pb_slides\">\n\t\t\t\t\t<div class=\"et_pb_slide\" style=\"background: url(https:\/\/filles-de-la-charite.org\/wp-content\/uploads\/2024\/12\/WhatsApp-Image-2024-11-18-at-10.53.57-3.jpeg);\"><\/div><div class=\"et_pb_slide\" style=\"background: url(https:\/\/filles-de-la-charite.org\/wp-content\/uploads\/2024\/12\/WhatsApp-Image-2024-12-02-at-13.40.39.jpeg);\"><\/div><div class=\"et_pb_slide\" style=\"background: url(https:\/\/filles-de-la-charite.org\/wp-content\/uploads\/2024\/12\/467158190_10235803833786563_3048971580691681879_n.jpg);\"><\/div><div class=\"et_pb_slide\" style=\"background: url(https:\/\/filles-de-la-charite.org\/wp-content\/uploads\/2024\/12\/IMG_5951_1-copia2.jpg);\"><\/div><div class=\"et_pb_slide\" style=\"background: url(https:\/\/filles-de-la-charite.org\/wp-content\/uploads\/2024\/12\/467500756_2216552282080167_12926456756134596_n.jpg);\"><\/div><div class=\"et_pb_slide\" style=\"background: url(https:\/\/filles-de-la-charite.org\/wp-content\/uploads\/2024\/12\/WhatsApp-Image-2024-11-18-at-10.53.57-1.jpeg);\"><\/div><div class=\"et_pb_slide\" style=\"background: url(https:\/\/filles-de-la-charite.org\/wp-content\/uploads\/2024\/12\/WhatsApp-Image-2024-12-01-at-21.53.12.jpeg);\"><\/div><div class=\"et_pb_slide\" style=\"background: url(https:\/\/filles-de-la-charite.org\/wp-content\/uploads\/2024\/12\/WhatsApp-Image-2024-12-01-at-21.53.11.jpeg);\"><\/div><div class=\"et_pb_slide\" style=\"background: url(https:\/\/filles-de-la-charite.org\/wp-content\/uploads\/2024\/12\/467325996_18301380838205488_7489533494604232047_n.jpg);\"><\/div><div class=\"et_pb_slide\" style=\"background: url(https:\/\/filles-de-la-charite.org\/wp-content\/uploads\/2024\/12\/WhatsApp-Image-2024-11-18-at-10.53.57-4.jpeg);\"><\/div><div class=\"et_pb_slide\" style=\"background: url(https:\/\/filles-de-la-charite.org\/wp-content\/uploads\/2024\/12\/WhatsApp-Image-2024-12-01-at-21.58.36.jpeg);\"><\/div><div class=\"et_pb_slide\" style=\"background: url(https:\/\/filles-de-la-charite.org\/wp-content\/uploads\/2024\/12\/WhatsApp-Image-2024-11-14-at-15.26.15.jpeg);\"><\/div><div class=\"et_pb_slide\" style=\"background: url(https:\/\/filles-de-la-charite.org\/wp-content\/uploads\/2024\/12\/WhatsApp-Image-2024-12-01-at-21.53.12-1.jpeg);\"><\/div><div class=\"et_pb_slide\" style=\"background: url(https:\/\/filles-de-la-charite.org\/wp-content\/uploads\/2024\/12\/WhatsApp-Image-2024-12-04-at-17.51.00.jpeg);\"><\/div>\n\t\t\t\t<\/div>\n\t\t\t<\/div><\/div>\n","protected":false},"excerpt":{"rendered":"<p>Dal 14 al 17 novembre scorso, oltre 300 membri della Famiglia Vincenziana si sono riuniti a Roma per quattro giorni dedicati alla riflessione, al dialogo e alla collaborazione, con lo scopo di rinforzare il loro impegno comune a favore dei pi\u00f9 indigenti.Il giorno della chiusura, hanno avuto la gioia di partecipare, nella Basilica di San [&hellip;]<\/p>\n","protected":false},"author":5,"featured_media":40728,"comment_status":"closed","ping_status":"closed","sticky":false,"template":"","format":"standard","meta":{"_acf_changed":false,"_et_pb_use_builder":"","_et_pb_old_content":"","_et_gb_content_width":"","footnotes":"","_links_to":"","_links_to_target":""},"categories":[595,846],"tags":[],"class_list":["post-41019","post","type-post","status-publish","format-standard","has-post-thumbnail","hentry","category-famiglia-vincenziana-it","category-internazionale"],"acf":[],"yoast_head":"<!-- This site is optimized with the Yoast SEO plugin v27.5 - https:\/\/yoast.com\/product\/yoast-seo-wordpress\/ -->\n<title>Incontro della Famiglia Vincenziana a Roma - Filles de la Charit\u00e9<\/title>\n<meta name=\"robots\" content=\"index, follow, max-snippet:-1, max-image-preview:large, max-video-preview:-1\" \/>\n<link rel=\"canonical\" href=\"https:\/\/filles-de-la-charite.org\/it\/encuentro-de-la-familia-vicenciana-en-roma\/\" \/>\n<meta property=\"og:locale\" content=\"it_IT\" \/>\n<meta property=\"og:type\" content=\"article\" \/>\n<meta property=\"og:title\" content=\"Incontro della Famiglia Vincenziana a Roma - Filles de la Charit\u00e9\" \/>\n<meta property=\"og:description\" content=\"Dal 14 al 17 novembre scorso, oltre 300 membri della Famiglia Vincenziana si sono riuniti a Roma per quattro giorni dedicati alla riflessione, al dialogo e alla collaborazione, con lo scopo di rinforzare il loro impegno comune a favore dei pi\u00f9 indigenti.Il giorno della chiusura, hanno avuto la gioia di partecipare, nella Basilica di San [&hellip;]\" \/>\n<meta property=\"og:url\" content=\"https:\/\/filles-de-la-charite.org\/it\/encuentro-de-la-familia-vicenciana-en-roma\/\" \/>\n<meta property=\"og:site_name\" content=\"Filles de la Charit\u00e9\" \/>\n<meta property=\"article:published_time\" content=\"2024-12-03T07:52:16+00:00\" \/>\n<meta property=\"article:modified_time\" content=\"2024-12-03T08:24:51+00:00\" \/>\n<meta property=\"og:image\" content=\"https:\/\/filles-de-la-charite.org\/wp-content\/uploads\/2024\/12\/WhatsApp-Image-2024-11-14-at-15.26.15.jpeg\" \/>\n\t<meta property=\"og:image:width\" content=\"2040\" \/>\n\t<meta property=\"og:image:height\" content=\"1530\" \/>\n\t<meta property=\"og:image:type\" content=\"image\/jpeg\" \/>\n<meta name=\"author\" content=\"SOR MARTA\" \/>\n<meta name=\"twitter:card\" content=\"summary_large_image\" \/>\n<meta name=\"twitter:label1\" content=\"Scritto da\" \/>\n\t<meta name=\"twitter:data1\" content=\"SOR MARTA\" \/>\n\t<meta name=\"twitter:label2\" content=\"Tempo di lettura stimato\" \/>\n\t<meta name=\"twitter:data2\" content=\"1 minuto\" \/>\n<script type=\"application\/ld+json\" class=\"yoast-schema-graph\">{\"@context\":\"https:\\\/\\\/schema.org\",\"@graph\":[{\"@type\":\"Article\",\"@id\":\"https:\\\/\\\/filles-de-la-charite.org\\\/it\\\/encuentro-de-la-familia-vicenciana-en-roma\\\/#article\",\"isPartOf\":{\"@id\":\"https:\\\/\\\/filles-de-la-charite.org\\\/it\\\/encuentro-de-la-familia-vicenciana-en-roma\\\/\"},\"author\":{\"name\":\"SOR MARTA\",\"@id\":\"https:\\\/\\\/filles-de-la-charite.org\\\/it\\\/#\\\/schema\\\/person\\\/0c922b6ca71280639858d297b3a7209f\"},\"headline\":\"Incontro della Famiglia Vincenziana a Roma\",\"datePublished\":\"2024-12-03T07:52:16+00:00\",\"dateModified\":\"2024-12-03T08:24:51+00:00\",\"mainEntityOfPage\":{\"@id\":\"https:\\\/\\\/filles-de-la-charite.org\\\/it\\\/encuentro-de-la-familia-vicenciana-en-roma\\\/\"},\"wordCount\":135,\"publisher\":{\"@id\":\"https:\\\/\\\/filles-de-la-charite.org\\\/it\\\/#organization\"},\"image\":{\"@id\":\"https:\\\/\\\/filles-de-la-charite.org\\\/it\\\/encuentro-de-la-familia-vicenciana-en-roma\\\/#primaryimage\"},\"thumbnailUrl\":\"https:\\\/\\\/filles-de-la-charite.org\\\/wp-content\\\/uploads\\\/2024\\\/12\\\/WhatsApp-Image-2024-11-14-at-15.26.15.jpeg\",\"articleSection\":[\"Famiglia vincenziana\",\"Internazionale\"],\"inLanguage\":\"it-IT\"},{\"@type\":\"WebPage\",\"@id\":\"https:\\\/\\\/filles-de-la-charite.org\\\/it\\\/encuentro-de-la-familia-vicenciana-en-roma\\\/\",\"url\":\"https:\\\/\\\/filles-de-la-charite.org\\\/it\\\/encuentro-de-la-familia-vicenciana-en-roma\\\/\",\"name\":\"Incontro della Famiglia Vincenziana a Roma - Filles de la Charit\u00e9\",\"isPartOf\":{\"@id\":\"https:\\\/\\\/filles-de-la-charite.org\\\/it\\\/#website\"},\"primaryImageOfPage\":{\"@id\":\"https:\\\/\\\/filles-de-la-charite.org\\\/it\\\/encuentro-de-la-familia-vicenciana-en-roma\\\/#primaryimage\"},\"image\":{\"@id\":\"https:\\\/\\\/filles-de-la-charite.org\\\/it\\\/encuentro-de-la-familia-vicenciana-en-roma\\\/#primaryimage\"},\"thumbnailUrl\":\"https:\\\/\\\/filles-de-la-charite.org\\\/wp-content\\\/uploads\\\/2024\\\/12\\\/WhatsApp-Image-2024-11-14-at-15.26.15.jpeg\",\"datePublished\":\"2024-12-03T07:52:16+00:00\",\"dateModified\":\"2024-12-03T08:24:51+00:00\",\"breadcrumb\":{\"@id\":\"https:\\\/\\\/filles-de-la-charite.org\\\/it\\\/encuentro-de-la-familia-vicenciana-en-roma\\\/#breadcrumb\"},\"inLanguage\":\"it-IT\",\"potentialAction\":[{\"@type\":\"ReadAction\",\"target\":[\"https:\\\/\\\/filles-de-la-charite.org\\\/it\\\/encuentro-de-la-familia-vicenciana-en-roma\\\/\"]}]},{\"@type\":\"ImageObject\",\"inLanguage\":\"it-IT\",\"@id\":\"https:\\\/\\\/filles-de-la-charite.org\\\/it\\\/encuentro-de-la-familia-vicenciana-en-roma\\\/#primaryimage\",\"url\":\"https:\\\/\\\/filles-de-la-charite.org\\\/wp-content\\\/uploads\\\/2024\\\/12\\\/WhatsApp-Image-2024-11-14-at-15.26.15.jpeg\",\"contentUrl\":\"https:\\\/\\\/filles-de-la-charite.org\\\/wp-content\\\/uploads\\\/2024\\\/12\\\/WhatsApp-Image-2024-11-14-at-15.26.15.jpeg\",\"width\":2040,\"height\":1530},{\"@type\":\"BreadcrumbList\",\"@id\":\"https:\\\/\\\/filles-de-la-charite.org\\\/it\\\/encuentro-de-la-familia-vicenciana-en-roma\\\/#breadcrumb\",\"itemListElement\":[{\"@type\":\"ListItem\",\"position\":1,\"name\":\"Internazionale\",\"item\":\"https:\\\/\\\/filles-de-la-charite.org\\\/it\\\/category\\\/internazionale\\\/\"},{\"@type\":\"ListItem\",\"position\":2,\"name\":\"Incontro della Famiglia Vincenziana a Roma\"}]},{\"@type\":\"WebSite\",\"@id\":\"https:\\\/\\\/filles-de-la-charite.org\\\/it\\\/#website\",\"url\":\"https:\\\/\\\/filles-de-la-charite.org\\\/it\\\/\",\"name\":\"Hijas de la Caridad\",\"description\":\"L\u2019amour de J\u00e9sus nous presse \u00e0 prendre soin des personnes les plus d\u00e9munies\",\"publisher\":{\"@id\":\"https:\\\/\\\/filles-de-la-charite.org\\\/it\\\/#organization\"},\"potentialAction\":[{\"@type\":\"SearchAction\",\"target\":{\"@type\":\"EntryPoint\",\"urlTemplate\":\"https:\\\/\\\/filles-de-la-charite.org\\\/it\\\/?s={search_term_string}\"},\"query-input\":{\"@type\":\"PropertyValueSpecification\",\"valueRequired\":true,\"valueName\":\"search_term_string\"}}],\"inLanguage\":\"it-IT\"},{\"@type\":\"Organization\",\"@id\":\"https:\\\/\\\/filles-de-la-charite.org\\\/it\\\/#organization\",\"name\":\"Hijas de la Caridad\",\"url\":\"https:\\\/\\\/filles-de-la-charite.org\\\/it\\\/\",\"logo\":{\"@type\":\"ImageObject\",\"inLanguage\":\"it-IT\",\"@id\":\"https:\\\/\\\/filles-de-la-charite.org\\\/it\\\/#\\\/schema\\\/logo\\\/image\\\/\",\"url\":\"https:\\\/\\\/filles-de-la-charite.org\\\/wp-content\\\/uploads\\\/2023\\\/03\\\/isotipo-Hijas-de-la-Caridad.png\",\"contentUrl\":\"https:\\\/\\\/filles-de-la-charite.org\\\/wp-content\\\/uploads\\\/2023\\\/03\\\/isotipo-Hijas-de-la-Caridad.png\",\"width\":1417,\"height\":1417,\"caption\":\"Hijas de la Caridad\"},\"image\":{\"@id\":\"https:\\\/\\\/filles-de-la-charite.org\\\/it\\\/#\\\/schema\\\/logo\\\/image\\\/\"}},{\"@type\":\"Person\",\"@id\":\"https:\\\/\\\/filles-de-la-charite.org\\\/it\\\/#\\\/schema\\\/person\\\/0c922b6ca71280639858d297b3a7209f\",\"name\":\"SOR MARTA\",\"image\":{\"@type\":\"ImageObject\",\"inLanguage\":\"it-IT\",\"@id\":\"https:\\\/\\\/secure.gravatar.com\\\/avatar\\\/d2c45b0fd6bf2d3e2670ab3d112257c24ac80fa960360bba1bdc0676485d1d09?s=96&d=mm&r=g\",\"url\":\"https:\\\/\\\/secure.gravatar.com\\\/avatar\\\/d2c45b0fd6bf2d3e2670ab3d112257c24ac80fa960360bba1bdc0676485d1d09?s=96&d=mm&r=g\",\"contentUrl\":\"https:\\\/\\\/secure.gravatar.com\\\/avatar\\\/d2c45b0fd6bf2d3e2670ab3d112257c24ac80fa960360bba1bdc0676485d1d09?s=96&d=mm&r=g\",\"caption\":\"SOR MARTA\"},\"url\":\"https:\\\/\\\/filles-de-la-charite.org\\\/it\\\/author\\\/martaemn\\\/\"}]}<\/script>\n<!-- \/ Yoast SEO plugin. -->","yoast_head_json":{"title":"Incontro della Famiglia Vincenziana a Roma - Filles de la Charit\u00e9","robots":{"index":"index","follow":"follow","max-snippet":"max-snippet:-1","max-image-preview":"max-image-preview:large","max-video-preview":"max-video-preview:-1"},"canonical":"https:\/\/filles-de-la-charite.org\/it\/encuentro-de-la-familia-vicenciana-en-roma\/","og_locale":"it_IT","og_type":"article","og_title":"Incontro della Famiglia Vincenziana a Roma - Filles de la Charit\u00e9","og_description":"Dal 14 al 17 novembre scorso, oltre 300 membri della Famiglia Vincenziana si sono riuniti a Roma per quattro giorni dedicati alla riflessione, al dialogo e alla collaborazione, con lo scopo di rinforzare il loro impegno comune a favore dei pi\u00f9 indigenti.Il giorno della chiusura, hanno avuto la gioia di partecipare, nella Basilica di San [&hellip;]","og_url":"https:\/\/filles-de-la-charite.org\/it\/encuentro-de-la-familia-vicenciana-en-roma\/","og_site_name":"Filles de la Charit\u00e9","article_published_time":"2024-12-03T07:52:16+00:00","article_modified_time":"2024-12-03T08:24:51+00:00","og_image":[{"width":2040,"height":1530,"url":"https:\/\/filles-de-la-charite.org\/wp-content\/uploads\/2024\/12\/WhatsApp-Image-2024-11-14-at-15.26.15.jpeg","type":"image\/jpeg"}],"author":"SOR MARTA","twitter_card":"summary_large_image","twitter_misc":{"Scritto da":"SOR MARTA","Tempo di lettura stimato":"1 minuto"},"schema":{"@context":"https:\/\/schema.org","@graph":[{"@type":"Article","@id":"https:\/\/filles-de-la-charite.org\/it\/encuentro-de-la-familia-vicenciana-en-roma\/#article","isPartOf":{"@id":"https:\/\/filles-de-la-charite.org\/it\/encuentro-de-la-familia-vicenciana-en-roma\/"},"author":{"name":"SOR MARTA","@id":"https:\/\/filles-de-la-charite.org\/it\/#\/schema\/person\/0c922b6ca71280639858d297b3a7209f"},"headline":"Incontro della Famiglia Vincenziana a Roma","datePublished":"2024-12-03T07:52:16+00:00","dateModified":"2024-12-03T08:24:51+00:00","mainEntityOfPage":{"@id":"https:\/\/filles-de-la-charite.org\/it\/encuentro-de-la-familia-vicenciana-en-roma\/"},"wordCount":135,"publisher":{"@id":"https:\/\/filles-de-la-charite.org\/it\/#organization"},"image":{"@id":"https:\/\/filles-de-la-charite.org\/it\/encuentro-de-la-familia-vicenciana-en-roma\/#primaryimage"},"thumbnailUrl":"https:\/\/filles-de-la-charite.org\/wp-content\/uploads\/2024\/12\/WhatsApp-Image-2024-11-14-at-15.26.15.jpeg","articleSection":["Famiglia vincenziana","Internazionale"],"inLanguage":"it-IT"},{"@type":"WebPage","@id":"https:\/\/filles-de-la-charite.org\/it\/encuentro-de-la-familia-vicenciana-en-roma\/","url":"https:\/\/filles-de-la-charite.org\/it\/encuentro-de-la-familia-vicenciana-en-roma\/","name":"Incontro della Famiglia Vincenziana a Roma - Filles de la Charit\u00e9","isPartOf":{"@id":"https:\/\/filles-de-la-charite.org\/it\/#website"},"primaryImageOfPage":{"@id":"https:\/\/filles-de-la-charite.org\/it\/encuentro-de-la-familia-vicenciana-en-roma\/#primaryimage"},"image":{"@id":"https:\/\/filles-de-la-charite.org\/it\/encuentro-de-la-familia-vicenciana-en-roma\/#primaryimage"},"thumbnailUrl":"https:\/\/filles-de-la-charite.org\/wp-content\/uploads\/2024\/12\/WhatsApp-Image-2024-11-14-at-15.26.15.jpeg","datePublished":"2024-12-03T07:52:16+00:00","dateModified":"2024-12-03T08:24:51+00:00","breadcrumb":{"@id":"https:\/\/filles-de-la-charite.org\/it\/encuentro-de-la-familia-vicenciana-en-roma\/#breadcrumb"},"inLanguage":"it-IT","potentialAction":[{"@type":"ReadAction","target":["https:\/\/filles-de-la-charite.org\/it\/encuentro-de-la-familia-vicenciana-en-roma\/"]}]},{"@type":"ImageObject","inLanguage":"it-IT","@id":"https:\/\/filles-de-la-charite.org\/it\/encuentro-de-la-familia-vicenciana-en-roma\/#primaryimage","url":"https:\/\/filles-de-la-charite.org\/wp-content\/uploads\/2024\/12\/WhatsApp-Image-2024-11-14-at-15.26.15.jpeg","contentUrl":"https:\/\/filles-de-la-charite.org\/wp-content\/uploads\/2024\/12\/WhatsApp-Image-2024-11-14-at-15.26.15.jpeg","width":2040,"height":1530},{"@type":"BreadcrumbList","@id":"https:\/\/filles-de-la-charite.org\/it\/encuentro-de-la-familia-vicenciana-en-roma\/#breadcrumb","itemListElement":[{"@type":"ListItem","position":1,"name":"Internazionale","item":"https:\/\/filles-de-la-charite.org\/it\/category\/internazionale\/"},{"@type":"ListItem","position":2,"name":"Incontro della Famiglia Vincenziana a Roma"}]},{"@type":"WebSite","@id":"https:\/\/filles-de-la-charite.org\/it\/#website","url":"https:\/\/filles-de-la-charite.org\/it\/","name":"Hijas de la Caridad","description":"L\u2019amour de J\u00e9sus nous presse \u00e0 prendre soin des personnes les plus d\u00e9munies","publisher":{"@id":"https:\/\/filles-de-la-charite.org\/it\/#organization"},"potentialAction":[{"@type":"SearchAction","target":{"@type":"EntryPoint","urlTemplate":"https:\/\/filles-de-la-charite.org\/it\/?s={search_term_string}"},"query-input":{"@type":"PropertyValueSpecification","valueRequired":true,"valueName":"search_term_string"}}],"inLanguage":"it-IT"},{"@type":"Organization","@id":"https:\/\/filles-de-la-charite.org\/it\/#organization","name":"Hijas de la Caridad","url":"https:\/\/filles-de-la-charite.org\/it\/","logo":{"@type":"ImageObject","inLanguage":"it-IT","@id":"https:\/\/filles-de-la-charite.org\/it\/#\/schema\/logo\/image\/","url":"https:\/\/filles-de-la-charite.org\/wp-content\/uploads\/2023\/03\/isotipo-Hijas-de-la-Caridad.png","contentUrl":"https:\/\/filles-de-la-charite.org\/wp-content\/uploads\/2023\/03\/isotipo-Hijas-de-la-Caridad.png","width":1417,"height":1417,"caption":"Hijas de la Caridad"},"image":{"@id":"https:\/\/filles-de-la-charite.org\/it\/#\/schema\/logo\/image\/"}},{"@type":"Person","@id":"https:\/\/filles-de-la-charite.org\/it\/#\/schema\/person\/0c922b6ca71280639858d297b3a7209f","name":"SOR MARTA","image":{"@type":"ImageObject","inLanguage":"it-IT","@id":"https:\/\/secure.gravatar.com\/avatar\/d2c45b0fd6bf2d3e2670ab3d112257c24ac80fa960360bba1bdc0676485d1d09?s=96&d=mm&r=g","url":"https:\/\/secure.gravatar.com\/avatar\/d2c45b0fd6bf2d3e2670ab3d112257c24ac80fa960360bba1bdc0676485d1d09?s=96&d=mm&r=g","contentUrl":"https:\/\/secure.gravatar.com\/avatar\/d2c45b0fd6bf2d3e2670ab3d112257c24ac80fa960360bba1bdc0676485d1d09?s=96&d=mm&r=g","caption":"SOR MARTA"},"url":"https:\/\/filles-de-la-charite.org\/it\/author\/martaemn\/"}]}},"_links":{"self":[{"href":"https:\/\/filles-de-la-charite.org\/it\/wp-json\/wp\/v2\/posts\/41019","targetHints":{"allow":["GET"]}}],"collection":[{"href":"https:\/\/filles-de-la-charite.org\/it\/wp-json\/wp\/v2\/posts"}],"about":[{"href":"https:\/\/filles-de-la-charite.org\/it\/wp-json\/wp\/v2\/types\/post"}],"author":[{"embeddable":true,"href":"https:\/\/filles-de-la-charite.org\/it\/wp-json\/wp\/v2\/users\/5"}],"replies":[{"embeddable":true,"href":"https:\/\/filles-de-la-charite.org\/it\/wp-json\/wp\/v2\/comments?post=41019"}],"version-history":[{"count":6,"href":"https:\/\/filles-de-la-charite.org\/it\/wp-json\/wp\/v2\/posts\/41019\/revisions"}],"predecessor-version":[{"id":41122,"href":"https:\/\/filles-de-la-charite.org\/it\/wp-json\/wp\/v2\/posts\/41019\/revisions\/41122"}],"wp:featuredmedia":[{"embeddable":true,"href":"https:\/\/filles-de-la-charite.org\/it\/wp-json\/wp\/v2\/media\/40728"}],"wp:attachment":[{"href":"https:\/\/filles-de-la-charite.org\/it\/wp-json\/wp\/v2\/media?parent=41019"}],"wp:term":[{"taxonomy":"category","embeddable":true,"href":"https:\/\/filles-de-la-charite.org\/it\/wp-json\/wp\/v2\/categories?post=41019"},{"taxonomy":"post_tag","embeddable":true,"href":"https:\/\/filles-de-la-charite.org\/it\/wp-json\/wp\/v2\/tags?post=41019"}],"curies":[{"name":"wp","href":"https:\/\/api.w.org\/{rel}","templated":true}]}}