{"id":41869,"date":"2025-02-28T12:54:00","date_gmt":"2025-02-28T11:54:00","guid":{"rendered":"https:\/\/filles-de-la-charite.org\/?p=41869"},"modified":"2025-03-03T19:44:10","modified_gmt":"2025-03-03T18:44:10","slug":"congreso-de-vocaciones-asamblea-de-llamados-para-la-mision","status":"publish","type":"post","link":"https:\/\/filles-de-la-charite.org\/it\/congreso-de-vocaciones-asamblea-de-llamados-para-la-mision\/","title":{"rendered":"Congresso delle vocazioni &#8211; Assemblea di chiamati alla missione"},"content":{"rendered":"\n<p>Si preannunciava un grande evento, una grande celebrazione \u2013 e cos\u00ec \u00e8 stato!<strong> Il Congresso delle Vocazioni<\/strong> <strong>&#8211; Assemblea dei Chiamati alla Missione<\/strong>, organizzato dalla Conferenza Episcopale Spagnola dal 7 al 9 febbraio 2025, ci ha riuniti per celebrare e condividere la gioia della vocazione &#8211; la nostra &#8211; e per riflettervi insieme. Le Figlie della Carit\u00e0 hanno aderito da tutte le Province della Spagna e da Parigi, con la partecipazione di Suor Antonia Gonz\u00e1lez e Suor Hanna Cybula.<\/p>\n\n\n\n<figure class=\"wp-block-image size-large\"><img loading=\"lazy\" decoding=\"async\" width=\"1024\" height=\"768\" src=\"https:\/\/filles-de-la-charite.org\/wp-content\/uploads\/2025\/03\/WhatsApp-Image-2025-02-18-at-08.34.30-1024x768.jpeg\" alt=\"\" class=\"wp-image-41839\" srcset=\"https:\/\/filles-de-la-charite.org\/wp-content\/uploads\/2025\/03\/WhatsApp-Image-2025-02-18-at-08.34.30-980x735.jpeg 980w, https:\/\/filles-de-la-charite.org\/wp-content\/uploads\/2025\/03\/WhatsApp-Image-2025-02-18-at-08.34.30-480x360.jpeg 480w\" sizes=\"(min-width: 0px) and (max-width: 480px) 480px, (min-width: 481px) and (max-width: 980px) 980px, (min-width: 981px) 1024px, 100vw\" \/><\/figure>\n\n\n\n<p>Secondo quanto riportato da diversi media, il Congresso ha riunito pi\u00f9 di 3.000 partecipanti provenienti dalle 70 diocesi della Spagna, accompagnati da 65 vescovi. Erano presenti rappresentanti di 54 movimenti e associazioni laicali, 120 congregazioni e 250 diverse realt\u00e0 ecclesiali. Questa grande diversit\u00e0 \u00e8 stata fonte di incoraggiamento e di entusiasmo, poich\u00e9 abbiamo potuto percepire l&#8217;unit\u00e0 di tutti nella medesima fede. Abbiamo apprezzato i discorsi dei vescovi, le conferenze dei teologi, i <strong>Laboratori di Esperienze e Testimonianze (TET)<\/strong>, molto coinvolgenti e stimolanti, e naturalmente la serata di festa, ricca di canti e danze, che ha ancor pi\u00f9 risollevato il nostro spirito e dato energia al nostro corpo.<\/p>\n\n\n\n<p>L&#8217;atmosfera del congresso \u00e8 stata descritta come una \u201c<strong>festa della Chiesa<\/strong>\u201d, ricca di momenti di preghiera, musica e celebrazione. Ad accomunarci \u00e8 stata la gioia di essere stati chiamati e riuniti da Lui, per dargli una risposta concreta nella nostra vita.<\/p>\n\n\n\n<figure class=\"wp-block-image size-large\"><img loading=\"lazy\" decoding=\"async\" width=\"1024\" height=\"768\" src=\"https:\/\/filles-de-la-charite.org\/wp-content\/uploads\/2025\/03\/WhatsApp-Image-2025-02-18-at-08.46.48-4-1024x768.jpeg\" alt=\"\" class=\"wp-image-41851\" srcset=\"https:\/\/filles-de-la-charite.org\/wp-content\/uploads\/2025\/03\/WhatsApp-Image-2025-02-18-at-08.46.48-4-980x735.jpeg 980w, https:\/\/filles-de-la-charite.org\/wp-content\/uploads\/2025\/03\/WhatsApp-Image-2025-02-18-at-08.46.48-4-480x360.jpeg 480w\" sizes=\"(min-width: 0px) and (max-width: 480px) 480px, (min-width: 481px) and (max-width: 980px) 980px, (min-width: 981px) 1024px, 100vw\" \/><\/figure>\n\n\n\n<p>Riportiamo alcune parole da uno dei discorsi di apertura del Congresso, preparato da un gruppo di lavoro:<\/p>\n\n\n\n<p><strong>\u00abLa vita \u00e8 una vocazione e la gioia nasce dalla consapevolezza di essere un dono, che appartiene a tutti ed \u00e9 per tutti. La vocazione prende forma nei diversi stati di vita e di missione, che sono le vocazioni specifiche di ogni persona. In altre parole, le diverse vocazioni sono il volto concreto della vocazione stessa. Pertanto, non si pu\u00f2 parlare di vocazione senza vocazioni e le vocazioni non hanno senso senza la vocazione. In tutte le vocazioni Dio compie il primo passo, \u00e8 Lui che ci chiama e che prende l&#8217;iniziativa per darci la vita, per chiamarci a seguirlo<\/strong>\u00bb.<\/p>\n\n\n\n<p>Noi <strong>Figlie della Carit\u00e0<\/strong> abbiamo a cuore l\u2019unicit\u00e0 della nostra vocazione, che ci chiama a servire i pi\u00f9 poveri tra i poveri, nei quali troviamo Ges\u00f9. Ci sembra ovvio che non c&#8217;\u00e8 vocazione senza missione. L&#8217;importante \u00e8 scoprirla e rispondervi.<\/p>\n\n\n\n<p><strong>&nbsp;\u00abFIAT!\u00bb,<\/strong> disse Maria &#8211; E comp\u00ec la sua missione.<\/p>\n","protected":false},"excerpt":{"rendered":"<p>Si preannunciava un grande evento, una grande celebrazione \u2013 e cos\u00ec \u00e8 stato! Il Congresso delle Vocazioni &#8211; Assemblea dei Chiamati alla Missione, organizzato dalla Conferenza Episcopale Spagnola dal 7 al 9 febbraio 2025, ci ha riuniti per celebrare e condividere la gioia della vocazione &#8211; la nostra &#8211; e per riflettervi insieme. Le Figlie [&hellip;]<\/p>\n","protected":false},"author":5,"featured_media":41848,"comment_status":"closed","ping_status":"closed","sticky":false,"template":"","format":"standard","meta":{"_acf_changed":false,"_et_pb_use_builder":"","_et_pb_old_content":"","_et_gb_content_width":"","footnotes":"","_links_to":"","_links_to_target":""},"categories":[766],"tags":[],"class_list":["post-41869","post","type-post","status-publish","format-standard","has-post-thumbnail","hentry","category-espana-it"],"acf":[],"yoast_head":"<!-- This site is optimized with the Yoast SEO plugin v27.5 - https:\/\/yoast.com\/product\/yoast-seo-wordpress\/ -->\n<title>Congresso delle vocazioni - Assemblea di chiamati alla missione - Filles de la Charit\u00e9<\/title>\n<meta name=\"robots\" content=\"index, follow, max-snippet:-1, max-image-preview:large, max-video-preview:-1\" \/>\n<link rel=\"canonical\" href=\"https:\/\/filles-de-la-charite.org\/it\/congreso-de-vocaciones-asamblea-de-llamados-para-la-mision\/\" \/>\n<meta property=\"og:locale\" content=\"it_IT\" \/>\n<meta property=\"og:type\" content=\"article\" \/>\n<meta property=\"og:title\" content=\"Congresso delle vocazioni - Assemblea di chiamati alla missione - Filles de la Charit\u00e9\" \/>\n<meta property=\"og:description\" content=\"Si preannunciava un grande evento, una grande celebrazione \u2013 e cos\u00ec \u00e8 stato! Il Congresso delle Vocazioni &#8211; Assemblea dei Chiamati alla Missione, organizzato dalla Conferenza Episcopale Spagnola dal 7 al 9 febbraio 2025, ci ha riuniti per celebrare e condividere la gioia della vocazione &#8211; la nostra &#8211; e per riflettervi insieme. Le Figlie [&hellip;]\" \/>\n<meta property=\"og:url\" content=\"https:\/\/filles-de-la-charite.org\/it\/congreso-de-vocaciones-asamblea-de-llamados-para-la-mision\/\" \/>\n<meta property=\"og:site_name\" content=\"Filles de la Charit\u00e9\" \/>\n<meta property=\"article:published_time\" content=\"2025-02-28T11:54:00+00:00\" \/>\n<meta property=\"article:modified_time\" content=\"2025-03-03T18:44:10+00:00\" \/>\n<meta property=\"og:image\" content=\"https:\/\/filles-de-la-charite.org\/wp-content\/uploads\/2025\/03\/WhatsApp-Image-2025-02-18-at-08.46.48.jpeg\" \/>\n\t<meta property=\"og:image:width\" content=\"1600\" \/>\n\t<meta property=\"og:image:height\" content=\"1200\" \/>\n\t<meta property=\"og:image:type\" content=\"image\/jpeg\" \/>\n<meta name=\"author\" content=\"SOR MARTA\" \/>\n<meta name=\"twitter:card\" content=\"summary_large_image\" \/>\n<meta name=\"twitter:label1\" content=\"Scritto da\" \/>\n\t<meta name=\"twitter:data1\" content=\"SOR MARTA\" \/>\n\t<meta name=\"twitter:label2\" content=\"Tempo di lettura stimato\" \/>\n\t<meta name=\"twitter:data2\" content=\"3 minuti\" \/>\n<script type=\"application\/ld+json\" class=\"yoast-schema-graph\">{\"@context\":\"https:\\\/\\\/schema.org\",\"@graph\":[{\"@type\":\"Article\",\"@id\":\"https:\\\/\\\/filles-de-la-charite.org\\\/it\\\/congreso-de-vocaciones-asamblea-de-llamados-para-la-mision\\\/#article\",\"isPartOf\":{\"@id\":\"https:\\\/\\\/filles-de-la-charite.org\\\/it\\\/congreso-de-vocaciones-asamblea-de-llamados-para-la-mision\\\/\"},\"author\":{\"name\":\"SOR MARTA\",\"@id\":\"https:\\\/\\\/filles-de-la-charite.org\\\/it\\\/#\\\/schema\\\/person\\\/0c922b6ca71280639858d297b3a7209f\"},\"headline\":\"Congresso delle vocazioni &#8211; Assemblea di chiamati alla missione\",\"datePublished\":\"2025-02-28T11:54:00+00:00\",\"dateModified\":\"2025-03-03T18:44:10+00:00\",\"mainEntityOfPage\":{\"@id\":\"https:\\\/\\\/filles-de-la-charite.org\\\/it\\\/congreso-de-vocaciones-asamblea-de-llamados-para-la-mision\\\/\"},\"wordCount\":391,\"publisher\":{\"@id\":\"https:\\\/\\\/filles-de-la-charite.org\\\/it\\\/#organization\"},\"image\":{\"@id\":\"https:\\\/\\\/filles-de-la-charite.org\\\/it\\\/congreso-de-vocaciones-asamblea-de-llamados-para-la-mision\\\/#primaryimage\"},\"thumbnailUrl\":\"https:\\\/\\\/filles-de-la-charite.org\\\/wp-content\\\/uploads\\\/2025\\\/03\\\/WhatsApp-Image-2025-02-18-at-08.46.48.jpeg\",\"articleSection\":[\"Spagna\"],\"inLanguage\":\"it-IT\"},{\"@type\":\"WebPage\",\"@id\":\"https:\\\/\\\/filles-de-la-charite.org\\\/it\\\/congreso-de-vocaciones-asamblea-de-llamados-para-la-mision\\\/\",\"url\":\"https:\\\/\\\/filles-de-la-charite.org\\\/it\\\/congreso-de-vocaciones-asamblea-de-llamados-para-la-mision\\\/\",\"name\":\"Congresso delle vocazioni - Assemblea di chiamati alla missione - Filles de la Charit\u00e9\",\"isPartOf\":{\"@id\":\"https:\\\/\\\/filles-de-la-charite.org\\\/it\\\/#website\"},\"primaryImageOfPage\":{\"@id\":\"https:\\\/\\\/filles-de-la-charite.org\\\/it\\\/congreso-de-vocaciones-asamblea-de-llamados-para-la-mision\\\/#primaryimage\"},\"image\":{\"@id\":\"https:\\\/\\\/filles-de-la-charite.org\\\/it\\\/congreso-de-vocaciones-asamblea-de-llamados-para-la-mision\\\/#primaryimage\"},\"thumbnailUrl\":\"https:\\\/\\\/filles-de-la-charite.org\\\/wp-content\\\/uploads\\\/2025\\\/03\\\/WhatsApp-Image-2025-02-18-at-08.46.48.jpeg\",\"datePublished\":\"2025-02-28T11:54:00+00:00\",\"dateModified\":\"2025-03-03T18:44:10+00:00\",\"breadcrumb\":{\"@id\":\"https:\\\/\\\/filles-de-la-charite.org\\\/it\\\/congreso-de-vocaciones-asamblea-de-llamados-para-la-mision\\\/#breadcrumb\"},\"inLanguage\":\"it-IT\",\"potentialAction\":[{\"@type\":\"ReadAction\",\"target\":[\"https:\\\/\\\/filles-de-la-charite.org\\\/it\\\/congreso-de-vocaciones-asamblea-de-llamados-para-la-mision\\\/\"]}]},{\"@type\":\"ImageObject\",\"inLanguage\":\"it-IT\",\"@id\":\"https:\\\/\\\/filles-de-la-charite.org\\\/it\\\/congreso-de-vocaciones-asamblea-de-llamados-para-la-mision\\\/#primaryimage\",\"url\":\"https:\\\/\\\/filles-de-la-charite.org\\\/wp-content\\\/uploads\\\/2025\\\/03\\\/WhatsApp-Image-2025-02-18-at-08.46.48.jpeg\",\"contentUrl\":\"https:\\\/\\\/filles-de-la-charite.org\\\/wp-content\\\/uploads\\\/2025\\\/03\\\/WhatsApp-Image-2025-02-18-at-08.46.48.jpeg\",\"width\":1600,\"height\":1200},{\"@type\":\"BreadcrumbList\",\"@id\":\"https:\\\/\\\/filles-de-la-charite.org\\\/it\\\/congreso-de-vocaciones-asamblea-de-llamados-para-la-mision\\\/#breadcrumb\",\"itemListElement\":[{\"@type\":\"ListItem\",\"position\":1,\"name\":\"Spagna\",\"item\":\"https:\\\/\\\/filles-de-la-charite.org\\\/it\\\/category\\\/espana-it\\\/\"},{\"@type\":\"ListItem\",\"position\":2,\"name\":\"Congresso delle vocazioni &#8211; Assemblea di chiamati alla missione\"}]},{\"@type\":\"WebSite\",\"@id\":\"https:\\\/\\\/filles-de-la-charite.org\\\/it\\\/#website\",\"url\":\"https:\\\/\\\/filles-de-la-charite.org\\\/it\\\/\",\"name\":\"Hijas de la Caridad\",\"description\":\"L\u2019amour de J\u00e9sus nous presse \u00e0 prendre soin des personnes les plus d\u00e9munies\",\"publisher\":{\"@id\":\"https:\\\/\\\/filles-de-la-charite.org\\\/it\\\/#organization\"},\"potentialAction\":[{\"@type\":\"SearchAction\",\"target\":{\"@type\":\"EntryPoint\",\"urlTemplate\":\"https:\\\/\\\/filles-de-la-charite.org\\\/it\\\/?s={search_term_string}\"},\"query-input\":{\"@type\":\"PropertyValueSpecification\",\"valueRequired\":true,\"valueName\":\"search_term_string\"}}],\"inLanguage\":\"it-IT\"},{\"@type\":\"Organization\",\"@id\":\"https:\\\/\\\/filles-de-la-charite.org\\\/it\\\/#organization\",\"name\":\"Hijas de la Caridad\",\"url\":\"https:\\\/\\\/filles-de-la-charite.org\\\/it\\\/\",\"logo\":{\"@type\":\"ImageObject\",\"inLanguage\":\"it-IT\",\"@id\":\"https:\\\/\\\/filles-de-la-charite.org\\\/it\\\/#\\\/schema\\\/logo\\\/image\\\/\",\"url\":\"https:\\\/\\\/filles-de-la-charite.org\\\/wp-content\\\/uploads\\\/2023\\\/03\\\/isotipo-Hijas-de-la-Caridad.png\",\"contentUrl\":\"https:\\\/\\\/filles-de-la-charite.org\\\/wp-content\\\/uploads\\\/2023\\\/03\\\/isotipo-Hijas-de-la-Caridad.png\",\"width\":1417,\"height\":1417,\"caption\":\"Hijas de la Caridad\"},\"image\":{\"@id\":\"https:\\\/\\\/filles-de-la-charite.org\\\/it\\\/#\\\/schema\\\/logo\\\/image\\\/\"}},{\"@type\":\"Person\",\"@id\":\"https:\\\/\\\/filles-de-la-charite.org\\\/it\\\/#\\\/schema\\\/person\\\/0c922b6ca71280639858d297b3a7209f\",\"name\":\"SOR MARTA\",\"image\":{\"@type\":\"ImageObject\",\"inLanguage\":\"it-IT\",\"@id\":\"https:\\\/\\\/secure.gravatar.com\\\/avatar\\\/d2c45b0fd6bf2d3e2670ab3d112257c24ac80fa960360bba1bdc0676485d1d09?s=96&d=mm&r=g\",\"url\":\"https:\\\/\\\/secure.gravatar.com\\\/avatar\\\/d2c45b0fd6bf2d3e2670ab3d112257c24ac80fa960360bba1bdc0676485d1d09?s=96&d=mm&r=g\",\"contentUrl\":\"https:\\\/\\\/secure.gravatar.com\\\/avatar\\\/d2c45b0fd6bf2d3e2670ab3d112257c24ac80fa960360bba1bdc0676485d1d09?s=96&d=mm&r=g\",\"caption\":\"SOR MARTA\"},\"url\":\"https:\\\/\\\/filles-de-la-charite.org\\\/it\\\/author\\\/martaemn\\\/\"}]}<\/script>\n<!-- \/ Yoast SEO plugin. -->","yoast_head_json":{"title":"Congresso delle vocazioni - Assemblea di chiamati alla missione - Filles de la Charit\u00e9","robots":{"index":"index","follow":"follow","max-snippet":"max-snippet:-1","max-image-preview":"max-image-preview:large","max-video-preview":"max-video-preview:-1"},"canonical":"https:\/\/filles-de-la-charite.org\/it\/congreso-de-vocaciones-asamblea-de-llamados-para-la-mision\/","og_locale":"it_IT","og_type":"article","og_title":"Congresso delle vocazioni - Assemblea di chiamati alla missione - Filles de la Charit\u00e9","og_description":"Si preannunciava un grande evento, una grande celebrazione \u2013 e cos\u00ec \u00e8 stato! Il Congresso delle Vocazioni &#8211; Assemblea dei Chiamati alla Missione, organizzato dalla Conferenza Episcopale Spagnola dal 7 al 9 febbraio 2025, ci ha riuniti per celebrare e condividere la gioia della vocazione &#8211; la nostra &#8211; e per riflettervi insieme. Le Figlie [&hellip;]","og_url":"https:\/\/filles-de-la-charite.org\/it\/congreso-de-vocaciones-asamblea-de-llamados-para-la-mision\/","og_site_name":"Filles de la Charit\u00e9","article_published_time":"2025-02-28T11:54:00+00:00","article_modified_time":"2025-03-03T18:44:10+00:00","og_image":[{"width":1600,"height":1200,"url":"https:\/\/filles-de-la-charite.org\/wp-content\/uploads\/2025\/03\/WhatsApp-Image-2025-02-18-at-08.46.48.jpeg","type":"image\/jpeg"}],"author":"SOR MARTA","twitter_card":"summary_large_image","twitter_misc":{"Scritto da":"SOR MARTA","Tempo di lettura stimato":"3 minuti"},"schema":{"@context":"https:\/\/schema.org","@graph":[{"@type":"Article","@id":"https:\/\/filles-de-la-charite.org\/it\/congreso-de-vocaciones-asamblea-de-llamados-para-la-mision\/#article","isPartOf":{"@id":"https:\/\/filles-de-la-charite.org\/it\/congreso-de-vocaciones-asamblea-de-llamados-para-la-mision\/"},"author":{"name":"SOR MARTA","@id":"https:\/\/filles-de-la-charite.org\/it\/#\/schema\/person\/0c922b6ca71280639858d297b3a7209f"},"headline":"Congresso delle vocazioni &#8211; Assemblea di chiamati alla missione","datePublished":"2025-02-28T11:54:00+00:00","dateModified":"2025-03-03T18:44:10+00:00","mainEntityOfPage":{"@id":"https:\/\/filles-de-la-charite.org\/it\/congreso-de-vocaciones-asamblea-de-llamados-para-la-mision\/"},"wordCount":391,"publisher":{"@id":"https:\/\/filles-de-la-charite.org\/it\/#organization"},"image":{"@id":"https:\/\/filles-de-la-charite.org\/it\/congreso-de-vocaciones-asamblea-de-llamados-para-la-mision\/#primaryimage"},"thumbnailUrl":"https:\/\/filles-de-la-charite.org\/wp-content\/uploads\/2025\/03\/WhatsApp-Image-2025-02-18-at-08.46.48.jpeg","articleSection":["Spagna"],"inLanguage":"it-IT"},{"@type":"WebPage","@id":"https:\/\/filles-de-la-charite.org\/it\/congreso-de-vocaciones-asamblea-de-llamados-para-la-mision\/","url":"https:\/\/filles-de-la-charite.org\/it\/congreso-de-vocaciones-asamblea-de-llamados-para-la-mision\/","name":"Congresso delle vocazioni - Assemblea di chiamati alla missione - Filles de la Charit\u00e9","isPartOf":{"@id":"https:\/\/filles-de-la-charite.org\/it\/#website"},"primaryImageOfPage":{"@id":"https:\/\/filles-de-la-charite.org\/it\/congreso-de-vocaciones-asamblea-de-llamados-para-la-mision\/#primaryimage"},"image":{"@id":"https:\/\/filles-de-la-charite.org\/it\/congreso-de-vocaciones-asamblea-de-llamados-para-la-mision\/#primaryimage"},"thumbnailUrl":"https:\/\/filles-de-la-charite.org\/wp-content\/uploads\/2025\/03\/WhatsApp-Image-2025-02-18-at-08.46.48.jpeg","datePublished":"2025-02-28T11:54:00+00:00","dateModified":"2025-03-03T18:44:10+00:00","breadcrumb":{"@id":"https:\/\/filles-de-la-charite.org\/it\/congreso-de-vocaciones-asamblea-de-llamados-para-la-mision\/#breadcrumb"},"inLanguage":"it-IT","potentialAction":[{"@type":"ReadAction","target":["https:\/\/filles-de-la-charite.org\/it\/congreso-de-vocaciones-asamblea-de-llamados-para-la-mision\/"]}]},{"@type":"ImageObject","inLanguage":"it-IT","@id":"https:\/\/filles-de-la-charite.org\/it\/congreso-de-vocaciones-asamblea-de-llamados-para-la-mision\/#primaryimage","url":"https:\/\/filles-de-la-charite.org\/wp-content\/uploads\/2025\/03\/WhatsApp-Image-2025-02-18-at-08.46.48.jpeg","contentUrl":"https:\/\/filles-de-la-charite.org\/wp-content\/uploads\/2025\/03\/WhatsApp-Image-2025-02-18-at-08.46.48.jpeg","width":1600,"height":1200},{"@type":"BreadcrumbList","@id":"https:\/\/filles-de-la-charite.org\/it\/congreso-de-vocaciones-asamblea-de-llamados-para-la-mision\/#breadcrumb","itemListElement":[{"@type":"ListItem","position":1,"name":"Spagna","item":"https:\/\/filles-de-la-charite.org\/it\/category\/espana-it\/"},{"@type":"ListItem","position":2,"name":"Congresso delle vocazioni &#8211; Assemblea di chiamati alla missione"}]},{"@type":"WebSite","@id":"https:\/\/filles-de-la-charite.org\/it\/#website","url":"https:\/\/filles-de-la-charite.org\/it\/","name":"Hijas de la Caridad","description":"L\u2019amour de J\u00e9sus nous presse \u00e0 prendre soin des personnes les plus d\u00e9munies","publisher":{"@id":"https:\/\/filles-de-la-charite.org\/it\/#organization"},"potentialAction":[{"@type":"SearchAction","target":{"@type":"EntryPoint","urlTemplate":"https:\/\/filles-de-la-charite.org\/it\/?s={search_term_string}"},"query-input":{"@type":"PropertyValueSpecification","valueRequired":true,"valueName":"search_term_string"}}],"inLanguage":"it-IT"},{"@type":"Organization","@id":"https:\/\/filles-de-la-charite.org\/it\/#organization","name":"Hijas de la Caridad","url":"https:\/\/filles-de-la-charite.org\/it\/","logo":{"@type":"ImageObject","inLanguage":"it-IT","@id":"https:\/\/filles-de-la-charite.org\/it\/#\/schema\/logo\/image\/","url":"https:\/\/filles-de-la-charite.org\/wp-content\/uploads\/2023\/03\/isotipo-Hijas-de-la-Caridad.png","contentUrl":"https:\/\/filles-de-la-charite.org\/wp-content\/uploads\/2023\/03\/isotipo-Hijas-de-la-Caridad.png","width":1417,"height":1417,"caption":"Hijas de la Caridad"},"image":{"@id":"https:\/\/filles-de-la-charite.org\/it\/#\/schema\/logo\/image\/"}},{"@type":"Person","@id":"https:\/\/filles-de-la-charite.org\/it\/#\/schema\/person\/0c922b6ca71280639858d297b3a7209f","name":"SOR MARTA","image":{"@type":"ImageObject","inLanguage":"it-IT","@id":"https:\/\/secure.gravatar.com\/avatar\/d2c45b0fd6bf2d3e2670ab3d112257c24ac80fa960360bba1bdc0676485d1d09?s=96&d=mm&r=g","url":"https:\/\/secure.gravatar.com\/avatar\/d2c45b0fd6bf2d3e2670ab3d112257c24ac80fa960360bba1bdc0676485d1d09?s=96&d=mm&r=g","contentUrl":"https:\/\/secure.gravatar.com\/avatar\/d2c45b0fd6bf2d3e2670ab3d112257c24ac80fa960360bba1bdc0676485d1d09?s=96&d=mm&r=g","caption":"SOR MARTA"},"url":"https:\/\/filles-de-la-charite.org\/it\/author\/martaemn\/"}]}},"_links":{"self":[{"href":"https:\/\/filles-de-la-charite.org\/it\/wp-json\/wp\/v2\/posts\/41869","targetHints":{"allow":["GET"]}}],"collection":[{"href":"https:\/\/filles-de-la-charite.org\/it\/wp-json\/wp\/v2\/posts"}],"about":[{"href":"https:\/\/filles-de-la-charite.org\/it\/wp-json\/wp\/v2\/types\/post"}],"author":[{"embeddable":true,"href":"https:\/\/filles-de-la-charite.org\/it\/wp-json\/wp\/v2\/users\/5"}],"replies":[{"embeddable":true,"href":"https:\/\/filles-de-la-charite.org\/it\/wp-json\/wp\/v2\/comments?post=41869"}],"version-history":[{"count":3,"href":"https:\/\/filles-de-la-charite.org\/it\/wp-json\/wp\/v2\/posts\/41869\/revisions"}],"predecessor-version":[{"id":41887,"href":"https:\/\/filles-de-la-charite.org\/it\/wp-json\/wp\/v2\/posts\/41869\/revisions\/41887"}],"wp:featuredmedia":[{"embeddable":true,"href":"https:\/\/filles-de-la-charite.org\/it\/wp-json\/wp\/v2\/media\/41848"}],"wp:attachment":[{"href":"https:\/\/filles-de-la-charite.org\/it\/wp-json\/wp\/v2\/media?parent=41869"}],"wp:term":[{"taxonomy":"category","embeddable":true,"href":"https:\/\/filles-de-la-charite.org\/it\/wp-json\/wp\/v2\/categories?post=41869"},{"taxonomy":"post_tag","embeddable":true,"href":"https:\/\/filles-de-la-charite.org\/it\/wp-json\/wp\/v2\/tags?post=41869"}],"curies":[{"name":"wp","href":"https:\/\/api.w.org\/{rel}","templated":true}]}}