{"id":42372,"date":"2025-03-21T06:50:00","date_gmt":"2025-03-21T05:50:00","guid":{"rendered":"https:\/\/filles-de-la-charite.org\/?p=42372"},"modified":"2025-03-22T09:51:36","modified_gmt":"2025-03-22T08:51:36","slug":"caminando-juntas-fortaleciendo-la-formacion-en-asia","status":"publish","type":"post","link":"https:\/\/filles-de-la-charite.org\/it\/caminando-juntas-fortaleciendo-la-formacion-en-asia\/","title":{"rendered":"Camminare insieme, rafforzare la formazione in Asia"},"content":{"rendered":"\n<p>Dal 2 all&#8217;11 marzo 2025, pi\u00f9 di 50 Figlie della Carit\u00e0 provenienti dai Paesi asiatici si sono riunite a Pohsarang, Kediri, Giava Orientale, in Indonesia, per l&#8217;Incontro delle Suore Formatrici dell&#8217;Asia. Il tema dell&#8217;incontro di quest&#8217;anno, \u201cCamminare insieme, rafforzare la formazione in Asia\u201d, riassume perfettamente lo spirito di comunione e di collaborazione che ha caratterizzato l&#8217;avvenimento.<\/p>\n\n\n\n<figure class=\"wp-block-image aligncenter size-large\"><img loading=\"lazy\" decoding=\"async\" width=\"1024\" height=\"576\" src=\"https:\/\/filles-de-la-charite.org\/wp-content\/uploads\/2025\/03\/thumbnail2-1024x576.jpg\" alt=\"\" class=\"wp-image-42347\" srcset=\"https:\/\/filles-de-la-charite.org\/wp-content\/uploads\/2025\/03\/thumbnail2-980x551.jpg 980w, https:\/\/filles-de-la-charite.org\/wp-content\/uploads\/2025\/03\/thumbnail2-480x270.jpg 480w\" sizes=\"(min-width: 0px) and (max-width: 480px) 480px, (min-width: 481px) and (max-width: 980px) 980px, (min-width: 981px) 1024px, 100vw\" \/><\/figure>\n\n\n\n<p>L&#8217;obiettivo principale di questo incontro era quello di favorire le relazioni e la collaborazione tra le formatrici, le Direttrici e le Visitatrici di tutta l&#8217;Asia. \u00c8 stata una preziosa opportunit\u00e0 per le partecipanti al fine di approfondire la conoscenza reciproca, costruire legami di sostegno e lavorare insieme nella bella missione che \u00e8 la formazione delle Figlie della Carit\u00e0 per il presente e per il futuro. L&#8217;incontro si \u00e8 rivelato come uno spazio per condividere conoscenze ed esperienze che hanno arricchito la formazione in tutta la regione, promuovendo lo spirito vincenziano e adottando un approccio sinodale alla consultazione e al discernimento.<\/p>\n\n\n\n<p>L&#8217;avvenimento \u00e8 iniziato con una toccante Messa di apertura, presieduta dai Padri Direttori delle Figlie della Carit\u00e0 di India, Filippine, Vietnam e Indonesia. Le parole di benvenuto di Suor Anna, Figlia della Carit\u00e0 e membro del Consiglio generale per l&#8217;Asia, hanno creato un&#8217;atmosfera cordiale e un senso di appartenenza. L&#8217;Eucaristia \u00e8 stata un&#8217;esperienza significativa e stimolante, che ha dato a tutti rinnovata energia e determinazione nell&#8217;intraprendere questa avventura insieme.<\/p>\n\n\n\n<figure class=\"wp-block-image aligncenter size-full\"><img loading=\"lazy\" decoding=\"async\" width=\"2560\" height=\"1440\" src=\"https:\/\/filles-de-la-charite.org\/wp-content\/uploads\/2025\/03\/misa-scaled.jpg\" alt=\"\" class=\"wp-image-42354\" srcset=\"https:\/\/filles-de-la-charite.org\/wp-content\/uploads\/2025\/03\/misa-scaled.jpg 2560w, https:\/\/filles-de-la-charite.org\/wp-content\/uploads\/2025\/03\/misa-1280x720.jpg 1280w, https:\/\/filles-de-la-charite.org\/wp-content\/uploads\/2025\/03\/misa-980x551.jpg 980w, https:\/\/filles-de-la-charite.org\/wp-content\/uploads\/2025\/03\/misa-480x270.jpg 480w\" sizes=\"(min-width: 0px) and (max-width: 480px) 480px, (min-width: 481px) and (max-width: 980px) 980px, (min-width: 981px) and (max-width: 1280px) 1280px, (min-width: 1281px) 2560px, 100vw\" \/><\/figure>\n\n\n\n<p>La prima sessione si \u00e8 caratterizzata per le presentazioni di Suor Anna fdc e di Suor Teresa Mueda fdc, mentre il giorno successivo le discussioni si sono focalizzate sui piani di formazione e sulla promozione delle vocazioni in ogni Provincia. I partecipanti hanno avuto uno scambio sincero a diversi livelli, favorendo un&#8217;atmosfera di apertura e di sostegno. Alcune eccellenti risorse, tra cui Suor Fran\u00e7oise PETIT, Superiora generale, via Zoom, Padre Fransiskus Armada Rianto, CM, la signora Anita LIE e altri, hanno apportato preziose intuizioni su argomenti arricchenti.<\/p>\n\n\n\n<p>La breve escursione nella citt\u00e0 di Surabaya \u00e8 stata un momento memorabile durante il quale le partecipanti hanno visitato luoghi importanti come la Cattedrale di Surabaya, la Casa provinciale della Congregazione della Missione, la chiesa di Kelahiran Santa Perawan Maria Kepanjen e l&#8217;orfanotrofio Don Bosco. La giornata si \u00e8 conclusa con una visita alla Casa provinciale delle Figlie della Carit\u00e0 dell&#8217;Indonesia a Kediri, creando ricordi indimenticabili e rendendo pi\u00f9 profondi i legami tra le Suore.<\/p>\n\n\n\n<figure class=\"wp-block-image aligncenter size-full\"><img loading=\"lazy\" decoding=\"async\" width=\"1158\" height=\"720\" src=\"https:\/\/filles-de-la-charite.org\/wp-content\/uploads\/2025\/03\/WhatsApp-Image-2025-03-21-at-16.09.45.jpeg\" alt=\"\" class=\"wp-image-42397\" srcset=\"https:\/\/filles-de-la-charite.org\/wp-content\/uploads\/2025\/03\/WhatsApp-Image-2025-03-21-at-16.09.45.jpeg 1158w, https:\/\/filles-de-la-charite.org\/wp-content\/uploads\/2025\/03\/WhatsApp-Image-2025-03-21-at-16.09.45-980x609.jpeg 980w, https:\/\/filles-de-la-charite.org\/wp-content\/uploads\/2025\/03\/WhatsApp-Image-2025-03-21-at-16.09.45-480x298.jpeg 480w\" sizes=\"(min-width: 0px) and (max-width: 480px) 480px, (min-width: 481px) and (max-width: 980px) 980px, (min-width: 981px) 1158px, 100vw\" \/><\/figure>\n\n\n\n<p>Grazie a questo incontro, le Suore formatrici si sono incoraggiate a vicenda, hanno imparato dalle loro diverse esperienze e hanno celebrato le specificit\u00e0 di ogni Provincia. L&#8217;entusiasmo e la gioia di ogni Suora sono stati una meravigliosa fonte di ispirazione. Insieme, hanno riflettuto su come rafforzare la spiritualit\u00e0 e l&#8217;unit\u00e0 nella loro missione di servizio alla formazione.<\/p>\n\n\n\n<p>L&#8217;incontro si \u00e8 concluso con una gioiosa celebrazione eucaristica e una sentita preghiera di ringraziamento. Le idee e i legami che abbiamo stretto durante questo incontro ci diano la forza di vivere la nostra vocazione, portando amore al nostro prossimo, ovunque ci troviamo, soprattutto come messaggere di fede e di speranza per i giovani. Con il cuore ricolmo e una rinnovata determinazione, le Suore sono rientrate nei rispettivi Paesi, pronte a portare avanti il loro ministero con cuore aperto, abbracciando la vita con semplicit\u00e0, umilt\u00e0 e carit\u00e0.<\/p>\n\n\n\n<p><\/p>\n\n\n\n<figure class=\"wp-block-embed aligncenter is-type-video is-provider-youtube wp-block-embed-youtube wp-embed-aspect-16-9 wp-has-aspect-ratio\"><div class=\"wp-block-embed__wrapper\">\n<iframe loading=\"lazy\" title=\"AFM 2025 - Indonesia (Asian Formators Meeting)\" width=\"1080\" height=\"608\" src=\"https:\/\/www.youtube.com\/embed\/gcOkTx_eBXw?feature=oembed\"  allow=\"accelerometer; autoplay; clipboard-write; encrypted-media; gyroscope; picture-in-picture; web-share\" referrerpolicy=\"strict-origin-when-cross-origin\" allowfullscreen><\/iframe>\n<\/div><\/figure>\n","protected":false},"excerpt":{"rendered":"<p>Dal 2 all&#8217;11 marzo 2025, pi\u00f9 di 50 Figlie della Carit\u00e0 provenienti dai Paesi asiatici si sono riunite a Pohsarang, Kediri, Giava Orientale, in Indonesia, per l&#8217;Incontro delle Suore Formatrici dell&#8217;Asia. Il tema dell&#8217;incontro di quest&#8217;anno, \u201cCamminare insieme, rafforzare la formazione in Asia\u201d, riassume perfettamente lo spirito di comunione e di collaborazione che ha caratterizzato [&hellip;]<\/p>\n","protected":false},"author":5,"featured_media":42343,"comment_status":"closed","ping_status":"closed","sticky":false,"template":"","format":"standard","meta":{"_acf_changed":false,"_et_pb_use_builder":"","_et_pb_old_content":"","_et_gb_content_width":"","footnotes":"","_links_to":"","_links_to_target":""},"categories":[875],"tags":[],"class_list":["post-42372","post","type-post","status-publish","format-standard","has-post-thumbnail","hentry","category-asia-it"],"acf":[],"yoast_head":"<!-- This site is optimized with the Yoast SEO plugin v27.5 - https:\/\/yoast.com\/product\/yoast-seo-wordpress\/ -->\n<title>Camminare insieme, rafforzare la formazione in Asia - Filles de la Charit\u00e9<\/title>\n<meta name=\"robots\" content=\"index, follow, max-snippet:-1, max-image-preview:large, max-video-preview:-1\" \/>\n<link rel=\"canonical\" href=\"https:\/\/filles-de-la-charite.org\/it\/caminando-juntas-fortaleciendo-la-formacion-en-asia\/\" \/>\n<meta property=\"og:locale\" content=\"it_IT\" \/>\n<meta property=\"og:type\" content=\"article\" \/>\n<meta property=\"og:title\" content=\"Camminare insieme, rafforzare la formazione in Asia - Filles de la Charit\u00e9\" \/>\n<meta property=\"og:description\" content=\"Dal 2 all&#8217;11 marzo 2025, pi\u00f9 di 50 Figlie della Carit\u00e0 provenienti dai Paesi asiatici si sono riunite a Pohsarang, Kediri, Giava Orientale, in Indonesia, per l&#8217;Incontro delle Suore Formatrici dell&#8217;Asia. Il tema dell&#8217;incontro di quest&#8217;anno, \u201cCamminare insieme, rafforzare la formazione in Asia\u201d, riassume perfettamente lo spirito di comunione e di collaborazione che ha caratterizzato [&hellip;]\" \/>\n<meta property=\"og:url\" content=\"https:\/\/filles-de-la-charite.org\/it\/caminando-juntas-fortaleciendo-la-formacion-en-asia\/\" \/>\n<meta property=\"og:site_name\" content=\"Filles de la Charit\u00e9\" \/>\n<meta property=\"article:published_time\" content=\"2025-03-21T05:50:00+00:00\" \/>\n<meta property=\"article:modified_time\" content=\"2025-03-22T08:51:36+00:00\" \/>\n<meta property=\"og:image\" content=\"https:\/\/filles-de-la-charite.org\/wp-content\/uploads\/2025\/03\/thumbnail-scaled.jpg\" \/>\n\t<meta property=\"og:image:width\" content=\"2560\" \/>\n\t<meta property=\"og:image:height\" content=\"1440\" \/>\n\t<meta property=\"og:image:type\" content=\"image\/jpeg\" \/>\n<meta name=\"author\" content=\"SOR MARTA\" \/>\n<meta name=\"twitter:card\" content=\"summary_large_image\" \/>\n<meta name=\"twitter:label1\" content=\"Scritto da\" \/>\n\t<meta name=\"twitter:data1\" content=\"SOR MARTA\" \/>\n\t<meta name=\"twitter:label2\" content=\"Tempo di lettura stimato\" \/>\n\t<meta name=\"twitter:data2\" content=\"4 minuti\" \/>\n<script type=\"application\/ld+json\" class=\"yoast-schema-graph\">{\"@context\":\"https:\\\/\\\/schema.org\",\"@graph\":[{\"@type\":\"Article\",\"@id\":\"https:\\\/\\\/filles-de-la-charite.org\\\/it\\\/caminando-juntas-fortaleciendo-la-formacion-en-asia\\\/#article\",\"isPartOf\":{\"@id\":\"https:\\\/\\\/filles-de-la-charite.org\\\/it\\\/caminando-juntas-fortaleciendo-la-formacion-en-asia\\\/\"},\"author\":{\"name\":\"SOR MARTA\",\"@id\":\"https:\\\/\\\/filles-de-la-charite.org\\\/it\\\/#\\\/schema\\\/person\\\/0c922b6ca71280639858d297b3a7209f\"},\"headline\":\"Camminare insieme, rafforzare la formazione in Asia\",\"datePublished\":\"2025-03-21T05:50:00+00:00\",\"dateModified\":\"2025-03-22T08:51:36+00:00\",\"mainEntityOfPage\":{\"@id\":\"https:\\\/\\\/filles-de-la-charite.org\\\/it\\\/caminando-juntas-fortaleciendo-la-formacion-en-asia\\\/\"},\"wordCount\":558,\"publisher\":{\"@id\":\"https:\\\/\\\/filles-de-la-charite.org\\\/it\\\/#organization\"},\"image\":{\"@id\":\"https:\\\/\\\/filles-de-la-charite.org\\\/it\\\/caminando-juntas-fortaleciendo-la-formacion-en-asia\\\/#primaryimage\"},\"thumbnailUrl\":\"https:\\\/\\\/filles-de-la-charite.org\\\/wp-content\\\/uploads\\\/2025\\\/03\\\/thumbnail-scaled.jpg\",\"articleSection\":[\"Asia\"],\"inLanguage\":\"it-IT\"},{\"@type\":\"WebPage\",\"@id\":\"https:\\\/\\\/filles-de-la-charite.org\\\/it\\\/caminando-juntas-fortaleciendo-la-formacion-en-asia\\\/\",\"url\":\"https:\\\/\\\/filles-de-la-charite.org\\\/it\\\/caminando-juntas-fortaleciendo-la-formacion-en-asia\\\/\",\"name\":\"Camminare insieme, rafforzare la formazione in Asia - Filles de la Charit\u00e9\",\"isPartOf\":{\"@id\":\"https:\\\/\\\/filles-de-la-charite.org\\\/it\\\/#website\"},\"primaryImageOfPage\":{\"@id\":\"https:\\\/\\\/filles-de-la-charite.org\\\/it\\\/caminando-juntas-fortaleciendo-la-formacion-en-asia\\\/#primaryimage\"},\"image\":{\"@id\":\"https:\\\/\\\/filles-de-la-charite.org\\\/it\\\/caminando-juntas-fortaleciendo-la-formacion-en-asia\\\/#primaryimage\"},\"thumbnailUrl\":\"https:\\\/\\\/filles-de-la-charite.org\\\/wp-content\\\/uploads\\\/2025\\\/03\\\/thumbnail-scaled.jpg\",\"datePublished\":\"2025-03-21T05:50:00+00:00\",\"dateModified\":\"2025-03-22T08:51:36+00:00\",\"breadcrumb\":{\"@id\":\"https:\\\/\\\/filles-de-la-charite.org\\\/it\\\/caminando-juntas-fortaleciendo-la-formacion-en-asia\\\/#breadcrumb\"},\"inLanguage\":\"it-IT\",\"potentialAction\":[{\"@type\":\"ReadAction\",\"target\":[\"https:\\\/\\\/filles-de-la-charite.org\\\/it\\\/caminando-juntas-fortaleciendo-la-formacion-en-asia\\\/\"]}]},{\"@type\":\"ImageObject\",\"inLanguage\":\"it-IT\",\"@id\":\"https:\\\/\\\/filles-de-la-charite.org\\\/it\\\/caminando-juntas-fortaleciendo-la-formacion-en-asia\\\/#primaryimage\",\"url\":\"https:\\\/\\\/filles-de-la-charite.org\\\/wp-content\\\/uploads\\\/2025\\\/03\\\/thumbnail-scaled.jpg\",\"contentUrl\":\"https:\\\/\\\/filles-de-la-charite.org\\\/wp-content\\\/uploads\\\/2025\\\/03\\\/thumbnail-scaled.jpg\",\"width\":2560,\"height\":1440},{\"@type\":\"BreadcrumbList\",\"@id\":\"https:\\\/\\\/filles-de-la-charite.org\\\/it\\\/caminando-juntas-fortaleciendo-la-formacion-en-asia\\\/#breadcrumb\",\"itemListElement\":[{\"@type\":\"ListItem\",\"position\":1,\"name\":\"Asia\",\"item\":\"https:\\\/\\\/filles-de-la-charite.org\\\/it\\\/category\\\/asia-it\\\/\"},{\"@type\":\"ListItem\",\"position\":2,\"name\":\"Camminare insieme, rafforzare la formazione in Asia\"}]},{\"@type\":\"WebSite\",\"@id\":\"https:\\\/\\\/filles-de-la-charite.org\\\/it\\\/#website\",\"url\":\"https:\\\/\\\/filles-de-la-charite.org\\\/it\\\/\",\"name\":\"Hijas de la Caridad\",\"description\":\"L\u2019amour de J\u00e9sus nous presse \u00e0 prendre soin des personnes les plus d\u00e9munies\",\"publisher\":{\"@id\":\"https:\\\/\\\/filles-de-la-charite.org\\\/it\\\/#organization\"},\"potentialAction\":[{\"@type\":\"SearchAction\",\"target\":{\"@type\":\"EntryPoint\",\"urlTemplate\":\"https:\\\/\\\/filles-de-la-charite.org\\\/it\\\/?s={search_term_string}\"},\"query-input\":{\"@type\":\"PropertyValueSpecification\",\"valueRequired\":true,\"valueName\":\"search_term_string\"}}],\"inLanguage\":\"it-IT\"},{\"@type\":\"Organization\",\"@id\":\"https:\\\/\\\/filles-de-la-charite.org\\\/it\\\/#organization\",\"name\":\"Hijas de la Caridad\",\"url\":\"https:\\\/\\\/filles-de-la-charite.org\\\/it\\\/\",\"logo\":{\"@type\":\"ImageObject\",\"inLanguage\":\"it-IT\",\"@id\":\"https:\\\/\\\/filles-de-la-charite.org\\\/it\\\/#\\\/schema\\\/logo\\\/image\\\/\",\"url\":\"https:\\\/\\\/filles-de-la-charite.org\\\/wp-content\\\/uploads\\\/2023\\\/03\\\/isotipo-Hijas-de-la-Caridad.png\",\"contentUrl\":\"https:\\\/\\\/filles-de-la-charite.org\\\/wp-content\\\/uploads\\\/2023\\\/03\\\/isotipo-Hijas-de-la-Caridad.png\",\"width\":1417,\"height\":1417,\"caption\":\"Hijas de la Caridad\"},\"image\":{\"@id\":\"https:\\\/\\\/filles-de-la-charite.org\\\/it\\\/#\\\/schema\\\/logo\\\/image\\\/\"}},{\"@type\":\"Person\",\"@id\":\"https:\\\/\\\/filles-de-la-charite.org\\\/it\\\/#\\\/schema\\\/person\\\/0c922b6ca71280639858d297b3a7209f\",\"name\":\"SOR MARTA\",\"image\":{\"@type\":\"ImageObject\",\"inLanguage\":\"it-IT\",\"@id\":\"https:\\\/\\\/secure.gravatar.com\\\/avatar\\\/d2c45b0fd6bf2d3e2670ab3d112257c24ac80fa960360bba1bdc0676485d1d09?s=96&d=mm&r=g\",\"url\":\"https:\\\/\\\/secure.gravatar.com\\\/avatar\\\/d2c45b0fd6bf2d3e2670ab3d112257c24ac80fa960360bba1bdc0676485d1d09?s=96&d=mm&r=g\",\"contentUrl\":\"https:\\\/\\\/secure.gravatar.com\\\/avatar\\\/d2c45b0fd6bf2d3e2670ab3d112257c24ac80fa960360bba1bdc0676485d1d09?s=96&d=mm&r=g\",\"caption\":\"SOR MARTA\"},\"url\":\"https:\\\/\\\/filles-de-la-charite.org\\\/it\\\/author\\\/martaemn\\\/\"}]}<\/script>\n<!-- \/ Yoast SEO plugin. -->","yoast_head_json":{"title":"Camminare insieme, rafforzare la formazione in Asia - Filles de la Charit\u00e9","robots":{"index":"index","follow":"follow","max-snippet":"max-snippet:-1","max-image-preview":"max-image-preview:large","max-video-preview":"max-video-preview:-1"},"canonical":"https:\/\/filles-de-la-charite.org\/it\/caminando-juntas-fortaleciendo-la-formacion-en-asia\/","og_locale":"it_IT","og_type":"article","og_title":"Camminare insieme, rafforzare la formazione in Asia - Filles de la Charit\u00e9","og_description":"Dal 2 all&#8217;11 marzo 2025, pi\u00f9 di 50 Figlie della Carit\u00e0 provenienti dai Paesi asiatici si sono riunite a Pohsarang, Kediri, Giava Orientale, in Indonesia, per l&#8217;Incontro delle Suore Formatrici dell&#8217;Asia. Il tema dell&#8217;incontro di quest&#8217;anno, \u201cCamminare insieme, rafforzare la formazione in Asia\u201d, riassume perfettamente lo spirito di comunione e di collaborazione che ha caratterizzato [&hellip;]","og_url":"https:\/\/filles-de-la-charite.org\/it\/caminando-juntas-fortaleciendo-la-formacion-en-asia\/","og_site_name":"Filles de la Charit\u00e9","article_published_time":"2025-03-21T05:50:00+00:00","article_modified_time":"2025-03-22T08:51:36+00:00","og_image":[{"width":2560,"height":1440,"url":"https:\/\/filles-de-la-charite.org\/wp-content\/uploads\/2025\/03\/thumbnail-scaled.jpg","type":"image\/jpeg"}],"author":"SOR MARTA","twitter_card":"summary_large_image","twitter_misc":{"Scritto da":"SOR MARTA","Tempo di lettura stimato":"4 minuti"},"schema":{"@context":"https:\/\/schema.org","@graph":[{"@type":"Article","@id":"https:\/\/filles-de-la-charite.org\/it\/caminando-juntas-fortaleciendo-la-formacion-en-asia\/#article","isPartOf":{"@id":"https:\/\/filles-de-la-charite.org\/it\/caminando-juntas-fortaleciendo-la-formacion-en-asia\/"},"author":{"name":"SOR MARTA","@id":"https:\/\/filles-de-la-charite.org\/it\/#\/schema\/person\/0c922b6ca71280639858d297b3a7209f"},"headline":"Camminare insieme, rafforzare la formazione in Asia","datePublished":"2025-03-21T05:50:00+00:00","dateModified":"2025-03-22T08:51:36+00:00","mainEntityOfPage":{"@id":"https:\/\/filles-de-la-charite.org\/it\/caminando-juntas-fortaleciendo-la-formacion-en-asia\/"},"wordCount":558,"publisher":{"@id":"https:\/\/filles-de-la-charite.org\/it\/#organization"},"image":{"@id":"https:\/\/filles-de-la-charite.org\/it\/caminando-juntas-fortaleciendo-la-formacion-en-asia\/#primaryimage"},"thumbnailUrl":"https:\/\/filles-de-la-charite.org\/wp-content\/uploads\/2025\/03\/thumbnail-scaled.jpg","articleSection":["Asia"],"inLanguage":"it-IT"},{"@type":"WebPage","@id":"https:\/\/filles-de-la-charite.org\/it\/caminando-juntas-fortaleciendo-la-formacion-en-asia\/","url":"https:\/\/filles-de-la-charite.org\/it\/caminando-juntas-fortaleciendo-la-formacion-en-asia\/","name":"Camminare insieme, rafforzare la formazione in Asia - Filles de la Charit\u00e9","isPartOf":{"@id":"https:\/\/filles-de-la-charite.org\/it\/#website"},"primaryImageOfPage":{"@id":"https:\/\/filles-de-la-charite.org\/it\/caminando-juntas-fortaleciendo-la-formacion-en-asia\/#primaryimage"},"image":{"@id":"https:\/\/filles-de-la-charite.org\/it\/caminando-juntas-fortaleciendo-la-formacion-en-asia\/#primaryimage"},"thumbnailUrl":"https:\/\/filles-de-la-charite.org\/wp-content\/uploads\/2025\/03\/thumbnail-scaled.jpg","datePublished":"2025-03-21T05:50:00+00:00","dateModified":"2025-03-22T08:51:36+00:00","breadcrumb":{"@id":"https:\/\/filles-de-la-charite.org\/it\/caminando-juntas-fortaleciendo-la-formacion-en-asia\/#breadcrumb"},"inLanguage":"it-IT","potentialAction":[{"@type":"ReadAction","target":["https:\/\/filles-de-la-charite.org\/it\/caminando-juntas-fortaleciendo-la-formacion-en-asia\/"]}]},{"@type":"ImageObject","inLanguage":"it-IT","@id":"https:\/\/filles-de-la-charite.org\/it\/caminando-juntas-fortaleciendo-la-formacion-en-asia\/#primaryimage","url":"https:\/\/filles-de-la-charite.org\/wp-content\/uploads\/2025\/03\/thumbnail-scaled.jpg","contentUrl":"https:\/\/filles-de-la-charite.org\/wp-content\/uploads\/2025\/03\/thumbnail-scaled.jpg","width":2560,"height":1440},{"@type":"BreadcrumbList","@id":"https:\/\/filles-de-la-charite.org\/it\/caminando-juntas-fortaleciendo-la-formacion-en-asia\/#breadcrumb","itemListElement":[{"@type":"ListItem","position":1,"name":"Asia","item":"https:\/\/filles-de-la-charite.org\/it\/category\/asia-it\/"},{"@type":"ListItem","position":2,"name":"Camminare insieme, rafforzare la formazione in Asia"}]},{"@type":"WebSite","@id":"https:\/\/filles-de-la-charite.org\/it\/#website","url":"https:\/\/filles-de-la-charite.org\/it\/","name":"Hijas de la Caridad","description":"L\u2019amour de J\u00e9sus nous presse \u00e0 prendre soin des personnes les plus d\u00e9munies","publisher":{"@id":"https:\/\/filles-de-la-charite.org\/it\/#organization"},"potentialAction":[{"@type":"SearchAction","target":{"@type":"EntryPoint","urlTemplate":"https:\/\/filles-de-la-charite.org\/it\/?s={search_term_string}"},"query-input":{"@type":"PropertyValueSpecification","valueRequired":true,"valueName":"search_term_string"}}],"inLanguage":"it-IT"},{"@type":"Organization","@id":"https:\/\/filles-de-la-charite.org\/it\/#organization","name":"Hijas de la Caridad","url":"https:\/\/filles-de-la-charite.org\/it\/","logo":{"@type":"ImageObject","inLanguage":"it-IT","@id":"https:\/\/filles-de-la-charite.org\/it\/#\/schema\/logo\/image\/","url":"https:\/\/filles-de-la-charite.org\/wp-content\/uploads\/2023\/03\/isotipo-Hijas-de-la-Caridad.png","contentUrl":"https:\/\/filles-de-la-charite.org\/wp-content\/uploads\/2023\/03\/isotipo-Hijas-de-la-Caridad.png","width":1417,"height":1417,"caption":"Hijas de la Caridad"},"image":{"@id":"https:\/\/filles-de-la-charite.org\/it\/#\/schema\/logo\/image\/"}},{"@type":"Person","@id":"https:\/\/filles-de-la-charite.org\/it\/#\/schema\/person\/0c922b6ca71280639858d297b3a7209f","name":"SOR MARTA","image":{"@type":"ImageObject","inLanguage":"it-IT","@id":"https:\/\/secure.gravatar.com\/avatar\/d2c45b0fd6bf2d3e2670ab3d112257c24ac80fa960360bba1bdc0676485d1d09?s=96&d=mm&r=g","url":"https:\/\/secure.gravatar.com\/avatar\/d2c45b0fd6bf2d3e2670ab3d112257c24ac80fa960360bba1bdc0676485d1d09?s=96&d=mm&r=g","contentUrl":"https:\/\/secure.gravatar.com\/avatar\/d2c45b0fd6bf2d3e2670ab3d112257c24ac80fa960360bba1bdc0676485d1d09?s=96&d=mm&r=g","caption":"SOR MARTA"},"url":"https:\/\/filles-de-la-charite.org\/it\/author\/martaemn\/"}]}},"_links":{"self":[{"href":"https:\/\/filles-de-la-charite.org\/it\/wp-json\/wp\/v2\/posts\/42372","targetHints":{"allow":["GET"]}}],"collection":[{"href":"https:\/\/filles-de-la-charite.org\/it\/wp-json\/wp\/v2\/posts"}],"about":[{"href":"https:\/\/filles-de-la-charite.org\/it\/wp-json\/wp\/v2\/types\/post"}],"author":[{"embeddable":true,"href":"https:\/\/filles-de-la-charite.org\/it\/wp-json\/wp\/v2\/users\/5"}],"replies":[{"embeddable":true,"href":"https:\/\/filles-de-la-charite.org\/it\/wp-json\/wp\/v2\/comments?post=42372"}],"version-history":[{"count":4,"href":"https:\/\/filles-de-la-charite.org\/it\/wp-json\/wp\/v2\/posts\/42372\/revisions"}],"predecessor-version":[{"id":42411,"href":"https:\/\/filles-de-la-charite.org\/it\/wp-json\/wp\/v2\/posts\/42372\/revisions\/42411"}],"wp:featuredmedia":[{"embeddable":true,"href":"https:\/\/filles-de-la-charite.org\/it\/wp-json\/wp\/v2\/media\/42343"}],"wp:attachment":[{"href":"https:\/\/filles-de-la-charite.org\/it\/wp-json\/wp\/v2\/media?parent=42372"}],"wp:term":[{"taxonomy":"category","embeddable":true,"href":"https:\/\/filles-de-la-charite.org\/it\/wp-json\/wp\/v2\/categories?post=42372"},{"taxonomy":"post_tag","embeddable":true,"href":"https:\/\/filles-de-la-charite.org\/it\/wp-json\/wp\/v2\/tags?post=42372"}],"curies":[{"name":"wp","href":"https:\/\/api.w.org\/{rel}","templated":true}]}}