{"id":42462,"date":"2025-04-01T22:30:56","date_gmt":"2025-04-01T20:30:56","guid":{"rendered":"https:\/\/filles-de-la-charite.org\/el-centro-inclusivo-socio-educativo-santa-luisa-de-nouna-cisesl-una-historia-de-esperanza-y-resiliencia\/"},"modified":"2025-04-01T22:41:01","modified_gmt":"2025-04-01T20:41:01","slug":"el-centro-inclusivo-socio-educativo-santa-luisa-de-nouna-cisesl-una-historia-de-esperanza-y-resiliencia","status":"publish","type":"post","link":"https:\/\/filles-de-la-charite.org\/it\/el-centro-inclusivo-socio-educativo-santa-luisa-de-nouna-cisesl-una-historia-de-esperanza-y-resiliencia\/","title":{"rendered":"Il Centro Socio Educativo Inclusivo Santa Luisa di Nouna (CISESL): una storia di Speranza e di Resilienza"},"content":{"rendered":"\n<p>La storia del Centro Socio Educativo Inclusivo Santa Luisa di Nouna (CISESL) \u00e8 un esempio della <strong>FORZA DELLA SPERANZA E DELLA FEDE PROPOSITIVA NELLA PROVVIDENZA DI DIO.<\/strong> Dopo lo sfortunato attacco alle Suore a Kolonkoura, la situazione sembrava disperata. Tuttavia, questa sfida \u00e8 diventata un catalizzatore per un&#8217;azione costruttiva. La comunit\u00e0 parrocchiale, guidata da un parroco entusiasta, ha dato un supporto essenziale offrendo delle aule all&#8217;interno dei locali della parrocchia, consentendo alla scuola di continuare a operare senza problemi durante gli anni accademici dal 2021 al 2023.<\/p>\n\n\n\n<p>In un contesto di grande insicurezza, molte famiglie sono state costrette a spostarsi e le parrocchie vicine, insieme ai loro catechisti, sono venute a Nouna per cercare rifugio. In risposta a questo afflusso di persone, il parroco si \u00e8 efficacemente adattato a queste esigenze aggiuntive all&#8217;interno delle aule esistenti. Le soluzioni creative, tra cui l&#8217;uso di teloni per ampliare lo spazio utilizzabile, hanno dimostrato l&#8217;intraprendenza della comunit\u00e0 nei momenti di bisogno.<\/p>\n\n\n\n<figure class=\"wp-block-image aligncenter size-large\"><img loading=\"lazy\" decoding=\"async\" width=\"1024\" height=\"576\" src=\"https:\/\/filles-de-la-charite.org\/wp-content\/uploads\/2025\/04\/WhatsApp-Image-2025-04-01-at-17.52.57-1024x576.jpeg\" alt=\"\" class=\"wp-image-42445\" srcset=\"https:\/\/filles-de-la-charite.org\/wp-content\/uploads\/2025\/04\/WhatsApp-Image-2025-04-01-at-17.52.57-1024x576.jpeg 1024w, https:\/\/filles-de-la-charite.org\/wp-content\/uploads\/2025\/04\/WhatsApp-Image-2025-04-01-at-17.52.57-980x551.jpeg 980w, https:\/\/filles-de-la-charite.org\/wp-content\/uploads\/2025\/04\/WhatsApp-Image-2025-04-01-at-17.52.57-480x270.jpeg 480w\" sizes=\"(min-width: 0px) and (max-width: 480px) 480px, (min-width: 481px) and (max-width: 980px) 980px, (min-width: 981px) 1024px, 100vw\" \/><\/figure>\n\n\n\n<p>Riconoscendo i bisogni della comunit\u00e0 a lungo termine, il vescovo Joseph SAMA \u00e8 intervenuto con un contributo significativo: ha offerto un ettaro di terreno alle Suore per ricostruire la scuola vicino alla comunit\u00e0 Mont Tabor, nella citt\u00e0 di Nouna. Questo gesto non solo ha offerto una soluzione pratica, ma ha anche suscitato un rinnovato senso di speranza e di determinazione all&#8217;interno della comunit\u00e0.<\/p>\n\n\n\n<figure class=\"wp-block-image aligncenter size-large\"><img loading=\"lazy\" decoding=\"async\" width=\"1024\" height=\"576\" src=\"https:\/\/filles-de-la-charite.org\/wp-content\/uploads\/2025\/04\/WhatsApp-Image-2025-04-01-at-17.52.56-1024x576.jpeg\" alt=\"\" class=\"wp-image-42433\" srcset=\"https:\/\/filles-de-la-charite.org\/wp-content\/uploads\/2025\/04\/WhatsApp-Image-2025-04-01-at-17.52.56-1024x576.jpeg 1024w, https:\/\/filles-de-la-charite.org\/wp-content\/uploads\/2025\/04\/WhatsApp-Image-2025-04-01-at-17.52.56-980x551.jpeg 980w, https:\/\/filles-de-la-charite.org\/wp-content\/uploads\/2025\/04\/WhatsApp-Image-2025-04-01-at-17.52.56-480x270.jpeg 480w\" sizes=\"(min-width: 0px) and (max-width: 480px) 480px, (min-width: 481px) and (max-width: 980px) 980px, (min-width: 981px) 1024px, 100vw\" \/><\/figure>\n\n\n\n<p>Forte di questo slancio, la scuola ha dimostrato una notevole perseveranza. Grazie all&#8217;iniziativa di Sr.Toyin Abegunde, Figlia della Carit\u00e0, e al sostegno del progetto \u201cEquality from the Start\u201d di African Action\u2019s, \u00e8 stata realizzata la costruzione dell&#8217;edificio della scuola materna, completata nel luglio 2023. Questa nuova struttura, dotata di quattro aule e di un salone, funge da base per la crescita e lo sviluppo.<\/p>\n\n\n\n<figure class=\"wp-block-image aligncenter size-large\"><img loading=\"lazy\" decoding=\"async\" width=\"1024\" height=\"576\" src=\"https:\/\/filles-de-la-charite.org\/wp-content\/uploads\/2025\/04\/WhatsApp-Image-2025-04-01-at-17.52.57-1-1024x576.jpeg\" alt=\"\" class=\"wp-image-42439\" srcset=\"https:\/\/filles-de-la-charite.org\/wp-content\/uploads\/2025\/04\/WhatsApp-Image-2025-04-01-at-17.52.57-1-1024x576.jpeg 1024w, https:\/\/filles-de-la-charite.org\/wp-content\/uploads\/2025\/04\/WhatsApp-Image-2025-04-01-at-17.52.57-1-980x551.jpeg 980w, https:\/\/filles-de-la-charite.org\/wp-content\/uploads\/2025\/04\/WhatsApp-Image-2025-04-01-at-17.52.57-1-480x270.jpeg 480w\" sizes=\"(min-width: 0px) and (max-width: 480px) 480px, (min-width: 481px) and (max-width: 980px) 980px, (min-width: 981px) 1024px, 100vw\" \/><\/figure>\n\n\n\n<p>All\u2019inizio della sessione accademica 2023\/2024, siamo entusiasti di poter utilizzare l&#8217;edificio dell&#8217;asilo, che ci consente di avere un ambiente collaborativo in cui la scuola primaria condivide le sue aule. L&#8217;edificio della scuola primaria, finanziato attraverso il progetto Missio, \u00e8 stato costruito nel luglio del 2024 e completato nel gennaio 2025. La gioia diffusa tra le Suore, i bambini, gli insegnanti e i genitori nell\u2019accogliere questo nuovo inizio \u00e8 una forte testimonianza di ci\u00f2 che si pu\u00f2 ottenere attraverso l&#8217;unit\u00e0 e la resilienza. Insieme, non stiamo solo ricostruendo una scuola, stiamo promuovendo una comunit\u00e0 in cui crescono la speranza e il suo potenziale.<br>&nbsp;<\/p>\n\n\n\n<figure class=\"wp-block-image aligncenter size-large\"><img loading=\"lazy\" decoding=\"async\" width=\"1024\" height=\"576\" src=\"https:\/\/filles-de-la-charite.org\/wp-content\/uploads\/2025\/04\/WhatsApp-Image-2025-04-01-at-17.52.56-1-1024x576.jpeg\" alt=\"\" class=\"wp-image-42451\" srcset=\"https:\/\/filles-de-la-charite.org\/wp-content\/uploads\/2025\/04\/WhatsApp-Image-2025-04-01-at-17.52.56-1-1024x576.jpeg 1024w, https:\/\/filles-de-la-charite.org\/wp-content\/uploads\/2025\/04\/WhatsApp-Image-2025-04-01-at-17.52.56-1-980x551.jpeg 980w, https:\/\/filles-de-la-charite.org\/wp-content\/uploads\/2025\/04\/WhatsApp-Image-2025-04-01-at-17.52.56-1-480x270.jpeg 480w\" sizes=\"(min-width: 0px) and (max-width: 480px) 480px, (min-width: 481px) and (max-width: 980px) 980px, (min-width: 981px) 1024px, 100vw\" \/><\/figure>\n","protected":false},"excerpt":{"rendered":"<p>La storia del Centro Socio Educativo Inclusivo Santa Luisa di Nouna (CISESL) \u00e8 un esempio della FORZA DELLA SPERANZA E DELLA FEDE PROPOSITIVA NELLA PROVVIDENZA DI DIO. Dopo lo sfortunato attacco alle Suore a Kolonkoura, la situazione sembrava disperata. Tuttavia, questa sfida \u00e8 diventata un catalizzatore per un&#8217;azione costruttiva. La comunit\u00e0 parrocchiale, guidata da un [&hellip;]<\/p>\n","protected":false},"author":5,"featured_media":42430,"comment_status":"closed","ping_status":"closed","sticky":false,"template":"","format":"standard","meta":{"_acf_changed":false,"_et_pb_use_builder":"","_et_pb_old_content":"","_et_gb_content_width":"","footnotes":"","_links_to":"","_links_to_target":""},"categories":[630],"tags":[],"class_list":["post-42462","post","type-post","status-publish","format-standard","has-post-thumbnail","hentry","category-nigeria-it"],"acf":[],"yoast_head":"<!-- This site is optimized with the Yoast SEO plugin v27.5 - https:\/\/yoast.com\/product\/yoast-seo-wordpress\/ -->\n<title>Il Centro Socio Educativo Inclusivo Santa Luisa di Nouna (CISESL): una storia di Speranza e di Resilienza - Filles de la Charit\u00e9<\/title>\n<meta name=\"robots\" content=\"index, follow, max-snippet:-1, max-image-preview:large, max-video-preview:-1\" \/>\n<link rel=\"canonical\" href=\"https:\/\/filles-de-la-charite.org\/it\/el-centro-inclusivo-socio-educativo-santa-luisa-de-nouna-cisesl-una-historia-de-esperanza-y-resiliencia\/\" \/>\n<meta property=\"og:locale\" content=\"it_IT\" \/>\n<meta property=\"og:type\" content=\"article\" \/>\n<meta property=\"og:title\" content=\"Il Centro Socio Educativo Inclusivo Santa Luisa di Nouna (CISESL): una storia di Speranza e di Resilienza - Filles de la Charit\u00e9\" \/>\n<meta property=\"og:description\" content=\"La storia del Centro Socio Educativo Inclusivo Santa Luisa di Nouna (CISESL) \u00e8 un esempio della FORZA DELLA SPERANZA E DELLA FEDE PROPOSITIVA NELLA PROVVIDENZA DI DIO. Dopo lo sfortunato attacco alle Suore a Kolonkoura, la situazione sembrava disperata. Tuttavia, questa sfida \u00e8 diventata un catalizzatore per un&#8217;azione costruttiva. La comunit\u00e0 parrocchiale, guidata da un [&hellip;]\" \/>\n<meta property=\"og:url\" content=\"https:\/\/filles-de-la-charite.org\/it\/el-centro-inclusivo-socio-educativo-santa-luisa-de-nouna-cisesl-una-historia-de-esperanza-y-resiliencia\/\" \/>\n<meta property=\"og:site_name\" content=\"Filles de la Charit\u00e9\" \/>\n<meta property=\"article:published_time\" content=\"2025-04-01T20:30:56+00:00\" \/>\n<meta property=\"article:modified_time\" content=\"2025-04-01T20:41:01+00:00\" \/>\n<meta property=\"og:image\" content=\"https:\/\/filles-de-la-charite.org\/wp-content\/uploads\/2025\/04\/WhatsApp-Image-2025-04-01-at-17.52.56-2.jpeg\" \/>\n\t<meta property=\"og:image:width\" content=\"1280\" \/>\n\t<meta property=\"og:image:height\" content=\"720\" \/>\n\t<meta property=\"og:image:type\" content=\"image\/jpeg\" \/>\n<meta name=\"author\" content=\"SOR MARTA\" \/>\n<meta name=\"twitter:card\" content=\"summary_large_image\" \/>\n<meta name=\"twitter:label1\" content=\"Scritto da\" \/>\n\t<meta name=\"twitter:data1\" content=\"SOR MARTA\" \/>\n\t<meta name=\"twitter:label2\" content=\"Tempo di lettura stimato\" \/>\n\t<meta name=\"twitter:data2\" content=\"3 minuti\" \/>\n<script type=\"application\/ld+json\" class=\"yoast-schema-graph\">{\"@context\":\"https:\\\/\\\/schema.org\",\"@graph\":[{\"@type\":\"Article\",\"@id\":\"https:\\\/\\\/filles-de-la-charite.org\\\/it\\\/el-centro-inclusivo-socio-educativo-santa-luisa-de-nouna-cisesl-una-historia-de-esperanza-y-resiliencia\\\/#article\",\"isPartOf\":{\"@id\":\"https:\\\/\\\/filles-de-la-charite.org\\\/it\\\/el-centro-inclusivo-socio-educativo-santa-luisa-de-nouna-cisesl-una-historia-de-esperanza-y-resiliencia\\\/\"},\"author\":{\"name\":\"SOR MARTA\",\"@id\":\"https:\\\/\\\/filles-de-la-charite.org\\\/it\\\/#\\\/schema\\\/person\\\/0c922b6ca71280639858d297b3a7209f\"},\"headline\":\"Il Centro Socio Educativo Inclusivo Santa Luisa di Nouna (CISESL): una storia di Speranza e di Resilienza\",\"datePublished\":\"2025-04-01T20:30:56+00:00\",\"dateModified\":\"2025-04-01T20:41:01+00:00\",\"mainEntityOfPage\":{\"@id\":\"https:\\\/\\\/filles-de-la-charite.org\\\/it\\\/el-centro-inclusivo-socio-educativo-santa-luisa-de-nouna-cisesl-una-historia-de-esperanza-y-resiliencia\\\/\"},\"wordCount\":408,\"publisher\":{\"@id\":\"https:\\\/\\\/filles-de-la-charite.org\\\/it\\\/#organization\"},\"image\":{\"@id\":\"https:\\\/\\\/filles-de-la-charite.org\\\/it\\\/el-centro-inclusivo-socio-educativo-santa-luisa-de-nouna-cisesl-una-historia-de-esperanza-y-resiliencia\\\/#primaryimage\"},\"thumbnailUrl\":\"https:\\\/\\\/filles-de-la-charite.org\\\/wp-content\\\/uploads\\\/2025\\\/04\\\/WhatsApp-Image-2025-04-01-at-17.52.56-2.jpeg\",\"articleSection\":[\"Nigeria\"],\"inLanguage\":\"it-IT\"},{\"@type\":\"WebPage\",\"@id\":\"https:\\\/\\\/filles-de-la-charite.org\\\/it\\\/el-centro-inclusivo-socio-educativo-santa-luisa-de-nouna-cisesl-una-historia-de-esperanza-y-resiliencia\\\/\",\"url\":\"https:\\\/\\\/filles-de-la-charite.org\\\/it\\\/el-centro-inclusivo-socio-educativo-santa-luisa-de-nouna-cisesl-una-historia-de-esperanza-y-resiliencia\\\/\",\"name\":\"Il Centro Socio Educativo Inclusivo Santa Luisa di Nouna (CISESL): una storia di Speranza e di Resilienza - Filles de la Charit\u00e9\",\"isPartOf\":{\"@id\":\"https:\\\/\\\/filles-de-la-charite.org\\\/it\\\/#website\"},\"primaryImageOfPage\":{\"@id\":\"https:\\\/\\\/filles-de-la-charite.org\\\/it\\\/el-centro-inclusivo-socio-educativo-santa-luisa-de-nouna-cisesl-una-historia-de-esperanza-y-resiliencia\\\/#primaryimage\"},\"image\":{\"@id\":\"https:\\\/\\\/filles-de-la-charite.org\\\/it\\\/el-centro-inclusivo-socio-educativo-santa-luisa-de-nouna-cisesl-una-historia-de-esperanza-y-resiliencia\\\/#primaryimage\"},\"thumbnailUrl\":\"https:\\\/\\\/filles-de-la-charite.org\\\/wp-content\\\/uploads\\\/2025\\\/04\\\/WhatsApp-Image-2025-04-01-at-17.52.56-2.jpeg\",\"datePublished\":\"2025-04-01T20:30:56+00:00\",\"dateModified\":\"2025-04-01T20:41:01+00:00\",\"breadcrumb\":{\"@id\":\"https:\\\/\\\/filles-de-la-charite.org\\\/it\\\/el-centro-inclusivo-socio-educativo-santa-luisa-de-nouna-cisesl-una-historia-de-esperanza-y-resiliencia\\\/#breadcrumb\"},\"inLanguage\":\"it-IT\",\"potentialAction\":[{\"@type\":\"ReadAction\",\"target\":[\"https:\\\/\\\/filles-de-la-charite.org\\\/it\\\/el-centro-inclusivo-socio-educativo-santa-luisa-de-nouna-cisesl-una-historia-de-esperanza-y-resiliencia\\\/\"]}]},{\"@type\":\"ImageObject\",\"inLanguage\":\"it-IT\",\"@id\":\"https:\\\/\\\/filles-de-la-charite.org\\\/it\\\/el-centro-inclusivo-socio-educativo-santa-luisa-de-nouna-cisesl-una-historia-de-esperanza-y-resiliencia\\\/#primaryimage\",\"url\":\"https:\\\/\\\/filles-de-la-charite.org\\\/wp-content\\\/uploads\\\/2025\\\/04\\\/WhatsApp-Image-2025-04-01-at-17.52.56-2.jpeg\",\"contentUrl\":\"https:\\\/\\\/filles-de-la-charite.org\\\/wp-content\\\/uploads\\\/2025\\\/04\\\/WhatsApp-Image-2025-04-01-at-17.52.56-2.jpeg\",\"width\":1280,\"height\":720},{\"@type\":\"BreadcrumbList\",\"@id\":\"https:\\\/\\\/filles-de-la-charite.org\\\/it\\\/el-centro-inclusivo-socio-educativo-santa-luisa-de-nouna-cisesl-una-historia-de-esperanza-y-resiliencia\\\/#breadcrumb\",\"itemListElement\":[{\"@type\":\"ListItem\",\"position\":1,\"name\":\"Nigeria\",\"item\":\"https:\\\/\\\/filles-de-la-charite.org\\\/it\\\/category\\\/nigeria-it\\\/\"},{\"@type\":\"ListItem\",\"position\":2,\"name\":\"Il Centro Socio Educativo Inclusivo Santa Luisa di Nouna (CISESL): una storia di Speranza e di Resilienza\"}]},{\"@type\":\"WebSite\",\"@id\":\"https:\\\/\\\/filles-de-la-charite.org\\\/it\\\/#website\",\"url\":\"https:\\\/\\\/filles-de-la-charite.org\\\/it\\\/\",\"name\":\"Hijas de la Caridad\",\"description\":\"L\u2019amour de J\u00e9sus nous presse \u00e0 prendre soin des personnes les plus d\u00e9munies\",\"publisher\":{\"@id\":\"https:\\\/\\\/filles-de-la-charite.org\\\/it\\\/#organization\"},\"potentialAction\":[{\"@type\":\"SearchAction\",\"target\":{\"@type\":\"EntryPoint\",\"urlTemplate\":\"https:\\\/\\\/filles-de-la-charite.org\\\/it\\\/?s={search_term_string}\"},\"query-input\":{\"@type\":\"PropertyValueSpecification\",\"valueRequired\":true,\"valueName\":\"search_term_string\"}}],\"inLanguage\":\"it-IT\"},{\"@type\":\"Organization\",\"@id\":\"https:\\\/\\\/filles-de-la-charite.org\\\/it\\\/#organization\",\"name\":\"Hijas de la Caridad\",\"url\":\"https:\\\/\\\/filles-de-la-charite.org\\\/it\\\/\",\"logo\":{\"@type\":\"ImageObject\",\"inLanguage\":\"it-IT\",\"@id\":\"https:\\\/\\\/filles-de-la-charite.org\\\/it\\\/#\\\/schema\\\/logo\\\/image\\\/\",\"url\":\"https:\\\/\\\/filles-de-la-charite.org\\\/wp-content\\\/uploads\\\/2023\\\/03\\\/isotipo-Hijas-de-la-Caridad.png\",\"contentUrl\":\"https:\\\/\\\/filles-de-la-charite.org\\\/wp-content\\\/uploads\\\/2023\\\/03\\\/isotipo-Hijas-de-la-Caridad.png\",\"width\":1417,\"height\":1417,\"caption\":\"Hijas de la Caridad\"},\"image\":{\"@id\":\"https:\\\/\\\/filles-de-la-charite.org\\\/it\\\/#\\\/schema\\\/logo\\\/image\\\/\"}},{\"@type\":\"Person\",\"@id\":\"https:\\\/\\\/filles-de-la-charite.org\\\/it\\\/#\\\/schema\\\/person\\\/0c922b6ca71280639858d297b3a7209f\",\"name\":\"SOR MARTA\",\"image\":{\"@type\":\"ImageObject\",\"inLanguage\":\"it-IT\",\"@id\":\"https:\\\/\\\/secure.gravatar.com\\\/avatar\\\/d2c45b0fd6bf2d3e2670ab3d112257c24ac80fa960360bba1bdc0676485d1d09?s=96&d=mm&r=g\",\"url\":\"https:\\\/\\\/secure.gravatar.com\\\/avatar\\\/d2c45b0fd6bf2d3e2670ab3d112257c24ac80fa960360bba1bdc0676485d1d09?s=96&d=mm&r=g\",\"contentUrl\":\"https:\\\/\\\/secure.gravatar.com\\\/avatar\\\/d2c45b0fd6bf2d3e2670ab3d112257c24ac80fa960360bba1bdc0676485d1d09?s=96&d=mm&r=g\",\"caption\":\"SOR MARTA\"},\"url\":\"https:\\\/\\\/filles-de-la-charite.org\\\/it\\\/author\\\/martaemn\\\/\"}]}<\/script>\n<!-- \/ Yoast SEO plugin. -->","yoast_head_json":{"title":"Il Centro Socio Educativo Inclusivo Santa Luisa di Nouna (CISESL): una storia di Speranza e di Resilienza - Filles de la Charit\u00e9","robots":{"index":"index","follow":"follow","max-snippet":"max-snippet:-1","max-image-preview":"max-image-preview:large","max-video-preview":"max-video-preview:-1"},"canonical":"https:\/\/filles-de-la-charite.org\/it\/el-centro-inclusivo-socio-educativo-santa-luisa-de-nouna-cisesl-una-historia-de-esperanza-y-resiliencia\/","og_locale":"it_IT","og_type":"article","og_title":"Il Centro Socio Educativo Inclusivo Santa Luisa di Nouna (CISESL): una storia di Speranza e di Resilienza - Filles de la Charit\u00e9","og_description":"La storia del Centro Socio Educativo Inclusivo Santa Luisa di Nouna (CISESL) \u00e8 un esempio della FORZA DELLA SPERANZA E DELLA FEDE PROPOSITIVA NELLA PROVVIDENZA DI DIO. Dopo lo sfortunato attacco alle Suore a Kolonkoura, la situazione sembrava disperata. Tuttavia, questa sfida \u00e8 diventata un catalizzatore per un&#8217;azione costruttiva. La comunit\u00e0 parrocchiale, guidata da un [&hellip;]","og_url":"https:\/\/filles-de-la-charite.org\/it\/el-centro-inclusivo-socio-educativo-santa-luisa-de-nouna-cisesl-una-historia-de-esperanza-y-resiliencia\/","og_site_name":"Filles de la Charit\u00e9","article_published_time":"2025-04-01T20:30:56+00:00","article_modified_time":"2025-04-01T20:41:01+00:00","og_image":[{"width":1280,"height":720,"url":"https:\/\/filles-de-la-charite.org\/wp-content\/uploads\/2025\/04\/WhatsApp-Image-2025-04-01-at-17.52.56-2.jpeg","type":"image\/jpeg"}],"author":"SOR MARTA","twitter_card":"summary_large_image","twitter_misc":{"Scritto da":"SOR MARTA","Tempo di lettura stimato":"3 minuti"},"schema":{"@context":"https:\/\/schema.org","@graph":[{"@type":"Article","@id":"https:\/\/filles-de-la-charite.org\/it\/el-centro-inclusivo-socio-educativo-santa-luisa-de-nouna-cisesl-una-historia-de-esperanza-y-resiliencia\/#article","isPartOf":{"@id":"https:\/\/filles-de-la-charite.org\/it\/el-centro-inclusivo-socio-educativo-santa-luisa-de-nouna-cisesl-una-historia-de-esperanza-y-resiliencia\/"},"author":{"name":"SOR MARTA","@id":"https:\/\/filles-de-la-charite.org\/it\/#\/schema\/person\/0c922b6ca71280639858d297b3a7209f"},"headline":"Il Centro Socio Educativo Inclusivo Santa Luisa di Nouna (CISESL): una storia di Speranza e di Resilienza","datePublished":"2025-04-01T20:30:56+00:00","dateModified":"2025-04-01T20:41:01+00:00","mainEntityOfPage":{"@id":"https:\/\/filles-de-la-charite.org\/it\/el-centro-inclusivo-socio-educativo-santa-luisa-de-nouna-cisesl-una-historia-de-esperanza-y-resiliencia\/"},"wordCount":408,"publisher":{"@id":"https:\/\/filles-de-la-charite.org\/it\/#organization"},"image":{"@id":"https:\/\/filles-de-la-charite.org\/it\/el-centro-inclusivo-socio-educativo-santa-luisa-de-nouna-cisesl-una-historia-de-esperanza-y-resiliencia\/#primaryimage"},"thumbnailUrl":"https:\/\/filles-de-la-charite.org\/wp-content\/uploads\/2025\/04\/WhatsApp-Image-2025-04-01-at-17.52.56-2.jpeg","articleSection":["Nigeria"],"inLanguage":"it-IT"},{"@type":"WebPage","@id":"https:\/\/filles-de-la-charite.org\/it\/el-centro-inclusivo-socio-educativo-santa-luisa-de-nouna-cisesl-una-historia-de-esperanza-y-resiliencia\/","url":"https:\/\/filles-de-la-charite.org\/it\/el-centro-inclusivo-socio-educativo-santa-luisa-de-nouna-cisesl-una-historia-de-esperanza-y-resiliencia\/","name":"Il Centro Socio Educativo Inclusivo Santa Luisa di Nouna (CISESL): una storia di Speranza e di Resilienza - Filles de la Charit\u00e9","isPartOf":{"@id":"https:\/\/filles-de-la-charite.org\/it\/#website"},"primaryImageOfPage":{"@id":"https:\/\/filles-de-la-charite.org\/it\/el-centro-inclusivo-socio-educativo-santa-luisa-de-nouna-cisesl-una-historia-de-esperanza-y-resiliencia\/#primaryimage"},"image":{"@id":"https:\/\/filles-de-la-charite.org\/it\/el-centro-inclusivo-socio-educativo-santa-luisa-de-nouna-cisesl-una-historia-de-esperanza-y-resiliencia\/#primaryimage"},"thumbnailUrl":"https:\/\/filles-de-la-charite.org\/wp-content\/uploads\/2025\/04\/WhatsApp-Image-2025-04-01-at-17.52.56-2.jpeg","datePublished":"2025-04-01T20:30:56+00:00","dateModified":"2025-04-01T20:41:01+00:00","breadcrumb":{"@id":"https:\/\/filles-de-la-charite.org\/it\/el-centro-inclusivo-socio-educativo-santa-luisa-de-nouna-cisesl-una-historia-de-esperanza-y-resiliencia\/#breadcrumb"},"inLanguage":"it-IT","potentialAction":[{"@type":"ReadAction","target":["https:\/\/filles-de-la-charite.org\/it\/el-centro-inclusivo-socio-educativo-santa-luisa-de-nouna-cisesl-una-historia-de-esperanza-y-resiliencia\/"]}]},{"@type":"ImageObject","inLanguage":"it-IT","@id":"https:\/\/filles-de-la-charite.org\/it\/el-centro-inclusivo-socio-educativo-santa-luisa-de-nouna-cisesl-una-historia-de-esperanza-y-resiliencia\/#primaryimage","url":"https:\/\/filles-de-la-charite.org\/wp-content\/uploads\/2025\/04\/WhatsApp-Image-2025-04-01-at-17.52.56-2.jpeg","contentUrl":"https:\/\/filles-de-la-charite.org\/wp-content\/uploads\/2025\/04\/WhatsApp-Image-2025-04-01-at-17.52.56-2.jpeg","width":1280,"height":720},{"@type":"BreadcrumbList","@id":"https:\/\/filles-de-la-charite.org\/it\/el-centro-inclusivo-socio-educativo-santa-luisa-de-nouna-cisesl-una-historia-de-esperanza-y-resiliencia\/#breadcrumb","itemListElement":[{"@type":"ListItem","position":1,"name":"Nigeria","item":"https:\/\/filles-de-la-charite.org\/it\/category\/nigeria-it\/"},{"@type":"ListItem","position":2,"name":"Il Centro Socio Educativo Inclusivo Santa Luisa di Nouna (CISESL): una storia di Speranza e di Resilienza"}]},{"@type":"WebSite","@id":"https:\/\/filles-de-la-charite.org\/it\/#website","url":"https:\/\/filles-de-la-charite.org\/it\/","name":"Hijas de la Caridad","description":"L\u2019amour de J\u00e9sus nous presse \u00e0 prendre soin des personnes les plus d\u00e9munies","publisher":{"@id":"https:\/\/filles-de-la-charite.org\/it\/#organization"},"potentialAction":[{"@type":"SearchAction","target":{"@type":"EntryPoint","urlTemplate":"https:\/\/filles-de-la-charite.org\/it\/?s={search_term_string}"},"query-input":{"@type":"PropertyValueSpecification","valueRequired":true,"valueName":"search_term_string"}}],"inLanguage":"it-IT"},{"@type":"Organization","@id":"https:\/\/filles-de-la-charite.org\/it\/#organization","name":"Hijas de la Caridad","url":"https:\/\/filles-de-la-charite.org\/it\/","logo":{"@type":"ImageObject","inLanguage":"it-IT","@id":"https:\/\/filles-de-la-charite.org\/it\/#\/schema\/logo\/image\/","url":"https:\/\/filles-de-la-charite.org\/wp-content\/uploads\/2023\/03\/isotipo-Hijas-de-la-Caridad.png","contentUrl":"https:\/\/filles-de-la-charite.org\/wp-content\/uploads\/2023\/03\/isotipo-Hijas-de-la-Caridad.png","width":1417,"height":1417,"caption":"Hijas de la Caridad"},"image":{"@id":"https:\/\/filles-de-la-charite.org\/it\/#\/schema\/logo\/image\/"}},{"@type":"Person","@id":"https:\/\/filles-de-la-charite.org\/it\/#\/schema\/person\/0c922b6ca71280639858d297b3a7209f","name":"SOR MARTA","image":{"@type":"ImageObject","inLanguage":"it-IT","@id":"https:\/\/secure.gravatar.com\/avatar\/d2c45b0fd6bf2d3e2670ab3d112257c24ac80fa960360bba1bdc0676485d1d09?s=96&d=mm&r=g","url":"https:\/\/secure.gravatar.com\/avatar\/d2c45b0fd6bf2d3e2670ab3d112257c24ac80fa960360bba1bdc0676485d1d09?s=96&d=mm&r=g","contentUrl":"https:\/\/secure.gravatar.com\/avatar\/d2c45b0fd6bf2d3e2670ab3d112257c24ac80fa960360bba1bdc0676485d1d09?s=96&d=mm&r=g","caption":"SOR MARTA"},"url":"https:\/\/filles-de-la-charite.org\/it\/author\/martaemn\/"}]}},"_links":{"self":[{"href":"https:\/\/filles-de-la-charite.org\/it\/wp-json\/wp\/v2\/posts\/42462","targetHints":{"allow":["GET"]}}],"collection":[{"href":"https:\/\/filles-de-la-charite.org\/it\/wp-json\/wp\/v2\/posts"}],"about":[{"href":"https:\/\/filles-de-la-charite.org\/it\/wp-json\/wp\/v2\/types\/post"}],"author":[{"embeddable":true,"href":"https:\/\/filles-de-la-charite.org\/it\/wp-json\/wp\/v2\/users\/5"}],"replies":[{"embeddable":true,"href":"https:\/\/filles-de-la-charite.org\/it\/wp-json\/wp\/v2\/comments?post=42462"}],"version-history":[{"count":1,"href":"https:\/\/filles-de-la-charite.org\/it\/wp-json\/wp\/v2\/posts\/42462\/revisions"}],"predecessor-version":[{"id":42471,"href":"https:\/\/filles-de-la-charite.org\/it\/wp-json\/wp\/v2\/posts\/42462\/revisions\/42471"}],"wp:featuredmedia":[{"embeddable":true,"href":"https:\/\/filles-de-la-charite.org\/it\/wp-json\/wp\/v2\/media\/42430"}],"wp:attachment":[{"href":"https:\/\/filles-de-la-charite.org\/it\/wp-json\/wp\/v2\/media?parent=42462"}],"wp:term":[{"taxonomy":"category","embeddable":true,"href":"https:\/\/filles-de-la-charite.org\/it\/wp-json\/wp\/v2\/categories?post=42462"},{"taxonomy":"post_tag","embeddable":true,"href":"https:\/\/filles-de-la-charite.org\/it\/wp-json\/wp\/v2\/tags?post=42462"}],"curies":[{"name":"wp","href":"https:\/\/api.w.org\/{rel}","templated":true}]}}