{"id":42539,"date":"2025-04-10T20:56:00","date_gmt":"2025-04-10T18:56:00","guid":{"rendered":"https:\/\/filles-de-la-charite.org\/?p=42539"},"modified":"2025-04-10T20:45:31","modified_gmt":"2025-04-10T18:45:31","slug":"iniciativa-impulsada-por-la-comunidad-para-plantar-100-millones-de-arboles-autoctonos-irlandeses-en-toda-irlanda","status":"publish","type":"post","link":"https:\/\/filles-de-la-charite.org\/it\/iniciativa-impulsada-por-la-comunidad-para-plantar-100-millones-de-arboles-autoctonos-irlandeses-en-toda-irlanda\/","title":{"rendered":"Iniziativa comunitaria per piantare 100 milioni di alberi nativi irlandesi in Irlanda"},"content":{"rendered":"\n<p>Le Figlie della Carit\u00e0 hanno aderito con entusiasmo a un\u2019iniziativa animata dalla comunit\u00e0 che riflette il loro profondo impegno per l&#8217;ecologia e la cura del nostro ambiente.<\/p>\n\n\n\n<p>Il progetto 100 Million Trees, guidato dagli appassionati Richard, David e Tina Mulcahy, mira a piantare ben 100 milioni di alberi nativi irlandesi sulla splendida isola d&#8217;Irlanda nel prossimo decennio. Questo sforzo significativo non \u00e8 volto soltanto a incrementare la popolazione di alberi nativi; si tratta di arricchire la nostra biodiversit\u00e0 e di contribuire alla lotta contro le emissioni di anidride carbonica, assicurando un pianeta pi\u00f9 sano per le generazioni future.<\/p>\n\n\n\n<figure class=\"wp-block-image aligncenter size-full\"><img loading=\"lazy\" decoding=\"async\" width=\"602\" height=\"342\" src=\"https:\/\/filles-de-la-charite.org\/wp-content\/uploads\/2025\/04\/Imagen1.png\" alt=\"\" class=\"wp-image-42523\" srcset=\"https:\/\/filles-de-la-charite.org\/wp-content\/uploads\/2025\/04\/Imagen1.png 602w, https:\/\/filles-de-la-charite.org\/wp-content\/uploads\/2025\/04\/Imagen1-480x273.png 480w\" sizes=\"(min-width: 0px) and (max-width: 480px) 480px, (min-width: 481px) 602px, 100vw\" \/><\/figure>\n\n\n\n<p>Siamo liete di annunciare che il 19 marzo 2025, ci siamo lanciate in un progetto ambizioso per piantare fino a 2.500 alberi nativi irlandesi in mini foreste su siti di 1\u20444 di acro a St. Catherines, Dunardagh, Temple Hill e Blackrock, Co. Dublin, in collaborazione con il nostro sponsor, UNIPHAR.<\/p>\n\n\n\n<p>Ecco un elenco dei 2.500 alberi piantati in questo sito: Ciliegio Selvatico, Ciliegio Uccello Europeo, Blackthorn, Dogrose, Rosa Guelder, Mela Granchio, Ontano Comune, Downy Betulla, Quercia, Biancospino, Pino Scozzese, Rowan (Frassino di Montagna), Nocciola, Fuso.<\/p>\n\n\n\n<p>Utilizzando il metodo innovativo Miyawaki, sviluppato dal compassionevole botanico giapponese, il professor Akira Miyawaki, negli anni &#8217;70, miriamo a ripristinare e a ringiovanire il nostro ambiente. Questa tecnica ha avuto un successo incredibile nel rivitalizzare le terre degradate e siamo ispirate dalle 3.000 mini-foreste che ora prosperano in tutto il mondo. Insieme, lavoriamo per un futuro pi\u00f9 verde e pi\u00f9 sano per la nostra comunit\u00e0.<\/p>\n\n\n\n<figure class=\"wp-block-image aligncenter size-full\"><img loading=\"lazy\" decoding=\"async\" width=\"602\" height=\"342\" src=\"https:\/\/filles-de-la-charite.org\/wp-content\/uploads\/2025\/04\/Imagen2.png\" alt=\"\" class=\"wp-image-42529\" srcset=\"https:\/\/filles-de-la-charite.org\/wp-content\/uploads\/2025\/04\/Imagen2.png 602w, https:\/\/filles-de-la-charite.org\/wp-content\/uploads\/2025\/04\/Imagen2-480x273.png 480w\" sizes=\"(min-width: 0px) and (max-width: 480px) 480px, (min-width: 481px) 602px, 100vw\" \/><\/figure>\n\n\n\n<p>Piantando alberi vicini l\u2019uno all\u2019altro, il metodo Miyawaki favorisce una crescita rapida e migliora in modo significativo la biodiversit\u00e0, creando al contempo efficaci pozzi di assorbimento del carbonio. Questo approccio ci permette di sfruttare al meglio piccoli appezzamenti di terreno, spesso inutilizzati, in Irlanda, trasformandoli in lussureggianti spazi verdi.<\/p>\n\n\n\n<figure class=\"wp-block-image aligncenter size-full\"><img loading=\"lazy\" decoding=\"async\" width=\"602\" height=\"333\" src=\"https:\/\/filles-de-la-charite.org\/wp-content\/uploads\/2025\/04\/Imagen3.png\" alt=\"\" class=\"wp-image-42517\" srcset=\"https:\/\/filles-de-la-charite.org\/wp-content\/uploads\/2025\/04\/Imagen3.png 602w, https:\/\/filles-de-la-charite.org\/wp-content\/uploads\/2025\/04\/Imagen3-480x266.png 480w\" sizes=\"(min-width: 0px) and (max-width: 480px) 480px, (min-width: 481px) 602px, 100vw\" \/><\/figure>\n\n\n\n<p>Se desiderate partecipare al progetto e avete accesso a un terreno di circa 1&#8217;000 m2 per una mini foresta, saremmo liete di sostenervi donando alberi e piantando la mini-foresta gratuitamente. Basta cliccare su questo link: <a href=\"https:\/\/100milliontreesproject.ie\/sites\/\">https:\/\/100milliontreesproject.ie\/sites\/<\/a><\/p>\n\n\n\n<p>Rivolgiamo la nostra sincera gratitudine alle Figlie della Carit\u00e0, per il loro prezioso contributo alla creazione di una splendida mini-foresta di alberi nativi irlandesi nel cuore della citt\u00e0 di Blackrock, un passo vitale nella lotta contro i cambiamenti climatici. Un ringraziamento speciale a Sr. Eileen per il suo incrollabile entusiasmo e la sua fede in questo progetto, insieme alle Sorelle Marie, Olivia, Eil\u00eds, Mary W, Bernadette, Christina, Anna, Geraldine, \u00c1ine MacNamara, e le Sorelle di Dunardagh e Laboure House, che hanno sostenuto il progetto con le loro preghiere. Vogliamo anche ringraziare Alan Andrews e Stephen Tracey per la loro diligente preparazione del terreno, cos\u00ec come i coltivatori di alberi dedicati dei Servizi forestali &#8211; apprezziamo profondamente i vostri sforzi. Grazie a tutti per aver creduto in questa causa importante e per averla sostenuta!<\/p>\n\n\n\n<p><\/p>\n\n\n\n<figure class=\"wp-block-embed aligncenter is-type-video is-provider-youtube wp-block-embed-youtube wp-embed-aspect-16-9 wp-has-aspect-ratio\"><div class=\"wp-block-embed__wrapper\">\n<iframe loading=\"lazy\" title=\"Daughters of Charity Blackrock plant a mini-forest\" width=\"1080\" height=\"608\" src=\"https:\/\/www.youtube.com\/embed\/oUsqwJeJW2w?feature=oembed\"  allow=\"accelerometer; autoplay; clipboard-write; encrypted-media; gyroscope; picture-in-picture; web-share\" referrerpolicy=\"strict-origin-when-cross-origin\" allowfullscreen><\/iframe>\n<\/div><\/figure>\n","protected":false},"excerpt":{"rendered":"<p>Le Figlie della Carit\u00e0 hanno aderito con entusiasmo a un\u2019iniziativa animata dalla comunit\u00e0 che riflette il loro profondo impegno per l&#8217;ecologia e la cura del nostro ambiente. Il progetto 100 Million Trees, guidato dagli appassionati Richard, David e Tina Mulcahy, mira a piantare ben 100 milioni di alberi nativi irlandesi sulla splendida isola d&#8217;Irlanda nel [&hellip;]<\/p>\n","protected":false},"author":5,"featured_media":42514,"comment_status":"closed","ping_status":"closed","sticky":false,"template":"","format":"standard","meta":{"_acf_changed":false,"_et_pb_use_builder":"","_et_pb_old_content":"","_et_gb_content_width":"","footnotes":"","_links_to":"","_links_to_target":""},"categories":[604],"tags":[],"class_list":["post-42539","post","type-post","status-publish","format-standard","has-post-thumbnail","hentry","category-irlanda-it"],"acf":[],"yoast_head":"<!-- This site is optimized with the Yoast SEO plugin v27.5 - https:\/\/yoast.com\/product\/yoast-seo-wordpress\/ -->\n<title>Iniziativa comunitaria per piantare 100 milioni di alberi nativi irlandesi in Irlanda - Filles de la Charit\u00e9<\/title>\n<meta name=\"robots\" content=\"index, follow, max-snippet:-1, max-image-preview:large, max-video-preview:-1\" \/>\n<link rel=\"canonical\" href=\"https:\/\/filles-de-la-charite.org\/it\/iniciativa-impulsada-por-la-comunidad-para-plantar-100-millones-de-arboles-autoctonos-irlandeses-en-toda-irlanda\/\" \/>\n<meta property=\"og:locale\" content=\"it_IT\" \/>\n<meta property=\"og:type\" content=\"article\" \/>\n<meta property=\"og:title\" content=\"Iniziativa comunitaria per piantare 100 milioni di alberi nativi irlandesi in Irlanda - Filles de la Charit\u00e9\" \/>\n<meta property=\"og:description\" content=\"Le Figlie della Carit\u00e0 hanno aderito con entusiasmo a un\u2019iniziativa animata dalla comunit\u00e0 che riflette il loro profondo impegno per l&#8217;ecologia e la cura del nostro ambiente. Il progetto 100 Million Trees, guidato dagli appassionati Richard, David e Tina Mulcahy, mira a piantare ben 100 milioni di alberi nativi irlandesi sulla splendida isola d&#8217;Irlanda nel [&hellip;]\" \/>\n<meta property=\"og:url\" content=\"https:\/\/filles-de-la-charite.org\/it\/iniciativa-impulsada-por-la-comunidad-para-plantar-100-millones-de-arboles-autoctonos-irlandeses-en-toda-irlanda\/\" \/>\n<meta property=\"og:site_name\" content=\"Filles de la Charit\u00e9\" \/>\n<meta property=\"article:published_time\" content=\"2025-04-10T18:56:00+00:00\" \/>\n<meta property=\"og:image\" content=\"https:\/\/filles-de-la-charite.org\/wp-content\/uploads\/2025\/04\/thumbnail-news-Ireland-scaled.jpg\" \/>\n\t<meta property=\"og:image:width\" content=\"2560\" \/>\n\t<meta property=\"og:image:height\" content=\"1440\" \/>\n\t<meta property=\"og:image:type\" content=\"image\/jpeg\" \/>\n<meta name=\"author\" content=\"SOR MARTA\" \/>\n<meta name=\"twitter:card\" content=\"summary_large_image\" \/>\n<meta name=\"twitter:label1\" content=\"Scritto da\" \/>\n\t<meta name=\"twitter:data1\" content=\"SOR MARTA\" \/>\n\t<meta name=\"twitter:label2\" content=\"Tempo di lettura stimato\" \/>\n\t<meta name=\"twitter:data2\" content=\"4 minuti\" \/>\n<script type=\"application\/ld+json\" class=\"yoast-schema-graph\">{\"@context\":\"https:\\\/\\\/schema.org\",\"@graph\":[{\"@type\":\"Article\",\"@id\":\"https:\\\/\\\/filles-de-la-charite.org\\\/it\\\/iniciativa-impulsada-por-la-comunidad-para-plantar-100-millones-de-arboles-autoctonos-irlandeses-en-toda-irlanda\\\/#article\",\"isPartOf\":{\"@id\":\"https:\\\/\\\/filles-de-la-charite.org\\\/it\\\/iniciativa-impulsada-por-la-comunidad-para-plantar-100-millones-de-arboles-autoctonos-irlandeses-en-toda-irlanda\\\/\"},\"author\":{\"name\":\"SOR MARTA\",\"@id\":\"https:\\\/\\\/filles-de-la-charite.org\\\/it\\\/#\\\/schema\\\/person\\\/0c922b6ca71280639858d297b3a7209f\"},\"headline\":\"Iniziativa comunitaria per piantare 100 milioni di alberi nativi irlandesi in Irlanda\",\"datePublished\":\"2025-04-10T18:56:00+00:00\",\"mainEntityOfPage\":{\"@id\":\"https:\\\/\\\/filles-de-la-charite.org\\\/it\\\/iniciativa-impulsada-por-la-comunidad-para-plantar-100-millones-de-arboles-autoctonos-irlandeses-en-toda-irlanda\\\/\"},\"wordCount\":483,\"publisher\":{\"@id\":\"https:\\\/\\\/filles-de-la-charite.org\\\/it\\\/#organization\"},\"image\":{\"@id\":\"https:\\\/\\\/filles-de-la-charite.org\\\/it\\\/iniciativa-impulsada-por-la-comunidad-para-plantar-100-millones-de-arboles-autoctonos-irlandeses-en-toda-irlanda\\\/#primaryimage\"},\"thumbnailUrl\":\"https:\\\/\\\/filles-de-la-charite.org\\\/wp-content\\\/uploads\\\/2025\\\/04\\\/thumbnail-news-Ireland-scaled.jpg\",\"articleSection\":[\"Irlanda\"],\"inLanguage\":\"it-IT\"},{\"@type\":\"WebPage\",\"@id\":\"https:\\\/\\\/filles-de-la-charite.org\\\/it\\\/iniciativa-impulsada-por-la-comunidad-para-plantar-100-millones-de-arboles-autoctonos-irlandeses-en-toda-irlanda\\\/\",\"url\":\"https:\\\/\\\/filles-de-la-charite.org\\\/it\\\/iniciativa-impulsada-por-la-comunidad-para-plantar-100-millones-de-arboles-autoctonos-irlandeses-en-toda-irlanda\\\/\",\"name\":\"Iniziativa comunitaria per piantare 100 milioni di alberi nativi irlandesi in Irlanda - Filles de la Charit\u00e9\",\"isPartOf\":{\"@id\":\"https:\\\/\\\/filles-de-la-charite.org\\\/it\\\/#website\"},\"primaryImageOfPage\":{\"@id\":\"https:\\\/\\\/filles-de-la-charite.org\\\/it\\\/iniciativa-impulsada-por-la-comunidad-para-plantar-100-millones-de-arboles-autoctonos-irlandeses-en-toda-irlanda\\\/#primaryimage\"},\"image\":{\"@id\":\"https:\\\/\\\/filles-de-la-charite.org\\\/it\\\/iniciativa-impulsada-por-la-comunidad-para-plantar-100-millones-de-arboles-autoctonos-irlandeses-en-toda-irlanda\\\/#primaryimage\"},\"thumbnailUrl\":\"https:\\\/\\\/filles-de-la-charite.org\\\/wp-content\\\/uploads\\\/2025\\\/04\\\/thumbnail-news-Ireland-scaled.jpg\",\"datePublished\":\"2025-04-10T18:56:00+00:00\",\"breadcrumb\":{\"@id\":\"https:\\\/\\\/filles-de-la-charite.org\\\/it\\\/iniciativa-impulsada-por-la-comunidad-para-plantar-100-millones-de-arboles-autoctonos-irlandeses-en-toda-irlanda\\\/#breadcrumb\"},\"inLanguage\":\"it-IT\",\"potentialAction\":[{\"@type\":\"ReadAction\",\"target\":[\"https:\\\/\\\/filles-de-la-charite.org\\\/it\\\/iniciativa-impulsada-por-la-comunidad-para-plantar-100-millones-de-arboles-autoctonos-irlandeses-en-toda-irlanda\\\/\"]}]},{\"@type\":\"ImageObject\",\"inLanguage\":\"it-IT\",\"@id\":\"https:\\\/\\\/filles-de-la-charite.org\\\/it\\\/iniciativa-impulsada-por-la-comunidad-para-plantar-100-millones-de-arboles-autoctonos-irlandeses-en-toda-irlanda\\\/#primaryimage\",\"url\":\"https:\\\/\\\/filles-de-la-charite.org\\\/wp-content\\\/uploads\\\/2025\\\/04\\\/thumbnail-news-Ireland-scaled.jpg\",\"contentUrl\":\"https:\\\/\\\/filles-de-la-charite.org\\\/wp-content\\\/uploads\\\/2025\\\/04\\\/thumbnail-news-Ireland-scaled.jpg\",\"width\":2560,\"height\":1440},{\"@type\":\"BreadcrumbList\",\"@id\":\"https:\\\/\\\/filles-de-la-charite.org\\\/it\\\/iniciativa-impulsada-por-la-comunidad-para-plantar-100-millones-de-arboles-autoctonos-irlandeses-en-toda-irlanda\\\/#breadcrumb\",\"itemListElement\":[{\"@type\":\"ListItem\",\"position\":1,\"name\":\"Irlanda\",\"item\":\"https:\\\/\\\/filles-de-la-charite.org\\\/it\\\/category\\\/irlanda-it\\\/\"},{\"@type\":\"ListItem\",\"position\":2,\"name\":\"Iniziativa comunitaria per piantare 100 milioni di alberi nativi irlandesi in Irlanda\"}]},{\"@type\":\"WebSite\",\"@id\":\"https:\\\/\\\/filles-de-la-charite.org\\\/it\\\/#website\",\"url\":\"https:\\\/\\\/filles-de-la-charite.org\\\/it\\\/\",\"name\":\"Hijas de la Caridad\",\"description\":\"L\u2019amour de J\u00e9sus nous presse \u00e0 prendre soin des personnes les plus d\u00e9munies\",\"publisher\":{\"@id\":\"https:\\\/\\\/filles-de-la-charite.org\\\/it\\\/#organization\"},\"potentialAction\":[{\"@type\":\"SearchAction\",\"target\":{\"@type\":\"EntryPoint\",\"urlTemplate\":\"https:\\\/\\\/filles-de-la-charite.org\\\/it\\\/?s={search_term_string}\"},\"query-input\":{\"@type\":\"PropertyValueSpecification\",\"valueRequired\":true,\"valueName\":\"search_term_string\"}}],\"inLanguage\":\"it-IT\"},{\"@type\":\"Organization\",\"@id\":\"https:\\\/\\\/filles-de-la-charite.org\\\/it\\\/#organization\",\"name\":\"Hijas de la Caridad\",\"url\":\"https:\\\/\\\/filles-de-la-charite.org\\\/it\\\/\",\"logo\":{\"@type\":\"ImageObject\",\"inLanguage\":\"it-IT\",\"@id\":\"https:\\\/\\\/filles-de-la-charite.org\\\/it\\\/#\\\/schema\\\/logo\\\/image\\\/\",\"url\":\"https:\\\/\\\/filles-de-la-charite.org\\\/wp-content\\\/uploads\\\/2023\\\/03\\\/isotipo-Hijas-de-la-Caridad.png\",\"contentUrl\":\"https:\\\/\\\/filles-de-la-charite.org\\\/wp-content\\\/uploads\\\/2023\\\/03\\\/isotipo-Hijas-de-la-Caridad.png\",\"width\":1417,\"height\":1417,\"caption\":\"Hijas de la Caridad\"},\"image\":{\"@id\":\"https:\\\/\\\/filles-de-la-charite.org\\\/it\\\/#\\\/schema\\\/logo\\\/image\\\/\"}},{\"@type\":\"Person\",\"@id\":\"https:\\\/\\\/filles-de-la-charite.org\\\/it\\\/#\\\/schema\\\/person\\\/0c922b6ca71280639858d297b3a7209f\",\"name\":\"SOR MARTA\",\"image\":{\"@type\":\"ImageObject\",\"inLanguage\":\"it-IT\",\"@id\":\"https:\\\/\\\/secure.gravatar.com\\\/avatar\\\/d2c45b0fd6bf2d3e2670ab3d112257c24ac80fa960360bba1bdc0676485d1d09?s=96&d=mm&r=g\",\"url\":\"https:\\\/\\\/secure.gravatar.com\\\/avatar\\\/d2c45b0fd6bf2d3e2670ab3d112257c24ac80fa960360bba1bdc0676485d1d09?s=96&d=mm&r=g\",\"contentUrl\":\"https:\\\/\\\/secure.gravatar.com\\\/avatar\\\/d2c45b0fd6bf2d3e2670ab3d112257c24ac80fa960360bba1bdc0676485d1d09?s=96&d=mm&r=g\",\"caption\":\"SOR MARTA\"},\"url\":\"https:\\\/\\\/filles-de-la-charite.org\\\/it\\\/author\\\/martaemn\\\/\"}]}<\/script>\n<!-- \/ Yoast SEO plugin. -->","yoast_head_json":{"title":"Iniziativa comunitaria per piantare 100 milioni di alberi nativi irlandesi in Irlanda - Filles de la Charit\u00e9","robots":{"index":"index","follow":"follow","max-snippet":"max-snippet:-1","max-image-preview":"max-image-preview:large","max-video-preview":"max-video-preview:-1"},"canonical":"https:\/\/filles-de-la-charite.org\/it\/iniciativa-impulsada-por-la-comunidad-para-plantar-100-millones-de-arboles-autoctonos-irlandeses-en-toda-irlanda\/","og_locale":"it_IT","og_type":"article","og_title":"Iniziativa comunitaria per piantare 100 milioni di alberi nativi irlandesi in Irlanda - Filles de la Charit\u00e9","og_description":"Le Figlie della Carit\u00e0 hanno aderito con entusiasmo a un\u2019iniziativa animata dalla comunit\u00e0 che riflette il loro profondo impegno per l&#8217;ecologia e la cura del nostro ambiente. Il progetto 100 Million Trees, guidato dagli appassionati Richard, David e Tina Mulcahy, mira a piantare ben 100 milioni di alberi nativi irlandesi sulla splendida isola d&#8217;Irlanda nel [&hellip;]","og_url":"https:\/\/filles-de-la-charite.org\/it\/iniciativa-impulsada-por-la-comunidad-para-plantar-100-millones-de-arboles-autoctonos-irlandeses-en-toda-irlanda\/","og_site_name":"Filles de la Charit\u00e9","article_published_time":"2025-04-10T18:56:00+00:00","og_image":[{"width":2560,"height":1440,"url":"https:\/\/filles-de-la-charite.org\/wp-content\/uploads\/2025\/04\/thumbnail-news-Ireland-scaled.jpg","type":"image\/jpeg"}],"author":"SOR MARTA","twitter_card":"summary_large_image","twitter_misc":{"Scritto da":"SOR MARTA","Tempo di lettura stimato":"4 minuti"},"schema":{"@context":"https:\/\/schema.org","@graph":[{"@type":"Article","@id":"https:\/\/filles-de-la-charite.org\/it\/iniciativa-impulsada-por-la-comunidad-para-plantar-100-millones-de-arboles-autoctonos-irlandeses-en-toda-irlanda\/#article","isPartOf":{"@id":"https:\/\/filles-de-la-charite.org\/it\/iniciativa-impulsada-por-la-comunidad-para-plantar-100-millones-de-arboles-autoctonos-irlandeses-en-toda-irlanda\/"},"author":{"name":"SOR MARTA","@id":"https:\/\/filles-de-la-charite.org\/it\/#\/schema\/person\/0c922b6ca71280639858d297b3a7209f"},"headline":"Iniziativa comunitaria per piantare 100 milioni di alberi nativi irlandesi in Irlanda","datePublished":"2025-04-10T18:56:00+00:00","mainEntityOfPage":{"@id":"https:\/\/filles-de-la-charite.org\/it\/iniciativa-impulsada-por-la-comunidad-para-plantar-100-millones-de-arboles-autoctonos-irlandeses-en-toda-irlanda\/"},"wordCount":483,"publisher":{"@id":"https:\/\/filles-de-la-charite.org\/it\/#organization"},"image":{"@id":"https:\/\/filles-de-la-charite.org\/it\/iniciativa-impulsada-por-la-comunidad-para-plantar-100-millones-de-arboles-autoctonos-irlandeses-en-toda-irlanda\/#primaryimage"},"thumbnailUrl":"https:\/\/filles-de-la-charite.org\/wp-content\/uploads\/2025\/04\/thumbnail-news-Ireland-scaled.jpg","articleSection":["Irlanda"],"inLanguage":"it-IT"},{"@type":"WebPage","@id":"https:\/\/filles-de-la-charite.org\/it\/iniciativa-impulsada-por-la-comunidad-para-plantar-100-millones-de-arboles-autoctonos-irlandeses-en-toda-irlanda\/","url":"https:\/\/filles-de-la-charite.org\/it\/iniciativa-impulsada-por-la-comunidad-para-plantar-100-millones-de-arboles-autoctonos-irlandeses-en-toda-irlanda\/","name":"Iniziativa comunitaria per piantare 100 milioni di alberi nativi irlandesi in Irlanda - Filles de la Charit\u00e9","isPartOf":{"@id":"https:\/\/filles-de-la-charite.org\/it\/#website"},"primaryImageOfPage":{"@id":"https:\/\/filles-de-la-charite.org\/it\/iniciativa-impulsada-por-la-comunidad-para-plantar-100-millones-de-arboles-autoctonos-irlandeses-en-toda-irlanda\/#primaryimage"},"image":{"@id":"https:\/\/filles-de-la-charite.org\/it\/iniciativa-impulsada-por-la-comunidad-para-plantar-100-millones-de-arboles-autoctonos-irlandeses-en-toda-irlanda\/#primaryimage"},"thumbnailUrl":"https:\/\/filles-de-la-charite.org\/wp-content\/uploads\/2025\/04\/thumbnail-news-Ireland-scaled.jpg","datePublished":"2025-04-10T18:56:00+00:00","breadcrumb":{"@id":"https:\/\/filles-de-la-charite.org\/it\/iniciativa-impulsada-por-la-comunidad-para-plantar-100-millones-de-arboles-autoctonos-irlandeses-en-toda-irlanda\/#breadcrumb"},"inLanguage":"it-IT","potentialAction":[{"@type":"ReadAction","target":["https:\/\/filles-de-la-charite.org\/it\/iniciativa-impulsada-por-la-comunidad-para-plantar-100-millones-de-arboles-autoctonos-irlandeses-en-toda-irlanda\/"]}]},{"@type":"ImageObject","inLanguage":"it-IT","@id":"https:\/\/filles-de-la-charite.org\/it\/iniciativa-impulsada-por-la-comunidad-para-plantar-100-millones-de-arboles-autoctonos-irlandeses-en-toda-irlanda\/#primaryimage","url":"https:\/\/filles-de-la-charite.org\/wp-content\/uploads\/2025\/04\/thumbnail-news-Ireland-scaled.jpg","contentUrl":"https:\/\/filles-de-la-charite.org\/wp-content\/uploads\/2025\/04\/thumbnail-news-Ireland-scaled.jpg","width":2560,"height":1440},{"@type":"BreadcrumbList","@id":"https:\/\/filles-de-la-charite.org\/it\/iniciativa-impulsada-por-la-comunidad-para-plantar-100-millones-de-arboles-autoctonos-irlandeses-en-toda-irlanda\/#breadcrumb","itemListElement":[{"@type":"ListItem","position":1,"name":"Irlanda","item":"https:\/\/filles-de-la-charite.org\/it\/category\/irlanda-it\/"},{"@type":"ListItem","position":2,"name":"Iniziativa comunitaria per piantare 100 milioni di alberi nativi irlandesi in Irlanda"}]},{"@type":"WebSite","@id":"https:\/\/filles-de-la-charite.org\/it\/#website","url":"https:\/\/filles-de-la-charite.org\/it\/","name":"Hijas de la Caridad","description":"L\u2019amour de J\u00e9sus nous presse \u00e0 prendre soin des personnes les plus d\u00e9munies","publisher":{"@id":"https:\/\/filles-de-la-charite.org\/it\/#organization"},"potentialAction":[{"@type":"SearchAction","target":{"@type":"EntryPoint","urlTemplate":"https:\/\/filles-de-la-charite.org\/it\/?s={search_term_string}"},"query-input":{"@type":"PropertyValueSpecification","valueRequired":true,"valueName":"search_term_string"}}],"inLanguage":"it-IT"},{"@type":"Organization","@id":"https:\/\/filles-de-la-charite.org\/it\/#organization","name":"Hijas de la Caridad","url":"https:\/\/filles-de-la-charite.org\/it\/","logo":{"@type":"ImageObject","inLanguage":"it-IT","@id":"https:\/\/filles-de-la-charite.org\/it\/#\/schema\/logo\/image\/","url":"https:\/\/filles-de-la-charite.org\/wp-content\/uploads\/2023\/03\/isotipo-Hijas-de-la-Caridad.png","contentUrl":"https:\/\/filles-de-la-charite.org\/wp-content\/uploads\/2023\/03\/isotipo-Hijas-de-la-Caridad.png","width":1417,"height":1417,"caption":"Hijas de la Caridad"},"image":{"@id":"https:\/\/filles-de-la-charite.org\/it\/#\/schema\/logo\/image\/"}},{"@type":"Person","@id":"https:\/\/filles-de-la-charite.org\/it\/#\/schema\/person\/0c922b6ca71280639858d297b3a7209f","name":"SOR MARTA","image":{"@type":"ImageObject","inLanguage":"it-IT","@id":"https:\/\/secure.gravatar.com\/avatar\/d2c45b0fd6bf2d3e2670ab3d112257c24ac80fa960360bba1bdc0676485d1d09?s=96&d=mm&r=g","url":"https:\/\/secure.gravatar.com\/avatar\/d2c45b0fd6bf2d3e2670ab3d112257c24ac80fa960360bba1bdc0676485d1d09?s=96&d=mm&r=g","contentUrl":"https:\/\/secure.gravatar.com\/avatar\/d2c45b0fd6bf2d3e2670ab3d112257c24ac80fa960360bba1bdc0676485d1d09?s=96&d=mm&r=g","caption":"SOR MARTA"},"url":"https:\/\/filles-de-la-charite.org\/it\/author\/martaemn\/"}]}},"_links":{"self":[{"href":"https:\/\/filles-de-la-charite.org\/it\/wp-json\/wp\/v2\/posts\/42539","targetHints":{"allow":["GET"]}}],"collection":[{"href":"https:\/\/filles-de-la-charite.org\/it\/wp-json\/wp\/v2\/posts"}],"about":[{"href":"https:\/\/filles-de-la-charite.org\/it\/wp-json\/wp\/v2\/types\/post"}],"author":[{"embeddable":true,"href":"https:\/\/filles-de-la-charite.org\/it\/wp-json\/wp\/v2\/users\/5"}],"replies":[{"embeddable":true,"href":"https:\/\/filles-de-la-charite.org\/it\/wp-json\/wp\/v2\/comments?post=42539"}],"version-history":[{"count":2,"href":"https:\/\/filles-de-la-charite.org\/it\/wp-json\/wp\/v2\/posts\/42539\/revisions"}],"predecessor-version":[{"id":42555,"href":"https:\/\/filles-de-la-charite.org\/it\/wp-json\/wp\/v2\/posts\/42539\/revisions\/42555"}],"wp:featuredmedia":[{"embeddable":true,"href":"https:\/\/filles-de-la-charite.org\/it\/wp-json\/wp\/v2\/media\/42514"}],"wp:attachment":[{"href":"https:\/\/filles-de-la-charite.org\/it\/wp-json\/wp\/v2\/media?parent=42539"}],"wp:term":[{"taxonomy":"category","embeddable":true,"href":"https:\/\/filles-de-la-charite.org\/it\/wp-json\/wp\/v2\/categories?post=42539"},{"taxonomy":"post_tag","embeddable":true,"href":"https:\/\/filles-de-la-charite.org\/it\/wp-json\/wp\/v2\/tags?post=42539"}],"curies":[{"name":"wp","href":"https:\/\/api.w.org\/{rel}","templated":true}]}}