{"id":42928,"date":"2025-05-18T18:18:47","date_gmt":"2025-05-18T16:18:47","guid":{"rendered":"https:\/\/filles-de-la-charite.org\/?p=42928"},"modified":"2025-05-25T18:22:04","modified_gmt":"2025-05-25T16:22:04","slug":"un-dia-de-los-inocentes-diferente","status":"publish","type":"post","link":"https:\/\/filles-de-la-charite.org\/it\/un-dia-de-los-inocentes-diferente\/","title":{"rendered":"Un pesce d&#8217;aprile diverso dal solito"},"content":{"rendered":"\n<figure class=\"wp-block-image size-large\"><img loading=\"lazy\" decoding=\"async\" width=\"553\" height=\"1024\" src=\"https:\/\/filles-de-la-charite.org\/wp-content\/uploads\/2025\/05\/WhatsApp-Image-2025-05-13-at-21.08.45-2-553x1024.jpeg\" alt=\"\" class=\"wp-image-42919\" srcset=\"https:\/\/filles-de-la-charite.org\/wp-content\/uploads\/2025\/05\/WhatsApp-Image-2025-05-13-at-21.08.45-2-553x1024.jpeg 553w, https:\/\/filles-de-la-charite.org\/wp-content\/uploads\/2025\/05\/WhatsApp-Image-2025-05-13-at-21.08.45-2-480x888.jpeg 480w\" sizes=\"(min-width: 0px) and (max-width: 480px) 480px, (min-width: 481px) 553px, 100vw\" \/><\/figure>\n\n\n\n<p>Era una bella giornata di primavera il primo aprile 2025 qui a Manchester. Ci siamo svegliati con un bel sole che illuminava la stanza e io ero pronta per andare a fare volontariato alla St. Barnabas Nursery and Primary School di Openshaw, Manchester. Questa scuola ha pi\u00f9 di 200 alunni e circa 30 membri come personale. Si dedica al servizio degli alunni rispondendo alle loro esigenze individuali e collettive.<\/p>\n\n\n\n<p>Molto tempo prima di oggi, Joan, membro del personale della Casa delle Suore di Hulme e cuoca a tempo pieno di St. Barnabas, che si occupa dei pasti scolastici, mi ha chiesto la ricetta del riso Jollof africano. Ho cercato la ricetta online e gliel&#8217;ho inviata via WhatsApp. Tuttavia, ha insistito perch\u00e9 le mostrassi come prepararlo. Con il permesso della direttrice didattica e del suo responsabile commerciale, abbiamo concordato che avrei potuto venire a scuola per dare una dimostrazione, permettendo anche agli altri addetti alla cucina di imparare.<\/p>\n\n\n\n<p>Gli alunni e il personale sono stati informati della mia visita e la scuola era in fermento. Joan ha acquistato tutti gli ingredienti necessari, comprese le cosce di pollo per accompagnare il riso. Alle 10 del mattino sono arrivata a scuola. Dopo aver firmato come ospite, come richiesto dalla politica sulle migliori pratiche, mi sono messa al lavoro, dato che avevamo solo 2 ore e 30 minuti per preparare il pranzo. La cucina era uno spazio moderato e compatto, dotato di tutti i componenti necessari. Era tenuta molto pulita e ben organizzata dal personale gentile e laborioso, che lavorava insieme come una squadra, svolgendo ciascuno i compiti assegnati,<\/p>\n\n\n\n<figure class=\"wp-block-image size-large\"><img loading=\"lazy\" decoding=\"async\" width=\"768\" height=\"1024\" src=\"https:\/\/filles-de-la-charite.org\/wp-content\/uploads\/2025\/05\/WhatsApp-Image-2025-05-13-at-21.08.45-1-768x1024.jpeg\" alt=\"\" class=\"wp-image-42888\" srcset=\"https:\/\/filles-de-la-charite.org\/wp-content\/uploads\/2025\/05\/WhatsApp-Image-2025-05-13-at-21.08.45-1-768x1024.jpeg 768w, https:\/\/filles-de-la-charite.org\/wp-content\/uploads\/2025\/05\/WhatsApp-Image-2025-05-13-at-21.08.45-1-480x640.jpeg 480w\" sizes=\"(min-width: 0px) and (max-width: 480px) 480px, (min-width: 481px) 768px, 100vw\" \/><\/figure>\n\n\n\n<p>Per prima cosa, abbiamo lavato, condito e messo le cosce in forno ad arrostire. In breve tempo, l&#8217;aroma delizioso si \u00e8 diffuso nell&#8217;aria. Nel frattempo, ho fatto bollire il riso, l&#8217;ho lavato e condito e l&#8217;ho messo in una vaporiera. Poich\u00e9 non avevo dimestichezza con la cottura a vapore, avevo qualche preoccupazione su come l&#8217;acqua del riso si sarebbe asciugata. Tuttavia, tutto \u00e8 andato bene ed era pronto con puntualit\u00e0.. Gli studenti sono entrati a turno nella sala da pranzo, tutti con un sorriso smagliante e un&#8217;espressione entusiasta. Chi conosceva il riso Jollof ha apprezzato ogni boccone, mentre chi lo provava per la prima volta ne ha approvato il sapore. Sono stato soddisfatta del risultato.<\/p>\n\n\n\n<p>&nbsp;Facendo un piccolo giro per la scuola, sono rimasta affascinata da alcuni espositori nella sala da pranzo con materiali per un passaggio delicato della fede e per ricordare ai bambini che <strong>Dio \u00e8 in questo luogo.<\/strong><\/p>\n\n\n\n<figure class=\"wp-block-image size-large\"><img loading=\"lazy\" decoding=\"async\" width=\"768\" height=\"1024\" src=\"https:\/\/filles-de-la-charite.org\/wp-content\/uploads\/2025\/05\/WhatsApp-Image-2025-05-13-at-21.08.45--768x1024.jpeg\" alt=\"\" class=\"wp-image-42900\" srcset=\"https:\/\/filles-de-la-charite.org\/wp-content\/uploads\/2025\/05\/WhatsApp-Image-2025-05-13-at-21.08.45--768x1024.jpeg 768w, https:\/\/filles-de-la-charite.org\/wp-content\/uploads\/2025\/05\/WhatsApp-Image-2025-05-13-at-21.08.45--480x640.jpeg 480w\" sizes=\"(min-width: 0px) and (max-width: 480px) 480px, (min-width: 481px) 768px, 100vw\" \/><\/figure>\n\n\n\n<p>Non poteva esserci modo migliore per trascorrere una giornata divertente facendo ci\u00f2 che amo veramente fare. Prima di lasciare la scuola, ho fatto una breve visita agli alunni del sesto anno, che sono stati cos\u00ec gentili e desiderosi di esprimere la loro gratitudine per il servizio offerto loro. Nel frattempo, abbiamo concordato con la Preside che, quando torner\u00f2 da Ginevra, potr\u00f2 andare a fare alcune sessioni con i bambini dell&#8217;ultimo anno sul mio lavoro alle Nazioni Unite e anche avviare un club di cucina per coloro che potrebbero essere interessati a imparare di pi\u00f9 sull\u2019arte culinaria. Sar\u00e0 un grande piacere per me condividere alcune competenze che possono portare felicit\u00e0 e alimentare il valore dell&#8217;ospitalit\u00e0 e dell&#8217;interculturalit\u00e0 tra i giovani e un percorso per applicare \u201cla creativit\u00e0 all&#8217;infinito&#8221;.<\/p>\n\n\n\n<figure class=\"wp-block-image size-large\"><img loading=\"lazy\" decoding=\"async\" width=\"768\" height=\"1024\" src=\"https:\/\/filles-de-la-charite.org\/wp-content\/uploads\/2025\/05\/WhatsApp-Image-2025-05-13-at-21.08.44-1-768x1024.jpeg\" alt=\"\" class=\"wp-image-42907\" srcset=\"https:\/\/filles-de-la-charite.org\/wp-content\/uploads\/2025\/05\/WhatsApp-Image-2025-05-13-at-21.08.44-1-768x1024.jpeg 768w, https:\/\/filles-de-la-charite.org\/wp-content\/uploads\/2025\/05\/WhatsApp-Image-2025-05-13-at-21.08.44-1-480x640.jpeg 480w\" sizes=\"(min-width: 0px) and (max-width: 480px) 480px, (min-width: 481px) 768px, 100vw\" \/><\/figure>\n\n\n\n<p><em>Sr. Franca Edet, Figlia della Carit\u00e0<\/em><\/p>\n","protected":false},"excerpt":{"rendered":"<p>Era una bella giornata di primavera il primo aprile 2025 qui a Manchester. Ci siamo svegliati con un bel sole che illuminava la stanza e io ero pronta per andare a fare volontariato alla St. Barnabas Nursery and Primary School di Openshaw, Manchester. Questa scuola ha pi\u00f9 di 200 alunni e circa 30 membri come [&hellip;]<\/p>\n","protected":false},"author":5,"featured_media":42916,"comment_status":"closed","ping_status":"closed","sticky":false,"template":"","format":"standard","meta":{"_acf_changed":false,"_et_pb_use_builder":"","_et_pb_old_content":"","_et_gb_content_width":"","footnotes":"","_links_to":"","_links_to_target":""},"categories":[674],"tags":[],"class_list":["post-42928","post","type-post","status-publish","format-standard","has-post-thumbnail","hentry","category-rosalie-rendu-regno-unito-e-australia-it"],"acf":[],"yoast_head":"<!-- This site is optimized with the Yoast SEO plugin v27.5 - https:\/\/yoast.com\/product\/yoast-seo-wordpress\/ -->\n<title>Un pesce d&#039;aprile diverso dal solito - Filles de la Charit\u00e9<\/title>\n<meta name=\"robots\" content=\"index, follow, max-snippet:-1, max-image-preview:large, max-video-preview:-1\" \/>\n<link rel=\"canonical\" href=\"https:\/\/filles-de-la-charite.org\/it\/un-dia-de-los-inocentes-diferente\/\" \/>\n<meta property=\"og:locale\" content=\"it_IT\" \/>\n<meta property=\"og:type\" content=\"article\" \/>\n<meta property=\"og:title\" content=\"Un pesce d&#039;aprile diverso dal solito - Filles de la Charit\u00e9\" \/>\n<meta property=\"og:description\" content=\"Era una bella giornata di primavera il primo aprile 2025 qui a Manchester. Ci siamo svegliati con un bel sole che illuminava la stanza e io ero pronta per andare a fare volontariato alla St. Barnabas Nursery and Primary School di Openshaw, Manchester. Questa scuola ha pi\u00f9 di 200 alunni e circa 30 membri come [&hellip;]\" \/>\n<meta property=\"og:url\" content=\"https:\/\/filles-de-la-charite.org\/it\/un-dia-de-los-inocentes-diferente\/\" \/>\n<meta property=\"og:site_name\" content=\"Filles de la Charit\u00e9\" \/>\n<meta property=\"article:published_time\" content=\"2025-05-18T16:18:47+00:00\" \/>\n<meta property=\"article:modified_time\" content=\"2025-05-25T16:22:04+00:00\" \/>\n<meta property=\"og:image\" content=\"https:\/\/filles-de-la-charite.org\/wp-content\/uploads\/2025\/05\/WhatsApp-Image-2025-05-13-at-21.08.44.jpeg\" \/>\n\t<meta property=\"og:image:width\" content=\"960\" \/>\n\t<meta property=\"og:image:height\" content=\"1280\" \/>\n\t<meta property=\"og:image:type\" content=\"image\/jpeg\" \/>\n<meta name=\"author\" content=\"SOR MARTA\" \/>\n<meta name=\"twitter:card\" content=\"summary_large_image\" \/>\n<meta name=\"twitter:label1\" content=\"Scritto da\" \/>\n\t<meta name=\"twitter:data1\" content=\"SOR MARTA\" \/>\n\t<meta name=\"twitter:label2\" content=\"Tempo di lettura stimato\" \/>\n\t<meta name=\"twitter:data2\" content=\"4 minuti\" \/>\n<script type=\"application\/ld+json\" class=\"yoast-schema-graph\">{\"@context\":\"https:\\\/\\\/schema.org\",\"@graph\":[{\"@type\":\"Article\",\"@id\":\"https:\\\/\\\/filles-de-la-charite.org\\\/it\\\/un-dia-de-los-inocentes-diferente\\\/#article\",\"isPartOf\":{\"@id\":\"https:\\\/\\\/filles-de-la-charite.org\\\/it\\\/un-dia-de-los-inocentes-diferente\\\/\"},\"author\":{\"name\":\"SOR MARTA\",\"@id\":\"https:\\\/\\\/filles-de-la-charite.org\\\/it\\\/#\\\/schema\\\/person\\\/0c922b6ca71280639858d297b3a7209f\"},\"headline\":\"Un pesce d&#8217;aprile diverso dal solito\",\"datePublished\":\"2025-05-18T16:18:47+00:00\",\"dateModified\":\"2025-05-25T16:22:04+00:00\",\"mainEntityOfPage\":{\"@id\":\"https:\\\/\\\/filles-de-la-charite.org\\\/it\\\/un-dia-de-los-inocentes-diferente\\\/\"},\"wordCount\":560,\"publisher\":{\"@id\":\"https:\\\/\\\/filles-de-la-charite.org\\\/it\\\/#organization\"},\"image\":{\"@id\":\"https:\\\/\\\/filles-de-la-charite.org\\\/it\\\/un-dia-de-los-inocentes-diferente\\\/#primaryimage\"},\"thumbnailUrl\":\"https:\\\/\\\/filles-de-la-charite.org\\\/wp-content\\\/uploads\\\/2025\\\/05\\\/WhatsApp-Image-2025-05-13-at-21.08.44.jpeg\",\"articleSection\":[\"Rosalie Rendu - Regno Unito e Australia\"],\"inLanguage\":\"it-IT\"},{\"@type\":\"WebPage\",\"@id\":\"https:\\\/\\\/filles-de-la-charite.org\\\/it\\\/un-dia-de-los-inocentes-diferente\\\/\",\"url\":\"https:\\\/\\\/filles-de-la-charite.org\\\/it\\\/un-dia-de-los-inocentes-diferente\\\/\",\"name\":\"Un pesce d'aprile diverso dal solito - Filles de la Charit\u00e9\",\"isPartOf\":{\"@id\":\"https:\\\/\\\/filles-de-la-charite.org\\\/it\\\/#website\"},\"primaryImageOfPage\":{\"@id\":\"https:\\\/\\\/filles-de-la-charite.org\\\/it\\\/un-dia-de-los-inocentes-diferente\\\/#primaryimage\"},\"image\":{\"@id\":\"https:\\\/\\\/filles-de-la-charite.org\\\/it\\\/un-dia-de-los-inocentes-diferente\\\/#primaryimage\"},\"thumbnailUrl\":\"https:\\\/\\\/filles-de-la-charite.org\\\/wp-content\\\/uploads\\\/2025\\\/05\\\/WhatsApp-Image-2025-05-13-at-21.08.44.jpeg\",\"datePublished\":\"2025-05-18T16:18:47+00:00\",\"dateModified\":\"2025-05-25T16:22:04+00:00\",\"breadcrumb\":{\"@id\":\"https:\\\/\\\/filles-de-la-charite.org\\\/it\\\/un-dia-de-los-inocentes-diferente\\\/#breadcrumb\"},\"inLanguage\":\"it-IT\",\"potentialAction\":[{\"@type\":\"ReadAction\",\"target\":[\"https:\\\/\\\/filles-de-la-charite.org\\\/it\\\/un-dia-de-los-inocentes-diferente\\\/\"]}]},{\"@type\":\"ImageObject\",\"inLanguage\":\"it-IT\",\"@id\":\"https:\\\/\\\/filles-de-la-charite.org\\\/it\\\/un-dia-de-los-inocentes-diferente\\\/#primaryimage\",\"url\":\"https:\\\/\\\/filles-de-la-charite.org\\\/wp-content\\\/uploads\\\/2025\\\/05\\\/WhatsApp-Image-2025-05-13-at-21.08.44.jpeg\",\"contentUrl\":\"https:\\\/\\\/filles-de-la-charite.org\\\/wp-content\\\/uploads\\\/2025\\\/05\\\/WhatsApp-Image-2025-05-13-at-21.08.44.jpeg\",\"width\":960,\"height\":1280},{\"@type\":\"BreadcrumbList\",\"@id\":\"https:\\\/\\\/filles-de-la-charite.org\\\/it\\\/un-dia-de-los-inocentes-diferente\\\/#breadcrumb\",\"itemListElement\":[{\"@type\":\"ListItem\",\"position\":1,\"name\":\"Rosalie Rendu - Regno Unito e Australia\",\"item\":\"https:\\\/\\\/filles-de-la-charite.org\\\/it\\\/category\\\/rosalie-rendu-regno-unito-e-australia-it\\\/\"},{\"@type\":\"ListItem\",\"position\":2,\"name\":\"Un pesce d&#8217;aprile diverso dal solito\"}]},{\"@type\":\"WebSite\",\"@id\":\"https:\\\/\\\/filles-de-la-charite.org\\\/it\\\/#website\",\"url\":\"https:\\\/\\\/filles-de-la-charite.org\\\/it\\\/\",\"name\":\"Hijas de la Caridad\",\"description\":\"L\u2019amour de J\u00e9sus nous presse \u00e0 prendre soin des personnes les plus d\u00e9munies\",\"publisher\":{\"@id\":\"https:\\\/\\\/filles-de-la-charite.org\\\/it\\\/#organization\"},\"potentialAction\":[{\"@type\":\"SearchAction\",\"target\":{\"@type\":\"EntryPoint\",\"urlTemplate\":\"https:\\\/\\\/filles-de-la-charite.org\\\/it\\\/?s={search_term_string}\"},\"query-input\":{\"@type\":\"PropertyValueSpecification\",\"valueRequired\":true,\"valueName\":\"search_term_string\"}}],\"inLanguage\":\"it-IT\"},{\"@type\":\"Organization\",\"@id\":\"https:\\\/\\\/filles-de-la-charite.org\\\/it\\\/#organization\",\"name\":\"Hijas de la Caridad\",\"url\":\"https:\\\/\\\/filles-de-la-charite.org\\\/it\\\/\",\"logo\":{\"@type\":\"ImageObject\",\"inLanguage\":\"it-IT\",\"@id\":\"https:\\\/\\\/filles-de-la-charite.org\\\/it\\\/#\\\/schema\\\/logo\\\/image\\\/\",\"url\":\"https:\\\/\\\/filles-de-la-charite.org\\\/wp-content\\\/uploads\\\/2023\\\/03\\\/isotipo-Hijas-de-la-Caridad.png\",\"contentUrl\":\"https:\\\/\\\/filles-de-la-charite.org\\\/wp-content\\\/uploads\\\/2023\\\/03\\\/isotipo-Hijas-de-la-Caridad.png\",\"width\":1417,\"height\":1417,\"caption\":\"Hijas de la Caridad\"},\"image\":{\"@id\":\"https:\\\/\\\/filles-de-la-charite.org\\\/it\\\/#\\\/schema\\\/logo\\\/image\\\/\"}},{\"@type\":\"Person\",\"@id\":\"https:\\\/\\\/filles-de-la-charite.org\\\/it\\\/#\\\/schema\\\/person\\\/0c922b6ca71280639858d297b3a7209f\",\"name\":\"SOR MARTA\",\"image\":{\"@type\":\"ImageObject\",\"inLanguage\":\"it-IT\",\"@id\":\"https:\\\/\\\/secure.gravatar.com\\\/avatar\\\/d2c45b0fd6bf2d3e2670ab3d112257c24ac80fa960360bba1bdc0676485d1d09?s=96&d=mm&r=g\",\"url\":\"https:\\\/\\\/secure.gravatar.com\\\/avatar\\\/d2c45b0fd6bf2d3e2670ab3d112257c24ac80fa960360bba1bdc0676485d1d09?s=96&d=mm&r=g\",\"contentUrl\":\"https:\\\/\\\/secure.gravatar.com\\\/avatar\\\/d2c45b0fd6bf2d3e2670ab3d112257c24ac80fa960360bba1bdc0676485d1d09?s=96&d=mm&r=g\",\"caption\":\"SOR MARTA\"},\"url\":\"https:\\\/\\\/filles-de-la-charite.org\\\/it\\\/author\\\/martaemn\\\/\"}]}<\/script>\n<!-- \/ Yoast SEO plugin. -->","yoast_head_json":{"title":"Un pesce d'aprile diverso dal solito - Filles de la Charit\u00e9","robots":{"index":"index","follow":"follow","max-snippet":"max-snippet:-1","max-image-preview":"max-image-preview:large","max-video-preview":"max-video-preview:-1"},"canonical":"https:\/\/filles-de-la-charite.org\/it\/un-dia-de-los-inocentes-diferente\/","og_locale":"it_IT","og_type":"article","og_title":"Un pesce d'aprile diverso dal solito - Filles de la Charit\u00e9","og_description":"Era una bella giornata di primavera il primo aprile 2025 qui a Manchester. Ci siamo svegliati con un bel sole che illuminava la stanza e io ero pronta per andare a fare volontariato alla St. Barnabas Nursery and Primary School di Openshaw, Manchester. Questa scuola ha pi\u00f9 di 200 alunni e circa 30 membri come [&hellip;]","og_url":"https:\/\/filles-de-la-charite.org\/it\/un-dia-de-los-inocentes-diferente\/","og_site_name":"Filles de la Charit\u00e9","article_published_time":"2025-05-18T16:18:47+00:00","article_modified_time":"2025-05-25T16:22:04+00:00","og_image":[{"width":960,"height":1280,"url":"https:\/\/filles-de-la-charite.org\/wp-content\/uploads\/2025\/05\/WhatsApp-Image-2025-05-13-at-21.08.44.jpeg","type":"image\/jpeg"}],"author":"SOR MARTA","twitter_card":"summary_large_image","twitter_misc":{"Scritto da":"SOR MARTA","Tempo di lettura stimato":"4 minuti"},"schema":{"@context":"https:\/\/schema.org","@graph":[{"@type":"Article","@id":"https:\/\/filles-de-la-charite.org\/it\/un-dia-de-los-inocentes-diferente\/#article","isPartOf":{"@id":"https:\/\/filles-de-la-charite.org\/it\/un-dia-de-los-inocentes-diferente\/"},"author":{"name":"SOR MARTA","@id":"https:\/\/filles-de-la-charite.org\/it\/#\/schema\/person\/0c922b6ca71280639858d297b3a7209f"},"headline":"Un pesce d&#8217;aprile diverso dal solito","datePublished":"2025-05-18T16:18:47+00:00","dateModified":"2025-05-25T16:22:04+00:00","mainEntityOfPage":{"@id":"https:\/\/filles-de-la-charite.org\/it\/un-dia-de-los-inocentes-diferente\/"},"wordCount":560,"publisher":{"@id":"https:\/\/filles-de-la-charite.org\/it\/#organization"},"image":{"@id":"https:\/\/filles-de-la-charite.org\/it\/un-dia-de-los-inocentes-diferente\/#primaryimage"},"thumbnailUrl":"https:\/\/filles-de-la-charite.org\/wp-content\/uploads\/2025\/05\/WhatsApp-Image-2025-05-13-at-21.08.44.jpeg","articleSection":["Rosalie Rendu - Regno Unito e Australia"],"inLanguage":"it-IT"},{"@type":"WebPage","@id":"https:\/\/filles-de-la-charite.org\/it\/un-dia-de-los-inocentes-diferente\/","url":"https:\/\/filles-de-la-charite.org\/it\/un-dia-de-los-inocentes-diferente\/","name":"Un pesce d'aprile diverso dal solito - Filles de la Charit\u00e9","isPartOf":{"@id":"https:\/\/filles-de-la-charite.org\/it\/#website"},"primaryImageOfPage":{"@id":"https:\/\/filles-de-la-charite.org\/it\/un-dia-de-los-inocentes-diferente\/#primaryimage"},"image":{"@id":"https:\/\/filles-de-la-charite.org\/it\/un-dia-de-los-inocentes-diferente\/#primaryimage"},"thumbnailUrl":"https:\/\/filles-de-la-charite.org\/wp-content\/uploads\/2025\/05\/WhatsApp-Image-2025-05-13-at-21.08.44.jpeg","datePublished":"2025-05-18T16:18:47+00:00","dateModified":"2025-05-25T16:22:04+00:00","breadcrumb":{"@id":"https:\/\/filles-de-la-charite.org\/it\/un-dia-de-los-inocentes-diferente\/#breadcrumb"},"inLanguage":"it-IT","potentialAction":[{"@type":"ReadAction","target":["https:\/\/filles-de-la-charite.org\/it\/un-dia-de-los-inocentes-diferente\/"]}]},{"@type":"ImageObject","inLanguage":"it-IT","@id":"https:\/\/filles-de-la-charite.org\/it\/un-dia-de-los-inocentes-diferente\/#primaryimage","url":"https:\/\/filles-de-la-charite.org\/wp-content\/uploads\/2025\/05\/WhatsApp-Image-2025-05-13-at-21.08.44.jpeg","contentUrl":"https:\/\/filles-de-la-charite.org\/wp-content\/uploads\/2025\/05\/WhatsApp-Image-2025-05-13-at-21.08.44.jpeg","width":960,"height":1280},{"@type":"BreadcrumbList","@id":"https:\/\/filles-de-la-charite.org\/it\/un-dia-de-los-inocentes-diferente\/#breadcrumb","itemListElement":[{"@type":"ListItem","position":1,"name":"Rosalie Rendu - Regno Unito e Australia","item":"https:\/\/filles-de-la-charite.org\/it\/category\/rosalie-rendu-regno-unito-e-australia-it\/"},{"@type":"ListItem","position":2,"name":"Un pesce d&#8217;aprile diverso dal solito"}]},{"@type":"WebSite","@id":"https:\/\/filles-de-la-charite.org\/it\/#website","url":"https:\/\/filles-de-la-charite.org\/it\/","name":"Hijas de la Caridad","description":"L\u2019amour de J\u00e9sus nous presse \u00e0 prendre soin des personnes les plus d\u00e9munies","publisher":{"@id":"https:\/\/filles-de-la-charite.org\/it\/#organization"},"potentialAction":[{"@type":"SearchAction","target":{"@type":"EntryPoint","urlTemplate":"https:\/\/filles-de-la-charite.org\/it\/?s={search_term_string}"},"query-input":{"@type":"PropertyValueSpecification","valueRequired":true,"valueName":"search_term_string"}}],"inLanguage":"it-IT"},{"@type":"Organization","@id":"https:\/\/filles-de-la-charite.org\/it\/#organization","name":"Hijas de la Caridad","url":"https:\/\/filles-de-la-charite.org\/it\/","logo":{"@type":"ImageObject","inLanguage":"it-IT","@id":"https:\/\/filles-de-la-charite.org\/it\/#\/schema\/logo\/image\/","url":"https:\/\/filles-de-la-charite.org\/wp-content\/uploads\/2023\/03\/isotipo-Hijas-de-la-Caridad.png","contentUrl":"https:\/\/filles-de-la-charite.org\/wp-content\/uploads\/2023\/03\/isotipo-Hijas-de-la-Caridad.png","width":1417,"height":1417,"caption":"Hijas de la Caridad"},"image":{"@id":"https:\/\/filles-de-la-charite.org\/it\/#\/schema\/logo\/image\/"}},{"@type":"Person","@id":"https:\/\/filles-de-la-charite.org\/it\/#\/schema\/person\/0c922b6ca71280639858d297b3a7209f","name":"SOR MARTA","image":{"@type":"ImageObject","inLanguage":"it-IT","@id":"https:\/\/secure.gravatar.com\/avatar\/d2c45b0fd6bf2d3e2670ab3d112257c24ac80fa960360bba1bdc0676485d1d09?s=96&d=mm&r=g","url":"https:\/\/secure.gravatar.com\/avatar\/d2c45b0fd6bf2d3e2670ab3d112257c24ac80fa960360bba1bdc0676485d1d09?s=96&d=mm&r=g","contentUrl":"https:\/\/secure.gravatar.com\/avatar\/d2c45b0fd6bf2d3e2670ab3d112257c24ac80fa960360bba1bdc0676485d1d09?s=96&d=mm&r=g","caption":"SOR MARTA"},"url":"https:\/\/filles-de-la-charite.org\/it\/author\/martaemn\/"}]}},"_links":{"self":[{"href":"https:\/\/filles-de-la-charite.org\/it\/wp-json\/wp\/v2\/posts\/42928","targetHints":{"allow":["GET"]}}],"collection":[{"href":"https:\/\/filles-de-la-charite.org\/it\/wp-json\/wp\/v2\/posts"}],"about":[{"href":"https:\/\/filles-de-la-charite.org\/it\/wp-json\/wp\/v2\/types\/post"}],"author":[{"embeddable":true,"href":"https:\/\/filles-de-la-charite.org\/it\/wp-json\/wp\/v2\/users\/5"}],"replies":[{"embeddable":true,"href":"https:\/\/filles-de-la-charite.org\/it\/wp-json\/wp\/v2\/comments?post=42928"}],"version-history":[{"count":1,"href":"https:\/\/filles-de-la-charite.org\/it\/wp-json\/wp\/v2\/posts\/42928\/revisions"}],"predecessor-version":[{"id":42934,"href":"https:\/\/filles-de-la-charite.org\/it\/wp-json\/wp\/v2\/posts\/42928\/revisions\/42934"}],"wp:featuredmedia":[{"embeddable":true,"href":"https:\/\/filles-de-la-charite.org\/it\/wp-json\/wp\/v2\/media\/42916"}],"wp:attachment":[{"href":"https:\/\/filles-de-la-charite.org\/it\/wp-json\/wp\/v2\/media?parent=42928"}],"wp:term":[{"taxonomy":"category","embeddable":true,"href":"https:\/\/filles-de-la-charite.org\/it\/wp-json\/wp\/v2\/categories?post=42928"},{"taxonomy":"post_tag","embeddable":true,"href":"https:\/\/filles-de-la-charite.org\/it\/wp-json\/wp\/v2\/tags?post=42928"}],"curies":[{"name":"wp","href":"https:\/\/api.w.org\/{rel}","templated":true}]}}