{"id":43510,"date":"2025-05-26T08:40:00","date_gmt":"2025-05-26T06:40:00","guid":{"rendered":"https:\/\/filles-de-la-charite.org\/?p=43510"},"modified":"2025-05-25T23:56:34","modified_gmt":"2025-05-25T21:56:34","slug":"encuentro-para-la-revision-apostolica","status":"publish","type":"post","link":"https:\/\/filles-de-la-charite.org\/it\/encuentro-para-la-revision-apostolica\/","title":{"rendered":"\u00a0Incontro di Revisione Apostolica"},"content":{"rendered":"\n<p>L\u2019Incontro di Revisione Apostolica ha avuto luogo presso la Casa Provinciale delle Figlie della Carit\u00e0 a Bel\u00e9m, Par\u00e1, dal 24 al 27 aprile 2025. Vi hanno partecipato 31 Suore in rappresentanza delle Comunit\u00e0 della Provincia dell\u2019Amazzonia. In apertura, abbiamo affidato questo incontro alla protezione della Madonna delle Grazie celebrando la Santa Messa nella Cappella della Medaglia Miracolosa.<\/p>\n\n\n\n<figure class=\"wp-block-image size-large\"><img loading=\"lazy\" decoding=\"async\" width=\"1024\" height=\"712\" src=\"https:\/\/filles-de-la-charite.org\/wp-content\/uploads\/2025\/05\/IMG-20250512-WA0006-1024x712.jpg\" alt=\"\" class=\"wp-image-42961\" srcset=\"https:\/\/filles-de-la-charite.org\/wp-content\/uploads\/2025\/05\/IMG-20250512-WA0006-1024x712.jpg 1024w, https:\/\/filles-de-la-charite.org\/wp-content\/uploads\/2025\/05\/IMG-20250512-WA0006-980x681.jpg 980w, https:\/\/filles-de-la-charite.org\/wp-content\/uploads\/2025\/05\/IMG-20250512-WA0006-480x334.jpg 480w\" sizes=\"(min-width: 0px) and (max-width: 480px) 480px, (min-width: 481px) and (max-width: 980px) 980px, (min-width: 981px) 1024px, 100vw\" \/><\/figure>\n\n\n\n<p>Tutti le partecipanti si sono lasciate illuminare dal tema <strong>&#8220;Ravvivare la fiamma viva della speranza&#8221;, <\/strong>in sintonia con l&#8217;Anno Giubilare. I sottotemi proposti hanno contribuito a ripercorrere il cammino apostolico delle Figlie della Carit\u00e0, affrontando aspetti fisici, emotivi, spirituali e missionari. Dopotutto, per servire meglio \u00e8 essenziale stare bene con se stessi, prestare attenzione alle sfide del tempo presente e cercare risposte per rafforzare i pilastri della nostra vocazione.<\/p>\n\n\n\n<figure class=\"wp-block-image size-large\"><img loading=\"lazy\" decoding=\"async\" width=\"1024\" height=\"768\" src=\"https:\/\/filles-de-la-charite.org\/wp-content\/uploads\/2025\/05\/IMG-20250429-WA0032-1024x768.jpg\" alt=\"\" class=\"wp-image-42975\" srcset=\"https:\/\/filles-de-la-charite.org\/wp-content\/uploads\/2025\/05\/IMG-20250429-WA0032-980x735.jpg 980w, https:\/\/filles-de-la-charite.org\/wp-content\/uploads\/2025\/05\/IMG-20250429-WA0032-480x360.jpg 480w\" sizes=\"(min-width: 0px) and (max-width: 480px) 480px, (min-width: 481px) and (max-width: 980px) 980px, (min-width: 981px) 1024px, 100vw\" \/><\/figure>\n\n\n\n<p>Mosse dalla viva fiamma della speranza, le Suore hanno intrapreso un <strong>pellegrinaggio<\/strong>, visitando le chiese storiche di Bel\u00e9m, passando attraverso la Porta Santa della Cattedrale di S\u00e9 e disponendo il cuore a ricevere le indulgenze di questo Anno Santo del Giubileo della Speranza. Questa profonda esperienza spirituale \u00e8 stata accompagnata da una contemplazione del bello della storia della nostra Chiesa, nonch\u00e9 dal rafforzamento delle relazioni fraterne tra le Suore, promuovendo una vera e propria <strong>&#8220;cultura dell&#8217;incontro&#8221;.<\/strong><\/p>\n\n\n\n<figure class=\"wp-block-image size-large\"><img loading=\"lazy\" decoding=\"async\" width=\"1024\" height=\"768\" src=\"https:\/\/filles-de-la-charite.org\/wp-content\/uploads\/2025\/05\/IMG-20250429-WA0031-1024x768.jpg\" alt=\"\" class=\"wp-image-42968\" srcset=\"https:\/\/filles-de-la-charite.org\/wp-content\/uploads\/2025\/05\/IMG-20250429-WA0031-980x735.jpg 980w, https:\/\/filles-de-la-charite.org\/wp-content\/uploads\/2025\/05\/IMG-20250429-WA0031-480x360.jpg 480w\" sizes=\"(min-width: 0px) and (max-width: 480px) 480px, (min-width: 481px) and (max-width: 980px) 980px, (min-width: 981px) 1024px, 100vw\" \/><\/figure>\n\n\n\n<p>L&#8217;incontro \u00e8 stato arricchito da numerosi <strong>&#8220;segni di speranza&#8221; <\/strong>espressi attraverso la condivisione dinamica delle esperienze missionarie delle comunit\u00e0 amazzoniche, simboleggiate da barche e ancore, profondamente rappresentative della nostra realt\u00e0 amazzonica. E\u2019 meraviglioso vedere la dedizione di ogni Suora nella sua missione per mantenere viva la fiamma dell&#8217;amore per Ges\u00f9 Cristo nella persona dei poveri!<\/p>\n\n\n\n<p>Nella celebrazione eucaristica conclusiva, abbiamo unito le nostre preghiere di lode a Dio nella festa della Divina Misericordia. Con il cuore rinnovato da queste giornate di formazione e di riflessione apostolica, abbiamo sentito crescere lo spirito di comunione e la gioia della missione, riaccendendo la fiamma viva della speranza per continuare a servire i poveri, la ragion d\u2019essere della nostra vocazione.<\/p>\n\n\n\n<figure class=\"wp-block-image size-large\"><img loading=\"lazy\" decoding=\"async\" width=\"1024\" height=\"768\" src=\"https:\/\/filles-de-la-charite.org\/wp-content\/uploads\/2025\/05\/IMG-20250427-WA0013-1024x768.jpg\" alt=\"\" class=\"wp-image-42962\" srcset=\"https:\/\/filles-de-la-charite.org\/wp-content\/uploads\/2025\/05\/IMG-20250427-WA0013-980x735.jpg 980w, https:\/\/filles-de-la-charite.org\/wp-content\/uploads\/2025\/05\/IMG-20250427-WA0013-480x360.jpg 480w\" sizes=\"(min-width: 0px) and (max-width: 480px) 480px, (min-width: 481px) and (max-width: 980px) 980px, (min-width: 981px) 1024px, 100vw\" \/><\/figure>\n","protected":false},"excerpt":{"rendered":"<p>L\u2019Incontro di Revisione Apostolica ha avuto luogo presso la Casa Provinciale delle Figlie della Carit\u00e0 a Bel\u00e9m, Par\u00e1, dal 24 al 27 aprile 2025. Vi hanno partecipato 31 Suore in rappresentanza delle Comunit\u00e0 della Provincia dell\u2019Amazzonia. In apertura, abbiamo affidato questo incontro alla protezione della Madonna delle Grazie celebrando la Santa Messa nella Cappella della [&hellip;]<\/p>\n","protected":false},"author":5,"featured_media":42984,"comment_status":"closed","ping_status":"closed","sticky":false,"template":"","format":"standard","meta":{"_acf_changed":false,"_et_pb_use_builder":"","_et_pb_old_content":"","_et_gb_content_width":"","footnotes":"","_links_to":"","_links_to_target":""},"categories":[888],"tags":[],"class_list":["post-43510","post","type-post","status-publish","format-standard","has-post-thumbnail","hentry","category-amazzonia"],"acf":[],"yoast_head":"<!-- This site is optimized with the Yoast SEO plugin v27.5 - https:\/\/yoast.com\/product\/yoast-seo-wordpress\/ -->\n<title>\u00a0Incontro di Revisione Apostolica - Filles de la Charit\u00e9<\/title>\n<meta name=\"robots\" content=\"index, follow, max-snippet:-1, max-image-preview:large, max-video-preview:-1\" \/>\n<link rel=\"canonical\" href=\"https:\/\/filles-de-la-charite.org\/it\/encuentro-para-la-revision-apostolica\/\" \/>\n<meta property=\"og:locale\" content=\"it_IT\" \/>\n<meta property=\"og:type\" content=\"article\" \/>\n<meta property=\"og:title\" content=\"\u00a0Incontro di Revisione Apostolica - Filles de la Charit\u00e9\" \/>\n<meta property=\"og:description\" content=\"L\u2019Incontro di Revisione Apostolica ha avuto luogo presso la Casa Provinciale delle Figlie della Carit\u00e0 a Bel\u00e9m, Par\u00e1, dal 24 al 27 aprile 2025. Vi hanno partecipato 31 Suore in rappresentanza delle Comunit\u00e0 della Provincia dell\u2019Amazzonia. In apertura, abbiamo affidato questo incontro alla protezione della Madonna delle Grazie celebrando la Santa Messa nella Cappella della [&hellip;]\" \/>\n<meta property=\"og:url\" content=\"https:\/\/filles-de-la-charite.org\/it\/encuentro-para-la-revision-apostolica\/\" \/>\n<meta property=\"og:site_name\" content=\"Filles de la Charit\u00e9\" \/>\n<meta property=\"article:published_time\" content=\"2025-05-26T06:40:00+00:00\" \/>\n<meta property=\"og:image\" content=\"https:\/\/filles-de-la-charite.org\/wp-content\/uploads\/2025\/05\/IMG-20250429-WA0033.jpg\" \/>\n\t<meta property=\"og:image:width\" content=\"1600\" \/>\n\t<meta property=\"og:image:height\" content=\"1200\" \/>\n\t<meta property=\"og:image:type\" content=\"image\/jpeg\" \/>\n<meta name=\"author\" content=\"SOR MARTA\" \/>\n<meta name=\"twitter:card\" content=\"summary_large_image\" \/>\n<meta name=\"twitter:label1\" content=\"Scritto da\" \/>\n\t<meta name=\"twitter:data1\" content=\"SOR MARTA\" \/>\n\t<meta name=\"twitter:label2\" content=\"Tempo di lettura stimato\" \/>\n\t<meta name=\"twitter:data2\" content=\"3 minuti\" \/>\n<script type=\"application\/ld+json\" class=\"yoast-schema-graph\">{\"@context\":\"https:\\\/\\\/schema.org\",\"@graph\":[{\"@type\":\"Article\",\"@id\":\"https:\\\/\\\/filles-de-la-charite.org\\\/it\\\/encuentro-para-la-revision-apostolica\\\/#article\",\"isPartOf\":{\"@id\":\"https:\\\/\\\/filles-de-la-charite.org\\\/it\\\/encuentro-para-la-revision-apostolica\\\/\"},\"author\":{\"name\":\"SOR MARTA\",\"@id\":\"https:\\\/\\\/filles-de-la-charite.org\\\/it\\\/#\\\/schema\\\/person\\\/0c922b6ca71280639858d297b3a7209f\"},\"headline\":\"\u00a0Incontro di Revisione Apostolica\",\"datePublished\":\"2025-05-26T06:40:00+00:00\",\"mainEntityOfPage\":{\"@id\":\"https:\\\/\\\/filles-de-la-charite.org\\\/it\\\/encuentro-para-la-revision-apostolica\\\/\"},\"wordCount\":324,\"publisher\":{\"@id\":\"https:\\\/\\\/filles-de-la-charite.org\\\/it\\\/#organization\"},\"image\":{\"@id\":\"https:\\\/\\\/filles-de-la-charite.org\\\/it\\\/encuentro-para-la-revision-apostolica\\\/#primaryimage\"},\"thumbnailUrl\":\"https:\\\/\\\/filles-de-la-charite.org\\\/wp-content\\\/uploads\\\/2025\\\/05\\\/IMG-20250429-WA0033.jpg\",\"articleSection\":[\"Amazzonia\"],\"inLanguage\":\"it-IT\"},{\"@type\":\"WebPage\",\"@id\":\"https:\\\/\\\/filles-de-la-charite.org\\\/it\\\/encuentro-para-la-revision-apostolica\\\/\",\"url\":\"https:\\\/\\\/filles-de-la-charite.org\\\/it\\\/encuentro-para-la-revision-apostolica\\\/\",\"name\":\"\u00a0Incontro di Revisione Apostolica - Filles de la Charit\u00e9\",\"isPartOf\":{\"@id\":\"https:\\\/\\\/filles-de-la-charite.org\\\/it\\\/#website\"},\"primaryImageOfPage\":{\"@id\":\"https:\\\/\\\/filles-de-la-charite.org\\\/it\\\/encuentro-para-la-revision-apostolica\\\/#primaryimage\"},\"image\":{\"@id\":\"https:\\\/\\\/filles-de-la-charite.org\\\/it\\\/encuentro-para-la-revision-apostolica\\\/#primaryimage\"},\"thumbnailUrl\":\"https:\\\/\\\/filles-de-la-charite.org\\\/wp-content\\\/uploads\\\/2025\\\/05\\\/IMG-20250429-WA0033.jpg\",\"datePublished\":\"2025-05-26T06:40:00+00:00\",\"breadcrumb\":{\"@id\":\"https:\\\/\\\/filles-de-la-charite.org\\\/it\\\/encuentro-para-la-revision-apostolica\\\/#breadcrumb\"},\"inLanguage\":\"it-IT\",\"potentialAction\":[{\"@type\":\"ReadAction\",\"target\":[\"https:\\\/\\\/filles-de-la-charite.org\\\/it\\\/encuentro-para-la-revision-apostolica\\\/\"]}]},{\"@type\":\"ImageObject\",\"inLanguage\":\"it-IT\",\"@id\":\"https:\\\/\\\/filles-de-la-charite.org\\\/it\\\/encuentro-para-la-revision-apostolica\\\/#primaryimage\",\"url\":\"https:\\\/\\\/filles-de-la-charite.org\\\/wp-content\\\/uploads\\\/2025\\\/05\\\/IMG-20250429-WA0033.jpg\",\"contentUrl\":\"https:\\\/\\\/filles-de-la-charite.org\\\/wp-content\\\/uploads\\\/2025\\\/05\\\/IMG-20250429-WA0033.jpg\",\"width\":1600,\"height\":1200},{\"@type\":\"BreadcrumbList\",\"@id\":\"https:\\\/\\\/filles-de-la-charite.org\\\/it\\\/encuentro-para-la-revision-apostolica\\\/#breadcrumb\",\"itemListElement\":[{\"@type\":\"ListItem\",\"position\":1,\"name\":\"Amazzonia\",\"item\":\"https:\\\/\\\/filles-de-la-charite.org\\\/it\\\/category\\\/amazzonia\\\/\"},{\"@type\":\"ListItem\",\"position\":2,\"name\":\"\u00a0Incontro di Revisione Apostolica\"}]},{\"@type\":\"WebSite\",\"@id\":\"https:\\\/\\\/filles-de-la-charite.org\\\/it\\\/#website\",\"url\":\"https:\\\/\\\/filles-de-la-charite.org\\\/it\\\/\",\"name\":\"Hijas de la Caridad\",\"description\":\"L\u2019amour de J\u00e9sus nous presse \u00e0 prendre soin des personnes les plus d\u00e9munies\",\"publisher\":{\"@id\":\"https:\\\/\\\/filles-de-la-charite.org\\\/it\\\/#organization\"},\"potentialAction\":[{\"@type\":\"SearchAction\",\"target\":{\"@type\":\"EntryPoint\",\"urlTemplate\":\"https:\\\/\\\/filles-de-la-charite.org\\\/it\\\/?s={search_term_string}\"},\"query-input\":{\"@type\":\"PropertyValueSpecification\",\"valueRequired\":true,\"valueName\":\"search_term_string\"}}],\"inLanguage\":\"it-IT\"},{\"@type\":\"Organization\",\"@id\":\"https:\\\/\\\/filles-de-la-charite.org\\\/it\\\/#organization\",\"name\":\"Hijas de la Caridad\",\"url\":\"https:\\\/\\\/filles-de-la-charite.org\\\/it\\\/\",\"logo\":{\"@type\":\"ImageObject\",\"inLanguage\":\"it-IT\",\"@id\":\"https:\\\/\\\/filles-de-la-charite.org\\\/it\\\/#\\\/schema\\\/logo\\\/image\\\/\",\"url\":\"https:\\\/\\\/filles-de-la-charite.org\\\/wp-content\\\/uploads\\\/2023\\\/03\\\/isotipo-Hijas-de-la-Caridad.png\",\"contentUrl\":\"https:\\\/\\\/filles-de-la-charite.org\\\/wp-content\\\/uploads\\\/2023\\\/03\\\/isotipo-Hijas-de-la-Caridad.png\",\"width\":1417,\"height\":1417,\"caption\":\"Hijas de la Caridad\"},\"image\":{\"@id\":\"https:\\\/\\\/filles-de-la-charite.org\\\/it\\\/#\\\/schema\\\/logo\\\/image\\\/\"}},{\"@type\":\"Person\",\"@id\":\"https:\\\/\\\/filles-de-la-charite.org\\\/it\\\/#\\\/schema\\\/person\\\/0c922b6ca71280639858d297b3a7209f\",\"name\":\"SOR MARTA\",\"image\":{\"@type\":\"ImageObject\",\"inLanguage\":\"it-IT\",\"@id\":\"https:\\\/\\\/secure.gravatar.com\\\/avatar\\\/d2c45b0fd6bf2d3e2670ab3d112257c24ac80fa960360bba1bdc0676485d1d09?s=96&d=mm&r=g\",\"url\":\"https:\\\/\\\/secure.gravatar.com\\\/avatar\\\/d2c45b0fd6bf2d3e2670ab3d112257c24ac80fa960360bba1bdc0676485d1d09?s=96&d=mm&r=g\",\"contentUrl\":\"https:\\\/\\\/secure.gravatar.com\\\/avatar\\\/d2c45b0fd6bf2d3e2670ab3d112257c24ac80fa960360bba1bdc0676485d1d09?s=96&d=mm&r=g\",\"caption\":\"SOR MARTA\"},\"url\":\"https:\\\/\\\/filles-de-la-charite.org\\\/it\\\/author\\\/martaemn\\\/\"}]}<\/script>\n<!-- \/ Yoast SEO plugin. -->","yoast_head_json":{"title":"\u00a0Incontro di Revisione Apostolica - Filles de la Charit\u00e9","robots":{"index":"index","follow":"follow","max-snippet":"max-snippet:-1","max-image-preview":"max-image-preview:large","max-video-preview":"max-video-preview:-1"},"canonical":"https:\/\/filles-de-la-charite.org\/it\/encuentro-para-la-revision-apostolica\/","og_locale":"it_IT","og_type":"article","og_title":"\u00a0Incontro di Revisione Apostolica - Filles de la Charit\u00e9","og_description":"L\u2019Incontro di Revisione Apostolica ha avuto luogo presso la Casa Provinciale delle Figlie della Carit\u00e0 a Bel\u00e9m, Par\u00e1, dal 24 al 27 aprile 2025. Vi hanno partecipato 31 Suore in rappresentanza delle Comunit\u00e0 della Provincia dell\u2019Amazzonia. In apertura, abbiamo affidato questo incontro alla protezione della Madonna delle Grazie celebrando la Santa Messa nella Cappella della [&hellip;]","og_url":"https:\/\/filles-de-la-charite.org\/it\/encuentro-para-la-revision-apostolica\/","og_site_name":"Filles de la Charit\u00e9","article_published_time":"2025-05-26T06:40:00+00:00","og_image":[{"width":1600,"height":1200,"url":"https:\/\/filles-de-la-charite.org\/wp-content\/uploads\/2025\/05\/IMG-20250429-WA0033.jpg","type":"image\/jpeg"}],"author":"SOR MARTA","twitter_card":"summary_large_image","twitter_misc":{"Scritto da":"SOR MARTA","Tempo di lettura stimato":"3 minuti"},"schema":{"@context":"https:\/\/schema.org","@graph":[{"@type":"Article","@id":"https:\/\/filles-de-la-charite.org\/it\/encuentro-para-la-revision-apostolica\/#article","isPartOf":{"@id":"https:\/\/filles-de-la-charite.org\/it\/encuentro-para-la-revision-apostolica\/"},"author":{"name":"SOR MARTA","@id":"https:\/\/filles-de-la-charite.org\/it\/#\/schema\/person\/0c922b6ca71280639858d297b3a7209f"},"headline":"\u00a0Incontro di Revisione Apostolica","datePublished":"2025-05-26T06:40:00+00:00","mainEntityOfPage":{"@id":"https:\/\/filles-de-la-charite.org\/it\/encuentro-para-la-revision-apostolica\/"},"wordCount":324,"publisher":{"@id":"https:\/\/filles-de-la-charite.org\/it\/#organization"},"image":{"@id":"https:\/\/filles-de-la-charite.org\/it\/encuentro-para-la-revision-apostolica\/#primaryimage"},"thumbnailUrl":"https:\/\/filles-de-la-charite.org\/wp-content\/uploads\/2025\/05\/IMG-20250429-WA0033.jpg","articleSection":["Amazzonia"],"inLanguage":"it-IT"},{"@type":"WebPage","@id":"https:\/\/filles-de-la-charite.org\/it\/encuentro-para-la-revision-apostolica\/","url":"https:\/\/filles-de-la-charite.org\/it\/encuentro-para-la-revision-apostolica\/","name":"\u00a0Incontro di Revisione Apostolica - Filles de la Charit\u00e9","isPartOf":{"@id":"https:\/\/filles-de-la-charite.org\/it\/#website"},"primaryImageOfPage":{"@id":"https:\/\/filles-de-la-charite.org\/it\/encuentro-para-la-revision-apostolica\/#primaryimage"},"image":{"@id":"https:\/\/filles-de-la-charite.org\/it\/encuentro-para-la-revision-apostolica\/#primaryimage"},"thumbnailUrl":"https:\/\/filles-de-la-charite.org\/wp-content\/uploads\/2025\/05\/IMG-20250429-WA0033.jpg","datePublished":"2025-05-26T06:40:00+00:00","breadcrumb":{"@id":"https:\/\/filles-de-la-charite.org\/it\/encuentro-para-la-revision-apostolica\/#breadcrumb"},"inLanguage":"it-IT","potentialAction":[{"@type":"ReadAction","target":["https:\/\/filles-de-la-charite.org\/it\/encuentro-para-la-revision-apostolica\/"]}]},{"@type":"ImageObject","inLanguage":"it-IT","@id":"https:\/\/filles-de-la-charite.org\/it\/encuentro-para-la-revision-apostolica\/#primaryimage","url":"https:\/\/filles-de-la-charite.org\/wp-content\/uploads\/2025\/05\/IMG-20250429-WA0033.jpg","contentUrl":"https:\/\/filles-de-la-charite.org\/wp-content\/uploads\/2025\/05\/IMG-20250429-WA0033.jpg","width":1600,"height":1200},{"@type":"BreadcrumbList","@id":"https:\/\/filles-de-la-charite.org\/it\/encuentro-para-la-revision-apostolica\/#breadcrumb","itemListElement":[{"@type":"ListItem","position":1,"name":"Amazzonia","item":"https:\/\/filles-de-la-charite.org\/it\/category\/amazzonia\/"},{"@type":"ListItem","position":2,"name":"\u00a0Incontro di Revisione Apostolica"}]},{"@type":"WebSite","@id":"https:\/\/filles-de-la-charite.org\/it\/#website","url":"https:\/\/filles-de-la-charite.org\/it\/","name":"Hijas de la Caridad","description":"L\u2019amour de J\u00e9sus nous presse \u00e0 prendre soin des personnes les plus d\u00e9munies","publisher":{"@id":"https:\/\/filles-de-la-charite.org\/it\/#organization"},"potentialAction":[{"@type":"SearchAction","target":{"@type":"EntryPoint","urlTemplate":"https:\/\/filles-de-la-charite.org\/it\/?s={search_term_string}"},"query-input":{"@type":"PropertyValueSpecification","valueRequired":true,"valueName":"search_term_string"}}],"inLanguage":"it-IT"},{"@type":"Organization","@id":"https:\/\/filles-de-la-charite.org\/it\/#organization","name":"Hijas de la Caridad","url":"https:\/\/filles-de-la-charite.org\/it\/","logo":{"@type":"ImageObject","inLanguage":"it-IT","@id":"https:\/\/filles-de-la-charite.org\/it\/#\/schema\/logo\/image\/","url":"https:\/\/filles-de-la-charite.org\/wp-content\/uploads\/2023\/03\/isotipo-Hijas-de-la-Caridad.png","contentUrl":"https:\/\/filles-de-la-charite.org\/wp-content\/uploads\/2023\/03\/isotipo-Hijas-de-la-Caridad.png","width":1417,"height":1417,"caption":"Hijas de la Caridad"},"image":{"@id":"https:\/\/filles-de-la-charite.org\/it\/#\/schema\/logo\/image\/"}},{"@type":"Person","@id":"https:\/\/filles-de-la-charite.org\/it\/#\/schema\/person\/0c922b6ca71280639858d297b3a7209f","name":"SOR MARTA","image":{"@type":"ImageObject","inLanguage":"it-IT","@id":"https:\/\/secure.gravatar.com\/avatar\/d2c45b0fd6bf2d3e2670ab3d112257c24ac80fa960360bba1bdc0676485d1d09?s=96&d=mm&r=g","url":"https:\/\/secure.gravatar.com\/avatar\/d2c45b0fd6bf2d3e2670ab3d112257c24ac80fa960360bba1bdc0676485d1d09?s=96&d=mm&r=g","contentUrl":"https:\/\/secure.gravatar.com\/avatar\/d2c45b0fd6bf2d3e2670ab3d112257c24ac80fa960360bba1bdc0676485d1d09?s=96&d=mm&r=g","caption":"SOR MARTA"},"url":"https:\/\/filles-de-la-charite.org\/it\/author\/martaemn\/"}]}},"_links":{"self":[{"href":"https:\/\/filles-de-la-charite.org\/it\/wp-json\/wp\/v2\/posts\/43510","targetHints":{"allow":["GET"]}}],"collection":[{"href":"https:\/\/filles-de-la-charite.org\/it\/wp-json\/wp\/v2\/posts"}],"about":[{"href":"https:\/\/filles-de-la-charite.org\/it\/wp-json\/wp\/v2\/types\/post"}],"author":[{"embeddable":true,"href":"https:\/\/filles-de-la-charite.org\/it\/wp-json\/wp\/v2\/users\/5"}],"replies":[{"embeddable":true,"href":"https:\/\/filles-de-la-charite.org\/it\/wp-json\/wp\/v2\/comments?post=43510"}],"version-history":[{"count":1,"href":"https:\/\/filles-de-la-charite.org\/it\/wp-json\/wp\/v2\/posts\/43510\/revisions"}],"predecessor-version":[{"id":43512,"href":"https:\/\/filles-de-la-charite.org\/it\/wp-json\/wp\/v2\/posts\/43510\/revisions\/43512"}],"wp:featuredmedia":[{"embeddable":true,"href":"https:\/\/filles-de-la-charite.org\/it\/wp-json\/wp\/v2\/media\/42984"}],"wp:attachment":[{"href":"https:\/\/filles-de-la-charite.org\/it\/wp-json\/wp\/v2\/media?parent=43510"}],"wp:term":[{"taxonomy":"category","embeddable":true,"href":"https:\/\/filles-de-la-charite.org\/it\/wp-json\/wp\/v2\/categories?post=43510"},{"taxonomy":"post_tag","embeddable":true,"href":"https:\/\/filles-de-la-charite.org\/it\/wp-json\/wp\/v2\/tags?post=43510"}],"curies":[{"name":"wp","href":"https:\/\/api.w.org\/{rel}","templated":true}]}}