{"id":46072,"date":"2025-08-28T11:11:00","date_gmt":"2025-08-28T09:11:00","guid":{"rendered":"https:\/\/filles-de-la-charite.org\/?p=46072"},"modified":"2025-08-28T11:30:55","modified_gmt":"2025-08-28T09:30:55","slug":"peregrinos-de-esperanza-con-sor-francoise-petit","status":"publish","type":"post","link":"https:\/\/filles-de-la-charite.org\/it\/peregrinos-de-esperanza-con-sor-francoise-petit\/","title":{"rendered":"Pellegrini di speranza con Suor Fran\u00e7oise Petit"},"content":{"rendered":"\n<p>Oggi abbiamo la gioia di ascoltare Suor Fran\u00e7oise Petit, Superiora generale delle Figlie della Carit\u00e0 di San Vincenzo de\u2019 Paoli. Era presente al Giubileo dei giovani a Roma, un grande momento di Chiesa, di fede e di speranza. In questa breve intervista, ci racconta ci\u00f2 che ha visto, sentito e provato a contatto con i giovani provenienti da tutto il mondo. Una testimonianza semplice, profonda&#8230; e un messaggio di incoraggiamento per i giovani di oggi.<\/p>\n\n\n\n<figure class=\"wp-block-embed is-type-video is-provider-youtube wp-block-embed-youtube wp-embed-aspect-16-9 wp-has-aspect-ratio\"><div class=\"wp-block-embed__wrapper\">\n<iframe loading=\"lazy\" title=\"Pellegrini di speranza con Suor Fran\u00e7oise Petit IT\" width=\"1080\" height=\"608\" src=\"https:\/\/www.youtube.com\/embed\/gw97F9TBlc4?feature=oembed\"  allow=\"accelerometer; autoplay; clipboard-write; encrypted-media; gyroscope; picture-in-picture; web-share\" referrerpolicy=\"strict-origin-when-cross-origin\" allowfullscreen><\/iframe>\n<\/div><\/figure>\n","protected":false},"excerpt":{"rendered":"<p>Oggi abbiamo la gioia di ascoltare Suor Fran\u00e7oise Petit, Superiora generale delle Figlie della Carit\u00e0 di San Vincenzo de\u2019 Paoli. Era presente al Giubileo dei giovani a Roma, un grande momento di Chiesa, di fede e di speranza. In questa breve intervista, ci racconta ci\u00f2 che ha visto, sentito e provato a contatto con i [&hellip;]<\/p>\n","protected":false},"author":5,"featured_media":46053,"comment_status":"closed","ping_status":"closed","sticky":false,"template":"","format":"standard","meta":{"_acf_changed":false,"_et_pb_use_builder":"","_et_pb_old_content":"","_et_gb_content_width":"","footnotes":"","_links_to":"","_links_to_target":""},"categories":[846],"tags":[],"class_list":["post-46072","post","type-post","status-publish","format-standard","has-post-thumbnail","hentry","category-internazionale"],"acf":[],"yoast_head":"<!-- This site is optimized with the Yoast SEO plugin v27.5 - https:\/\/yoast.com\/product\/yoast-seo-wordpress\/ -->\n<title>Pellegrini di speranza con Suor Fran\u00e7oise Petit - Filles de la Charit\u00e9<\/title>\n<meta name=\"robots\" content=\"index, follow, max-snippet:-1, max-image-preview:large, max-video-preview:-1\" \/>\n<link rel=\"canonical\" href=\"https:\/\/filles-de-la-charite.org\/it\/peregrinos-de-esperanza-con-sor-francoise-petit\/\" \/>\n<meta property=\"og:locale\" content=\"it_IT\" \/>\n<meta property=\"og:type\" content=\"article\" \/>\n<meta property=\"og:title\" content=\"Pellegrini di speranza con Suor Fran\u00e7oise Petit - Filles de la Charit\u00e9\" \/>\n<meta property=\"og:description\" content=\"Oggi abbiamo la gioia di ascoltare Suor Fran\u00e7oise Petit, Superiora generale delle Figlie della Carit\u00e0 di San Vincenzo de\u2019 Paoli. Era presente al Giubileo dei giovani a Roma, un grande momento di Chiesa, di fede e di speranza. In questa breve intervista, ci racconta ci\u00f2 che ha visto, sentito e provato a contatto con i [&hellip;]\" \/>\n<meta property=\"og:url\" content=\"https:\/\/filles-de-la-charite.org\/it\/peregrinos-de-esperanza-con-sor-francoise-petit\/\" \/>\n<meta property=\"og:site_name\" content=\"Filles de la Charit\u00e9\" \/>\n<meta property=\"article:published_time\" content=\"2025-08-28T09:11:00+00:00\" \/>\n<meta property=\"article:modified_time\" content=\"2025-08-28T09:30:55+00:00\" \/>\n<meta property=\"og:image\" content=\"https:\/\/filles-de-la-charite.org\/wp-content\/uploads\/2025\/08\/6-2.jpg\" \/>\n\t<meta property=\"og:image:width\" content=\"1920\" \/>\n\t<meta property=\"og:image:height\" content=\"1080\" \/>\n\t<meta property=\"og:image:type\" content=\"image\/jpeg\" \/>\n<meta name=\"author\" content=\"SOR MARTA\" \/>\n<meta name=\"twitter:card\" content=\"summary_large_image\" \/>\n<meta name=\"twitter:label1\" content=\"Scritto da\" \/>\n\t<meta name=\"twitter:data1\" content=\"SOR MARTA\" \/>\n\t<meta name=\"twitter:label2\" content=\"Tempo di lettura stimato\" \/>\n\t<meta name=\"twitter:data2\" content=\"1 minuto\" \/>\n<script type=\"application\/ld+json\" class=\"yoast-schema-graph\">{\"@context\":\"https:\\\/\\\/schema.org\",\"@graph\":[{\"@type\":\"Article\",\"@id\":\"https:\\\/\\\/filles-de-la-charite.org\\\/it\\\/peregrinos-de-esperanza-con-sor-francoise-petit\\\/#article\",\"isPartOf\":{\"@id\":\"https:\\\/\\\/filles-de-la-charite.org\\\/it\\\/peregrinos-de-esperanza-con-sor-francoise-petit\\\/\"},\"author\":{\"name\":\"SOR MARTA\",\"@id\":\"https:\\\/\\\/filles-de-la-charite.org\\\/it\\\/#\\\/schema\\\/person\\\/0c922b6ca71280639858d297b3a7209f\"},\"headline\":\"Pellegrini di speranza con Suor Fran\u00e7oise Petit\",\"datePublished\":\"2025-08-28T09:11:00+00:00\",\"dateModified\":\"2025-08-28T09:30:55+00:00\",\"mainEntityOfPage\":{\"@id\":\"https:\\\/\\\/filles-de-la-charite.org\\\/it\\\/peregrinos-de-esperanza-con-sor-francoise-petit\\\/\"},\"wordCount\":90,\"publisher\":{\"@id\":\"https:\\\/\\\/filles-de-la-charite.org\\\/it\\\/#organization\"},\"image\":{\"@id\":\"https:\\\/\\\/filles-de-la-charite.org\\\/it\\\/peregrinos-de-esperanza-con-sor-francoise-petit\\\/#primaryimage\"},\"thumbnailUrl\":\"https:\\\/\\\/filles-de-la-charite.org\\\/wp-content\\\/uploads\\\/2025\\\/08\\\/6-2.jpg\",\"articleSection\":[\"Internazionale\"],\"inLanguage\":\"it-IT\"},{\"@type\":\"WebPage\",\"@id\":\"https:\\\/\\\/filles-de-la-charite.org\\\/it\\\/peregrinos-de-esperanza-con-sor-francoise-petit\\\/\",\"url\":\"https:\\\/\\\/filles-de-la-charite.org\\\/it\\\/peregrinos-de-esperanza-con-sor-francoise-petit\\\/\",\"name\":\"Pellegrini di speranza con Suor Fran\u00e7oise Petit - Filles de la Charit\u00e9\",\"isPartOf\":{\"@id\":\"https:\\\/\\\/filles-de-la-charite.org\\\/it\\\/#website\"},\"primaryImageOfPage\":{\"@id\":\"https:\\\/\\\/filles-de-la-charite.org\\\/it\\\/peregrinos-de-esperanza-con-sor-francoise-petit\\\/#primaryimage\"},\"image\":{\"@id\":\"https:\\\/\\\/filles-de-la-charite.org\\\/it\\\/peregrinos-de-esperanza-con-sor-francoise-petit\\\/#primaryimage\"},\"thumbnailUrl\":\"https:\\\/\\\/filles-de-la-charite.org\\\/wp-content\\\/uploads\\\/2025\\\/08\\\/6-2.jpg\",\"datePublished\":\"2025-08-28T09:11:00+00:00\",\"dateModified\":\"2025-08-28T09:30:55+00:00\",\"breadcrumb\":{\"@id\":\"https:\\\/\\\/filles-de-la-charite.org\\\/it\\\/peregrinos-de-esperanza-con-sor-francoise-petit\\\/#breadcrumb\"},\"inLanguage\":\"it-IT\",\"potentialAction\":[{\"@type\":\"ReadAction\",\"target\":[\"https:\\\/\\\/filles-de-la-charite.org\\\/it\\\/peregrinos-de-esperanza-con-sor-francoise-petit\\\/\"]}]},{\"@type\":\"ImageObject\",\"inLanguage\":\"it-IT\",\"@id\":\"https:\\\/\\\/filles-de-la-charite.org\\\/it\\\/peregrinos-de-esperanza-con-sor-francoise-petit\\\/#primaryimage\",\"url\":\"https:\\\/\\\/filles-de-la-charite.org\\\/wp-content\\\/uploads\\\/2025\\\/08\\\/6-2.jpg\",\"contentUrl\":\"https:\\\/\\\/filles-de-la-charite.org\\\/wp-content\\\/uploads\\\/2025\\\/08\\\/6-2.jpg\",\"width\":1920,\"height\":1080},{\"@type\":\"BreadcrumbList\",\"@id\":\"https:\\\/\\\/filles-de-la-charite.org\\\/it\\\/peregrinos-de-esperanza-con-sor-francoise-petit\\\/#breadcrumb\",\"itemListElement\":[{\"@type\":\"ListItem\",\"position\":1,\"name\":\"Internazionale\",\"item\":\"https:\\\/\\\/filles-de-la-charite.org\\\/it\\\/category\\\/internazionale\\\/\"},{\"@type\":\"ListItem\",\"position\":2,\"name\":\"Pellegrini di speranza con Suor Fran\u00e7oise Petit\"}]},{\"@type\":\"WebSite\",\"@id\":\"https:\\\/\\\/filles-de-la-charite.org\\\/it\\\/#website\",\"url\":\"https:\\\/\\\/filles-de-la-charite.org\\\/it\\\/\",\"name\":\"Hijas de la Caridad\",\"description\":\"L\u2019amour de J\u00e9sus nous presse \u00e0 prendre soin des personnes les plus d\u00e9munies\",\"publisher\":{\"@id\":\"https:\\\/\\\/filles-de-la-charite.org\\\/it\\\/#organization\"},\"potentialAction\":[{\"@type\":\"SearchAction\",\"target\":{\"@type\":\"EntryPoint\",\"urlTemplate\":\"https:\\\/\\\/filles-de-la-charite.org\\\/it\\\/?s={search_term_string}\"},\"query-input\":{\"@type\":\"PropertyValueSpecification\",\"valueRequired\":true,\"valueName\":\"search_term_string\"}}],\"inLanguage\":\"it-IT\"},{\"@type\":\"Organization\",\"@id\":\"https:\\\/\\\/filles-de-la-charite.org\\\/it\\\/#organization\",\"name\":\"Hijas de la Caridad\",\"url\":\"https:\\\/\\\/filles-de-la-charite.org\\\/it\\\/\",\"logo\":{\"@type\":\"ImageObject\",\"inLanguage\":\"it-IT\",\"@id\":\"https:\\\/\\\/filles-de-la-charite.org\\\/it\\\/#\\\/schema\\\/logo\\\/image\\\/\",\"url\":\"https:\\\/\\\/filles-de-la-charite.org\\\/wp-content\\\/uploads\\\/2023\\\/03\\\/isotipo-Hijas-de-la-Caridad.png\",\"contentUrl\":\"https:\\\/\\\/filles-de-la-charite.org\\\/wp-content\\\/uploads\\\/2023\\\/03\\\/isotipo-Hijas-de-la-Caridad.png\",\"width\":1417,\"height\":1417,\"caption\":\"Hijas de la Caridad\"},\"image\":{\"@id\":\"https:\\\/\\\/filles-de-la-charite.org\\\/it\\\/#\\\/schema\\\/logo\\\/image\\\/\"}},{\"@type\":\"Person\",\"@id\":\"https:\\\/\\\/filles-de-la-charite.org\\\/it\\\/#\\\/schema\\\/person\\\/0c922b6ca71280639858d297b3a7209f\",\"name\":\"SOR MARTA\",\"image\":{\"@type\":\"ImageObject\",\"inLanguage\":\"it-IT\",\"@id\":\"https:\\\/\\\/secure.gravatar.com\\\/avatar\\\/d2c45b0fd6bf2d3e2670ab3d112257c24ac80fa960360bba1bdc0676485d1d09?s=96&d=mm&r=g\",\"url\":\"https:\\\/\\\/secure.gravatar.com\\\/avatar\\\/d2c45b0fd6bf2d3e2670ab3d112257c24ac80fa960360bba1bdc0676485d1d09?s=96&d=mm&r=g\",\"contentUrl\":\"https:\\\/\\\/secure.gravatar.com\\\/avatar\\\/d2c45b0fd6bf2d3e2670ab3d112257c24ac80fa960360bba1bdc0676485d1d09?s=96&d=mm&r=g\",\"caption\":\"SOR MARTA\"},\"url\":\"https:\\\/\\\/filles-de-la-charite.org\\\/it\\\/author\\\/martaemn\\\/\"}]}<\/script>\n<!-- \/ Yoast SEO plugin. -->","yoast_head_json":{"title":"Pellegrini di speranza con Suor Fran\u00e7oise Petit - Filles de la Charit\u00e9","robots":{"index":"index","follow":"follow","max-snippet":"max-snippet:-1","max-image-preview":"max-image-preview:large","max-video-preview":"max-video-preview:-1"},"canonical":"https:\/\/filles-de-la-charite.org\/it\/peregrinos-de-esperanza-con-sor-francoise-petit\/","og_locale":"it_IT","og_type":"article","og_title":"Pellegrini di speranza con Suor Fran\u00e7oise Petit - Filles de la Charit\u00e9","og_description":"Oggi abbiamo la gioia di ascoltare Suor Fran\u00e7oise Petit, Superiora generale delle Figlie della Carit\u00e0 di San Vincenzo de\u2019 Paoli. Era presente al Giubileo dei giovani a Roma, un grande momento di Chiesa, di fede e di speranza. In questa breve intervista, ci racconta ci\u00f2 che ha visto, sentito e provato a contatto con i [&hellip;]","og_url":"https:\/\/filles-de-la-charite.org\/it\/peregrinos-de-esperanza-con-sor-francoise-petit\/","og_site_name":"Filles de la Charit\u00e9","article_published_time":"2025-08-28T09:11:00+00:00","article_modified_time":"2025-08-28T09:30:55+00:00","og_image":[{"width":1920,"height":1080,"url":"https:\/\/filles-de-la-charite.org\/wp-content\/uploads\/2025\/08\/6-2.jpg","type":"image\/jpeg"}],"author":"SOR MARTA","twitter_card":"summary_large_image","twitter_misc":{"Scritto da":"SOR MARTA","Tempo di lettura stimato":"1 minuto"},"schema":{"@context":"https:\/\/schema.org","@graph":[{"@type":"Article","@id":"https:\/\/filles-de-la-charite.org\/it\/peregrinos-de-esperanza-con-sor-francoise-petit\/#article","isPartOf":{"@id":"https:\/\/filles-de-la-charite.org\/it\/peregrinos-de-esperanza-con-sor-francoise-petit\/"},"author":{"name":"SOR MARTA","@id":"https:\/\/filles-de-la-charite.org\/it\/#\/schema\/person\/0c922b6ca71280639858d297b3a7209f"},"headline":"Pellegrini di speranza con Suor Fran\u00e7oise Petit","datePublished":"2025-08-28T09:11:00+00:00","dateModified":"2025-08-28T09:30:55+00:00","mainEntityOfPage":{"@id":"https:\/\/filles-de-la-charite.org\/it\/peregrinos-de-esperanza-con-sor-francoise-petit\/"},"wordCount":90,"publisher":{"@id":"https:\/\/filles-de-la-charite.org\/it\/#organization"},"image":{"@id":"https:\/\/filles-de-la-charite.org\/it\/peregrinos-de-esperanza-con-sor-francoise-petit\/#primaryimage"},"thumbnailUrl":"https:\/\/filles-de-la-charite.org\/wp-content\/uploads\/2025\/08\/6-2.jpg","articleSection":["Internazionale"],"inLanguage":"it-IT"},{"@type":"WebPage","@id":"https:\/\/filles-de-la-charite.org\/it\/peregrinos-de-esperanza-con-sor-francoise-petit\/","url":"https:\/\/filles-de-la-charite.org\/it\/peregrinos-de-esperanza-con-sor-francoise-petit\/","name":"Pellegrini di speranza con Suor Fran\u00e7oise Petit - Filles de la Charit\u00e9","isPartOf":{"@id":"https:\/\/filles-de-la-charite.org\/it\/#website"},"primaryImageOfPage":{"@id":"https:\/\/filles-de-la-charite.org\/it\/peregrinos-de-esperanza-con-sor-francoise-petit\/#primaryimage"},"image":{"@id":"https:\/\/filles-de-la-charite.org\/it\/peregrinos-de-esperanza-con-sor-francoise-petit\/#primaryimage"},"thumbnailUrl":"https:\/\/filles-de-la-charite.org\/wp-content\/uploads\/2025\/08\/6-2.jpg","datePublished":"2025-08-28T09:11:00+00:00","dateModified":"2025-08-28T09:30:55+00:00","breadcrumb":{"@id":"https:\/\/filles-de-la-charite.org\/it\/peregrinos-de-esperanza-con-sor-francoise-petit\/#breadcrumb"},"inLanguage":"it-IT","potentialAction":[{"@type":"ReadAction","target":["https:\/\/filles-de-la-charite.org\/it\/peregrinos-de-esperanza-con-sor-francoise-petit\/"]}]},{"@type":"ImageObject","inLanguage":"it-IT","@id":"https:\/\/filles-de-la-charite.org\/it\/peregrinos-de-esperanza-con-sor-francoise-petit\/#primaryimage","url":"https:\/\/filles-de-la-charite.org\/wp-content\/uploads\/2025\/08\/6-2.jpg","contentUrl":"https:\/\/filles-de-la-charite.org\/wp-content\/uploads\/2025\/08\/6-2.jpg","width":1920,"height":1080},{"@type":"BreadcrumbList","@id":"https:\/\/filles-de-la-charite.org\/it\/peregrinos-de-esperanza-con-sor-francoise-petit\/#breadcrumb","itemListElement":[{"@type":"ListItem","position":1,"name":"Internazionale","item":"https:\/\/filles-de-la-charite.org\/it\/category\/internazionale\/"},{"@type":"ListItem","position":2,"name":"Pellegrini di speranza con Suor Fran\u00e7oise Petit"}]},{"@type":"WebSite","@id":"https:\/\/filles-de-la-charite.org\/it\/#website","url":"https:\/\/filles-de-la-charite.org\/it\/","name":"Hijas de la Caridad","description":"L\u2019amour de J\u00e9sus nous presse \u00e0 prendre soin des personnes les plus d\u00e9munies","publisher":{"@id":"https:\/\/filles-de-la-charite.org\/it\/#organization"},"potentialAction":[{"@type":"SearchAction","target":{"@type":"EntryPoint","urlTemplate":"https:\/\/filles-de-la-charite.org\/it\/?s={search_term_string}"},"query-input":{"@type":"PropertyValueSpecification","valueRequired":true,"valueName":"search_term_string"}}],"inLanguage":"it-IT"},{"@type":"Organization","@id":"https:\/\/filles-de-la-charite.org\/it\/#organization","name":"Hijas de la Caridad","url":"https:\/\/filles-de-la-charite.org\/it\/","logo":{"@type":"ImageObject","inLanguage":"it-IT","@id":"https:\/\/filles-de-la-charite.org\/it\/#\/schema\/logo\/image\/","url":"https:\/\/filles-de-la-charite.org\/wp-content\/uploads\/2023\/03\/isotipo-Hijas-de-la-Caridad.png","contentUrl":"https:\/\/filles-de-la-charite.org\/wp-content\/uploads\/2023\/03\/isotipo-Hijas-de-la-Caridad.png","width":1417,"height":1417,"caption":"Hijas de la Caridad"},"image":{"@id":"https:\/\/filles-de-la-charite.org\/it\/#\/schema\/logo\/image\/"}},{"@type":"Person","@id":"https:\/\/filles-de-la-charite.org\/it\/#\/schema\/person\/0c922b6ca71280639858d297b3a7209f","name":"SOR MARTA","image":{"@type":"ImageObject","inLanguage":"it-IT","@id":"https:\/\/secure.gravatar.com\/avatar\/d2c45b0fd6bf2d3e2670ab3d112257c24ac80fa960360bba1bdc0676485d1d09?s=96&d=mm&r=g","url":"https:\/\/secure.gravatar.com\/avatar\/d2c45b0fd6bf2d3e2670ab3d112257c24ac80fa960360bba1bdc0676485d1d09?s=96&d=mm&r=g","contentUrl":"https:\/\/secure.gravatar.com\/avatar\/d2c45b0fd6bf2d3e2670ab3d112257c24ac80fa960360bba1bdc0676485d1d09?s=96&d=mm&r=g","caption":"SOR MARTA"},"url":"https:\/\/filles-de-la-charite.org\/it\/author\/martaemn\/"}]}},"_links":{"self":[{"href":"https:\/\/filles-de-la-charite.org\/it\/wp-json\/wp\/v2\/posts\/46072","targetHints":{"allow":["GET"]}}],"collection":[{"href":"https:\/\/filles-de-la-charite.org\/it\/wp-json\/wp\/v2\/posts"}],"about":[{"href":"https:\/\/filles-de-la-charite.org\/it\/wp-json\/wp\/v2\/types\/post"}],"author":[{"embeddable":true,"href":"https:\/\/filles-de-la-charite.org\/it\/wp-json\/wp\/v2\/users\/5"}],"replies":[{"embeddable":true,"href":"https:\/\/filles-de-la-charite.org\/it\/wp-json\/wp\/v2\/comments?post=46072"}],"version-history":[{"count":1,"href":"https:\/\/filles-de-la-charite.org\/it\/wp-json\/wp\/v2\/posts\/46072\/revisions"}],"predecessor-version":[{"id":46081,"href":"https:\/\/filles-de-la-charite.org\/it\/wp-json\/wp\/v2\/posts\/46072\/revisions\/46081"}],"wp:featuredmedia":[{"embeddable":true,"href":"https:\/\/filles-de-la-charite.org\/it\/wp-json\/wp\/v2\/media\/46053"}],"wp:attachment":[{"href":"https:\/\/filles-de-la-charite.org\/it\/wp-json\/wp\/v2\/media?parent=46072"}],"wp:term":[{"taxonomy":"category","embeddable":true,"href":"https:\/\/filles-de-la-charite.org\/it\/wp-json\/wp\/v2\/categories?post=46072"},{"taxonomy":"post_tag","embeddable":true,"href":"https:\/\/filles-de-la-charite.org\/it\/wp-json\/wp\/v2\/tags?post=46072"}],"curies":[{"name":"wp","href":"https:\/\/api.w.org\/{rel}","templated":true}]}}