{"id":47357,"date":"2025-10-05T18:17:58","date_gmt":"2025-10-05T16:17:58","guid":{"rendered":"https:\/\/filles-de-la-charite.org\/peregrinas-de-esperanza-con-maria-peregrinacion-a-notre-dame-de-paris\/"},"modified":"2025-10-11T23:49:30","modified_gmt":"2025-10-11T21:49:30","slug":"peregrinas-de-esperanza-con-maria-peregrinacion-a-notre-dame-de-paris","status":"publish","type":"post","link":"https:\/\/filles-de-la-charite.org\/it\/peregrinas-de-esperanza-con-maria-peregrinacion-a-notre-dame-de-paris\/","title":{"rendered":"Pellegrini di Speranza con Maria &#8211; Pellegrinaggio a Notre Dame de Paris"},"content":{"rendered":"\n<p>L&#8217;anno giubilare ha bussato alla nostra porta con l&#8217;invito di Papa Francesco a essere \u00abPellegrini di speranza\u00bb. Con lui, abbiamo sentito che questo Giubileo doveva essere un momento di risveglio, per ravvivare la speranza in noi stessi e nel mondo. Perch\u00e9 senza speranza, l&#8217;evangelizzazione \u00e8 impossibile; con la speranza, confidiamo nella fedelt\u00e0 delle promesse divine.<\/p>\n\n\n\n<figure class=\"wp-block-image size-large\"><img loading=\"lazy\" decoding=\"async\" width=\"1024\" height=\"576\" src=\"https:\/\/filles-de-la-charite.org\/wp-content\/uploads\/2025\/09\/1-3-1024x576.jpg\" alt=\"\" class=\"wp-image-46828\" srcset=\"https:\/\/filles-de-la-charite.org\/wp-content\/uploads\/2025\/09\/1-3-980x551.jpg 980w, https:\/\/filles-de-la-charite.org\/wp-content\/uploads\/2025\/09\/1-3-480x270.jpg 480w\" sizes=\"(min-width: 0px) and (max-width: 480px) 480px, (min-width: 481px) and (max-width: 980px) 980px, (min-width: 981px) 1024px, 100vw\" \/><\/figure>\n\n\n\n<p>\u00ab<em>Io sono con voi tutti i giorni, fino alla fine del mondo<\/em>\u00bb (Mt 28,20).<\/p>\n\n\n\n<p>\u00ab<em>N\u00e9 la malattia n\u00e9 l&#8217;et\u00e0 ci esentino dai nostri obblighi cristiani<\/em>\u00bb.<\/p>\n\n\n\n<p>Come viaggiatori di questo mondo, pellegrine instancabili di speranza nell&#8217;affascinante cammino di configurazione a Cristo, le Suore della Comunit\u00e0 San Giuseppe della Casa Madre hanno voluto rendere questa esperienza una realt\u00e0 rispondendo all&#8217;invito del Papa. Hanno voluto fare di questo Giubileo un momento di incontro vivo e personale con il Signore Ges\u00f9, \u00abPorta di Salvezza\u00bb, nostra unica speranza.<\/p>\n\n\n\n<figure class=\"wp-block-image size-full\"><img loading=\"lazy\" decoding=\"async\" width=\"1200\" height=\"675\" src=\"https:\/\/filles-de-la-charite.org\/wp-content\/uploads\/2025\/09\/22-1.jpg\" alt=\"\" class=\"wp-image-46846\" srcset=\"https:\/\/filles-de-la-charite.org\/wp-content\/uploads\/2025\/09\/22-1.jpg 1200w, https:\/\/filles-de-la-charite.org\/wp-content\/uploads\/2025\/09\/22-1-980x551.jpg 980w, https:\/\/filles-de-la-charite.org\/wp-content\/uploads\/2025\/09\/22-1-480x270.jpg 480w\" sizes=\"(min-width: 0px) and (max-width: 480px) 480px, (min-width: 481px) and (max-width: 980px) 980px, (min-width: 981px) 1200px, 100vw\" \/><\/figure>\n\n\n\n<p>Propusimos a nuestras Hermanas una peregrinaci\u00f3n a la Catedral de Notre Dame de Par\u00eds y, sin dudarlo, se encendi\u00f3 en el Abbiamo proposto alle nostre Suore un pellegrinaggio alla Cattedrale di Notre-Dame a Parigi e, senza esitazione, un fuoco di entusiasmo si \u00e8 acceso nel cuore di ciascuna. Qualcosa stava emergendo, ed era evidente in espressioni come: \u00abAspetto il giorno del pellegrinaggio a Notre-Dame\u00bb. \u00abAndrete anche voi in pellegrinaggio a Notre-Dame?\u00bb e \u00abAndr\u00f2 con le mie Sorelle della Comunit\u00e0 in pellegrinaggio a Notre-Dame\u00bb. \u00c8 stato davvero motivante per noi.<\/p>\n\n\n\n<p>Da brave Figlie della Carit\u00e0, abbiamo iniziato ad affidarci con fiducia alla Divina Provvidenza, riponendo tutto nelle mani di Dio. Dopo una lunga preparazione logistica, ma anche psicologica e spirituale, con la lettura della conferenza di San Vincenzo sul Giubileo e della lettera di Papa Francesco, \u00e8 stato programmato il nostro pellegrinaggio a Notre Dame de Paris per la festa del Santo Nome di Maria.<\/p>\n\n\n\n<figure class=\"wp-block-image size-large\"><img loading=\"lazy\" decoding=\"async\" width=\"1024\" height=\"768\" src=\"https:\/\/filles-de-la-charite.org\/wp-content\/uploads\/2025\/09\/3_1-1024x768.jpg\" alt=\"\" class=\"wp-image-46826\" srcset=\"https:\/\/filles-de-la-charite.org\/wp-content\/uploads\/2025\/09\/3_1-980x735.jpg 980w, https:\/\/filles-de-la-charite.org\/wp-content\/uploads\/2025\/09\/3_1-480x360.jpg 480w\" sizes=\"(min-width: 0px) and (max-width: 480px) 480px, (min-width: 481px) and (max-width: 980px) 980px, (min-width: 981px) 1024px, 100vw\" \/><\/figure>\n\n\n\n<p>\u00c8 impossibile camminare senza la Madre di Ges\u00f9, che \u00ab<em>brilla come icona di speranza per i suoi figli pellegrini nella storia<\/em>\u00bb, \u00e8 la prima in cammino e ci precede sempre.<\/p>\n\n\n\n<p>Finalmente, il giorno tanto atteso \u00e8 arrivato! Tutto \u00e8 iniziato con la Messa celebrata da Padre Jos\u00e9 Antonio Gonzalez, il nostro Direttore generale. Ci ha esortato a vivere questa giornata come un tempo di grazia e, varcando la Porta Santa, a esprimere a Dio il nostro desiderio di conversione, nonch\u00e9 gli sforzi da compiere nel quotidiano, per crescere in questo cammino.<\/p>\n\n\n\n<figure class=\"wp-block-image size-large\"><img loading=\"lazy\" decoding=\"async\" width=\"1024\" height=\"576\" src=\"https:\/\/filles-de-la-charite.org\/wp-content\/uploads\/2025\/09\/5-1024x576.jpg\" alt=\"\" class=\"wp-image-46834\" srcset=\"https:\/\/filles-de-la-charite.org\/wp-content\/uploads\/2025\/09\/5-1024x576.jpg 1024w, https:\/\/filles-de-la-charite.org\/wp-content\/uploads\/2025\/09\/5-980x551.jpg 980w, https:\/\/filles-de-la-charite.org\/wp-content\/uploads\/2025\/09\/5-480x270.jpg 480w\" sizes=\"(min-width: 0px) and (max-width: 480px) 480px, (min-width: 481px) and (max-width: 980px) 980px, (min-width: 981px) 1024px, 100vw\" \/><\/figure>\n\n\n\n<p>Subito dopo la Messa, il corteo delle Suore in sedia a rotelle e di altre in coppia, si \u00e8 diretto verso l&#8217;autobus adattato alle nostre condizioni fisiche, ovvero dotato di un sollevatore per sedie a rotelle.<\/p>\n\n\n\n<p>Sull&#8217;autobus, abbiamo recitato il Rosario e la prima parte della celebrazione contenuta nell&#8217;opuscolo preparato per l&#8217;occasione. I momenti salienti sono stati: il passaggio della Porta Santa, la scoperta della cattedrale restaurata, la sosta pi\u00f9 o meno lunga davanti alla Corona di Spine e, naturalmente, una foto di gruppo sul sagrato della cattedrale per immortalare questa splendida giornata giubilare.<\/p>\n\n\n\n<p>Siamo rimaste colpite dall&#8217;attenzione, dalla solidariet\u00e0 e dal rispetto dei volontari, come anche dalla folla compatta che ci ha sempre aperto la strada, accompagnandoci con un sorriso, dalla fraternit\u00e0 tra noi e dalla gioia di camminare insieme.<\/p>\n\n\n\n<p>Eravamo tutte felicissime! Era cos\u00ec bello che il tempo passava senza che ce ne accorgessimo, e tutto il nostro essere iniziava a recitare questi versetti del Salmo: \u00ab<em>Sono certo di contemplare la bont\u00e0 del Signore nella terra dei viventi<\/em>\u00bb (Salmo 26).<\/p>\n\n\n\n<figure class=\"wp-block-image size-large\"><img loading=\"lazy\" decoding=\"async\" width=\"1024\" height=\"576\" src=\"https:\/\/filles-de-la-charite.org\/wp-content\/uploads\/2025\/09\/44-1024x576.jpg\" alt=\"\" class=\"wp-image-46840\" srcset=\"https:\/\/filles-de-la-charite.org\/wp-content\/uploads\/2025\/09\/44-1024x576.jpg 1024w, https:\/\/filles-de-la-charite.org\/wp-content\/uploads\/2025\/09\/44-980x551.jpg 980w, https:\/\/filles-de-la-charite.org\/wp-content\/uploads\/2025\/09\/44-480x270.jpg 480w\" sizes=\"(min-width: 0px) and (max-width: 480px) 480px, (min-width: 481px) and (max-width: 980px) 980px, (min-width: 981px) 1024px, 100vw\" \/><\/figure>\n\n\n\n<p>Grazie a tutti coloro che hanno reso possibile questo sogno: a Suor Luisa per la sua motivazione, al Padre Direttore generale che ci ha accompagnato lungo tutto il percorso, alla Comunit\u00e0 per l\u2019entusiasmo e l\u2019impegno, alle Suore e al personale che ci hanno generosamente sostenuto.<\/p>\n\n\n\n<p>\u00abCon tutto il cuore, Signore, ti ringraziamo per la tua infinita bont\u00e0. Grazie per questa giornata di grazia e preghiera!\u00bb<\/p>\n\n\n\n<p><em>Le Suore della Comunit\u00e0 San Giuseppe, Casa Madre<\/em><em><\/em><\/p>\n\n\n\n<figure class=\"wp-block-image size-large\"><img loading=\"lazy\" decoding=\"async\" width=\"1024\" height=\"768\" src=\"https:\/\/filles-de-la-charite.org\/wp-content\/uploads\/2025\/09\/6_1-1024x768.jpg\" alt=\"\" class=\"wp-image-46820\" srcset=\"https:\/\/filles-de-la-charite.org\/wp-content\/uploads\/2025\/09\/6_1-980x735.jpg 980w, https:\/\/filles-de-la-charite.org\/wp-content\/uploads\/2025\/09\/6_1-480x360.jpg 480w\" sizes=\"(min-width: 0px) and (max-width: 480px) 480px, (min-width: 481px) and (max-width: 980px) 980px, (min-width: 981px) 1024px, 100vw\" \/><\/figure>\n","protected":false},"excerpt":{"rendered":"<p>L&#8217;anno giubilare ha bussato alla nostra porta con l&#8217;invito di Papa Francesco a essere \u00abPellegrini di speranza\u00bb. Con lui, abbiamo sentito che questo Giubileo doveva essere un momento di risveglio, per ravvivare la speranza in noi stessi e nel mondo. Perch\u00e9 senza speranza, l&#8217;evangelizzazione \u00e8 impossibile; con la speranza, confidiamo nella fedelt\u00e0 delle promesse divine. [&hellip;]<\/p>\n","protected":false},"author":5,"featured_media":47530,"comment_status":"closed","ping_status":"closed","sticky":false,"template":"","format":"standard","meta":{"_acf_changed":false,"_et_pb_use_builder":"","_et_pb_old_content":"","_et_gb_content_width":"","footnotes":"","_links_to":"","_links_to_target":""},"categories":[562],"tags":[],"class_list":["post-47357","post","type-post","status-publish","format-standard","has-post-thumbnail","hentry","category-casa-madre-it"],"acf":[],"yoast_head":"<!-- This site is optimized with the Yoast SEO plugin v27.5 - https:\/\/yoast.com\/product\/yoast-seo-wordpress\/ -->\n<title>Pellegrini di Speranza con Maria - Pellegrinaggio a Notre Dame de Paris - Filles de la Charit\u00e9<\/title>\n<meta name=\"robots\" content=\"index, follow, max-snippet:-1, max-image-preview:large, max-video-preview:-1\" \/>\n<link rel=\"canonical\" href=\"https:\/\/filles-de-la-charite.org\/it\/peregrinas-de-esperanza-con-maria-peregrinacion-a-notre-dame-de-paris\/\" \/>\n<meta property=\"og:locale\" content=\"it_IT\" \/>\n<meta property=\"og:type\" content=\"article\" \/>\n<meta property=\"og:title\" content=\"Pellegrini di Speranza con Maria - Pellegrinaggio a Notre Dame de Paris - Filles de la Charit\u00e9\" \/>\n<meta property=\"og:description\" content=\"L&#8217;anno giubilare ha bussato alla nostra porta con l&#8217;invito di Papa Francesco a essere \u00abPellegrini di speranza\u00bb. Con lui, abbiamo sentito che questo Giubileo doveva essere un momento di risveglio, per ravvivare la speranza in noi stessi e nel mondo. Perch\u00e9 senza speranza, l&#8217;evangelizzazione \u00e8 impossibile; con la speranza, confidiamo nella fedelt\u00e0 delle promesse divine. [&hellip;]\" \/>\n<meta property=\"og:url\" content=\"https:\/\/filles-de-la-charite.org\/it\/peregrinas-de-esperanza-con-maria-peregrinacion-a-notre-dame-de-paris\/\" \/>\n<meta property=\"og:site_name\" content=\"Filles de la Charit\u00e9\" \/>\n<meta property=\"article:published_time\" content=\"2025-10-05T16:17:58+00:00\" \/>\n<meta property=\"article:modified_time\" content=\"2025-10-11T21:49:30+00:00\" \/>\n<meta property=\"og:image\" content=\"https:\/\/filles-de-la-charite.org\/wp-content\/uploads\/2025\/09\/6_1.jpg\" \/>\n\t<meta property=\"og:image:width\" content=\"1600\" \/>\n\t<meta property=\"og:image:height\" content=\"1200\" \/>\n\t<meta property=\"og:image:type\" content=\"image\/jpeg\" \/>\n<meta name=\"author\" content=\"SOR MARTA\" \/>\n<meta name=\"twitter:card\" content=\"summary_large_image\" \/>\n<meta name=\"twitter:label1\" content=\"Scritto da\" \/>\n\t<meta name=\"twitter:data1\" content=\"SOR MARTA\" \/>\n\t<meta name=\"twitter:label2\" content=\"Tempo di lettura stimato\" \/>\n\t<meta name=\"twitter:data2\" content=\"5 minuti\" \/>\n<script type=\"application\/ld+json\" class=\"yoast-schema-graph\">{\"@context\":\"https:\\\/\\\/schema.org\",\"@graph\":[{\"@type\":\"Article\",\"@id\":\"https:\\\/\\\/filles-de-la-charite.org\\\/it\\\/peregrinas-de-esperanza-con-maria-peregrinacion-a-notre-dame-de-paris\\\/#article\",\"isPartOf\":{\"@id\":\"https:\\\/\\\/filles-de-la-charite.org\\\/it\\\/peregrinas-de-esperanza-con-maria-peregrinacion-a-notre-dame-de-paris\\\/\"},\"author\":{\"name\":\"SOR MARTA\",\"@id\":\"https:\\\/\\\/filles-de-la-charite.org\\\/it\\\/#\\\/schema\\\/person\\\/0c922b6ca71280639858d297b3a7209f\"},\"headline\":\"Pellegrini di Speranza con Maria &#8211; Pellegrinaggio a Notre Dame de Paris\",\"datePublished\":\"2025-10-05T16:17:58+00:00\",\"dateModified\":\"2025-10-11T21:49:30+00:00\",\"mainEntityOfPage\":{\"@id\":\"https:\\\/\\\/filles-de-la-charite.org\\\/it\\\/peregrinas-de-esperanza-con-maria-peregrinacion-a-notre-dame-de-paris\\\/\"},\"wordCount\":644,\"publisher\":{\"@id\":\"https:\\\/\\\/filles-de-la-charite.org\\\/it\\\/#organization\"},\"image\":{\"@id\":\"https:\\\/\\\/filles-de-la-charite.org\\\/it\\\/peregrinas-de-esperanza-con-maria-peregrinacion-a-notre-dame-de-paris\\\/#primaryimage\"},\"thumbnailUrl\":\"https:\\\/\\\/filles-de-la-charite.org\\\/wp-content\\\/uploads\\\/2025\\\/09\\\/6_1.jpg\",\"articleSection\":[\"Casa-Madre\"],\"inLanguage\":\"it-IT\"},{\"@type\":\"WebPage\",\"@id\":\"https:\\\/\\\/filles-de-la-charite.org\\\/it\\\/peregrinas-de-esperanza-con-maria-peregrinacion-a-notre-dame-de-paris\\\/\",\"url\":\"https:\\\/\\\/filles-de-la-charite.org\\\/it\\\/peregrinas-de-esperanza-con-maria-peregrinacion-a-notre-dame-de-paris\\\/\",\"name\":\"Pellegrini di Speranza con Maria - Pellegrinaggio a Notre Dame de Paris - Filles de la Charit\u00e9\",\"isPartOf\":{\"@id\":\"https:\\\/\\\/filles-de-la-charite.org\\\/it\\\/#website\"},\"primaryImageOfPage\":{\"@id\":\"https:\\\/\\\/filles-de-la-charite.org\\\/it\\\/peregrinas-de-esperanza-con-maria-peregrinacion-a-notre-dame-de-paris\\\/#primaryimage\"},\"image\":{\"@id\":\"https:\\\/\\\/filles-de-la-charite.org\\\/it\\\/peregrinas-de-esperanza-con-maria-peregrinacion-a-notre-dame-de-paris\\\/#primaryimage\"},\"thumbnailUrl\":\"https:\\\/\\\/filles-de-la-charite.org\\\/wp-content\\\/uploads\\\/2025\\\/09\\\/6_1.jpg\",\"datePublished\":\"2025-10-05T16:17:58+00:00\",\"dateModified\":\"2025-10-11T21:49:30+00:00\",\"breadcrumb\":{\"@id\":\"https:\\\/\\\/filles-de-la-charite.org\\\/it\\\/peregrinas-de-esperanza-con-maria-peregrinacion-a-notre-dame-de-paris\\\/#breadcrumb\"},\"inLanguage\":\"it-IT\",\"potentialAction\":[{\"@type\":\"ReadAction\",\"target\":[\"https:\\\/\\\/filles-de-la-charite.org\\\/it\\\/peregrinas-de-esperanza-con-maria-peregrinacion-a-notre-dame-de-paris\\\/\"]}]},{\"@type\":\"ImageObject\",\"inLanguage\":\"it-IT\",\"@id\":\"https:\\\/\\\/filles-de-la-charite.org\\\/it\\\/peregrinas-de-esperanza-con-maria-peregrinacion-a-notre-dame-de-paris\\\/#primaryimage\",\"url\":\"https:\\\/\\\/filles-de-la-charite.org\\\/wp-content\\\/uploads\\\/2025\\\/09\\\/6_1.jpg\",\"contentUrl\":\"https:\\\/\\\/filles-de-la-charite.org\\\/wp-content\\\/uploads\\\/2025\\\/09\\\/6_1.jpg\",\"width\":1600,\"height\":1200},{\"@type\":\"BreadcrumbList\",\"@id\":\"https:\\\/\\\/filles-de-la-charite.org\\\/it\\\/peregrinas-de-esperanza-con-maria-peregrinacion-a-notre-dame-de-paris\\\/#breadcrumb\",\"itemListElement\":[{\"@type\":\"ListItem\",\"position\":1,\"name\":\"Casa-Madre\",\"item\":\"https:\\\/\\\/filles-de-la-charite.org\\\/it\\\/category\\\/casa-madre-it\\\/\"},{\"@type\":\"ListItem\",\"position\":2,\"name\":\"Pellegrini di Speranza con Maria &#8211; Pellegrinaggio a Notre Dame de Paris\"}]},{\"@type\":\"WebSite\",\"@id\":\"https:\\\/\\\/filles-de-la-charite.org\\\/it\\\/#website\",\"url\":\"https:\\\/\\\/filles-de-la-charite.org\\\/it\\\/\",\"name\":\"Hijas de la Caridad\",\"description\":\"L\u2019amour de J\u00e9sus nous presse \u00e0 prendre soin des personnes les plus d\u00e9munies\",\"publisher\":{\"@id\":\"https:\\\/\\\/filles-de-la-charite.org\\\/it\\\/#organization\"},\"potentialAction\":[{\"@type\":\"SearchAction\",\"target\":{\"@type\":\"EntryPoint\",\"urlTemplate\":\"https:\\\/\\\/filles-de-la-charite.org\\\/it\\\/?s={search_term_string}\"},\"query-input\":{\"@type\":\"PropertyValueSpecification\",\"valueRequired\":true,\"valueName\":\"search_term_string\"}}],\"inLanguage\":\"it-IT\"},{\"@type\":\"Organization\",\"@id\":\"https:\\\/\\\/filles-de-la-charite.org\\\/it\\\/#organization\",\"name\":\"Hijas de la Caridad\",\"url\":\"https:\\\/\\\/filles-de-la-charite.org\\\/it\\\/\",\"logo\":{\"@type\":\"ImageObject\",\"inLanguage\":\"it-IT\",\"@id\":\"https:\\\/\\\/filles-de-la-charite.org\\\/it\\\/#\\\/schema\\\/logo\\\/image\\\/\",\"url\":\"https:\\\/\\\/filles-de-la-charite.org\\\/wp-content\\\/uploads\\\/2023\\\/03\\\/isotipo-Hijas-de-la-Caridad.png\",\"contentUrl\":\"https:\\\/\\\/filles-de-la-charite.org\\\/wp-content\\\/uploads\\\/2023\\\/03\\\/isotipo-Hijas-de-la-Caridad.png\",\"width\":1417,\"height\":1417,\"caption\":\"Hijas de la Caridad\"},\"image\":{\"@id\":\"https:\\\/\\\/filles-de-la-charite.org\\\/it\\\/#\\\/schema\\\/logo\\\/image\\\/\"}},{\"@type\":\"Person\",\"@id\":\"https:\\\/\\\/filles-de-la-charite.org\\\/it\\\/#\\\/schema\\\/person\\\/0c922b6ca71280639858d297b3a7209f\",\"name\":\"SOR MARTA\",\"image\":{\"@type\":\"ImageObject\",\"inLanguage\":\"it-IT\",\"@id\":\"https:\\\/\\\/secure.gravatar.com\\\/avatar\\\/d2c45b0fd6bf2d3e2670ab3d112257c24ac80fa960360bba1bdc0676485d1d09?s=96&d=mm&r=g\",\"url\":\"https:\\\/\\\/secure.gravatar.com\\\/avatar\\\/d2c45b0fd6bf2d3e2670ab3d112257c24ac80fa960360bba1bdc0676485d1d09?s=96&d=mm&r=g\",\"contentUrl\":\"https:\\\/\\\/secure.gravatar.com\\\/avatar\\\/d2c45b0fd6bf2d3e2670ab3d112257c24ac80fa960360bba1bdc0676485d1d09?s=96&d=mm&r=g\",\"caption\":\"SOR MARTA\"},\"url\":\"https:\\\/\\\/filles-de-la-charite.org\\\/it\\\/author\\\/martaemn\\\/\"}]}<\/script>\n<!-- \/ Yoast SEO plugin. -->","yoast_head_json":{"title":"Pellegrini di Speranza con Maria - Pellegrinaggio a Notre Dame de Paris - Filles de la Charit\u00e9","robots":{"index":"index","follow":"follow","max-snippet":"max-snippet:-1","max-image-preview":"max-image-preview:large","max-video-preview":"max-video-preview:-1"},"canonical":"https:\/\/filles-de-la-charite.org\/it\/peregrinas-de-esperanza-con-maria-peregrinacion-a-notre-dame-de-paris\/","og_locale":"it_IT","og_type":"article","og_title":"Pellegrini di Speranza con Maria - Pellegrinaggio a Notre Dame de Paris - Filles de la Charit\u00e9","og_description":"L&#8217;anno giubilare ha bussato alla nostra porta con l&#8217;invito di Papa Francesco a essere \u00abPellegrini di speranza\u00bb. Con lui, abbiamo sentito che questo Giubileo doveva essere un momento di risveglio, per ravvivare la speranza in noi stessi e nel mondo. Perch\u00e9 senza speranza, l&#8217;evangelizzazione \u00e8 impossibile; con la speranza, confidiamo nella fedelt\u00e0 delle promesse divine. [&hellip;]","og_url":"https:\/\/filles-de-la-charite.org\/it\/peregrinas-de-esperanza-con-maria-peregrinacion-a-notre-dame-de-paris\/","og_site_name":"Filles de la Charit\u00e9","article_published_time":"2025-10-05T16:17:58+00:00","article_modified_time":"2025-10-11T21:49:30+00:00","og_image":[{"width":1600,"height":1200,"url":"https:\/\/filles-de-la-charite.org\/wp-content\/uploads\/2025\/09\/6_1.jpg","type":"image\/jpeg"}],"author":"SOR MARTA","twitter_card":"summary_large_image","twitter_misc":{"Scritto da":"SOR MARTA","Tempo di lettura stimato":"5 minuti"},"schema":{"@context":"https:\/\/schema.org","@graph":[{"@type":"Article","@id":"https:\/\/filles-de-la-charite.org\/it\/peregrinas-de-esperanza-con-maria-peregrinacion-a-notre-dame-de-paris\/#article","isPartOf":{"@id":"https:\/\/filles-de-la-charite.org\/it\/peregrinas-de-esperanza-con-maria-peregrinacion-a-notre-dame-de-paris\/"},"author":{"name":"SOR MARTA","@id":"https:\/\/filles-de-la-charite.org\/it\/#\/schema\/person\/0c922b6ca71280639858d297b3a7209f"},"headline":"Pellegrini di Speranza con Maria &#8211; Pellegrinaggio a Notre Dame de Paris","datePublished":"2025-10-05T16:17:58+00:00","dateModified":"2025-10-11T21:49:30+00:00","mainEntityOfPage":{"@id":"https:\/\/filles-de-la-charite.org\/it\/peregrinas-de-esperanza-con-maria-peregrinacion-a-notre-dame-de-paris\/"},"wordCount":644,"publisher":{"@id":"https:\/\/filles-de-la-charite.org\/it\/#organization"},"image":{"@id":"https:\/\/filles-de-la-charite.org\/it\/peregrinas-de-esperanza-con-maria-peregrinacion-a-notre-dame-de-paris\/#primaryimage"},"thumbnailUrl":"https:\/\/filles-de-la-charite.org\/wp-content\/uploads\/2025\/09\/6_1.jpg","articleSection":["Casa-Madre"],"inLanguage":"it-IT"},{"@type":"WebPage","@id":"https:\/\/filles-de-la-charite.org\/it\/peregrinas-de-esperanza-con-maria-peregrinacion-a-notre-dame-de-paris\/","url":"https:\/\/filles-de-la-charite.org\/it\/peregrinas-de-esperanza-con-maria-peregrinacion-a-notre-dame-de-paris\/","name":"Pellegrini di Speranza con Maria - Pellegrinaggio a Notre Dame de Paris - Filles de la Charit\u00e9","isPartOf":{"@id":"https:\/\/filles-de-la-charite.org\/it\/#website"},"primaryImageOfPage":{"@id":"https:\/\/filles-de-la-charite.org\/it\/peregrinas-de-esperanza-con-maria-peregrinacion-a-notre-dame-de-paris\/#primaryimage"},"image":{"@id":"https:\/\/filles-de-la-charite.org\/it\/peregrinas-de-esperanza-con-maria-peregrinacion-a-notre-dame-de-paris\/#primaryimage"},"thumbnailUrl":"https:\/\/filles-de-la-charite.org\/wp-content\/uploads\/2025\/09\/6_1.jpg","datePublished":"2025-10-05T16:17:58+00:00","dateModified":"2025-10-11T21:49:30+00:00","breadcrumb":{"@id":"https:\/\/filles-de-la-charite.org\/it\/peregrinas-de-esperanza-con-maria-peregrinacion-a-notre-dame-de-paris\/#breadcrumb"},"inLanguage":"it-IT","potentialAction":[{"@type":"ReadAction","target":["https:\/\/filles-de-la-charite.org\/it\/peregrinas-de-esperanza-con-maria-peregrinacion-a-notre-dame-de-paris\/"]}]},{"@type":"ImageObject","inLanguage":"it-IT","@id":"https:\/\/filles-de-la-charite.org\/it\/peregrinas-de-esperanza-con-maria-peregrinacion-a-notre-dame-de-paris\/#primaryimage","url":"https:\/\/filles-de-la-charite.org\/wp-content\/uploads\/2025\/09\/6_1.jpg","contentUrl":"https:\/\/filles-de-la-charite.org\/wp-content\/uploads\/2025\/09\/6_1.jpg","width":1600,"height":1200},{"@type":"BreadcrumbList","@id":"https:\/\/filles-de-la-charite.org\/it\/peregrinas-de-esperanza-con-maria-peregrinacion-a-notre-dame-de-paris\/#breadcrumb","itemListElement":[{"@type":"ListItem","position":1,"name":"Casa-Madre","item":"https:\/\/filles-de-la-charite.org\/it\/category\/casa-madre-it\/"},{"@type":"ListItem","position":2,"name":"Pellegrini di Speranza con Maria &#8211; Pellegrinaggio a Notre Dame de Paris"}]},{"@type":"WebSite","@id":"https:\/\/filles-de-la-charite.org\/it\/#website","url":"https:\/\/filles-de-la-charite.org\/it\/","name":"Hijas de la Caridad","description":"L\u2019amour de J\u00e9sus nous presse \u00e0 prendre soin des personnes les plus d\u00e9munies","publisher":{"@id":"https:\/\/filles-de-la-charite.org\/it\/#organization"},"potentialAction":[{"@type":"SearchAction","target":{"@type":"EntryPoint","urlTemplate":"https:\/\/filles-de-la-charite.org\/it\/?s={search_term_string}"},"query-input":{"@type":"PropertyValueSpecification","valueRequired":true,"valueName":"search_term_string"}}],"inLanguage":"it-IT"},{"@type":"Organization","@id":"https:\/\/filles-de-la-charite.org\/it\/#organization","name":"Hijas de la Caridad","url":"https:\/\/filles-de-la-charite.org\/it\/","logo":{"@type":"ImageObject","inLanguage":"it-IT","@id":"https:\/\/filles-de-la-charite.org\/it\/#\/schema\/logo\/image\/","url":"https:\/\/filles-de-la-charite.org\/wp-content\/uploads\/2023\/03\/isotipo-Hijas-de-la-Caridad.png","contentUrl":"https:\/\/filles-de-la-charite.org\/wp-content\/uploads\/2023\/03\/isotipo-Hijas-de-la-Caridad.png","width":1417,"height":1417,"caption":"Hijas de la Caridad"},"image":{"@id":"https:\/\/filles-de-la-charite.org\/it\/#\/schema\/logo\/image\/"}},{"@type":"Person","@id":"https:\/\/filles-de-la-charite.org\/it\/#\/schema\/person\/0c922b6ca71280639858d297b3a7209f","name":"SOR MARTA","image":{"@type":"ImageObject","inLanguage":"it-IT","@id":"https:\/\/secure.gravatar.com\/avatar\/d2c45b0fd6bf2d3e2670ab3d112257c24ac80fa960360bba1bdc0676485d1d09?s=96&d=mm&r=g","url":"https:\/\/secure.gravatar.com\/avatar\/d2c45b0fd6bf2d3e2670ab3d112257c24ac80fa960360bba1bdc0676485d1d09?s=96&d=mm&r=g","contentUrl":"https:\/\/secure.gravatar.com\/avatar\/d2c45b0fd6bf2d3e2670ab3d112257c24ac80fa960360bba1bdc0676485d1d09?s=96&d=mm&r=g","caption":"SOR MARTA"},"url":"https:\/\/filles-de-la-charite.org\/it\/author\/martaemn\/"}]}},"_links":{"self":[{"href":"https:\/\/filles-de-la-charite.org\/it\/wp-json\/wp\/v2\/posts\/47357","targetHints":{"allow":["GET"]}}],"collection":[{"href":"https:\/\/filles-de-la-charite.org\/it\/wp-json\/wp\/v2\/posts"}],"about":[{"href":"https:\/\/filles-de-la-charite.org\/it\/wp-json\/wp\/v2\/types\/post"}],"author":[{"embeddable":true,"href":"https:\/\/filles-de-la-charite.org\/it\/wp-json\/wp\/v2\/users\/5"}],"replies":[{"embeddable":true,"href":"https:\/\/filles-de-la-charite.org\/it\/wp-json\/wp\/v2\/comments?post=47357"}],"version-history":[{"count":1,"href":"https:\/\/filles-de-la-charite.org\/it\/wp-json\/wp\/v2\/posts\/47357\/revisions"}],"predecessor-version":[{"id":47359,"href":"https:\/\/filles-de-la-charite.org\/it\/wp-json\/wp\/v2\/posts\/47357\/revisions\/47359"}],"wp:featuredmedia":[{"embeddable":true,"href":"https:\/\/filles-de-la-charite.org\/it\/wp-json\/wp\/v2\/media\/47530"}],"wp:attachment":[{"href":"https:\/\/filles-de-la-charite.org\/it\/wp-json\/wp\/v2\/media?parent=47357"}],"wp:term":[{"taxonomy":"category","embeddable":true,"href":"https:\/\/filles-de-la-charite.org\/it\/wp-json\/wp\/v2\/categories?post=47357"},{"taxonomy":"post_tag","embeddable":true,"href":"https:\/\/filles-de-la-charite.org\/it\/wp-json\/wp\/v2\/tags?post=47357"}],"curies":[{"name":"wp","href":"https:\/\/api.w.org\/{rel}","templated":true}]}}