{"id":47598,"date":"2025-11-09T00:12:56","date_gmt":"2025-11-08T23:12:56","guid":{"rendered":"https:\/\/filles-de-la-charite.org\/?p=47598"},"modified":"2025-11-09T00:07:31","modified_gmt":"2025-11-08T23:07:31","slug":"un-nuevo-camino-de-comunion-la-admision-de-sor-piergrazia-licandro-en-la-compania-de-las-hijas-de-la-caridad","status":"publish","type":"post","link":"https:\/\/filles-de-la-charite.org\/it\/un-nuevo-camino-de-comunion-la-admision-de-sor-piergrazia-licandro-en-la-compania-de-las-hijas-de-la-caridad\/","title":{"rendered":"Un nuovo cammino di comunione: l\u2019ammissione di sr Piergrazia Licandro alla Compagnia delle Figlie della Carit\u00e0"},"content":{"rendered":"\n<p>La Solennit\u00e0 di Tutti i Santi, festa di coloro che hanno vissuto l\u2019amore di Cristo in pienezza, \u00e8 stata per noi una giornata particolarmente ricca di grazia e di speranza.<\/p>\n\n\n\n<p>Con l\u2019ammissione di&nbsp;sr Piergrazia Licandro&nbsp;alla Compagnia delle Figlie della Carit\u00e0, anche la&nbsp;Provincia San Vincenzo \u2013 Italia&nbsp;\u00e8 entrata a far parte del&nbsp;Seminario Interprovinciale&nbsp;con le Province della&nbsp;Spagna: un passo nuovo, un segno dello Spirito che apre sentieri di comunione e di collaborazione tra le nostre realt\u00e0 europee.<\/p>\n\n\n\n<figure class=\"wp-block-image size-large\"><img loading=\"lazy\" decoding=\"async\" width=\"1024\" height=\"768\" src=\"https:\/\/filles-de-la-charite.org\/wp-content\/uploads\/2025\/11\/3-1024x768.jpg\" alt=\"\" class=\"wp-image-47591\" srcset=\"https:\/\/filles-de-la-charite.org\/wp-content\/uploads\/2025\/11\/3-1024x768.jpg 1024w, https:\/\/filles-de-la-charite.org\/wp-content\/uploads\/2025\/11\/3-980x735.jpg 980w, https:\/\/filles-de-la-charite.org\/wp-content\/uploads\/2025\/11\/3-480x360.jpg 480w\" sizes=\"(min-width: 0px) and (max-width: 480px) 480px, (min-width: 481px) and (max-width: 980px) 980px, (min-width: 981px) 1024px, 100vw\" \/><\/figure>\n\n\n\n<p>In un tempo in cui il calo delle vocazioni e le differenze tra le Province europee possono talvolta farci sentire smarrite, questo nuovo cammino \u00e8 per noi motivo di profonda&nbsp;gioia e fiducia.<\/p>\n\n\n\n<p>Ancora una volta la Parola di Dio ci raggiunge come promessa viva: \u201cEcco, faccio una cosa nuova, non ve ne accorgete? <br>Aprir\u00f2 anche nel deserto una strada, immetter\u00f2 fiumi nella steppa.\u201d (Is 43,19)<\/p>\n\n\n\n<figure class=\"wp-block-image size-large\"><img loading=\"lazy\" decoding=\"async\" width=\"1024\" height=\"768\" src=\"https:\/\/filles-de-la-charite.org\/wp-content\/uploads\/2025\/11\/1-1024x768.jpg\" alt=\"\" class=\"wp-image-47589\" srcset=\"https:\/\/filles-de-la-charite.org\/wp-content\/uploads\/2025\/11\/1-980x735.jpg 980w, https:\/\/filles-de-la-charite.org\/wp-content\/uploads\/2025\/11\/1-480x360.jpg 480w\" sizes=\"(min-width: 0px) and (max-width: 480px) 480px, (min-width: 481px) and (max-width: 980px) 980px, (min-width: 981px) 1024px, 100vw\" \/><\/figure>\n\n\n\n<p>La celebrazione dell\u2019ammissione di sr Piergrazia, avvenuta nella&nbsp;Casa Provinciale di Roma, \u00e8 stata segnata da un clima di preghiera e fraternit\u00e0.<\/p>\n\n\n\n<p>Erano presenti la&nbsp;comunit\u00e0 del Seminario Interprovinciale di Spagna, le&nbsp;giovani suore, alcune&nbsp;sorelle provenienti da varie comunit\u00e0 italiane, la&nbsp;Visitatrice della Provincia Spagna Nord, sr&nbsp;Visitaci\u00f3n Garc\u00eda, coordinatrice delle Province di Spagna, e la&nbsp;Visitatrice della Provincia d\u2019Italia, sr&nbsp;Maria Rosaria Matranga, insieme ad alcune Consigliere Provinciali, la Segretaria e l\u2019Economa.<\/p>\n\n\n\n<figure class=\"wp-block-image size-large\"><img loading=\"lazy\" decoding=\"async\" width=\"1024\" height=\"768\" src=\"https:\/\/filles-de-la-charite.org\/wp-content\/uploads\/2025\/11\/5-1024x768.jpg\" alt=\"\" class=\"wp-image-47594\" srcset=\"https:\/\/filles-de-la-charite.org\/wp-content\/uploads\/2025\/11\/5-1024x768.jpg 1024w, https:\/\/filles-de-la-charite.org\/wp-content\/uploads\/2025\/11\/5-980x735.jpg 980w, https:\/\/filles-de-la-charite.org\/wp-content\/uploads\/2025\/11\/5-480x360.jpg 480w\" sizes=\"(min-width: 0px) and (max-width: 480px) 480px, (min-width: 481px) and (max-width: 980px) 980px, (min-width: 981px) 1024px, 100vw\" \/><\/figure>\n\n\n\n<p>Di particolare rilievo \u00e8 stata la presenza delle\u00a0Consigliere Generali sr Luisa Farri e sr Antonia Gonz\u00e1lez, che hanno condiviso con noi questo momento di grazia.<br>La loro partecipazione, unita al ricordo e alla vicinanza della\u00a0Superiora Generale sr Fran\u00e7oise Petit, ci ha fatto sentire la presenza concreta della\u00a0Compagnia intera, che ci accompagna e ci sostiene in questo passo di comunione.<\/p>\n\n\n\n<p>\u00c8 stato davvero un\u00a0\u201cEphata\u201d, un \u201capriti\u201d che ci invita ad accogliere con fiducia le novit\u00e0 dello Spirito.<\/p>\n\n\n\n<p>La giornata \u00e8 stata arricchita anche dall\u2019inizio del\u00a0cammino di Postulato di Elena Follini, un altro segno della fecondit\u00e0 del dono di Dio.<\/p>\n\n\n\n<p>Poich\u00e9 si trattava di una giornata dal forte respiro vocazionale, abbiamo voluto\u00a0aprirla e condividerla con alcune giovani\u00a0che stanno vivendo un cammino di discernimento, rendendola cos\u00ec una vera\u00a0celebrazione della vocazione.<\/p>\n\n\n\n<figure class=\"wp-block-image size-large\"><img loading=\"lazy\" decoding=\"async\" width=\"1024\" height=\"576\" src=\"https:\/\/filles-de-la-charite.org\/wp-content\/uploads\/2025\/11\/2-1024x576.jpg\" alt=\"\" class=\"wp-image-47590\" srcset=\"https:\/\/filles-de-la-charite.org\/wp-content\/uploads\/2025\/11\/2-980x551.jpg 980w, https:\/\/filles-de-la-charite.org\/wp-content\/uploads\/2025\/11\/2-480x270.jpg 480w\" sizes=\"(min-width: 0px) and (max-width: 480px) 480px, (min-width: 481px) and (max-width: 980px) 980px, (min-width: 981px) 1024px, 100vw\" \/><\/figure>\n\n\n\n<p>Nella&nbsp;giornata precedente, vissuta come preparazione alla festa, abbiamo sperimentato un\u2019intensa comunione spirituale: la&nbsp;meditazione guidata da p. Nicola Albanesi CM, che ha riflettuto sul tema della santit\u00e0 ricordandoci come la&nbsp;donazione di s\u00e9&nbsp;sia la via che ci rende recettivi all\u2019azione della grazia e custodi dello Spirito; la&nbsp;testimonianza vocazionale di Elena, l\u2019adorazione e la preghiera vocazionale&nbsp;hanno aiutato tutte a entrare in un clima di ascolto e di gratitudine per il dono della chiamata.<\/p>\n\n\n\n<p>Sono stati momenti semplici ma profondi, che hanno favorito un autentico incontro con il Signore e tra di noi.<\/p>\n\n\n\n<p>Le giornate sono state vissute in un clima di&nbsp;fraternit\u00e0, semplicit\u00e0, condivisione e allegria. Abbiamo potuto sperimentare che le&nbsp;differenze di lingua non sono state una barriera, ma piuttosto una&nbsp;ricchezza&nbsp;che ha reso pi\u00f9 viva la comunione.<\/p>\n\n\n\n<p>Tutto si \u00e8 concluso con un&nbsp;pranzo di festa, segno della gioia condivisa e della gratitudine per ci\u00f2 che il Signore sta compiendo in mezzo a noi.<\/p>\n\n\n\n<figure class=\"wp-block-image size-large\"><img loading=\"lazy\" decoding=\"async\" width=\"1024\" height=\"768\" src=\"https:\/\/filles-de-la-charite.org\/wp-content\/uploads\/2025\/11\/4-1024x768.jpg\" alt=\"\" class=\"wp-image-47592\" srcset=\"https:\/\/filles-de-la-charite.org\/wp-content\/uploads\/2025\/11\/4-1024x768.jpg 1024w, https:\/\/filles-de-la-charite.org\/wp-content\/uploads\/2025\/11\/4-980x735.jpg 980w, https:\/\/filles-de-la-charite.org\/wp-content\/uploads\/2025\/11\/4-480x360.jpg 480w\" sizes=\"(min-width: 0px) and (max-width: 480px) 480px, (min-width: 481px) and (max-width: 980px) 980px, (min-width: 981px) 1024px, 100vw\" \/><\/figure>\n\n\n\n<p>Con fiducia affidiamo al Signore questo\u00a0nuovo cammino interprovinciale, perch\u00e9 porti frutti di comunione, speranza e rinnovata fecondit\u00e0 vocazionale per tutta la Compagnia.<\/p>\n","protected":false},"excerpt":{"rendered":"<p>La Solennit\u00e0 di Tutti i Santi, festa di coloro che hanno vissuto l\u2019amore di Cristo in pienezza, \u00e8 stata per noi una giornata particolarmente ricca di grazia e di speranza. Con l\u2019ammissione di&nbsp;sr Piergrazia Licandro&nbsp;alla Compagnia delle Figlie della Carit\u00e0, anche la&nbsp;Provincia San Vincenzo \u2013 Italia&nbsp;\u00e8 entrata a far parte del&nbsp;Seminario Interprovinciale&nbsp;con le Province della&nbsp;Spagna: [&hellip;]<\/p>\n","protected":false},"author":5,"featured_media":47609,"comment_status":"closed","ping_status":"closed","sticky":false,"template":"","format":"standard","meta":{"_acf_changed":false,"_et_pb_use_builder":"","_et_pb_old_content":"","_et_gb_content_width":"","footnotes":"","_links_to":"","_links_to_target":""},"categories":[609,766],"tags":[],"class_list":["post-47598","post","type-post","status-publish","format-standard","has-post-thumbnail","hentry","category-italia-it","category-espana-it"],"acf":[],"yoast_head":"<!-- This site is optimized with the Yoast SEO plugin v27.5 - https:\/\/yoast.com\/product\/yoast-seo-wordpress\/ -->\n<title>Un nuovo cammino di comunione: l\u2019ammissione di sr Piergrazia Licandro alla Compagnia delle Figlie della Carit\u00e0 - Filles de la Charit\u00e9<\/title>\n<meta name=\"robots\" content=\"index, follow, max-snippet:-1, max-image-preview:large, max-video-preview:-1\" \/>\n<link rel=\"canonical\" href=\"https:\/\/filles-de-la-charite.org\/it\/un-nuevo-camino-de-comunion-la-admision-de-sor-piergrazia-licandro-en-la-compania-de-las-hijas-de-la-caridad\/\" \/>\n<meta property=\"og:locale\" content=\"it_IT\" \/>\n<meta property=\"og:type\" content=\"article\" \/>\n<meta property=\"og:title\" content=\"Un nuovo cammino di comunione: l\u2019ammissione di sr Piergrazia Licandro alla Compagnia delle Figlie della Carit\u00e0 - Filles de la Charit\u00e9\" \/>\n<meta property=\"og:description\" content=\"La Solennit\u00e0 di Tutti i Santi, festa di coloro che hanno vissuto l\u2019amore di Cristo in pienezza, \u00e8 stata per noi una giornata particolarmente ricca di grazia e di speranza. Con l\u2019ammissione di&nbsp;sr Piergrazia Licandro&nbsp;alla Compagnia delle Figlie della Carit\u00e0, anche la&nbsp;Provincia San Vincenzo \u2013 Italia&nbsp;\u00e8 entrata a far parte del&nbsp;Seminario Interprovinciale&nbsp;con le Province della&nbsp;Spagna: [&hellip;]\" \/>\n<meta property=\"og:url\" content=\"https:\/\/filles-de-la-charite.org\/it\/un-nuevo-camino-de-comunion-la-admision-de-sor-piergrazia-licandro-en-la-compania-de-las-hijas-de-la-caridad\/\" \/>\n<meta property=\"og:site_name\" content=\"Filles de la Charit\u00e9\" \/>\n<meta property=\"article:published_time\" content=\"2025-11-08T23:12:56+00:00\" \/>\n<meta property=\"og:image\" content=\"https:\/\/filles-de-la-charite.org\/wp-content\/uploads\/2025\/11\/1-copia.jpg\" \/>\n\t<meta property=\"og:image:width\" content=\"1600\" \/>\n\t<meta property=\"og:image:height\" content=\"900\" \/>\n\t<meta property=\"og:image:type\" content=\"image\/jpeg\" \/>\n<meta name=\"author\" content=\"SOR MARTA\" \/>\n<meta name=\"twitter:card\" content=\"summary_large_image\" \/>\n<meta name=\"twitter:label1\" content=\"Scritto da\" \/>\n\t<meta name=\"twitter:data1\" content=\"SOR MARTA\" \/>\n\t<meta name=\"twitter:label2\" content=\"Tempo di lettura stimato\" \/>\n\t<meta name=\"twitter:data2\" content=\"4 minuti\" \/>\n<script type=\"application\/ld+json\" class=\"yoast-schema-graph\">{\"@context\":\"https:\\\/\\\/schema.org\",\"@graph\":[{\"@type\":\"Article\",\"@id\":\"https:\\\/\\\/filles-de-la-charite.org\\\/it\\\/un-nuevo-camino-de-comunion-la-admision-de-sor-piergrazia-licandro-en-la-compania-de-las-hijas-de-la-caridad\\\/#article\",\"isPartOf\":{\"@id\":\"https:\\\/\\\/filles-de-la-charite.org\\\/it\\\/un-nuevo-camino-de-comunion-la-admision-de-sor-piergrazia-licandro-en-la-compania-de-las-hijas-de-la-caridad\\\/\"},\"author\":{\"name\":\"SOR MARTA\",\"@id\":\"https:\\\/\\\/filles-de-la-charite.org\\\/it\\\/#\\\/schema\\\/person\\\/0c922b6ca71280639858d297b3a7209f\"},\"headline\":\"Un nuovo cammino di comunione: l\u2019ammissione di sr Piergrazia Licandro alla Compagnia delle Figlie della Carit\u00e0\",\"datePublished\":\"2025-11-08T23:12:56+00:00\",\"mainEntityOfPage\":{\"@id\":\"https:\\\/\\\/filles-de-la-charite.org\\\/it\\\/un-nuevo-camino-de-comunion-la-admision-de-sor-piergrazia-licandro-en-la-compania-de-las-hijas-de-la-caridad\\\/\"},\"wordCount\":587,\"publisher\":{\"@id\":\"https:\\\/\\\/filles-de-la-charite.org\\\/it\\\/#organization\"},\"image\":{\"@id\":\"https:\\\/\\\/filles-de-la-charite.org\\\/it\\\/un-nuevo-camino-de-comunion-la-admision-de-sor-piergrazia-licandro-en-la-compania-de-las-hijas-de-la-caridad\\\/#primaryimage\"},\"thumbnailUrl\":\"https:\\\/\\\/filles-de-la-charite.org\\\/wp-content\\\/uploads\\\/2025\\\/11\\\/1-copia.jpg\",\"articleSection\":[\"Italia\",\"Spagna\"],\"inLanguage\":\"it-IT\"},{\"@type\":\"WebPage\",\"@id\":\"https:\\\/\\\/filles-de-la-charite.org\\\/it\\\/un-nuevo-camino-de-comunion-la-admision-de-sor-piergrazia-licandro-en-la-compania-de-las-hijas-de-la-caridad\\\/\",\"url\":\"https:\\\/\\\/filles-de-la-charite.org\\\/it\\\/un-nuevo-camino-de-comunion-la-admision-de-sor-piergrazia-licandro-en-la-compania-de-las-hijas-de-la-caridad\\\/\",\"name\":\"Un nuovo cammino di comunione: l\u2019ammissione di sr Piergrazia Licandro alla Compagnia delle Figlie della Carit\u00e0 - Filles de la Charit\u00e9\",\"isPartOf\":{\"@id\":\"https:\\\/\\\/filles-de-la-charite.org\\\/it\\\/#website\"},\"primaryImageOfPage\":{\"@id\":\"https:\\\/\\\/filles-de-la-charite.org\\\/it\\\/un-nuevo-camino-de-comunion-la-admision-de-sor-piergrazia-licandro-en-la-compania-de-las-hijas-de-la-caridad\\\/#primaryimage\"},\"image\":{\"@id\":\"https:\\\/\\\/filles-de-la-charite.org\\\/it\\\/un-nuevo-camino-de-comunion-la-admision-de-sor-piergrazia-licandro-en-la-compania-de-las-hijas-de-la-caridad\\\/#primaryimage\"},\"thumbnailUrl\":\"https:\\\/\\\/filles-de-la-charite.org\\\/wp-content\\\/uploads\\\/2025\\\/11\\\/1-copia.jpg\",\"datePublished\":\"2025-11-08T23:12:56+00:00\",\"breadcrumb\":{\"@id\":\"https:\\\/\\\/filles-de-la-charite.org\\\/it\\\/un-nuevo-camino-de-comunion-la-admision-de-sor-piergrazia-licandro-en-la-compania-de-las-hijas-de-la-caridad\\\/#breadcrumb\"},\"inLanguage\":\"it-IT\",\"potentialAction\":[{\"@type\":\"ReadAction\",\"target\":[\"https:\\\/\\\/filles-de-la-charite.org\\\/it\\\/un-nuevo-camino-de-comunion-la-admision-de-sor-piergrazia-licandro-en-la-compania-de-las-hijas-de-la-caridad\\\/\"]}]},{\"@type\":\"ImageObject\",\"inLanguage\":\"it-IT\",\"@id\":\"https:\\\/\\\/filles-de-la-charite.org\\\/it\\\/un-nuevo-camino-de-comunion-la-admision-de-sor-piergrazia-licandro-en-la-compania-de-las-hijas-de-la-caridad\\\/#primaryimage\",\"url\":\"https:\\\/\\\/filles-de-la-charite.org\\\/wp-content\\\/uploads\\\/2025\\\/11\\\/1-copia.jpg\",\"contentUrl\":\"https:\\\/\\\/filles-de-la-charite.org\\\/wp-content\\\/uploads\\\/2025\\\/11\\\/1-copia.jpg\",\"width\":1600,\"height\":900},{\"@type\":\"BreadcrumbList\",\"@id\":\"https:\\\/\\\/filles-de-la-charite.org\\\/it\\\/un-nuevo-camino-de-comunion-la-admision-de-sor-piergrazia-licandro-en-la-compania-de-las-hijas-de-la-caridad\\\/#breadcrumb\",\"itemListElement\":[{\"@type\":\"ListItem\",\"position\":1,\"name\":\"Italia\",\"item\":\"https:\\\/\\\/filles-de-la-charite.org\\\/it\\\/category\\\/italia-it\\\/\"},{\"@type\":\"ListItem\",\"position\":2,\"name\":\"Un nuovo cammino di comunione: l\u2019ammissione di sr Piergrazia Licandro alla Compagnia delle Figlie della Carit\u00e0\"}]},{\"@type\":\"WebSite\",\"@id\":\"https:\\\/\\\/filles-de-la-charite.org\\\/it\\\/#website\",\"url\":\"https:\\\/\\\/filles-de-la-charite.org\\\/it\\\/\",\"name\":\"Hijas de la Caridad\",\"description\":\"L\u2019amour de J\u00e9sus nous presse \u00e0 prendre soin des personnes les plus d\u00e9munies\",\"publisher\":{\"@id\":\"https:\\\/\\\/filles-de-la-charite.org\\\/it\\\/#organization\"},\"potentialAction\":[{\"@type\":\"SearchAction\",\"target\":{\"@type\":\"EntryPoint\",\"urlTemplate\":\"https:\\\/\\\/filles-de-la-charite.org\\\/it\\\/?s={search_term_string}\"},\"query-input\":{\"@type\":\"PropertyValueSpecification\",\"valueRequired\":true,\"valueName\":\"search_term_string\"}}],\"inLanguage\":\"it-IT\"},{\"@type\":\"Organization\",\"@id\":\"https:\\\/\\\/filles-de-la-charite.org\\\/it\\\/#organization\",\"name\":\"Hijas de la Caridad\",\"url\":\"https:\\\/\\\/filles-de-la-charite.org\\\/it\\\/\",\"logo\":{\"@type\":\"ImageObject\",\"inLanguage\":\"it-IT\",\"@id\":\"https:\\\/\\\/filles-de-la-charite.org\\\/it\\\/#\\\/schema\\\/logo\\\/image\\\/\",\"url\":\"https:\\\/\\\/filles-de-la-charite.org\\\/wp-content\\\/uploads\\\/2023\\\/03\\\/isotipo-Hijas-de-la-Caridad.png\",\"contentUrl\":\"https:\\\/\\\/filles-de-la-charite.org\\\/wp-content\\\/uploads\\\/2023\\\/03\\\/isotipo-Hijas-de-la-Caridad.png\",\"width\":1417,\"height\":1417,\"caption\":\"Hijas de la Caridad\"},\"image\":{\"@id\":\"https:\\\/\\\/filles-de-la-charite.org\\\/it\\\/#\\\/schema\\\/logo\\\/image\\\/\"}},{\"@type\":\"Person\",\"@id\":\"https:\\\/\\\/filles-de-la-charite.org\\\/it\\\/#\\\/schema\\\/person\\\/0c922b6ca71280639858d297b3a7209f\",\"name\":\"SOR MARTA\",\"image\":{\"@type\":\"ImageObject\",\"inLanguage\":\"it-IT\",\"@id\":\"https:\\\/\\\/secure.gravatar.com\\\/avatar\\\/d2c45b0fd6bf2d3e2670ab3d112257c24ac80fa960360bba1bdc0676485d1d09?s=96&d=mm&r=g\",\"url\":\"https:\\\/\\\/secure.gravatar.com\\\/avatar\\\/d2c45b0fd6bf2d3e2670ab3d112257c24ac80fa960360bba1bdc0676485d1d09?s=96&d=mm&r=g\",\"contentUrl\":\"https:\\\/\\\/secure.gravatar.com\\\/avatar\\\/d2c45b0fd6bf2d3e2670ab3d112257c24ac80fa960360bba1bdc0676485d1d09?s=96&d=mm&r=g\",\"caption\":\"SOR MARTA\"},\"url\":\"https:\\\/\\\/filles-de-la-charite.org\\\/it\\\/author\\\/martaemn\\\/\"}]}<\/script>\n<!-- \/ Yoast SEO plugin. -->","yoast_head_json":{"title":"Un nuovo cammino di comunione: l\u2019ammissione di sr Piergrazia Licandro alla Compagnia delle Figlie della Carit\u00e0 - Filles de la Charit\u00e9","robots":{"index":"index","follow":"follow","max-snippet":"max-snippet:-1","max-image-preview":"max-image-preview:large","max-video-preview":"max-video-preview:-1"},"canonical":"https:\/\/filles-de-la-charite.org\/it\/un-nuevo-camino-de-comunion-la-admision-de-sor-piergrazia-licandro-en-la-compania-de-las-hijas-de-la-caridad\/","og_locale":"it_IT","og_type":"article","og_title":"Un nuovo cammino di comunione: l\u2019ammissione di sr Piergrazia Licandro alla Compagnia delle Figlie della Carit\u00e0 - Filles de la Charit\u00e9","og_description":"La Solennit\u00e0 di Tutti i Santi, festa di coloro che hanno vissuto l\u2019amore di Cristo in pienezza, \u00e8 stata per noi una giornata particolarmente ricca di grazia e di speranza. Con l\u2019ammissione di&nbsp;sr Piergrazia Licandro&nbsp;alla Compagnia delle Figlie della Carit\u00e0, anche la&nbsp;Provincia San Vincenzo \u2013 Italia&nbsp;\u00e8 entrata a far parte del&nbsp;Seminario Interprovinciale&nbsp;con le Province della&nbsp;Spagna: [&hellip;]","og_url":"https:\/\/filles-de-la-charite.org\/it\/un-nuevo-camino-de-comunion-la-admision-de-sor-piergrazia-licandro-en-la-compania-de-las-hijas-de-la-caridad\/","og_site_name":"Filles de la Charit\u00e9","article_published_time":"2025-11-08T23:12:56+00:00","og_image":[{"width":1600,"height":900,"url":"https:\/\/filles-de-la-charite.org\/wp-content\/uploads\/2025\/11\/1-copia.jpg","type":"image\/jpeg"}],"author":"SOR MARTA","twitter_card":"summary_large_image","twitter_misc":{"Scritto da":"SOR MARTA","Tempo di lettura stimato":"4 minuti"},"schema":{"@context":"https:\/\/schema.org","@graph":[{"@type":"Article","@id":"https:\/\/filles-de-la-charite.org\/it\/un-nuevo-camino-de-comunion-la-admision-de-sor-piergrazia-licandro-en-la-compania-de-las-hijas-de-la-caridad\/#article","isPartOf":{"@id":"https:\/\/filles-de-la-charite.org\/it\/un-nuevo-camino-de-comunion-la-admision-de-sor-piergrazia-licandro-en-la-compania-de-las-hijas-de-la-caridad\/"},"author":{"name":"SOR MARTA","@id":"https:\/\/filles-de-la-charite.org\/it\/#\/schema\/person\/0c922b6ca71280639858d297b3a7209f"},"headline":"Un nuovo cammino di comunione: l\u2019ammissione di sr Piergrazia Licandro alla Compagnia delle Figlie della Carit\u00e0","datePublished":"2025-11-08T23:12:56+00:00","mainEntityOfPage":{"@id":"https:\/\/filles-de-la-charite.org\/it\/un-nuevo-camino-de-comunion-la-admision-de-sor-piergrazia-licandro-en-la-compania-de-las-hijas-de-la-caridad\/"},"wordCount":587,"publisher":{"@id":"https:\/\/filles-de-la-charite.org\/it\/#organization"},"image":{"@id":"https:\/\/filles-de-la-charite.org\/it\/un-nuevo-camino-de-comunion-la-admision-de-sor-piergrazia-licandro-en-la-compania-de-las-hijas-de-la-caridad\/#primaryimage"},"thumbnailUrl":"https:\/\/filles-de-la-charite.org\/wp-content\/uploads\/2025\/11\/1-copia.jpg","articleSection":["Italia","Spagna"],"inLanguage":"it-IT"},{"@type":"WebPage","@id":"https:\/\/filles-de-la-charite.org\/it\/un-nuevo-camino-de-comunion-la-admision-de-sor-piergrazia-licandro-en-la-compania-de-las-hijas-de-la-caridad\/","url":"https:\/\/filles-de-la-charite.org\/it\/un-nuevo-camino-de-comunion-la-admision-de-sor-piergrazia-licandro-en-la-compania-de-las-hijas-de-la-caridad\/","name":"Un nuovo cammino di comunione: l\u2019ammissione di sr Piergrazia Licandro alla Compagnia delle Figlie della Carit\u00e0 - Filles de la Charit\u00e9","isPartOf":{"@id":"https:\/\/filles-de-la-charite.org\/it\/#website"},"primaryImageOfPage":{"@id":"https:\/\/filles-de-la-charite.org\/it\/un-nuevo-camino-de-comunion-la-admision-de-sor-piergrazia-licandro-en-la-compania-de-las-hijas-de-la-caridad\/#primaryimage"},"image":{"@id":"https:\/\/filles-de-la-charite.org\/it\/un-nuevo-camino-de-comunion-la-admision-de-sor-piergrazia-licandro-en-la-compania-de-las-hijas-de-la-caridad\/#primaryimage"},"thumbnailUrl":"https:\/\/filles-de-la-charite.org\/wp-content\/uploads\/2025\/11\/1-copia.jpg","datePublished":"2025-11-08T23:12:56+00:00","breadcrumb":{"@id":"https:\/\/filles-de-la-charite.org\/it\/un-nuevo-camino-de-comunion-la-admision-de-sor-piergrazia-licandro-en-la-compania-de-las-hijas-de-la-caridad\/#breadcrumb"},"inLanguage":"it-IT","potentialAction":[{"@type":"ReadAction","target":["https:\/\/filles-de-la-charite.org\/it\/un-nuevo-camino-de-comunion-la-admision-de-sor-piergrazia-licandro-en-la-compania-de-las-hijas-de-la-caridad\/"]}]},{"@type":"ImageObject","inLanguage":"it-IT","@id":"https:\/\/filles-de-la-charite.org\/it\/un-nuevo-camino-de-comunion-la-admision-de-sor-piergrazia-licandro-en-la-compania-de-las-hijas-de-la-caridad\/#primaryimage","url":"https:\/\/filles-de-la-charite.org\/wp-content\/uploads\/2025\/11\/1-copia.jpg","contentUrl":"https:\/\/filles-de-la-charite.org\/wp-content\/uploads\/2025\/11\/1-copia.jpg","width":1600,"height":900},{"@type":"BreadcrumbList","@id":"https:\/\/filles-de-la-charite.org\/it\/un-nuevo-camino-de-comunion-la-admision-de-sor-piergrazia-licandro-en-la-compania-de-las-hijas-de-la-caridad\/#breadcrumb","itemListElement":[{"@type":"ListItem","position":1,"name":"Italia","item":"https:\/\/filles-de-la-charite.org\/it\/category\/italia-it\/"},{"@type":"ListItem","position":2,"name":"Un nuovo cammino di comunione: l\u2019ammissione di sr Piergrazia Licandro alla Compagnia delle Figlie della Carit\u00e0"}]},{"@type":"WebSite","@id":"https:\/\/filles-de-la-charite.org\/it\/#website","url":"https:\/\/filles-de-la-charite.org\/it\/","name":"Hijas de la Caridad","description":"L\u2019amour de J\u00e9sus nous presse \u00e0 prendre soin des personnes les plus d\u00e9munies","publisher":{"@id":"https:\/\/filles-de-la-charite.org\/it\/#organization"},"potentialAction":[{"@type":"SearchAction","target":{"@type":"EntryPoint","urlTemplate":"https:\/\/filles-de-la-charite.org\/it\/?s={search_term_string}"},"query-input":{"@type":"PropertyValueSpecification","valueRequired":true,"valueName":"search_term_string"}}],"inLanguage":"it-IT"},{"@type":"Organization","@id":"https:\/\/filles-de-la-charite.org\/it\/#organization","name":"Hijas de la Caridad","url":"https:\/\/filles-de-la-charite.org\/it\/","logo":{"@type":"ImageObject","inLanguage":"it-IT","@id":"https:\/\/filles-de-la-charite.org\/it\/#\/schema\/logo\/image\/","url":"https:\/\/filles-de-la-charite.org\/wp-content\/uploads\/2023\/03\/isotipo-Hijas-de-la-Caridad.png","contentUrl":"https:\/\/filles-de-la-charite.org\/wp-content\/uploads\/2023\/03\/isotipo-Hijas-de-la-Caridad.png","width":1417,"height":1417,"caption":"Hijas de la Caridad"},"image":{"@id":"https:\/\/filles-de-la-charite.org\/it\/#\/schema\/logo\/image\/"}},{"@type":"Person","@id":"https:\/\/filles-de-la-charite.org\/it\/#\/schema\/person\/0c922b6ca71280639858d297b3a7209f","name":"SOR MARTA","image":{"@type":"ImageObject","inLanguage":"it-IT","@id":"https:\/\/secure.gravatar.com\/avatar\/d2c45b0fd6bf2d3e2670ab3d112257c24ac80fa960360bba1bdc0676485d1d09?s=96&d=mm&r=g","url":"https:\/\/secure.gravatar.com\/avatar\/d2c45b0fd6bf2d3e2670ab3d112257c24ac80fa960360bba1bdc0676485d1d09?s=96&d=mm&r=g","contentUrl":"https:\/\/secure.gravatar.com\/avatar\/d2c45b0fd6bf2d3e2670ab3d112257c24ac80fa960360bba1bdc0676485d1d09?s=96&d=mm&r=g","caption":"SOR MARTA"},"url":"https:\/\/filles-de-la-charite.org\/it\/author\/martaemn\/"}]}},"_links":{"self":[{"href":"https:\/\/filles-de-la-charite.org\/it\/wp-json\/wp\/v2\/posts\/47598","targetHints":{"allow":["GET"]}}],"collection":[{"href":"https:\/\/filles-de-la-charite.org\/it\/wp-json\/wp\/v2\/posts"}],"about":[{"href":"https:\/\/filles-de-la-charite.org\/it\/wp-json\/wp\/v2\/types\/post"}],"author":[{"embeddable":true,"href":"https:\/\/filles-de-la-charite.org\/it\/wp-json\/wp\/v2\/users\/5"}],"replies":[{"embeddable":true,"href":"https:\/\/filles-de-la-charite.org\/it\/wp-json\/wp\/v2\/comments?post=47598"}],"version-history":[{"count":2,"href":"https:\/\/filles-de-la-charite.org\/it\/wp-json\/wp\/v2\/posts\/47598\/revisions"}],"predecessor-version":[{"id":47637,"href":"https:\/\/filles-de-la-charite.org\/it\/wp-json\/wp\/v2\/posts\/47598\/revisions\/47637"}],"wp:featuredmedia":[{"embeddable":true,"href":"https:\/\/filles-de-la-charite.org\/it\/wp-json\/wp\/v2\/media\/47609"}],"wp:attachment":[{"href":"https:\/\/filles-de-la-charite.org\/it\/wp-json\/wp\/v2\/media?parent=47598"}],"wp:term":[{"taxonomy":"category","embeddable":true,"href":"https:\/\/filles-de-la-charite.org\/it\/wp-json\/wp\/v2\/categories?post=47598"},{"taxonomy":"post_tag","embeddable":true,"href":"https:\/\/filles-de-la-charite.org\/it\/wp-json\/wp\/v2\/tags?post=47598"}],"curies":[{"name":"wp","href":"https:\/\/api.w.org\/{rel}","templated":true}]}}