{"id":47719,"date":"2025-11-13T12:24:37","date_gmt":"2025-11-13T11:24:37","guid":{"rendered":"https:\/\/filles-de-la-charite.org\/?p=47719"},"modified":"2025-11-29T22:52:59","modified_gmt":"2025-11-29T21:52:59","slug":"amazonia-tierra-de-esperanza-y-encuentro-vicenciano","status":"publish","type":"post","link":"https:\/\/filles-de-la-charite.org\/it\/amazonia-tierra-de-esperanza-y-encuentro-vicenciano\/","title":{"rendered":"Amazzonia: Terra di Speranza e Incontro Vincenziano"},"content":{"rendered":"\n<p><strong><strong>La visita della Superiora generale e del Direttore generale delle Figlie della Carit\u00e0 durante il C\u00edrio de Nazar\u00e9 2025<em> (C\u00edrio de Nazar\u00e9 \u2013 una delle pi\u00f9 grandi processioni mariane del mondo<\/em>)<\/strong><\/strong><\/p>\n\n\n\n<figure class=\"wp-block-image size-large\"><img loading=\"lazy\" decoding=\"async\" width=\"1024\" height=\"576\" src=\"https:\/\/filles-de-la-charite.org\/wp-content\/uploads\/2025\/11\/WhatsApp-Image-2025-11-10-at-01.26.27-3-1024x576.jpeg\" alt=\"\" class=\"wp-image-47703\" srcset=\"https:\/\/filles-de-la-charite.org\/wp-content\/uploads\/2025\/11\/WhatsApp-Image-2025-11-10-at-01.26.27-3-980x551.jpeg 980w, https:\/\/filles-de-la-charite.org\/wp-content\/uploads\/2025\/11\/WhatsApp-Image-2025-11-10-at-01.26.27-3-480x270.jpeg 480w\" sizes=\"(min-width: 0px) and (max-width: 480px) 480px, (min-width: 481px) and (max-width: 980px) 980px, (min-width: 981px) 1024px, 100vw\" \/><\/figure>\n\n\n\n<p>Nel mese di ottobre 2025, Bel\u00e9m do Par\u00e1, porta d&#8217;accesso all&#8217;Amazzonia brasiliana, \u00e8 stata teatro di un incontro profondamente simbolico tra il carisma vincenziano e la spiritualit\u00e0 popolare. Durante le celebrazioni del C\u00edrio de Nazar\u00e9 (una delle pi\u00f9 grandi processioni mariane al mondo), la Superiora generale delle Figlie della Carit\u00e0 di san Vincenzo de&#8217; Paoli, Suor Fran\u00e7oise Petit, e il Direttore generale, Padre Jos\u00e9 Antonio Gonz\u00e1lez Prieto, CM, hanno visitato la Provincia dell\u2019Amazzonia, portando un messaggio di pace, di ascolto attento e di speranza.<\/p>\n\n\n\n<h2 class=\"wp-block-heading\"><strong>Una presenza che consola e ispira<\/strong><\/h2>\n\n\n\n<p>Dal 9 al 14 ottobre, Suor Fran\u00e7oise si \u00e8 immersa nell&#8217;anima dell&#8217;Amazzonia. Ha visitato le comunit\u00e0 fluviali, ha appreso di progetti sociali come &#8220;A\u00e7\u00e3o Partilha&#8221; (Azione di Condivisione) e &#8220;Do Lixo ao Luxo&#8221; (Dalla spazzatura al lusso), e ha partecipato ai pellegrinaggi del C\u00edrio con il popolo del Par\u00e1. La sua presenza discreta e fraterna ha rivelato il cuore del carisma vincenziano: essere presenti, ascoltare, servire con tenerezza e amare i poveri.<\/p>\n\n\n\n<p>Durante il Pellegrinaggio Fluviale, barche adornate di fiori e canti hanno trasformato il fiume in un santuario in movimento. L&#8217;immagine della Madonna di Nazar\u00e9 ha attraversato le acque della baia di Guajar\u00e1, accompagnata da migliaia di fedeli. Era come se Maria camminasse sulle acque dell&#8217;Amazzonia, benedicendo il suo popolo con la speranza.<\/p>\n\n\n\n<figure class=\"wp-block-image size-large\"><img loading=\"lazy\" decoding=\"async\" width=\"1024\" height=\"768\" src=\"https:\/\/filles-de-la-charite.org\/wp-content\/uploads\/2025\/11\/WhatsApp-Image-2025-11-10-at-01.26.27-2-1024x768.jpeg\" alt=\"\" class=\"wp-image-47702\" srcset=\"https:\/\/filles-de-la-charite.org\/wp-content\/uploads\/2025\/11\/WhatsApp-Image-2025-11-10-at-01.26.27-2-1024x768.jpeg 1024w, https:\/\/filles-de-la-charite.org\/wp-content\/uploads\/2025\/11\/WhatsApp-Image-2025-11-10-at-01.26.27-2-980x735.jpeg 980w, https:\/\/filles-de-la-charite.org\/wp-content\/uploads\/2025\/11\/WhatsApp-Image-2025-11-10-at-01.26.27-2-480x360.jpeg 480w\" sizes=\"(min-width: 0px) and (max-width: 480px) 480px, (min-width: 481px) and (max-width: 980px) 980px, (min-width: 981px) 1024px, 100vw\" \/><\/figure>\n\n\n\n<h2 class=\"wp-block-heading\"><strong>Una spiritualit\u00e0 che nasce dalla terra<\/strong><\/h2>\n\n\n\n<p>Durante il suo soggiorno, Suor Fran\u00e7oise \u00e8 rimasta incantata dalla cultura locale. Ha assaggiato piatti tradizionali come il pato no tucupi (anatra in salsa tucupi), l&#8217;a\u00e7a\u00ed e pesce di fiume fresco, ha ballato al ritmo del carimb\u00f3 (una danza tradizionale amazzonica) e ha imparato il canto popolare \u00ab<em>Naza, Nazarezinha, Nazar\u00e9 Rainha<\/em>&#8230;\u00bb, cantato con entusiasmo dalla gente. Ogni gesto esprimeva comunione e rispetto per l&#8217;identit\u00e0 amazzonica.<\/p>\n\n\n\n<p>La fede in Amazzonia profuma di terra bagnata e si manifesta nelle strade, nei mercati, nelle case e sulle rive dei fiumi. \u00c8 una spiritualit\u00e0 incarnata, fatta di gesti semplici e accoglienti, che riflette il modo in cui le Figlie della Carit\u00e0 vivono la loro vocazione nella regione da oltre 90 anni.<\/p>\n\n\n\n<figure class=\"wp-block-image size-large\"><img loading=\"lazy\" decoding=\"async\" width=\"768\" height=\"1024\" src=\"https:\/\/filles-de-la-charite.org\/wp-content\/uploads\/2025\/11\/WhatsApp-Image-2025-11-10-at-01.26.27-768x1024.jpeg\" alt=\"\" class=\"wp-image-47704\"\/><\/figure>\n\n\n\n<h2 class=\"wp-block-heading\"><strong>Un appello all&#8217;ecologia integrale e alla fraternit\u00e0<\/strong><\/h2>\n\n\n\n<p>Ispirata dalla Laudato S\u00ec di Papa Francesco, la visita ha rafforzato il legame tra la cura dei poveri e la cura della nostra Casa Comune. Il tema del C\u00edrio 2025, \u00abMaria, Madre e Regina di tutto il creato\u00bb, ha fatto eco alla chiamata per la collettivit\u00e0, alla responsabilit\u00e0 per il futuro della Terra.<\/p>\n\n\n\n<p>Con un gesto profondamente commovente, Suor Fran\u00e7oise ha consacrato tutta la Compagnia alla \u201cSignora della Berlinda\u201d (Senhora da Berlinda &#8211; titolo dato alla Madonna di Nazar\u00e9 durante la processione), ripetendo l&#8217;atto di consacrazione di santa Luisa di Marillac a Chartres. La sua visita, durante l&#8217;Anno Santo del Giubileo della Speranza, \u00e8 stata una testimonianza vivente di fede resiliente, di speranza concreta e di carit\u00e0 che non si stanca mai di servire.<\/p>\n\n\n\n<figure class=\"wp-block-image size-large\"><img loading=\"lazy\" decoding=\"async\" width=\"768\" height=\"1024\" src=\"https:\/\/filles-de-la-charite.org\/wp-content\/uploads\/2025\/11\/WhatsApp-Image-2025-11-10-at-01.26.27-1-768x1024.jpeg\" alt=\"\" class=\"wp-image-47701\"\/><\/figure>\n\n\n\n<h2 class=\"wp-block-heading\"><strong>Una visita che continua nella comunione<\/strong><\/h2>\n\n\n\n<p>Il 20 e 21 ottobre, mentre Bel\u00e9m palpitava ancora della fede del C\u00edrio, la citt\u00e0 ha ricevuto un&#8217;altra visita dal profondo significato spirituale: il Direttore generale della Compagnia, Padre Jos\u00e9 Antonio Gonz\u00e1lez Prieto, CM, che ha partecipato alla Quinzena Nazarena (Quindicina Nazarena &#8211; un periodo di intensa devozione religiosa e di condivisione fraterna).<\/p>\n\n\n\n<p>Padre Jos\u00e9 Antonio ha incontrato le Suore che prestano servizio con silenziosa dedizione lungo i fiumi e nelle periferie. Incantato dalla biodiversit\u00e0 e dalla bellezza naturale dell&#8217;Amazzonia, ha riconosciuto in essa un Vangelo vivente: ogni albero, ogni fiume, ogni volto umano rivela la presenza creatrice e amorevole di Dio.<\/p>\n\n\n\n<p>Ispirato dal tema dell&#8217;Assemblea della Compagnia, \u00abArtigiani di pace e di speranza\u00bb, ha sottolineato il ruolo delle Suore come testimoni di riconciliazione in un mondo ferito dalla divisione. Le sue parole hanno toccato profondamente le comunit\u00e0, sostenendo le vocazioni e incoraggiando una vita fraterna gioiosa e grata.<\/p>\n\n\n\n<figure class=\"wp-block-image size-large\"><img loading=\"lazy\" decoding=\"async\" width=\"1024\" height=\"768\" src=\"https:\/\/filles-de-la-charite.org\/wp-content\/uploads\/2025\/11\/WhatsApp-Image-2025-11-10-at-01.26.26-1024x768.jpeg\" alt=\"\" class=\"wp-image-47700\" srcset=\"https:\/\/filles-de-la-charite.org\/wp-content\/uploads\/2025\/11\/WhatsApp-Image-2025-11-10-at-01.26.26-980x735.jpeg 980w, https:\/\/filles-de-la-charite.org\/wp-content\/uploads\/2025\/11\/WhatsApp-Image-2025-11-10-at-01.26.26-480x360.jpeg 480w\" sizes=\"(min-width: 0px) and (max-width: 480px) 480px, (min-width: 481px) and (max-width: 980px) 980px, (min-width: 981px) 1024px, 100vw\" \/><\/figure>\n\n\n\n<h2 class=\"wp-block-heading\"><strong>Una testimonianza per il mondo<\/strong><\/h2>\n\n\n\n<p>La visita della Superiora generale e del Direttore generale a Bel\u00e9m do Par\u00e1 sar\u00e0 ricordata come un gesto profetico di comunione universale. In tempi di crisi ambientale, disuguaglianza e conflitti, l&#8217;Amazzonia si erge come segno che la speranza \u00e8 possibile. La fede che sorride anche quando \u00e8 stanca, la carit\u00e0 che non si stanca mai di servire e la spiritualit\u00e0 che canta tra fiumi e mercati rivelano che Dio cammina con noi.<\/p>\n\n\n\n<p>Il C\u00edrio continui ad essere una luce per il mondo, un promemoria che la pace inizia quando impariamo ad avvicinarci gli uni agli altri con amore. Tra il profumo dell&#8217;incenso e l&#8217;aroma dei tucupi, tra i canti delle processioni e il mormorio dei fiumi, rimane una certezza: pace e speranza sono ancora possibili quando sono amorevolmente intrecciate con fede, amore e vicinanza.<\/p>\n\n\n\n<figure class=\"wp-block-image size-large\"><img loading=\"lazy\" decoding=\"async\" width=\"576\" height=\"1024\" src=\"https:\/\/filles-de-la-charite.org\/wp-content\/uploads\/2025\/11\/WhatsApp-Image-2025-11-10-at-01.26.26-1-576x1024.jpeg\" alt=\"\" class=\"wp-image-47699\" srcset=\"https:\/\/filles-de-la-charite.org\/wp-content\/uploads\/2025\/11\/WhatsApp-Image-2025-11-10-at-01.26.26-1-576x1024.jpeg 576w, https:\/\/filles-de-la-charite.org\/wp-content\/uploads\/2025\/11\/WhatsApp-Image-2025-11-10-at-01.26.26-1-480x853.jpeg 480w\" sizes=\"(min-width: 0px) and (max-width: 480px) 480px, (min-width: 481px) 576px, 100vw\" \/><\/figure>\n\n\n\n<p>Grazie, Signore, per queste visite cos\u00ec piene di fraternit\u00e0 e di speranza, che rivelano le Tue dolci carezze divine su di noi, che apparteniamo a questa terra sacra dell\u2019Amazzonia.<\/p>\n\n\n\n<p>Dio sia lodato!<\/p>\n\n\n\n<p><em>Sr. Maria Rejiane da Mata Dias, DC<\/em><br><em>Sr. Anagilsa Sampaio Bentes, DCoo<\/em><\/p>\n\n\n\n<p><em><br><\/em><\/p>\n","protected":false},"excerpt":{"rendered":"<p>La visita della Superiora generale e del Direttore generale delle Figlie della Carit\u00e0 durante il C\u00edrio de Nazar\u00e9 2025 (C\u00edrio de Nazar\u00e9 \u2013 una delle pi\u00f9 grandi processioni mariane del mondo) Nel mese di ottobre 2025, Bel\u00e9m do Par\u00e1, porta d&#8217;accesso all&#8217;Amazzonia brasiliana, \u00e8 stata teatro di un incontro profondamente simbolico tra il carisma vincenziano [&hellip;]<\/p>\n","protected":false},"author":5,"featured_media":48066,"comment_status":"closed","ping_status":"closed","sticky":false,"template":"","format":"standard","meta":{"_acf_changed":false,"_et_pb_use_builder":"","_et_pb_old_content":"","_et_gb_content_width":"","footnotes":"","_links_to":"","_links_to_target":""},"categories":[888],"tags":[],"class_list":["post-47719","post","type-post","status-publish","format-standard","has-post-thumbnail","hentry","category-amazzonia"],"acf":[],"yoast_head":"<!-- This site is optimized with the Yoast SEO plugin v27.5 - https:\/\/yoast.com\/product\/yoast-seo-wordpress\/ -->\n<title>Amazzonia: Terra di Speranza e Incontro Vincenziano - Filles de la Charit\u00e9<\/title>\n<meta name=\"robots\" content=\"index, follow, max-snippet:-1, max-image-preview:large, max-video-preview:-1\" \/>\n<link rel=\"canonical\" href=\"https:\/\/filles-de-la-charite.org\/it\/amazonia-tierra-de-esperanza-y-encuentro-vicenciano\/\" \/>\n<meta property=\"og:locale\" content=\"it_IT\" \/>\n<meta property=\"og:type\" content=\"article\" \/>\n<meta property=\"og:title\" content=\"Amazzonia: Terra di Speranza e Incontro Vincenziano - Filles de la Charit\u00e9\" \/>\n<meta property=\"og:description\" content=\"La visita della Superiora generale e del Direttore generale delle Figlie della Carit\u00e0 durante il C\u00edrio de Nazar\u00e9 2025 (C\u00edrio de Nazar\u00e9 \u2013 una delle pi\u00f9 grandi processioni mariane del mondo) Nel mese di ottobre 2025, Bel\u00e9m do Par\u00e1, porta d&#8217;accesso all&#8217;Amazzonia brasiliana, \u00e8 stata teatro di un incontro profondamente simbolico tra il carisma vincenziano [&hellip;]\" \/>\n<meta property=\"og:url\" content=\"https:\/\/filles-de-la-charite.org\/it\/amazonia-tierra-de-esperanza-y-encuentro-vicenciano\/\" \/>\n<meta property=\"og:site_name\" content=\"Filles de la Charit\u00e9\" \/>\n<meta property=\"article:published_time\" content=\"2025-11-13T11:24:37+00:00\" \/>\n<meta property=\"article:modified_time\" content=\"2025-11-29T21:52:59+00:00\" \/>\n<meta property=\"og:image\" content=\"https:\/\/filles-de-la-charite.org\/wp-content\/uploads\/2025\/11\/WhatsApp-Image-2025-11-10-at-01.26.27-3-8.jpeg\" \/>\n\t<meta property=\"og:image:width\" content=\"1600\" \/>\n\t<meta property=\"og:image:height\" content=\"900\" \/>\n\t<meta property=\"og:image:type\" content=\"image\/jpeg\" \/>\n<meta name=\"author\" content=\"SOR MARTA\" \/>\n<meta name=\"twitter:card\" content=\"summary_large_image\" \/>\n<meta name=\"twitter:label1\" content=\"Scritto da\" \/>\n\t<meta name=\"twitter:data1\" content=\"SOR MARTA\" \/>\n\t<meta name=\"twitter:label2\" content=\"Tempo di lettura stimato\" \/>\n\t<meta name=\"twitter:data2\" content=\"6 minuti\" \/>\n<script type=\"application\/ld+json\" class=\"yoast-schema-graph\">{\"@context\":\"https:\\\/\\\/schema.org\",\"@graph\":[{\"@type\":\"Article\",\"@id\":\"https:\\\/\\\/filles-de-la-charite.org\\\/it\\\/amazonia-tierra-de-esperanza-y-encuentro-vicenciano\\\/#article\",\"isPartOf\":{\"@id\":\"https:\\\/\\\/filles-de-la-charite.org\\\/it\\\/amazonia-tierra-de-esperanza-y-encuentro-vicenciano\\\/\"},\"author\":{\"name\":\"SOR MARTA\",\"@id\":\"https:\\\/\\\/filles-de-la-charite.org\\\/it\\\/#\\\/schema\\\/person\\\/0c922b6ca71280639858d297b3a7209f\"},\"headline\":\"Amazzonia: Terra di Speranza e Incontro Vincenziano\",\"datePublished\":\"2025-11-13T11:24:37+00:00\",\"dateModified\":\"2025-11-29T21:52:59+00:00\",\"mainEntityOfPage\":{\"@id\":\"https:\\\/\\\/filles-de-la-charite.org\\\/it\\\/amazonia-tierra-de-esperanza-y-encuentro-vicenciano\\\/\"},\"wordCount\":865,\"publisher\":{\"@id\":\"https:\\\/\\\/filles-de-la-charite.org\\\/it\\\/#organization\"},\"image\":{\"@id\":\"https:\\\/\\\/filles-de-la-charite.org\\\/it\\\/amazonia-tierra-de-esperanza-y-encuentro-vicenciano\\\/#primaryimage\"},\"thumbnailUrl\":\"https:\\\/\\\/filles-de-la-charite.org\\\/wp-content\\\/uploads\\\/2025\\\/11\\\/WhatsApp-Image-2025-11-10-at-01.26.27-3-8.jpeg\",\"articleSection\":[\"Amazzonia\"],\"inLanguage\":\"it-IT\"},{\"@type\":\"WebPage\",\"@id\":\"https:\\\/\\\/filles-de-la-charite.org\\\/it\\\/amazonia-tierra-de-esperanza-y-encuentro-vicenciano\\\/\",\"url\":\"https:\\\/\\\/filles-de-la-charite.org\\\/it\\\/amazonia-tierra-de-esperanza-y-encuentro-vicenciano\\\/\",\"name\":\"Amazzonia: Terra di Speranza e Incontro Vincenziano - Filles de la Charit\u00e9\",\"isPartOf\":{\"@id\":\"https:\\\/\\\/filles-de-la-charite.org\\\/it\\\/#website\"},\"primaryImageOfPage\":{\"@id\":\"https:\\\/\\\/filles-de-la-charite.org\\\/it\\\/amazonia-tierra-de-esperanza-y-encuentro-vicenciano\\\/#primaryimage\"},\"image\":{\"@id\":\"https:\\\/\\\/filles-de-la-charite.org\\\/it\\\/amazonia-tierra-de-esperanza-y-encuentro-vicenciano\\\/#primaryimage\"},\"thumbnailUrl\":\"https:\\\/\\\/filles-de-la-charite.org\\\/wp-content\\\/uploads\\\/2025\\\/11\\\/WhatsApp-Image-2025-11-10-at-01.26.27-3-8.jpeg\",\"datePublished\":\"2025-11-13T11:24:37+00:00\",\"dateModified\":\"2025-11-29T21:52:59+00:00\",\"breadcrumb\":{\"@id\":\"https:\\\/\\\/filles-de-la-charite.org\\\/it\\\/amazonia-tierra-de-esperanza-y-encuentro-vicenciano\\\/#breadcrumb\"},\"inLanguage\":\"it-IT\",\"potentialAction\":[{\"@type\":\"ReadAction\",\"target\":[\"https:\\\/\\\/filles-de-la-charite.org\\\/it\\\/amazonia-tierra-de-esperanza-y-encuentro-vicenciano\\\/\"]}]},{\"@type\":\"ImageObject\",\"inLanguage\":\"it-IT\",\"@id\":\"https:\\\/\\\/filles-de-la-charite.org\\\/it\\\/amazonia-tierra-de-esperanza-y-encuentro-vicenciano\\\/#primaryimage\",\"url\":\"https:\\\/\\\/filles-de-la-charite.org\\\/wp-content\\\/uploads\\\/2025\\\/11\\\/WhatsApp-Image-2025-11-10-at-01.26.27-3-8.jpeg\",\"contentUrl\":\"https:\\\/\\\/filles-de-la-charite.org\\\/wp-content\\\/uploads\\\/2025\\\/11\\\/WhatsApp-Image-2025-11-10-at-01.26.27-3-8.jpeg\",\"width\":1600,\"height\":900},{\"@type\":\"BreadcrumbList\",\"@id\":\"https:\\\/\\\/filles-de-la-charite.org\\\/it\\\/amazonia-tierra-de-esperanza-y-encuentro-vicenciano\\\/#breadcrumb\",\"itemListElement\":[{\"@type\":\"ListItem\",\"position\":1,\"name\":\"Amazzonia\",\"item\":\"https:\\\/\\\/filles-de-la-charite.org\\\/it\\\/category\\\/amazzonia\\\/\"},{\"@type\":\"ListItem\",\"position\":2,\"name\":\"Amazzonia: Terra di Speranza e Incontro Vincenziano\"}]},{\"@type\":\"WebSite\",\"@id\":\"https:\\\/\\\/filles-de-la-charite.org\\\/it\\\/#website\",\"url\":\"https:\\\/\\\/filles-de-la-charite.org\\\/it\\\/\",\"name\":\"Hijas de la Caridad\",\"description\":\"L\u2019amour de J\u00e9sus nous presse \u00e0 prendre soin des personnes les plus d\u00e9munies\",\"publisher\":{\"@id\":\"https:\\\/\\\/filles-de-la-charite.org\\\/it\\\/#organization\"},\"potentialAction\":[{\"@type\":\"SearchAction\",\"target\":{\"@type\":\"EntryPoint\",\"urlTemplate\":\"https:\\\/\\\/filles-de-la-charite.org\\\/it\\\/?s={search_term_string}\"},\"query-input\":{\"@type\":\"PropertyValueSpecification\",\"valueRequired\":true,\"valueName\":\"search_term_string\"}}],\"inLanguage\":\"it-IT\"},{\"@type\":\"Organization\",\"@id\":\"https:\\\/\\\/filles-de-la-charite.org\\\/it\\\/#organization\",\"name\":\"Hijas de la Caridad\",\"url\":\"https:\\\/\\\/filles-de-la-charite.org\\\/it\\\/\",\"logo\":{\"@type\":\"ImageObject\",\"inLanguage\":\"it-IT\",\"@id\":\"https:\\\/\\\/filles-de-la-charite.org\\\/it\\\/#\\\/schema\\\/logo\\\/image\\\/\",\"url\":\"https:\\\/\\\/filles-de-la-charite.org\\\/wp-content\\\/uploads\\\/2023\\\/03\\\/isotipo-Hijas-de-la-Caridad.png\",\"contentUrl\":\"https:\\\/\\\/filles-de-la-charite.org\\\/wp-content\\\/uploads\\\/2023\\\/03\\\/isotipo-Hijas-de-la-Caridad.png\",\"width\":1417,\"height\":1417,\"caption\":\"Hijas de la Caridad\"},\"image\":{\"@id\":\"https:\\\/\\\/filles-de-la-charite.org\\\/it\\\/#\\\/schema\\\/logo\\\/image\\\/\"}},{\"@type\":\"Person\",\"@id\":\"https:\\\/\\\/filles-de-la-charite.org\\\/it\\\/#\\\/schema\\\/person\\\/0c922b6ca71280639858d297b3a7209f\",\"name\":\"SOR MARTA\",\"image\":{\"@type\":\"ImageObject\",\"inLanguage\":\"it-IT\",\"@id\":\"https:\\\/\\\/secure.gravatar.com\\\/avatar\\\/d2c45b0fd6bf2d3e2670ab3d112257c24ac80fa960360bba1bdc0676485d1d09?s=96&d=mm&r=g\",\"url\":\"https:\\\/\\\/secure.gravatar.com\\\/avatar\\\/d2c45b0fd6bf2d3e2670ab3d112257c24ac80fa960360bba1bdc0676485d1d09?s=96&d=mm&r=g\",\"contentUrl\":\"https:\\\/\\\/secure.gravatar.com\\\/avatar\\\/d2c45b0fd6bf2d3e2670ab3d112257c24ac80fa960360bba1bdc0676485d1d09?s=96&d=mm&r=g\",\"caption\":\"SOR MARTA\"},\"url\":\"https:\\\/\\\/filles-de-la-charite.org\\\/it\\\/author\\\/martaemn\\\/\"}]}<\/script>\n<!-- \/ Yoast SEO plugin. -->","yoast_head_json":{"title":"Amazzonia: Terra di Speranza e Incontro Vincenziano - Filles de la Charit\u00e9","robots":{"index":"index","follow":"follow","max-snippet":"max-snippet:-1","max-image-preview":"max-image-preview:large","max-video-preview":"max-video-preview:-1"},"canonical":"https:\/\/filles-de-la-charite.org\/it\/amazonia-tierra-de-esperanza-y-encuentro-vicenciano\/","og_locale":"it_IT","og_type":"article","og_title":"Amazzonia: Terra di Speranza e Incontro Vincenziano - Filles de la Charit\u00e9","og_description":"La visita della Superiora generale e del Direttore generale delle Figlie della Carit\u00e0 durante il C\u00edrio de Nazar\u00e9 2025 (C\u00edrio de Nazar\u00e9 \u2013 una delle pi\u00f9 grandi processioni mariane del mondo) Nel mese di ottobre 2025, Bel\u00e9m do Par\u00e1, porta d&#8217;accesso all&#8217;Amazzonia brasiliana, \u00e8 stata teatro di un incontro profondamente simbolico tra il carisma vincenziano [&hellip;]","og_url":"https:\/\/filles-de-la-charite.org\/it\/amazonia-tierra-de-esperanza-y-encuentro-vicenciano\/","og_site_name":"Filles de la Charit\u00e9","article_published_time":"2025-11-13T11:24:37+00:00","article_modified_time":"2025-11-29T21:52:59+00:00","og_image":[{"width":1600,"height":900,"url":"https:\/\/filles-de-la-charite.org\/wp-content\/uploads\/2025\/11\/WhatsApp-Image-2025-11-10-at-01.26.27-3-8.jpeg","type":"image\/jpeg"}],"author":"SOR MARTA","twitter_card":"summary_large_image","twitter_misc":{"Scritto da":"SOR MARTA","Tempo di lettura stimato":"6 minuti"},"schema":{"@context":"https:\/\/schema.org","@graph":[{"@type":"Article","@id":"https:\/\/filles-de-la-charite.org\/it\/amazonia-tierra-de-esperanza-y-encuentro-vicenciano\/#article","isPartOf":{"@id":"https:\/\/filles-de-la-charite.org\/it\/amazonia-tierra-de-esperanza-y-encuentro-vicenciano\/"},"author":{"name":"SOR MARTA","@id":"https:\/\/filles-de-la-charite.org\/it\/#\/schema\/person\/0c922b6ca71280639858d297b3a7209f"},"headline":"Amazzonia: Terra di Speranza e Incontro Vincenziano","datePublished":"2025-11-13T11:24:37+00:00","dateModified":"2025-11-29T21:52:59+00:00","mainEntityOfPage":{"@id":"https:\/\/filles-de-la-charite.org\/it\/amazonia-tierra-de-esperanza-y-encuentro-vicenciano\/"},"wordCount":865,"publisher":{"@id":"https:\/\/filles-de-la-charite.org\/it\/#organization"},"image":{"@id":"https:\/\/filles-de-la-charite.org\/it\/amazonia-tierra-de-esperanza-y-encuentro-vicenciano\/#primaryimage"},"thumbnailUrl":"https:\/\/filles-de-la-charite.org\/wp-content\/uploads\/2025\/11\/WhatsApp-Image-2025-11-10-at-01.26.27-3-8.jpeg","articleSection":["Amazzonia"],"inLanguage":"it-IT"},{"@type":"WebPage","@id":"https:\/\/filles-de-la-charite.org\/it\/amazonia-tierra-de-esperanza-y-encuentro-vicenciano\/","url":"https:\/\/filles-de-la-charite.org\/it\/amazonia-tierra-de-esperanza-y-encuentro-vicenciano\/","name":"Amazzonia: Terra di Speranza e Incontro Vincenziano - Filles de la Charit\u00e9","isPartOf":{"@id":"https:\/\/filles-de-la-charite.org\/it\/#website"},"primaryImageOfPage":{"@id":"https:\/\/filles-de-la-charite.org\/it\/amazonia-tierra-de-esperanza-y-encuentro-vicenciano\/#primaryimage"},"image":{"@id":"https:\/\/filles-de-la-charite.org\/it\/amazonia-tierra-de-esperanza-y-encuentro-vicenciano\/#primaryimage"},"thumbnailUrl":"https:\/\/filles-de-la-charite.org\/wp-content\/uploads\/2025\/11\/WhatsApp-Image-2025-11-10-at-01.26.27-3-8.jpeg","datePublished":"2025-11-13T11:24:37+00:00","dateModified":"2025-11-29T21:52:59+00:00","breadcrumb":{"@id":"https:\/\/filles-de-la-charite.org\/it\/amazonia-tierra-de-esperanza-y-encuentro-vicenciano\/#breadcrumb"},"inLanguage":"it-IT","potentialAction":[{"@type":"ReadAction","target":["https:\/\/filles-de-la-charite.org\/it\/amazonia-tierra-de-esperanza-y-encuentro-vicenciano\/"]}]},{"@type":"ImageObject","inLanguage":"it-IT","@id":"https:\/\/filles-de-la-charite.org\/it\/amazonia-tierra-de-esperanza-y-encuentro-vicenciano\/#primaryimage","url":"https:\/\/filles-de-la-charite.org\/wp-content\/uploads\/2025\/11\/WhatsApp-Image-2025-11-10-at-01.26.27-3-8.jpeg","contentUrl":"https:\/\/filles-de-la-charite.org\/wp-content\/uploads\/2025\/11\/WhatsApp-Image-2025-11-10-at-01.26.27-3-8.jpeg","width":1600,"height":900},{"@type":"BreadcrumbList","@id":"https:\/\/filles-de-la-charite.org\/it\/amazonia-tierra-de-esperanza-y-encuentro-vicenciano\/#breadcrumb","itemListElement":[{"@type":"ListItem","position":1,"name":"Amazzonia","item":"https:\/\/filles-de-la-charite.org\/it\/category\/amazzonia\/"},{"@type":"ListItem","position":2,"name":"Amazzonia: Terra di Speranza e Incontro Vincenziano"}]},{"@type":"WebSite","@id":"https:\/\/filles-de-la-charite.org\/it\/#website","url":"https:\/\/filles-de-la-charite.org\/it\/","name":"Hijas de la Caridad","description":"L\u2019amour de J\u00e9sus nous presse \u00e0 prendre soin des personnes les plus d\u00e9munies","publisher":{"@id":"https:\/\/filles-de-la-charite.org\/it\/#organization"},"potentialAction":[{"@type":"SearchAction","target":{"@type":"EntryPoint","urlTemplate":"https:\/\/filles-de-la-charite.org\/it\/?s={search_term_string}"},"query-input":{"@type":"PropertyValueSpecification","valueRequired":true,"valueName":"search_term_string"}}],"inLanguage":"it-IT"},{"@type":"Organization","@id":"https:\/\/filles-de-la-charite.org\/it\/#organization","name":"Hijas de la Caridad","url":"https:\/\/filles-de-la-charite.org\/it\/","logo":{"@type":"ImageObject","inLanguage":"it-IT","@id":"https:\/\/filles-de-la-charite.org\/it\/#\/schema\/logo\/image\/","url":"https:\/\/filles-de-la-charite.org\/wp-content\/uploads\/2023\/03\/isotipo-Hijas-de-la-Caridad.png","contentUrl":"https:\/\/filles-de-la-charite.org\/wp-content\/uploads\/2023\/03\/isotipo-Hijas-de-la-Caridad.png","width":1417,"height":1417,"caption":"Hijas de la Caridad"},"image":{"@id":"https:\/\/filles-de-la-charite.org\/it\/#\/schema\/logo\/image\/"}},{"@type":"Person","@id":"https:\/\/filles-de-la-charite.org\/it\/#\/schema\/person\/0c922b6ca71280639858d297b3a7209f","name":"SOR MARTA","image":{"@type":"ImageObject","inLanguage":"it-IT","@id":"https:\/\/secure.gravatar.com\/avatar\/d2c45b0fd6bf2d3e2670ab3d112257c24ac80fa960360bba1bdc0676485d1d09?s=96&d=mm&r=g","url":"https:\/\/secure.gravatar.com\/avatar\/d2c45b0fd6bf2d3e2670ab3d112257c24ac80fa960360bba1bdc0676485d1d09?s=96&d=mm&r=g","contentUrl":"https:\/\/secure.gravatar.com\/avatar\/d2c45b0fd6bf2d3e2670ab3d112257c24ac80fa960360bba1bdc0676485d1d09?s=96&d=mm&r=g","caption":"SOR MARTA"},"url":"https:\/\/filles-de-la-charite.org\/it\/author\/martaemn\/"}]}},"_links":{"self":[{"href":"https:\/\/filles-de-la-charite.org\/it\/wp-json\/wp\/v2\/posts\/47719","targetHints":{"allow":["GET"]}}],"collection":[{"href":"https:\/\/filles-de-la-charite.org\/it\/wp-json\/wp\/v2\/posts"}],"about":[{"href":"https:\/\/filles-de-la-charite.org\/it\/wp-json\/wp\/v2\/types\/post"}],"author":[{"embeddable":true,"href":"https:\/\/filles-de-la-charite.org\/it\/wp-json\/wp\/v2\/users\/5"}],"replies":[{"embeddable":true,"href":"https:\/\/filles-de-la-charite.org\/it\/wp-json\/wp\/v2\/comments?post=47719"}],"version-history":[{"count":2,"href":"https:\/\/filles-de-la-charite.org\/it\/wp-json\/wp\/v2\/posts\/47719\/revisions"}],"predecessor-version":[{"id":47859,"href":"https:\/\/filles-de-la-charite.org\/it\/wp-json\/wp\/v2\/posts\/47719\/revisions\/47859"}],"wp:featuredmedia":[{"embeddable":true,"href":"https:\/\/filles-de-la-charite.org\/it\/wp-json\/wp\/v2\/media\/48066"}],"wp:attachment":[{"href":"https:\/\/filles-de-la-charite.org\/it\/wp-json\/wp\/v2\/media?parent=47719"}],"wp:term":[{"taxonomy":"category","embeddable":true,"href":"https:\/\/filles-de-la-charite.org\/it\/wp-json\/wp\/v2\/categories?post=47719"},{"taxonomy":"post_tag","embeddable":true,"href":"https:\/\/filles-de-la-charite.org\/it\/wp-json\/wp\/v2\/tags?post=47719"}],"curies":[{"name":"wp","href":"https:\/\/api.w.org\/{rel}","templated":true}]}}