{"id":47772,"date":"2025-11-13T13:08:38","date_gmt":"2025-11-13T12:08:38","guid":{"rendered":"https:\/\/filles-de-la-charite.org\/?p=47772"},"modified":"2025-11-13T13:07:39","modified_gmt":"2025-11-13T12:07:39","slug":"como-peregrinas-de-la-caridad-esperando-y-avanzando","status":"publish","type":"post","link":"https:\/\/filles-de-la-charite.org\/it\/como-peregrinas-de-la-caridad-esperando-y-avanzando\/","title":{"rendered":"Pellegrine della Carit\u00e0: Sperare e Andare Avanti"},"content":{"rendered":"\n<p><strong>1\u00b0 Incontro Interprovinciale delle Suore fino a 15 anni di vocazione \u2013 Province del Brasile<\/strong><\/p>\n\n\n\n<p><em>Rio de Janeiro, Brasile \u2013 14-18 ottobre 2025<\/em><\/p>\n\n\n\n<figure class=\"wp-block-image size-large\"><img loading=\"lazy\" decoding=\"async\" width=\"1024\" height=\"682\" src=\"https:\/\/filles-de-la-charite.org\/wp-content\/uploads\/2025\/11\/WhatsApp-Image-2025-11-10-at-01.16.02-1024x682.jpeg\" alt=\"\" class=\"wp-image-47763\" srcset=\"https:\/\/filles-de-la-charite.org\/wp-content\/uploads\/2025\/11\/WhatsApp-Image-2025-11-10-at-01.16.02-1024x682.jpeg 1024w, https:\/\/filles-de-la-charite.org\/wp-content\/uploads\/2025\/11\/WhatsApp-Image-2025-11-10-at-01.16.02-980x653.jpeg 980w, https:\/\/filles-de-la-charite.org\/wp-content\/uploads\/2025\/11\/WhatsApp-Image-2025-11-10-at-01.16.02-480x320.jpeg 480w\" sizes=\"(min-width: 0px) and (max-width: 480px) 480px, (min-width: 481px) and (max-width: 980px) 980px, (min-width: 981px) 1024px, 100vw\" \/><\/figure>\n\n\n\n<p>Dal 14 al 18 ottobre 2025 si \u00e8 tenuto a Rio de Janeiro il primo Incontro Interprovinciale delle Giovani Suore fino a 15 anni di vocazione. Ci siamo riunite come Pellegrine della Carit\u00e0, desiderose di rafforzare la nostra identit\u00e0 vincenziana e di ravvivare il nostro ardore missionario. Fin dal primo momento, la gioia fraterna e la condivisione hanno rivelato la presenza viva di Dio tra noi.<\/p>\n\n\n\n<figure class=\"wp-block-image size-large\"><img loading=\"lazy\" decoding=\"async\" width=\"1024\" height=\"682\" src=\"https:\/\/filles-de-la-charite.org\/wp-content\/uploads\/2025\/11\/WhatsApp-Image-2025-11-10-at-01.15.27-1-1024x682.jpeg\" alt=\"\" class=\"wp-image-47754\" srcset=\"https:\/\/filles-de-la-charite.org\/wp-content\/uploads\/2025\/11\/WhatsApp-Image-2025-11-10-at-01.15.27-1-1024x682.jpeg 1024w, https:\/\/filles-de-la-charite.org\/wp-content\/uploads\/2025\/11\/WhatsApp-Image-2025-11-10-at-01.15.27-1-980x653.jpeg 980w, https:\/\/filles-de-la-charite.org\/wp-content\/uploads\/2025\/11\/WhatsApp-Image-2025-11-10-at-01.15.27-1-480x320.jpeg 480w\" sizes=\"(min-width: 0px) and (max-width: 480px) 480px, (min-width: 481px) and (max-width: 980px) 980px, (min-width: 981px) 1024px, 100vw\" \/><\/figure>\n\n\n\n<h2 class=\"wp-block-heading\"><strong>Presenze ispiratrici<\/strong><\/h2>\n\n\n\n<p>L&#8217;incontro \u00e8 stato arricchito dalla presenza di Suor Fran\u00e7oise Petit, Superiora generale, che con tenerezza e saggezza ci ha invitate a perseverare nella vocazione con gioia e fedelt\u00e0, tenendo i Poveri al centro del nostro servizio. Ci ha ricordato che \u00abnulla nelle nostre Costituzioni frena l&#8217;audacia missionaria\u00bb e che la fedelt\u00e0 \u00e8 un cammino di amore quotidiano. Suor Ana Am\u00e9lia Guedes, Consigliera generale, ci ha aiutato a riflettere sul tema dell&#8217;incontro, ricordando che la Comunit\u00e0 \u00e8 uno spazio di Vangelo vissuto, dove l&#8217;amore fraterno diventa missione.<\/p>\n\n\n\n<p>Facendo riferimento al tema delle Assemblee, ha paragonato la Compagnia a un \u00abgrande laboratorio\u00bb dove ogni Suora \u00e8 un&#8217;artigiana della Pace e della Carit\u00e0, contribuendo con discrezione alla bellezza dell&#8217;insieme. Il Padre Jos\u00e9 Antonio Gonz\u00e1lez Prieto, CM, Direttore generale, era anch&#8217;egli presente e ci ha ricordato che la comunione, la partecipazione e la missione fanno parte dell&#8217;essenza vincenziana. La sinodalit\u00e0, ha detto, \u00e8 l&#8217;espressione dell&#8217;ascolto dello Spirito e della conversione pastorale alla quale siamo chiamate.<\/p>\n\n\n\n<figure class=\"wp-block-image size-large\"><img loading=\"lazy\" decoding=\"async\" width=\"1024\" height=\"682\" src=\"https:\/\/filles-de-la-charite.org\/wp-content\/uploads\/2025\/11\/WhatsApp-Image-2025-11-10-at-01.15.30-1024x682.jpeg\" alt=\"\" class=\"wp-image-47757\" srcset=\"https:\/\/filles-de-la-charite.org\/wp-content\/uploads\/2025\/11\/WhatsApp-Image-2025-11-10-at-01.15.30-1024x682.jpeg 1024w, https:\/\/filles-de-la-charite.org\/wp-content\/uploads\/2025\/11\/WhatsApp-Image-2025-11-10-at-01.15.30-980x653.jpeg 980w, https:\/\/filles-de-la-charite.org\/wp-content\/uploads\/2025\/11\/WhatsApp-Image-2025-11-10-at-01.15.30-480x320.jpeg 480w\" sizes=\"(min-width: 0px) and (max-width: 480px) 480px, (min-width: 481px) and (max-width: 980px) 980px, (min-width: 981px) 1024px, 100vw\" \/><\/figure>\n\n\n\n<p>Affrontando l&#8217;importanza dell&#8217;equilibrio e della flessibilit\u00e0 nella nostra vocazione, il padre Ronaldo Zacharias, SDC, ha sottolineato la necessit\u00e0 di integrare corpo, mente e affettivit\u00e0 nella sequela di Cristo. Il P. Eli Chaves, CM, ci ha messo in guardia dal pericolo di essere delle \u00abcristiane senza Ges\u00f9\u00bb e ci ha invitate a riscoprire l&#8217;incanto del primo amore. \u00abSolo con i piedi per terra, ancorate alla realt\u00e0 e gli occhi fissi sul Cristo \u00e8 possibile sperare e andare avanti\u00bb, ha affermato. Abbiamo anche ricevuto un messaggio del P. Toma\u017e Mavri\u010d, CM, Superiore generale, che ci ha incoraggiate a vivere una spiritualit\u00e0 ardente e missionaria, mantenendo vivo il carisma vincenziano nel servizio ai poveri.<\/p>\n\n\n\n<h2 class=\"wp-block-heading\"><strong>Vangelo incarnato: visita al Centro dei rifugiati<\/strong><\/h2>\n\n\n\n<p>Uno dei momenti pi\u00f9 emozionanti \u00e8 stata la visita al Centro per Rifugiati e Immigrati, gestito dalla Provincia di Rio de Janeiro. L\u00ec il Vangelo ha preso volto e voce nelle storie di coloro che hanno trovato accoglienza e dignit\u00e0. Servire i poveri si \u00e8 rivelato, ancora una volta, servire Cristo stesso.<\/p>\n\n\n\n<figure class=\"wp-block-image size-large\"><img loading=\"lazy\" decoding=\"async\" width=\"1024\" height=\"682\" src=\"https:\/\/filles-de-la-charite.org\/wp-content\/uploads\/2025\/11\/WhatsApp-Image-2025-11-10-at-01.15.47-1-1024x682.jpeg\" alt=\"\" class=\"wp-image-47758\" srcset=\"https:\/\/filles-de-la-charite.org\/wp-content\/uploads\/2025\/11\/WhatsApp-Image-2025-11-10-at-01.15.47-1-1024x682.jpeg 1024w, https:\/\/filles-de-la-charite.org\/wp-content\/uploads\/2025\/11\/WhatsApp-Image-2025-11-10-at-01.15.47-1-980x653.jpeg 980w, https:\/\/filles-de-la-charite.org\/wp-content\/uploads\/2025\/11\/WhatsApp-Image-2025-11-10-at-01.15.47-1-480x320.jpeg 480w\" sizes=\"(min-width: 0px) and (max-width: 480px) 480px, (min-width: 481px) and (max-width: 980px) 980px, (min-width: 981px) 1024px, 100vw\" \/><\/figure>\n\n\n\n<h2 class=\"wp-block-heading\"><strong>Chiusura con Speranza<\/strong><\/h2>\n\n\n\n<p>Nel suo messaggio finale, Suor Fran\u00e7oise Petit, in portoghese, ha condiviso la gioia di aver camminato tra noi. Ha rinnovato la consacrazione della Compagnia a Nostra Signora nel Santuario Nazionale di Aparecida e ha riaffermato il gesto di Santa Luisa compiuto 381 anni fa a Chartres. Con fede, ha dichiarato:<\/p>\n\n\n\n<p>\u00abNon siamo sole. Camminiamo insieme. Conservate l&#8217;entusiasmo e approfondite il vostro radicamento in Ges\u00f9\u00bb.<\/p>\n\n\n\n<figure class=\"wp-block-image size-large\"><img loading=\"lazy\" decoding=\"async\" width=\"1024\" height=\"682\" src=\"https:\/\/filles-de-la-charite.org\/wp-content\/uploads\/2025\/11\/WhatsApp-Image-2025-11-10-at-01.16.04-1-1024x682.jpeg\" alt=\"\" class=\"wp-image-47764\" srcset=\"https:\/\/filles-de-la-charite.org\/wp-content\/uploads\/2025\/11\/WhatsApp-Image-2025-11-10-at-01.16.04-1-1024x682.jpeg 1024w, https:\/\/filles-de-la-charite.org\/wp-content\/uploads\/2025\/11\/WhatsApp-Image-2025-11-10-at-01.16.04-1-980x653.jpeg 980w, https:\/\/filles-de-la-charite.org\/wp-content\/uploads\/2025\/11\/WhatsApp-Image-2025-11-10-at-01.16.04-1-480x320.jpeg 480w\" sizes=\"(min-width: 0px) and (max-width: 480px) 480px, (min-width: 481px) and (max-width: 980px) 980px, (min-width: 981px) 1024px, 100vw\" \/><\/figure>\n\n\n\n<h2 class=\"wp-block-heading\"><strong>Cammino ravvivato<\/strong><\/h2>\n\n\n\n<p>Con gratitudine, siamo tornate nelle nostre comunit\u00e0, portando con noi la fiamma ravvivata della vocazione. Maria, Madre e Custode della Compagnia, ci aiuti a mantenere accese le luci ricevute e ad andare avanti con speranza, sui passi di Vincenzo e Luisa, incontro ai poveri, dove Cristo stesso ci aspetta.<\/p>\n\n\n\n<figure class=\"wp-block-image size-large\"><img loading=\"lazy\" decoding=\"async\" width=\"682\" height=\"1024\" src=\"https:\/\/filles-de-la-charite.org\/wp-content\/uploads\/2025\/11\/WhatsApp-Image-2025-11-10-at-01.16.22-682x1024.jpeg\" alt=\"\" class=\"wp-image-47766\" srcset=\"https:\/\/filles-de-la-charite.org\/wp-content\/uploads\/2025\/11\/WhatsApp-Image-2025-11-10-at-01.16.22-682x1024.jpeg 682w, https:\/\/filles-de-la-charite.org\/wp-content\/uploads\/2025\/11\/WhatsApp-Image-2025-11-10-at-01.16.22-480x720.jpeg 480w\" sizes=\"(min-width: 0px) and (max-width: 480px) 480px, (min-width: 481px) 682px, 100vw\" \/><\/figure>\n\n\n\n<p><strong>Benedetto sia Dio, che cammina con noi!<\/strong><\/p>\n","protected":false},"excerpt":{"rendered":"<p>1\u00b0 Incontro Interprovinciale delle Suore fino a 15 anni di vocazione \u2013 Province del Brasile Rio de Janeiro, Brasile \u2013 14-18 ottobre 2025 Dal 14 al 18 ottobre 2025 si \u00e8 tenuto a Rio de Janeiro il primo Incontro Interprovinciale delle Giovani Suore fino a 15 anni di vocazione. Ci siamo riunite come Pellegrine della [&hellip;]<\/p>\n","protected":false},"author":5,"featured_media":47773,"comment_status":"closed","ping_status":"closed","sticky":false,"template":"","format":"standard","meta":{"_acf_changed":false,"_et_pb_use_builder":"","_et_pb_old_content":"","_et_gb_content_width":"","footnotes":"","_links_to":"","_links_to_target":""},"categories":[854],"tags":[],"class_list":["post-47772","post","type-post","status-publish","format-standard","has-post-thumbnail","hentry","category-brasile"],"acf":[],"yoast_head":"<!-- This site is optimized with the Yoast SEO plugin v27.5 - https:\/\/yoast.com\/product\/yoast-seo-wordpress\/ -->\n<title>Pellegrine della Carit\u00e0: Sperare e Andare Avanti - Filles de la Charit\u00e9<\/title>\n<meta name=\"robots\" content=\"index, follow, max-snippet:-1, max-image-preview:large, max-video-preview:-1\" \/>\n<link rel=\"canonical\" href=\"https:\/\/filles-de-la-charite.org\/it\/como-peregrinas-de-la-caridad-esperando-y-avanzando\/\" \/>\n<meta property=\"og:locale\" content=\"it_IT\" \/>\n<meta property=\"og:type\" content=\"article\" \/>\n<meta property=\"og:title\" content=\"Pellegrine della Carit\u00e0: Sperare e Andare Avanti - Filles de la Charit\u00e9\" \/>\n<meta property=\"og:description\" content=\"1\u00b0 Incontro Interprovinciale delle Suore fino a 15 anni di vocazione \u2013 Province del Brasile Rio de Janeiro, Brasile \u2013 14-18 ottobre 2025 Dal 14 al 18 ottobre 2025 si \u00e8 tenuto a Rio de Janeiro il primo Incontro Interprovinciale delle Giovani Suore fino a 15 anni di vocazione. Ci siamo riunite come Pellegrine della [&hellip;]\" \/>\n<meta property=\"og:url\" content=\"https:\/\/filles-de-la-charite.org\/it\/como-peregrinas-de-la-caridad-esperando-y-avanzando\/\" \/>\n<meta property=\"og:site_name\" content=\"Filles de la Charit\u00e9\" \/>\n<meta property=\"article:published_time\" content=\"2025-11-13T12:08:38+00:00\" \/>\n<meta property=\"og:image\" content=\"https:\/\/filles-de-la-charite.org\/wp-content\/uploads\/2025\/11\/WhatsApp-Image-2025-11-10-at-01.15.27.jpeg\" \/>\n\t<meta property=\"og:image:width\" content=\"1280\" \/>\n\t<meta property=\"og:image:height\" content=\"719\" \/>\n\t<meta property=\"og:image:type\" content=\"image\/jpeg\" \/>\n<meta name=\"author\" content=\"SOR MARTA\" \/>\n<meta name=\"twitter:card\" content=\"summary_large_image\" \/>\n<meta name=\"twitter:label1\" content=\"Scritto da\" \/>\n\t<meta name=\"twitter:data1\" content=\"SOR MARTA\" \/>\n\t<meta name=\"twitter:label2\" content=\"Tempo di lettura stimato\" \/>\n\t<meta name=\"twitter:data2\" content=\"4 minuti\" \/>\n<script type=\"application\/ld+json\" class=\"yoast-schema-graph\">{\"@context\":\"https:\\\/\\\/schema.org\",\"@graph\":[{\"@type\":\"Article\",\"@id\":\"https:\\\/\\\/filles-de-la-charite.org\\\/it\\\/como-peregrinas-de-la-caridad-esperando-y-avanzando\\\/#article\",\"isPartOf\":{\"@id\":\"https:\\\/\\\/filles-de-la-charite.org\\\/it\\\/como-peregrinas-de-la-caridad-esperando-y-avanzando\\\/\"},\"author\":{\"name\":\"SOR MARTA\",\"@id\":\"https:\\\/\\\/filles-de-la-charite.org\\\/it\\\/#\\\/schema\\\/person\\\/0c922b6ca71280639858d297b3a7209f\"},\"headline\":\"Pellegrine della Carit\u00e0: Sperare e Andare Avanti\",\"datePublished\":\"2025-11-13T12:08:38+00:00\",\"mainEntityOfPage\":{\"@id\":\"https:\\\/\\\/filles-de-la-charite.org\\\/it\\\/como-peregrinas-de-la-caridad-esperando-y-avanzando\\\/\"},\"wordCount\":553,\"publisher\":{\"@id\":\"https:\\\/\\\/filles-de-la-charite.org\\\/it\\\/#organization\"},\"image\":{\"@id\":\"https:\\\/\\\/filles-de-la-charite.org\\\/it\\\/como-peregrinas-de-la-caridad-esperando-y-avanzando\\\/#primaryimage\"},\"thumbnailUrl\":\"https:\\\/\\\/filles-de-la-charite.org\\\/wp-content\\\/uploads\\\/2025\\\/11\\\/WhatsApp-Image-2025-11-10-at-01.15.27.jpeg\",\"articleSection\":[\"Brasile\"],\"inLanguage\":\"it-IT\"},{\"@type\":\"WebPage\",\"@id\":\"https:\\\/\\\/filles-de-la-charite.org\\\/it\\\/como-peregrinas-de-la-caridad-esperando-y-avanzando\\\/\",\"url\":\"https:\\\/\\\/filles-de-la-charite.org\\\/it\\\/como-peregrinas-de-la-caridad-esperando-y-avanzando\\\/\",\"name\":\"Pellegrine della Carit\u00e0: Sperare e Andare Avanti - Filles de la Charit\u00e9\",\"isPartOf\":{\"@id\":\"https:\\\/\\\/filles-de-la-charite.org\\\/it\\\/#website\"},\"primaryImageOfPage\":{\"@id\":\"https:\\\/\\\/filles-de-la-charite.org\\\/it\\\/como-peregrinas-de-la-caridad-esperando-y-avanzando\\\/#primaryimage\"},\"image\":{\"@id\":\"https:\\\/\\\/filles-de-la-charite.org\\\/it\\\/como-peregrinas-de-la-caridad-esperando-y-avanzando\\\/#primaryimage\"},\"thumbnailUrl\":\"https:\\\/\\\/filles-de-la-charite.org\\\/wp-content\\\/uploads\\\/2025\\\/11\\\/WhatsApp-Image-2025-11-10-at-01.15.27.jpeg\",\"datePublished\":\"2025-11-13T12:08:38+00:00\",\"breadcrumb\":{\"@id\":\"https:\\\/\\\/filles-de-la-charite.org\\\/it\\\/como-peregrinas-de-la-caridad-esperando-y-avanzando\\\/#breadcrumb\"},\"inLanguage\":\"it-IT\",\"potentialAction\":[{\"@type\":\"ReadAction\",\"target\":[\"https:\\\/\\\/filles-de-la-charite.org\\\/it\\\/como-peregrinas-de-la-caridad-esperando-y-avanzando\\\/\"]}]},{\"@type\":\"ImageObject\",\"inLanguage\":\"it-IT\",\"@id\":\"https:\\\/\\\/filles-de-la-charite.org\\\/it\\\/como-peregrinas-de-la-caridad-esperando-y-avanzando\\\/#primaryimage\",\"url\":\"https:\\\/\\\/filles-de-la-charite.org\\\/wp-content\\\/uploads\\\/2025\\\/11\\\/WhatsApp-Image-2025-11-10-at-01.15.27.jpeg\",\"contentUrl\":\"https:\\\/\\\/filles-de-la-charite.org\\\/wp-content\\\/uploads\\\/2025\\\/11\\\/WhatsApp-Image-2025-11-10-at-01.15.27.jpeg\",\"width\":1280,\"height\":719},{\"@type\":\"BreadcrumbList\",\"@id\":\"https:\\\/\\\/filles-de-la-charite.org\\\/it\\\/como-peregrinas-de-la-caridad-esperando-y-avanzando\\\/#breadcrumb\",\"itemListElement\":[{\"@type\":\"ListItem\",\"position\":1,\"name\":\"Brasile\",\"item\":\"https:\\\/\\\/filles-de-la-charite.org\\\/it\\\/category\\\/brasile\\\/\"},{\"@type\":\"ListItem\",\"position\":2,\"name\":\"Pellegrine della Carit\u00e0: Sperare e Andare Avanti\"}]},{\"@type\":\"WebSite\",\"@id\":\"https:\\\/\\\/filles-de-la-charite.org\\\/it\\\/#website\",\"url\":\"https:\\\/\\\/filles-de-la-charite.org\\\/it\\\/\",\"name\":\"Hijas de la Caridad\",\"description\":\"L\u2019amour de J\u00e9sus nous presse \u00e0 prendre soin des personnes les plus d\u00e9munies\",\"publisher\":{\"@id\":\"https:\\\/\\\/filles-de-la-charite.org\\\/it\\\/#organization\"},\"potentialAction\":[{\"@type\":\"SearchAction\",\"target\":{\"@type\":\"EntryPoint\",\"urlTemplate\":\"https:\\\/\\\/filles-de-la-charite.org\\\/it\\\/?s={search_term_string}\"},\"query-input\":{\"@type\":\"PropertyValueSpecification\",\"valueRequired\":true,\"valueName\":\"search_term_string\"}}],\"inLanguage\":\"it-IT\"},{\"@type\":\"Organization\",\"@id\":\"https:\\\/\\\/filles-de-la-charite.org\\\/it\\\/#organization\",\"name\":\"Hijas de la Caridad\",\"url\":\"https:\\\/\\\/filles-de-la-charite.org\\\/it\\\/\",\"logo\":{\"@type\":\"ImageObject\",\"inLanguage\":\"it-IT\",\"@id\":\"https:\\\/\\\/filles-de-la-charite.org\\\/it\\\/#\\\/schema\\\/logo\\\/image\\\/\",\"url\":\"https:\\\/\\\/filles-de-la-charite.org\\\/wp-content\\\/uploads\\\/2023\\\/03\\\/isotipo-Hijas-de-la-Caridad.png\",\"contentUrl\":\"https:\\\/\\\/filles-de-la-charite.org\\\/wp-content\\\/uploads\\\/2023\\\/03\\\/isotipo-Hijas-de-la-Caridad.png\",\"width\":1417,\"height\":1417,\"caption\":\"Hijas de la Caridad\"},\"image\":{\"@id\":\"https:\\\/\\\/filles-de-la-charite.org\\\/it\\\/#\\\/schema\\\/logo\\\/image\\\/\"}},{\"@type\":\"Person\",\"@id\":\"https:\\\/\\\/filles-de-la-charite.org\\\/it\\\/#\\\/schema\\\/person\\\/0c922b6ca71280639858d297b3a7209f\",\"name\":\"SOR MARTA\",\"image\":{\"@type\":\"ImageObject\",\"inLanguage\":\"it-IT\",\"@id\":\"https:\\\/\\\/secure.gravatar.com\\\/avatar\\\/d2c45b0fd6bf2d3e2670ab3d112257c24ac80fa960360bba1bdc0676485d1d09?s=96&d=mm&r=g\",\"url\":\"https:\\\/\\\/secure.gravatar.com\\\/avatar\\\/d2c45b0fd6bf2d3e2670ab3d112257c24ac80fa960360bba1bdc0676485d1d09?s=96&d=mm&r=g\",\"contentUrl\":\"https:\\\/\\\/secure.gravatar.com\\\/avatar\\\/d2c45b0fd6bf2d3e2670ab3d112257c24ac80fa960360bba1bdc0676485d1d09?s=96&d=mm&r=g\",\"caption\":\"SOR MARTA\"},\"url\":\"https:\\\/\\\/filles-de-la-charite.org\\\/it\\\/author\\\/martaemn\\\/\"}]}<\/script>\n<!-- \/ Yoast SEO plugin. -->","yoast_head_json":{"title":"Pellegrine della Carit\u00e0: Sperare e Andare Avanti - Filles de la Charit\u00e9","robots":{"index":"index","follow":"follow","max-snippet":"max-snippet:-1","max-image-preview":"max-image-preview:large","max-video-preview":"max-video-preview:-1"},"canonical":"https:\/\/filles-de-la-charite.org\/it\/como-peregrinas-de-la-caridad-esperando-y-avanzando\/","og_locale":"it_IT","og_type":"article","og_title":"Pellegrine della Carit\u00e0: Sperare e Andare Avanti - Filles de la Charit\u00e9","og_description":"1\u00b0 Incontro Interprovinciale delle Suore fino a 15 anni di vocazione \u2013 Province del Brasile Rio de Janeiro, Brasile \u2013 14-18 ottobre 2025 Dal 14 al 18 ottobre 2025 si \u00e8 tenuto a Rio de Janeiro il primo Incontro Interprovinciale delle Giovani Suore fino a 15 anni di vocazione. Ci siamo riunite come Pellegrine della [&hellip;]","og_url":"https:\/\/filles-de-la-charite.org\/it\/como-peregrinas-de-la-caridad-esperando-y-avanzando\/","og_site_name":"Filles de la Charit\u00e9","article_published_time":"2025-11-13T12:08:38+00:00","og_image":[{"width":1280,"height":719,"url":"https:\/\/filles-de-la-charite.org\/wp-content\/uploads\/2025\/11\/WhatsApp-Image-2025-11-10-at-01.15.27.jpeg","type":"image\/jpeg"}],"author":"SOR MARTA","twitter_card":"summary_large_image","twitter_misc":{"Scritto da":"SOR MARTA","Tempo di lettura stimato":"4 minuti"},"schema":{"@context":"https:\/\/schema.org","@graph":[{"@type":"Article","@id":"https:\/\/filles-de-la-charite.org\/it\/como-peregrinas-de-la-caridad-esperando-y-avanzando\/#article","isPartOf":{"@id":"https:\/\/filles-de-la-charite.org\/it\/como-peregrinas-de-la-caridad-esperando-y-avanzando\/"},"author":{"name":"SOR MARTA","@id":"https:\/\/filles-de-la-charite.org\/it\/#\/schema\/person\/0c922b6ca71280639858d297b3a7209f"},"headline":"Pellegrine della Carit\u00e0: Sperare e Andare Avanti","datePublished":"2025-11-13T12:08:38+00:00","mainEntityOfPage":{"@id":"https:\/\/filles-de-la-charite.org\/it\/como-peregrinas-de-la-caridad-esperando-y-avanzando\/"},"wordCount":553,"publisher":{"@id":"https:\/\/filles-de-la-charite.org\/it\/#organization"},"image":{"@id":"https:\/\/filles-de-la-charite.org\/it\/como-peregrinas-de-la-caridad-esperando-y-avanzando\/#primaryimage"},"thumbnailUrl":"https:\/\/filles-de-la-charite.org\/wp-content\/uploads\/2025\/11\/WhatsApp-Image-2025-11-10-at-01.15.27.jpeg","articleSection":["Brasile"],"inLanguage":"it-IT"},{"@type":"WebPage","@id":"https:\/\/filles-de-la-charite.org\/it\/como-peregrinas-de-la-caridad-esperando-y-avanzando\/","url":"https:\/\/filles-de-la-charite.org\/it\/como-peregrinas-de-la-caridad-esperando-y-avanzando\/","name":"Pellegrine della Carit\u00e0: Sperare e Andare Avanti - Filles de la Charit\u00e9","isPartOf":{"@id":"https:\/\/filles-de-la-charite.org\/it\/#website"},"primaryImageOfPage":{"@id":"https:\/\/filles-de-la-charite.org\/it\/como-peregrinas-de-la-caridad-esperando-y-avanzando\/#primaryimage"},"image":{"@id":"https:\/\/filles-de-la-charite.org\/it\/como-peregrinas-de-la-caridad-esperando-y-avanzando\/#primaryimage"},"thumbnailUrl":"https:\/\/filles-de-la-charite.org\/wp-content\/uploads\/2025\/11\/WhatsApp-Image-2025-11-10-at-01.15.27.jpeg","datePublished":"2025-11-13T12:08:38+00:00","breadcrumb":{"@id":"https:\/\/filles-de-la-charite.org\/it\/como-peregrinas-de-la-caridad-esperando-y-avanzando\/#breadcrumb"},"inLanguage":"it-IT","potentialAction":[{"@type":"ReadAction","target":["https:\/\/filles-de-la-charite.org\/it\/como-peregrinas-de-la-caridad-esperando-y-avanzando\/"]}]},{"@type":"ImageObject","inLanguage":"it-IT","@id":"https:\/\/filles-de-la-charite.org\/it\/como-peregrinas-de-la-caridad-esperando-y-avanzando\/#primaryimage","url":"https:\/\/filles-de-la-charite.org\/wp-content\/uploads\/2025\/11\/WhatsApp-Image-2025-11-10-at-01.15.27.jpeg","contentUrl":"https:\/\/filles-de-la-charite.org\/wp-content\/uploads\/2025\/11\/WhatsApp-Image-2025-11-10-at-01.15.27.jpeg","width":1280,"height":719},{"@type":"BreadcrumbList","@id":"https:\/\/filles-de-la-charite.org\/it\/como-peregrinas-de-la-caridad-esperando-y-avanzando\/#breadcrumb","itemListElement":[{"@type":"ListItem","position":1,"name":"Brasile","item":"https:\/\/filles-de-la-charite.org\/it\/category\/brasile\/"},{"@type":"ListItem","position":2,"name":"Pellegrine della Carit\u00e0: Sperare e Andare Avanti"}]},{"@type":"WebSite","@id":"https:\/\/filles-de-la-charite.org\/it\/#website","url":"https:\/\/filles-de-la-charite.org\/it\/","name":"Hijas de la Caridad","description":"L\u2019amour de J\u00e9sus nous presse \u00e0 prendre soin des personnes les plus d\u00e9munies","publisher":{"@id":"https:\/\/filles-de-la-charite.org\/it\/#organization"},"potentialAction":[{"@type":"SearchAction","target":{"@type":"EntryPoint","urlTemplate":"https:\/\/filles-de-la-charite.org\/it\/?s={search_term_string}"},"query-input":{"@type":"PropertyValueSpecification","valueRequired":true,"valueName":"search_term_string"}}],"inLanguage":"it-IT"},{"@type":"Organization","@id":"https:\/\/filles-de-la-charite.org\/it\/#organization","name":"Hijas de la Caridad","url":"https:\/\/filles-de-la-charite.org\/it\/","logo":{"@type":"ImageObject","inLanguage":"it-IT","@id":"https:\/\/filles-de-la-charite.org\/it\/#\/schema\/logo\/image\/","url":"https:\/\/filles-de-la-charite.org\/wp-content\/uploads\/2023\/03\/isotipo-Hijas-de-la-Caridad.png","contentUrl":"https:\/\/filles-de-la-charite.org\/wp-content\/uploads\/2023\/03\/isotipo-Hijas-de-la-Caridad.png","width":1417,"height":1417,"caption":"Hijas de la Caridad"},"image":{"@id":"https:\/\/filles-de-la-charite.org\/it\/#\/schema\/logo\/image\/"}},{"@type":"Person","@id":"https:\/\/filles-de-la-charite.org\/it\/#\/schema\/person\/0c922b6ca71280639858d297b3a7209f","name":"SOR MARTA","image":{"@type":"ImageObject","inLanguage":"it-IT","@id":"https:\/\/secure.gravatar.com\/avatar\/d2c45b0fd6bf2d3e2670ab3d112257c24ac80fa960360bba1bdc0676485d1d09?s=96&d=mm&r=g","url":"https:\/\/secure.gravatar.com\/avatar\/d2c45b0fd6bf2d3e2670ab3d112257c24ac80fa960360bba1bdc0676485d1d09?s=96&d=mm&r=g","contentUrl":"https:\/\/secure.gravatar.com\/avatar\/d2c45b0fd6bf2d3e2670ab3d112257c24ac80fa960360bba1bdc0676485d1d09?s=96&d=mm&r=g","caption":"SOR MARTA"},"url":"https:\/\/filles-de-la-charite.org\/it\/author\/martaemn\/"}]}},"_links":{"self":[{"href":"https:\/\/filles-de-la-charite.org\/it\/wp-json\/wp\/v2\/posts\/47772","targetHints":{"allow":["GET"]}}],"collection":[{"href":"https:\/\/filles-de-la-charite.org\/it\/wp-json\/wp\/v2\/posts"}],"about":[{"href":"https:\/\/filles-de-la-charite.org\/it\/wp-json\/wp\/v2\/types\/post"}],"author":[{"embeddable":true,"href":"https:\/\/filles-de-la-charite.org\/it\/wp-json\/wp\/v2\/users\/5"}],"replies":[{"embeddable":true,"href":"https:\/\/filles-de-la-charite.org\/it\/wp-json\/wp\/v2\/comments?post=47772"}],"version-history":[{"count":1,"href":"https:\/\/filles-de-la-charite.org\/it\/wp-json\/wp\/v2\/posts\/47772\/revisions"}],"predecessor-version":[{"id":47817,"href":"https:\/\/filles-de-la-charite.org\/it\/wp-json\/wp\/v2\/posts\/47772\/revisions\/47817"}],"wp:featuredmedia":[{"embeddable":true,"href":"https:\/\/filles-de-la-charite.org\/it\/wp-json\/wp\/v2\/media\/47773"}],"wp:attachment":[{"href":"https:\/\/filles-de-la-charite.org\/it\/wp-json\/wp\/v2\/media?parent=47772"}],"wp:term":[{"taxonomy":"category","embeddable":true,"href":"https:\/\/filles-de-la-charite.org\/it\/wp-json\/wp\/v2\/categories?post=47772"},{"taxonomy":"post_tag","embeddable":true,"href":"https:\/\/filles-de-la-charite.org\/it\/wp-json\/wp\/v2\/tags?post=47772"}],"curies":[{"name":"wp","href":"https:\/\/api.w.org\/{rel}","templated":true}]}}