{"id":48148,"date":"2025-12-06T19:56:58","date_gmt":"2025-12-06T18:56:58","guid":{"rendered":"https:\/\/filles-de-la-charite.org\/?p=48148"},"modified":"2025-12-06T19:55:24","modified_gmt":"2025-12-06T18:55:24","slug":"a-quien-pertenecemos","status":"publish","type":"post","link":"https:\/\/filles-de-la-charite.org\/it\/a-quien-pertenecemos\/","title":{"rendered":"A CHI APPARTENIAMO"},"content":{"rendered":"\n<p>Dal 16 al 23 novembre 2025 si \u00e8 svolto in Polonia un ritiro interprovinciale presso la Casa Provinciale delle Figlie della Carit\u00e0 a Cracovia, guidato da Padre Jos\u00e9 Antonio Gonz\u00e1lez P. CM, Direttore generale. Vi hanno partecipato quarantuno Suore provenienti da tre Province della Polonia, oltre a Suor Anna Wojciechowska, Visitatrice della Provincia di Che\u0142mno-Pozna\u0144, e Suor Agnieszka Szerewicz, Visitatrice della Provincia di Varsavia.<\/p>\n\n\n\n<figure class=\"wp-block-image size-large\"><img loading=\"lazy\" decoding=\"async\" width=\"1024\" height=\"768\" src=\"https:\/\/filles-de-la-charite.org\/wp-content\/uploads\/2025\/12\/DSCN0996-1024x768.jpg\" alt=\"\" class=\"wp-image-48131\" srcset=\"https:\/\/filles-de-la-charite.org\/wp-content\/uploads\/2025\/12\/DSCN0996-980x735.jpg 980w, https:\/\/filles-de-la-charite.org\/wp-content\/uploads\/2025\/12\/DSCN0996-480x360.jpg 480w\" sizes=\"(min-width: 0px) and (max-width: 480px) 480px, (min-width: 481px) and (max-width: 980px) 980px, (min-width: 981px) 1024px, 100vw\" \/><\/figure>\n\n\n\n<p>Il tema principale del ritiro era l&#8217;APPARTENENZA, e il suo contenuto essenziale pu\u00f2 essere riassunto nella domanda<strong><em>: <\/em><\/strong><em>dov\u2019\u00e8 il fondamento del nostro cuore<\/em><strong>, <\/strong>su quale solida roccia poggia la nostra vita e, di conseguenza,<strong> a chi apparteniamo.<\/strong> Padre Jos\u00e9 Antonio ha parlato alle Figlie della Carit\u00e0 delle varie dimensioni dell&#8217;appartenenza. Ci ha invitate ad approfondire la nostra riflessione, a porci delle domande e a dare risposte coraggiose.<\/p>\n\n\n\n<figure class=\"wp-block-image size-large\"><img loading=\"lazy\" decoding=\"async\" width=\"1024\" height=\"768\" src=\"https:\/\/filles-de-la-charite.org\/wp-content\/uploads\/2025\/12\/Zdjecie-WhatsApp-2025-11-23-o-20.21.08_edd53cc2-1024x768.jpg\" alt=\"\" class=\"wp-image-48123\" srcset=\"https:\/\/filles-de-la-charite.org\/wp-content\/uploads\/2025\/12\/Zdjecie-WhatsApp-2025-11-23-o-20.21.08_edd53cc2-980x735.jpg 980w, https:\/\/filles-de-la-charite.org\/wp-content\/uploads\/2025\/12\/Zdjecie-WhatsApp-2025-11-23-o-20.21.08_edd53cc2-480x360.jpg 480w\" sizes=\"(min-width: 0px) and (max-width: 480px) 480px, (min-width: 481px) and (max-width: 980px) 980px, (min-width: 981px) 1024px, 100vw\" \/><\/figure>\n\n\n\n<p>Come Figlie della Carit\u00e0, apparteniamo a Ges\u00f9 Cristo. Questa appartenenza ispira gratitudine e, allo stesso tempo, significa entrare nel cammino della Croce, che \u00e8 un&#8217;esigenza di amore totale. Apparteniamo anche a noi stesse. Il primo dono che riceviamo \u00e8 la realt\u00e0 di noi stesse. Apparteniamo a noi stesse come dono divino, e lo siamo attraverso i mille dettagli che compongono il nostro essere. Per vocazione, una Figlia della Carit\u00e0 appartiene alla comunit\u00e0 e ai poveri. Uno spazio unico di appartenenza per le Figlie della Carit\u00e0 \u00e8 la preghiera, il cui esempio ci \u00e8 stato lasciato da Ges\u00f9 Cristo stesso e su cui San Vincenzo ha posto tanta attenzione, cos\u00ec come sulla speranza, che ci rinnova e non si esaurisce mai. L&#8217;appartenenza consiste anche nell&#8217;aprirci alle sorprese di Dio e alla conversione. Il tempo del ritiro \u00e8 stato davvero un tempo di grazia, di silenzio, di permanenza accanto al Cuore di Ges\u00f9, alle cui dimensioni la Figlia della Carit\u00e0 deve espandere il proprio cuore, un tempo di riscoperta dell&#8217;essenza pi\u00f9 profonda della vocazione come dono di s\u00e9.<\/p>\n\n\n\n<figure class=\"wp-block-image size-large\"><img loading=\"lazy\" decoding=\"async\" width=\"1024\" height=\"768\" src=\"https:\/\/filles-de-la-charite.org\/wp-content\/uploads\/2025\/12\/Zdjecie-WhatsApp-2025-11-28-o-10.06.22_439717aa-1024x768.jpg\" alt=\"\" class=\"wp-image-48127\" srcset=\"https:\/\/filles-de-la-charite.org\/wp-content\/uploads\/2025\/12\/Zdjecie-WhatsApp-2025-11-28-o-10.06.22_439717aa-980x735.jpg 980w, https:\/\/filles-de-la-charite.org\/wp-content\/uploads\/2025\/12\/Zdjecie-WhatsApp-2025-11-28-o-10.06.22_439717aa-480x360.jpg 480w\" sizes=\"(min-width: 0px) and (max-width: 480px) 480px, (min-width: 481px) and (max-width: 980px) 980px, (min-width: 981px) 1024px, 100vw\" \/><\/figure>\n\n\n\n<p>Sabato 22 novembre, il Padre Direttore generale ha incontrato le Suore della comunit\u00e0 di Santa Caterina Labour\u00e9, comprese le Suore anziane e malate, nonch\u00e9 le Suore della Casa Provinciale e delle Comunit\u00e0 di Cracovia. Ha condiviso le sue riflessioni sul logo delle Assemblee: \u00abArtigiane di pace e di speranza\u00bb.<\/p>\n\n\n\n<figure class=\"wp-block-image size-large\"><img loading=\"lazy\" decoding=\"async\" width=\"1024\" height=\"937\" src=\"https:\/\/filles-de-la-charite.org\/wp-content\/uploads\/2025\/12\/DSCN0989-1024x937.jpg\" alt=\"\" class=\"wp-image-48130\" srcset=\"https:\/\/filles-de-la-charite.org\/wp-content\/uploads\/2025\/12\/DSCN0989-980x897.jpg 980w, https:\/\/filles-de-la-charite.org\/wp-content\/uploads\/2025\/12\/DSCN0989-480x439.jpg 480w\" sizes=\"(min-width: 0px) and (max-width: 480px) 480px, (min-width: 481px) and (max-width: 980px) 980px, (min-width: 981px) 1024px, 100vw\" \/><\/figure>\n\n\n\n<p>Prima dell&#8217;inizio del ritiro, il Padre Direttore ha compiuto un pellegrinaggio al Santuario della Madonna Regina della Polonia a Jasna G\u00f3ra (Cz\u0119stochowa) dove ha concelebrato la Santa Messa. Dopo il ritiro, ha visitato Wadowice, citt\u00e0 natale di San Giovanni Paolo II.<\/p>\n\n\n\n<p>In questi viaggi lo hanno accompagnato Suor Katarzyna Dzier\u017canowska, Visitatrice della Provincia di Cracovia, Padre Bogdan Zapotoczny, Direttore della Provincia di Cracovia, e diverse altre Suore.<\/p>\n\n\n\n<figure class=\"wp-block-image size-large\"><img loading=\"lazy\" decoding=\"async\" width=\"768\" height=\"1024\" src=\"https:\/\/filles-de-la-charite.org\/wp-content\/uploads\/2025\/12\/1000006090-768x1024.jpg\" alt=\"\" class=\"wp-image-48129\"\/><\/figure>\n\n\n\n<p>Ringraziamo Dio per questo momento speciale in cui Padre Jos\u00e9 Antonio \u00e8 stato tra noi, testimoniando con gioia la sua fede e il suo amore per il carisma vincenziano. Il seme piantato nei nostri cuori sar\u00e0 oggetto di preghiera e di riflessione. Chiediamo a Dio che porti frutti in abbondanza.&nbsp;<\/p>\n\n\n\n<p>Suor Monika D\u0142ubacz<\/p>\n","protected":false},"excerpt":{"rendered":"<p>Dal 16 al 23 novembre 2025 si \u00e8 svolto in Polonia un ritiro interprovinciale presso la Casa Provinciale delle Figlie della Carit\u00e0 a Cracovia, guidato da Padre Jos\u00e9 Antonio Gonz\u00e1lez P. CM, Direttore generale. Vi hanno partecipato quarantuno Suore provenienti da tre Province della Polonia, oltre a Suor Anna Wojciechowska, Visitatrice della Provincia di Che\u0142mno-Pozna\u0144, [&hellip;]<\/p>\n","protected":false},"author":5,"featured_media":48149,"comment_status":"closed","ping_status":"closed","sticky":false,"template":"","format":"standard","meta":{"_acf_changed":false,"_et_pb_use_builder":"","_et_pb_old_content":"","_et_gb_content_width":"","footnotes":"","_links_to":"","_links_to_target":""},"categories":[912],"tags":[],"class_list":["post-48148","post","type-post","status-publish","format-standard","has-post-thumbnail","hentry","category-polonia"],"acf":[],"yoast_head":"<!-- This site is optimized with the Yoast SEO plugin v27.5 - https:\/\/yoast.com\/product\/yoast-seo-wordpress\/ -->\n<title>A CHI APPARTENIAMO - Filles de la Charit\u00e9<\/title>\n<meta name=\"robots\" content=\"index, follow, max-snippet:-1, max-image-preview:large, max-video-preview:-1\" \/>\n<link rel=\"canonical\" href=\"https:\/\/filles-de-la-charite.org\/it\/a-quien-pertenecemos\/\" \/>\n<meta property=\"og:locale\" content=\"it_IT\" \/>\n<meta property=\"og:type\" content=\"article\" \/>\n<meta property=\"og:title\" content=\"A CHI APPARTENIAMO - Filles de la Charit\u00e9\" \/>\n<meta property=\"og:description\" content=\"Dal 16 al 23 novembre 2025 si \u00e8 svolto in Polonia un ritiro interprovinciale presso la Casa Provinciale delle Figlie della Carit\u00e0 a Cracovia, guidato da Padre Jos\u00e9 Antonio Gonz\u00e1lez P. CM, Direttore generale. Vi hanno partecipato quarantuno Suore provenienti da tre Province della Polonia, oltre a Suor Anna Wojciechowska, Visitatrice della Provincia di Che\u0142mno-Pozna\u0144, [&hellip;]\" \/>\n<meta property=\"og:url\" content=\"https:\/\/filles-de-la-charite.org\/it\/a-quien-pertenecemos\/\" \/>\n<meta property=\"og:site_name\" content=\"Filles de la Charit\u00e9\" \/>\n<meta property=\"article:published_time\" content=\"2025-12-06T18:56:58+00:00\" \/>\n<meta property=\"og:image\" content=\"https:\/\/filles-de-la-charite.org\/wp-content\/uploads\/2025\/12\/Zdjecie-WhatsApp-2025-11-23-o-20.21.03_c65b16f2.jpg\" \/>\n\t<meta property=\"og:image:width\" content=\"1600\" \/>\n\t<meta property=\"og:image:height\" content=\"1200\" \/>\n\t<meta property=\"og:image:type\" content=\"image\/jpeg\" \/>\n<meta name=\"author\" content=\"SOR MARTA\" \/>\n<meta name=\"twitter:card\" content=\"summary_large_image\" \/>\n<meta name=\"twitter:label1\" content=\"Scritto da\" \/>\n\t<meta name=\"twitter:data1\" content=\"SOR MARTA\" \/>\n\t<meta name=\"twitter:label2\" content=\"Tempo di lettura stimato\" \/>\n\t<meta name=\"twitter:data2\" content=\"4 minuti\" \/>\n<script type=\"application\/ld+json\" class=\"yoast-schema-graph\">{\"@context\":\"https:\\\/\\\/schema.org\",\"@graph\":[{\"@type\":\"Article\",\"@id\":\"https:\\\/\\\/filles-de-la-charite.org\\\/it\\\/a-quien-pertenecemos\\\/#article\",\"isPartOf\":{\"@id\":\"https:\\\/\\\/filles-de-la-charite.org\\\/it\\\/a-quien-pertenecemos\\\/\"},\"author\":{\"name\":\"SOR MARTA\",\"@id\":\"https:\\\/\\\/filles-de-la-charite.org\\\/it\\\/#\\\/schema\\\/person\\\/0c922b6ca71280639858d297b3a7209f\"},\"headline\":\"A CHI APPARTENIAMO\",\"datePublished\":\"2025-12-06T18:56:58+00:00\",\"mainEntityOfPage\":{\"@id\":\"https:\\\/\\\/filles-de-la-charite.org\\\/it\\\/a-quien-pertenecemos\\\/\"},\"wordCount\":482,\"publisher\":{\"@id\":\"https:\\\/\\\/filles-de-la-charite.org\\\/it\\\/#organization\"},\"image\":{\"@id\":\"https:\\\/\\\/filles-de-la-charite.org\\\/it\\\/a-quien-pertenecemos\\\/#primaryimage\"},\"thumbnailUrl\":\"https:\\\/\\\/filles-de-la-charite.org\\\/wp-content\\\/uploads\\\/2025\\\/12\\\/Zdjecie-WhatsApp-2025-11-23-o-20.21.03_c65b16f2.jpg\",\"articleSection\":[\"Polonia\"],\"inLanguage\":\"it-IT\"},{\"@type\":\"WebPage\",\"@id\":\"https:\\\/\\\/filles-de-la-charite.org\\\/it\\\/a-quien-pertenecemos\\\/\",\"url\":\"https:\\\/\\\/filles-de-la-charite.org\\\/it\\\/a-quien-pertenecemos\\\/\",\"name\":\"A CHI APPARTENIAMO - Filles de la Charit\u00e9\",\"isPartOf\":{\"@id\":\"https:\\\/\\\/filles-de-la-charite.org\\\/it\\\/#website\"},\"primaryImageOfPage\":{\"@id\":\"https:\\\/\\\/filles-de-la-charite.org\\\/it\\\/a-quien-pertenecemos\\\/#primaryimage\"},\"image\":{\"@id\":\"https:\\\/\\\/filles-de-la-charite.org\\\/it\\\/a-quien-pertenecemos\\\/#primaryimage\"},\"thumbnailUrl\":\"https:\\\/\\\/filles-de-la-charite.org\\\/wp-content\\\/uploads\\\/2025\\\/12\\\/Zdjecie-WhatsApp-2025-11-23-o-20.21.03_c65b16f2.jpg\",\"datePublished\":\"2025-12-06T18:56:58+00:00\",\"breadcrumb\":{\"@id\":\"https:\\\/\\\/filles-de-la-charite.org\\\/it\\\/a-quien-pertenecemos\\\/#breadcrumb\"},\"inLanguage\":\"it-IT\",\"potentialAction\":[{\"@type\":\"ReadAction\",\"target\":[\"https:\\\/\\\/filles-de-la-charite.org\\\/it\\\/a-quien-pertenecemos\\\/\"]}]},{\"@type\":\"ImageObject\",\"inLanguage\":\"it-IT\",\"@id\":\"https:\\\/\\\/filles-de-la-charite.org\\\/it\\\/a-quien-pertenecemos\\\/#primaryimage\",\"url\":\"https:\\\/\\\/filles-de-la-charite.org\\\/wp-content\\\/uploads\\\/2025\\\/12\\\/Zdjecie-WhatsApp-2025-11-23-o-20.21.03_c65b16f2.jpg\",\"contentUrl\":\"https:\\\/\\\/filles-de-la-charite.org\\\/wp-content\\\/uploads\\\/2025\\\/12\\\/Zdjecie-WhatsApp-2025-11-23-o-20.21.03_c65b16f2.jpg\",\"width\":1600,\"height\":1200},{\"@type\":\"BreadcrumbList\",\"@id\":\"https:\\\/\\\/filles-de-la-charite.org\\\/it\\\/a-quien-pertenecemos\\\/#breadcrumb\",\"itemListElement\":[{\"@type\":\"ListItem\",\"position\":1,\"name\":\"Polonia\",\"item\":\"https:\\\/\\\/filles-de-la-charite.org\\\/it\\\/category\\\/polonia\\\/\"},{\"@type\":\"ListItem\",\"position\":2,\"name\":\"A CHI APPARTENIAMO\"}]},{\"@type\":\"WebSite\",\"@id\":\"https:\\\/\\\/filles-de-la-charite.org\\\/it\\\/#website\",\"url\":\"https:\\\/\\\/filles-de-la-charite.org\\\/it\\\/\",\"name\":\"Hijas de la Caridad\",\"description\":\"L\u2019amour de J\u00e9sus nous presse \u00e0 prendre soin des personnes les plus d\u00e9munies\",\"publisher\":{\"@id\":\"https:\\\/\\\/filles-de-la-charite.org\\\/it\\\/#organization\"},\"potentialAction\":[{\"@type\":\"SearchAction\",\"target\":{\"@type\":\"EntryPoint\",\"urlTemplate\":\"https:\\\/\\\/filles-de-la-charite.org\\\/it\\\/?s={search_term_string}\"},\"query-input\":{\"@type\":\"PropertyValueSpecification\",\"valueRequired\":true,\"valueName\":\"search_term_string\"}}],\"inLanguage\":\"it-IT\"},{\"@type\":\"Organization\",\"@id\":\"https:\\\/\\\/filles-de-la-charite.org\\\/it\\\/#organization\",\"name\":\"Hijas de la Caridad\",\"url\":\"https:\\\/\\\/filles-de-la-charite.org\\\/it\\\/\",\"logo\":{\"@type\":\"ImageObject\",\"inLanguage\":\"it-IT\",\"@id\":\"https:\\\/\\\/filles-de-la-charite.org\\\/it\\\/#\\\/schema\\\/logo\\\/image\\\/\",\"url\":\"https:\\\/\\\/filles-de-la-charite.org\\\/wp-content\\\/uploads\\\/2023\\\/03\\\/isotipo-Hijas-de-la-Caridad.png\",\"contentUrl\":\"https:\\\/\\\/filles-de-la-charite.org\\\/wp-content\\\/uploads\\\/2023\\\/03\\\/isotipo-Hijas-de-la-Caridad.png\",\"width\":1417,\"height\":1417,\"caption\":\"Hijas de la Caridad\"},\"image\":{\"@id\":\"https:\\\/\\\/filles-de-la-charite.org\\\/it\\\/#\\\/schema\\\/logo\\\/image\\\/\"}},{\"@type\":\"Person\",\"@id\":\"https:\\\/\\\/filles-de-la-charite.org\\\/it\\\/#\\\/schema\\\/person\\\/0c922b6ca71280639858d297b3a7209f\",\"name\":\"SOR MARTA\",\"image\":{\"@type\":\"ImageObject\",\"inLanguage\":\"it-IT\",\"@id\":\"https:\\\/\\\/secure.gravatar.com\\\/avatar\\\/d2c45b0fd6bf2d3e2670ab3d112257c24ac80fa960360bba1bdc0676485d1d09?s=96&d=mm&r=g\",\"url\":\"https:\\\/\\\/secure.gravatar.com\\\/avatar\\\/d2c45b0fd6bf2d3e2670ab3d112257c24ac80fa960360bba1bdc0676485d1d09?s=96&d=mm&r=g\",\"contentUrl\":\"https:\\\/\\\/secure.gravatar.com\\\/avatar\\\/d2c45b0fd6bf2d3e2670ab3d112257c24ac80fa960360bba1bdc0676485d1d09?s=96&d=mm&r=g\",\"caption\":\"SOR MARTA\"},\"url\":\"https:\\\/\\\/filles-de-la-charite.org\\\/it\\\/author\\\/martaemn\\\/\"}]}<\/script>\n<!-- \/ Yoast SEO plugin. -->","yoast_head_json":{"title":"A CHI APPARTENIAMO - Filles de la Charit\u00e9","robots":{"index":"index","follow":"follow","max-snippet":"max-snippet:-1","max-image-preview":"max-image-preview:large","max-video-preview":"max-video-preview:-1"},"canonical":"https:\/\/filles-de-la-charite.org\/it\/a-quien-pertenecemos\/","og_locale":"it_IT","og_type":"article","og_title":"A CHI APPARTENIAMO - Filles de la Charit\u00e9","og_description":"Dal 16 al 23 novembre 2025 si \u00e8 svolto in Polonia un ritiro interprovinciale presso la Casa Provinciale delle Figlie della Carit\u00e0 a Cracovia, guidato da Padre Jos\u00e9 Antonio Gonz\u00e1lez P. CM, Direttore generale. Vi hanno partecipato quarantuno Suore provenienti da tre Province della Polonia, oltre a Suor Anna Wojciechowska, Visitatrice della Provincia di Che\u0142mno-Pozna\u0144, [&hellip;]","og_url":"https:\/\/filles-de-la-charite.org\/it\/a-quien-pertenecemos\/","og_site_name":"Filles de la Charit\u00e9","article_published_time":"2025-12-06T18:56:58+00:00","og_image":[{"width":1600,"height":1200,"url":"https:\/\/filles-de-la-charite.org\/wp-content\/uploads\/2025\/12\/Zdjecie-WhatsApp-2025-11-23-o-20.21.03_c65b16f2.jpg","type":"image\/jpeg"}],"author":"SOR MARTA","twitter_card":"summary_large_image","twitter_misc":{"Scritto da":"SOR MARTA","Tempo di lettura stimato":"4 minuti"},"schema":{"@context":"https:\/\/schema.org","@graph":[{"@type":"Article","@id":"https:\/\/filles-de-la-charite.org\/it\/a-quien-pertenecemos\/#article","isPartOf":{"@id":"https:\/\/filles-de-la-charite.org\/it\/a-quien-pertenecemos\/"},"author":{"name":"SOR MARTA","@id":"https:\/\/filles-de-la-charite.org\/it\/#\/schema\/person\/0c922b6ca71280639858d297b3a7209f"},"headline":"A CHI APPARTENIAMO","datePublished":"2025-12-06T18:56:58+00:00","mainEntityOfPage":{"@id":"https:\/\/filles-de-la-charite.org\/it\/a-quien-pertenecemos\/"},"wordCount":482,"publisher":{"@id":"https:\/\/filles-de-la-charite.org\/it\/#organization"},"image":{"@id":"https:\/\/filles-de-la-charite.org\/it\/a-quien-pertenecemos\/#primaryimage"},"thumbnailUrl":"https:\/\/filles-de-la-charite.org\/wp-content\/uploads\/2025\/12\/Zdjecie-WhatsApp-2025-11-23-o-20.21.03_c65b16f2.jpg","articleSection":["Polonia"],"inLanguage":"it-IT"},{"@type":"WebPage","@id":"https:\/\/filles-de-la-charite.org\/it\/a-quien-pertenecemos\/","url":"https:\/\/filles-de-la-charite.org\/it\/a-quien-pertenecemos\/","name":"A CHI APPARTENIAMO - Filles de la Charit\u00e9","isPartOf":{"@id":"https:\/\/filles-de-la-charite.org\/it\/#website"},"primaryImageOfPage":{"@id":"https:\/\/filles-de-la-charite.org\/it\/a-quien-pertenecemos\/#primaryimage"},"image":{"@id":"https:\/\/filles-de-la-charite.org\/it\/a-quien-pertenecemos\/#primaryimage"},"thumbnailUrl":"https:\/\/filles-de-la-charite.org\/wp-content\/uploads\/2025\/12\/Zdjecie-WhatsApp-2025-11-23-o-20.21.03_c65b16f2.jpg","datePublished":"2025-12-06T18:56:58+00:00","breadcrumb":{"@id":"https:\/\/filles-de-la-charite.org\/it\/a-quien-pertenecemos\/#breadcrumb"},"inLanguage":"it-IT","potentialAction":[{"@type":"ReadAction","target":["https:\/\/filles-de-la-charite.org\/it\/a-quien-pertenecemos\/"]}]},{"@type":"ImageObject","inLanguage":"it-IT","@id":"https:\/\/filles-de-la-charite.org\/it\/a-quien-pertenecemos\/#primaryimage","url":"https:\/\/filles-de-la-charite.org\/wp-content\/uploads\/2025\/12\/Zdjecie-WhatsApp-2025-11-23-o-20.21.03_c65b16f2.jpg","contentUrl":"https:\/\/filles-de-la-charite.org\/wp-content\/uploads\/2025\/12\/Zdjecie-WhatsApp-2025-11-23-o-20.21.03_c65b16f2.jpg","width":1600,"height":1200},{"@type":"BreadcrumbList","@id":"https:\/\/filles-de-la-charite.org\/it\/a-quien-pertenecemos\/#breadcrumb","itemListElement":[{"@type":"ListItem","position":1,"name":"Polonia","item":"https:\/\/filles-de-la-charite.org\/it\/category\/polonia\/"},{"@type":"ListItem","position":2,"name":"A CHI APPARTENIAMO"}]},{"@type":"WebSite","@id":"https:\/\/filles-de-la-charite.org\/it\/#website","url":"https:\/\/filles-de-la-charite.org\/it\/","name":"Hijas de la Caridad","description":"L\u2019amour de J\u00e9sus nous presse \u00e0 prendre soin des personnes les plus d\u00e9munies","publisher":{"@id":"https:\/\/filles-de-la-charite.org\/it\/#organization"},"potentialAction":[{"@type":"SearchAction","target":{"@type":"EntryPoint","urlTemplate":"https:\/\/filles-de-la-charite.org\/it\/?s={search_term_string}"},"query-input":{"@type":"PropertyValueSpecification","valueRequired":true,"valueName":"search_term_string"}}],"inLanguage":"it-IT"},{"@type":"Organization","@id":"https:\/\/filles-de-la-charite.org\/it\/#organization","name":"Hijas de la Caridad","url":"https:\/\/filles-de-la-charite.org\/it\/","logo":{"@type":"ImageObject","inLanguage":"it-IT","@id":"https:\/\/filles-de-la-charite.org\/it\/#\/schema\/logo\/image\/","url":"https:\/\/filles-de-la-charite.org\/wp-content\/uploads\/2023\/03\/isotipo-Hijas-de-la-Caridad.png","contentUrl":"https:\/\/filles-de-la-charite.org\/wp-content\/uploads\/2023\/03\/isotipo-Hijas-de-la-Caridad.png","width":1417,"height":1417,"caption":"Hijas de la Caridad"},"image":{"@id":"https:\/\/filles-de-la-charite.org\/it\/#\/schema\/logo\/image\/"}},{"@type":"Person","@id":"https:\/\/filles-de-la-charite.org\/it\/#\/schema\/person\/0c922b6ca71280639858d297b3a7209f","name":"SOR MARTA","image":{"@type":"ImageObject","inLanguage":"it-IT","@id":"https:\/\/secure.gravatar.com\/avatar\/d2c45b0fd6bf2d3e2670ab3d112257c24ac80fa960360bba1bdc0676485d1d09?s=96&d=mm&r=g","url":"https:\/\/secure.gravatar.com\/avatar\/d2c45b0fd6bf2d3e2670ab3d112257c24ac80fa960360bba1bdc0676485d1d09?s=96&d=mm&r=g","contentUrl":"https:\/\/secure.gravatar.com\/avatar\/d2c45b0fd6bf2d3e2670ab3d112257c24ac80fa960360bba1bdc0676485d1d09?s=96&d=mm&r=g","caption":"SOR MARTA"},"url":"https:\/\/filles-de-la-charite.org\/it\/author\/martaemn\/"}]}},"_links":{"self":[{"href":"https:\/\/filles-de-la-charite.org\/it\/wp-json\/wp\/v2\/posts\/48148","targetHints":{"allow":["GET"]}}],"collection":[{"href":"https:\/\/filles-de-la-charite.org\/it\/wp-json\/wp\/v2\/posts"}],"about":[{"href":"https:\/\/filles-de-la-charite.org\/it\/wp-json\/wp\/v2\/types\/post"}],"author":[{"embeddable":true,"href":"https:\/\/filles-de-la-charite.org\/it\/wp-json\/wp\/v2\/users\/5"}],"replies":[{"embeddable":true,"href":"https:\/\/filles-de-la-charite.org\/it\/wp-json\/wp\/v2\/comments?post=48148"}],"version-history":[{"count":1,"href":"https:\/\/filles-de-la-charite.org\/it\/wp-json\/wp\/v2\/posts\/48148\/revisions"}],"predecessor-version":[{"id":48178,"href":"https:\/\/filles-de-la-charite.org\/it\/wp-json\/wp\/v2\/posts\/48148\/revisions\/48178"}],"wp:featuredmedia":[{"embeddable":true,"href":"https:\/\/filles-de-la-charite.org\/it\/wp-json\/wp\/v2\/media\/48149"}],"wp:attachment":[{"href":"https:\/\/filles-de-la-charite.org\/it\/wp-json\/wp\/v2\/media?parent=48148"}],"wp:term":[{"taxonomy":"category","embeddable":true,"href":"https:\/\/filles-de-la-charite.org\/it\/wp-json\/wp\/v2\/categories?post=48148"},{"taxonomy":"post_tag","embeddable":true,"href":"https:\/\/filles-de-la-charite.org\/it\/wp-json\/wp\/v2\/tags?post=48148"}],"curies":[{"name":"wp","href":"https:\/\/api.w.org\/{rel}","templated":true}]}}