{"id":48224,"date":"2025-12-18T20:08:21","date_gmt":"2025-12-18T19:08:21","guid":{"rendered":"https:\/\/filles-de-la-charite.org\/encuentro-de-la-comision-internacional-de-finanzas\/"},"modified":"2025-12-24T10:39:58","modified_gmt":"2025-12-24T09:39:58","slug":"encuentro-de-la-comision-internacional-de-finanzas","status":"publish","type":"post","link":"https:\/\/filles-de-la-charite.org\/it\/encuentro-de-la-comision-internacional-de-finanzas\/","title":{"rendered":"Incontro della Commissione Internazionale delle Finanze"},"content":{"rendered":"\n<p>Dal 3 al 6 dicembre, la Commissione Internazionale delle Finanze si \u00e8 riunita alla Casa Madre per il secondo incontro dell'anno.<\/p>\n\n\n\n<p>In spirito di servizio e di comunione, i nuovi membri recentemente nominati dal Consiglio generale sono stati accolti e integrati nella missione affidata alla Commissione.<\/p>\n\n\n\n<figure class=\"wp-block-image size-large\"><img loading=\"lazy\" decoding=\"async\" width=\"1024\" height=\"709\" src=\"https:\/\/filles-de-la-charite.org\/wp-content\/uploads\/2025\/12\/CIF-1-1024x709.jpg\" alt=\"\" class=\"wp-image-48190\" srcset=\"https:\/\/filles-de-la-charite.org\/wp-content\/uploads\/2025\/12\/CIF-1-980x679.jpg 980w, https:\/\/filles-de-la-charite.org\/wp-content\/uploads\/2025\/12\/CIF-1-480x332.jpg 480w\" sizes=\"(min-width: 0px) and (max-width: 480px) 480px, (min-width: 481px) and (max-width: 980px) 980px, (min-width: 981px) 1024px, 100vw\" \/><\/figure>\n\n\n\n<p>L'incontro si \u00e8 concluso domenica 7 dicembre con un pellegrinaggio alla Cattedrale Notre-Dame de Paris, tempo di preghiera e di ringraziamento per affidare a Dio i frutti di queste giornate di lavoro e i progetti futuri.<\/p>\n\n\n\n<figure class=\"wp-block-image size-large\"><img loading=\"lazy\" decoding=\"async\" width=\"1024\" height=\"681\" src=\"https:\/\/filles-de-la-charite.org\/wp-content\/uploads\/2025\/12\/DSC_0064-1024x681.jpg\" alt=\"\" class=\"wp-image-48188\" srcset=\"https:\/\/filles-de-la-charite.org\/wp-content\/uploads\/2025\/12\/DSC_0064-980x652.jpg 980w, https:\/\/filles-de-la-charite.org\/wp-content\/uploads\/2025\/12\/DSC_0064-480x319.jpg 480w\" sizes=\"(min-width: 0px) and (max-width: 480px) 480px, (min-width: 481px) and (max-width: 980px) 980px, (min-width: 981px) 1024px, 100vw\" \/><\/figure>\n\n\n\n<p>La Commissione Internazionale delle Finanze (CIF)<\/p>\n\n\n\n<p>\u00c8 composta da cinque membri, compresa l'Economa generale. Le Suore assistono l'Economa generale in modo puntuale ma regolare, in particolare per l'analisi dei conti delle Province. L\u2019anno scorso hanno partecipato alla preparazione e all\u2019animazione dell\u2019Incontro delle Econome provinciali.<\/p>\n\n\n\n<p>Ecco la nuova composizione della Commissione:<\/p>\n\n\n\n<ul class=\"wp-block-list\">\n<li>Suor Stella MAMEH (Quasi-Provincia, originaria della Provincia della Nigeria)<\/li>\n\n\n\n<li>Suor Th\u00e9odosie NYIRAHAGENIMANA (Provincia dell'Africa Centrale)<\/li>\n\n\n\n<li>Suor Katarzyna POSPIESZYNSKA (Quasi-Provincia, originaria della Provincia di Chelmno-Poznan)<\/li>\n\n\n\n<li>Suor Alicia Yanina VIDAL QUIJANO (Quasi-Provincia, originaria della Provincia del Per\u00f9).<\/li>\n<\/ul>\n\n\n\n<p>Grazie a Suor Purita ESPALDON (Provincia St. Louise de Marillac-Asia), a Suor Inmaculada LADRERO (Provincia Espa\u00f1a -Este) e a Suor Sonia SANTOS (Provincia di Recife) che hanno prestato servizio per molti anni in questa Commissione.<\/p>\n\n\n\n<figure class=\"wp-block-image size-large\"><img loading=\"lazy\" decoding=\"async\" width=\"1024\" height=\"720\" src=\"https:\/\/filles-de-la-charite.org\/wp-content\/uploads\/2025\/12\/CIF-4-1024x720.jpg\" alt=\"\" class=\"wp-image-48185\" srcset=\"https:\/\/filles-de-la-charite.org\/wp-content\/uploads\/2025\/12\/CIF-4-980x689.jpg 980w, https:\/\/filles-de-la-charite.org\/wp-content\/uploads\/2025\/12\/CIF-4-480x338.jpg 480w\" sizes=\"(min-width: 0px) and (max-width: 480px) 480px, (min-width: 481px) and (max-width: 980px) 980px, (min-width: 981px) 1024px, 100vw\" \/><\/figure>\n","protected":false},"excerpt":{"rendered":"<p>Dal 3 al 6 dicembre, la Commissione Internazionale delle Finanze si \u00e8 riunita alla Casa Madre per il secondo incontro dell&#8217;anno. In spirito di servizio e di comunione, i nuovi membri recentemente nominati dal Consiglio generale sono stati accolti e integrati nella missione affidata alla Commissione. L&#8217;incontro si \u00e8 concluso domenica 7 dicembre con un [&hellip;]<\/p>\n","protected":false},"author":5,"featured_media":48225,"comment_status":"closed","ping_status":"closed","sticky":false,"template":"","format":"standard","meta":{"_acf_changed":false,"footnotes":"","_links_to":"","_links_to_target":""},"categories":[846],"tags":[],"class_list":["post-48224","post","type-post","status-publish","format-standard","has-post-thumbnail","hentry","category-internazionale"],"acf":[],"yoast_head":"<!-- This site is optimized with the Yoast SEO plugin v27.5 - https:\/\/yoast.com\/product\/yoast-seo-wordpress\/ -->\n<title>Incontro della Commissione Internazionale delle Finanze - Filles de la Charit\u00e9<\/title>\n<meta name=\"robots\" content=\"index, follow, max-snippet:-1, max-image-preview:large, max-video-preview:-1\" \/>\n<link rel=\"canonical\" href=\"https:\/\/filles-de-la-charite.org\/it\/encuentro-de-la-comision-internacional-de-finanzas\/\" \/>\n<meta property=\"og:locale\" content=\"it_IT\" \/>\n<meta property=\"og:type\" content=\"article\" \/>\n<meta property=\"og:title\" content=\"Incontro della Commissione Internazionale delle Finanze - Filles de la Charit\u00e9\" \/>\n<meta property=\"og:description\" content=\"Dal 3 al 6 dicembre, la Commissione Internazionale delle Finanze si \u00e8 riunita alla Casa Madre per il secondo incontro dell&#8217;anno. In spirito di servizio e di comunione, i nuovi membri recentemente nominati dal Consiglio generale sono stati accolti e integrati nella missione affidata alla Commissione. L&#8217;incontro si \u00e8 concluso domenica 7 dicembre con un [&hellip;]\" \/>\n<meta property=\"og:url\" content=\"https:\/\/filles-de-la-charite.org\/it\/encuentro-de-la-comision-internacional-de-finanzas\/\" \/>\n<meta property=\"og:site_name\" content=\"Filles de la Charit\u00e9\" \/>\n<meta property=\"article:published_time\" content=\"2025-12-18T19:08:21+00:00\" \/>\n<meta property=\"article:modified_time\" content=\"2025-12-24T09:39:58+00:00\" \/>\n<meta property=\"og:image\" content=\"https:\/\/filles-de-la-charite.org\/wp-content\/uploads\/2025\/12\/DSC_0076-scaled.jpg\" \/>\n\t<meta property=\"og:image:width\" content=\"2560\" \/>\n\t<meta property=\"og:image:height\" content=\"1702\" \/>\n\t<meta property=\"og:image:type\" content=\"image\/jpeg\" \/>\n<meta name=\"author\" content=\"SOR MARTA\" \/>\n<meta name=\"twitter:card\" content=\"summary_large_image\" \/>\n<meta name=\"twitter:label1\" content=\"Scritto da\" \/>\n\t<meta name=\"twitter:data1\" content=\"SOR MARTA\" \/>\n\t<meta name=\"twitter:label2\" content=\"Tempo di lettura stimato\" \/>\n\t<meta name=\"twitter:data2\" content=\"2 minuti\" \/>\n<script type=\"application\/ld+json\" class=\"yoast-schema-graph\">{\"@context\":\"https:\\\/\\\/schema.org\",\"@graph\":[{\"@type\":\"Article\",\"@id\":\"https:\\\/\\\/filles-de-la-charite.org\\\/it\\\/encuentro-de-la-comision-internacional-de-finanzas\\\/#article\",\"isPartOf\":{\"@id\":\"https:\\\/\\\/filles-de-la-charite.org\\\/it\\\/encuentro-de-la-comision-internacional-de-finanzas\\\/\"},\"author\":{\"name\":\"SOR MARTA\",\"@id\":\"https:\\\/\\\/filles-de-la-charite.org\\\/it\\\/#\\\/schema\\\/person\\\/0c922b6ca71280639858d297b3a7209f\"},\"headline\":\"Incontro della Commissione Internazionale delle Finanze\",\"datePublished\":\"2025-12-18T19:08:21+00:00\",\"dateModified\":\"2025-12-24T09:39:58+00:00\",\"mainEntityOfPage\":{\"@id\":\"https:\\\/\\\/filles-de-la-charite.org\\\/it\\\/encuentro-de-la-comision-internacional-de-finanzas\\\/\"},\"wordCount\":213,\"publisher\":{\"@id\":\"https:\\\/\\\/filles-de-la-charite.org\\\/it\\\/#organization\"},\"image\":{\"@id\":\"https:\\\/\\\/filles-de-la-charite.org\\\/it\\\/encuentro-de-la-comision-internacional-de-finanzas\\\/#primaryimage\"},\"thumbnailUrl\":\"https:\\\/\\\/filles-de-la-charite.org\\\/wp-content\\\/uploads\\\/2025\\\/12\\\/DSC_0076-scaled.jpg\",\"articleSection\":[\"Internazionale\"],\"inLanguage\":\"it-IT\"},{\"@type\":\"WebPage\",\"@id\":\"https:\\\/\\\/filles-de-la-charite.org\\\/it\\\/encuentro-de-la-comision-internacional-de-finanzas\\\/\",\"url\":\"https:\\\/\\\/filles-de-la-charite.org\\\/it\\\/encuentro-de-la-comision-internacional-de-finanzas\\\/\",\"name\":\"Incontro della Commissione Internazionale delle Finanze - Filles de la Charit\u00e9\",\"isPartOf\":{\"@id\":\"https:\\\/\\\/filles-de-la-charite.org\\\/it\\\/#website\"},\"primaryImageOfPage\":{\"@id\":\"https:\\\/\\\/filles-de-la-charite.org\\\/it\\\/encuentro-de-la-comision-internacional-de-finanzas\\\/#primaryimage\"},\"image\":{\"@id\":\"https:\\\/\\\/filles-de-la-charite.org\\\/it\\\/encuentro-de-la-comision-internacional-de-finanzas\\\/#primaryimage\"},\"thumbnailUrl\":\"https:\\\/\\\/filles-de-la-charite.org\\\/wp-content\\\/uploads\\\/2025\\\/12\\\/DSC_0076-scaled.jpg\",\"datePublished\":\"2025-12-18T19:08:21+00:00\",\"dateModified\":\"2025-12-24T09:39:58+00:00\",\"breadcrumb\":{\"@id\":\"https:\\\/\\\/filles-de-la-charite.org\\\/it\\\/encuentro-de-la-comision-internacional-de-finanzas\\\/#breadcrumb\"},\"inLanguage\":\"it-IT\",\"potentialAction\":[{\"@type\":\"ReadAction\",\"target\":[\"https:\\\/\\\/filles-de-la-charite.org\\\/it\\\/encuentro-de-la-comision-internacional-de-finanzas\\\/\"]}]},{\"@type\":\"ImageObject\",\"inLanguage\":\"it-IT\",\"@id\":\"https:\\\/\\\/filles-de-la-charite.org\\\/it\\\/encuentro-de-la-comision-internacional-de-finanzas\\\/#primaryimage\",\"url\":\"https:\\\/\\\/filles-de-la-charite.org\\\/wp-content\\\/uploads\\\/2025\\\/12\\\/DSC_0076-scaled.jpg\",\"contentUrl\":\"https:\\\/\\\/filles-de-la-charite.org\\\/wp-content\\\/uploads\\\/2025\\\/12\\\/DSC_0076-scaled.jpg\",\"width\":2560,\"height\":1702},{\"@type\":\"BreadcrumbList\",\"@id\":\"https:\\\/\\\/filles-de-la-charite.org\\\/it\\\/encuentro-de-la-comision-internacional-de-finanzas\\\/#breadcrumb\",\"itemListElement\":[{\"@type\":\"ListItem\",\"position\":1,\"name\":\"Internazionale\",\"item\":\"https:\\\/\\\/filles-de-la-charite.org\\\/it\\\/category\\\/internazionale\\\/\"},{\"@type\":\"ListItem\",\"position\":2,\"name\":\"Incontro della Commissione Internazionale delle Finanze\"}]},{\"@type\":\"WebSite\",\"@id\":\"https:\\\/\\\/filles-de-la-charite.org\\\/it\\\/#website\",\"url\":\"https:\\\/\\\/filles-de-la-charite.org\\\/it\\\/\",\"name\":\"Hijas de la Caridad\",\"description\":\"L\u2019amour de J\u00e9sus nous presse \u00e0 prendre soin des personnes les plus d\u00e9munies\",\"publisher\":{\"@id\":\"https:\\\/\\\/filles-de-la-charite.org\\\/it\\\/#organization\"},\"potentialAction\":[{\"@type\":\"SearchAction\",\"target\":{\"@type\":\"EntryPoint\",\"urlTemplate\":\"https:\\\/\\\/filles-de-la-charite.org\\\/it\\\/?s={search_term_string}\"},\"query-input\":{\"@type\":\"PropertyValueSpecification\",\"valueRequired\":true,\"valueName\":\"search_term_string\"}}],\"inLanguage\":\"it-IT\"},{\"@type\":\"Organization\",\"@id\":\"https:\\\/\\\/filles-de-la-charite.org\\\/it\\\/#organization\",\"name\":\"Hijas de la Caridad\",\"url\":\"https:\\\/\\\/filles-de-la-charite.org\\\/it\\\/\",\"logo\":{\"@type\":\"ImageObject\",\"inLanguage\":\"it-IT\",\"@id\":\"https:\\\/\\\/filles-de-la-charite.org\\\/it\\\/#\\\/schema\\\/logo\\\/image\\\/\",\"url\":\"https:\\\/\\\/filles-de-la-charite.org\\\/wp-content\\\/uploads\\\/2023\\\/03\\\/isotipo-Hijas-de-la-Caridad.png\",\"contentUrl\":\"https:\\\/\\\/filles-de-la-charite.org\\\/wp-content\\\/uploads\\\/2023\\\/03\\\/isotipo-Hijas-de-la-Caridad.png\",\"width\":1417,\"height\":1417,\"caption\":\"Hijas de la Caridad\"},\"image\":{\"@id\":\"https:\\\/\\\/filles-de-la-charite.org\\\/it\\\/#\\\/schema\\\/logo\\\/image\\\/\"}},{\"@type\":\"Person\",\"@id\":\"https:\\\/\\\/filles-de-la-charite.org\\\/it\\\/#\\\/schema\\\/person\\\/0c922b6ca71280639858d297b3a7209f\",\"name\":\"SOR MARTA\",\"image\":{\"@type\":\"ImageObject\",\"inLanguage\":\"it-IT\",\"@id\":\"https:\\\/\\\/secure.gravatar.com\\\/avatar\\\/d2c45b0fd6bf2d3e2670ab3d112257c24ac80fa960360bba1bdc0676485d1d09?s=96&d=mm&r=g\",\"url\":\"https:\\\/\\\/secure.gravatar.com\\\/avatar\\\/d2c45b0fd6bf2d3e2670ab3d112257c24ac80fa960360bba1bdc0676485d1d09?s=96&d=mm&r=g\",\"contentUrl\":\"https:\\\/\\\/secure.gravatar.com\\\/avatar\\\/d2c45b0fd6bf2d3e2670ab3d112257c24ac80fa960360bba1bdc0676485d1d09?s=96&d=mm&r=g\",\"caption\":\"SOR MARTA\"},\"url\":\"https:\\\/\\\/filles-de-la-charite.org\\\/it\\\/author\\\/martaemn\\\/\"}]}<\/script>\n<!-- \/ Yoast SEO plugin. -->","yoast_head_json":{"title":"Incontro della Commissione Internazionale delle Finanze - Filles de la Charit\u00e9","robots":{"index":"index","follow":"follow","max-snippet":"max-snippet:-1","max-image-preview":"max-image-preview:large","max-video-preview":"max-video-preview:-1"},"canonical":"https:\/\/filles-de-la-charite.org\/it\/encuentro-de-la-comision-internacional-de-finanzas\/","og_locale":"it_IT","og_type":"article","og_title":"Incontro della Commissione Internazionale delle Finanze - Filles de la Charit\u00e9","og_description":"Dal 3 al 6 dicembre, la Commissione Internazionale delle Finanze si \u00e8 riunita alla Casa Madre per il secondo incontro dell&#8217;anno. In spirito di servizio e di comunione, i nuovi membri recentemente nominati dal Consiglio generale sono stati accolti e integrati nella missione affidata alla Commissione. L&#8217;incontro si \u00e8 concluso domenica 7 dicembre con un [&hellip;]","og_url":"https:\/\/filles-de-la-charite.org\/it\/encuentro-de-la-comision-internacional-de-finanzas\/","og_site_name":"Filles de la Charit\u00e9","article_published_time":"2025-12-18T19:08:21+00:00","article_modified_time":"2025-12-24T09:39:58+00:00","og_image":[{"width":2560,"height":1702,"url":"https:\/\/filles-de-la-charite.org\/wp-content\/uploads\/2025\/12\/DSC_0076-scaled.jpg","type":"image\/jpeg"}],"author":"SOR MARTA","twitter_card":"summary_large_image","twitter_misc":{"Scritto da":"SOR MARTA","Tempo di lettura stimato":"2 minuti"},"schema":{"@context":"https:\/\/schema.org","@graph":[{"@type":"Article","@id":"https:\/\/filles-de-la-charite.org\/it\/encuentro-de-la-comision-internacional-de-finanzas\/#article","isPartOf":{"@id":"https:\/\/filles-de-la-charite.org\/it\/encuentro-de-la-comision-internacional-de-finanzas\/"},"author":{"name":"SOR MARTA","@id":"https:\/\/filles-de-la-charite.org\/it\/#\/schema\/person\/0c922b6ca71280639858d297b3a7209f"},"headline":"Incontro della Commissione Internazionale delle Finanze","datePublished":"2025-12-18T19:08:21+00:00","dateModified":"2025-12-24T09:39:58+00:00","mainEntityOfPage":{"@id":"https:\/\/filles-de-la-charite.org\/it\/encuentro-de-la-comision-internacional-de-finanzas\/"},"wordCount":213,"publisher":{"@id":"https:\/\/filles-de-la-charite.org\/it\/#organization"},"image":{"@id":"https:\/\/filles-de-la-charite.org\/it\/encuentro-de-la-comision-internacional-de-finanzas\/#primaryimage"},"thumbnailUrl":"https:\/\/filles-de-la-charite.org\/wp-content\/uploads\/2025\/12\/DSC_0076-scaled.jpg","articleSection":["Internazionale"],"inLanguage":"it-IT"},{"@type":"WebPage","@id":"https:\/\/filles-de-la-charite.org\/it\/encuentro-de-la-comision-internacional-de-finanzas\/","url":"https:\/\/filles-de-la-charite.org\/it\/encuentro-de-la-comision-internacional-de-finanzas\/","name":"Incontro della Commissione Internazionale delle Finanze - Filles de la Charit\u00e9","isPartOf":{"@id":"https:\/\/filles-de-la-charite.org\/it\/#website"},"primaryImageOfPage":{"@id":"https:\/\/filles-de-la-charite.org\/it\/encuentro-de-la-comision-internacional-de-finanzas\/#primaryimage"},"image":{"@id":"https:\/\/filles-de-la-charite.org\/it\/encuentro-de-la-comision-internacional-de-finanzas\/#primaryimage"},"thumbnailUrl":"https:\/\/filles-de-la-charite.org\/wp-content\/uploads\/2025\/12\/DSC_0076-scaled.jpg","datePublished":"2025-12-18T19:08:21+00:00","dateModified":"2025-12-24T09:39:58+00:00","breadcrumb":{"@id":"https:\/\/filles-de-la-charite.org\/it\/encuentro-de-la-comision-internacional-de-finanzas\/#breadcrumb"},"inLanguage":"it-IT","potentialAction":[{"@type":"ReadAction","target":["https:\/\/filles-de-la-charite.org\/it\/encuentro-de-la-comision-internacional-de-finanzas\/"]}]},{"@type":"ImageObject","inLanguage":"it-IT","@id":"https:\/\/filles-de-la-charite.org\/it\/encuentro-de-la-comision-internacional-de-finanzas\/#primaryimage","url":"https:\/\/filles-de-la-charite.org\/wp-content\/uploads\/2025\/12\/DSC_0076-scaled.jpg","contentUrl":"https:\/\/filles-de-la-charite.org\/wp-content\/uploads\/2025\/12\/DSC_0076-scaled.jpg","width":2560,"height":1702},{"@type":"BreadcrumbList","@id":"https:\/\/filles-de-la-charite.org\/it\/encuentro-de-la-comision-internacional-de-finanzas\/#breadcrumb","itemListElement":[{"@type":"ListItem","position":1,"name":"Internazionale","item":"https:\/\/filles-de-la-charite.org\/it\/category\/internazionale\/"},{"@type":"ListItem","position":2,"name":"Incontro della Commissione Internazionale delle Finanze"}]},{"@type":"WebSite","@id":"https:\/\/filles-de-la-charite.org\/it\/#website","url":"https:\/\/filles-de-la-charite.org\/it\/","name":"Hijas de la Caridad","description":"L\u2019amour de J\u00e9sus nous presse \u00e0 prendre soin des personnes les plus d\u00e9munies","publisher":{"@id":"https:\/\/filles-de-la-charite.org\/it\/#organization"},"potentialAction":[{"@type":"SearchAction","target":{"@type":"EntryPoint","urlTemplate":"https:\/\/filles-de-la-charite.org\/it\/?s={search_term_string}"},"query-input":{"@type":"PropertyValueSpecification","valueRequired":true,"valueName":"search_term_string"}}],"inLanguage":"it-IT"},{"@type":"Organization","@id":"https:\/\/filles-de-la-charite.org\/it\/#organization","name":"Hijas de la Caridad","url":"https:\/\/filles-de-la-charite.org\/it\/","logo":{"@type":"ImageObject","inLanguage":"it-IT","@id":"https:\/\/filles-de-la-charite.org\/it\/#\/schema\/logo\/image\/","url":"https:\/\/filles-de-la-charite.org\/wp-content\/uploads\/2023\/03\/isotipo-Hijas-de-la-Caridad.png","contentUrl":"https:\/\/filles-de-la-charite.org\/wp-content\/uploads\/2023\/03\/isotipo-Hijas-de-la-Caridad.png","width":1417,"height":1417,"caption":"Hijas de la Caridad"},"image":{"@id":"https:\/\/filles-de-la-charite.org\/it\/#\/schema\/logo\/image\/"}},{"@type":"Person","@id":"https:\/\/filles-de-la-charite.org\/it\/#\/schema\/person\/0c922b6ca71280639858d297b3a7209f","name":"SOR MARTA","image":{"@type":"ImageObject","inLanguage":"it-IT","@id":"https:\/\/secure.gravatar.com\/avatar\/d2c45b0fd6bf2d3e2670ab3d112257c24ac80fa960360bba1bdc0676485d1d09?s=96&d=mm&r=g","url":"https:\/\/secure.gravatar.com\/avatar\/d2c45b0fd6bf2d3e2670ab3d112257c24ac80fa960360bba1bdc0676485d1d09?s=96&d=mm&r=g","contentUrl":"https:\/\/secure.gravatar.com\/avatar\/d2c45b0fd6bf2d3e2670ab3d112257c24ac80fa960360bba1bdc0676485d1d09?s=96&d=mm&r=g","caption":"SOR MARTA"},"url":"https:\/\/filles-de-la-charite.org\/it\/author\/martaemn\/"}]}},"_links":{"self":[{"href":"https:\/\/filles-de-la-charite.org\/it\/wp-json\/wp\/v2\/posts\/48224","targetHints":{"allow":["GET"]}}],"collection":[{"href":"https:\/\/filles-de-la-charite.org\/it\/wp-json\/wp\/v2\/posts"}],"about":[{"href":"https:\/\/filles-de-la-charite.org\/it\/wp-json\/wp\/v2\/types\/post"}],"author":[{"embeddable":true,"href":"https:\/\/filles-de-la-charite.org\/it\/wp-json\/wp\/v2\/users\/5"}],"replies":[{"embeddable":true,"href":"https:\/\/filles-de-la-charite.org\/it\/wp-json\/wp\/v2\/comments?post=48224"}],"version-history":[{"count":2,"href":"https:\/\/filles-de-la-charite.org\/it\/wp-json\/wp\/v2\/posts\/48224\/revisions"}],"predecessor-version":[{"id":48235,"href":"https:\/\/filles-de-la-charite.org\/it\/wp-json\/wp\/v2\/posts\/48224\/revisions\/48235"}],"wp:featuredmedia":[{"embeddable":true,"href":"https:\/\/filles-de-la-charite.org\/it\/wp-json\/wp\/v2\/media\/48225"}],"wp:attachment":[{"href":"https:\/\/filles-de-la-charite.org\/it\/wp-json\/wp\/v2\/media?parent=48224"}],"wp:term":[{"taxonomy":"category","embeddable":true,"href":"https:\/\/filles-de-la-charite.org\/it\/wp-json\/wp\/v2\/categories?post=48224"},{"taxonomy":"post_tag","embeddable":true,"href":"https:\/\/filles-de-la-charite.org\/it\/wp-json\/wp\/v2\/tags?post=48224"}],"curies":[{"name":"wp","href":"https:\/\/api.w.org\/{rel}","templated":true}]}}