{"id":48353,"date":"2026-01-04T12:11:30","date_gmt":"2026-01-04T11:11:30","guid":{"rendered":"https:\/\/filles-de-la-charite.org\/?p=48353"},"modified":"2026-01-04T12:08:18","modified_gmt":"2026-01-04T11:08:18","slug":"encuentro-europeo-de-taize-en-paris","status":"publish","type":"post","link":"https:\/\/filles-de-la-charite.org\/it\/encuentro-europeo-de-taize-en-paris\/","title":{"rendered":"Incontro europeo di Taiz\u00e9 a Parigi"},"content":{"rendered":"\n<p>Da domenica 28 dicembre 2025 a gioved\u00ec 1\u00b0 gennaio 2026, a Parigi e nell'\u00cele-de-France, si \u00e8 tenuto il 48\u00b0 Incontro europeo di Taiz\u00e9, sul tema \u00abChe cosa cerchi?\u00bb&nbsp; Per l'occasione, 15.000 giovani provenienti da diversi Paesi si sono recati in vari luoghi della regione parigina, per vivere momenti di preghiera e di fraternit\u00e0.<\/p>\n\n\n\n<p>Durante questi giorni, i giovani sono stati accolti in famiglie o parrocchie. Hanno ricevuto numerosi messaggi di sostegno, a cominciare da quello di Papa Leone XIV che li ha incoraggiati ad approfondire la loro fede, discernendo sempre pi\u00f9 il modo in cui vivere il Vangelo nelle realt\u00e0 concrete della loro vita. Da parte sua, fratel Matthew, priore di Taiz\u00e9, ha invitato i giovani a cercare il silenzio, una direzione, la gioia, un senso, un mondo pi\u00f9 giusto, la comunit\u00e0 e la pace.<\/p>\n\n\n\n<p>Anche la Casa Madre delle Figlie della Carit\u00e0 ha partecipato a questo evento accogliendo pi\u00f9 di 90 giovani provenienti dall'Italia, dalla Spagna e dalla Polonia, accompagnati dalle Suore dei rispettivi Paesi. Sono stati offerti loro dei \u201cmomenti vincenziani\u201d: l\u2019incontro e lo scambio con Suor Fran\u00e7oise Petit, Superiora generale, la veglia di preghiera nella Cappella della Madonna della Medaglia Miracolosa, la visita agli Archivi e ai luoghi vincenziani, momenti di condivisione nei gruppi, ecc.<\/p>\n\n\n\n<p>L'incontro \u00e8 stato caratterizzato dalla gioia e dall'entusiasmo dei giovani, nonch\u00e9 dalla loro seriet\u00e0 nella ricerca della verit\u00e0, del senso della vita e della fede.&nbsp;<\/p>\n\n\n\n<div class=\"wp-block-responsive-lightbox-gallery\"><div class=\"et_pb_slider et_pb_slider_fullwidth_off et_pb_gallery_post_type\">\n\t\t\t\t<div class=\"et_pb_slides\">\n\t\t\t\t\t<div class=\"et_pb_slide\" style=\"background: url(https:\/\/filles-de-la-charite.org\/wp-content\/uploads\/2026\/01\/WhatsApp-Image-2026-01-02-at-21.11.21-1.jpeg);\"><\/div><div class=\"et_pb_slide\" style=\"background: url(https:\/\/filles-de-la-charite.org\/wp-content\/uploads\/2026\/01\/WhatsApp-Image-2026-01-02-at-22.06.59-1.jpeg);\"><\/div><div class=\"et_pb_slide\" style=\"background: url(https:\/\/filles-de-la-charite.org\/wp-content\/uploads\/2026\/01\/WhatsApp-Image-2026-01-02-at-22.06.59-2.jpeg);\"><\/div><div class=\"et_pb_slide\" style=\"background: url(https:\/\/filles-de-la-charite.org\/wp-content\/uploads\/2026\/01\/WhatsApp-Image-2026-01-02-at-22.06.59-3.jpeg);\"><\/div><div class=\"et_pb_slide\" style=\"background: url(https:\/\/filles-de-la-charite.org\/wp-content\/uploads\/2026\/01\/WhatsApp-Image-2026-01-02-at-22.06.59.jpeg);\"><\/div><div class=\"et_pb_slide\" style=\"background: url(https:\/\/filles-de-la-charite.org\/wp-content\/uploads\/2026\/01\/WhatsApp-Image-2026-01-02-at-22.07.00-1.jpeg);\"><\/div><div class=\"et_pb_slide\" style=\"background: url(https:\/\/filles-de-la-charite.org\/wp-content\/uploads\/2026\/01\/WhatsApp-Image-2026-01-02-at-22.07.00.jpeg);\"><\/div><div class=\"et_pb_slide\" style=\"background: url(https:\/\/filles-de-la-charite.org\/wp-content\/uploads\/2026\/01\/WhatsApp-Image-2025-12-30-at-23.45.54.jpeg);\"><\/div><div class=\"et_pb_slide\" style=\"background: url(https:\/\/filles-de-la-charite.org\/wp-content\/uploads\/2026\/01\/WhatsApp-Image-2025-12-30-at-23.41.28-1.jpeg);\"><\/div><div class=\"et_pb_slide\" style=\"background: url(https:\/\/filles-de-la-charite.org\/wp-content\/uploads\/2026\/01\/WhatsApp-Image-2025-12-30-at-23.42.52.jpeg);\"><\/div><div class=\"et_pb_slide\" style=\"background: url(https:\/\/filles-de-la-charite.org\/wp-content\/uploads\/2026\/01\/WhatsApp-Image-2025-12-30-at-23.41.28.jpeg);\"><\/div><div class=\"et_pb_slide\" style=\"background: url(https:\/\/filles-de-la-charite.org\/wp-content\/uploads\/2026\/01\/WhatsApp-Image-2026-01-05-at-10.37.46-2.jpeg);\"><\/div><div class=\"et_pb_slide\" style=\"background: url(https:\/\/filles-de-la-charite.org\/wp-content\/uploads\/2026\/01\/WhatsApp-Image-2026-01-05-at-10.37.46-3.jpeg);\"><\/div><div class=\"et_pb_slide\" style=\"background: url(https:\/\/filles-de-la-charite.org\/wp-content\/uploads\/2026\/01\/WhatsApp-Image-2026-01-05-at-10.37.46.jpeg);\"><\/div><div class=\"et_pb_slide\" style=\"background: url(https:\/\/filles-de-la-charite.org\/wp-content\/uploads\/2026\/01\/WhatsApp-Image-2026-01-02-at-22.01.54.jpeg);\"><\/div><div class=\"et_pb_slide\" style=\"background: url(https:\/\/filles-de-la-charite.org\/wp-content\/uploads\/2026\/01\/WhatsApp-Image-2026-01-02-at-22.01.54-3.jpeg);\"><\/div><div class=\"et_pb_slide\" style=\"background: url(https:\/\/filles-de-la-charite.org\/wp-content\/uploads\/2026\/01\/WhatsApp-Image-2026-01-02-at-21.11.21.jpeg);\"><\/div><div class=\"et_pb_slide\" style=\"background: url(https:\/\/filles-de-la-charite.org\/wp-content\/uploads\/2026\/01\/WhatsApp-Image-2026-01-02-at-21.11.22-2.jpeg);\"><\/div><div class=\"et_pb_slide\" style=\"background: url(https:\/\/filles-de-la-charite.org\/wp-content\/uploads\/2026\/01\/WhatsApp-Image-2026-01-02-at-21.18.04-1.jpeg);\"><\/div><div class=\"et_pb_slide\" style=\"background: url(https:\/\/filles-de-la-charite.org\/wp-content\/uploads\/2026\/01\/WhatsApp-Image-2026-01-02-at-21.18.04-2.jpeg);\"><\/div><div class=\"et_pb_slide\" style=\"background: url(https:\/\/filles-de-la-charite.org\/wp-content\/uploads\/2026\/01\/WhatsApp-Image-2026-01-02-at-21.18.04-3.jpeg);\"><\/div><div class=\"et_pb_slide\" style=\"background: url(https:\/\/filles-de-la-charite.org\/wp-content\/uploads\/2026\/01\/WhatsApp-Image-2026-01-02-at-21.18.04-4.jpeg);\"><\/div><div class=\"et_pb_slide\" style=\"background: url(https:\/\/filles-de-la-charite.org\/wp-content\/uploads\/2026\/01\/WhatsApp-Image-2026-01-02-at-21.18.04.jpeg);\"><\/div><div class=\"et_pb_slide\" style=\"background: url(https:\/\/filles-de-la-charite.org\/wp-content\/uploads\/2026\/01\/WhatsApp-Image-2026-01-02-at-21.18.05.jpeg);\"><\/div><div class=\"et_pb_slide\" style=\"background: url(https:\/\/filles-de-la-charite.org\/wp-content\/uploads\/2026\/01\/WhatsApp-Image-2026-01-02-at-22.01.53-1.jpeg);\"><\/div><div class=\"et_pb_slide\" style=\"background: url(https:\/\/filles-de-la-charite.org\/wp-content\/uploads\/2026\/01\/WhatsApp-Image-2026-01-02-at-22.01.53-3.jpeg);\"><\/div><div class=\"et_pb_slide\" style=\"background: url(https:\/\/filles-de-la-charite.org\/wp-content\/uploads\/2026\/01\/WhatsApp-Image-2026-01-02-at-22.01.53.jpeg);\"><\/div><div class=\"et_pb_slide\" style=\"background: url(https:\/\/filles-de-la-charite.org\/wp-content\/uploads\/2026\/01\/WhatsApp-Image-2026-01-02-at-22.01.54-1.jpeg);\"><\/div><div class=\"et_pb_slide\" style=\"background: url(https:\/\/filles-de-la-charite.org\/wp-content\/uploads\/2026\/01\/WhatsApp-Image-2026-01-02-at-22.01.54-2.jpeg);\"><\/div><div class=\"et_pb_slide\" style=\"background: url(https:\/\/filles-de-la-charite.org\/wp-content\/uploads\/2026\/01\/WhatsApp-Image-2025-12-28-at-22.46.21.jpeg);\"><\/div>\n\t\t\t\t<\/div>\n\t\t\t<\/div><\/div>\n","protected":false},"excerpt":{"rendered":"<p>Da domenica 28 dicembre 2025 a gioved\u00ec 1\u00b0 gennaio 2026, a Parigi e nell&#8217;\u00cele-de-France, si \u00e8 tenuto il 48\u00b0 Incontro europeo di Taiz\u00e9, sul tema \u00abChe cosa cerchi?\u00bb&nbsp; Per l&#8217;occasione, 15.000 giovani provenienti da diversi Paesi si sono recati in vari luoghi della regione parigina, per vivere momenti di preghiera e di fraternit\u00e0. Durante questi [&hellip;]<\/p>\n","protected":false},"author":5,"featured_media":48354,"comment_status":"closed","ping_status":"closed","sticky":false,"template":"","format":"standard","meta":{"_acf_changed":false,"footnotes":"","_links_to":"","_links_to_target":""},"categories":[562,846],"tags":[],"class_list":["post-48353","post","type-post","status-publish","format-standard","has-post-thumbnail","hentry","category-casa-madre-it","category-internazionale"],"acf":[],"yoast_head":"<!-- This site is optimized with the Yoast SEO plugin v27.5 - https:\/\/yoast.com\/product\/yoast-seo-wordpress\/ -->\n<title>Incontro europeo di Taiz\u00e9 a Parigi - Filles de la Charit\u00e9<\/title>\n<meta name=\"robots\" content=\"index, follow, max-snippet:-1, max-image-preview:large, max-video-preview:-1\" \/>\n<link rel=\"canonical\" href=\"https:\/\/filles-de-la-charite.org\/it\/encuentro-europeo-de-taize-en-paris\/\" \/>\n<meta property=\"og:locale\" content=\"it_IT\" \/>\n<meta property=\"og:type\" content=\"article\" \/>\n<meta property=\"og:title\" content=\"Incontro europeo di Taiz\u00e9 a Parigi - Filles de la Charit\u00e9\" \/>\n<meta property=\"og:description\" content=\"Da domenica 28 dicembre 2025 a gioved\u00ec 1\u00b0 gennaio 2026, a Parigi e nell&#8217;\u00cele-de-France, si \u00e8 tenuto il 48\u00b0 Incontro europeo di Taiz\u00e9, sul tema \u00abChe cosa cerchi?\u00bb&nbsp; Per l&#8217;occasione, 15.000 giovani provenienti da diversi Paesi si sono recati in vari luoghi della regione parigina, per vivere momenti di preghiera e di fraternit\u00e0. Durante questi [&hellip;]\" \/>\n<meta property=\"og:url\" content=\"https:\/\/filles-de-la-charite.org\/it\/encuentro-europeo-de-taize-en-paris\/\" \/>\n<meta property=\"og:site_name\" content=\"Filles de la Charit\u00e9\" \/>\n<meta property=\"article:published_time\" content=\"2026-01-04T11:11:30+00:00\" \/>\n<meta property=\"og:image\" content=\"https:\/\/filles-de-la-charite.org\/wp-content\/uploads\/2026\/01\/WhatsApp-Image-2025-12-30-at-23.41.28.jpeg\" \/>\n\t<meta property=\"og:image:width\" content=\"1600\" \/>\n\t<meta property=\"og:image:height\" content=\"1200\" \/>\n\t<meta property=\"og:image:type\" content=\"image\/jpeg\" \/>\n<meta name=\"author\" content=\"SOR MARTA\" \/>\n<meta name=\"twitter:card\" content=\"summary_large_image\" \/>\n<meta name=\"twitter:label1\" content=\"Scritto da\" \/>\n\t<meta name=\"twitter:data1\" content=\"SOR MARTA\" \/>\n\t<meta name=\"twitter:label2\" content=\"Tempo di lettura stimato\" \/>\n\t<meta name=\"twitter:data2\" content=\"2 minuti\" \/>\n<script type=\"application\/ld+json\" class=\"yoast-schema-graph\">{\"@context\":\"https:\\\/\\\/schema.org\",\"@graph\":[{\"@type\":\"Article\",\"@id\":\"https:\\\/\\\/filles-de-la-charite.org\\\/it\\\/encuentro-europeo-de-taize-en-paris\\\/#article\",\"isPartOf\":{\"@id\":\"https:\\\/\\\/filles-de-la-charite.org\\\/it\\\/encuentro-europeo-de-taize-en-paris\\\/\"},\"author\":{\"name\":\"SOR MARTA\",\"@id\":\"https:\\\/\\\/filles-de-la-charite.org\\\/it\\\/#\\\/schema\\\/person\\\/0c922b6ca71280639858d297b3a7209f\"},\"headline\":\"Incontro europeo di Taiz\u00e9 a Parigi\",\"datePublished\":\"2026-01-04T11:11:30+00:00\",\"mainEntityOfPage\":{\"@id\":\"https:\\\/\\\/filles-de-la-charite.org\\\/it\\\/encuentro-europeo-de-taize-en-paris\\\/\"},\"wordCount\":242,\"publisher\":{\"@id\":\"https:\\\/\\\/filles-de-la-charite.org\\\/it\\\/#organization\"},\"image\":{\"@id\":\"https:\\\/\\\/filles-de-la-charite.org\\\/it\\\/encuentro-europeo-de-taize-en-paris\\\/#primaryimage\"},\"thumbnailUrl\":\"https:\\\/\\\/filles-de-la-charite.org\\\/wp-content\\\/uploads\\\/2026\\\/01\\\/WhatsApp-Image-2025-12-30-at-23.41.28.jpeg\",\"articleSection\":[\"Casa-Madre\",\"Internazionale\"],\"inLanguage\":\"it-IT\"},{\"@type\":\"WebPage\",\"@id\":\"https:\\\/\\\/filles-de-la-charite.org\\\/it\\\/encuentro-europeo-de-taize-en-paris\\\/\",\"url\":\"https:\\\/\\\/filles-de-la-charite.org\\\/it\\\/encuentro-europeo-de-taize-en-paris\\\/\",\"name\":\"Incontro europeo di Taiz\u00e9 a Parigi - Filles de la Charit\u00e9\",\"isPartOf\":{\"@id\":\"https:\\\/\\\/filles-de-la-charite.org\\\/it\\\/#website\"},\"primaryImageOfPage\":{\"@id\":\"https:\\\/\\\/filles-de-la-charite.org\\\/it\\\/encuentro-europeo-de-taize-en-paris\\\/#primaryimage\"},\"image\":{\"@id\":\"https:\\\/\\\/filles-de-la-charite.org\\\/it\\\/encuentro-europeo-de-taize-en-paris\\\/#primaryimage\"},\"thumbnailUrl\":\"https:\\\/\\\/filles-de-la-charite.org\\\/wp-content\\\/uploads\\\/2026\\\/01\\\/WhatsApp-Image-2025-12-30-at-23.41.28.jpeg\",\"datePublished\":\"2026-01-04T11:11:30+00:00\",\"breadcrumb\":{\"@id\":\"https:\\\/\\\/filles-de-la-charite.org\\\/it\\\/encuentro-europeo-de-taize-en-paris\\\/#breadcrumb\"},\"inLanguage\":\"it-IT\",\"potentialAction\":[{\"@type\":\"ReadAction\",\"target\":[\"https:\\\/\\\/filles-de-la-charite.org\\\/it\\\/encuentro-europeo-de-taize-en-paris\\\/\"]}]},{\"@type\":\"ImageObject\",\"inLanguage\":\"it-IT\",\"@id\":\"https:\\\/\\\/filles-de-la-charite.org\\\/it\\\/encuentro-europeo-de-taize-en-paris\\\/#primaryimage\",\"url\":\"https:\\\/\\\/filles-de-la-charite.org\\\/wp-content\\\/uploads\\\/2026\\\/01\\\/WhatsApp-Image-2025-12-30-at-23.41.28.jpeg\",\"contentUrl\":\"https:\\\/\\\/filles-de-la-charite.org\\\/wp-content\\\/uploads\\\/2026\\\/01\\\/WhatsApp-Image-2025-12-30-at-23.41.28.jpeg\",\"width\":1600,\"height\":1200},{\"@type\":\"BreadcrumbList\",\"@id\":\"https:\\\/\\\/filles-de-la-charite.org\\\/it\\\/encuentro-europeo-de-taize-en-paris\\\/#breadcrumb\",\"itemListElement\":[{\"@type\":\"ListItem\",\"position\":1,\"name\":\"Internazionale\",\"item\":\"https:\\\/\\\/filles-de-la-charite.org\\\/it\\\/category\\\/internazionale\\\/\"},{\"@type\":\"ListItem\",\"position\":2,\"name\":\"Incontro europeo di Taiz\u00e9 a Parigi\"}]},{\"@type\":\"WebSite\",\"@id\":\"https:\\\/\\\/filles-de-la-charite.org\\\/it\\\/#website\",\"url\":\"https:\\\/\\\/filles-de-la-charite.org\\\/it\\\/\",\"name\":\"Hijas de la Caridad\",\"description\":\"L\u2019amour de J\u00e9sus nous presse \u00e0 prendre soin des personnes les plus d\u00e9munies\",\"publisher\":{\"@id\":\"https:\\\/\\\/filles-de-la-charite.org\\\/it\\\/#organization\"},\"potentialAction\":[{\"@type\":\"SearchAction\",\"target\":{\"@type\":\"EntryPoint\",\"urlTemplate\":\"https:\\\/\\\/filles-de-la-charite.org\\\/it\\\/?s={search_term_string}\"},\"query-input\":{\"@type\":\"PropertyValueSpecification\",\"valueRequired\":true,\"valueName\":\"search_term_string\"}}],\"inLanguage\":\"it-IT\"},{\"@type\":\"Organization\",\"@id\":\"https:\\\/\\\/filles-de-la-charite.org\\\/it\\\/#organization\",\"name\":\"Hijas de la Caridad\",\"url\":\"https:\\\/\\\/filles-de-la-charite.org\\\/it\\\/\",\"logo\":{\"@type\":\"ImageObject\",\"inLanguage\":\"it-IT\",\"@id\":\"https:\\\/\\\/filles-de-la-charite.org\\\/it\\\/#\\\/schema\\\/logo\\\/image\\\/\",\"url\":\"https:\\\/\\\/filles-de-la-charite.org\\\/wp-content\\\/uploads\\\/2023\\\/03\\\/isotipo-Hijas-de-la-Caridad.png\",\"contentUrl\":\"https:\\\/\\\/filles-de-la-charite.org\\\/wp-content\\\/uploads\\\/2023\\\/03\\\/isotipo-Hijas-de-la-Caridad.png\",\"width\":1417,\"height\":1417,\"caption\":\"Hijas de la Caridad\"},\"image\":{\"@id\":\"https:\\\/\\\/filles-de-la-charite.org\\\/it\\\/#\\\/schema\\\/logo\\\/image\\\/\"}},{\"@type\":\"Person\",\"@id\":\"https:\\\/\\\/filles-de-la-charite.org\\\/it\\\/#\\\/schema\\\/person\\\/0c922b6ca71280639858d297b3a7209f\",\"name\":\"SOR MARTA\",\"image\":{\"@type\":\"ImageObject\",\"inLanguage\":\"it-IT\",\"@id\":\"https:\\\/\\\/secure.gravatar.com\\\/avatar\\\/d2c45b0fd6bf2d3e2670ab3d112257c24ac80fa960360bba1bdc0676485d1d09?s=96&d=mm&r=g\",\"url\":\"https:\\\/\\\/secure.gravatar.com\\\/avatar\\\/d2c45b0fd6bf2d3e2670ab3d112257c24ac80fa960360bba1bdc0676485d1d09?s=96&d=mm&r=g\",\"contentUrl\":\"https:\\\/\\\/secure.gravatar.com\\\/avatar\\\/d2c45b0fd6bf2d3e2670ab3d112257c24ac80fa960360bba1bdc0676485d1d09?s=96&d=mm&r=g\",\"caption\":\"SOR MARTA\"},\"url\":\"https:\\\/\\\/filles-de-la-charite.org\\\/it\\\/author\\\/martaemn\\\/\"}]}<\/script>\n<!-- \/ Yoast SEO plugin. -->","yoast_head_json":{"title":"Incontro europeo di Taiz\u00e9 a Parigi - Filles de la Charit\u00e9","robots":{"index":"index","follow":"follow","max-snippet":"max-snippet:-1","max-image-preview":"max-image-preview:large","max-video-preview":"max-video-preview:-1"},"canonical":"https:\/\/filles-de-la-charite.org\/it\/encuentro-europeo-de-taize-en-paris\/","og_locale":"it_IT","og_type":"article","og_title":"Incontro europeo di Taiz\u00e9 a Parigi - Filles de la Charit\u00e9","og_description":"Da domenica 28 dicembre 2025 a gioved\u00ec 1\u00b0 gennaio 2026, a Parigi e nell&#8217;\u00cele-de-France, si \u00e8 tenuto il 48\u00b0 Incontro europeo di Taiz\u00e9, sul tema \u00abChe cosa cerchi?\u00bb&nbsp; Per l&#8217;occasione, 15.000 giovani provenienti da diversi Paesi si sono recati in vari luoghi della regione parigina, per vivere momenti di preghiera e di fraternit\u00e0. Durante questi [&hellip;]","og_url":"https:\/\/filles-de-la-charite.org\/it\/encuentro-europeo-de-taize-en-paris\/","og_site_name":"Filles de la Charit\u00e9","article_published_time":"2026-01-04T11:11:30+00:00","og_image":[{"width":1600,"height":1200,"url":"https:\/\/filles-de-la-charite.org\/wp-content\/uploads\/2026\/01\/WhatsApp-Image-2025-12-30-at-23.41.28.jpeg","type":"image\/jpeg"}],"author":"SOR MARTA","twitter_card":"summary_large_image","twitter_misc":{"Scritto da":"SOR MARTA","Tempo di lettura stimato":"2 minuti"},"schema":{"@context":"https:\/\/schema.org","@graph":[{"@type":"Article","@id":"https:\/\/filles-de-la-charite.org\/it\/encuentro-europeo-de-taize-en-paris\/#article","isPartOf":{"@id":"https:\/\/filles-de-la-charite.org\/it\/encuentro-europeo-de-taize-en-paris\/"},"author":{"name":"SOR MARTA","@id":"https:\/\/filles-de-la-charite.org\/it\/#\/schema\/person\/0c922b6ca71280639858d297b3a7209f"},"headline":"Incontro europeo di Taiz\u00e9 a Parigi","datePublished":"2026-01-04T11:11:30+00:00","mainEntityOfPage":{"@id":"https:\/\/filles-de-la-charite.org\/it\/encuentro-europeo-de-taize-en-paris\/"},"wordCount":242,"publisher":{"@id":"https:\/\/filles-de-la-charite.org\/it\/#organization"},"image":{"@id":"https:\/\/filles-de-la-charite.org\/it\/encuentro-europeo-de-taize-en-paris\/#primaryimage"},"thumbnailUrl":"https:\/\/filles-de-la-charite.org\/wp-content\/uploads\/2026\/01\/WhatsApp-Image-2025-12-30-at-23.41.28.jpeg","articleSection":["Casa-Madre","Internazionale"],"inLanguage":"it-IT"},{"@type":"WebPage","@id":"https:\/\/filles-de-la-charite.org\/it\/encuentro-europeo-de-taize-en-paris\/","url":"https:\/\/filles-de-la-charite.org\/it\/encuentro-europeo-de-taize-en-paris\/","name":"Incontro europeo di Taiz\u00e9 a Parigi - Filles de la Charit\u00e9","isPartOf":{"@id":"https:\/\/filles-de-la-charite.org\/it\/#website"},"primaryImageOfPage":{"@id":"https:\/\/filles-de-la-charite.org\/it\/encuentro-europeo-de-taize-en-paris\/#primaryimage"},"image":{"@id":"https:\/\/filles-de-la-charite.org\/it\/encuentro-europeo-de-taize-en-paris\/#primaryimage"},"thumbnailUrl":"https:\/\/filles-de-la-charite.org\/wp-content\/uploads\/2026\/01\/WhatsApp-Image-2025-12-30-at-23.41.28.jpeg","datePublished":"2026-01-04T11:11:30+00:00","breadcrumb":{"@id":"https:\/\/filles-de-la-charite.org\/it\/encuentro-europeo-de-taize-en-paris\/#breadcrumb"},"inLanguage":"it-IT","potentialAction":[{"@type":"ReadAction","target":["https:\/\/filles-de-la-charite.org\/it\/encuentro-europeo-de-taize-en-paris\/"]}]},{"@type":"ImageObject","inLanguage":"it-IT","@id":"https:\/\/filles-de-la-charite.org\/it\/encuentro-europeo-de-taize-en-paris\/#primaryimage","url":"https:\/\/filles-de-la-charite.org\/wp-content\/uploads\/2026\/01\/WhatsApp-Image-2025-12-30-at-23.41.28.jpeg","contentUrl":"https:\/\/filles-de-la-charite.org\/wp-content\/uploads\/2026\/01\/WhatsApp-Image-2025-12-30-at-23.41.28.jpeg","width":1600,"height":1200},{"@type":"BreadcrumbList","@id":"https:\/\/filles-de-la-charite.org\/it\/encuentro-europeo-de-taize-en-paris\/#breadcrumb","itemListElement":[{"@type":"ListItem","position":1,"name":"Internazionale","item":"https:\/\/filles-de-la-charite.org\/it\/category\/internazionale\/"},{"@type":"ListItem","position":2,"name":"Incontro europeo di Taiz\u00e9 a Parigi"}]},{"@type":"WebSite","@id":"https:\/\/filles-de-la-charite.org\/it\/#website","url":"https:\/\/filles-de-la-charite.org\/it\/","name":"Hijas de la Caridad","description":"L\u2019amour de J\u00e9sus nous presse \u00e0 prendre soin des personnes les plus d\u00e9munies","publisher":{"@id":"https:\/\/filles-de-la-charite.org\/it\/#organization"},"potentialAction":[{"@type":"SearchAction","target":{"@type":"EntryPoint","urlTemplate":"https:\/\/filles-de-la-charite.org\/it\/?s={search_term_string}"},"query-input":{"@type":"PropertyValueSpecification","valueRequired":true,"valueName":"search_term_string"}}],"inLanguage":"it-IT"},{"@type":"Organization","@id":"https:\/\/filles-de-la-charite.org\/it\/#organization","name":"Hijas de la Caridad","url":"https:\/\/filles-de-la-charite.org\/it\/","logo":{"@type":"ImageObject","inLanguage":"it-IT","@id":"https:\/\/filles-de-la-charite.org\/it\/#\/schema\/logo\/image\/","url":"https:\/\/filles-de-la-charite.org\/wp-content\/uploads\/2023\/03\/isotipo-Hijas-de-la-Caridad.png","contentUrl":"https:\/\/filles-de-la-charite.org\/wp-content\/uploads\/2023\/03\/isotipo-Hijas-de-la-Caridad.png","width":1417,"height":1417,"caption":"Hijas de la Caridad"},"image":{"@id":"https:\/\/filles-de-la-charite.org\/it\/#\/schema\/logo\/image\/"}},{"@type":"Person","@id":"https:\/\/filles-de-la-charite.org\/it\/#\/schema\/person\/0c922b6ca71280639858d297b3a7209f","name":"SOR MARTA","image":{"@type":"ImageObject","inLanguage":"it-IT","@id":"https:\/\/secure.gravatar.com\/avatar\/d2c45b0fd6bf2d3e2670ab3d112257c24ac80fa960360bba1bdc0676485d1d09?s=96&d=mm&r=g","url":"https:\/\/secure.gravatar.com\/avatar\/d2c45b0fd6bf2d3e2670ab3d112257c24ac80fa960360bba1bdc0676485d1d09?s=96&d=mm&r=g","contentUrl":"https:\/\/secure.gravatar.com\/avatar\/d2c45b0fd6bf2d3e2670ab3d112257c24ac80fa960360bba1bdc0676485d1d09?s=96&d=mm&r=g","caption":"SOR MARTA"},"url":"https:\/\/filles-de-la-charite.org\/it\/author\/martaemn\/"}]}},"_links":{"self":[{"href":"https:\/\/filles-de-la-charite.org\/it\/wp-json\/wp\/v2\/posts\/48353","targetHints":{"allow":["GET"]}}],"collection":[{"href":"https:\/\/filles-de-la-charite.org\/it\/wp-json\/wp\/v2\/posts"}],"about":[{"href":"https:\/\/filles-de-la-charite.org\/it\/wp-json\/wp\/v2\/types\/post"}],"author":[{"embeddable":true,"href":"https:\/\/filles-de-la-charite.org\/it\/wp-json\/wp\/v2\/users\/5"}],"replies":[{"embeddable":true,"href":"https:\/\/filles-de-la-charite.org\/it\/wp-json\/wp\/v2\/comments?post=48353"}],"version-history":[{"count":1,"href":"https:\/\/filles-de-la-charite.org\/it\/wp-json\/wp\/v2\/posts\/48353\/revisions"}],"predecessor-version":[{"id":48357,"href":"https:\/\/filles-de-la-charite.org\/it\/wp-json\/wp\/v2\/posts\/48353\/revisions\/48357"}],"wp:featuredmedia":[{"embeddable":true,"href":"https:\/\/filles-de-la-charite.org\/it\/wp-json\/wp\/v2\/media\/48354"}],"wp:attachment":[{"href":"https:\/\/filles-de-la-charite.org\/it\/wp-json\/wp\/v2\/media?parent=48353"}],"wp:term":[{"taxonomy":"category","embeddable":true,"href":"https:\/\/filles-de-la-charite.org\/it\/wp-json\/wp\/v2\/categories?post=48353"},{"taxonomy":"post_tag","embeddable":true,"href":"https:\/\/filles-de-la-charite.org\/it\/wp-json\/wp\/v2\/tags?post=48353"}],"curies":[{"name":"wp","href":"https:\/\/api.w.org\/{rel}","templated":true}]}}