{"id":48549,"date":"2026-01-31T22:10:00","date_gmt":"2026-01-31T21:10:00","guid":{"rendered":"https:\/\/filles-de-la-charite.org\/una-comunidad-interprovincial-en-camino-en-las-fronteras-de-la-vida\/"},"modified":"2026-02-05T09:36:57","modified_gmt":"2026-02-05T08:36:57","slug":"una-comunidad-interprovincial-en-camino-en-las-fronteras-de-la-vida","status":"publish","type":"post","link":"https:\/\/filles-de-la-charite.org\/it\/una-comunidad-interprovincial-en-camino-en-las-fronteras-de-la-vida\/","title":{"rendered":"Una comunit\u00e0 interprovinciale in cammino, alle frontiere della vita"},"content":{"rendered":"\n<p>Siamo nate da una chiamata che ha risuonato con forza nelle Province di Spagna, dopo l\u2019Assemblea generale. Ci ha spinte ad andare oltre, verso altre frontiere umane e geografiche, l\u00e0 dove la dignit\u00e0 delle persone \u00e8 maggiormente minacciata. Da quell\u2019ascolto si \u00e8 progressivamente delineato un modo concreto di vivere: una comunit\u00e0 interprovinciale, che in seguito \u00e8 diventata una missione itinerante, con il desiderio di rimanere attente al soffio dello Spirito e alla realt\u00e0 che ci interpellava ovunque si trovassero i poveri.<\/p>\n\n\n\n<figure class=\"wp-block-image size-full\"><img loading=\"lazy\" decoding=\"async\" width=\"808\" height=\"354\" src=\"https:\/\/filles-de-la-charite.org\/wp-content\/uploads\/2026\/02\/WhatsApp-Image-2026-02-01-at-00.59.20.jpeg\" alt=\"\" class=\"wp-image-48542\" srcset=\"https:\/\/filles-de-la-charite.org\/wp-content\/uploads\/2026\/02\/WhatsApp-Image-2026-02-01-at-00.59.20.jpeg 808w, https:\/\/filles-de-la-charite.org\/wp-content\/uploads\/2026\/02\/WhatsApp-Image-2026-02-01-at-00.59.20-480x210.jpeg 480w\" sizes=\"(min-width: 0px) and (max-width: 480px) 480px, (min-width: 481px) 808px, 100vw\" \/><\/figure>\n\n\n\n<p>La prima tappa di questo cammino \u00e8 iniziata a Melilla, una zona di confine caratterizzata da migrazioni, passaggi e attese. L\u00ec abbiamo imparato ad accompagnare da vicino, a condividere la vita con persone migranti\u2014soprattutto i giovani\u2014e a rispondere ai loro bisogni pi\u00f9 essenziali, in un contesto complesso, in continua evoluzione e profondamente umano. L\u2019arrivo di Suor Lupita, grazie alla <em>Lumi\u00e8re <\/em>(l\u2019esperienza di due anni di servizio in un\u2019altra Provincia), \u00e8 stato un dono: la sua presenza, il suo sguardo e la sua disponibilit\u00e0 hanno arricchito la nostra vita fraterna e la nostra missione.<\/p>\n\n\n\n<figure class=\"wp-block-image size-large\"><img loading=\"lazy\" decoding=\"async\" width=\"1024\" height=\"768\" src=\"https:\/\/filles-de-la-charite.org\/wp-content\/uploads\/2026\/02\/WhatsApp-Image-2026-02-01-at-00.10.12-1024x768.jpeg\" alt=\"\" class=\"wp-image-48543\" srcset=\"https:\/\/filles-de-la-charite.org\/wp-content\/uploads\/2026\/02\/WhatsApp-Image-2026-02-01-at-00.10.12-980x735.jpeg 980w, https:\/\/filles-de-la-charite.org\/wp-content\/uploads\/2026\/02\/WhatsApp-Image-2026-02-01-at-00.10.12-480x360.jpeg 480w\" sizes=\"(min-width: 0px) and (max-width: 480px) 480px, (min-width: 481px) and (max-width: 980px) 980px, (min-width: 981px) 1024px, 100vw\" \/><\/figure>\n\n\n\n<p>Col tempo, man mano che a Melilla miglioravano le condizioni di accoglienza e le rotte migratorie si spostavano, abbiamo individuato un nuovo appello che richiedeva una risposta urgente: le famiglie di montagna colpite dal terremoto di Marrakech del 2023. La Comunit\u00e0 si \u00e8 trasferita l\u00ec e, per due anni, in collaborazione con Caritas Marrakech, abbiamo partecipato a progetti di ricostruzione, potenziamento e sviluppo nei villaggi dell&#8217;Atlante marocchino. Anche l\u00ec, nella parrocchia con i Padri Francescani, ci aspettavano un numero crescente di giovani migranti subsahariani. Abbiamo ampliato la missione offrendo loro accoglienza, cura e accompagnamento, ascoltando storie intrecciate di sofferenza e speranza.<\/p>\n\n\n\n<figure class=\"wp-block-image size-large\"><img loading=\"lazy\" decoding=\"async\" width=\"768\" height=\"1024\" src=\"https:\/\/filles-de-la-charite.org\/wp-content\/uploads\/2026\/02\/WhatsApp-Image-2026-01-31-at-23.35.47-768x1024.jpeg\" alt=\"\" class=\"wp-image-48538\"\/><\/figure>\n\n\n\n<p>Mentre il progetto legato al sisma volgeva al termine e il lavoro con i migranti veniva portato avanti da un\u2019\u00e9quipe di volontari, ci siamo interrogate, ancora una volta, sulla chiamata che un tempo aveva risuonato con forza. Abbiamo riascoltato la domanda fondamentale: dove, oggi, la frontiera richiede la nostra presenza? Ci siamo impegnate in un discernimento condiviso insieme alle Visitatrici e alla Consigliera Generale. In questo processo, l\u2019aumento significativo degli arrivi di imbarcazioni alle Isole Baleari e la scarsit\u00e0 di risorse di accoglienza hanno indicato un nuovo orizzonte. Il 29 settembre, le Visitatrici ci hanno comunicato l\u2019invio della comunit\u00e0 a Maiorca.<\/p>\n\n\n\n<figure class=\"wp-block-image size-full\"><img loading=\"lazy\" decoding=\"async\" width=\"1024\" height=\"576\" src=\"https:\/\/filles-de-la-charite.org\/wp-content\/uploads\/2026\/02\/WhatsApp-Image-2026-01-31-at-23.56.50.jpeg\" alt=\"\" class=\"wp-image-48539\" srcset=\"https:\/\/filles-de-la-charite.org\/wp-content\/uploads\/2026\/02\/WhatsApp-Image-2026-01-31-at-23.56.50.jpeg 1024w, https:\/\/filles-de-la-charite.org\/wp-content\/uploads\/2026\/02\/WhatsApp-Image-2026-01-31-at-23.56.50-980x551.jpeg 980w, https:\/\/filles-de-la-charite.org\/wp-content\/uploads\/2026\/02\/WhatsApp-Image-2026-01-31-at-23.56.50-480x270.jpeg 480w\" sizes=\"(min-width: 0px) and (max-width: 480px) 480px, (min-width: 481px) and (max-width: 980px) 980px, (min-width: 981px) 1024px, 100vw\" \/><\/figure>\n\n\n\n<p>Oggi la nostra missione si concretizza nel lavoro diretto con le persone migranti in zone di frontiera, collaborando in particolare con la Croce Rossa, il che ci permette di essere in prima linea nell\u2019accoglienza di piccole imbarcazioni e nell\u2019integrazione nei servizi con la Caritas. Ad ogni arrivo, cerchiamo di offrire pi\u00f9 che una risposta materiale: ci impegniamo ad umanizzare ogni gesto, a salvaguardare la dignit\u00e0 in ogni incontro, a offrire una vicinanza reale e a sostenere la speranza in mezzo alle fragilit\u00e0.<\/p>\n\n\n\n<figure class=\"wp-block-image size-large\"><img decoding=\"async\" src=\"https:\/\/filles-de-la-charite.org\/wp-content\/uploads\/2026\/02\/Diseno-sin-titulo-5-1024x511.png\" alt=\"\"\/><\/figure>\n\n\n\n<p>Questo percorso\u2014Melilla, Marrakech, Maiorca\u2014non \u00e8 una successione di destinazioni, ma un unico cammino intessuto di fedelt\u00e0 alla vocazione ricevuta da Dio, nell\u2019oggi dei poveri: uscire\u2026 andare verso\u2026 incontrare coloro che chiedono di essere accolti e riconosciuti nella loro dignit\u00e0, e \u00absar\u00e0 possibile sentire che le parole di Ges\u00f9: \u00ab\u201cIo ti ho amato\u201d sono per loro\u00bb (Ap 3,9; Dilexi Te, n. 121).<\/p>\n\n\n\n<figure class=\"wp-block-image aligncenter size-full\"><img decoding=\"async\" src=\"https:\/\/filles-de-la-charite.org\/wp-content\/uploads\/2026\/02\/IMG-20260201-WA0024.jpg\" alt=\"\" class=\"wp-image-48626\"\/><\/figure>\n","protected":false},"excerpt":{"rendered":"<p>Siamo nate da una chiamata che ha risuonato con forza nelle Province di Spagna, dopo l\u2019Assemblea generale. Ci ha spinte ad andare oltre, verso altre frontiere umane e geografiche, l\u00e0 dove la dignit\u00e0 delle persone \u00e8 maggiormente minacciata. Da quell\u2019ascolto si \u00e8 progressivamente delineato un modo concreto di vivere: una comunit\u00e0 interprovinciale, che in seguito [&hellip;]<\/p>\n","protected":false},"author":5,"featured_media":48550,"comment_status":"closed","ping_status":"closed","sticky":false,"template":"","format":"standard","meta":{"_acf_changed":false,"_et_pb_use_builder":"","_et_pb_old_content":"","_et_gb_content_width":"","footnotes":"","_links_to":"","_links_to_target":""},"categories":[834,766],"tags":[],"class_list":["post-48549","post","type-post","status-publish","format-standard","has-post-thumbnail","hentry","category-messico","category-espana-it"],"acf":[],"yoast_head":"<!-- This site is optimized with the Yoast SEO plugin v27.5 - https:\/\/yoast.com\/product\/yoast-seo-wordpress\/ -->\n<title>Una comunit\u00e0 interprovinciale in cammino, alle frontiere della vita - Filles de la Charit\u00e9<\/title>\n<meta name=\"robots\" content=\"index, follow, max-snippet:-1, max-image-preview:large, max-video-preview:-1\" \/>\n<link rel=\"canonical\" href=\"https:\/\/filles-de-la-charite.org\/it\/una-comunidad-interprovincial-en-camino-en-las-fronteras-de-la-vida\/\" \/>\n<meta property=\"og:locale\" content=\"it_IT\" \/>\n<meta property=\"og:type\" content=\"article\" \/>\n<meta property=\"og:title\" content=\"Una comunit\u00e0 interprovinciale in cammino, alle frontiere della vita - Filles de la Charit\u00e9\" \/>\n<meta property=\"og:description\" content=\"Siamo nate da una chiamata che ha risuonato con forza nelle Province di Spagna, dopo l\u2019Assemblea generale. Ci ha spinte ad andare oltre, verso altre frontiere umane e geografiche, l\u00e0 dove la dignit\u00e0 delle persone \u00e8 maggiormente minacciata. Da quell\u2019ascolto si \u00e8 progressivamente delineato un modo concreto di vivere: una comunit\u00e0 interprovinciale, che in seguito [&hellip;]\" \/>\n<meta property=\"og:url\" content=\"https:\/\/filles-de-la-charite.org\/it\/una-comunidad-interprovincial-en-camino-en-las-fronteras-de-la-vida\/\" \/>\n<meta property=\"og:site_name\" content=\"Filles de la Charit\u00e9\" \/>\n<meta property=\"article:published_time\" content=\"2026-01-31T21:10:00+00:00\" \/>\n<meta property=\"article:modified_time\" content=\"2026-02-05T08:36:57+00:00\" \/>\n<meta property=\"og:image\" content=\"https:\/\/filles-de-la-charite.org\/wp-content\/uploads\/2026\/02\/mision-interprovincial-thumbnail-scaled.jpg\" \/>\n\t<meta property=\"og:image:width\" content=\"2560\" \/>\n\t<meta property=\"og:image:height\" content=\"1440\" \/>\n\t<meta property=\"og:image:type\" content=\"image\/jpeg\" \/>\n<meta name=\"author\" content=\"SOR MARTA\" \/>\n<meta name=\"twitter:card\" content=\"summary_large_image\" \/>\n<meta name=\"twitter:label1\" content=\"Scritto da\" \/>\n\t<meta name=\"twitter:data1\" content=\"SOR MARTA\" \/>\n\t<meta name=\"twitter:label2\" content=\"Tempo di lettura stimato\" \/>\n\t<meta name=\"twitter:data2\" content=\"4 minuti\" \/>\n<script type=\"application\/ld+json\" class=\"yoast-schema-graph\">{\"@context\":\"https:\\\/\\\/schema.org\",\"@graph\":[{\"@type\":\"Article\",\"@id\":\"https:\\\/\\\/filles-de-la-charite.org\\\/it\\\/una-comunidad-interprovincial-en-camino-en-las-fronteras-de-la-vida\\\/#article\",\"isPartOf\":{\"@id\":\"https:\\\/\\\/filles-de-la-charite.org\\\/it\\\/una-comunidad-interprovincial-en-camino-en-las-fronteras-de-la-vida\\\/\"},\"author\":{\"name\":\"SOR MARTA\",\"@id\":\"https:\\\/\\\/filles-de-la-charite.org\\\/it\\\/#\\\/schema\\\/person\\\/0c922b6ca71280639858d297b3a7209f\"},\"headline\":\"Una comunit\u00e0 interprovinciale in cammino, alle frontiere della vita\",\"datePublished\":\"2026-01-31T21:10:00+00:00\",\"dateModified\":\"2026-02-05T08:36:57+00:00\",\"mainEntityOfPage\":{\"@id\":\"https:\\\/\\\/filles-de-la-charite.org\\\/it\\\/una-comunidad-interprovincial-en-camino-en-las-fronteras-de-la-vida\\\/\"},\"wordCount\":534,\"publisher\":{\"@id\":\"https:\\\/\\\/filles-de-la-charite.org\\\/it\\\/#organization\"},\"image\":{\"@id\":\"https:\\\/\\\/filles-de-la-charite.org\\\/it\\\/una-comunidad-interprovincial-en-camino-en-las-fronteras-de-la-vida\\\/#primaryimage\"},\"thumbnailUrl\":\"https:\\\/\\\/filles-de-la-charite.org\\\/wp-content\\\/uploads\\\/2026\\\/02\\\/mision-interprovincial-thumbnail-scaled.jpg\",\"articleSection\":[\"Messico\",\"Spagna\"],\"inLanguage\":\"it-IT\"},{\"@type\":\"WebPage\",\"@id\":\"https:\\\/\\\/filles-de-la-charite.org\\\/it\\\/una-comunidad-interprovincial-en-camino-en-las-fronteras-de-la-vida\\\/\",\"url\":\"https:\\\/\\\/filles-de-la-charite.org\\\/it\\\/una-comunidad-interprovincial-en-camino-en-las-fronteras-de-la-vida\\\/\",\"name\":\"Una comunit\u00e0 interprovinciale in cammino, alle frontiere della vita - Filles de la Charit\u00e9\",\"isPartOf\":{\"@id\":\"https:\\\/\\\/filles-de-la-charite.org\\\/it\\\/#website\"},\"primaryImageOfPage\":{\"@id\":\"https:\\\/\\\/filles-de-la-charite.org\\\/it\\\/una-comunidad-interprovincial-en-camino-en-las-fronteras-de-la-vida\\\/#primaryimage\"},\"image\":{\"@id\":\"https:\\\/\\\/filles-de-la-charite.org\\\/it\\\/una-comunidad-interprovincial-en-camino-en-las-fronteras-de-la-vida\\\/#primaryimage\"},\"thumbnailUrl\":\"https:\\\/\\\/filles-de-la-charite.org\\\/wp-content\\\/uploads\\\/2026\\\/02\\\/mision-interprovincial-thumbnail-scaled.jpg\",\"datePublished\":\"2026-01-31T21:10:00+00:00\",\"dateModified\":\"2026-02-05T08:36:57+00:00\",\"breadcrumb\":{\"@id\":\"https:\\\/\\\/filles-de-la-charite.org\\\/it\\\/una-comunidad-interprovincial-en-camino-en-las-fronteras-de-la-vida\\\/#breadcrumb\"},\"inLanguage\":\"it-IT\",\"potentialAction\":[{\"@type\":\"ReadAction\",\"target\":[\"https:\\\/\\\/filles-de-la-charite.org\\\/it\\\/una-comunidad-interprovincial-en-camino-en-las-fronteras-de-la-vida\\\/\"]}]},{\"@type\":\"ImageObject\",\"inLanguage\":\"it-IT\",\"@id\":\"https:\\\/\\\/filles-de-la-charite.org\\\/it\\\/una-comunidad-interprovincial-en-camino-en-las-fronteras-de-la-vida\\\/#primaryimage\",\"url\":\"https:\\\/\\\/filles-de-la-charite.org\\\/wp-content\\\/uploads\\\/2026\\\/02\\\/mision-interprovincial-thumbnail-scaled.jpg\",\"contentUrl\":\"https:\\\/\\\/filles-de-la-charite.org\\\/wp-content\\\/uploads\\\/2026\\\/02\\\/mision-interprovincial-thumbnail-scaled.jpg\",\"width\":2560,\"height\":1440},{\"@type\":\"BreadcrumbList\",\"@id\":\"https:\\\/\\\/filles-de-la-charite.org\\\/it\\\/una-comunidad-interprovincial-en-camino-en-las-fronteras-de-la-vida\\\/#breadcrumb\",\"itemListElement\":[{\"@type\":\"ListItem\",\"position\":1,\"name\":\"Spagna\",\"item\":\"https:\\\/\\\/filles-de-la-charite.org\\\/it\\\/category\\\/espana-it\\\/\"},{\"@type\":\"ListItem\",\"position\":2,\"name\":\"Una comunit\u00e0 interprovinciale in cammino, alle frontiere della vita\"}]},{\"@type\":\"WebSite\",\"@id\":\"https:\\\/\\\/filles-de-la-charite.org\\\/it\\\/#website\",\"url\":\"https:\\\/\\\/filles-de-la-charite.org\\\/it\\\/\",\"name\":\"Hijas de la Caridad\",\"description\":\"L\u2019amour de J\u00e9sus nous presse \u00e0 prendre soin des personnes les plus d\u00e9munies\",\"publisher\":{\"@id\":\"https:\\\/\\\/filles-de-la-charite.org\\\/it\\\/#organization\"},\"potentialAction\":[{\"@type\":\"SearchAction\",\"target\":{\"@type\":\"EntryPoint\",\"urlTemplate\":\"https:\\\/\\\/filles-de-la-charite.org\\\/it\\\/?s={search_term_string}\"},\"query-input\":{\"@type\":\"PropertyValueSpecification\",\"valueRequired\":true,\"valueName\":\"search_term_string\"}}],\"inLanguage\":\"it-IT\"},{\"@type\":\"Organization\",\"@id\":\"https:\\\/\\\/filles-de-la-charite.org\\\/it\\\/#organization\",\"name\":\"Hijas de la Caridad\",\"url\":\"https:\\\/\\\/filles-de-la-charite.org\\\/it\\\/\",\"logo\":{\"@type\":\"ImageObject\",\"inLanguage\":\"it-IT\",\"@id\":\"https:\\\/\\\/filles-de-la-charite.org\\\/it\\\/#\\\/schema\\\/logo\\\/image\\\/\",\"url\":\"https:\\\/\\\/filles-de-la-charite.org\\\/wp-content\\\/uploads\\\/2023\\\/03\\\/isotipo-Hijas-de-la-Caridad.png\",\"contentUrl\":\"https:\\\/\\\/filles-de-la-charite.org\\\/wp-content\\\/uploads\\\/2023\\\/03\\\/isotipo-Hijas-de-la-Caridad.png\",\"width\":1417,\"height\":1417,\"caption\":\"Hijas de la Caridad\"},\"image\":{\"@id\":\"https:\\\/\\\/filles-de-la-charite.org\\\/it\\\/#\\\/schema\\\/logo\\\/image\\\/\"}},{\"@type\":\"Person\",\"@id\":\"https:\\\/\\\/filles-de-la-charite.org\\\/it\\\/#\\\/schema\\\/person\\\/0c922b6ca71280639858d297b3a7209f\",\"name\":\"SOR MARTA\",\"image\":{\"@type\":\"ImageObject\",\"inLanguage\":\"it-IT\",\"@id\":\"https:\\\/\\\/secure.gravatar.com\\\/avatar\\\/d2c45b0fd6bf2d3e2670ab3d112257c24ac80fa960360bba1bdc0676485d1d09?s=96&d=mm&r=g\",\"url\":\"https:\\\/\\\/secure.gravatar.com\\\/avatar\\\/d2c45b0fd6bf2d3e2670ab3d112257c24ac80fa960360bba1bdc0676485d1d09?s=96&d=mm&r=g\",\"contentUrl\":\"https:\\\/\\\/secure.gravatar.com\\\/avatar\\\/d2c45b0fd6bf2d3e2670ab3d112257c24ac80fa960360bba1bdc0676485d1d09?s=96&d=mm&r=g\",\"caption\":\"SOR MARTA\"},\"url\":\"https:\\\/\\\/filles-de-la-charite.org\\\/it\\\/author\\\/martaemn\\\/\"}]}<\/script>\n<!-- \/ Yoast SEO plugin. -->","yoast_head_json":{"title":"Una comunit\u00e0 interprovinciale in cammino, alle frontiere della vita - Filles de la Charit\u00e9","robots":{"index":"index","follow":"follow","max-snippet":"max-snippet:-1","max-image-preview":"max-image-preview:large","max-video-preview":"max-video-preview:-1"},"canonical":"https:\/\/filles-de-la-charite.org\/it\/una-comunidad-interprovincial-en-camino-en-las-fronteras-de-la-vida\/","og_locale":"it_IT","og_type":"article","og_title":"Una comunit\u00e0 interprovinciale in cammino, alle frontiere della vita - Filles de la Charit\u00e9","og_description":"Siamo nate da una chiamata che ha risuonato con forza nelle Province di Spagna, dopo l\u2019Assemblea generale. Ci ha spinte ad andare oltre, verso altre frontiere umane e geografiche, l\u00e0 dove la dignit\u00e0 delle persone \u00e8 maggiormente minacciata. Da quell\u2019ascolto si \u00e8 progressivamente delineato un modo concreto di vivere: una comunit\u00e0 interprovinciale, che in seguito [&hellip;]","og_url":"https:\/\/filles-de-la-charite.org\/it\/una-comunidad-interprovincial-en-camino-en-las-fronteras-de-la-vida\/","og_site_name":"Filles de la Charit\u00e9","article_published_time":"2026-01-31T21:10:00+00:00","article_modified_time":"2026-02-05T08:36:57+00:00","og_image":[{"width":2560,"height":1440,"url":"https:\/\/filles-de-la-charite.org\/wp-content\/uploads\/2026\/02\/mision-interprovincial-thumbnail-scaled.jpg","type":"image\/jpeg"}],"author":"SOR MARTA","twitter_card":"summary_large_image","twitter_misc":{"Scritto da":"SOR MARTA","Tempo di lettura stimato":"4 minuti"},"schema":{"@context":"https:\/\/schema.org","@graph":[{"@type":"Article","@id":"https:\/\/filles-de-la-charite.org\/it\/una-comunidad-interprovincial-en-camino-en-las-fronteras-de-la-vida\/#article","isPartOf":{"@id":"https:\/\/filles-de-la-charite.org\/it\/una-comunidad-interprovincial-en-camino-en-las-fronteras-de-la-vida\/"},"author":{"name":"SOR MARTA","@id":"https:\/\/filles-de-la-charite.org\/it\/#\/schema\/person\/0c922b6ca71280639858d297b3a7209f"},"headline":"Una comunit\u00e0 interprovinciale in cammino, alle frontiere della vita","datePublished":"2026-01-31T21:10:00+00:00","dateModified":"2026-02-05T08:36:57+00:00","mainEntityOfPage":{"@id":"https:\/\/filles-de-la-charite.org\/it\/una-comunidad-interprovincial-en-camino-en-las-fronteras-de-la-vida\/"},"wordCount":534,"publisher":{"@id":"https:\/\/filles-de-la-charite.org\/it\/#organization"},"image":{"@id":"https:\/\/filles-de-la-charite.org\/it\/una-comunidad-interprovincial-en-camino-en-las-fronteras-de-la-vida\/#primaryimage"},"thumbnailUrl":"https:\/\/filles-de-la-charite.org\/wp-content\/uploads\/2026\/02\/mision-interprovincial-thumbnail-scaled.jpg","articleSection":["Messico","Spagna"],"inLanguage":"it-IT"},{"@type":"WebPage","@id":"https:\/\/filles-de-la-charite.org\/it\/una-comunidad-interprovincial-en-camino-en-las-fronteras-de-la-vida\/","url":"https:\/\/filles-de-la-charite.org\/it\/una-comunidad-interprovincial-en-camino-en-las-fronteras-de-la-vida\/","name":"Una comunit\u00e0 interprovinciale in cammino, alle frontiere della vita - Filles de la Charit\u00e9","isPartOf":{"@id":"https:\/\/filles-de-la-charite.org\/it\/#website"},"primaryImageOfPage":{"@id":"https:\/\/filles-de-la-charite.org\/it\/una-comunidad-interprovincial-en-camino-en-las-fronteras-de-la-vida\/#primaryimage"},"image":{"@id":"https:\/\/filles-de-la-charite.org\/it\/una-comunidad-interprovincial-en-camino-en-las-fronteras-de-la-vida\/#primaryimage"},"thumbnailUrl":"https:\/\/filles-de-la-charite.org\/wp-content\/uploads\/2026\/02\/mision-interprovincial-thumbnail-scaled.jpg","datePublished":"2026-01-31T21:10:00+00:00","dateModified":"2026-02-05T08:36:57+00:00","breadcrumb":{"@id":"https:\/\/filles-de-la-charite.org\/it\/una-comunidad-interprovincial-en-camino-en-las-fronteras-de-la-vida\/#breadcrumb"},"inLanguage":"it-IT","potentialAction":[{"@type":"ReadAction","target":["https:\/\/filles-de-la-charite.org\/it\/una-comunidad-interprovincial-en-camino-en-las-fronteras-de-la-vida\/"]}]},{"@type":"ImageObject","inLanguage":"it-IT","@id":"https:\/\/filles-de-la-charite.org\/it\/una-comunidad-interprovincial-en-camino-en-las-fronteras-de-la-vida\/#primaryimage","url":"https:\/\/filles-de-la-charite.org\/wp-content\/uploads\/2026\/02\/mision-interprovincial-thumbnail-scaled.jpg","contentUrl":"https:\/\/filles-de-la-charite.org\/wp-content\/uploads\/2026\/02\/mision-interprovincial-thumbnail-scaled.jpg","width":2560,"height":1440},{"@type":"BreadcrumbList","@id":"https:\/\/filles-de-la-charite.org\/it\/una-comunidad-interprovincial-en-camino-en-las-fronteras-de-la-vida\/#breadcrumb","itemListElement":[{"@type":"ListItem","position":1,"name":"Spagna","item":"https:\/\/filles-de-la-charite.org\/it\/category\/espana-it\/"},{"@type":"ListItem","position":2,"name":"Una comunit\u00e0 interprovinciale in cammino, alle frontiere della vita"}]},{"@type":"WebSite","@id":"https:\/\/filles-de-la-charite.org\/it\/#website","url":"https:\/\/filles-de-la-charite.org\/it\/","name":"Hijas de la Caridad","description":"L\u2019amour de J\u00e9sus nous presse \u00e0 prendre soin des personnes les plus d\u00e9munies","publisher":{"@id":"https:\/\/filles-de-la-charite.org\/it\/#organization"},"potentialAction":[{"@type":"SearchAction","target":{"@type":"EntryPoint","urlTemplate":"https:\/\/filles-de-la-charite.org\/it\/?s={search_term_string}"},"query-input":{"@type":"PropertyValueSpecification","valueRequired":true,"valueName":"search_term_string"}}],"inLanguage":"it-IT"},{"@type":"Organization","@id":"https:\/\/filles-de-la-charite.org\/it\/#organization","name":"Hijas de la Caridad","url":"https:\/\/filles-de-la-charite.org\/it\/","logo":{"@type":"ImageObject","inLanguage":"it-IT","@id":"https:\/\/filles-de-la-charite.org\/it\/#\/schema\/logo\/image\/","url":"https:\/\/filles-de-la-charite.org\/wp-content\/uploads\/2023\/03\/isotipo-Hijas-de-la-Caridad.png","contentUrl":"https:\/\/filles-de-la-charite.org\/wp-content\/uploads\/2023\/03\/isotipo-Hijas-de-la-Caridad.png","width":1417,"height":1417,"caption":"Hijas de la Caridad"},"image":{"@id":"https:\/\/filles-de-la-charite.org\/it\/#\/schema\/logo\/image\/"}},{"@type":"Person","@id":"https:\/\/filles-de-la-charite.org\/it\/#\/schema\/person\/0c922b6ca71280639858d297b3a7209f","name":"SOR MARTA","image":{"@type":"ImageObject","inLanguage":"it-IT","@id":"https:\/\/secure.gravatar.com\/avatar\/d2c45b0fd6bf2d3e2670ab3d112257c24ac80fa960360bba1bdc0676485d1d09?s=96&d=mm&r=g","url":"https:\/\/secure.gravatar.com\/avatar\/d2c45b0fd6bf2d3e2670ab3d112257c24ac80fa960360bba1bdc0676485d1d09?s=96&d=mm&r=g","contentUrl":"https:\/\/secure.gravatar.com\/avatar\/d2c45b0fd6bf2d3e2670ab3d112257c24ac80fa960360bba1bdc0676485d1d09?s=96&d=mm&r=g","caption":"SOR MARTA"},"url":"https:\/\/filles-de-la-charite.org\/it\/author\/martaemn\/"}]}},"_links":{"self":[{"href":"https:\/\/filles-de-la-charite.org\/it\/wp-json\/wp\/v2\/posts\/48549","targetHints":{"allow":["GET"]}}],"collection":[{"href":"https:\/\/filles-de-la-charite.org\/it\/wp-json\/wp\/v2\/posts"}],"about":[{"href":"https:\/\/filles-de-la-charite.org\/it\/wp-json\/wp\/v2\/types\/post"}],"author":[{"embeddable":true,"href":"https:\/\/filles-de-la-charite.org\/it\/wp-json\/wp\/v2\/users\/5"}],"replies":[{"embeddable":true,"href":"https:\/\/filles-de-la-charite.org\/it\/wp-json\/wp\/v2\/comments?post=48549"}],"version-history":[{"count":3,"href":"https:\/\/filles-de-la-charite.org\/it\/wp-json\/wp\/v2\/posts\/48549\/revisions"}],"predecessor-version":[{"id":48718,"href":"https:\/\/filles-de-la-charite.org\/it\/wp-json\/wp\/v2\/posts\/48549\/revisions\/48718"}],"wp:featuredmedia":[{"embeddable":true,"href":"https:\/\/filles-de-la-charite.org\/it\/wp-json\/wp\/v2\/media\/48550"}],"wp:attachment":[{"href":"https:\/\/filles-de-la-charite.org\/it\/wp-json\/wp\/v2\/media?parent=48549"}],"wp:term":[{"taxonomy":"category","embeddable":true,"href":"https:\/\/filles-de-la-charite.org\/it\/wp-json\/wp\/v2\/categories?post=48549"},{"taxonomy":"post_tag","embeddable":true,"href":"https:\/\/filles-de-la-charite.org\/it\/wp-json\/wp\/v2\/tags?post=48549"}],"curies":[{"name":"wp","href":"https:\/\/api.w.org\/{rel}","templated":true}]}}