{"id":48776,"date":"2026-02-08T08:00:00","date_gmt":"2026-02-08T07:00:00","guid":{"rendered":"https:\/\/filles-de-la-charite.org\/?p=48776"},"modified":"2026-02-11T15:53:03","modified_gmt":"2026-02-11T14:53:03","slug":"si-nuestro-testimonio-ayuda-aunque-sea-a-una-sola-mujer-seremos-felices","status":"publish","type":"post","link":"https:\/\/filles-de-la-charite.org\/it\/si-nuestro-testimonio-ayuda-aunque-sea-a-una-sola-mujer-seremos-felices\/","title":{"rendered":"TESTIMONI per aiutare altri"},"content":{"rendered":"\n<p>In occasione dell\u2019imminente Giornata internazionale di preghiera e di riflessione sulla lotta contro la tratta di esseri umani, ho deciso di parlare con le residenti del Centro diurno per donne senza fissa dimora e donne a rischio di perdere la casa, gestito dalla Fondazione Mi\u0142osierdzie. Sono rimasta sorpresa dalla loro risposta entusiasta e dalla loro grande apertura.<\/p>\n\n\n\n<figure class=\"wp-block-image size-large\"><img loading=\"lazy\" decoding=\"async\" width=\"900\" height=\"675\" src=\"https:\/\/filles-de-la-charite.org\/wp-content\/uploads\/2026\/02\/WhatsApp-Image-2026-01-29-at-16.07.44-1-edited.jpeg\" alt=\"\" class=\"wp-image-48758\" srcset=\"https:\/\/filles-de-la-charite.org\/wp-content\/uploads\/2026\/02\/WhatsApp-Image-2026-01-29-at-16.07.44-1-edited.jpeg 900w, https:\/\/filles-de-la-charite.org\/wp-content\/uploads\/2026\/02\/WhatsApp-Image-2026-01-29-at-16.07.44-1-edited-480x360.jpeg 480w\" sizes=\"(min-width: 0px) and (max-width: 480px) 480px, (min-width: 481px) 900px, 100vw\" \/><\/figure>\n\n\n\n<p>Continuavano a ripetere che \u00e8 necessario parlare apertamente di questo tipo di minacce, affinch\u00e9 le ragazze e le donne sappiano quali sono i segnali a cui prestare attenzione, quali situazioni evitare e che devono verificare attentamente le condizioni di qualsiasi offerta di lavoro. Nei luoghi pubblici, nelle stazioni ferroviarie e nei parchi, spesso incontrano reclutatori di gruppi criminali. Hanno detto che non si tratta solo di uomini, ma anche di donne o coppie che fingono di essere sposate e offrono lavoro. Hanno detto che le condizioni finanziarie disastrose, la fame e la mancanza di una casa spingono le donne ad accettare offerte di lavoro incerte e persino a prostituirsi. La paura, la confusione e la tristezza sembrano attirare i criminali. Hanno avvertito che bisogna stare attenti per strada, anche quando si accetta cibo o bevande da qualcuno, poich\u00e9 hanno incontrato situazioni in cui le donne sono state drogate in questo modo. C&#8217;erano anche persone che offrivano droghe gratuite per rendere dipendente la persona che avevano preso di mira.<\/p>\n\n\n\n<figure class=\"wp-block-image size-full\"><img loading=\"lazy\" decoding=\"async\" width=\"900\" height=\"675\" src=\"https:\/\/filles-de-la-charite.org\/wp-content\/uploads\/2026\/02\/thumbnail.jpeg\" alt=\"\" class=\"wp-image-48768\" srcset=\"https:\/\/filles-de-la-charite.org\/wp-content\/uploads\/2026\/02\/thumbnail.jpeg 900w, https:\/\/filles-de-la-charite.org\/wp-content\/uploads\/2026\/02\/thumbnail-480x360.jpeg 480w\" sizes=\"(min-width: 0px) and (max-width: 480px) 480px, (min-width: 481px) 900px, 100vw\" \/><\/figure>\n\n\n\n<p>Signora Marianna: Tutto \u00e8 iniziato con la danza. Ero una ballerina professionista invitata a vari eventi aziendali e serate di gala. Col passare del tempo, i miei datori di lavoro hanno iniziato a farmi sempre pi\u00f9 pressione, costringendomi a prostituirmi. Una volta accettato, non potevo pi\u00f9 tornare indietro. Ho cercato di liberarmi accettando un&#8217;offerta di lavoro in Germania. Era una trappola, sono stata imprigionata l\u00ec. Un uomo polacco mi ha aiutato a fuggire. Sono tornata in uno stato mentale e fisico terribile. Un mio parente mi ha aiutato organizzandomi una terapia in una citt\u00e0 lontana e poi aiutandomi a trovare un lavoro e un posto dove vivere l\u00ec.<\/p>\n\n\n\n<p>Signora Alicja: Una volta, mentre facevo l&#8217;autostop, ho incontrato un gruppo di bulgari che mi hanno rapita. In un&#8217;area di sosta sono riuscita a liberarmi, ho lottato per la mia dignit\u00e0, ho lottato per la mia vita. Sono riuscita a scappare. Non far\u00f2 mai pi\u00f9 l&#8217;autostop.<\/p>\n\n\n\n<figure class=\"wp-block-image size-large\"><img loading=\"lazy\" decoding=\"async\" width=\"900\" height=\"675\" src=\"https:\/\/filles-de-la-charite.org\/wp-content\/uploads\/2026\/02\/WhatsApp-Image-2026-01-29-at-16.10.07-edited.jpeg\" alt=\"\" class=\"wp-image-48760\" srcset=\"https:\/\/filles-de-la-charite.org\/wp-content\/uploads\/2026\/02\/WhatsApp-Image-2026-01-29-at-16.10.07-edited.jpeg 900w, https:\/\/filles-de-la-charite.org\/wp-content\/uploads\/2026\/02\/WhatsApp-Image-2026-01-29-at-16.10.07-edited-480x360.jpeg 480w\" sizes=\"(min-width: 0px) and (max-width: 480px) 480px, (min-width: 481px) 900px, 100vw\" \/><\/figure>\n\n\n\n<p>Anna: Mentre facevo l&#8217;autostop, sono stata rapita e il rapitore mi ha puntato una pistola alla testa. Ho iniziato a supplicarlo di lasciarmi andare e gli ho mostrato un video di mio figlio sul mio telefono. Quando ha sentito il bambino piangere, ha aperto la portiera e mi ha buttata fuori dall&#8217;auto in corsa. Sono sopravvissuta.<\/p>\n\n\n\n<p>Signora Eleonora: Lavoravo illegalmente come donna delle pulizie nella villa di una famiglia. Un uomo mi accompagnava e mi veniva a prendere dopo il lavoro, ma un giorno ha iniziato a minacciarmi e a farmi proposte immorali&#8230; Quanto ho pregato in quel momento&#8230; Ho chiesto aiuto al mio Angelo Custode per tutto il tragitto. A una fermata sono scappata e non sono pi\u00f9 tornata l\u00ec. Il mio Angelo Custode mi ha salvata&#8230;<\/p>\n\n\n\n<figure class=\"wp-block-image size-large\"><img loading=\"lazy\" decoding=\"async\" width=\"900\" height=\"675\" src=\"https:\/\/filles-de-la-charite.org\/wp-content\/uploads\/2026\/02\/WhatsApp-Image-2026-01-29-at-16.11.13-edited.jpeg\" alt=\"\" class=\"wp-image-48761\" srcset=\"https:\/\/filles-de-la-charite.org\/wp-content\/uploads\/2026\/02\/WhatsApp-Image-2026-01-29-at-16.11.13-edited.jpeg 900w, https:\/\/filles-de-la-charite.org\/wp-content\/uploads\/2026\/02\/WhatsApp-Image-2026-01-29-at-16.11.13-edited-480x360.jpeg 480w\" sizes=\"(min-width: 0px) and (max-width: 480px) 480px, (min-width: 481px) 900px, 100vw\" \/><\/figure>\n\n\n\n<p>Le donne hanno concordato all&#8217;unanimit\u00e0 che dopo esperienze del genere \u00e8 difficile fidarsi di qualcuno, instaurare una relazione sentimentale, il trauma ritorna&#8230; spesso sono necessarie terapie a lungo termine e cure psichiatriche. Hanno sottolineato quanto sia importante trovare un luogo sicuro, essere circondate da persone gentili, trovare un posto dove poter stare solo in compagnia di altre donne. Apprezzano molto sia l&#8217;aiuto nel trovare un lavoro sicuro sia l&#8217;opportunit\u00e0 di parlare delle loro esperienze. <\/p>\n\n\n\n<figure class=\"wp-block-image size-large\"><img loading=\"lazy\" decoding=\"async\" width=\"900\" height=\"675\" src=\"https:\/\/filles-de-la-charite.org\/wp-content\/uploads\/2026\/02\/WhatsApp-Image-2026-01-29-at-16.11.00-edited-1.jpeg\" alt=\"\" class=\"wp-image-48771\" srcset=\"https:\/\/filles-de-la-charite.org\/wp-content\/uploads\/2026\/02\/WhatsApp-Image-2026-01-29-at-16.11.00-edited-1.jpeg 900w, https:\/\/filles-de-la-charite.org\/wp-content\/uploads\/2026\/02\/WhatsApp-Image-2026-01-29-at-16.11.00-edited-1-480x360.jpeg 480w\" sizes=\"(min-width: 0px) and (max-width: 480px) 480px, (min-width: 481px) 900px, 100vw\" \/><\/figure>\n\n\n\n<p><strong>Dicono che se la loro testimonianza aiuter\u00e0 anche solo una donna, saranno felici.<\/strong><\/p>\n","protected":false},"excerpt":{"rendered":"<p>In occasione dell\u2019imminente Giornata internazionale di preghiera e di riflessione sulla lotta contro la tratta di esseri umani, ho deciso di parlare con le residenti del Centro diurno per donne senza fissa dimora e donne a rischio di perdere la casa, gestito dalla Fondazione Mi\u0142osierdzie. Sono rimasta sorpresa dalla loro risposta entusiasta e dalla loro [&hellip;]<\/p>\n","protected":false},"author":5,"featured_media":48777,"comment_status":"closed","ping_status":"closed","sticky":false,"template":"","format":"standard","meta":{"_acf_changed":false,"_et_pb_use_builder":"","_et_pb_old_content":"","_et_gb_content_width":"","footnotes":"","_links_to":"","_links_to_target":""},"categories":[917],"tags":[],"class_list":["post-48776","post","type-post","status-publish","format-standard","has-post-thumbnail","hentry","category-polonia"],"acf":[],"yoast_head":"<!-- This site is optimized with the Yoast SEO plugin v27.5 - https:\/\/yoast.com\/product\/yoast-seo-wordpress\/ -->\n<title>TESTIMONI per aiutare altri - Filles de la Charit\u00e9<\/title>\n<meta name=\"robots\" content=\"index, follow, max-snippet:-1, max-image-preview:large, max-video-preview:-1\" \/>\n<link rel=\"canonical\" href=\"https:\/\/filles-de-la-charite.org\/it\/si-nuestro-testimonio-ayuda-aunque-sea-a-una-sola-mujer-seremos-felices\/\" \/>\n<meta property=\"og:locale\" content=\"it_IT\" \/>\n<meta property=\"og:type\" content=\"article\" \/>\n<meta property=\"og:title\" content=\"TESTIMONI per aiutare altri - Filles de la Charit\u00e9\" \/>\n<meta property=\"og:description\" content=\"In occasione dell\u2019imminente Giornata internazionale di preghiera e di riflessione sulla lotta contro la tratta di esseri umani, ho deciso di parlare con le residenti del Centro diurno per donne senza fissa dimora e donne a rischio di perdere la casa, gestito dalla Fondazione Mi\u0142osierdzie. Sono rimasta sorpresa dalla loro risposta entusiasta e dalla loro [&hellip;]\" \/>\n<meta property=\"og:url\" content=\"https:\/\/filles-de-la-charite.org\/it\/si-nuestro-testimonio-ayuda-aunque-sea-a-una-sola-mujer-seremos-felices\/\" \/>\n<meta property=\"og:site_name\" content=\"Filles de la Charit\u00e9\" \/>\n<meta property=\"article:published_time\" content=\"2026-02-08T07:00:00+00:00\" \/>\n<meta property=\"article:modified_time\" content=\"2026-02-11T14:53:03+00:00\" \/>\n<meta property=\"og:image\" content=\"https:\/\/filles-de-la-charite.org\/wp-content\/uploads\/2026\/02\/WhatsApp-Image-2026-01-29-at-16.07.54.jpeg\" \/>\n\t<meta property=\"og:image:width\" content=\"1600\" \/>\n\t<meta property=\"og:image:height\" content=\"900\" \/>\n\t<meta property=\"og:image:type\" content=\"image\/jpeg\" \/>\n<meta name=\"author\" content=\"SOR MARTA\" \/>\n<meta name=\"twitter:card\" content=\"summary_large_image\" \/>\n<meta name=\"twitter:label1\" content=\"Scritto da\" \/>\n\t<meta name=\"twitter:data1\" content=\"SOR MARTA\" \/>\n\t<meta name=\"twitter:label2\" content=\"Tempo di lettura stimato\" \/>\n\t<meta name=\"twitter:data2\" content=\"4 minuti\" \/>\n<script type=\"application\/ld+json\" class=\"yoast-schema-graph\">{\"@context\":\"https:\\\/\\\/schema.org\",\"@graph\":[{\"@type\":\"Article\",\"@id\":\"https:\\\/\\\/filles-de-la-charite.org\\\/it\\\/si-nuestro-testimonio-ayuda-aunque-sea-a-una-sola-mujer-seremos-felices\\\/#article\",\"isPartOf\":{\"@id\":\"https:\\\/\\\/filles-de-la-charite.org\\\/it\\\/si-nuestro-testimonio-ayuda-aunque-sea-a-una-sola-mujer-seremos-felices\\\/\"},\"author\":{\"name\":\"SOR MARTA\",\"@id\":\"https:\\\/\\\/filles-de-la-charite.org\\\/it\\\/#\\\/schema\\\/person\\\/0c922b6ca71280639858d297b3a7209f\"},\"headline\":\"TESTIMONI per aiutare altri\",\"datePublished\":\"2026-02-08T07:00:00+00:00\",\"dateModified\":\"2026-02-11T14:53:03+00:00\",\"mainEntityOfPage\":{\"@id\":\"https:\\\/\\\/filles-de-la-charite.org\\\/it\\\/si-nuestro-testimonio-ayuda-aunque-sea-a-una-sola-mujer-seremos-felices\\\/\"},\"wordCount\":607,\"publisher\":{\"@id\":\"https:\\\/\\\/filles-de-la-charite.org\\\/it\\\/#organization\"},\"image\":{\"@id\":\"https:\\\/\\\/filles-de-la-charite.org\\\/it\\\/si-nuestro-testimonio-ayuda-aunque-sea-a-una-sola-mujer-seremos-felices\\\/#primaryimage\"},\"thumbnailUrl\":\"https:\\\/\\\/filles-de-la-charite.org\\\/wp-content\\\/uploads\\\/2026\\\/02\\\/WhatsApp-Image-2026-01-29-at-16.07.54.jpeg\",\"articleSection\":[\"Polonia\"],\"inLanguage\":\"it-IT\"},{\"@type\":\"WebPage\",\"@id\":\"https:\\\/\\\/filles-de-la-charite.org\\\/it\\\/si-nuestro-testimonio-ayuda-aunque-sea-a-una-sola-mujer-seremos-felices\\\/\",\"url\":\"https:\\\/\\\/filles-de-la-charite.org\\\/it\\\/si-nuestro-testimonio-ayuda-aunque-sea-a-una-sola-mujer-seremos-felices\\\/\",\"name\":\"TESTIMONI per aiutare altri - Filles de la Charit\u00e9\",\"isPartOf\":{\"@id\":\"https:\\\/\\\/filles-de-la-charite.org\\\/it\\\/#website\"},\"primaryImageOfPage\":{\"@id\":\"https:\\\/\\\/filles-de-la-charite.org\\\/it\\\/si-nuestro-testimonio-ayuda-aunque-sea-a-una-sola-mujer-seremos-felices\\\/#primaryimage\"},\"image\":{\"@id\":\"https:\\\/\\\/filles-de-la-charite.org\\\/it\\\/si-nuestro-testimonio-ayuda-aunque-sea-a-una-sola-mujer-seremos-felices\\\/#primaryimage\"},\"thumbnailUrl\":\"https:\\\/\\\/filles-de-la-charite.org\\\/wp-content\\\/uploads\\\/2026\\\/02\\\/WhatsApp-Image-2026-01-29-at-16.07.54.jpeg\",\"datePublished\":\"2026-02-08T07:00:00+00:00\",\"dateModified\":\"2026-02-11T14:53:03+00:00\",\"breadcrumb\":{\"@id\":\"https:\\\/\\\/filles-de-la-charite.org\\\/it\\\/si-nuestro-testimonio-ayuda-aunque-sea-a-una-sola-mujer-seremos-felices\\\/#breadcrumb\"},\"inLanguage\":\"it-IT\",\"potentialAction\":[{\"@type\":\"ReadAction\",\"target\":[\"https:\\\/\\\/filles-de-la-charite.org\\\/it\\\/si-nuestro-testimonio-ayuda-aunque-sea-a-una-sola-mujer-seremos-felices\\\/\"]}]},{\"@type\":\"ImageObject\",\"inLanguage\":\"it-IT\",\"@id\":\"https:\\\/\\\/filles-de-la-charite.org\\\/it\\\/si-nuestro-testimonio-ayuda-aunque-sea-a-una-sola-mujer-seremos-felices\\\/#primaryimage\",\"url\":\"https:\\\/\\\/filles-de-la-charite.org\\\/wp-content\\\/uploads\\\/2026\\\/02\\\/WhatsApp-Image-2026-01-29-at-16.07.54.jpeg\",\"contentUrl\":\"https:\\\/\\\/filles-de-la-charite.org\\\/wp-content\\\/uploads\\\/2026\\\/02\\\/WhatsApp-Image-2026-01-29-at-16.07.54.jpeg\",\"width\":1600,\"height\":900},{\"@type\":\"BreadcrumbList\",\"@id\":\"https:\\\/\\\/filles-de-la-charite.org\\\/it\\\/si-nuestro-testimonio-ayuda-aunque-sea-a-una-sola-mujer-seremos-felices\\\/#breadcrumb\",\"itemListElement\":[{\"@type\":\"ListItem\",\"position\":1,\"name\":\"Polonia\",\"item\":\"https:\\\/\\\/filles-de-la-charite.org\\\/it\\\/category\\\/polonia\\\/\"},{\"@type\":\"ListItem\",\"position\":2,\"name\":\"TESTIMONI per aiutare altri\"}]},{\"@type\":\"WebSite\",\"@id\":\"https:\\\/\\\/filles-de-la-charite.org\\\/it\\\/#website\",\"url\":\"https:\\\/\\\/filles-de-la-charite.org\\\/it\\\/\",\"name\":\"Hijas de la Caridad\",\"description\":\"L\u2019amour de J\u00e9sus nous presse \u00e0 prendre soin des personnes les plus d\u00e9munies\",\"publisher\":{\"@id\":\"https:\\\/\\\/filles-de-la-charite.org\\\/it\\\/#organization\"},\"potentialAction\":[{\"@type\":\"SearchAction\",\"target\":{\"@type\":\"EntryPoint\",\"urlTemplate\":\"https:\\\/\\\/filles-de-la-charite.org\\\/it\\\/?s={search_term_string}\"},\"query-input\":{\"@type\":\"PropertyValueSpecification\",\"valueRequired\":true,\"valueName\":\"search_term_string\"}}],\"inLanguage\":\"it-IT\"},{\"@type\":\"Organization\",\"@id\":\"https:\\\/\\\/filles-de-la-charite.org\\\/it\\\/#organization\",\"name\":\"Hijas de la Caridad\",\"url\":\"https:\\\/\\\/filles-de-la-charite.org\\\/it\\\/\",\"logo\":{\"@type\":\"ImageObject\",\"inLanguage\":\"it-IT\",\"@id\":\"https:\\\/\\\/filles-de-la-charite.org\\\/it\\\/#\\\/schema\\\/logo\\\/image\\\/\",\"url\":\"https:\\\/\\\/filles-de-la-charite.org\\\/wp-content\\\/uploads\\\/2023\\\/03\\\/isotipo-Hijas-de-la-Caridad.png\",\"contentUrl\":\"https:\\\/\\\/filles-de-la-charite.org\\\/wp-content\\\/uploads\\\/2023\\\/03\\\/isotipo-Hijas-de-la-Caridad.png\",\"width\":1417,\"height\":1417,\"caption\":\"Hijas de la Caridad\"},\"image\":{\"@id\":\"https:\\\/\\\/filles-de-la-charite.org\\\/it\\\/#\\\/schema\\\/logo\\\/image\\\/\"}},{\"@type\":\"Person\",\"@id\":\"https:\\\/\\\/filles-de-la-charite.org\\\/it\\\/#\\\/schema\\\/person\\\/0c922b6ca71280639858d297b3a7209f\",\"name\":\"SOR MARTA\",\"image\":{\"@type\":\"ImageObject\",\"inLanguage\":\"it-IT\",\"@id\":\"https:\\\/\\\/secure.gravatar.com\\\/avatar\\\/d2c45b0fd6bf2d3e2670ab3d112257c24ac80fa960360bba1bdc0676485d1d09?s=96&d=mm&r=g\",\"url\":\"https:\\\/\\\/secure.gravatar.com\\\/avatar\\\/d2c45b0fd6bf2d3e2670ab3d112257c24ac80fa960360bba1bdc0676485d1d09?s=96&d=mm&r=g\",\"contentUrl\":\"https:\\\/\\\/secure.gravatar.com\\\/avatar\\\/d2c45b0fd6bf2d3e2670ab3d112257c24ac80fa960360bba1bdc0676485d1d09?s=96&d=mm&r=g\",\"caption\":\"SOR MARTA\"},\"url\":\"https:\\\/\\\/filles-de-la-charite.org\\\/it\\\/author\\\/martaemn\\\/\"}]}<\/script>\n<!-- \/ Yoast SEO plugin. -->","yoast_head_json":{"title":"TESTIMONI per aiutare altri - Filles de la Charit\u00e9","robots":{"index":"index","follow":"follow","max-snippet":"max-snippet:-1","max-image-preview":"max-image-preview:large","max-video-preview":"max-video-preview:-1"},"canonical":"https:\/\/filles-de-la-charite.org\/it\/si-nuestro-testimonio-ayuda-aunque-sea-a-una-sola-mujer-seremos-felices\/","og_locale":"it_IT","og_type":"article","og_title":"TESTIMONI per aiutare altri - Filles de la Charit\u00e9","og_description":"In occasione dell\u2019imminente Giornata internazionale di preghiera e di riflessione sulla lotta contro la tratta di esseri umani, ho deciso di parlare con le residenti del Centro diurno per donne senza fissa dimora e donne a rischio di perdere la casa, gestito dalla Fondazione Mi\u0142osierdzie. Sono rimasta sorpresa dalla loro risposta entusiasta e dalla loro [&hellip;]","og_url":"https:\/\/filles-de-la-charite.org\/it\/si-nuestro-testimonio-ayuda-aunque-sea-a-una-sola-mujer-seremos-felices\/","og_site_name":"Filles de la Charit\u00e9","article_published_time":"2026-02-08T07:00:00+00:00","article_modified_time":"2026-02-11T14:53:03+00:00","og_image":[{"width":1600,"height":900,"url":"https:\/\/filles-de-la-charite.org\/wp-content\/uploads\/2026\/02\/WhatsApp-Image-2026-01-29-at-16.07.54.jpeg","type":"image\/jpeg"}],"author":"SOR MARTA","twitter_card":"summary_large_image","twitter_misc":{"Scritto da":"SOR MARTA","Tempo di lettura stimato":"4 minuti"},"schema":{"@context":"https:\/\/schema.org","@graph":[{"@type":"Article","@id":"https:\/\/filles-de-la-charite.org\/it\/si-nuestro-testimonio-ayuda-aunque-sea-a-una-sola-mujer-seremos-felices\/#article","isPartOf":{"@id":"https:\/\/filles-de-la-charite.org\/it\/si-nuestro-testimonio-ayuda-aunque-sea-a-una-sola-mujer-seremos-felices\/"},"author":{"name":"SOR MARTA","@id":"https:\/\/filles-de-la-charite.org\/it\/#\/schema\/person\/0c922b6ca71280639858d297b3a7209f"},"headline":"TESTIMONI per aiutare altri","datePublished":"2026-02-08T07:00:00+00:00","dateModified":"2026-02-11T14:53:03+00:00","mainEntityOfPage":{"@id":"https:\/\/filles-de-la-charite.org\/it\/si-nuestro-testimonio-ayuda-aunque-sea-a-una-sola-mujer-seremos-felices\/"},"wordCount":607,"publisher":{"@id":"https:\/\/filles-de-la-charite.org\/it\/#organization"},"image":{"@id":"https:\/\/filles-de-la-charite.org\/it\/si-nuestro-testimonio-ayuda-aunque-sea-a-una-sola-mujer-seremos-felices\/#primaryimage"},"thumbnailUrl":"https:\/\/filles-de-la-charite.org\/wp-content\/uploads\/2026\/02\/WhatsApp-Image-2026-01-29-at-16.07.54.jpeg","articleSection":["Polonia"],"inLanguage":"it-IT"},{"@type":"WebPage","@id":"https:\/\/filles-de-la-charite.org\/it\/si-nuestro-testimonio-ayuda-aunque-sea-a-una-sola-mujer-seremos-felices\/","url":"https:\/\/filles-de-la-charite.org\/it\/si-nuestro-testimonio-ayuda-aunque-sea-a-una-sola-mujer-seremos-felices\/","name":"TESTIMONI per aiutare altri - Filles de la Charit\u00e9","isPartOf":{"@id":"https:\/\/filles-de-la-charite.org\/it\/#website"},"primaryImageOfPage":{"@id":"https:\/\/filles-de-la-charite.org\/it\/si-nuestro-testimonio-ayuda-aunque-sea-a-una-sola-mujer-seremos-felices\/#primaryimage"},"image":{"@id":"https:\/\/filles-de-la-charite.org\/it\/si-nuestro-testimonio-ayuda-aunque-sea-a-una-sola-mujer-seremos-felices\/#primaryimage"},"thumbnailUrl":"https:\/\/filles-de-la-charite.org\/wp-content\/uploads\/2026\/02\/WhatsApp-Image-2026-01-29-at-16.07.54.jpeg","datePublished":"2026-02-08T07:00:00+00:00","dateModified":"2026-02-11T14:53:03+00:00","breadcrumb":{"@id":"https:\/\/filles-de-la-charite.org\/it\/si-nuestro-testimonio-ayuda-aunque-sea-a-una-sola-mujer-seremos-felices\/#breadcrumb"},"inLanguage":"it-IT","potentialAction":[{"@type":"ReadAction","target":["https:\/\/filles-de-la-charite.org\/it\/si-nuestro-testimonio-ayuda-aunque-sea-a-una-sola-mujer-seremos-felices\/"]}]},{"@type":"ImageObject","inLanguage":"it-IT","@id":"https:\/\/filles-de-la-charite.org\/it\/si-nuestro-testimonio-ayuda-aunque-sea-a-una-sola-mujer-seremos-felices\/#primaryimage","url":"https:\/\/filles-de-la-charite.org\/wp-content\/uploads\/2026\/02\/WhatsApp-Image-2026-01-29-at-16.07.54.jpeg","contentUrl":"https:\/\/filles-de-la-charite.org\/wp-content\/uploads\/2026\/02\/WhatsApp-Image-2026-01-29-at-16.07.54.jpeg","width":1600,"height":900},{"@type":"BreadcrumbList","@id":"https:\/\/filles-de-la-charite.org\/it\/si-nuestro-testimonio-ayuda-aunque-sea-a-una-sola-mujer-seremos-felices\/#breadcrumb","itemListElement":[{"@type":"ListItem","position":1,"name":"Polonia","item":"https:\/\/filles-de-la-charite.org\/it\/category\/polonia\/"},{"@type":"ListItem","position":2,"name":"TESTIMONI per aiutare altri"}]},{"@type":"WebSite","@id":"https:\/\/filles-de-la-charite.org\/it\/#website","url":"https:\/\/filles-de-la-charite.org\/it\/","name":"Hijas de la Caridad","description":"L\u2019amour de J\u00e9sus nous presse \u00e0 prendre soin des personnes les plus d\u00e9munies","publisher":{"@id":"https:\/\/filles-de-la-charite.org\/it\/#organization"},"potentialAction":[{"@type":"SearchAction","target":{"@type":"EntryPoint","urlTemplate":"https:\/\/filles-de-la-charite.org\/it\/?s={search_term_string}"},"query-input":{"@type":"PropertyValueSpecification","valueRequired":true,"valueName":"search_term_string"}}],"inLanguage":"it-IT"},{"@type":"Organization","@id":"https:\/\/filles-de-la-charite.org\/it\/#organization","name":"Hijas de la Caridad","url":"https:\/\/filles-de-la-charite.org\/it\/","logo":{"@type":"ImageObject","inLanguage":"it-IT","@id":"https:\/\/filles-de-la-charite.org\/it\/#\/schema\/logo\/image\/","url":"https:\/\/filles-de-la-charite.org\/wp-content\/uploads\/2023\/03\/isotipo-Hijas-de-la-Caridad.png","contentUrl":"https:\/\/filles-de-la-charite.org\/wp-content\/uploads\/2023\/03\/isotipo-Hijas-de-la-Caridad.png","width":1417,"height":1417,"caption":"Hijas de la Caridad"},"image":{"@id":"https:\/\/filles-de-la-charite.org\/it\/#\/schema\/logo\/image\/"}},{"@type":"Person","@id":"https:\/\/filles-de-la-charite.org\/it\/#\/schema\/person\/0c922b6ca71280639858d297b3a7209f","name":"SOR MARTA","image":{"@type":"ImageObject","inLanguage":"it-IT","@id":"https:\/\/secure.gravatar.com\/avatar\/d2c45b0fd6bf2d3e2670ab3d112257c24ac80fa960360bba1bdc0676485d1d09?s=96&d=mm&r=g","url":"https:\/\/secure.gravatar.com\/avatar\/d2c45b0fd6bf2d3e2670ab3d112257c24ac80fa960360bba1bdc0676485d1d09?s=96&d=mm&r=g","contentUrl":"https:\/\/secure.gravatar.com\/avatar\/d2c45b0fd6bf2d3e2670ab3d112257c24ac80fa960360bba1bdc0676485d1d09?s=96&d=mm&r=g","caption":"SOR MARTA"},"url":"https:\/\/filles-de-la-charite.org\/it\/author\/martaemn\/"}]}},"_links":{"self":[{"href":"https:\/\/filles-de-la-charite.org\/it\/wp-json\/wp\/v2\/posts\/48776","targetHints":{"allow":["GET"]}}],"collection":[{"href":"https:\/\/filles-de-la-charite.org\/it\/wp-json\/wp\/v2\/posts"}],"about":[{"href":"https:\/\/filles-de-la-charite.org\/it\/wp-json\/wp\/v2\/types\/post"}],"author":[{"embeddable":true,"href":"https:\/\/filles-de-la-charite.org\/it\/wp-json\/wp\/v2\/users\/5"}],"replies":[{"embeddable":true,"href":"https:\/\/filles-de-la-charite.org\/it\/wp-json\/wp\/v2\/comments?post=48776"}],"version-history":[{"count":2,"href":"https:\/\/filles-de-la-charite.org\/it\/wp-json\/wp\/v2\/posts\/48776\/revisions"}],"predecessor-version":[{"id":48895,"href":"https:\/\/filles-de-la-charite.org\/it\/wp-json\/wp\/v2\/posts\/48776\/revisions\/48895"}],"wp:featuredmedia":[{"embeddable":true,"href":"https:\/\/filles-de-la-charite.org\/it\/wp-json\/wp\/v2\/media\/48777"}],"wp:attachment":[{"href":"https:\/\/filles-de-la-charite.org\/it\/wp-json\/wp\/v2\/media?parent=48776"}],"wp:term":[{"taxonomy":"category","embeddable":true,"href":"https:\/\/filles-de-la-charite.org\/it\/wp-json\/wp\/v2\/categories?post=48776"},{"taxonomy":"post_tag","embeddable":true,"href":"https:\/\/filles-de-la-charite.org\/it\/wp-json\/wp\/v2\/tags?post=48776"}],"curies":[{"name":"wp","href":"https:\/\/api.w.org\/{rel}","templated":true}]}}