{"id":48823,"date":"2026-02-10T21:00:00","date_gmt":"2026-02-10T20:00:00","guid":{"rendered":"https:\/\/filles-de-la-charite.org\/?p=48823"},"modified":"2026-02-11T15:45:15","modified_gmt":"2026-02-11T14:45:15","slug":"una-mano-mas-es-una-victima-menos","status":"publish","type":"post","link":"https:\/\/filles-de-la-charite.org\/it\/una-mano-mas-es-una-victima-menos\/","title":{"rendered":"Una mano in pi\u00f9 \u00e8 una vittima in meno"},"content":{"rendered":"\n<p><strong>L\u2019impegno <strong>delle Figlie della Carit\u00e0 contro la tratta in Colombia<\/strong><\/strong><\/p>\n\n\n\n<p>Nelle scuole, nei quartieri e nelle comunit\u00e0 educative, le Figlie della Carit\u00e0 di san Vincenzo de\u2019 Paoli in Colombia continuano a tessere una rete di protezione e di prevenzione contro la tratta di persone. Attraverso la <em>Rete Difensori della Vita<\/em>, un\u2019iniziativa nata nel 2009, Figlie della Carit\u00e0, insegnanti e operatori sociali uniscono le forze per proteggere in particolare bambini e adolescenti, i pi\u00f9 esposti alle nuove forme di adescamento e di sfruttamento. Questo lavoro, recentemente messo in luce da <em>Vatican News<\/em>, nasce da una convinzione profonda: ogni gesto di prevenzione \u00e8 un\u2019opportunit\u00e0 per salvare una vita.<\/p>\n\n\n\n<figure class=\"wp-block-image size-large\"><img loading=\"lazy\" decoding=\"async\" width=\"1024\" height=\"576\" src=\"https:\/\/filles-de-la-charite.org\/wp-content\/uploads\/2026\/02\/WhatsApp-Image-2026-02-03-at-17.09.53-1024x576.jpeg\" alt=\"\" class=\"wp-image-48813\" srcset=\"https:\/\/filles-de-la-charite.org\/wp-content\/uploads\/2026\/02\/WhatsApp-Image-2026-02-03-at-17.09.53-1024x576.jpeg 1024w, https:\/\/filles-de-la-charite.org\/wp-content\/uploads\/2026\/02\/WhatsApp-Image-2026-02-03-at-17.09.53-980x551.jpeg 980w, https:\/\/filles-de-la-charite.org\/wp-content\/uploads\/2026\/02\/WhatsApp-Image-2026-02-03-at-17.09.53-480x270.jpeg 480w\" sizes=\"(min-width: 0px) and (max-width: 480px) 480px, (min-width: 481px) and (max-width: 980px) 980px, (min-width: 981px) 1024px, 100vw\" \/><\/figure>\n\n\n\n<p>La Rete sviluppa percorsi formativi adattati alle diverse et\u00e0 e ai diversi contesti, integrando pedagogia, accompagnamento e lavoro comunitario. Proposte come <em>Un viaggio a favore della vita<\/em> o <em>Le avventure di un navigatore<\/em> aiutano i pi\u00f9 giovani a riconoscere le situazioni di rischio, a rafforzare la loro autostima e a costruire un progetto di vita che abbia senso, mentre i diplomi per gli insegnanti e i seminari per le famiglie rafforzano le capacit\u00e0 di individuazione precoce e di risposta alle situazioni di violenza. Cos\u00ec la prevenzione diventa un&#8217;esperienza condivisa di responsabilit\u00e0 e di cura.<\/p>\n\n\n\n<figure class=\"wp-block-image size-large\"><img loading=\"lazy\" decoding=\"async\" width=\"1024\" height=\"576\" src=\"https:\/\/filles-de-la-charite.org\/wp-content\/uploads\/2026\/02\/WhatsApp-Image-2026-02-03-at-17.11.52-1-1024x576.jpeg\" alt=\"\" class=\"wp-image-48816\" srcset=\"https:\/\/filles-de-la-charite.org\/wp-content\/uploads\/2026\/02\/WhatsApp-Image-2026-02-03-at-17.11.52-1-980x551.jpeg 980w, https:\/\/filles-de-la-charite.org\/wp-content\/uploads\/2026\/02\/WhatsApp-Image-2026-02-03-at-17.11.52-1-480x270.jpeg 480w\" sizes=\"(min-width: 0px) and (max-width: 480px) 480px, (min-width: 481px) and (max-width: 980px) 980px, (min-width: 981px) 1024px, 100vw\" \/><\/figure>\n\n\n\n<p>Ispirate dal carisma vincenziano e dalla loro opzione per i pi\u00f9 vulnerabili, le Figlie della Carit\u00e0 vivono questa missione come una presenza costante l\u00e0 dove la dignit\u00e0 umana \u00e8 minacciata. La <em>Rete Difensori della Vita<\/em> non si limita a formare e sensibilizzare: crea dei legami e una coscienza collettiva, ricordando che la lotta contro la tratta richiede mani unite, sguardi attenti e comunit\u00e0 impegnate. Perch\u00e9, come ricorda la Rete, <strong>una mano in pi\u00f9 pu\u00f2 significare una vittima in meno<\/strong>.<\/p>\n\n\n\n<p><\/p>\n\n\n\n<p>Se desideri saperne di pi\u00f9 o unirti al progetto <strong>Difensori della Vita<\/strong>, contattaci:<br><strong>Email:<\/strong><a> defensoresdevidas@gmail.com<\/a><br><strong>WhatsApp:<\/strong> +57 310 613 5155<br><strong>Social media:<\/strong> Defensores de Vida<br><strong>Sito web:<\/strong><a href=\"http:\/\/www.tratadepersonas.org\"> www.tratadepersonas.org<\/a><\/p>\n","protected":false},"excerpt":{"rendered":"<p>L\u2019impegno delle Figlie della Carit\u00e0 contro la tratta in Colombia Nelle scuole, nei quartieri e nelle comunit\u00e0 educative, le Figlie della Carit\u00e0 di san Vincenzo de\u2019 Paoli in Colombia continuano a tessere una rete di protezione e di prevenzione contro la tratta di persone. Attraverso la Rete Difensori della Vita, un\u2019iniziativa nata nel 2009, Figlie [&hellip;]<\/p>\n","protected":false},"author":5,"featured_media":48824,"comment_status":"closed","ping_status":"closed","sticky":false,"template":"","format":"standard","meta":{"_acf_changed":false,"_et_pb_use_builder":"","_et_pb_old_content":"","_et_gb_content_width":"","footnotes":"","_links_to":"","_links_to_target":""},"categories":[924],"tags":[],"class_list":["post-48823","post","type-post","status-publish","format-standard","has-post-thumbnail","hentry","category-colombia"],"acf":[],"yoast_head":"<!-- This site is optimized with the Yoast SEO plugin v27.5 - https:\/\/yoast.com\/product\/yoast-seo-wordpress\/ -->\n<title>Una mano in pi\u00f9 \u00e8 una vittima in meno - Filles de la Charit\u00e9<\/title>\n<meta name=\"robots\" content=\"index, follow, max-snippet:-1, max-image-preview:large, max-video-preview:-1\" \/>\n<link rel=\"canonical\" href=\"https:\/\/filles-de-la-charite.org\/it\/una-mano-mas-es-una-victima-menos\/\" \/>\n<meta property=\"og:locale\" content=\"it_IT\" \/>\n<meta property=\"og:type\" content=\"article\" \/>\n<meta property=\"og:title\" content=\"Una mano in pi\u00f9 \u00e8 una vittima in meno - Filles de la Charit\u00e9\" \/>\n<meta property=\"og:description\" content=\"L\u2019impegno delle Figlie della Carit\u00e0 contro la tratta in Colombia Nelle scuole, nei quartieri e nelle comunit\u00e0 educative, le Figlie della Carit\u00e0 di san Vincenzo de\u2019 Paoli in Colombia continuano a tessere una rete di protezione e di prevenzione contro la tratta di persone. Attraverso la Rete Difensori della Vita, un\u2019iniziativa nata nel 2009, Figlie [&hellip;]\" \/>\n<meta property=\"og:url\" content=\"https:\/\/filles-de-la-charite.org\/it\/una-mano-mas-es-una-victima-menos\/\" \/>\n<meta property=\"og:site_name\" content=\"Filles de la Charit\u00e9\" \/>\n<meta property=\"article:published_time\" content=\"2026-02-10T20:00:00+00:00\" \/>\n<meta property=\"article:modified_time\" content=\"2026-02-11T14:45:15+00:00\" \/>\n<meta property=\"og:image\" content=\"https:\/\/filles-de-la-charite.org\/wp-content\/uploads\/2026\/02\/WhatsApp-Image-2026-02-03-at-16.18.24.jpeg\" \/>\n\t<meta property=\"og:image:width\" content=\"1600\" \/>\n\t<meta property=\"og:image:height\" content=\"1066\" \/>\n\t<meta property=\"og:image:type\" content=\"image\/jpeg\" \/>\n<meta name=\"author\" content=\"SOR MARTA\" \/>\n<meta name=\"twitter:card\" content=\"summary_large_image\" \/>\n<meta name=\"twitter:label1\" content=\"Scritto da\" \/>\n\t<meta name=\"twitter:data1\" content=\"SOR MARTA\" \/>\n\t<meta name=\"twitter:label2\" content=\"Tempo di lettura stimato\" \/>\n\t<meta name=\"twitter:data2\" content=\"2 minuti\" \/>\n<script type=\"application\/ld+json\" class=\"yoast-schema-graph\">{\"@context\":\"https:\\\/\\\/schema.org\",\"@graph\":[{\"@type\":\"Article\",\"@id\":\"https:\\\/\\\/filles-de-la-charite.org\\\/it\\\/una-mano-mas-es-una-victima-menos\\\/#article\",\"isPartOf\":{\"@id\":\"https:\\\/\\\/filles-de-la-charite.org\\\/it\\\/una-mano-mas-es-una-victima-menos\\\/\"},\"author\":{\"name\":\"SOR MARTA\",\"@id\":\"https:\\\/\\\/filles-de-la-charite.org\\\/it\\\/#\\\/schema\\\/person\\\/0c922b6ca71280639858d297b3a7209f\"},\"headline\":\"Una mano in pi\u00f9 \u00e8 una vittima in meno\",\"datePublished\":\"2026-02-10T20:00:00+00:00\",\"dateModified\":\"2026-02-11T14:45:15+00:00\",\"mainEntityOfPage\":{\"@id\":\"https:\\\/\\\/filles-de-la-charite.org\\\/it\\\/una-mano-mas-es-una-victima-menos\\\/\"},\"wordCount\":316,\"publisher\":{\"@id\":\"https:\\\/\\\/filles-de-la-charite.org\\\/it\\\/#organization\"},\"image\":{\"@id\":\"https:\\\/\\\/filles-de-la-charite.org\\\/it\\\/una-mano-mas-es-una-victima-menos\\\/#primaryimage\"},\"thumbnailUrl\":\"https:\\\/\\\/filles-de-la-charite.org\\\/wp-content\\\/uploads\\\/2026\\\/02\\\/WhatsApp-Image-2026-02-03-at-16.18.24.jpeg\",\"articleSection\":[\"Colombia\"],\"inLanguage\":\"it-IT\"},{\"@type\":\"WebPage\",\"@id\":\"https:\\\/\\\/filles-de-la-charite.org\\\/it\\\/una-mano-mas-es-una-victima-menos\\\/\",\"url\":\"https:\\\/\\\/filles-de-la-charite.org\\\/it\\\/una-mano-mas-es-una-victima-menos\\\/\",\"name\":\"Una mano in pi\u00f9 \u00e8 una vittima in meno - Filles de la Charit\u00e9\",\"isPartOf\":{\"@id\":\"https:\\\/\\\/filles-de-la-charite.org\\\/it\\\/#website\"},\"primaryImageOfPage\":{\"@id\":\"https:\\\/\\\/filles-de-la-charite.org\\\/it\\\/una-mano-mas-es-una-victima-menos\\\/#primaryimage\"},\"image\":{\"@id\":\"https:\\\/\\\/filles-de-la-charite.org\\\/it\\\/una-mano-mas-es-una-victima-menos\\\/#primaryimage\"},\"thumbnailUrl\":\"https:\\\/\\\/filles-de-la-charite.org\\\/wp-content\\\/uploads\\\/2026\\\/02\\\/WhatsApp-Image-2026-02-03-at-16.18.24.jpeg\",\"datePublished\":\"2026-02-10T20:00:00+00:00\",\"dateModified\":\"2026-02-11T14:45:15+00:00\",\"breadcrumb\":{\"@id\":\"https:\\\/\\\/filles-de-la-charite.org\\\/it\\\/una-mano-mas-es-una-victima-menos\\\/#breadcrumb\"},\"inLanguage\":\"it-IT\",\"potentialAction\":[{\"@type\":\"ReadAction\",\"target\":[\"https:\\\/\\\/filles-de-la-charite.org\\\/it\\\/una-mano-mas-es-una-victima-menos\\\/\"]}]},{\"@type\":\"ImageObject\",\"inLanguage\":\"it-IT\",\"@id\":\"https:\\\/\\\/filles-de-la-charite.org\\\/it\\\/una-mano-mas-es-una-victima-menos\\\/#primaryimage\",\"url\":\"https:\\\/\\\/filles-de-la-charite.org\\\/wp-content\\\/uploads\\\/2026\\\/02\\\/WhatsApp-Image-2026-02-03-at-16.18.24.jpeg\",\"contentUrl\":\"https:\\\/\\\/filles-de-la-charite.org\\\/wp-content\\\/uploads\\\/2026\\\/02\\\/WhatsApp-Image-2026-02-03-at-16.18.24.jpeg\",\"width\":1600,\"height\":1066},{\"@type\":\"BreadcrumbList\",\"@id\":\"https:\\\/\\\/filles-de-la-charite.org\\\/it\\\/una-mano-mas-es-una-victima-menos\\\/#breadcrumb\",\"itemListElement\":[{\"@type\":\"ListItem\",\"position\":1,\"name\":\"Colombia\",\"item\":\"https:\\\/\\\/filles-de-la-charite.org\\\/it\\\/category\\\/colombia\\\/\"},{\"@type\":\"ListItem\",\"position\":2,\"name\":\"Una mano in pi\u00f9 \u00e8 una vittima in meno\"}]},{\"@type\":\"WebSite\",\"@id\":\"https:\\\/\\\/filles-de-la-charite.org\\\/it\\\/#website\",\"url\":\"https:\\\/\\\/filles-de-la-charite.org\\\/it\\\/\",\"name\":\"Hijas de la Caridad\",\"description\":\"L\u2019amour de J\u00e9sus nous presse \u00e0 prendre soin des personnes les plus d\u00e9munies\",\"publisher\":{\"@id\":\"https:\\\/\\\/filles-de-la-charite.org\\\/it\\\/#organization\"},\"potentialAction\":[{\"@type\":\"SearchAction\",\"target\":{\"@type\":\"EntryPoint\",\"urlTemplate\":\"https:\\\/\\\/filles-de-la-charite.org\\\/it\\\/?s={search_term_string}\"},\"query-input\":{\"@type\":\"PropertyValueSpecification\",\"valueRequired\":true,\"valueName\":\"search_term_string\"}}],\"inLanguage\":\"it-IT\"},{\"@type\":\"Organization\",\"@id\":\"https:\\\/\\\/filles-de-la-charite.org\\\/it\\\/#organization\",\"name\":\"Hijas de la Caridad\",\"url\":\"https:\\\/\\\/filles-de-la-charite.org\\\/it\\\/\",\"logo\":{\"@type\":\"ImageObject\",\"inLanguage\":\"it-IT\",\"@id\":\"https:\\\/\\\/filles-de-la-charite.org\\\/it\\\/#\\\/schema\\\/logo\\\/image\\\/\",\"url\":\"https:\\\/\\\/filles-de-la-charite.org\\\/wp-content\\\/uploads\\\/2023\\\/03\\\/isotipo-Hijas-de-la-Caridad.png\",\"contentUrl\":\"https:\\\/\\\/filles-de-la-charite.org\\\/wp-content\\\/uploads\\\/2023\\\/03\\\/isotipo-Hijas-de-la-Caridad.png\",\"width\":1417,\"height\":1417,\"caption\":\"Hijas de la Caridad\"},\"image\":{\"@id\":\"https:\\\/\\\/filles-de-la-charite.org\\\/it\\\/#\\\/schema\\\/logo\\\/image\\\/\"}},{\"@type\":\"Person\",\"@id\":\"https:\\\/\\\/filles-de-la-charite.org\\\/it\\\/#\\\/schema\\\/person\\\/0c922b6ca71280639858d297b3a7209f\",\"name\":\"SOR MARTA\",\"image\":{\"@type\":\"ImageObject\",\"inLanguage\":\"it-IT\",\"@id\":\"https:\\\/\\\/secure.gravatar.com\\\/avatar\\\/d2c45b0fd6bf2d3e2670ab3d112257c24ac80fa960360bba1bdc0676485d1d09?s=96&d=mm&r=g\",\"url\":\"https:\\\/\\\/secure.gravatar.com\\\/avatar\\\/d2c45b0fd6bf2d3e2670ab3d112257c24ac80fa960360bba1bdc0676485d1d09?s=96&d=mm&r=g\",\"contentUrl\":\"https:\\\/\\\/secure.gravatar.com\\\/avatar\\\/d2c45b0fd6bf2d3e2670ab3d112257c24ac80fa960360bba1bdc0676485d1d09?s=96&d=mm&r=g\",\"caption\":\"SOR MARTA\"},\"url\":\"https:\\\/\\\/filles-de-la-charite.org\\\/it\\\/author\\\/martaemn\\\/\"}]}<\/script>\n<!-- \/ Yoast SEO plugin. -->","yoast_head_json":{"title":"Una mano in pi\u00f9 \u00e8 una vittima in meno - Filles de la Charit\u00e9","robots":{"index":"index","follow":"follow","max-snippet":"max-snippet:-1","max-image-preview":"max-image-preview:large","max-video-preview":"max-video-preview:-1"},"canonical":"https:\/\/filles-de-la-charite.org\/it\/una-mano-mas-es-una-victima-menos\/","og_locale":"it_IT","og_type":"article","og_title":"Una mano in pi\u00f9 \u00e8 una vittima in meno - Filles de la Charit\u00e9","og_description":"L\u2019impegno delle Figlie della Carit\u00e0 contro la tratta in Colombia Nelle scuole, nei quartieri e nelle comunit\u00e0 educative, le Figlie della Carit\u00e0 di san Vincenzo de\u2019 Paoli in Colombia continuano a tessere una rete di protezione e di prevenzione contro la tratta di persone. Attraverso la Rete Difensori della Vita, un\u2019iniziativa nata nel 2009, Figlie [&hellip;]","og_url":"https:\/\/filles-de-la-charite.org\/it\/una-mano-mas-es-una-victima-menos\/","og_site_name":"Filles de la Charit\u00e9","article_published_time":"2026-02-10T20:00:00+00:00","article_modified_time":"2026-02-11T14:45:15+00:00","og_image":[{"width":1600,"height":1066,"url":"https:\/\/filles-de-la-charite.org\/wp-content\/uploads\/2026\/02\/WhatsApp-Image-2026-02-03-at-16.18.24.jpeg","type":"image\/jpeg"}],"author":"SOR MARTA","twitter_card":"summary_large_image","twitter_misc":{"Scritto da":"SOR MARTA","Tempo di lettura stimato":"2 minuti"},"schema":{"@context":"https:\/\/schema.org","@graph":[{"@type":"Article","@id":"https:\/\/filles-de-la-charite.org\/it\/una-mano-mas-es-una-victima-menos\/#article","isPartOf":{"@id":"https:\/\/filles-de-la-charite.org\/it\/una-mano-mas-es-una-victima-menos\/"},"author":{"name":"SOR MARTA","@id":"https:\/\/filles-de-la-charite.org\/it\/#\/schema\/person\/0c922b6ca71280639858d297b3a7209f"},"headline":"Una mano in pi\u00f9 \u00e8 una vittima in meno","datePublished":"2026-02-10T20:00:00+00:00","dateModified":"2026-02-11T14:45:15+00:00","mainEntityOfPage":{"@id":"https:\/\/filles-de-la-charite.org\/it\/una-mano-mas-es-una-victima-menos\/"},"wordCount":316,"publisher":{"@id":"https:\/\/filles-de-la-charite.org\/it\/#organization"},"image":{"@id":"https:\/\/filles-de-la-charite.org\/it\/una-mano-mas-es-una-victima-menos\/#primaryimage"},"thumbnailUrl":"https:\/\/filles-de-la-charite.org\/wp-content\/uploads\/2026\/02\/WhatsApp-Image-2026-02-03-at-16.18.24.jpeg","articleSection":["Colombia"],"inLanguage":"it-IT"},{"@type":"WebPage","@id":"https:\/\/filles-de-la-charite.org\/it\/una-mano-mas-es-una-victima-menos\/","url":"https:\/\/filles-de-la-charite.org\/it\/una-mano-mas-es-una-victima-menos\/","name":"Una mano in pi\u00f9 \u00e8 una vittima in meno - Filles de la Charit\u00e9","isPartOf":{"@id":"https:\/\/filles-de-la-charite.org\/it\/#website"},"primaryImageOfPage":{"@id":"https:\/\/filles-de-la-charite.org\/it\/una-mano-mas-es-una-victima-menos\/#primaryimage"},"image":{"@id":"https:\/\/filles-de-la-charite.org\/it\/una-mano-mas-es-una-victima-menos\/#primaryimage"},"thumbnailUrl":"https:\/\/filles-de-la-charite.org\/wp-content\/uploads\/2026\/02\/WhatsApp-Image-2026-02-03-at-16.18.24.jpeg","datePublished":"2026-02-10T20:00:00+00:00","dateModified":"2026-02-11T14:45:15+00:00","breadcrumb":{"@id":"https:\/\/filles-de-la-charite.org\/it\/una-mano-mas-es-una-victima-menos\/#breadcrumb"},"inLanguage":"it-IT","potentialAction":[{"@type":"ReadAction","target":["https:\/\/filles-de-la-charite.org\/it\/una-mano-mas-es-una-victima-menos\/"]}]},{"@type":"ImageObject","inLanguage":"it-IT","@id":"https:\/\/filles-de-la-charite.org\/it\/una-mano-mas-es-una-victima-menos\/#primaryimage","url":"https:\/\/filles-de-la-charite.org\/wp-content\/uploads\/2026\/02\/WhatsApp-Image-2026-02-03-at-16.18.24.jpeg","contentUrl":"https:\/\/filles-de-la-charite.org\/wp-content\/uploads\/2026\/02\/WhatsApp-Image-2026-02-03-at-16.18.24.jpeg","width":1600,"height":1066},{"@type":"BreadcrumbList","@id":"https:\/\/filles-de-la-charite.org\/it\/una-mano-mas-es-una-victima-menos\/#breadcrumb","itemListElement":[{"@type":"ListItem","position":1,"name":"Colombia","item":"https:\/\/filles-de-la-charite.org\/it\/category\/colombia\/"},{"@type":"ListItem","position":2,"name":"Una mano in pi\u00f9 \u00e8 una vittima in meno"}]},{"@type":"WebSite","@id":"https:\/\/filles-de-la-charite.org\/it\/#website","url":"https:\/\/filles-de-la-charite.org\/it\/","name":"Hijas de la Caridad","description":"L\u2019amour de J\u00e9sus nous presse \u00e0 prendre soin des personnes les plus d\u00e9munies","publisher":{"@id":"https:\/\/filles-de-la-charite.org\/it\/#organization"},"potentialAction":[{"@type":"SearchAction","target":{"@type":"EntryPoint","urlTemplate":"https:\/\/filles-de-la-charite.org\/it\/?s={search_term_string}"},"query-input":{"@type":"PropertyValueSpecification","valueRequired":true,"valueName":"search_term_string"}}],"inLanguage":"it-IT"},{"@type":"Organization","@id":"https:\/\/filles-de-la-charite.org\/it\/#organization","name":"Hijas de la Caridad","url":"https:\/\/filles-de-la-charite.org\/it\/","logo":{"@type":"ImageObject","inLanguage":"it-IT","@id":"https:\/\/filles-de-la-charite.org\/it\/#\/schema\/logo\/image\/","url":"https:\/\/filles-de-la-charite.org\/wp-content\/uploads\/2023\/03\/isotipo-Hijas-de-la-Caridad.png","contentUrl":"https:\/\/filles-de-la-charite.org\/wp-content\/uploads\/2023\/03\/isotipo-Hijas-de-la-Caridad.png","width":1417,"height":1417,"caption":"Hijas de la Caridad"},"image":{"@id":"https:\/\/filles-de-la-charite.org\/it\/#\/schema\/logo\/image\/"}},{"@type":"Person","@id":"https:\/\/filles-de-la-charite.org\/it\/#\/schema\/person\/0c922b6ca71280639858d297b3a7209f","name":"SOR MARTA","image":{"@type":"ImageObject","inLanguage":"it-IT","@id":"https:\/\/secure.gravatar.com\/avatar\/d2c45b0fd6bf2d3e2670ab3d112257c24ac80fa960360bba1bdc0676485d1d09?s=96&d=mm&r=g","url":"https:\/\/secure.gravatar.com\/avatar\/d2c45b0fd6bf2d3e2670ab3d112257c24ac80fa960360bba1bdc0676485d1d09?s=96&d=mm&r=g","contentUrl":"https:\/\/secure.gravatar.com\/avatar\/d2c45b0fd6bf2d3e2670ab3d112257c24ac80fa960360bba1bdc0676485d1d09?s=96&d=mm&r=g","caption":"SOR MARTA"},"url":"https:\/\/filles-de-la-charite.org\/it\/author\/martaemn\/"}]}},"_links":{"self":[{"href":"https:\/\/filles-de-la-charite.org\/it\/wp-json\/wp\/v2\/posts\/48823","targetHints":{"allow":["GET"]}}],"collection":[{"href":"https:\/\/filles-de-la-charite.org\/it\/wp-json\/wp\/v2\/posts"}],"about":[{"href":"https:\/\/filles-de-la-charite.org\/it\/wp-json\/wp\/v2\/types\/post"}],"author":[{"embeddable":true,"href":"https:\/\/filles-de-la-charite.org\/it\/wp-json\/wp\/v2\/users\/5"}],"replies":[{"embeddable":true,"href":"https:\/\/filles-de-la-charite.org\/it\/wp-json\/wp\/v2\/comments?post=48823"}],"version-history":[{"count":3,"href":"https:\/\/filles-de-la-charite.org\/it\/wp-json\/wp\/v2\/posts\/48823\/revisions"}],"predecessor-version":[{"id":48888,"href":"https:\/\/filles-de-la-charite.org\/it\/wp-json\/wp\/v2\/posts\/48823\/revisions\/48888"}],"wp:featuredmedia":[{"embeddable":true,"href":"https:\/\/filles-de-la-charite.org\/it\/wp-json\/wp\/v2\/media\/48824"}],"wp:attachment":[{"href":"https:\/\/filles-de-la-charite.org\/it\/wp-json\/wp\/v2\/media?parent=48823"}],"wp:term":[{"taxonomy":"category","embeddable":true,"href":"https:\/\/filles-de-la-charite.org\/it\/wp-json\/wp\/v2\/categories?post=48823"},{"taxonomy":"post_tag","embeddable":true,"href":"https:\/\/filles-de-la-charite.org\/it\/wp-json\/wp\/v2\/tags?post=48823"}],"curies":[{"name":"wp","href":"https:\/\/api.w.org\/{rel}","templated":true}]}}