{"id":48906,"date":"2026-02-12T14:00:00","date_gmt":"2026-02-12T13:00:00","guid":{"rendered":"https:\/\/filles-de-la-charite.org\/?p=48906"},"modified":"2026-02-11T20:28:05","modified_gmt":"2026-02-11T19:28:05","slug":"esperanza-que-abraza-la-casa-de-acogida-sor-rosalia-rendu","status":"publish","type":"post","link":"https:\/\/filles-de-la-charite.org\/it\/esperanza-que-abraza-la-casa-de-acogida-sor-rosalia-rendu\/","title":{"rendered":"Una speranza che abbraccia"},"content":{"rendered":"\n<h4 class=\"wp-block-heading\">Il Centro di Accoglienza Suor Rosalie Rendu in Per\u00f9<\/h4>\n\n\n\n<p>\u00ab<strong><em>La tratta di esseri umani \u00e8 una ferita nel corpo dell&#8217;umanit\u00e0 contemporanea, una ferita nella carne di Cristo\u00bb <\/em><\/strong>(Papa Francesco).<\/p>\n\n\n\n<p>Dal marzo 2023, anno giubilare del 400\u00b0 anniversario della<em> Lumi\u00e8re<\/em> di Pentecoste, il Signore ci ha provvidenzialmente poste di fronte a un servizio rischioso e audace. Abbiamo raccolto questa sfida, convinte che la vita consacrata debba essere \u00abl\u00e0 dove la vita grida\u00bb\u202fe che dobbiamo essere\u200b\u202f\u00abdonne samaritane sul ciglio della strada, attente ad ascoltare e a curare le ferite\u00bb.<\/p>\n\n\n\n<p>Abbiamo iniziato quest\u2019avventura di servizio accogliendo una mamma venezuelana di 22 anni, incinta, vittima della tratta a fini di sfruttamento sessuale, il cui bambino era gi\u00e0 stato venduto dall&#8217;organizzazione criminale. Aveva vissuto esperienze indicibili e assistito alla morte di un&#8217;amica che, incapace di sopportare una simile pressione, si era impiccata nel bagno. Il suo immenso dolore e il suo senso di colpa derivavano dal fatto che non essere stata in grado di salvare l&#8217;amica. Dopo tre mesi trascorsi nella nostra casa, \u00e8 riuscita fortunatamente a tornare nel suo Paese. Abbiamo potuto coordinare il suo rientro con le nostre Suore in Venezuela, che l\u2019hanno accolta e si sono prese cura di lei e della sua famiglia.<\/p>\n\n\n\n<p>Accogliamo e accompagniamo molte donne con storie dolorose. Siamo convinte che Dio conti su di noi per alleviare la sofferenza di queste donne, la cui dignit\u00e0 \u00e8 stata completamente calpestata. Qui trovano un poco di speranza dopo tanta sofferenza. \u00c8 Ges\u00f9 Cristo, nostro modello di compassione e di misericordia, che ci ispira e ci spinge ad abbracciare questo servizio.<\/p>\n\n\n\n<figure class=\"wp-block-image size-large\"><img loading=\"lazy\" decoding=\"async\" width=\"1024\" height=\"773\" src=\"https:\/\/filles-de-la-charite.org\/wp-content\/uploads\/2026\/02\/WhatsApp-Image-2026-02-10-at-12.06.45-1024x773.jpeg\" alt=\"\" class=\"wp-image-48899\" srcset=\"https:\/\/filles-de-la-charite.org\/wp-content\/uploads\/2026\/02\/WhatsApp-Image-2026-02-10-at-12.06.45-1024x773.jpeg 1024w, https:\/\/filles-de-la-charite.org\/wp-content\/uploads\/2026\/02\/WhatsApp-Image-2026-02-10-at-12.06.45-980x740.jpeg 980w, https:\/\/filles-de-la-charite.org\/wp-content\/uploads\/2026\/02\/WhatsApp-Image-2026-02-10-at-12.06.45-480x362.jpeg 480w\" sizes=\"(min-width: 0px) and (max-width: 480px) 480px, (min-width: 481px) and (max-width: 980px) 980px, (min-width: 981px) 1024px, 100vw\" \/><\/figure>\n\n\n\n<p><strong>Accogliere \u2013 Accompagnare \u2013 Responsabilizzare:<\/strong> restituire alle nostre sorelle, la cui dignit\u00e0 \u00e8 stata calpestata, i mezzi per riprendere il controllo della propria vita, questa \u00e8 la nostra missione, pur essendo consapevoli che si tratta di un servizio che richiede prudenza e audacia. Accogliamo i casi affidatici dai servizi pubblici. Come l&#8217;oste nella parabola del Buon Samaritano, abbiamo la missione di \u00abprenderci cura della vita ferita\u00bb delle nostre sorelle che hanno sofferto tanto, come questa donna colombiana di 22 anni che \u00e8 arrivata da noi con dodici ferite da arma da fuoco sul corpo: \u00abPrenderci cura e accompagnare, questa \u00e8 la nostra missione\u00bb.<\/p>\n\n\n\n<p>Ogni donna \u00e8 un&#8217;immagine vivente di Cristo sofferente tra noi. Il centro \u00e8 un&#8217;oasi di speranza, uno spazio di guarigione dove, attraverso un approccio olistico, le donne imparano a credere in se stesse, ad amarsi e ad apprezzarsi come creature amate da Dio. Lo facciamo con profondo rispetto, ascolto attento e misericordia. Sono vere testimoni di resilienza, perch\u00e9 anche nel dolore pi\u00f9 profondo, non smettono mai di sorridere.<\/p>\n\n\n\n<figure class=\"wp-block-image size-large\"><img loading=\"lazy\" decoding=\"async\" width=\"1024\" height=\"681\" src=\"https:\/\/filles-de-la-charite.org\/wp-content\/uploads\/2026\/02\/WhatsApp-Image-2026-02-10-at-12.06.47-1-1024x681.jpeg\" alt=\"\" class=\"wp-image-48898\" srcset=\"https:\/\/filles-de-la-charite.org\/wp-content\/uploads\/2026\/02\/WhatsApp-Image-2026-02-10-at-12.06.47-1-1024x681.jpeg 1024w, https:\/\/filles-de-la-charite.org\/wp-content\/uploads\/2026\/02\/WhatsApp-Image-2026-02-10-at-12.06.47-1-980x652.jpeg 980w, https:\/\/filles-de-la-charite.org\/wp-content\/uploads\/2026\/02\/WhatsApp-Image-2026-02-10-at-12.06.47-1-480x319.jpeg 480w\" sizes=\"(min-width: 0px) and (max-width: 480px) 480px, (min-width: 481px) and (max-width: 980px) 980px, (min-width: 981px) 1024px, 100vw\" \/><\/figure>\n\n\n\n<p>Questo servizio \u00e8 reso possibile grazie alla collaborazione di numerose organizzazioni che, in vari modi, hanno sostenuto e continuano a sostenere questa iniziativa: <strong>RED KAWSAY <\/strong>(Rete di Vita Consacrata per una societ\u00e0 libera dalla tratta \u2013 Per\u00f9) \u2013 <strong>Talitha International Network Kum <\/strong>\u2013 <strong>Congregazione della Missione <\/strong>\u2013 <strong>OIM <\/strong>\u2013 <strong>UNHCR <\/strong>\u2013 <strong>IL NOSTRO SALVATAGGIO <\/strong>\u2013 <strong>Servizio pubblico<\/strong><\/p>\n\n\n\n<p>Vi invito a custodire queste donne nei vostri cuori e nelle vostre preghiere e a camminare con noi, ovunque siate, in questa missione comune di guarigione, di giustizia e di speranza.<\/p>\n\n\n\n<p>Santa Giuseppina Bakhita ci dia la forza di continuare a lottare per una societ\u00e0 libera dalla tratta di esseri umani. Le affidiamo ogni donna sopravvissuta a questo flagello, cos\u00ec come coloro che sono ancora vittime della schiavit\u00f9.<\/p>\n","protected":false},"excerpt":{"rendered":"<p>Il Centro di Accoglienza Suor Rosalie Rendu in Per\u00f9 \u00abLa tratta di esseri umani \u00e8 una ferita nel corpo dell&#8217;umanit\u00e0 contemporanea, una ferita nella carne di Cristo\u00bb (Papa Francesco). Dal marzo 2023, anno giubilare del 400\u00b0 anniversario della Lumi\u00e8re di Pentecoste, il Signore ci ha provvidenzialmente poste di fronte a un servizio rischioso e audace. [&hellip;]<\/p>\n","protected":false},"author":5,"featured_media":48907,"comment_status":"closed","ping_status":"closed","sticky":false,"template":"","format":"standard","meta":{"_acf_changed":false,"_et_pb_use_builder":"","_et_pb_old_content":"","_et_gb_content_width":"","footnotes":"","_links_to":"","_links_to_target":""},"categories":[930],"tags":[],"class_list":["post-48906","post","type-post","status-publish","format-standard","has-post-thumbnail","hentry","category-peru"],"acf":[],"yoast_head":"<!-- This site is optimized with the Yoast SEO plugin v27.5 - https:\/\/yoast.com\/product\/yoast-seo-wordpress\/ -->\n<title>Una speranza che abbraccia - Filles de la Charit\u00e9<\/title>\n<meta name=\"robots\" content=\"index, follow, max-snippet:-1, max-image-preview:large, max-video-preview:-1\" \/>\n<link rel=\"canonical\" href=\"https:\/\/filles-de-la-charite.org\/it\/esperanza-que-abraza-la-casa-de-acogida-sor-rosalia-rendu\/\" \/>\n<meta property=\"og:locale\" content=\"it_IT\" \/>\n<meta property=\"og:type\" content=\"article\" \/>\n<meta property=\"og:title\" content=\"Una speranza che abbraccia - Filles de la Charit\u00e9\" \/>\n<meta property=\"og:description\" content=\"Il Centro di Accoglienza Suor Rosalie Rendu in Per\u00f9 \u00abLa tratta di esseri umani \u00e8 una ferita nel corpo dell&#8217;umanit\u00e0 contemporanea, una ferita nella carne di Cristo\u00bb (Papa Francesco). Dal marzo 2023, anno giubilare del 400\u00b0 anniversario della Lumi\u00e8re di Pentecoste, il Signore ci ha provvidenzialmente poste di fronte a un servizio rischioso e audace. [&hellip;]\" \/>\n<meta property=\"og:url\" content=\"https:\/\/filles-de-la-charite.org\/it\/esperanza-que-abraza-la-casa-de-acogida-sor-rosalia-rendu\/\" \/>\n<meta property=\"og:site_name\" content=\"Filles de la Charit\u00e9\" \/>\n<meta property=\"article:published_time\" content=\"2026-02-12T13:00:00+00:00\" \/>\n<meta property=\"og:image\" content=\"https:\/\/filles-de-la-charite.org\/wp-content\/uploads\/2026\/02\/WhatsApp-Image-2026-02-10-at-12.06.46.jpeg\" \/>\n\t<meta property=\"og:image:width\" content=\"960\" \/>\n\t<meta property=\"og:image:height\" content=\"1280\" \/>\n\t<meta property=\"og:image:type\" content=\"image\/jpeg\" \/>\n<meta name=\"author\" content=\"SOR MARTA\" \/>\n<meta name=\"twitter:card\" content=\"summary_large_image\" \/>\n<meta name=\"twitter:label1\" content=\"Scritto da\" \/>\n\t<meta name=\"twitter:data1\" content=\"SOR MARTA\" \/>\n\t<meta name=\"twitter:label2\" content=\"Tempo di lettura stimato\" \/>\n\t<meta name=\"twitter:data2\" content=\"4 minuti\" \/>\n<script type=\"application\/ld+json\" class=\"yoast-schema-graph\">{\"@context\":\"https:\\\/\\\/schema.org\",\"@graph\":[{\"@type\":\"Article\",\"@id\":\"https:\\\/\\\/filles-de-la-charite.org\\\/it\\\/esperanza-que-abraza-la-casa-de-acogida-sor-rosalia-rendu\\\/#article\",\"isPartOf\":{\"@id\":\"https:\\\/\\\/filles-de-la-charite.org\\\/it\\\/esperanza-que-abraza-la-casa-de-acogida-sor-rosalia-rendu\\\/\"},\"author\":{\"name\":\"SOR MARTA\",\"@id\":\"https:\\\/\\\/filles-de-la-charite.org\\\/it\\\/#\\\/schema\\\/person\\\/0c922b6ca71280639858d297b3a7209f\"},\"headline\":\"Una speranza che abbraccia\",\"datePublished\":\"2026-02-12T13:00:00+00:00\",\"mainEntityOfPage\":{\"@id\":\"https:\\\/\\\/filles-de-la-charite.org\\\/it\\\/esperanza-que-abraza-la-casa-de-acogida-sor-rosalia-rendu\\\/\"},\"wordCount\":549,\"publisher\":{\"@id\":\"https:\\\/\\\/filles-de-la-charite.org\\\/it\\\/#organization\"},\"image\":{\"@id\":\"https:\\\/\\\/filles-de-la-charite.org\\\/it\\\/esperanza-que-abraza-la-casa-de-acogida-sor-rosalia-rendu\\\/#primaryimage\"},\"thumbnailUrl\":\"https:\\\/\\\/filles-de-la-charite.org\\\/wp-content\\\/uploads\\\/2026\\\/02\\\/WhatsApp-Image-2026-02-10-at-12.06.46.jpeg\",\"articleSection\":[\"Per\u00f9\"],\"inLanguage\":\"it-IT\"},{\"@type\":\"WebPage\",\"@id\":\"https:\\\/\\\/filles-de-la-charite.org\\\/it\\\/esperanza-que-abraza-la-casa-de-acogida-sor-rosalia-rendu\\\/\",\"url\":\"https:\\\/\\\/filles-de-la-charite.org\\\/it\\\/esperanza-que-abraza-la-casa-de-acogida-sor-rosalia-rendu\\\/\",\"name\":\"Una speranza che abbraccia - Filles de la Charit\u00e9\",\"isPartOf\":{\"@id\":\"https:\\\/\\\/filles-de-la-charite.org\\\/it\\\/#website\"},\"primaryImageOfPage\":{\"@id\":\"https:\\\/\\\/filles-de-la-charite.org\\\/it\\\/esperanza-que-abraza-la-casa-de-acogida-sor-rosalia-rendu\\\/#primaryimage\"},\"image\":{\"@id\":\"https:\\\/\\\/filles-de-la-charite.org\\\/it\\\/esperanza-que-abraza-la-casa-de-acogida-sor-rosalia-rendu\\\/#primaryimage\"},\"thumbnailUrl\":\"https:\\\/\\\/filles-de-la-charite.org\\\/wp-content\\\/uploads\\\/2026\\\/02\\\/WhatsApp-Image-2026-02-10-at-12.06.46.jpeg\",\"datePublished\":\"2026-02-12T13:00:00+00:00\",\"breadcrumb\":{\"@id\":\"https:\\\/\\\/filles-de-la-charite.org\\\/it\\\/esperanza-que-abraza-la-casa-de-acogida-sor-rosalia-rendu\\\/#breadcrumb\"},\"inLanguage\":\"it-IT\",\"potentialAction\":[{\"@type\":\"ReadAction\",\"target\":[\"https:\\\/\\\/filles-de-la-charite.org\\\/it\\\/esperanza-que-abraza-la-casa-de-acogida-sor-rosalia-rendu\\\/\"]}]},{\"@type\":\"ImageObject\",\"inLanguage\":\"it-IT\",\"@id\":\"https:\\\/\\\/filles-de-la-charite.org\\\/it\\\/esperanza-que-abraza-la-casa-de-acogida-sor-rosalia-rendu\\\/#primaryimage\",\"url\":\"https:\\\/\\\/filles-de-la-charite.org\\\/wp-content\\\/uploads\\\/2026\\\/02\\\/WhatsApp-Image-2026-02-10-at-12.06.46.jpeg\",\"contentUrl\":\"https:\\\/\\\/filles-de-la-charite.org\\\/wp-content\\\/uploads\\\/2026\\\/02\\\/WhatsApp-Image-2026-02-10-at-12.06.46.jpeg\",\"width\":960,\"height\":1280},{\"@type\":\"BreadcrumbList\",\"@id\":\"https:\\\/\\\/filles-de-la-charite.org\\\/it\\\/esperanza-que-abraza-la-casa-de-acogida-sor-rosalia-rendu\\\/#breadcrumb\",\"itemListElement\":[{\"@type\":\"ListItem\",\"position\":1,\"name\":\"Per\u00f9\",\"item\":\"https:\\\/\\\/filles-de-la-charite.org\\\/it\\\/category\\\/peru\\\/\"},{\"@type\":\"ListItem\",\"position\":2,\"name\":\"Una speranza che abbraccia\"}]},{\"@type\":\"WebSite\",\"@id\":\"https:\\\/\\\/filles-de-la-charite.org\\\/it\\\/#website\",\"url\":\"https:\\\/\\\/filles-de-la-charite.org\\\/it\\\/\",\"name\":\"Hijas de la Caridad\",\"description\":\"L\u2019amour de J\u00e9sus nous presse \u00e0 prendre soin des personnes les plus d\u00e9munies\",\"publisher\":{\"@id\":\"https:\\\/\\\/filles-de-la-charite.org\\\/it\\\/#organization\"},\"potentialAction\":[{\"@type\":\"SearchAction\",\"target\":{\"@type\":\"EntryPoint\",\"urlTemplate\":\"https:\\\/\\\/filles-de-la-charite.org\\\/it\\\/?s={search_term_string}\"},\"query-input\":{\"@type\":\"PropertyValueSpecification\",\"valueRequired\":true,\"valueName\":\"search_term_string\"}}],\"inLanguage\":\"it-IT\"},{\"@type\":\"Organization\",\"@id\":\"https:\\\/\\\/filles-de-la-charite.org\\\/it\\\/#organization\",\"name\":\"Hijas de la Caridad\",\"url\":\"https:\\\/\\\/filles-de-la-charite.org\\\/it\\\/\",\"logo\":{\"@type\":\"ImageObject\",\"inLanguage\":\"it-IT\",\"@id\":\"https:\\\/\\\/filles-de-la-charite.org\\\/it\\\/#\\\/schema\\\/logo\\\/image\\\/\",\"url\":\"https:\\\/\\\/filles-de-la-charite.org\\\/wp-content\\\/uploads\\\/2023\\\/03\\\/isotipo-Hijas-de-la-Caridad.png\",\"contentUrl\":\"https:\\\/\\\/filles-de-la-charite.org\\\/wp-content\\\/uploads\\\/2023\\\/03\\\/isotipo-Hijas-de-la-Caridad.png\",\"width\":1417,\"height\":1417,\"caption\":\"Hijas de la Caridad\"},\"image\":{\"@id\":\"https:\\\/\\\/filles-de-la-charite.org\\\/it\\\/#\\\/schema\\\/logo\\\/image\\\/\"}},{\"@type\":\"Person\",\"@id\":\"https:\\\/\\\/filles-de-la-charite.org\\\/it\\\/#\\\/schema\\\/person\\\/0c922b6ca71280639858d297b3a7209f\",\"name\":\"SOR MARTA\",\"image\":{\"@type\":\"ImageObject\",\"inLanguage\":\"it-IT\",\"@id\":\"https:\\\/\\\/secure.gravatar.com\\\/avatar\\\/d2c45b0fd6bf2d3e2670ab3d112257c24ac80fa960360bba1bdc0676485d1d09?s=96&d=mm&r=g\",\"url\":\"https:\\\/\\\/secure.gravatar.com\\\/avatar\\\/d2c45b0fd6bf2d3e2670ab3d112257c24ac80fa960360bba1bdc0676485d1d09?s=96&d=mm&r=g\",\"contentUrl\":\"https:\\\/\\\/secure.gravatar.com\\\/avatar\\\/d2c45b0fd6bf2d3e2670ab3d112257c24ac80fa960360bba1bdc0676485d1d09?s=96&d=mm&r=g\",\"caption\":\"SOR MARTA\"},\"url\":\"https:\\\/\\\/filles-de-la-charite.org\\\/it\\\/author\\\/martaemn\\\/\"}]}<\/script>\n<!-- \/ Yoast SEO plugin. -->","yoast_head_json":{"title":"Una speranza che abbraccia - Filles de la Charit\u00e9","robots":{"index":"index","follow":"follow","max-snippet":"max-snippet:-1","max-image-preview":"max-image-preview:large","max-video-preview":"max-video-preview:-1"},"canonical":"https:\/\/filles-de-la-charite.org\/it\/esperanza-que-abraza-la-casa-de-acogida-sor-rosalia-rendu\/","og_locale":"it_IT","og_type":"article","og_title":"Una speranza che abbraccia - Filles de la Charit\u00e9","og_description":"Il Centro di Accoglienza Suor Rosalie Rendu in Per\u00f9 \u00abLa tratta di esseri umani \u00e8 una ferita nel corpo dell&#8217;umanit\u00e0 contemporanea, una ferita nella carne di Cristo\u00bb (Papa Francesco). Dal marzo 2023, anno giubilare del 400\u00b0 anniversario della Lumi\u00e8re di Pentecoste, il Signore ci ha provvidenzialmente poste di fronte a un servizio rischioso e audace. [&hellip;]","og_url":"https:\/\/filles-de-la-charite.org\/it\/esperanza-que-abraza-la-casa-de-acogida-sor-rosalia-rendu\/","og_site_name":"Filles de la Charit\u00e9","article_published_time":"2026-02-12T13:00:00+00:00","og_image":[{"width":960,"height":1280,"url":"https:\/\/filles-de-la-charite.org\/wp-content\/uploads\/2026\/02\/WhatsApp-Image-2026-02-10-at-12.06.46.jpeg","type":"image\/jpeg"}],"author":"SOR MARTA","twitter_card":"summary_large_image","twitter_misc":{"Scritto da":"SOR MARTA","Tempo di lettura stimato":"4 minuti"},"schema":{"@context":"https:\/\/schema.org","@graph":[{"@type":"Article","@id":"https:\/\/filles-de-la-charite.org\/it\/esperanza-que-abraza-la-casa-de-acogida-sor-rosalia-rendu\/#article","isPartOf":{"@id":"https:\/\/filles-de-la-charite.org\/it\/esperanza-que-abraza-la-casa-de-acogida-sor-rosalia-rendu\/"},"author":{"name":"SOR MARTA","@id":"https:\/\/filles-de-la-charite.org\/it\/#\/schema\/person\/0c922b6ca71280639858d297b3a7209f"},"headline":"Una speranza che abbraccia","datePublished":"2026-02-12T13:00:00+00:00","mainEntityOfPage":{"@id":"https:\/\/filles-de-la-charite.org\/it\/esperanza-que-abraza-la-casa-de-acogida-sor-rosalia-rendu\/"},"wordCount":549,"publisher":{"@id":"https:\/\/filles-de-la-charite.org\/it\/#organization"},"image":{"@id":"https:\/\/filles-de-la-charite.org\/it\/esperanza-que-abraza-la-casa-de-acogida-sor-rosalia-rendu\/#primaryimage"},"thumbnailUrl":"https:\/\/filles-de-la-charite.org\/wp-content\/uploads\/2026\/02\/WhatsApp-Image-2026-02-10-at-12.06.46.jpeg","articleSection":["Per\u00f9"],"inLanguage":"it-IT"},{"@type":"WebPage","@id":"https:\/\/filles-de-la-charite.org\/it\/esperanza-que-abraza-la-casa-de-acogida-sor-rosalia-rendu\/","url":"https:\/\/filles-de-la-charite.org\/it\/esperanza-que-abraza-la-casa-de-acogida-sor-rosalia-rendu\/","name":"Una speranza che abbraccia - Filles de la Charit\u00e9","isPartOf":{"@id":"https:\/\/filles-de-la-charite.org\/it\/#website"},"primaryImageOfPage":{"@id":"https:\/\/filles-de-la-charite.org\/it\/esperanza-que-abraza-la-casa-de-acogida-sor-rosalia-rendu\/#primaryimage"},"image":{"@id":"https:\/\/filles-de-la-charite.org\/it\/esperanza-que-abraza-la-casa-de-acogida-sor-rosalia-rendu\/#primaryimage"},"thumbnailUrl":"https:\/\/filles-de-la-charite.org\/wp-content\/uploads\/2026\/02\/WhatsApp-Image-2026-02-10-at-12.06.46.jpeg","datePublished":"2026-02-12T13:00:00+00:00","breadcrumb":{"@id":"https:\/\/filles-de-la-charite.org\/it\/esperanza-que-abraza-la-casa-de-acogida-sor-rosalia-rendu\/#breadcrumb"},"inLanguage":"it-IT","potentialAction":[{"@type":"ReadAction","target":["https:\/\/filles-de-la-charite.org\/it\/esperanza-que-abraza-la-casa-de-acogida-sor-rosalia-rendu\/"]}]},{"@type":"ImageObject","inLanguage":"it-IT","@id":"https:\/\/filles-de-la-charite.org\/it\/esperanza-que-abraza-la-casa-de-acogida-sor-rosalia-rendu\/#primaryimage","url":"https:\/\/filles-de-la-charite.org\/wp-content\/uploads\/2026\/02\/WhatsApp-Image-2026-02-10-at-12.06.46.jpeg","contentUrl":"https:\/\/filles-de-la-charite.org\/wp-content\/uploads\/2026\/02\/WhatsApp-Image-2026-02-10-at-12.06.46.jpeg","width":960,"height":1280},{"@type":"BreadcrumbList","@id":"https:\/\/filles-de-la-charite.org\/it\/esperanza-que-abraza-la-casa-de-acogida-sor-rosalia-rendu\/#breadcrumb","itemListElement":[{"@type":"ListItem","position":1,"name":"Per\u00f9","item":"https:\/\/filles-de-la-charite.org\/it\/category\/peru\/"},{"@type":"ListItem","position":2,"name":"Una speranza che abbraccia"}]},{"@type":"WebSite","@id":"https:\/\/filles-de-la-charite.org\/it\/#website","url":"https:\/\/filles-de-la-charite.org\/it\/","name":"Hijas de la Caridad","description":"L\u2019amour de J\u00e9sus nous presse \u00e0 prendre soin des personnes les plus d\u00e9munies","publisher":{"@id":"https:\/\/filles-de-la-charite.org\/it\/#organization"},"potentialAction":[{"@type":"SearchAction","target":{"@type":"EntryPoint","urlTemplate":"https:\/\/filles-de-la-charite.org\/it\/?s={search_term_string}"},"query-input":{"@type":"PropertyValueSpecification","valueRequired":true,"valueName":"search_term_string"}}],"inLanguage":"it-IT"},{"@type":"Organization","@id":"https:\/\/filles-de-la-charite.org\/it\/#organization","name":"Hijas de la Caridad","url":"https:\/\/filles-de-la-charite.org\/it\/","logo":{"@type":"ImageObject","inLanguage":"it-IT","@id":"https:\/\/filles-de-la-charite.org\/it\/#\/schema\/logo\/image\/","url":"https:\/\/filles-de-la-charite.org\/wp-content\/uploads\/2023\/03\/isotipo-Hijas-de-la-Caridad.png","contentUrl":"https:\/\/filles-de-la-charite.org\/wp-content\/uploads\/2023\/03\/isotipo-Hijas-de-la-Caridad.png","width":1417,"height":1417,"caption":"Hijas de la Caridad"},"image":{"@id":"https:\/\/filles-de-la-charite.org\/it\/#\/schema\/logo\/image\/"}},{"@type":"Person","@id":"https:\/\/filles-de-la-charite.org\/it\/#\/schema\/person\/0c922b6ca71280639858d297b3a7209f","name":"SOR MARTA","image":{"@type":"ImageObject","inLanguage":"it-IT","@id":"https:\/\/secure.gravatar.com\/avatar\/d2c45b0fd6bf2d3e2670ab3d112257c24ac80fa960360bba1bdc0676485d1d09?s=96&d=mm&r=g","url":"https:\/\/secure.gravatar.com\/avatar\/d2c45b0fd6bf2d3e2670ab3d112257c24ac80fa960360bba1bdc0676485d1d09?s=96&d=mm&r=g","contentUrl":"https:\/\/secure.gravatar.com\/avatar\/d2c45b0fd6bf2d3e2670ab3d112257c24ac80fa960360bba1bdc0676485d1d09?s=96&d=mm&r=g","caption":"SOR MARTA"},"url":"https:\/\/filles-de-la-charite.org\/it\/author\/martaemn\/"}]}},"_links":{"self":[{"href":"https:\/\/filles-de-la-charite.org\/it\/wp-json\/wp\/v2\/posts\/48906","targetHints":{"allow":["GET"]}}],"collection":[{"href":"https:\/\/filles-de-la-charite.org\/it\/wp-json\/wp\/v2\/posts"}],"about":[{"href":"https:\/\/filles-de-la-charite.org\/it\/wp-json\/wp\/v2\/types\/post"}],"author":[{"embeddable":true,"href":"https:\/\/filles-de-la-charite.org\/it\/wp-json\/wp\/v2\/users\/5"}],"replies":[{"embeddable":true,"href":"https:\/\/filles-de-la-charite.org\/it\/wp-json\/wp\/v2\/comments?post=48906"}],"version-history":[{"count":2,"href":"https:\/\/filles-de-la-charite.org\/it\/wp-json\/wp\/v2\/posts\/48906\/revisions"}],"predecessor-version":[{"id":48938,"href":"https:\/\/filles-de-la-charite.org\/it\/wp-json\/wp\/v2\/posts\/48906\/revisions\/48938"}],"wp:featuredmedia":[{"embeddable":true,"href":"https:\/\/filles-de-la-charite.org\/it\/wp-json\/wp\/v2\/media\/48907"}],"wp:attachment":[{"href":"https:\/\/filles-de-la-charite.org\/it\/wp-json\/wp\/v2\/media?parent=48906"}],"wp:term":[{"taxonomy":"category","embeddable":true,"href":"https:\/\/filles-de-la-charite.org\/it\/wp-json\/wp\/v2\/categories?post=48906"},{"taxonomy":"post_tag","embeddable":true,"href":"https:\/\/filles-de-la-charite.org\/it\/wp-json\/wp\/v2\/tags?post=48906"}],"curies":[{"name":"wp","href":"https:\/\/api.w.org\/{rel}","templated":true}]}}