{"id":8579,"date":"2020-05-01T16:52:49","date_gmt":"2020-05-01T14:52:49","guid":{"rendered":"https:\/\/hijascaridad.sjdigitaldemo.ovh\/cultura-dello-spreco-e-dello-scarto\/"},"modified":"2024-03-17T18:55:38","modified_gmt":"2024-03-17T17:55:38","slug":"cultura-dello-spreco-e-dello-scarto","status":"publish","type":"post","link":"https:\/\/filles-de-la-charite.org\/it\/cultura-dello-spreco-e-dello-scarto\/","title":{"rendered":"Cultura dello spreco e dello scarto"},"content":{"rendered":"\n<figure class=\"wp-block-pullquote is-style-default\"><blockquote><p><strong>La cura per la nostra casa comune e\u2019 diventata urgente ma rimane ancora controversa<\/strong>.<\/p><cite><strong>2015 \u2013 LAUDATO SI\u2019<\/strong><\/cite><\/blockquote><\/figure>\n\n\n\n<p><strong>Questi<\/strong><strong> <\/strong><strong>problemi<\/strong><strong> sono <\/strong><strong>intimamente<\/strong><strong> <\/strong><strong>legati<\/strong><strong> alla <\/strong><strong>cultura<\/strong><strong> <\/strong><strong>dello<\/strong><strong> <\/strong><strong>scarto<\/strong><strong>, <\/strong><strong>che<\/strong><strong> <\/strong><strong>colpisce<\/strong><strong> <\/strong><strong>tanto<\/strong><strong> <\/strong><strong>gli<\/strong><strong> <\/strong><strong>esseri<\/strong><strong> <\/strong><strong>umani<\/strong><strong> <\/strong><strong>esclusi<\/strong><strong> quanto le <\/strong><strong>cose<\/strong><strong> <\/strong><strong>che<\/strong><strong> si <\/strong><strong>trasformano<\/strong><strong> <\/strong><strong>velocemente<\/strong><strong> in <\/strong><strong>spazzatura<\/strong><strong>. la <\/strong><strong>maggior<\/strong><strong> parte <\/strong><strong>della<\/strong><strong> carta <\/strong><strong>che<\/strong><strong> si <\/strong><strong>produce<\/strong><strong> <\/strong><strong>viene<\/strong><strong> <\/strong><strong>gettata<\/strong><strong> e non <\/strong><strong>riciclata<\/strong><strong>. Il <\/strong><strong>funzionamento<\/strong><strong> <\/strong><strong>degli<\/strong><strong> <\/strong><strong>ecosistemi<\/strong><strong> <\/strong><strong>naturali<\/strong><strong> \u00e8 <\/strong><strong>esemplare<\/strong><strong>: le <\/strong><strong>piante<\/strong><strong> <\/strong><strong>sintetizzano<\/strong><strong> <\/strong><strong>sostanze<\/strong><strong> nutritive <\/strong><strong>che<\/strong><strong> <\/strong><strong>alimentano<\/strong><strong> <\/strong><strong>gli<\/strong><strong> <\/strong><strong>erbivori<\/strong><strong>; <\/strong><strong>questi<\/strong><strong> a <\/strong><strong>loro<\/strong><strong> volta <\/strong><strong>alimentano<\/strong><strong> i <\/strong><strong>carnivori<\/strong><strong>, <\/strong><strong>che<\/strong><strong> <\/strong><strong>forniscono<\/strong><strong> <\/strong><strong>importanti<\/strong><strong> <\/strong><strong>quantit\u00e0<\/strong><strong> di <\/strong><strong>rifiuti<\/strong><strong> <\/strong><strong>organici<\/strong><strong>, i <\/strong><strong>quali<\/strong><strong> <\/strong><strong>danno<\/strong><strong> <\/strong><strong>luogo<\/strong><strong> a <\/strong><strong>una<\/strong><strong> <\/strong><strong>nuova<\/strong><strong> <\/strong><strong>generazione<\/strong><strong> di <\/strong><strong>vegetali<\/strong><strong>.<\/strong><\/p>\n\n\n\n<p><strong>Il sistema industriale, alla fine del ciclo di produzione e di consumo, non ha sviluppato la capacit\u00e0 di assorbire e riutilizzare rifiuti e scorie.<\/strong>\u00a0<\/p>\n\n\n\n<p>(<strong>Laudato Si\u2019 22<\/strong>)<\/p>\n\n\n\n<div class=\"wp-block-media-text alignwide has-media-on-the-right is-stacked-on-mobile\"><figure class=\"wp-block-media-text__media\"><img decoding=\"async\" src=\"https:\/\/filles-de-la-charite.org\/wp-content\/uploads\/2023\/05\/Sans-titre-1-1-1024x768.jpg\" alt=\"\" class=\"wp-image-43496\" \/><\/figure><div class=\"wp-block-media-text__content\">\n<figure class=\"wp-block-pullquote is-style-default\"><blockquote class=\"has-text-color has-accent-color\"><p><strong><strong>La popolazione che vive in prossimit\u00e0<\/strong><\/strong> <strong><strong>degli impianti di smaltimento dei rifiuti \u00e8 spesso pi\u00f9 svantaggiata della popolazione in generale, il che comporta disuguaglianze in termini di salute ambientale<\/strong>.<\/strong><\/p><cite><strong><strong>Organizzazione Mondiale della Sanit\u00e0 2015<\/strong><\/strong><\/cite><\/blockquote><\/figure>\n<\/div><\/div>\n\n\n\n<div class=\"wp-block-media-text alignwide is-stacked-on-mobile\"><figure class=\"wp-block-media-text__media\"><img decoding=\"async\" src=\"https:\/\/filles-de-la-charite.org\/wp-content\/uploads\/2023\/05\/page-4-1-1.jpg\" alt=\"\" class=\"wp-image-43497\" \/><\/figure><div class=\"wp-block-media-text__content\">\n<figure class=\"wp-block-image size-large is-resized\"><img loading=\"lazy\" decoding=\"async\" src=\"https:\/\/filles-de-la-charite.org\/wp-content\/uploads\/2023\/05\/page-4-2-1.jpg\" alt=\"\" class=\"wp-image-43498\" width=\"300\" height=\"123\" \/><\/figure>\n\n\n\n<figure class=\"wp-block-pullquote is-style-default\" style=\"border-color:#0d80a0\"><blockquote class=\"has-text-color has-accent-color\"><p>Porta la tua borsa della spesa. Prendi una bottiglia di acqua riutilizzabile. Di \u2018No\u2019 alle cannucce di plastica. Usa sapone per le mani nella doccia. Supporta una \u201czona franca\u201d per la carta<\/p><\/blockquote><\/figure>\n<\/div><\/div>\n\n\n\n<div class=\"wp-block-media-text alignwide has-media-on-the-right is-stacked-on-mobile\"><figure class=\"wp-block-media-text__media\"><img decoding=\"async\" src=\"https:\/\/filles-de-la-charite.org\/wp-content\/uploads\/2023\/05\/page-5-1.jpg\" alt=\"\" class=\"wp-image-43499\" \/><\/figure><div class=\"wp-block-media-text__content\">\n<h2 class=\"wp-block-heading\"><strong><strong>Riflessione<\/strong><\/strong><\/h2>\n\n\n\n<p>Il Covid-19 ha portato alla carenza di varie risorse a livello globale, come il cibo, l\u2019acqua e prodotti di carta, e ha fatto si che molti \u201csi accontentano\u201d di quello che abbiamo.<\/p>\n\n\n\n<p>Come ha influenzato la mia prospettiva su che cosa significa vivere uno stile di vita semplice?<\/p>\n\n\n\n<p>Ha ispirato qualche cambiamento sul mio modo di pensare su ci\u00f2 di cui ho \u201cdavvero bisogno\u201d o nei miei modelli di consumo?<\/p>\n<\/div><\/div>\n\n\n\n<div class=\"wp-block-media-text alignwide is-stacked-on-mobile\"><figure class=\"wp-block-media-text__media\"><img decoding=\"async\" src=\"https:\/\/filles-de-la-charite.org\/wp-content\/uploads\/2023\/05\/page-6-1-1.png\" alt=\"\" class=\"wp-image-43500\" \/><\/figure><div class=\"wp-block-media-text__content\">\n<figure class=\"wp-block-pullquote is-style-default\"><blockquote><p><strong><strong>L\u2019obiettivo n. 12 delle Nazioni Unite per lo Sviluppo Sostenibile si concentra sul consumo e la produzione sostenibili.<\/strong><\/strong><\/p><p><strong>Se la popolazione globale dovesse raggiungere i 9.6 miliardi di persone entro il 2050, l\u2019equivalente di quasi tre pianeti potrebbe essere necessario per fornire le risorse naturali necessarie a sostenere gli attuali stili di vita<\/strong>.<\/p><cite>UN<\/cite><\/blockquote><\/figure>\n<\/div><\/div>\n\n\n\n<p><\/p>\n","protected":false},"excerpt":{"rendered":"<p>La cura per la nostra casa comune e\u2019 diventata urgente ma rimane ancora controversa. 2015 \u2013 LAUDATO SI\u2019 Questi problemi sono intimamente legati alla cultura dello scarto, che colpisce tanto gli esseri umani esclusi quanto le cose che si trasformano velocemente in spazzatura. la maggior parte della carta che si produce viene gettata e non [&hellip;]<\/p>\n","protected":false},"author":1,"featured_media":8012,"comment_status":"closed","ping_status":"closed","sticky":false,"template":"","format":"standard","meta":{"_acf_changed":false,"_et_pb_use_builder":"","_et_pb_old_content":"","_et_gb_content_width":"","footnotes":"","_links_to":"","_links_to_target":""},"categories":[634],"tags":[],"class_list":["post-8579","post","type-post","status-publish","format-standard","has-post-thumbnail","hentry","category-onu-it"],"acf":[],"yoast_head":"<!-- This site is optimized with the Yoast SEO plugin v27.5 - https:\/\/yoast.com\/product\/yoast-seo-wordpress\/ -->\n<title>Cultura dello spreco e dello scarto - Filles de la Charit\u00e9<\/title>\n<meta name=\"robots\" content=\"index, follow, max-snippet:-1, max-image-preview:large, max-video-preview:-1\" \/>\n<link rel=\"canonical\" href=\"https:\/\/filles-de-la-charite.org\/it\/cultura-dello-spreco-e-dello-scarto\/\" \/>\n<meta property=\"og:locale\" content=\"it_IT\" \/>\n<meta property=\"og:type\" content=\"article\" \/>\n<meta property=\"og:title\" content=\"Cultura dello spreco e dello scarto - Filles de la Charit\u00e9\" \/>\n<meta property=\"og:description\" content=\"La cura per la nostra casa comune e\u2019 diventata urgente ma rimane ancora controversa. 2015 \u2013 LAUDATO SI\u2019 Questi problemi sono intimamente legati alla cultura dello scarto, che colpisce tanto gli esseri umani esclusi quanto le cose che si trasformano velocemente in spazzatura. la maggior parte della carta che si produce viene gettata e non [&hellip;]\" \/>\n<meta property=\"og:url\" content=\"https:\/\/filles-de-la-charite.org\/it\/cultura-dello-spreco-e-dello-scarto\/\" \/>\n<meta property=\"og:site_name\" content=\"Filles de la Charit\u00e9\" \/>\n<meta property=\"article:published_time\" content=\"2020-05-01T14:52:49+00:00\" \/>\n<meta property=\"article:modified_time\" content=\"2024-03-17T17:55:38+00:00\" \/>\n<meta property=\"og:image\" content=\"https:\/\/filles-de-la-charite.org\/wp-content\/uploads\/2023\/05\/page-6-1-1.png\" \/>\n\t<meta property=\"og:image:width\" content=\"718\" \/>\n\t<meta property=\"og:image:height\" content=\"492\" \/>\n\t<meta property=\"og:image:type\" content=\"image\/png\" \/>\n<meta name=\"author\" content=\"admin\" \/>\n<meta name=\"twitter:card\" content=\"summary_large_image\" \/>\n<meta name=\"twitter:label1\" content=\"Scritto da\" \/>\n\t<meta name=\"twitter:data1\" content=\"admin\" \/>\n\t<meta name=\"twitter:label2\" content=\"Tempo di lettura stimato\" \/>\n\t<meta name=\"twitter:data2\" content=\"2 minuti\" \/>\n<script type=\"application\/ld+json\" class=\"yoast-schema-graph\">{\"@context\":\"https:\\\/\\\/schema.org\",\"@graph\":[{\"@type\":\"Article\",\"@id\":\"https:\\\/\\\/filles-de-la-charite.org\\\/it\\\/cultura-dello-spreco-e-dello-scarto\\\/#article\",\"isPartOf\":{\"@id\":\"https:\\\/\\\/filles-de-la-charite.org\\\/it\\\/cultura-dello-spreco-e-dello-scarto\\\/\"},\"author\":{\"name\":\"admin\",\"@id\":\"https:\\\/\\\/filles-de-la-charite.org\\\/it\\\/#\\\/schema\\\/person\\\/427567b2eccfc2dd7d206da186a1f438\"},\"headline\":\"Cultura dello spreco e dello scarto\",\"datePublished\":\"2020-05-01T14:52:49+00:00\",\"dateModified\":\"2024-03-17T17:55:38+00:00\",\"mainEntityOfPage\":{\"@id\":\"https:\\\/\\\/filles-de-la-charite.org\\\/it\\\/cultura-dello-spreco-e-dello-scarto\\\/\"},\"wordCount\":314,\"publisher\":{\"@id\":\"https:\\\/\\\/filles-de-la-charite.org\\\/it\\\/#organization\"},\"image\":{\"@id\":\"https:\\\/\\\/filles-de-la-charite.org\\\/it\\\/cultura-dello-spreco-e-dello-scarto\\\/#primaryimage\"},\"thumbnailUrl\":\"https:\\\/\\\/filles-de-la-charite.org\\\/wp-content\\\/uploads\\\/2023\\\/05\\\/page-6-1-1.png\",\"articleSection\":[\"ONU\"],\"inLanguage\":\"it-IT\"},{\"@type\":\"WebPage\",\"@id\":\"https:\\\/\\\/filles-de-la-charite.org\\\/it\\\/cultura-dello-spreco-e-dello-scarto\\\/\",\"url\":\"https:\\\/\\\/filles-de-la-charite.org\\\/it\\\/cultura-dello-spreco-e-dello-scarto\\\/\",\"name\":\"Cultura dello spreco e dello scarto - Filles de la Charit\u00e9\",\"isPartOf\":{\"@id\":\"https:\\\/\\\/filles-de-la-charite.org\\\/it\\\/#website\"},\"primaryImageOfPage\":{\"@id\":\"https:\\\/\\\/filles-de-la-charite.org\\\/it\\\/cultura-dello-spreco-e-dello-scarto\\\/#primaryimage\"},\"image\":{\"@id\":\"https:\\\/\\\/filles-de-la-charite.org\\\/it\\\/cultura-dello-spreco-e-dello-scarto\\\/#primaryimage\"},\"thumbnailUrl\":\"https:\\\/\\\/filles-de-la-charite.org\\\/wp-content\\\/uploads\\\/2023\\\/05\\\/page-6-1-1.png\",\"datePublished\":\"2020-05-01T14:52:49+00:00\",\"dateModified\":\"2024-03-17T17:55:38+00:00\",\"breadcrumb\":{\"@id\":\"https:\\\/\\\/filles-de-la-charite.org\\\/it\\\/cultura-dello-spreco-e-dello-scarto\\\/#breadcrumb\"},\"inLanguage\":\"it-IT\",\"potentialAction\":[{\"@type\":\"ReadAction\",\"target\":[\"https:\\\/\\\/filles-de-la-charite.org\\\/it\\\/cultura-dello-spreco-e-dello-scarto\\\/\"]}]},{\"@type\":\"ImageObject\",\"inLanguage\":\"it-IT\",\"@id\":\"https:\\\/\\\/filles-de-la-charite.org\\\/it\\\/cultura-dello-spreco-e-dello-scarto\\\/#primaryimage\",\"url\":\"https:\\\/\\\/filles-de-la-charite.org\\\/wp-content\\\/uploads\\\/2023\\\/05\\\/page-6-1-1.png\",\"contentUrl\":\"https:\\\/\\\/filles-de-la-charite.org\\\/wp-content\\\/uploads\\\/2023\\\/05\\\/page-6-1-1.png\",\"width\":718,\"height\":492},{\"@type\":\"BreadcrumbList\",\"@id\":\"https:\\\/\\\/filles-de-la-charite.org\\\/it\\\/cultura-dello-spreco-e-dello-scarto\\\/#breadcrumb\",\"itemListElement\":[{\"@type\":\"ListItem\",\"position\":1,\"name\":\"ONU\",\"item\":\"https:\\\/\\\/filles-de-la-charite.org\\\/it\\\/category\\\/onu-it\\\/\"},{\"@type\":\"ListItem\",\"position\":2,\"name\":\"Cultura dello spreco e dello scarto\"}]},{\"@type\":\"WebSite\",\"@id\":\"https:\\\/\\\/filles-de-la-charite.org\\\/it\\\/#website\",\"url\":\"https:\\\/\\\/filles-de-la-charite.org\\\/it\\\/\",\"name\":\"Hijas de la Caridad\",\"description\":\"L\u2019amour de J\u00e9sus nous presse \u00e0 prendre soin des personnes les plus d\u00e9munies\",\"publisher\":{\"@id\":\"https:\\\/\\\/filles-de-la-charite.org\\\/it\\\/#organization\"},\"potentialAction\":[{\"@type\":\"SearchAction\",\"target\":{\"@type\":\"EntryPoint\",\"urlTemplate\":\"https:\\\/\\\/filles-de-la-charite.org\\\/it\\\/?s={search_term_string}\"},\"query-input\":{\"@type\":\"PropertyValueSpecification\",\"valueRequired\":true,\"valueName\":\"search_term_string\"}}],\"inLanguage\":\"it-IT\"},{\"@type\":\"Organization\",\"@id\":\"https:\\\/\\\/filles-de-la-charite.org\\\/it\\\/#organization\",\"name\":\"Hijas de la Caridad\",\"url\":\"https:\\\/\\\/filles-de-la-charite.org\\\/it\\\/\",\"logo\":{\"@type\":\"ImageObject\",\"inLanguage\":\"it-IT\",\"@id\":\"https:\\\/\\\/filles-de-la-charite.org\\\/it\\\/#\\\/schema\\\/logo\\\/image\\\/\",\"url\":\"https:\\\/\\\/filles-de-la-charite.org\\\/wp-content\\\/uploads\\\/2023\\\/03\\\/isotipo-Hijas-de-la-Caridad.png\",\"contentUrl\":\"https:\\\/\\\/filles-de-la-charite.org\\\/wp-content\\\/uploads\\\/2023\\\/03\\\/isotipo-Hijas-de-la-Caridad.png\",\"width\":1417,\"height\":1417,\"caption\":\"Hijas de la Caridad\"},\"image\":{\"@id\":\"https:\\\/\\\/filles-de-la-charite.org\\\/it\\\/#\\\/schema\\\/logo\\\/image\\\/\"}},{\"@type\":\"Person\",\"@id\":\"https:\\\/\\\/filles-de-la-charite.org\\\/it\\\/#\\\/schema\\\/person\\\/427567b2eccfc2dd7d206da186a1f438\",\"name\":\"admin\",\"image\":{\"@type\":\"ImageObject\",\"inLanguage\":\"it-IT\",\"@id\":\"https:\\\/\\\/secure.gravatar.com\\\/avatar\\\/948b492cce32b586ac2db0eaa926ee87024f7afe218d73b397ea5ddfc5f43ea1?s=96&d=mm&r=g\",\"url\":\"https:\\\/\\\/secure.gravatar.com\\\/avatar\\\/948b492cce32b586ac2db0eaa926ee87024f7afe218d73b397ea5ddfc5f43ea1?s=96&d=mm&r=g\",\"contentUrl\":\"https:\\\/\\\/secure.gravatar.com\\\/avatar\\\/948b492cce32b586ac2db0eaa926ee87024f7afe218d73b397ea5ddfc5f43ea1?s=96&d=mm&r=g\",\"caption\":\"admin\"},\"sameAs\":[\"https:\\\/\\\/filles-de-la-charite.org\"],\"url\":\"https:\\\/\\\/filles-de-la-charite.org\\\/it\\\/author\\\/caridad\\\/\"}]}<\/script>\n<!-- \/ Yoast SEO plugin. -->","yoast_head_json":{"title":"Cultura dello spreco e dello scarto - Filles de la Charit\u00e9","robots":{"index":"index","follow":"follow","max-snippet":"max-snippet:-1","max-image-preview":"max-image-preview:large","max-video-preview":"max-video-preview:-1"},"canonical":"https:\/\/filles-de-la-charite.org\/it\/cultura-dello-spreco-e-dello-scarto\/","og_locale":"it_IT","og_type":"article","og_title":"Cultura dello spreco e dello scarto - Filles de la Charit\u00e9","og_description":"La cura per la nostra casa comune e\u2019 diventata urgente ma rimane ancora controversa. 2015 \u2013 LAUDATO SI\u2019 Questi problemi sono intimamente legati alla cultura dello scarto, che colpisce tanto gli esseri umani esclusi quanto le cose che si trasformano velocemente in spazzatura. la maggior parte della carta che si produce viene gettata e non [&hellip;]","og_url":"https:\/\/filles-de-la-charite.org\/it\/cultura-dello-spreco-e-dello-scarto\/","og_site_name":"Filles de la Charit\u00e9","article_published_time":"2020-05-01T14:52:49+00:00","article_modified_time":"2024-03-17T17:55:38+00:00","og_image":[{"width":718,"height":492,"url":"https:\/\/filles-de-la-charite.org\/wp-content\/uploads\/2023\/05\/page-6-1-1.png","type":"image\/png"}],"author":"admin","twitter_card":"summary_large_image","twitter_misc":{"Scritto da":"admin","Tempo di lettura stimato":"2 minuti"},"schema":{"@context":"https:\/\/schema.org","@graph":[{"@type":"Article","@id":"https:\/\/filles-de-la-charite.org\/it\/cultura-dello-spreco-e-dello-scarto\/#article","isPartOf":{"@id":"https:\/\/filles-de-la-charite.org\/it\/cultura-dello-spreco-e-dello-scarto\/"},"author":{"name":"admin","@id":"https:\/\/filles-de-la-charite.org\/it\/#\/schema\/person\/427567b2eccfc2dd7d206da186a1f438"},"headline":"Cultura dello spreco e dello scarto","datePublished":"2020-05-01T14:52:49+00:00","dateModified":"2024-03-17T17:55:38+00:00","mainEntityOfPage":{"@id":"https:\/\/filles-de-la-charite.org\/it\/cultura-dello-spreco-e-dello-scarto\/"},"wordCount":314,"publisher":{"@id":"https:\/\/filles-de-la-charite.org\/it\/#organization"},"image":{"@id":"https:\/\/filles-de-la-charite.org\/it\/cultura-dello-spreco-e-dello-scarto\/#primaryimage"},"thumbnailUrl":"https:\/\/filles-de-la-charite.org\/wp-content\/uploads\/2023\/05\/page-6-1-1.png","articleSection":["ONU"],"inLanguage":"it-IT"},{"@type":"WebPage","@id":"https:\/\/filles-de-la-charite.org\/it\/cultura-dello-spreco-e-dello-scarto\/","url":"https:\/\/filles-de-la-charite.org\/it\/cultura-dello-spreco-e-dello-scarto\/","name":"Cultura dello spreco e dello scarto - Filles de la Charit\u00e9","isPartOf":{"@id":"https:\/\/filles-de-la-charite.org\/it\/#website"},"primaryImageOfPage":{"@id":"https:\/\/filles-de-la-charite.org\/it\/cultura-dello-spreco-e-dello-scarto\/#primaryimage"},"image":{"@id":"https:\/\/filles-de-la-charite.org\/it\/cultura-dello-spreco-e-dello-scarto\/#primaryimage"},"thumbnailUrl":"https:\/\/filles-de-la-charite.org\/wp-content\/uploads\/2023\/05\/page-6-1-1.png","datePublished":"2020-05-01T14:52:49+00:00","dateModified":"2024-03-17T17:55:38+00:00","breadcrumb":{"@id":"https:\/\/filles-de-la-charite.org\/it\/cultura-dello-spreco-e-dello-scarto\/#breadcrumb"},"inLanguage":"it-IT","potentialAction":[{"@type":"ReadAction","target":["https:\/\/filles-de-la-charite.org\/it\/cultura-dello-spreco-e-dello-scarto\/"]}]},{"@type":"ImageObject","inLanguage":"it-IT","@id":"https:\/\/filles-de-la-charite.org\/it\/cultura-dello-spreco-e-dello-scarto\/#primaryimage","url":"https:\/\/filles-de-la-charite.org\/wp-content\/uploads\/2023\/05\/page-6-1-1.png","contentUrl":"https:\/\/filles-de-la-charite.org\/wp-content\/uploads\/2023\/05\/page-6-1-1.png","width":718,"height":492},{"@type":"BreadcrumbList","@id":"https:\/\/filles-de-la-charite.org\/it\/cultura-dello-spreco-e-dello-scarto\/#breadcrumb","itemListElement":[{"@type":"ListItem","position":1,"name":"ONU","item":"https:\/\/filles-de-la-charite.org\/it\/category\/onu-it\/"},{"@type":"ListItem","position":2,"name":"Cultura dello spreco e dello scarto"}]},{"@type":"WebSite","@id":"https:\/\/filles-de-la-charite.org\/it\/#website","url":"https:\/\/filles-de-la-charite.org\/it\/","name":"Hijas de la Caridad","description":"L\u2019amour de J\u00e9sus nous presse \u00e0 prendre soin des personnes les plus d\u00e9munies","publisher":{"@id":"https:\/\/filles-de-la-charite.org\/it\/#organization"},"potentialAction":[{"@type":"SearchAction","target":{"@type":"EntryPoint","urlTemplate":"https:\/\/filles-de-la-charite.org\/it\/?s={search_term_string}"},"query-input":{"@type":"PropertyValueSpecification","valueRequired":true,"valueName":"search_term_string"}}],"inLanguage":"it-IT"},{"@type":"Organization","@id":"https:\/\/filles-de-la-charite.org\/it\/#organization","name":"Hijas de la Caridad","url":"https:\/\/filles-de-la-charite.org\/it\/","logo":{"@type":"ImageObject","inLanguage":"it-IT","@id":"https:\/\/filles-de-la-charite.org\/it\/#\/schema\/logo\/image\/","url":"https:\/\/filles-de-la-charite.org\/wp-content\/uploads\/2023\/03\/isotipo-Hijas-de-la-Caridad.png","contentUrl":"https:\/\/filles-de-la-charite.org\/wp-content\/uploads\/2023\/03\/isotipo-Hijas-de-la-Caridad.png","width":1417,"height":1417,"caption":"Hijas de la Caridad"},"image":{"@id":"https:\/\/filles-de-la-charite.org\/it\/#\/schema\/logo\/image\/"}},{"@type":"Person","@id":"https:\/\/filles-de-la-charite.org\/it\/#\/schema\/person\/427567b2eccfc2dd7d206da186a1f438","name":"admin","image":{"@type":"ImageObject","inLanguage":"it-IT","@id":"https:\/\/secure.gravatar.com\/avatar\/948b492cce32b586ac2db0eaa926ee87024f7afe218d73b397ea5ddfc5f43ea1?s=96&d=mm&r=g","url":"https:\/\/secure.gravatar.com\/avatar\/948b492cce32b586ac2db0eaa926ee87024f7afe218d73b397ea5ddfc5f43ea1?s=96&d=mm&r=g","contentUrl":"https:\/\/secure.gravatar.com\/avatar\/948b492cce32b586ac2db0eaa926ee87024f7afe218d73b397ea5ddfc5f43ea1?s=96&d=mm&r=g","caption":"admin"},"sameAs":["https:\/\/filles-de-la-charite.org"],"url":"https:\/\/filles-de-la-charite.org\/it\/author\/caridad\/"}]}},"_links":{"self":[{"href":"https:\/\/filles-de-la-charite.org\/it\/wp-json\/wp\/v2\/posts\/8579","targetHints":{"allow":["GET"]}}],"collection":[{"href":"https:\/\/filles-de-la-charite.org\/it\/wp-json\/wp\/v2\/posts"}],"about":[{"href":"https:\/\/filles-de-la-charite.org\/it\/wp-json\/wp\/v2\/types\/post"}],"author":[{"embeddable":true,"href":"https:\/\/filles-de-la-charite.org\/it\/wp-json\/wp\/v2\/users\/1"}],"replies":[{"embeddable":true,"href":"https:\/\/filles-de-la-charite.org\/it\/wp-json\/wp\/v2\/comments?post=8579"}],"version-history":[{"count":1,"href":"https:\/\/filles-de-la-charite.org\/it\/wp-json\/wp\/v2\/posts\/8579\/revisions"}],"predecessor-version":[{"id":8580,"href":"https:\/\/filles-de-la-charite.org\/it\/wp-json\/wp\/v2\/posts\/8579\/revisions\/8580"}],"wp:featuredmedia":[{"embeddable":true,"href":"https:\/\/filles-de-la-charite.org\/it\/wp-json\/wp\/v2\/media\/8012"}],"wp:attachment":[{"href":"https:\/\/filles-de-la-charite.org\/it\/wp-json\/wp\/v2\/media?parent=8579"}],"wp:term":[{"taxonomy":"category","embeddable":true,"href":"https:\/\/filles-de-la-charite.org\/it\/wp-json\/wp\/v2\/categories?post=8579"},{"taxonomy":"post_tag","embeddable":true,"href":"https:\/\/filles-de-la-charite.org\/it\/wp-json\/wp\/v2\/tags?post=8579"}],"curies":[{"name":"wp","href":"https:\/\/api.w.org\/{rel}","templated":true}]}}