{"id":8581,"date":"2020-04-01T17:03:44","date_gmt":"2020-04-01T15:03:44","guid":{"rendered":"https:\/\/hijascaridad.sjdigitaldemo.ovh\/50-anniversario-della-giornata-mondiale-della-terra\/"},"modified":"2024-03-17T18:56:48","modified_gmt":"2024-03-17T17:56:48","slug":"50-anniversario-della-giornata-mondiale-della-terra","status":"publish","type":"post","link":"https:\/\/filles-de-la-charite.org\/it\/50-anniversario-della-giornata-mondiale-della-terra\/","title":{"rendered":"50\u00b0 anniversario della Giornata Mondiale della Terra"},"content":{"rendered":"\n<h3 class=\"wp-block-heading\"><strong><strong>Il mistero dell\u2019universo<\/strong><\/strong><\/h3>\n\n\n\n<div class=\"wp-block-media-text alignwide has-media-on-the-right is-stacked-on-mobile\"><figure class=\"wp-block-media-text__media\"><img decoding=\"async\" src=\"https:\/\/filles-de-la-charite.org\/wp-content\/uploads\/2023\/05\/page2-1-1.jpg\" alt=\"\" class=\"wp-image-43358\" \/><\/figure><div class=\"wp-block-media-text__content\">\n<p><strong>22 aprile &#8211; La Giornata della Terra 2020 sar\u00e0 molto pi\u00f9 di un giorno. Deve essere un momento storico in cui i cittadini del mondo si alzano insieme uniti in un appello alla creativit\u00e0, all&#8217;innovazione, all&#8217;ambizione e al coraggio di cui abbiamo bisogno per affrontare la nostra crisi climatica e cogliere le enormi opportunit\u00e0 di un futuro a zero emissioni di carbonio.<\/strong><\/p>\n\n\n\n<div class=\"wp-block-group is-layout-flow wp-block-group-is-layout-flow\"><div class=\"wp-block-group__inner-container\"><\/div><\/div>\n<\/div><\/div>\n\n\n\n<div class=\"wp-block-media-text alignwide is-stacked-on-mobile\"><figure class=\"wp-block-media-text__media\"><img decoding=\"async\" src=\"https:\/\/filles-de-la-charite.org\/wp-content\/uploads\/2023\/05\/Sans-titre-2.jpg\" alt=\"\" class=\"wp-image-43360\" \/><\/figure><div class=\"wp-block-media-text__content\">\n<figure class=\"wp-block-pullquote\" style=\"border-color:#0d80a0\"><blockquote class=\"has-text-color has-accent-color\"><p><strong><strong>Tutto l\u2019universo materiale \u00e8 un linguaggio dell\u2019amore di Dio, del suo affetto smisurato per noi.<\/strong><\/strong><\/p><p><strong><strong>Suolo, acqua, montagne, tutto \u00e8 carezza di Dio<\/strong><\/strong>.<\/p><cite><strong><strong>Laudato Si\u2019 n\u00b084<\/strong><\/strong><\/cite><\/blockquote><\/figure>\n<\/div><\/div>\n\n\n\n<div class=\"wp-block-cover has-background-dim\" style=\"background-image:url(https:\/\/www.filles-de-la-charite.org\/wp-content\/uploads\/page3-3.jpg)\"><div class=\"wp-block-cover__inner-container is-layout-flow wp-block-cover-is-layout-flow\">\n<figure class=\"wp-block-pullquote\" style=\"border-color:#ffffff\"><blockquote><p><strong><strong><strong>Dalla vista dei paesaggi alla pi\u00f9 piccola forma vivente, la natura \u00e8 una fonte costante di meraviglia e di stupore.&nbsp; \u00c8 anche una continua rivelazione del divino<\/strong>.&nbsp;<\/strong><\/strong><\/p><cite>Conferenza canadese dei Vescovi Cattolici 2003, Laudato Si&#8217; n\u00b0. 85<\/cite><\/blockquote><\/figure>\n<\/div><\/div>\n\n\n\n<figure class=\"wp-block-image alignfull\"><img decoding=\"async\" src=\"https:\/\/filles-de-la-charite.org\/wp-content\/uploads\/2023\/05\/page4-2-1.jpg\" alt=\"\" class=\"wp-image-43363\" \/><\/figure>\n\n\n\n<div class=\"wp-block-cover has-background-dim\" style=\"background-image:url(https:\/\/www.filles-de-la-charite.org\/wp-content\/uploads\/page4-1.jpg);min-height:300px;aspect-ratio:unset;\"><div class=\"wp-block-cover__inner-container is-layout-flow wp-block-cover-is-layout-flow\">\n<figure class=\"wp-block-pullquote\"><blockquote><p><strong>Dalla parola del Signore furono fatti i cieli, dal soffio della sua bocca ogni loro schiera<\/strong>.<\/p><cite><strong><strong>Sal 33,6<\/strong><\/strong><\/cite><\/blockquote><\/figure>\n<\/div><\/div>\n\n\n\n<div class=\"wp-block-cover aligncenter has-background-dim\" style=\"background-image:url(https:\/\/www.filles-de-la-charite.org\/wp-content\/uploads\/page4-3.jpg);min-height:432px;aspect-ratio:unset;\"><div class=\"wp-block-cover__inner-container is-layout-flow wp-block-cover-is-layout-flow\">\n<figure class=\"wp-block-pullquote is-style-default\"><blockquote><p><strong>Dio ha fatto ogni cosa bella al suo tempo.<\/strong><\/p><cite><strong>Ecc. 3,11<\/strong><\/cite><\/blockquote><\/figure>\n<\/div><\/div>\n\n\n\n<h2 class=\"wp-block-heading\"><strong><strong>Preghiera<\/strong><\/strong><\/h2>\n\n\n\n<div class=\"wp-block-cover alignfull has-background-dim\" style=\"background-image:url(https:\/\/www.filles-de-la-charite.org\/wp-content\/uploads\/page5-1.jpg)\"><div class=\"wp-block-cover__inner-container is-layout-flow wp-block-cover-is-layout-flow\">\n<figure class=\"wp-block-pullquote\"><blockquote class=\"has-text-color has-background-color\"><p>Insegnate ai vostri figli ci\u00f2 che noi abbiamo insegnato ai nostri &#8211; che la Terra \u00e8 nostra Madre. Tutto ci\u00f2 che accade alla Terra, accade ai figli e alle figlie della Terra. Aiutateci a prenderci cura di nostra Madre.<\/p><p>Amen.<\/p><cite>Dal Chef Seattle<\/cite><\/blockquote><\/figure>\n\n\n\n<p><\/p>\n<\/div><\/div>\n\n\n\n<figure class=\"wp-block-image alignfull\"><img decoding=\"async\" src=\"https:\/\/filles-de-la-charite.org\/wp-content\/uploads\/2023\/05\/page6-1-1.jpg\" alt=\"\" class=\"wp-image-43367\" \/><\/figure>\n\n\n\n<div class=\"wp-block-media-text alignwide is-stacked-on-mobile\" style=\"grid-template-columns:26% auto\"><figure class=\"wp-block-media-text__media\"><img decoding=\"async\" src=\"https:\/\/filles-de-la-charite.org\/wp-content\/uploads\/2023\/05\/page6-2-1.png\" alt=\"\" class=\"wp-image-43366\" \/><\/figure><div class=\"wp-block-media-text__content\">\n<figure class=\"wp-block-pullquote\" style=\"border-color:#6d6d6d\"><blockquote class=\"has-text-color has-accent-color\"><p><strong><strong>La Giornata Internazionale della Madre Terra viene celebrata per ricordare a ciascuno di noi che la Terra e i suoi ecosistemi ci forniscono vita e sostentamento. Questa Giornata riconosce anche la responsabilit\u00e0 collettiva, come richiesto dalla Dichiarazione di Rio del 1992, di promuovere l&#8217;armonia con la natura e la Terra per raggiungere un giusto equilibrio tra le esigenze economiche, sociali e ambientali delle generazioni presenti e future dell&#8217;umanit\u00e0<\/strong>.&nbsp;<\/strong><\/p><cite><strong><strong>Nazioni Unite<\/strong><\/strong><\/cite><\/blockquote><\/figure>\n<\/div><\/div>\n\n\n\n<p><\/p>\n","protected":false},"excerpt":{"rendered":"<p>Il mistero dell\u2019universo Tutto l\u2019universo materiale \u00e8 un linguaggio dell\u2019amore di Dio, del suo affetto smisurato per noi. Suolo, acqua, montagne, tutto \u00e8 carezza di Dio. Laudato Si\u2019 n\u00b084 Preghiera La Giornata Internazionale della Madre Terra viene celebrata per ricordare a ciascuno di noi che la Terra e i suoi ecosistemi ci forniscono vita e [&hellip;]<\/p>\n","protected":false},"author":1,"featured_media":8020,"comment_status":"closed","ping_status":"closed","sticky":false,"template":"","format":"standard","meta":{"_acf_changed":false,"_et_pb_use_builder":"","_et_pb_old_content":"","_et_gb_content_width":"","footnotes":"","_links_to":"","_links_to_target":""},"categories":[634],"tags":[],"class_list":["post-8581","post","type-post","status-publish","format-standard","has-post-thumbnail","hentry","category-onu-it"],"acf":[],"yoast_head":"<!-- This site is optimized with the Yoast SEO plugin v27.5 - https:\/\/yoast.com\/product\/yoast-seo-wordpress\/ -->\n<title>50\u00b0 anniversario della Giornata Mondiale della Terra - Filles de la Charit\u00e9<\/title>\n<meta name=\"robots\" content=\"index, follow, max-snippet:-1, max-image-preview:large, max-video-preview:-1\" \/>\n<link rel=\"canonical\" href=\"https:\/\/filles-de-la-charite.org\/it\/50-anniversario-della-giornata-mondiale-della-terra\/\" \/>\n<meta property=\"og:locale\" content=\"it_IT\" \/>\n<meta property=\"og:type\" content=\"article\" \/>\n<meta property=\"og:title\" content=\"50\u00b0 anniversario della Giornata Mondiale della Terra - Filles de la Charit\u00e9\" \/>\n<meta property=\"og:description\" content=\"Il mistero dell\u2019universo Tutto l\u2019universo materiale \u00e8 un linguaggio dell\u2019amore di Dio, del suo affetto smisurato per noi. Suolo, acqua, montagne, tutto \u00e8 carezza di Dio. Laudato Si\u2019 n\u00b084 Preghiera La Giornata Internazionale della Madre Terra viene celebrata per ricordare a ciascuno di noi che la Terra e i suoi ecosistemi ci forniscono vita e [&hellip;]\" \/>\n<meta property=\"og:url\" content=\"https:\/\/filles-de-la-charite.org\/it\/50-anniversario-della-giornata-mondiale-della-terra\/\" \/>\n<meta property=\"og:site_name\" content=\"Filles de la Charit\u00e9\" \/>\n<meta property=\"article:published_time\" content=\"2020-04-01T15:03:44+00:00\" \/>\n<meta property=\"article:modified_time\" content=\"2024-03-17T17:56:48+00:00\" \/>\n<meta property=\"og:image\" content=\"https:\/\/filles-de-la-charite.org\/wp-content\/uploads\/2023\/05\/page2-1-1.jpg\" \/>\n\t<meta property=\"og:image:width\" content=\"564\" \/>\n\t<meta property=\"og:image:height\" content=\"374\" \/>\n\t<meta property=\"og:image:type\" content=\"image\/jpeg\" \/>\n<meta name=\"author\" content=\"admin\" \/>\n<meta name=\"twitter:card\" content=\"summary_large_image\" \/>\n<meta name=\"twitter:label1\" content=\"Scritto da\" \/>\n\t<meta name=\"twitter:data1\" content=\"admin\" \/>\n\t<meta name=\"twitter:label2\" content=\"Tempo di lettura stimato\" \/>\n\t<meta name=\"twitter:data2\" content=\"1 minuto\" \/>\n<script type=\"application\/ld+json\" class=\"yoast-schema-graph\">{\"@context\":\"https:\\\/\\\/schema.org\",\"@graph\":[{\"@type\":\"Article\",\"@id\":\"https:\\\/\\\/filles-de-la-charite.org\\\/it\\\/50-anniversario-della-giornata-mondiale-della-terra\\\/#article\",\"isPartOf\":{\"@id\":\"https:\\\/\\\/filles-de-la-charite.org\\\/it\\\/50-anniversario-della-giornata-mondiale-della-terra\\\/\"},\"author\":{\"name\":\"admin\",\"@id\":\"https:\\\/\\\/filles-de-la-charite.org\\\/it\\\/#\\\/schema\\\/person\\\/427567b2eccfc2dd7d206da186a1f438\"},\"headline\":\"50\u00b0 anniversario della Giornata Mondiale della Terra\",\"datePublished\":\"2020-04-01T15:03:44+00:00\",\"dateModified\":\"2024-03-17T17:56:48+00:00\",\"mainEntityOfPage\":{\"@id\":\"https:\\\/\\\/filles-de-la-charite.org\\\/it\\\/50-anniversario-della-giornata-mondiale-della-terra\\\/\"},\"wordCount\":275,\"publisher\":{\"@id\":\"https:\\\/\\\/filles-de-la-charite.org\\\/it\\\/#organization\"},\"image\":{\"@id\":\"https:\\\/\\\/filles-de-la-charite.org\\\/it\\\/50-anniversario-della-giornata-mondiale-della-terra\\\/#primaryimage\"},\"thumbnailUrl\":\"https:\\\/\\\/filles-de-la-charite.org\\\/wp-content\\\/uploads\\\/2023\\\/05\\\/page2-1-1.jpg\",\"articleSection\":[\"ONU\"],\"inLanguage\":\"it-IT\"},{\"@type\":\"WebPage\",\"@id\":\"https:\\\/\\\/filles-de-la-charite.org\\\/it\\\/50-anniversario-della-giornata-mondiale-della-terra\\\/\",\"url\":\"https:\\\/\\\/filles-de-la-charite.org\\\/it\\\/50-anniversario-della-giornata-mondiale-della-terra\\\/\",\"name\":\"50\u00b0 anniversario della Giornata Mondiale della Terra - Filles de la Charit\u00e9\",\"isPartOf\":{\"@id\":\"https:\\\/\\\/filles-de-la-charite.org\\\/it\\\/#website\"},\"primaryImageOfPage\":{\"@id\":\"https:\\\/\\\/filles-de-la-charite.org\\\/it\\\/50-anniversario-della-giornata-mondiale-della-terra\\\/#primaryimage\"},\"image\":{\"@id\":\"https:\\\/\\\/filles-de-la-charite.org\\\/it\\\/50-anniversario-della-giornata-mondiale-della-terra\\\/#primaryimage\"},\"thumbnailUrl\":\"https:\\\/\\\/filles-de-la-charite.org\\\/wp-content\\\/uploads\\\/2023\\\/05\\\/page2-1-1.jpg\",\"datePublished\":\"2020-04-01T15:03:44+00:00\",\"dateModified\":\"2024-03-17T17:56:48+00:00\",\"breadcrumb\":{\"@id\":\"https:\\\/\\\/filles-de-la-charite.org\\\/it\\\/50-anniversario-della-giornata-mondiale-della-terra\\\/#breadcrumb\"},\"inLanguage\":\"it-IT\",\"potentialAction\":[{\"@type\":\"ReadAction\",\"target\":[\"https:\\\/\\\/filles-de-la-charite.org\\\/it\\\/50-anniversario-della-giornata-mondiale-della-terra\\\/\"]}]},{\"@type\":\"ImageObject\",\"inLanguage\":\"it-IT\",\"@id\":\"https:\\\/\\\/filles-de-la-charite.org\\\/it\\\/50-anniversario-della-giornata-mondiale-della-terra\\\/#primaryimage\",\"url\":\"https:\\\/\\\/filles-de-la-charite.org\\\/wp-content\\\/uploads\\\/2023\\\/05\\\/page2-1-1.jpg\",\"contentUrl\":\"https:\\\/\\\/filles-de-la-charite.org\\\/wp-content\\\/uploads\\\/2023\\\/05\\\/page2-1-1.jpg\",\"width\":564,\"height\":374},{\"@type\":\"BreadcrumbList\",\"@id\":\"https:\\\/\\\/filles-de-la-charite.org\\\/it\\\/50-anniversario-della-giornata-mondiale-della-terra\\\/#breadcrumb\",\"itemListElement\":[{\"@type\":\"ListItem\",\"position\":1,\"name\":\"ONU\",\"item\":\"https:\\\/\\\/filles-de-la-charite.org\\\/it\\\/category\\\/onu-it\\\/\"},{\"@type\":\"ListItem\",\"position\":2,\"name\":\"50\u00b0 anniversario della Giornata Mondiale della Terra\"}]},{\"@type\":\"WebSite\",\"@id\":\"https:\\\/\\\/filles-de-la-charite.org\\\/it\\\/#website\",\"url\":\"https:\\\/\\\/filles-de-la-charite.org\\\/it\\\/\",\"name\":\"Hijas de la Caridad\",\"description\":\"L\u2019amour de J\u00e9sus nous presse \u00e0 prendre soin des personnes les plus d\u00e9munies\",\"publisher\":{\"@id\":\"https:\\\/\\\/filles-de-la-charite.org\\\/it\\\/#organization\"},\"potentialAction\":[{\"@type\":\"SearchAction\",\"target\":{\"@type\":\"EntryPoint\",\"urlTemplate\":\"https:\\\/\\\/filles-de-la-charite.org\\\/it\\\/?s={search_term_string}\"},\"query-input\":{\"@type\":\"PropertyValueSpecification\",\"valueRequired\":true,\"valueName\":\"search_term_string\"}}],\"inLanguage\":\"it-IT\"},{\"@type\":\"Organization\",\"@id\":\"https:\\\/\\\/filles-de-la-charite.org\\\/it\\\/#organization\",\"name\":\"Hijas de la Caridad\",\"url\":\"https:\\\/\\\/filles-de-la-charite.org\\\/it\\\/\",\"logo\":{\"@type\":\"ImageObject\",\"inLanguage\":\"it-IT\",\"@id\":\"https:\\\/\\\/filles-de-la-charite.org\\\/it\\\/#\\\/schema\\\/logo\\\/image\\\/\",\"url\":\"https:\\\/\\\/filles-de-la-charite.org\\\/wp-content\\\/uploads\\\/2023\\\/03\\\/isotipo-Hijas-de-la-Caridad.png\",\"contentUrl\":\"https:\\\/\\\/filles-de-la-charite.org\\\/wp-content\\\/uploads\\\/2023\\\/03\\\/isotipo-Hijas-de-la-Caridad.png\",\"width\":1417,\"height\":1417,\"caption\":\"Hijas de la Caridad\"},\"image\":{\"@id\":\"https:\\\/\\\/filles-de-la-charite.org\\\/it\\\/#\\\/schema\\\/logo\\\/image\\\/\"}},{\"@type\":\"Person\",\"@id\":\"https:\\\/\\\/filles-de-la-charite.org\\\/it\\\/#\\\/schema\\\/person\\\/427567b2eccfc2dd7d206da186a1f438\",\"name\":\"admin\",\"image\":{\"@type\":\"ImageObject\",\"inLanguage\":\"it-IT\",\"@id\":\"https:\\\/\\\/secure.gravatar.com\\\/avatar\\\/948b492cce32b586ac2db0eaa926ee87024f7afe218d73b397ea5ddfc5f43ea1?s=96&d=mm&r=g\",\"url\":\"https:\\\/\\\/secure.gravatar.com\\\/avatar\\\/948b492cce32b586ac2db0eaa926ee87024f7afe218d73b397ea5ddfc5f43ea1?s=96&d=mm&r=g\",\"contentUrl\":\"https:\\\/\\\/secure.gravatar.com\\\/avatar\\\/948b492cce32b586ac2db0eaa926ee87024f7afe218d73b397ea5ddfc5f43ea1?s=96&d=mm&r=g\",\"caption\":\"admin\"},\"sameAs\":[\"https:\\\/\\\/filles-de-la-charite.org\"],\"url\":\"https:\\\/\\\/filles-de-la-charite.org\\\/it\\\/author\\\/caridad\\\/\"}]}<\/script>\n<!-- \/ Yoast SEO plugin. -->","yoast_head_json":{"title":"50\u00b0 anniversario della Giornata Mondiale della Terra - Filles de la Charit\u00e9","robots":{"index":"index","follow":"follow","max-snippet":"max-snippet:-1","max-image-preview":"max-image-preview:large","max-video-preview":"max-video-preview:-1"},"canonical":"https:\/\/filles-de-la-charite.org\/it\/50-anniversario-della-giornata-mondiale-della-terra\/","og_locale":"it_IT","og_type":"article","og_title":"50\u00b0 anniversario della Giornata Mondiale della Terra - Filles de la Charit\u00e9","og_description":"Il mistero dell\u2019universo Tutto l\u2019universo materiale \u00e8 un linguaggio dell\u2019amore di Dio, del suo affetto smisurato per noi. Suolo, acqua, montagne, tutto \u00e8 carezza di Dio. Laudato Si\u2019 n\u00b084 Preghiera La Giornata Internazionale della Madre Terra viene celebrata per ricordare a ciascuno di noi che la Terra e i suoi ecosistemi ci forniscono vita e [&hellip;]","og_url":"https:\/\/filles-de-la-charite.org\/it\/50-anniversario-della-giornata-mondiale-della-terra\/","og_site_name":"Filles de la Charit\u00e9","article_published_time":"2020-04-01T15:03:44+00:00","article_modified_time":"2024-03-17T17:56:48+00:00","og_image":[{"width":564,"height":374,"url":"https:\/\/filles-de-la-charite.org\/wp-content\/uploads\/2023\/05\/page2-1-1.jpg","type":"image\/jpeg"}],"author":"admin","twitter_card":"summary_large_image","twitter_misc":{"Scritto da":"admin","Tempo di lettura stimato":"1 minuto"},"schema":{"@context":"https:\/\/schema.org","@graph":[{"@type":"Article","@id":"https:\/\/filles-de-la-charite.org\/it\/50-anniversario-della-giornata-mondiale-della-terra\/#article","isPartOf":{"@id":"https:\/\/filles-de-la-charite.org\/it\/50-anniversario-della-giornata-mondiale-della-terra\/"},"author":{"name":"admin","@id":"https:\/\/filles-de-la-charite.org\/it\/#\/schema\/person\/427567b2eccfc2dd7d206da186a1f438"},"headline":"50\u00b0 anniversario della Giornata Mondiale della Terra","datePublished":"2020-04-01T15:03:44+00:00","dateModified":"2024-03-17T17:56:48+00:00","mainEntityOfPage":{"@id":"https:\/\/filles-de-la-charite.org\/it\/50-anniversario-della-giornata-mondiale-della-terra\/"},"wordCount":275,"publisher":{"@id":"https:\/\/filles-de-la-charite.org\/it\/#organization"},"image":{"@id":"https:\/\/filles-de-la-charite.org\/it\/50-anniversario-della-giornata-mondiale-della-terra\/#primaryimage"},"thumbnailUrl":"https:\/\/filles-de-la-charite.org\/wp-content\/uploads\/2023\/05\/page2-1-1.jpg","articleSection":["ONU"],"inLanguage":"it-IT"},{"@type":"WebPage","@id":"https:\/\/filles-de-la-charite.org\/it\/50-anniversario-della-giornata-mondiale-della-terra\/","url":"https:\/\/filles-de-la-charite.org\/it\/50-anniversario-della-giornata-mondiale-della-terra\/","name":"50\u00b0 anniversario della Giornata Mondiale della Terra - Filles de la Charit\u00e9","isPartOf":{"@id":"https:\/\/filles-de-la-charite.org\/it\/#website"},"primaryImageOfPage":{"@id":"https:\/\/filles-de-la-charite.org\/it\/50-anniversario-della-giornata-mondiale-della-terra\/#primaryimage"},"image":{"@id":"https:\/\/filles-de-la-charite.org\/it\/50-anniversario-della-giornata-mondiale-della-terra\/#primaryimage"},"thumbnailUrl":"https:\/\/filles-de-la-charite.org\/wp-content\/uploads\/2023\/05\/page2-1-1.jpg","datePublished":"2020-04-01T15:03:44+00:00","dateModified":"2024-03-17T17:56:48+00:00","breadcrumb":{"@id":"https:\/\/filles-de-la-charite.org\/it\/50-anniversario-della-giornata-mondiale-della-terra\/#breadcrumb"},"inLanguage":"it-IT","potentialAction":[{"@type":"ReadAction","target":["https:\/\/filles-de-la-charite.org\/it\/50-anniversario-della-giornata-mondiale-della-terra\/"]}]},{"@type":"ImageObject","inLanguage":"it-IT","@id":"https:\/\/filles-de-la-charite.org\/it\/50-anniversario-della-giornata-mondiale-della-terra\/#primaryimage","url":"https:\/\/filles-de-la-charite.org\/wp-content\/uploads\/2023\/05\/page2-1-1.jpg","contentUrl":"https:\/\/filles-de-la-charite.org\/wp-content\/uploads\/2023\/05\/page2-1-1.jpg","width":564,"height":374},{"@type":"BreadcrumbList","@id":"https:\/\/filles-de-la-charite.org\/it\/50-anniversario-della-giornata-mondiale-della-terra\/#breadcrumb","itemListElement":[{"@type":"ListItem","position":1,"name":"ONU","item":"https:\/\/filles-de-la-charite.org\/it\/category\/onu-it\/"},{"@type":"ListItem","position":2,"name":"50\u00b0 anniversario della Giornata Mondiale della Terra"}]},{"@type":"WebSite","@id":"https:\/\/filles-de-la-charite.org\/it\/#website","url":"https:\/\/filles-de-la-charite.org\/it\/","name":"Hijas de la Caridad","description":"L\u2019amour de J\u00e9sus nous presse \u00e0 prendre soin des personnes les plus d\u00e9munies","publisher":{"@id":"https:\/\/filles-de-la-charite.org\/it\/#organization"},"potentialAction":[{"@type":"SearchAction","target":{"@type":"EntryPoint","urlTemplate":"https:\/\/filles-de-la-charite.org\/it\/?s={search_term_string}"},"query-input":{"@type":"PropertyValueSpecification","valueRequired":true,"valueName":"search_term_string"}}],"inLanguage":"it-IT"},{"@type":"Organization","@id":"https:\/\/filles-de-la-charite.org\/it\/#organization","name":"Hijas de la Caridad","url":"https:\/\/filles-de-la-charite.org\/it\/","logo":{"@type":"ImageObject","inLanguage":"it-IT","@id":"https:\/\/filles-de-la-charite.org\/it\/#\/schema\/logo\/image\/","url":"https:\/\/filles-de-la-charite.org\/wp-content\/uploads\/2023\/03\/isotipo-Hijas-de-la-Caridad.png","contentUrl":"https:\/\/filles-de-la-charite.org\/wp-content\/uploads\/2023\/03\/isotipo-Hijas-de-la-Caridad.png","width":1417,"height":1417,"caption":"Hijas de la Caridad"},"image":{"@id":"https:\/\/filles-de-la-charite.org\/it\/#\/schema\/logo\/image\/"}},{"@type":"Person","@id":"https:\/\/filles-de-la-charite.org\/it\/#\/schema\/person\/427567b2eccfc2dd7d206da186a1f438","name":"admin","image":{"@type":"ImageObject","inLanguage":"it-IT","@id":"https:\/\/secure.gravatar.com\/avatar\/948b492cce32b586ac2db0eaa926ee87024f7afe218d73b397ea5ddfc5f43ea1?s=96&d=mm&r=g","url":"https:\/\/secure.gravatar.com\/avatar\/948b492cce32b586ac2db0eaa926ee87024f7afe218d73b397ea5ddfc5f43ea1?s=96&d=mm&r=g","contentUrl":"https:\/\/secure.gravatar.com\/avatar\/948b492cce32b586ac2db0eaa926ee87024f7afe218d73b397ea5ddfc5f43ea1?s=96&d=mm&r=g","caption":"admin"},"sameAs":["https:\/\/filles-de-la-charite.org"],"url":"https:\/\/filles-de-la-charite.org\/it\/author\/caridad\/"}]}},"_links":{"self":[{"href":"https:\/\/filles-de-la-charite.org\/it\/wp-json\/wp\/v2\/posts\/8581","targetHints":{"allow":["GET"]}}],"collection":[{"href":"https:\/\/filles-de-la-charite.org\/it\/wp-json\/wp\/v2\/posts"}],"about":[{"href":"https:\/\/filles-de-la-charite.org\/it\/wp-json\/wp\/v2\/types\/post"}],"author":[{"embeddable":true,"href":"https:\/\/filles-de-la-charite.org\/it\/wp-json\/wp\/v2\/users\/1"}],"replies":[{"embeddable":true,"href":"https:\/\/filles-de-la-charite.org\/it\/wp-json\/wp\/v2\/comments?post=8581"}],"version-history":[{"count":1,"href":"https:\/\/filles-de-la-charite.org\/it\/wp-json\/wp\/v2\/posts\/8581\/revisions"}],"predecessor-version":[{"id":8582,"href":"https:\/\/filles-de-la-charite.org\/it\/wp-json\/wp\/v2\/posts\/8581\/revisions\/8582"}],"wp:featuredmedia":[{"embeddable":true,"href":"https:\/\/filles-de-la-charite.org\/it\/wp-json\/wp\/v2\/media\/8020"}],"wp:attachment":[{"href":"https:\/\/filles-de-la-charite.org\/it\/wp-json\/wp\/v2\/media?parent=8581"}],"wp:term":[{"taxonomy":"category","embeddable":true,"href":"https:\/\/filles-de-la-charite.org\/it\/wp-json\/wp\/v2\/categories?post=8581"},{"taxonomy":"post_tag","embeddable":true,"href":"https:\/\/filles-de-la-charite.org\/it\/wp-json\/wp\/v2\/tags?post=8581"}],"curies":[{"name":"wp","href":"https:\/\/api.w.org\/{rel}","templated":true}]}}