{"id":8587,"date":"2020-11-20T19:58:01","date_gmt":"2020-11-20T18:58:01","guid":{"rendered":"https:\/\/hijascaridad.sjdigitaldemo.ovh\/non-lasciare-indietro-nessuno\/"},"modified":"2024-03-17T18:30:55","modified_gmt":"2024-03-17T17:30:55","slug":"non-lasciare-indietro-nessuno","status":"publish","type":"post","link":"https:\/\/filles-de-la-charite.org\/it\/non-lasciare-indietro-nessuno\/","title":{"rendered":"Non lasciare indietro nessuno"},"content":{"rendered":"\n<p><\/p>\n\n\n\n<div class=\"wp-block-cover aligncenter has-background-dim has-custom-content-position is-position-top-center\" style=\"background-image:url(https:\/\/www.filles-de-la-charite.org\/wp-content\/uploads\/UN\/NOVEMBER\/Imagen-2.jpg);background-position:49% 18%;min-height:300px;aspect-ratio:unset;\"><div class=\"wp-block-cover__inner-container is-layout-flow wp-block-cover-is-layout-flow\">\n<figure class=\"wp-block-pullquote\"><blockquote><p><strong><em><em>\u201cSe il tuo fratello che \u00e9 presso di te cade in miseria ed \u00e8 privo di mezzi, aiutalo, come un forestiero e inquilino, perch\u00e8 possa vivere presso di te\u201d.<\/em><\/em><\/strong><\/p><cite><strong><strong><em><strong><em>LV 25,35<\/em><\/strong><\/em><\/strong><\/strong><\/cite><\/blockquote><\/figure>\n<\/div><\/div>\n\n\n\n<div class=\"wp-block-media-text alignwide is-stacked-on-mobile\"><figure class=\"wp-block-media-text__media\"><img decoding=\"async\" src=\"https:\/\/filles-de-la-charite.org\/wp-content\/uploads\/2023\/05\/Imagen-3-1.jpg\" alt=\"\" class=\"wp-image-55655\" \/><\/figure><div class=\"wp-block-media-text__content\">\n<figure class=\"wp-block-pullquote\" style=\"border-color:#0d80a0\"><blockquote class=\"has-text-color has-accent-color\"><p><strong><strong><em><em>\u201cIl digiuno di cui mi compiaccio non \u00e8 forse questo: spezzare le catene della malvagit\u00e0, sciogliere I legami del giogo, rimandare liberi gli oppressi, spezzare ogni giogo? Non consiste forse nel rompere il tuo pane con chi ha fame, nel portare a casa tua I poveri senza tetto?.\u201d\u00a0 <\/em><\/em><\/strong><\/strong><\/p><cite><strong><strong><strong><em><strong><strong><em>Isaiah 58,6-8<\/em><\/strong><\/strong><\/em><\/strong><\/strong><\/strong><\/cite><\/blockquote><\/figure>\n<\/div><\/div>\n\n\n\n<div class=\"wp-block-cover has-background-dim\" style=\"background-image:url(https:\/\/www.filles-de-la-charite.org\/wp-content\/uploads\/UN\/NOVEMBER\/Imagen-4.jpg);background-position:40% 0%\"><div class=\"wp-block-cover__inner-container is-layout-flow wp-block-cover-is-layout-flow\">\n<figure class=\"wp-block-pullquote\" style=\"border-color:#ffffff\"><blockquote><p><strong><strong><strong><em><em>Ges\u00f9 gli disse: \u201cLe volpi hanno delle tane e gli uccelli del cielo dei nidi; ma il Figlio dell\u2019uomo non ha dove posare il capo.\u201d<\/em><\/em><\/strong><\/strong><\/strong><\/p><cite><strong><strong><em><strong><strong><em>Luca 9,58<\/em><\/strong><\/strong><\/em><\/strong><\/strong><\/cite><\/blockquote><\/figure>\n<\/div><\/div>\n\n\n\n<div class=\"wp-block-media-text alignwide has-media-on-the-right is-stacked-on-mobile\"><figure class=\"wp-block-media-text__media\"><img decoding=\"async\" src=\"https:\/\/filles-de-la-charite.org\/wp-content\/uploads\/2023\/05\/Imagen-1.png\" alt=\"\" class=\"wp-image-55652\" \/><\/figure><div class=\"wp-block-media-text__content\">\n<p><\/p>\n\n\n\n<div class=\"wp-block-group\"><div class=\"wp-block-group__inner-container is-layout-flow wp-block-group-is-layout-flow\">\n<p>Il servizio ai senzatetto non \u00e8 una novit\u00e0 per I rami della Famiglia Vincenziana.\u00a0 La Vincentian Homeless Alliance intende riunire tutti I 150 rami della Famiglia Vincenziana nella lotta per I senzatetto, imparando gli uni dagli altri, aiutandosi a vicenda e agendo insieme nell\u2019assistenza diretta ai senzatetto, oltre a collaborare nella advocacy.<\/p>\n\n\n\n<p><em>(P. Toma\u017e Mavric Roma, 12 <\/em><em>&nbsp;<\/em><em>agosto <\/em><em>&nbsp;<\/em><em>2019).<\/em><\/p>\n<\/div><\/div>\n<\/div><\/div>\n\n\n\n<div class=\"wp-block-media-text alignwide is-stacked-on-mobile\" style=\"grid-template-columns:26% auto\"><figure class=\"wp-block-media-text__media\"><img decoding=\"async\" src=\"https:\/\/filles-de-la-charite.org\/wp-content\/uploads\/2023\/05\/Imagen-5-1.jpg\" alt=\"\" class=\"wp-image-55657\" \/><\/figure><div class=\"wp-block-media-text__content\">\n<h4 class=\"wp-block-heading\">Papa Francesco ha trasformato un palazzo vaticano in? Palazzo deipoveri? Per I senzatetto. Silvano, un uomoromeno, \u00e8 vissuto come senzatetto per 8 anni&#8230; <\/h4>\n<\/div><\/div>\n\n\n\n<div class=\"wp-block-media-text alignwide has-media-on-the-right is-stacked-on-mobile\" style=\"grid-template-columns:auto 26%\"><figure class=\"wp-block-media-text__media\"><img decoding=\"async\" src=\"https:\/\/filles-de-la-charite.org\/wp-content\/uploads\/2023\/05\/Imagen-6-1.jpg\" alt=\"\" class=\"wp-image-55650\" \/><\/figure><div class=\"wp-block-media-text__content\">\n<h4 class=\"wp-block-heading\">\u201cSe dormi per terra ricoperto di cartone e devi svegliarti alle 5 del mattino prima che la polizia venga a mandarti via\u201d, dice, \u201ce poi trovi un posto come questo, dove fai colazione, docce, un letto e cena, cosa vuoi di pi\u00f9?&#8221; (7\u00a0 febbraio 2020).<\/h4>\n<\/div><\/div>\n\n\n\n<h2 class=\"wp-block-heading\">Preghiera<\/h2>\n\n\n\n<div class=\"wp-block-cover alignfull has-background-dim\" style=\"background-image:url(https:\/\/www.filles-de-la-charite.org\/wp-content\/uploads\/UN\/NOVEMBER\/Imagen-7.jpg)\"><div class=\"wp-block-cover__inner-container is-layout-flow wp-block-cover-is-layout-flow\">\n<figure class=\"wp-block-pullquote\"><blockquote class=\"has-text-color has-background-color\"><p><em><em>O Dio, tu sei un Dio di giustizia, misericordia e compassione. Sostieni noi tuoi servi dei Poveri, mentre ci sforziamo di portare il tuo amore e la tua compassione alle persone che sono senza casa e hanno bisogno del Tuo amore.<\/em><\/em><\/p><p><\/p><p><em><em>Preghiamo perch\u00e8 riusciamo a vedere Te, nostro Dio amorevole, in ogni persona che incontriamo e nel nostro servizio ai bisognosi.F\u00e0 che facciamo tutto ci\u00f2 che \u00e8 in nostro potere per supportare ogni persona cos\u00ec che raggiunga il suo pieno potenziale, in modo che possa sperimentare la pienezza della vita.Te lo chiediamo per ges\u00f9 Cristo nostro Signore. Amen.\u00a0<\/em><\/em><\/p><cite><em><em><em>Adattato dalla preghiera per I Senzatetto della Famvin Australia<\/em><\/em><\/em><\/cite><\/blockquote><\/figure>\n<\/div><\/div>\n\n\n\n<p><\/p>\n","protected":false},"excerpt":{"rendered":"<p>\u201cIl digiuno di cui mi compiaccio non \u00e8 forse questo: spezzare le catene della malvagit\u00e0, sciogliere I legami del giogo, rimandare liberi gli oppressi, spezzare ogni giogo? Non consiste forse nel rompere il tuo pane con chi ha fame, nel portare a casa tua I poveri senza tetto?.\u201d\u00a0 Isaiah 58,6-8 Papa Francesco ha trasformato un [&hellip;]<\/p>\n","protected":false},"author":1,"featured_media":8129,"comment_status":"closed","ping_status":"closed","sticky":false,"template":"","format":"standard","meta":{"_acf_changed":false,"_et_pb_use_builder":"","_et_pb_old_content":"","_et_gb_content_width":"","footnotes":"","_links_to":"","_links_to_target":""},"categories":[634],"tags":[],"class_list":["post-8587","post","type-post","status-publish","format-standard","has-post-thumbnail","hentry","category-onu-it"],"acf":[],"yoast_head":"<!-- This site is optimized with the Yoast SEO plugin v27.5 - https:\/\/yoast.com\/product\/yoast-seo-wordpress\/ -->\n<title>Non lasciare indietro nessuno - Filles de la Charit\u00e9<\/title>\n<meta name=\"robots\" content=\"index, follow, max-snippet:-1, max-image-preview:large, max-video-preview:-1\" \/>\n<link rel=\"canonical\" href=\"https:\/\/filles-de-la-charite.org\/it\/non-lasciare-indietro-nessuno\/\" \/>\n<meta property=\"og:locale\" content=\"it_IT\" \/>\n<meta property=\"og:type\" content=\"article\" \/>\n<meta property=\"og:title\" content=\"Non lasciare indietro nessuno - Filles de la Charit\u00e9\" \/>\n<meta property=\"og:description\" content=\"\u201cIl digiuno di cui mi compiaccio non \u00e8 forse questo: spezzare le catene della malvagit\u00e0, sciogliere I legami del giogo, rimandare liberi gli oppressi, spezzare ogni giogo? Non consiste forse nel rompere il tuo pane con chi ha fame, nel portare a casa tua I poveri senza tetto?.\u201d\u00a0 Isaiah 58,6-8 Papa Francesco ha trasformato un [&hellip;]\" \/>\n<meta property=\"og:url\" content=\"https:\/\/filles-de-la-charite.org\/it\/non-lasciare-indietro-nessuno\/\" \/>\n<meta property=\"og:site_name\" content=\"Filles de la Charit\u00e9\" \/>\n<meta property=\"article:published_time\" content=\"2020-11-20T18:58:01+00:00\" \/>\n<meta property=\"article:modified_time\" content=\"2024-03-17T17:30:55+00:00\" \/>\n<meta property=\"og:image\" content=\"https:\/\/filles-de-la-charite.org\/wp-content\/uploads\/2023\/05\/Imagen-7-1.jpg\" \/>\n\t<meta property=\"og:image:width\" content=\"497\" \/>\n\t<meta property=\"og:image:height\" content=\"367\" \/>\n\t<meta property=\"og:image:type\" content=\"image\/jpeg\" \/>\n<meta name=\"author\" content=\"admin\" \/>\n<meta name=\"twitter:card\" content=\"summary_large_image\" \/>\n<meta name=\"twitter:label1\" content=\"Scritto da\" \/>\n\t<meta name=\"twitter:data1\" content=\"admin\" \/>\n\t<meta name=\"twitter:label2\" content=\"Tempo di lettura stimato\" \/>\n\t<meta name=\"twitter:data2\" content=\"2 minuti\" \/>\n<script type=\"application\/ld+json\" class=\"yoast-schema-graph\">{\"@context\":\"https:\\\/\\\/schema.org\",\"@graph\":[{\"@type\":\"Article\",\"@id\":\"https:\\\/\\\/filles-de-la-charite.org\\\/it\\\/non-lasciare-indietro-nessuno\\\/#article\",\"isPartOf\":{\"@id\":\"https:\\\/\\\/filles-de-la-charite.org\\\/it\\\/non-lasciare-indietro-nessuno\\\/\"},\"author\":{\"name\":\"admin\",\"@id\":\"https:\\\/\\\/filles-de-la-charite.org\\\/it\\\/#\\\/schema\\\/person\\\/427567b2eccfc2dd7d206da186a1f438\"},\"headline\":\"Non lasciare indietro nessuno\",\"datePublished\":\"2020-11-20T18:58:01+00:00\",\"dateModified\":\"2024-03-17T17:30:55+00:00\",\"mainEntityOfPage\":{\"@id\":\"https:\\\/\\\/filles-de-la-charite.org\\\/it\\\/non-lasciare-indietro-nessuno\\\/\"},\"wordCount\":338,\"publisher\":{\"@id\":\"https:\\\/\\\/filles-de-la-charite.org\\\/it\\\/#organization\"},\"image\":{\"@id\":\"https:\\\/\\\/filles-de-la-charite.org\\\/it\\\/non-lasciare-indietro-nessuno\\\/#primaryimage\"},\"thumbnailUrl\":\"https:\\\/\\\/filles-de-la-charite.org\\\/wp-content\\\/uploads\\\/2023\\\/05\\\/Imagen-7-1.jpg\",\"articleSection\":[\"ONU\"],\"inLanguage\":\"it-IT\"},{\"@type\":\"WebPage\",\"@id\":\"https:\\\/\\\/filles-de-la-charite.org\\\/it\\\/non-lasciare-indietro-nessuno\\\/\",\"url\":\"https:\\\/\\\/filles-de-la-charite.org\\\/it\\\/non-lasciare-indietro-nessuno\\\/\",\"name\":\"Non lasciare indietro nessuno - Filles de la Charit\u00e9\",\"isPartOf\":{\"@id\":\"https:\\\/\\\/filles-de-la-charite.org\\\/it\\\/#website\"},\"primaryImageOfPage\":{\"@id\":\"https:\\\/\\\/filles-de-la-charite.org\\\/it\\\/non-lasciare-indietro-nessuno\\\/#primaryimage\"},\"image\":{\"@id\":\"https:\\\/\\\/filles-de-la-charite.org\\\/it\\\/non-lasciare-indietro-nessuno\\\/#primaryimage\"},\"thumbnailUrl\":\"https:\\\/\\\/filles-de-la-charite.org\\\/wp-content\\\/uploads\\\/2023\\\/05\\\/Imagen-7-1.jpg\",\"datePublished\":\"2020-11-20T18:58:01+00:00\",\"dateModified\":\"2024-03-17T17:30:55+00:00\",\"breadcrumb\":{\"@id\":\"https:\\\/\\\/filles-de-la-charite.org\\\/it\\\/non-lasciare-indietro-nessuno\\\/#breadcrumb\"},\"inLanguage\":\"it-IT\",\"potentialAction\":[{\"@type\":\"ReadAction\",\"target\":[\"https:\\\/\\\/filles-de-la-charite.org\\\/it\\\/non-lasciare-indietro-nessuno\\\/\"]}]},{\"@type\":\"ImageObject\",\"inLanguage\":\"it-IT\",\"@id\":\"https:\\\/\\\/filles-de-la-charite.org\\\/it\\\/non-lasciare-indietro-nessuno\\\/#primaryimage\",\"url\":\"https:\\\/\\\/filles-de-la-charite.org\\\/wp-content\\\/uploads\\\/2023\\\/05\\\/Imagen-7-1.jpg\",\"contentUrl\":\"https:\\\/\\\/filles-de-la-charite.org\\\/wp-content\\\/uploads\\\/2023\\\/05\\\/Imagen-7-1.jpg\",\"width\":497,\"height\":367},{\"@type\":\"BreadcrumbList\",\"@id\":\"https:\\\/\\\/filles-de-la-charite.org\\\/it\\\/non-lasciare-indietro-nessuno\\\/#breadcrumb\",\"itemListElement\":[{\"@type\":\"ListItem\",\"position\":1,\"name\":\"ONU\",\"item\":\"https:\\\/\\\/filles-de-la-charite.org\\\/it\\\/category\\\/onu-it\\\/\"},{\"@type\":\"ListItem\",\"position\":2,\"name\":\"Non lasciare indietro nessuno\"}]},{\"@type\":\"WebSite\",\"@id\":\"https:\\\/\\\/filles-de-la-charite.org\\\/it\\\/#website\",\"url\":\"https:\\\/\\\/filles-de-la-charite.org\\\/it\\\/\",\"name\":\"Hijas de la Caridad\",\"description\":\"L\u2019amour de J\u00e9sus nous presse \u00e0 prendre soin des personnes les plus d\u00e9munies\",\"publisher\":{\"@id\":\"https:\\\/\\\/filles-de-la-charite.org\\\/it\\\/#organization\"},\"potentialAction\":[{\"@type\":\"SearchAction\",\"target\":{\"@type\":\"EntryPoint\",\"urlTemplate\":\"https:\\\/\\\/filles-de-la-charite.org\\\/it\\\/?s={search_term_string}\"},\"query-input\":{\"@type\":\"PropertyValueSpecification\",\"valueRequired\":true,\"valueName\":\"search_term_string\"}}],\"inLanguage\":\"it-IT\"},{\"@type\":\"Organization\",\"@id\":\"https:\\\/\\\/filles-de-la-charite.org\\\/it\\\/#organization\",\"name\":\"Hijas de la Caridad\",\"url\":\"https:\\\/\\\/filles-de-la-charite.org\\\/it\\\/\",\"logo\":{\"@type\":\"ImageObject\",\"inLanguage\":\"it-IT\",\"@id\":\"https:\\\/\\\/filles-de-la-charite.org\\\/it\\\/#\\\/schema\\\/logo\\\/image\\\/\",\"url\":\"https:\\\/\\\/filles-de-la-charite.org\\\/wp-content\\\/uploads\\\/2023\\\/03\\\/isotipo-Hijas-de-la-Caridad.png\",\"contentUrl\":\"https:\\\/\\\/filles-de-la-charite.org\\\/wp-content\\\/uploads\\\/2023\\\/03\\\/isotipo-Hijas-de-la-Caridad.png\",\"width\":1417,\"height\":1417,\"caption\":\"Hijas de la Caridad\"},\"image\":{\"@id\":\"https:\\\/\\\/filles-de-la-charite.org\\\/it\\\/#\\\/schema\\\/logo\\\/image\\\/\"}},{\"@type\":\"Person\",\"@id\":\"https:\\\/\\\/filles-de-la-charite.org\\\/it\\\/#\\\/schema\\\/person\\\/427567b2eccfc2dd7d206da186a1f438\",\"name\":\"admin\",\"image\":{\"@type\":\"ImageObject\",\"inLanguage\":\"it-IT\",\"@id\":\"https:\\\/\\\/secure.gravatar.com\\\/avatar\\\/948b492cce32b586ac2db0eaa926ee87024f7afe218d73b397ea5ddfc5f43ea1?s=96&d=mm&r=g\",\"url\":\"https:\\\/\\\/secure.gravatar.com\\\/avatar\\\/948b492cce32b586ac2db0eaa926ee87024f7afe218d73b397ea5ddfc5f43ea1?s=96&d=mm&r=g\",\"contentUrl\":\"https:\\\/\\\/secure.gravatar.com\\\/avatar\\\/948b492cce32b586ac2db0eaa926ee87024f7afe218d73b397ea5ddfc5f43ea1?s=96&d=mm&r=g\",\"caption\":\"admin\"},\"sameAs\":[\"https:\\\/\\\/filles-de-la-charite.org\"],\"url\":\"https:\\\/\\\/filles-de-la-charite.org\\\/it\\\/author\\\/caridad\\\/\"}]}<\/script>\n<!-- \/ Yoast SEO plugin. -->","yoast_head_json":{"title":"Non lasciare indietro nessuno - Filles de la Charit\u00e9","robots":{"index":"index","follow":"follow","max-snippet":"max-snippet:-1","max-image-preview":"max-image-preview:large","max-video-preview":"max-video-preview:-1"},"canonical":"https:\/\/filles-de-la-charite.org\/it\/non-lasciare-indietro-nessuno\/","og_locale":"it_IT","og_type":"article","og_title":"Non lasciare indietro nessuno - Filles de la Charit\u00e9","og_description":"\u201cIl digiuno di cui mi compiaccio non \u00e8 forse questo: spezzare le catene della malvagit\u00e0, sciogliere I legami del giogo, rimandare liberi gli oppressi, spezzare ogni giogo? Non consiste forse nel rompere il tuo pane con chi ha fame, nel portare a casa tua I poveri senza tetto?.\u201d\u00a0 Isaiah 58,6-8 Papa Francesco ha trasformato un [&hellip;]","og_url":"https:\/\/filles-de-la-charite.org\/it\/non-lasciare-indietro-nessuno\/","og_site_name":"Filles de la Charit\u00e9","article_published_time":"2020-11-20T18:58:01+00:00","article_modified_time":"2024-03-17T17:30:55+00:00","og_image":[{"width":497,"height":367,"url":"https:\/\/filles-de-la-charite.org\/wp-content\/uploads\/2023\/05\/Imagen-7-1.jpg","type":"image\/jpeg"}],"author":"admin","twitter_card":"summary_large_image","twitter_misc":{"Scritto da":"admin","Tempo di lettura stimato":"2 minuti"},"schema":{"@context":"https:\/\/schema.org","@graph":[{"@type":"Article","@id":"https:\/\/filles-de-la-charite.org\/it\/non-lasciare-indietro-nessuno\/#article","isPartOf":{"@id":"https:\/\/filles-de-la-charite.org\/it\/non-lasciare-indietro-nessuno\/"},"author":{"name":"admin","@id":"https:\/\/filles-de-la-charite.org\/it\/#\/schema\/person\/427567b2eccfc2dd7d206da186a1f438"},"headline":"Non lasciare indietro nessuno","datePublished":"2020-11-20T18:58:01+00:00","dateModified":"2024-03-17T17:30:55+00:00","mainEntityOfPage":{"@id":"https:\/\/filles-de-la-charite.org\/it\/non-lasciare-indietro-nessuno\/"},"wordCount":338,"publisher":{"@id":"https:\/\/filles-de-la-charite.org\/it\/#organization"},"image":{"@id":"https:\/\/filles-de-la-charite.org\/it\/non-lasciare-indietro-nessuno\/#primaryimage"},"thumbnailUrl":"https:\/\/filles-de-la-charite.org\/wp-content\/uploads\/2023\/05\/Imagen-7-1.jpg","articleSection":["ONU"],"inLanguage":"it-IT"},{"@type":"WebPage","@id":"https:\/\/filles-de-la-charite.org\/it\/non-lasciare-indietro-nessuno\/","url":"https:\/\/filles-de-la-charite.org\/it\/non-lasciare-indietro-nessuno\/","name":"Non lasciare indietro nessuno - Filles de la Charit\u00e9","isPartOf":{"@id":"https:\/\/filles-de-la-charite.org\/it\/#website"},"primaryImageOfPage":{"@id":"https:\/\/filles-de-la-charite.org\/it\/non-lasciare-indietro-nessuno\/#primaryimage"},"image":{"@id":"https:\/\/filles-de-la-charite.org\/it\/non-lasciare-indietro-nessuno\/#primaryimage"},"thumbnailUrl":"https:\/\/filles-de-la-charite.org\/wp-content\/uploads\/2023\/05\/Imagen-7-1.jpg","datePublished":"2020-11-20T18:58:01+00:00","dateModified":"2024-03-17T17:30:55+00:00","breadcrumb":{"@id":"https:\/\/filles-de-la-charite.org\/it\/non-lasciare-indietro-nessuno\/#breadcrumb"},"inLanguage":"it-IT","potentialAction":[{"@type":"ReadAction","target":["https:\/\/filles-de-la-charite.org\/it\/non-lasciare-indietro-nessuno\/"]}]},{"@type":"ImageObject","inLanguage":"it-IT","@id":"https:\/\/filles-de-la-charite.org\/it\/non-lasciare-indietro-nessuno\/#primaryimage","url":"https:\/\/filles-de-la-charite.org\/wp-content\/uploads\/2023\/05\/Imagen-7-1.jpg","contentUrl":"https:\/\/filles-de-la-charite.org\/wp-content\/uploads\/2023\/05\/Imagen-7-1.jpg","width":497,"height":367},{"@type":"BreadcrumbList","@id":"https:\/\/filles-de-la-charite.org\/it\/non-lasciare-indietro-nessuno\/#breadcrumb","itemListElement":[{"@type":"ListItem","position":1,"name":"ONU","item":"https:\/\/filles-de-la-charite.org\/it\/category\/onu-it\/"},{"@type":"ListItem","position":2,"name":"Non lasciare indietro nessuno"}]},{"@type":"WebSite","@id":"https:\/\/filles-de-la-charite.org\/it\/#website","url":"https:\/\/filles-de-la-charite.org\/it\/","name":"Hijas de la Caridad","description":"L\u2019amour de J\u00e9sus nous presse \u00e0 prendre soin des personnes les plus d\u00e9munies","publisher":{"@id":"https:\/\/filles-de-la-charite.org\/it\/#organization"},"potentialAction":[{"@type":"SearchAction","target":{"@type":"EntryPoint","urlTemplate":"https:\/\/filles-de-la-charite.org\/it\/?s={search_term_string}"},"query-input":{"@type":"PropertyValueSpecification","valueRequired":true,"valueName":"search_term_string"}}],"inLanguage":"it-IT"},{"@type":"Organization","@id":"https:\/\/filles-de-la-charite.org\/it\/#organization","name":"Hijas de la Caridad","url":"https:\/\/filles-de-la-charite.org\/it\/","logo":{"@type":"ImageObject","inLanguage":"it-IT","@id":"https:\/\/filles-de-la-charite.org\/it\/#\/schema\/logo\/image\/","url":"https:\/\/filles-de-la-charite.org\/wp-content\/uploads\/2023\/03\/isotipo-Hijas-de-la-Caridad.png","contentUrl":"https:\/\/filles-de-la-charite.org\/wp-content\/uploads\/2023\/03\/isotipo-Hijas-de-la-Caridad.png","width":1417,"height":1417,"caption":"Hijas de la Caridad"},"image":{"@id":"https:\/\/filles-de-la-charite.org\/it\/#\/schema\/logo\/image\/"}},{"@type":"Person","@id":"https:\/\/filles-de-la-charite.org\/it\/#\/schema\/person\/427567b2eccfc2dd7d206da186a1f438","name":"admin","image":{"@type":"ImageObject","inLanguage":"it-IT","@id":"https:\/\/secure.gravatar.com\/avatar\/948b492cce32b586ac2db0eaa926ee87024f7afe218d73b397ea5ddfc5f43ea1?s=96&d=mm&r=g","url":"https:\/\/secure.gravatar.com\/avatar\/948b492cce32b586ac2db0eaa926ee87024f7afe218d73b397ea5ddfc5f43ea1?s=96&d=mm&r=g","contentUrl":"https:\/\/secure.gravatar.com\/avatar\/948b492cce32b586ac2db0eaa926ee87024f7afe218d73b397ea5ddfc5f43ea1?s=96&d=mm&r=g","caption":"admin"},"sameAs":["https:\/\/filles-de-la-charite.org"],"url":"https:\/\/filles-de-la-charite.org\/it\/author\/caridad\/"}]}},"_links":{"self":[{"href":"https:\/\/filles-de-la-charite.org\/it\/wp-json\/wp\/v2\/posts\/8587","targetHints":{"allow":["GET"]}}],"collection":[{"href":"https:\/\/filles-de-la-charite.org\/it\/wp-json\/wp\/v2\/posts"}],"about":[{"href":"https:\/\/filles-de-la-charite.org\/it\/wp-json\/wp\/v2\/types\/post"}],"author":[{"embeddable":true,"href":"https:\/\/filles-de-la-charite.org\/it\/wp-json\/wp\/v2\/users\/1"}],"replies":[{"embeddable":true,"href":"https:\/\/filles-de-la-charite.org\/it\/wp-json\/wp\/v2\/comments?post=8587"}],"version-history":[{"count":1,"href":"https:\/\/filles-de-la-charite.org\/it\/wp-json\/wp\/v2\/posts\/8587\/revisions"}],"predecessor-version":[{"id":8588,"href":"https:\/\/filles-de-la-charite.org\/it\/wp-json\/wp\/v2\/posts\/8587\/revisions\/8588"}],"wp:featuredmedia":[{"embeddable":true,"href":"https:\/\/filles-de-la-charite.org\/it\/wp-json\/wp\/v2\/media\/8129"}],"wp:attachment":[{"href":"https:\/\/filles-de-la-charite.org\/it\/wp-json\/wp\/v2\/media?parent=8587"}],"wp:term":[{"taxonomy":"category","embeddable":true,"href":"https:\/\/filles-de-la-charite.org\/it\/wp-json\/wp\/v2\/categories?post=8587"},{"taxonomy":"post_tag","embeddable":true,"href":"https:\/\/filles-de-la-charite.org\/it\/wp-json\/wp\/v2\/tags?post=8587"}],"curies":[{"name":"wp","href":"https:\/\/api.w.org\/{rel}","templated":true}]}}