{"id":8589,"date":"2020-11-22T15:16:14","date_gmt":"2020-11-22T14:16:14","guid":{"rendered":"https:\/\/hijascaridad.sjdigitaldemo.ovh\/gesu-cristo\/"},"modified":"2024-03-17T18:30:47","modified_gmt":"2024-03-17T17:30:47","slug":"gesu-cristo","status":"publish","type":"post","link":"https:\/\/filles-de-la-charite.org\/it\/gesu-cristo\/","title":{"rendered":"Ges\u00f9 Cristo"},"content":{"rendered":"\n<figure class=\"wp-block-pullquote is-style-default\"><blockquote><p><strong><strong>La cura per la nostra casa comune \u00e8 diventata urgente ma rimane controversa<\/strong><\/strong><\/p><cite><strong>2015 \u2013 LAUDATO SI\u2019<\/strong><\/cite><\/blockquote><\/figure>\n\n\n\n<div class=\"wp-block-media-text alignwide has-media-on-the-right is-stacked-on-mobile is-image-fill\" style=\"grid-template-columns:auto 43%\"><figure class=\"wp-block-media-text__media\" style=\"background-image:url(https:\/\/filles-de-la-charite.org\/wp-content\/uploads\/2023\/05\/imagen1-5.jpg);background-position:50% 50%\"><img decoding=\"async\" src=\"https:\/\/filles-de-la-charite.org\/wp-content\/uploads\/2023\/05\/imagen1-5.jpg\" alt=\"\" class=\"wp-image-57018\" \/><\/figure><div class=\"wp-block-media-text__content\">\n<p><\/p>\n\n\n\n<div class=\"wp-block-group\"><div class=\"wp-block-group__inner-container is-layout-flow wp-block-group-is-layout-flow\">\n<p><strong>\u201cEgli \u00e8 immagine del Dio invisibile, generato prima di ogni creatura; poich\u00e9 per mezzo di lui sono state create tutte le cose, quelle nei cieli e quelle sulla terra, quelle visibili e quelle invisibili: troni, dominazioni, principati e potest\u00e0. tutte le cose sono state create per mezzo di lui e in vista di lui\u201d<\/strong><\/p>\n\n\n\n<p>Colossesi 1, 15-16<\/p>\n<\/div><\/div>\n\n\n\n<p><\/p>\n<\/div><\/div>\n\n\n\n<blockquote class=\"wp-block-quote is-layout-flow wp-block-quote-is-layout-flow\"><p>\u201cSi parla di Laudato Si\u2019 come di un\u2019enciclica verde, ma direi che, prima di tutto, \u00e8 un\u2019enciclica sociale. <strong>Un\u2019opzione vera per i poveri significa anche un\u2019opzione a favore della creazione<\/strong>. Siamo chiamati a prendere pi\u00f9 coscienza del fatto che la difesa della creazione, in fondo, significa prendere coscienza che tutte le cose saranno rinnovate. \u00c8 la promessa della Scrittura, nel libro dell\u2019Apocalisse, quando il Signore ci dice: <em>&#8220;Ecco! Vengo e faccio nuove tutte le cose&#8221;.<\/em><\/p><cite>Papa Francesco: La forza della vocazione, 2018. Estratto dal documento dell&#8217;Assemblea Provinciale<\/cite><\/blockquote>\n\n\n\n<figure class=\"wp-block-pullquote\"><blockquote><p><strong>\u201cL\u2019universo si sviluppa in Dio, che lo riempie tutto. Quindi c\u2019\u00e8 un mistero da contemplare in una foglia, in un sentiero, nella rugiada, nel volto di un povero. L\u2019ideale non \u00e8 solo passare dall\u2019esteriori\u00adt\u00e0 all\u2019interiorit\u00e0 per scoprire l\u2019azione di Dio nell\u2019a\u00adnima, ma anche arrivare a incontrarlo in tutte le cose\u201d<\/strong><\/p><cite><strong>Laudato Si\u2019, \u00a7 233<\/strong><\/cite><\/blockquote><\/figure>\n\n\n\n<p><\/p>\n\n\n\n<div class=\"wp-block-cover has-background-dim-30 has-background-dim\" style=\"background-image:url(https:\/\/www.filles-de-la-charite.org\/wp-content\/uploads\/UN\/DECEMBER\/imagen2.jpg);background-position:74% 50%\"><div class=\"wp-block-cover__inner-container is-layout-flow wp-block-cover-is-layout-flow\">\n<p class=\"has-text-align-center has-large-font-size\"><strong><strong>Preghiera<\/strong><\/strong><\/p>\n\n\n\n<h4 class=\"has-text-align-center wp-block-heading\">Figlio di Dio, Ges\u00f9, per mezzo Tuo tutte le cose sono state fatte. Tu sei stato formato nel grembo di Maria nostra Madre, sei diventato parte di questa Terra e hai guardato questo mondo con occhi umani.&nbsp; Aiutaci a vedere le meraviglie della Creazione attraverso i Tuoi occhi e a far fiorire tutto ci\u00f2 che vive, imitandoTi.<\/h4>\n\n\n\n<h6 class=\"has-text-align-center wp-block-heading\"> Amen. <\/h6>\n\n\n\n<p><\/p>\n\n\n\n<p><strong>(Adattato da una preghiera cristiana in unione con la creazione basata sulla preghiera di Papa Francesco per la nostra terra; Alleanza Cattolica per il Clima)<\/strong><\/p>\n<\/div><\/div>\n\n\n\n<div class=\"wp-block-media-text alignwide is-stacked-on-mobile is-image-fill\"><figure class=\"wp-block-media-text__media\" style=\"background-image:url(https:\/\/filles-de-la-charite.org\/wp-content\/uploads\/2023\/05\/imagen3-1.jpg);background-position:48% 61%\"><img decoding=\"async\" src=\"https:\/\/filles-de-la-charite.org\/wp-content\/uploads\/2023\/05\/imagen3-1.jpg\" alt=\"\" class=\"wp-image-57020\" \/><\/figure><div class=\"wp-block-media-text__content\">\n<figure class=\"wp-block-pullquote is-style-default\" style=\"border-color:#0d80a0\"><blockquote class=\"has-text-color has-accent-color\"><p>La terra \u00e8 dono prezioso del Creatore, il quale ne ha disegnato gli ordinamenti intrinseci, dandoci cos\u00ec i segnali orientativi a cui attenerci come amministratori della sua creazione. E\u2019 proprio a partire da questa consapevolezza, che la Chiesa considera le questioni legate all\u2019ambiente e alla sua salvaguardia intimamente connesse con il tema dello sviluppo umano integrale. (&#8230;) Quanto \u00e8 importante allora che la comunit\u00e0 internazionale e i singoli governi sappiano dare i giusti segnali ai propri cittadini per contrastare in modo efficace le modalit\u00e0 d\u2019utilizzo dell\u2019ambiente che risultino ad esso dannose<\/p><cite><em><strong>Dichiarazione di Papa Benedetto XVI al Vertice dell&#8217;ONU sui cambiamenti climatici, 2009<\/strong><\/em><\/cite><\/blockquote><\/figure>\n<\/div><\/div>\n","protected":false},"excerpt":{"rendered":"<p>La cura per la nostra casa comune \u00e8 diventata urgente ma rimane controversa 2015 \u2013 LAUDATO SI\u2019 \u201cSi parla di Laudato Si\u2019 come di un\u2019enciclica verde, ma direi che, prima di tutto, \u00e8 un\u2019enciclica sociale. Un\u2019opzione vera per i poveri significa anche un\u2019opzione a favore della creazione. Siamo chiamati a prendere pi\u00f9 coscienza del fatto [&hellip;]<\/p>\n","protected":false},"author":1,"featured_media":8142,"comment_status":"closed","ping_status":"closed","sticky":false,"template":"","format":"standard","meta":{"_acf_changed":false,"_et_pb_use_builder":"","_et_pb_old_content":"","_et_gb_content_width":"","footnotes":"","_links_to":"","_links_to_target":""},"categories":[634],"tags":[],"class_list":["post-8589","post","type-post","status-publish","format-standard","has-post-thumbnail","hentry","category-onu-it"],"acf":[],"yoast_head":"<!-- This site is optimized with the Yoast SEO plugin v27.5 - https:\/\/yoast.com\/product\/yoast-seo-wordpress\/ -->\n<title>Ges\u00f9 Cristo - Filles de la Charit\u00e9<\/title>\n<meta name=\"robots\" content=\"index, follow, max-snippet:-1, max-image-preview:large, max-video-preview:-1\" \/>\n<link rel=\"canonical\" href=\"https:\/\/filles-de-la-charite.org\/it\/gesu-cristo\/\" \/>\n<meta property=\"og:locale\" content=\"it_IT\" \/>\n<meta property=\"og:type\" content=\"article\" \/>\n<meta property=\"og:title\" content=\"Ges\u00f9 Cristo - Filles de la Charit\u00e9\" \/>\n<meta property=\"og:description\" content=\"La cura per la nostra casa comune \u00e8 diventata urgente ma rimane controversa 2015 \u2013 LAUDATO SI\u2019 \u201cSi parla di Laudato Si\u2019 come di un\u2019enciclica verde, ma direi che, prima di tutto, \u00e8 un\u2019enciclica sociale. Un\u2019opzione vera per i poveri significa anche un\u2019opzione a favore della creazione. Siamo chiamati a prendere pi\u00f9 coscienza del fatto [&hellip;]\" \/>\n<meta property=\"og:url\" content=\"https:\/\/filles-de-la-charite.org\/it\/gesu-cristo\/\" \/>\n<meta property=\"og:site_name\" content=\"Filles de la Charit\u00e9\" \/>\n<meta property=\"article:published_time\" content=\"2020-11-22T14:16:14+00:00\" \/>\n<meta property=\"article:modified_time\" content=\"2024-03-17T17:30:47+00:00\" \/>\n<meta property=\"og:image\" content=\"https:\/\/filles-de-la-charite.org\/wp-content\/uploads\/2023\/05\/imagen3-1.jpg\" \/>\n\t<meta property=\"og:image:width\" content=\"620\" \/>\n\t<meta property=\"og:image:height\" content=\"413\" \/>\n\t<meta property=\"og:image:type\" content=\"image\/jpeg\" \/>\n<meta name=\"author\" content=\"admin\" \/>\n<meta name=\"twitter:card\" content=\"summary_large_image\" \/>\n<meta name=\"twitter:label1\" content=\"Scritto da\" \/>\n\t<meta name=\"twitter:data1\" content=\"admin\" \/>\n\t<meta name=\"twitter:label2\" content=\"Tempo di lettura stimato\" \/>\n\t<meta name=\"twitter:data2\" content=\"2 minuti\" \/>\n<script type=\"application\/ld+json\" class=\"yoast-schema-graph\">{\"@context\":\"https:\\\/\\\/schema.org\",\"@graph\":[{\"@type\":\"Article\",\"@id\":\"https:\\\/\\\/filles-de-la-charite.org\\\/it\\\/gesu-cristo\\\/#article\",\"isPartOf\":{\"@id\":\"https:\\\/\\\/filles-de-la-charite.org\\\/it\\\/gesu-cristo\\\/\"},\"author\":{\"name\":\"admin\",\"@id\":\"https:\\\/\\\/filles-de-la-charite.org\\\/it\\\/#\\\/schema\\\/person\\\/427567b2eccfc2dd7d206da186a1f438\"},\"headline\":\"Ges\u00f9 Cristo\",\"datePublished\":\"2020-11-22T14:16:14+00:00\",\"dateModified\":\"2024-03-17T17:30:47+00:00\",\"mainEntityOfPage\":{\"@id\":\"https:\\\/\\\/filles-de-la-charite.org\\\/it\\\/gesu-cristo\\\/\"},\"wordCount\":408,\"publisher\":{\"@id\":\"https:\\\/\\\/filles-de-la-charite.org\\\/it\\\/#organization\"},\"image\":{\"@id\":\"https:\\\/\\\/filles-de-la-charite.org\\\/it\\\/gesu-cristo\\\/#primaryimage\"},\"thumbnailUrl\":\"https:\\\/\\\/filles-de-la-charite.org\\\/wp-content\\\/uploads\\\/2023\\\/05\\\/imagen3-1.jpg\",\"articleSection\":[\"ONU\"],\"inLanguage\":\"it-IT\"},{\"@type\":\"WebPage\",\"@id\":\"https:\\\/\\\/filles-de-la-charite.org\\\/it\\\/gesu-cristo\\\/\",\"url\":\"https:\\\/\\\/filles-de-la-charite.org\\\/it\\\/gesu-cristo\\\/\",\"name\":\"Ges\u00f9 Cristo - Filles de la Charit\u00e9\",\"isPartOf\":{\"@id\":\"https:\\\/\\\/filles-de-la-charite.org\\\/it\\\/#website\"},\"primaryImageOfPage\":{\"@id\":\"https:\\\/\\\/filles-de-la-charite.org\\\/it\\\/gesu-cristo\\\/#primaryimage\"},\"image\":{\"@id\":\"https:\\\/\\\/filles-de-la-charite.org\\\/it\\\/gesu-cristo\\\/#primaryimage\"},\"thumbnailUrl\":\"https:\\\/\\\/filles-de-la-charite.org\\\/wp-content\\\/uploads\\\/2023\\\/05\\\/imagen3-1.jpg\",\"datePublished\":\"2020-11-22T14:16:14+00:00\",\"dateModified\":\"2024-03-17T17:30:47+00:00\",\"breadcrumb\":{\"@id\":\"https:\\\/\\\/filles-de-la-charite.org\\\/it\\\/gesu-cristo\\\/#breadcrumb\"},\"inLanguage\":\"it-IT\",\"potentialAction\":[{\"@type\":\"ReadAction\",\"target\":[\"https:\\\/\\\/filles-de-la-charite.org\\\/it\\\/gesu-cristo\\\/\"]}]},{\"@type\":\"ImageObject\",\"inLanguage\":\"it-IT\",\"@id\":\"https:\\\/\\\/filles-de-la-charite.org\\\/it\\\/gesu-cristo\\\/#primaryimage\",\"url\":\"https:\\\/\\\/filles-de-la-charite.org\\\/wp-content\\\/uploads\\\/2023\\\/05\\\/imagen3-1.jpg\",\"contentUrl\":\"https:\\\/\\\/filles-de-la-charite.org\\\/wp-content\\\/uploads\\\/2023\\\/05\\\/imagen3-1.jpg\",\"width\":620,\"height\":413},{\"@type\":\"BreadcrumbList\",\"@id\":\"https:\\\/\\\/filles-de-la-charite.org\\\/it\\\/gesu-cristo\\\/#breadcrumb\",\"itemListElement\":[{\"@type\":\"ListItem\",\"position\":1,\"name\":\"ONU\",\"item\":\"https:\\\/\\\/filles-de-la-charite.org\\\/it\\\/category\\\/onu-it\\\/\"},{\"@type\":\"ListItem\",\"position\":2,\"name\":\"Ges\u00f9 Cristo\"}]},{\"@type\":\"WebSite\",\"@id\":\"https:\\\/\\\/filles-de-la-charite.org\\\/it\\\/#website\",\"url\":\"https:\\\/\\\/filles-de-la-charite.org\\\/it\\\/\",\"name\":\"Hijas de la Caridad\",\"description\":\"L\u2019amour de J\u00e9sus nous presse \u00e0 prendre soin des personnes les plus d\u00e9munies\",\"publisher\":{\"@id\":\"https:\\\/\\\/filles-de-la-charite.org\\\/it\\\/#organization\"},\"potentialAction\":[{\"@type\":\"SearchAction\",\"target\":{\"@type\":\"EntryPoint\",\"urlTemplate\":\"https:\\\/\\\/filles-de-la-charite.org\\\/it\\\/?s={search_term_string}\"},\"query-input\":{\"@type\":\"PropertyValueSpecification\",\"valueRequired\":true,\"valueName\":\"search_term_string\"}}],\"inLanguage\":\"it-IT\"},{\"@type\":\"Organization\",\"@id\":\"https:\\\/\\\/filles-de-la-charite.org\\\/it\\\/#organization\",\"name\":\"Hijas de la Caridad\",\"url\":\"https:\\\/\\\/filles-de-la-charite.org\\\/it\\\/\",\"logo\":{\"@type\":\"ImageObject\",\"inLanguage\":\"it-IT\",\"@id\":\"https:\\\/\\\/filles-de-la-charite.org\\\/it\\\/#\\\/schema\\\/logo\\\/image\\\/\",\"url\":\"https:\\\/\\\/filles-de-la-charite.org\\\/wp-content\\\/uploads\\\/2023\\\/03\\\/isotipo-Hijas-de-la-Caridad.png\",\"contentUrl\":\"https:\\\/\\\/filles-de-la-charite.org\\\/wp-content\\\/uploads\\\/2023\\\/03\\\/isotipo-Hijas-de-la-Caridad.png\",\"width\":1417,\"height\":1417,\"caption\":\"Hijas de la Caridad\"},\"image\":{\"@id\":\"https:\\\/\\\/filles-de-la-charite.org\\\/it\\\/#\\\/schema\\\/logo\\\/image\\\/\"}},{\"@type\":\"Person\",\"@id\":\"https:\\\/\\\/filles-de-la-charite.org\\\/it\\\/#\\\/schema\\\/person\\\/427567b2eccfc2dd7d206da186a1f438\",\"name\":\"admin\",\"image\":{\"@type\":\"ImageObject\",\"inLanguage\":\"it-IT\",\"@id\":\"https:\\\/\\\/secure.gravatar.com\\\/avatar\\\/948b492cce32b586ac2db0eaa926ee87024f7afe218d73b397ea5ddfc5f43ea1?s=96&d=mm&r=g\",\"url\":\"https:\\\/\\\/secure.gravatar.com\\\/avatar\\\/948b492cce32b586ac2db0eaa926ee87024f7afe218d73b397ea5ddfc5f43ea1?s=96&d=mm&r=g\",\"contentUrl\":\"https:\\\/\\\/secure.gravatar.com\\\/avatar\\\/948b492cce32b586ac2db0eaa926ee87024f7afe218d73b397ea5ddfc5f43ea1?s=96&d=mm&r=g\",\"caption\":\"admin\"},\"sameAs\":[\"https:\\\/\\\/filles-de-la-charite.org\"],\"url\":\"https:\\\/\\\/filles-de-la-charite.org\\\/it\\\/author\\\/caridad\\\/\"}]}<\/script>\n<!-- \/ Yoast SEO plugin. -->","yoast_head_json":{"title":"Ges\u00f9 Cristo - Filles de la Charit\u00e9","robots":{"index":"index","follow":"follow","max-snippet":"max-snippet:-1","max-image-preview":"max-image-preview:large","max-video-preview":"max-video-preview:-1"},"canonical":"https:\/\/filles-de-la-charite.org\/it\/gesu-cristo\/","og_locale":"it_IT","og_type":"article","og_title":"Ges\u00f9 Cristo - Filles de la Charit\u00e9","og_description":"La cura per la nostra casa comune \u00e8 diventata urgente ma rimane controversa 2015 \u2013 LAUDATO SI\u2019 \u201cSi parla di Laudato Si\u2019 come di un\u2019enciclica verde, ma direi che, prima di tutto, \u00e8 un\u2019enciclica sociale. Un\u2019opzione vera per i poveri significa anche un\u2019opzione a favore della creazione. Siamo chiamati a prendere pi\u00f9 coscienza del fatto [&hellip;]","og_url":"https:\/\/filles-de-la-charite.org\/it\/gesu-cristo\/","og_site_name":"Filles de la Charit\u00e9","article_published_time":"2020-11-22T14:16:14+00:00","article_modified_time":"2024-03-17T17:30:47+00:00","og_image":[{"width":620,"height":413,"url":"https:\/\/filles-de-la-charite.org\/wp-content\/uploads\/2023\/05\/imagen3-1.jpg","type":"image\/jpeg"}],"author":"admin","twitter_card":"summary_large_image","twitter_misc":{"Scritto da":"admin","Tempo di lettura stimato":"2 minuti"},"schema":{"@context":"https:\/\/schema.org","@graph":[{"@type":"Article","@id":"https:\/\/filles-de-la-charite.org\/it\/gesu-cristo\/#article","isPartOf":{"@id":"https:\/\/filles-de-la-charite.org\/it\/gesu-cristo\/"},"author":{"name":"admin","@id":"https:\/\/filles-de-la-charite.org\/it\/#\/schema\/person\/427567b2eccfc2dd7d206da186a1f438"},"headline":"Ges\u00f9 Cristo","datePublished":"2020-11-22T14:16:14+00:00","dateModified":"2024-03-17T17:30:47+00:00","mainEntityOfPage":{"@id":"https:\/\/filles-de-la-charite.org\/it\/gesu-cristo\/"},"wordCount":408,"publisher":{"@id":"https:\/\/filles-de-la-charite.org\/it\/#organization"},"image":{"@id":"https:\/\/filles-de-la-charite.org\/it\/gesu-cristo\/#primaryimage"},"thumbnailUrl":"https:\/\/filles-de-la-charite.org\/wp-content\/uploads\/2023\/05\/imagen3-1.jpg","articleSection":["ONU"],"inLanguage":"it-IT"},{"@type":"WebPage","@id":"https:\/\/filles-de-la-charite.org\/it\/gesu-cristo\/","url":"https:\/\/filles-de-la-charite.org\/it\/gesu-cristo\/","name":"Ges\u00f9 Cristo - Filles de la Charit\u00e9","isPartOf":{"@id":"https:\/\/filles-de-la-charite.org\/it\/#website"},"primaryImageOfPage":{"@id":"https:\/\/filles-de-la-charite.org\/it\/gesu-cristo\/#primaryimage"},"image":{"@id":"https:\/\/filles-de-la-charite.org\/it\/gesu-cristo\/#primaryimage"},"thumbnailUrl":"https:\/\/filles-de-la-charite.org\/wp-content\/uploads\/2023\/05\/imagen3-1.jpg","datePublished":"2020-11-22T14:16:14+00:00","dateModified":"2024-03-17T17:30:47+00:00","breadcrumb":{"@id":"https:\/\/filles-de-la-charite.org\/it\/gesu-cristo\/#breadcrumb"},"inLanguage":"it-IT","potentialAction":[{"@type":"ReadAction","target":["https:\/\/filles-de-la-charite.org\/it\/gesu-cristo\/"]}]},{"@type":"ImageObject","inLanguage":"it-IT","@id":"https:\/\/filles-de-la-charite.org\/it\/gesu-cristo\/#primaryimage","url":"https:\/\/filles-de-la-charite.org\/wp-content\/uploads\/2023\/05\/imagen3-1.jpg","contentUrl":"https:\/\/filles-de-la-charite.org\/wp-content\/uploads\/2023\/05\/imagen3-1.jpg","width":620,"height":413},{"@type":"BreadcrumbList","@id":"https:\/\/filles-de-la-charite.org\/it\/gesu-cristo\/#breadcrumb","itemListElement":[{"@type":"ListItem","position":1,"name":"ONU","item":"https:\/\/filles-de-la-charite.org\/it\/category\/onu-it\/"},{"@type":"ListItem","position":2,"name":"Ges\u00f9 Cristo"}]},{"@type":"WebSite","@id":"https:\/\/filles-de-la-charite.org\/it\/#website","url":"https:\/\/filles-de-la-charite.org\/it\/","name":"Hijas de la Caridad","description":"L\u2019amour de J\u00e9sus nous presse \u00e0 prendre soin des personnes les plus d\u00e9munies","publisher":{"@id":"https:\/\/filles-de-la-charite.org\/it\/#organization"},"potentialAction":[{"@type":"SearchAction","target":{"@type":"EntryPoint","urlTemplate":"https:\/\/filles-de-la-charite.org\/it\/?s={search_term_string}"},"query-input":{"@type":"PropertyValueSpecification","valueRequired":true,"valueName":"search_term_string"}}],"inLanguage":"it-IT"},{"@type":"Organization","@id":"https:\/\/filles-de-la-charite.org\/it\/#organization","name":"Hijas de la Caridad","url":"https:\/\/filles-de-la-charite.org\/it\/","logo":{"@type":"ImageObject","inLanguage":"it-IT","@id":"https:\/\/filles-de-la-charite.org\/it\/#\/schema\/logo\/image\/","url":"https:\/\/filles-de-la-charite.org\/wp-content\/uploads\/2023\/03\/isotipo-Hijas-de-la-Caridad.png","contentUrl":"https:\/\/filles-de-la-charite.org\/wp-content\/uploads\/2023\/03\/isotipo-Hijas-de-la-Caridad.png","width":1417,"height":1417,"caption":"Hijas de la Caridad"},"image":{"@id":"https:\/\/filles-de-la-charite.org\/it\/#\/schema\/logo\/image\/"}},{"@type":"Person","@id":"https:\/\/filles-de-la-charite.org\/it\/#\/schema\/person\/427567b2eccfc2dd7d206da186a1f438","name":"admin","image":{"@type":"ImageObject","inLanguage":"it-IT","@id":"https:\/\/secure.gravatar.com\/avatar\/948b492cce32b586ac2db0eaa926ee87024f7afe218d73b397ea5ddfc5f43ea1?s=96&d=mm&r=g","url":"https:\/\/secure.gravatar.com\/avatar\/948b492cce32b586ac2db0eaa926ee87024f7afe218d73b397ea5ddfc5f43ea1?s=96&d=mm&r=g","contentUrl":"https:\/\/secure.gravatar.com\/avatar\/948b492cce32b586ac2db0eaa926ee87024f7afe218d73b397ea5ddfc5f43ea1?s=96&d=mm&r=g","caption":"admin"},"sameAs":["https:\/\/filles-de-la-charite.org"],"url":"https:\/\/filles-de-la-charite.org\/it\/author\/caridad\/"}]}},"_links":{"self":[{"href":"https:\/\/filles-de-la-charite.org\/it\/wp-json\/wp\/v2\/posts\/8589","targetHints":{"allow":["GET"]}}],"collection":[{"href":"https:\/\/filles-de-la-charite.org\/it\/wp-json\/wp\/v2\/posts"}],"about":[{"href":"https:\/\/filles-de-la-charite.org\/it\/wp-json\/wp\/v2\/types\/post"}],"author":[{"embeddable":true,"href":"https:\/\/filles-de-la-charite.org\/it\/wp-json\/wp\/v2\/users\/1"}],"replies":[{"embeddable":true,"href":"https:\/\/filles-de-la-charite.org\/it\/wp-json\/wp\/v2\/comments?post=8589"}],"version-history":[{"count":1,"href":"https:\/\/filles-de-la-charite.org\/it\/wp-json\/wp\/v2\/posts\/8589\/revisions"}],"predecessor-version":[{"id":8590,"href":"https:\/\/filles-de-la-charite.org\/it\/wp-json\/wp\/v2\/posts\/8589\/revisions\/8590"}],"wp:featuredmedia":[{"embeddable":true,"href":"https:\/\/filles-de-la-charite.org\/it\/wp-json\/wp\/v2\/media\/8142"}],"wp:attachment":[{"href":"https:\/\/filles-de-la-charite.org\/it\/wp-json\/wp\/v2\/media?parent=8589"}],"wp:term":[{"taxonomy":"category","embeddable":true,"href":"https:\/\/filles-de-la-charite.org\/it\/wp-json\/wp\/v2\/categories?post=8589"},{"taxonomy":"post_tag","embeddable":true,"href":"https:\/\/filles-de-la-charite.org\/it\/wp-json\/wp\/v2\/tags?post=8589"}],"curies":[{"name":"wp","href":"https:\/\/api.w.org\/{rel}","templated":true}]}}