{"id":8591,"date":"2020-12-31T23:01:00","date_gmt":"2020-12-31T22:01:00","guid":{"rendered":"https:\/\/hijascaridad.sjdigitaldemo.ovh\/lavorando-per-mantenere-in-primo-piano-il-problema-dei-senzatetto-nellagenda-onu\/"},"modified":"2024-03-17T18:04:46","modified_gmt":"2024-03-17T17:04:46","slug":"lavorando-per-mantenere-in-primo-piano-il-problema-dei-senzatetto-nellagenda-onu","status":"publish","type":"post","link":"https:\/\/filles-de-la-charite.org\/it\/lavorando-per-mantenere-in-primo-piano-il-problema-dei-senzatetto-nellagenda-onu\/","title":{"rendered":"Lavorare per mantenere  il problema dei senzatetto prioritario nell&#8217;agenda ONU"},"content":{"rendered":"\n<div class=\"wp-block-image\"><figure class=\"alignleft size-large is-resized\"><img loading=\"lazy\" decoding=\"async\" src=\"https:\/\/filles-de-la-charite.org\/wp-content\/uploads\/2023\/05\/fig1-1024x487-2.jpg\" alt=\"\" class=\"wp-image-60105\" width=\"378\" height=\"180\"\/><figcaption><span class=\"has-inline-color has-accent-color\"><strong>Foto 1. Sr. Catherine Prendergast che modera un gruppo di relatori all'ONU in relazione al problema dei senzatetto. Il panel comprendeva Brian Flynn, a sinistra, Vice Rappresentante Permanente dell'Irlanda all'ONU, e Iris Bailey, da New York.<\/strong><\/span><\/figcaption><\/figure><\/div>\n\n\n\n<p>Le Figlie della Carit\u00e0 alle Nazioni Unite hanno lavorato diligentemente negli ultimi anni per evidenziare leproblematiche relative ai senzatetto.&nbsp;&nbsp; Poich\u00e9 il COVID-19 sta facendo precipitare milioni di persone in condizioni di povert\u00e0, e molti lottano per pagare l'affitto, il tema dei senzatetto rimane importante per il nuovo anno.<\/p>\n\n\n\n<p>Forse la pi\u00f9 grande opportunit\u00e0 alle Nazioni Unite per sostenere la ricerca di soluzioni ai problemi sociali \u00e8 la Commissione per lo Sviluppo Sociale. La riunione della Commissione di quest'anno, che si tiene a New York, si svolge virtualmente dall'8 al 17 febbraio. Il tema della Commissione 2021 \u00e8: \"<strong>Una transizione socialmente giusta verso lo sviluppo sostenibile: il ruolo delle tecnologie digitali sullo sviluppo sociale e il benessere di tutti<\/strong>\".<\/p>\n\n\n\n<div class=\"wp-block-image\"><figure class=\"alignright size-large\"><img decoding=\"async\" src=\"https:\/\/filles-de-la-charite.org\/wp-content\/uploads\/2023\/05\/fig2-prueba-1024x526-2.jpg\" alt=\"\" class=\"wp-image-60292\"\/><figcaption><span class=\"has-inline-color has-accent-color\"><strong>Foto 2. Suor Margaret O'Dwyer che parla durante un evento alle Nazioni Unite.<\/strong><\/span><\/figcaption><\/figure><\/div>\n\n\n\n<p>Le Figlie della Carit\u00e0 si uniscono ad altri rappresentanti&nbsp; della Famiglia Vincenziana presso le Nazioni Unite per sponsorizzare un gruppo di relatori durante la riunione della Commissione.&nbsp; Il titolo ell'evento \u00e8: \"<strong>La tecnologia digitale per porre fine al fenomeno dei senzatetto<\/strong>\".&nbsp; A tutt'oggi non \u00e8 stata ancora assegnata una data specifica. Sr. Margaret O'Dwyer, che rappresenta le Figlie della Carit\u00e0 all'ONU a New York, presiede il Working Group to End Homelessness, una coalizione di organizzazioni non governative. &nbsp;Il Gruppo di lavoro prevede anche un evento di sensibilizzazione sull'uso della tecnologia digitale per far fronte al problema dei senzatetto.<\/p>\n\n\n\n<p>A novembre del 2017, le Sorelle Margaret O'Dwyer e Catherine Prendergast hanno collaborato con altri per formare il Working Group to End Homelessness. Il Gruppo di Lavoro ha sostenuto i senzatetto come tema della Commissione per lo sviluppo sociale del 2020.&nbsp; Durante la Commissione, le Figlie della Carit\u00e0 hanno fatto parte di diversi gruppi di lavoro sul tema dei senzatetto, tra cui uno in cui Suor Margaret ha evidenziato la drammatica situazione dei bambini che sopravvivono per strada con il contributo delle nostre sorelle che servono i bambini sprovvisti di una casa in Africa. La Commissione ha approvato la prima risoluzione in assoluto sulla questione dei senzatetto e a giugno \u00e8 stata varata dal Consiglio Economico e Sociale dell'ONU.<\/p>\n\n\n\n<div class=\"wp-block-image\"><figure class=\"aligncenter size-large\"><img decoding=\"async\" src=\"https:\/\/filles-de-la-charite.org\/wp-content\/uploads\/2023\/05\/figure-3-1.jpg\" alt=\"\" class=\"wp-image-59897\"\/><figcaption><span class=\"has-inline-color has-accent-color\"><strong>Foto 3. Il Gruppo di Lavoro, uno sforzo collaborativo per sostenere presso le Nazioni Unite la lotta contro il fenomeno dei senzatetto, si \u00e8 costituito nel novembre 2017. All'epoca, P. Guillermo Campuzano, CM, (davanti) ricopriva la carica di presidente. Suor Margaret O'Dwyer \u00e8 ora vicepresidente.<\/strong><\/span><\/figcaption><\/figure><\/div>\n","protected":false},"excerpt":{"rendered":"<p>Le Figlie della Carit\u00e0 alle Nazioni Unite hanno lavorato diligentemente negli ultimi anni per evidenziare leproblematiche relative ai senzatetto.&nbsp;&nbsp; Poich\u00e9 il COVID-19 sta facendo precipitare milioni di persone in condizioni di povert\u00e0, e molti lottano per pagare l&#8217;affitto, il tema dei senzatetto rimane importante per il nuovo anno. Forse la pi\u00f9 grande opportunit\u00e0 alle Nazioni [&hellip;]<\/p>\n","protected":false},"author":1,"featured_media":8169,"comment_status":"closed","ping_status":"closed","sticky":false,"template":"","format":"standard","meta":{"_acf_changed":false,"footnotes":"","_links_to":"","_links_to_target":""},"categories":[634],"tags":[],"class_list":["post-8591","post","type-post","status-publish","format-standard","has-post-thumbnail","hentry","category-onu-it"],"acf":[],"yoast_head":"<!-- This site is optimized with the Yoast SEO plugin v27.5 - https:\/\/yoast.com\/product\/yoast-seo-wordpress\/ -->\n<title>Lavorare per mantenere il problema dei senzatetto prioritario nell&#039;agenda ONU - Filles de la Charit\u00e9<\/title>\n<meta name=\"robots\" content=\"index, follow, max-snippet:-1, max-image-preview:large, max-video-preview:-1\" \/>\n<link rel=\"canonical\" href=\"https:\/\/filles-de-la-charite.org\/it\/lavorando-per-mantenere-in-primo-piano-il-problema-dei-senzatetto-nellagenda-onu\/\" \/>\n<meta property=\"og:locale\" content=\"it_IT\" \/>\n<meta property=\"og:type\" content=\"article\" \/>\n<meta property=\"og:title\" content=\"Lavorare per mantenere il problema dei senzatetto prioritario nell&#039;agenda ONU - Filles de la Charit\u00e9\" \/>\n<meta property=\"og:description\" content=\"Le Figlie della Carit\u00e0 alle Nazioni Unite hanno lavorato diligentemente negli ultimi anni per evidenziare leproblematiche relative ai senzatetto.&nbsp;&nbsp; Poich\u00e9 il COVID-19 sta facendo precipitare milioni di persone in condizioni di povert\u00e0, e molti lottano per pagare l&#8217;affitto, il tema dei senzatetto rimane importante per il nuovo anno. Forse la pi\u00f9 grande opportunit\u00e0 alle Nazioni [&hellip;]\" \/>\n<meta property=\"og:url\" content=\"https:\/\/filles-de-la-charite.org\/it\/lavorando-per-mantenere-in-primo-piano-il-problema-dei-senzatetto-nellagenda-onu\/\" \/>\n<meta property=\"og:site_name\" content=\"Filles de la Charit\u00e9\" \/>\n<meta property=\"article:published_time\" content=\"2020-12-31T22:01:00+00:00\" \/>\n<meta property=\"article:modified_time\" content=\"2024-03-17T17:04:46+00:00\" \/>\n<meta property=\"og:image\" content=\"https:\/\/filles-de-la-charite.org\/wp-content\/uploads\/2023\/05\/homeless-55492-scaled-2.jpg\" \/>\n\t<meta property=\"og:image:width\" content=\"2560\" \/>\n\t<meta property=\"og:image:height\" content=\"1277\" \/>\n\t<meta property=\"og:image:type\" content=\"image\/jpeg\" \/>\n<meta name=\"author\" content=\"admin\" \/>\n<meta name=\"twitter:card\" content=\"summary_large_image\" \/>\n<meta name=\"twitter:label1\" content=\"Scritto da\" \/>\n\t<meta name=\"twitter:data1\" content=\"admin\" \/>\n\t<meta name=\"twitter:label2\" content=\"Tempo di lettura stimato\" \/>\n\t<meta name=\"twitter:data2\" content=\"2 minuti\" \/>\n<script type=\"application\/ld+json\" class=\"yoast-schema-graph\">{\"@context\":\"https:\\\/\\\/schema.org\",\"@graph\":[{\"@type\":\"Article\",\"@id\":\"https:\\\/\\\/filles-de-la-charite.org\\\/it\\\/lavorando-per-mantenere-in-primo-piano-il-problema-dei-senzatetto-nellagenda-onu\\\/#article\",\"isPartOf\":{\"@id\":\"https:\\\/\\\/filles-de-la-charite.org\\\/it\\\/lavorando-per-mantenere-in-primo-piano-il-problema-dei-senzatetto-nellagenda-onu\\\/\"},\"author\":{\"name\":\"admin\",\"@id\":\"https:\\\/\\\/filles-de-la-charite.org\\\/it\\\/#\\\/schema\\\/person\\\/427567b2eccfc2dd7d206da186a1f438\"},\"headline\":\"Lavorare per mantenere il problema dei senzatetto prioritario nell&#8217;agenda ONU\",\"datePublished\":\"2020-12-31T22:01:00+00:00\",\"dateModified\":\"2024-03-17T17:04:46+00:00\",\"mainEntityOfPage\":{\"@id\":\"https:\\\/\\\/filles-de-la-charite.org\\\/it\\\/lavorando-per-mantenere-in-primo-piano-il-problema-dei-senzatetto-nellagenda-onu\\\/\"},\"wordCount\":447,\"publisher\":{\"@id\":\"https:\\\/\\\/filles-de-la-charite.org\\\/it\\\/#organization\"},\"image\":{\"@id\":\"https:\\\/\\\/filles-de-la-charite.org\\\/it\\\/lavorando-per-mantenere-in-primo-piano-il-problema-dei-senzatetto-nellagenda-onu\\\/#primaryimage\"},\"thumbnailUrl\":\"https:\\\/\\\/filles-de-la-charite.org\\\/wp-content\\\/uploads\\\/2023\\\/05\\\/homeless-55492-scaled-2.jpg\",\"articleSection\":[\"ONU\"],\"inLanguage\":\"it-IT\"},{\"@type\":\"WebPage\",\"@id\":\"https:\\\/\\\/filles-de-la-charite.org\\\/it\\\/lavorando-per-mantenere-in-primo-piano-il-problema-dei-senzatetto-nellagenda-onu\\\/\",\"url\":\"https:\\\/\\\/filles-de-la-charite.org\\\/it\\\/lavorando-per-mantenere-in-primo-piano-il-problema-dei-senzatetto-nellagenda-onu\\\/\",\"name\":\"Lavorare per mantenere il problema dei senzatetto prioritario nell'agenda ONU - Filles de la Charit\u00e9\",\"isPartOf\":{\"@id\":\"https:\\\/\\\/filles-de-la-charite.org\\\/it\\\/#website\"},\"primaryImageOfPage\":{\"@id\":\"https:\\\/\\\/filles-de-la-charite.org\\\/it\\\/lavorando-per-mantenere-in-primo-piano-il-problema-dei-senzatetto-nellagenda-onu\\\/#primaryimage\"},\"image\":{\"@id\":\"https:\\\/\\\/filles-de-la-charite.org\\\/it\\\/lavorando-per-mantenere-in-primo-piano-il-problema-dei-senzatetto-nellagenda-onu\\\/#primaryimage\"},\"thumbnailUrl\":\"https:\\\/\\\/filles-de-la-charite.org\\\/wp-content\\\/uploads\\\/2023\\\/05\\\/homeless-55492-scaled-2.jpg\",\"datePublished\":\"2020-12-31T22:01:00+00:00\",\"dateModified\":\"2024-03-17T17:04:46+00:00\",\"breadcrumb\":{\"@id\":\"https:\\\/\\\/filles-de-la-charite.org\\\/it\\\/lavorando-per-mantenere-in-primo-piano-il-problema-dei-senzatetto-nellagenda-onu\\\/#breadcrumb\"},\"inLanguage\":\"it-IT\",\"potentialAction\":[{\"@type\":\"ReadAction\",\"target\":[\"https:\\\/\\\/filles-de-la-charite.org\\\/it\\\/lavorando-per-mantenere-in-primo-piano-il-problema-dei-senzatetto-nellagenda-onu\\\/\"]}]},{\"@type\":\"ImageObject\",\"inLanguage\":\"it-IT\",\"@id\":\"https:\\\/\\\/filles-de-la-charite.org\\\/it\\\/lavorando-per-mantenere-in-primo-piano-il-problema-dei-senzatetto-nellagenda-onu\\\/#primaryimage\",\"url\":\"https:\\\/\\\/filles-de-la-charite.org\\\/wp-content\\\/uploads\\\/2023\\\/05\\\/homeless-55492-scaled-2.jpg\",\"contentUrl\":\"https:\\\/\\\/filles-de-la-charite.org\\\/wp-content\\\/uploads\\\/2023\\\/05\\\/homeless-55492-scaled-2.jpg\",\"width\":2560,\"height\":1277},{\"@type\":\"BreadcrumbList\",\"@id\":\"https:\\\/\\\/filles-de-la-charite.org\\\/it\\\/lavorando-per-mantenere-in-primo-piano-il-problema-dei-senzatetto-nellagenda-onu\\\/#breadcrumb\",\"itemListElement\":[{\"@type\":\"ListItem\",\"position\":1,\"name\":\"ONU\",\"item\":\"https:\\\/\\\/filles-de-la-charite.org\\\/it\\\/category\\\/onu-it\\\/\"},{\"@type\":\"ListItem\",\"position\":2,\"name\":\"Lavorare per mantenere il problema dei senzatetto prioritario nell&#8217;agenda ONU\"}]},{\"@type\":\"WebSite\",\"@id\":\"https:\\\/\\\/filles-de-la-charite.org\\\/it\\\/#website\",\"url\":\"https:\\\/\\\/filles-de-la-charite.org\\\/it\\\/\",\"name\":\"Hijas de la Caridad\",\"description\":\"L\u2019amour de J\u00e9sus nous presse \u00e0 prendre soin des personnes les plus d\u00e9munies\",\"publisher\":{\"@id\":\"https:\\\/\\\/filles-de-la-charite.org\\\/it\\\/#organization\"},\"potentialAction\":[{\"@type\":\"SearchAction\",\"target\":{\"@type\":\"EntryPoint\",\"urlTemplate\":\"https:\\\/\\\/filles-de-la-charite.org\\\/it\\\/?s={search_term_string}\"},\"query-input\":{\"@type\":\"PropertyValueSpecification\",\"valueRequired\":true,\"valueName\":\"search_term_string\"}}],\"inLanguage\":\"it-IT\"},{\"@type\":\"Organization\",\"@id\":\"https:\\\/\\\/filles-de-la-charite.org\\\/it\\\/#organization\",\"name\":\"Hijas de la Caridad\",\"url\":\"https:\\\/\\\/filles-de-la-charite.org\\\/it\\\/\",\"logo\":{\"@type\":\"ImageObject\",\"inLanguage\":\"it-IT\",\"@id\":\"https:\\\/\\\/filles-de-la-charite.org\\\/it\\\/#\\\/schema\\\/logo\\\/image\\\/\",\"url\":\"https:\\\/\\\/filles-de-la-charite.org\\\/wp-content\\\/uploads\\\/2023\\\/03\\\/isotipo-Hijas-de-la-Caridad.png\",\"contentUrl\":\"https:\\\/\\\/filles-de-la-charite.org\\\/wp-content\\\/uploads\\\/2023\\\/03\\\/isotipo-Hijas-de-la-Caridad.png\",\"width\":1417,\"height\":1417,\"caption\":\"Hijas de la Caridad\"},\"image\":{\"@id\":\"https:\\\/\\\/filles-de-la-charite.org\\\/it\\\/#\\\/schema\\\/logo\\\/image\\\/\"}},{\"@type\":\"Person\",\"@id\":\"https:\\\/\\\/filles-de-la-charite.org\\\/it\\\/#\\\/schema\\\/person\\\/427567b2eccfc2dd7d206da186a1f438\",\"name\":\"admin\",\"image\":{\"@type\":\"ImageObject\",\"inLanguage\":\"it-IT\",\"@id\":\"https:\\\/\\\/secure.gravatar.com\\\/avatar\\\/948b492cce32b586ac2db0eaa926ee87024f7afe218d73b397ea5ddfc5f43ea1?s=96&d=mm&r=g\",\"url\":\"https:\\\/\\\/secure.gravatar.com\\\/avatar\\\/948b492cce32b586ac2db0eaa926ee87024f7afe218d73b397ea5ddfc5f43ea1?s=96&d=mm&r=g\",\"contentUrl\":\"https:\\\/\\\/secure.gravatar.com\\\/avatar\\\/948b492cce32b586ac2db0eaa926ee87024f7afe218d73b397ea5ddfc5f43ea1?s=96&d=mm&r=g\",\"caption\":\"admin\"},\"sameAs\":[\"https:\\\/\\\/filles-de-la-charite.org\"],\"url\":\"https:\\\/\\\/filles-de-la-charite.org\\\/it\\\/author\\\/caridad\\\/\"}]}<\/script>\n<!-- \/ Yoast SEO plugin. -->","yoast_head_json":{"title":"Lavorare per mantenere il problema dei senzatetto prioritario nell'agenda ONU - Filles de la Charit\u00e9","robots":{"index":"index","follow":"follow","max-snippet":"max-snippet:-1","max-image-preview":"max-image-preview:large","max-video-preview":"max-video-preview:-1"},"canonical":"https:\/\/filles-de-la-charite.org\/it\/lavorando-per-mantenere-in-primo-piano-il-problema-dei-senzatetto-nellagenda-onu\/","og_locale":"it_IT","og_type":"article","og_title":"Lavorare per mantenere il problema dei senzatetto prioritario nell'agenda ONU - Filles de la Charit\u00e9","og_description":"Le Figlie della Carit\u00e0 alle Nazioni Unite hanno lavorato diligentemente negli ultimi anni per evidenziare leproblematiche relative ai senzatetto.&nbsp;&nbsp; Poich\u00e9 il COVID-19 sta facendo precipitare milioni di persone in condizioni di povert\u00e0, e molti lottano per pagare l&#8217;affitto, il tema dei senzatetto rimane importante per il nuovo anno. Forse la pi\u00f9 grande opportunit\u00e0 alle Nazioni [&hellip;]","og_url":"https:\/\/filles-de-la-charite.org\/it\/lavorando-per-mantenere-in-primo-piano-il-problema-dei-senzatetto-nellagenda-onu\/","og_site_name":"Filles de la Charit\u00e9","article_published_time":"2020-12-31T22:01:00+00:00","article_modified_time":"2024-03-17T17:04:46+00:00","og_image":[{"width":2560,"height":1277,"url":"https:\/\/filles-de-la-charite.org\/wp-content\/uploads\/2023\/05\/homeless-55492-scaled-2.jpg","type":"image\/jpeg"}],"author":"admin","twitter_card":"summary_large_image","twitter_misc":{"Scritto da":"admin","Tempo di lettura stimato":"2 minuti"},"schema":{"@context":"https:\/\/schema.org","@graph":[{"@type":"Article","@id":"https:\/\/filles-de-la-charite.org\/it\/lavorando-per-mantenere-in-primo-piano-il-problema-dei-senzatetto-nellagenda-onu\/#article","isPartOf":{"@id":"https:\/\/filles-de-la-charite.org\/it\/lavorando-per-mantenere-in-primo-piano-il-problema-dei-senzatetto-nellagenda-onu\/"},"author":{"name":"admin","@id":"https:\/\/filles-de-la-charite.org\/it\/#\/schema\/person\/427567b2eccfc2dd7d206da186a1f438"},"headline":"Lavorare per mantenere il problema dei senzatetto prioritario nell&#8217;agenda ONU","datePublished":"2020-12-31T22:01:00+00:00","dateModified":"2024-03-17T17:04:46+00:00","mainEntityOfPage":{"@id":"https:\/\/filles-de-la-charite.org\/it\/lavorando-per-mantenere-in-primo-piano-il-problema-dei-senzatetto-nellagenda-onu\/"},"wordCount":447,"publisher":{"@id":"https:\/\/filles-de-la-charite.org\/it\/#organization"},"image":{"@id":"https:\/\/filles-de-la-charite.org\/it\/lavorando-per-mantenere-in-primo-piano-il-problema-dei-senzatetto-nellagenda-onu\/#primaryimage"},"thumbnailUrl":"https:\/\/filles-de-la-charite.org\/wp-content\/uploads\/2023\/05\/homeless-55492-scaled-2.jpg","articleSection":["ONU"],"inLanguage":"it-IT"},{"@type":"WebPage","@id":"https:\/\/filles-de-la-charite.org\/it\/lavorando-per-mantenere-in-primo-piano-il-problema-dei-senzatetto-nellagenda-onu\/","url":"https:\/\/filles-de-la-charite.org\/it\/lavorando-per-mantenere-in-primo-piano-il-problema-dei-senzatetto-nellagenda-onu\/","name":"Lavorare per mantenere il problema dei senzatetto prioritario nell'agenda ONU - Filles de la Charit\u00e9","isPartOf":{"@id":"https:\/\/filles-de-la-charite.org\/it\/#website"},"primaryImageOfPage":{"@id":"https:\/\/filles-de-la-charite.org\/it\/lavorando-per-mantenere-in-primo-piano-il-problema-dei-senzatetto-nellagenda-onu\/#primaryimage"},"image":{"@id":"https:\/\/filles-de-la-charite.org\/it\/lavorando-per-mantenere-in-primo-piano-il-problema-dei-senzatetto-nellagenda-onu\/#primaryimage"},"thumbnailUrl":"https:\/\/filles-de-la-charite.org\/wp-content\/uploads\/2023\/05\/homeless-55492-scaled-2.jpg","datePublished":"2020-12-31T22:01:00+00:00","dateModified":"2024-03-17T17:04:46+00:00","breadcrumb":{"@id":"https:\/\/filles-de-la-charite.org\/it\/lavorando-per-mantenere-in-primo-piano-il-problema-dei-senzatetto-nellagenda-onu\/#breadcrumb"},"inLanguage":"it-IT","potentialAction":[{"@type":"ReadAction","target":["https:\/\/filles-de-la-charite.org\/it\/lavorando-per-mantenere-in-primo-piano-il-problema-dei-senzatetto-nellagenda-onu\/"]}]},{"@type":"ImageObject","inLanguage":"it-IT","@id":"https:\/\/filles-de-la-charite.org\/it\/lavorando-per-mantenere-in-primo-piano-il-problema-dei-senzatetto-nellagenda-onu\/#primaryimage","url":"https:\/\/filles-de-la-charite.org\/wp-content\/uploads\/2023\/05\/homeless-55492-scaled-2.jpg","contentUrl":"https:\/\/filles-de-la-charite.org\/wp-content\/uploads\/2023\/05\/homeless-55492-scaled-2.jpg","width":2560,"height":1277},{"@type":"BreadcrumbList","@id":"https:\/\/filles-de-la-charite.org\/it\/lavorando-per-mantenere-in-primo-piano-il-problema-dei-senzatetto-nellagenda-onu\/#breadcrumb","itemListElement":[{"@type":"ListItem","position":1,"name":"ONU","item":"https:\/\/filles-de-la-charite.org\/it\/category\/onu-it\/"},{"@type":"ListItem","position":2,"name":"Lavorare per mantenere il problema dei senzatetto prioritario nell&#8217;agenda ONU"}]},{"@type":"WebSite","@id":"https:\/\/filles-de-la-charite.org\/it\/#website","url":"https:\/\/filles-de-la-charite.org\/it\/","name":"Hijas de la Caridad","description":"L\u2019amour de J\u00e9sus nous presse \u00e0 prendre soin des personnes les plus d\u00e9munies","publisher":{"@id":"https:\/\/filles-de-la-charite.org\/it\/#organization"},"potentialAction":[{"@type":"SearchAction","target":{"@type":"EntryPoint","urlTemplate":"https:\/\/filles-de-la-charite.org\/it\/?s={search_term_string}"},"query-input":{"@type":"PropertyValueSpecification","valueRequired":true,"valueName":"search_term_string"}}],"inLanguage":"it-IT"},{"@type":"Organization","@id":"https:\/\/filles-de-la-charite.org\/it\/#organization","name":"Hijas de la Caridad","url":"https:\/\/filles-de-la-charite.org\/it\/","logo":{"@type":"ImageObject","inLanguage":"it-IT","@id":"https:\/\/filles-de-la-charite.org\/it\/#\/schema\/logo\/image\/","url":"https:\/\/filles-de-la-charite.org\/wp-content\/uploads\/2023\/03\/isotipo-Hijas-de-la-Caridad.png","contentUrl":"https:\/\/filles-de-la-charite.org\/wp-content\/uploads\/2023\/03\/isotipo-Hijas-de-la-Caridad.png","width":1417,"height":1417,"caption":"Hijas de la Caridad"},"image":{"@id":"https:\/\/filles-de-la-charite.org\/it\/#\/schema\/logo\/image\/"}},{"@type":"Person","@id":"https:\/\/filles-de-la-charite.org\/it\/#\/schema\/person\/427567b2eccfc2dd7d206da186a1f438","name":"admin","image":{"@type":"ImageObject","inLanguage":"it-IT","@id":"https:\/\/secure.gravatar.com\/avatar\/948b492cce32b586ac2db0eaa926ee87024f7afe218d73b397ea5ddfc5f43ea1?s=96&d=mm&r=g","url":"https:\/\/secure.gravatar.com\/avatar\/948b492cce32b586ac2db0eaa926ee87024f7afe218d73b397ea5ddfc5f43ea1?s=96&d=mm&r=g","contentUrl":"https:\/\/secure.gravatar.com\/avatar\/948b492cce32b586ac2db0eaa926ee87024f7afe218d73b397ea5ddfc5f43ea1?s=96&d=mm&r=g","caption":"admin"},"sameAs":["https:\/\/filles-de-la-charite.org"],"url":"https:\/\/filles-de-la-charite.org\/it\/author\/caridad\/"}]}},"_links":{"self":[{"href":"https:\/\/filles-de-la-charite.org\/it\/wp-json\/wp\/v2\/posts\/8591","targetHints":{"allow":["GET"]}}],"collection":[{"href":"https:\/\/filles-de-la-charite.org\/it\/wp-json\/wp\/v2\/posts"}],"about":[{"href":"https:\/\/filles-de-la-charite.org\/it\/wp-json\/wp\/v2\/types\/post"}],"author":[{"embeddable":true,"href":"https:\/\/filles-de-la-charite.org\/it\/wp-json\/wp\/v2\/users\/1"}],"replies":[{"embeddable":true,"href":"https:\/\/filles-de-la-charite.org\/it\/wp-json\/wp\/v2\/comments?post=8591"}],"version-history":[{"count":1,"href":"https:\/\/filles-de-la-charite.org\/it\/wp-json\/wp\/v2\/posts\/8591\/revisions"}],"predecessor-version":[{"id":8592,"href":"https:\/\/filles-de-la-charite.org\/it\/wp-json\/wp\/v2\/posts\/8591\/revisions\/8592"}],"wp:featuredmedia":[{"embeddable":true,"href":"https:\/\/filles-de-la-charite.org\/it\/wp-json\/wp\/v2\/media\/8169"}],"wp:attachment":[{"href":"https:\/\/filles-de-la-charite.org\/it\/wp-json\/wp\/v2\/media?parent=8591"}],"wp:term":[{"taxonomy":"category","embeddable":true,"href":"https:\/\/filles-de-la-charite.org\/it\/wp-json\/wp\/v2\/categories?post=8591"},{"taxonomy":"post_tag","embeddable":true,"href":"https:\/\/filles-de-la-charite.org\/it\/wp-json\/wp\/v2\/tags?post=8591"}],"curies":[{"name":"wp","href":"https:\/\/api.w.org\/{rel}","templated":true}]}}