{"id":8593,"date":"2021-01-31T23:00:00","date_gmt":"2021-01-31T22:00:00","guid":{"rendered":"https:\/\/hijascaridad.sjdigitaldemo.ovh\/giornata-mondiale-della-giustizia-20-febbraio\/"},"modified":"2024-03-17T18:06:18","modified_gmt":"2024-03-17T17:06:18","slug":"giornata-mondiale-della-giustizia-20-febbraio","status":"publish","type":"post","link":"https:\/\/filles-de-la-charite.org\/it\/giornata-mondiale-della-giustizia-20-febbraio\/","title":{"rendered":"Giornata mondiale della giustizia \u2013 20 febbraio"},"content":{"rendered":"\n<p>El D\u00eda Mundial de la Justicia Social tendr\u00e1 lugar el s\u00e1bado 20 de febrero. Es muy oportuno celebrar este d\u00eda, ya que el mundo ha sido testigo de enormes sufrimientos y desigualdades durante la pandemia de Covid-19 que requieren una respuesta.<\/p>\n\n<div class=\"wp-block-image\"><figure class=\"alignright size-large\"><img decoding=\"async\" src=\"https:\/\/filles-de-la-charite.org\/wp-content\/uploads\/2023\/05\/UN-Figure-1-1.jpg\" alt=\"\" class=\"wp-image-60508\"\/><figcaption><span class=\"has-inline-color has-accent-color\">Fig. 1: Secretario General de la ONU, Antonio Guterres (foto de la ONU)<\/span><\/figcaption><\/figure><\/div>\n\n<p>El secretario general de la ONU, Antonio Guterres durante su mensaje de A\u00f1o Nuevo para 2021 habl\u00f3 de lo que muchos experimentaron.<\/p>\n\n<p>\u201cLa pobreza, desigualdad y el hambre est\u00e1n aumentando. Los trabajos est\u00e1n desapareciendo y las deudas crecen. Los ni\u00f1os est\u00e1n luchando&#8221;.<\/p>\n\n<p>El Sr. Guterres dijo que la violencia en los hogares est\u00e1 aumentando y la inseguridad est\u00e1 en todas partes. Pero tambi\u00e9n ve rayos de esperanza: personas que tienden una mano amiga a vecinos y extra\u00f1os; trabajadores de primera l\u00ednea dando todo; cient\u00edficos que desarrollan vacunas en un tiempo r\u00e9cord; pa\u00edses que asumen nuevos compromisos para prevenir una cat\u00e1strofe clim\u00e1tica.<\/p>\n\n<div class=\"wp-block-image\"><figure class=\"alignleft size-large\"><img decoding=\"async\" src=\"https:\/\/filles-de-la-charite.org\/wp-content\/uploads\/2023\/05\/UN-Figure-2-1.jpg\" alt=\"\" class=\"wp-image-60506\"\/><figcaption><span class=\"has-inline-color has-accent-color\">Fig. 2: Hermanas Catherine Prendergast (izq.) Y Margaret O&#8217;Dwyer (der.) En un evento de la Familia Vicenciana sobre el compromiso de las bases para acabar con la pobreza.<\/span><\/figcaption><\/figure><\/div>\n\n<p>&#8220;Si trabajamos juntos en unidad y solidaridad, estos rayos de esperanza pueden llegar a todo el mundo&#8221;, dijo Guterres.<\/p>\n\n<p>Las personas que se unen para abordar problemas sociales pueden tener un gran impacto. Por eso la Familia Vicenciana colabora este mes en la 59\u00aa Comisi\u00f3n de Desarrollo Social de la ONU. Durante la Comisi\u00f3n abogaremos por una transici\u00f3n socialmente justa desde esta era Covid, en la que se respeten los derechos humanos, se brinde protecci\u00f3n social a quienes m\u00e1s la necesitan, se acabe con la pobreza, todos tengan acceso a Internet y mucho m\u00e1s. La Comisi\u00f3n funcionar\u00e1 del 8 al 17 de febrero.<\/p>\n\n<p>Sabemos que cada Hija de la Caridad en todo el mundo se une a nosotros para defender la justicia social, ya sea trabajando con migrantes y refugiados, en comedores sociales, con personas sin hogar, con mujeres maltratadas, en la educaci\u00f3n de los ni\u00f1os, en la prestaci\u00f3n de atenci\u00f3n m\u00e9dica o en otras formas de Servicio. Porque la justicia social y acabar con las desigualdades es lo que ayuda a eliminar la pobreza. Que seamos todos los rayos de esperanza de los que habla el se\u00f1or Guterres.<\/p>\n","protected":false},"excerpt":{"rendered":"<p>El D\u00eda Mundial de la Justicia Social tendr\u00e1 lugar el s\u00e1bado 20 de febrero. Es muy oportuno celebrar este d\u00eda, ya que el mundo ha sido testigo de enormes sufrimientos y desigualdades durante la pandemia de Covid-19 que requieren una respuesta. El secretario general de la ONU, Antonio Guterres durante su mensaje de A\u00f1o Nuevo [&hellip;]<\/p>\n","protected":false},"author":1,"featured_media":8189,"comment_status":"closed","ping_status":"closed","sticky":false,"template":"","format":"standard","meta":{"_acf_changed":false,"_et_pb_use_builder":"","_et_pb_old_content":"","_et_gb_content_width":"","footnotes":"","_links_to":"","_links_to_target":""},"categories":[634],"tags":[],"class_list":["post-8593","post","type-post","status-publish","format-standard","has-post-thumbnail","hentry","category-onu-it"],"acf":[],"yoast_head":"<!-- This site is optimized with the Yoast SEO plugin v27.5 - https:\/\/yoast.com\/product\/yoast-seo-wordpress\/ -->\n<title>Giornata mondiale della giustizia \u2013 20 febbraio - Filles de la Charit\u00e9<\/title>\n<meta name=\"robots\" content=\"index, follow, max-snippet:-1, max-image-preview:large, max-video-preview:-1\" \/>\n<link rel=\"canonical\" href=\"https:\/\/filles-de-la-charite.org\/it\/giornata-mondiale-della-giustizia-20-febbraio\/\" \/>\n<meta property=\"og:locale\" content=\"it_IT\" \/>\n<meta property=\"og:type\" content=\"article\" \/>\n<meta property=\"og:title\" content=\"Giornata mondiale della giustizia \u2013 20 febbraio - Filles de la Charit\u00e9\" \/>\n<meta property=\"og:description\" content=\"El D\u00eda Mundial de la Justicia Social tendr\u00e1 lugar el s\u00e1bado 20 de febrero. Es muy oportuno celebrar este d\u00eda, ya que el mundo ha sido testigo de enormes sufrimientos y desigualdades durante la pandemia de Covid-19 que requieren una respuesta. El secretario general de la ONU, Antonio Guterres durante su mensaje de A\u00f1o Nuevo [&hellip;]\" \/>\n<meta property=\"og:url\" content=\"https:\/\/filles-de-la-charite.org\/it\/giornata-mondiale-della-giustizia-20-febbraio\/\" \/>\n<meta property=\"og:site_name\" content=\"Filles de la Charit\u00e9\" \/>\n<meta property=\"article:published_time\" content=\"2021-01-31T22:00:00+00:00\" \/>\n<meta property=\"article:modified_time\" content=\"2024-03-17T17:06:18+00:00\" \/>\n<meta property=\"og:image\" content=\"https:\/\/filles-de-la-charite.org\/wp-content\/uploads\/2023\/05\/dmjs-1-1024x576.jpg\" \/>\n\t<meta property=\"og:image:width\" content=\"1024\" \/>\n\t<meta property=\"og:image:height\" content=\"576\" \/>\n\t<meta property=\"og:image:type\" content=\"image\/jpeg\" \/>\n<meta name=\"author\" content=\"admin\" \/>\n<meta name=\"twitter:card\" content=\"summary_large_image\" \/>\n<meta name=\"twitter:label1\" content=\"Scritto da\" \/>\n\t<meta name=\"twitter:data1\" content=\"admin\" \/>\n\t<meta name=\"twitter:label2\" content=\"Tempo di lettura stimato\" \/>\n\t<meta name=\"twitter:data2\" content=\"2 minuti\" \/>\n<script type=\"application\/ld+json\" class=\"yoast-schema-graph\">{\"@context\":\"https:\\\/\\\/schema.org\",\"@graph\":[{\"@type\":\"Article\",\"@id\":\"https:\\\/\\\/filles-de-la-charite.org\\\/it\\\/giornata-mondiale-della-giustizia-20-febbraio\\\/#article\",\"isPartOf\":{\"@id\":\"https:\\\/\\\/filles-de-la-charite.org\\\/it\\\/giornata-mondiale-della-giustizia-20-febbraio\\\/\"},\"author\":{\"name\":\"admin\",\"@id\":\"https:\\\/\\\/filles-de-la-charite.org\\\/it\\\/#\\\/schema\\\/person\\\/427567b2eccfc2dd7d206da186a1f438\"},\"headline\":\"Giornata mondiale della giustizia \u2013 20 febbraio\",\"datePublished\":\"2021-01-31T22:00:00+00:00\",\"dateModified\":\"2024-03-17T17:06:18+00:00\",\"mainEntityOfPage\":{\"@id\":\"https:\\\/\\\/filles-de-la-charite.org\\\/it\\\/giornata-mondiale-della-giustizia-20-febbraio\\\/\"},\"wordCount\":400,\"publisher\":{\"@id\":\"https:\\\/\\\/filles-de-la-charite.org\\\/it\\\/#organization\"},\"image\":{\"@id\":\"https:\\\/\\\/filles-de-la-charite.org\\\/it\\\/giornata-mondiale-della-giustizia-20-febbraio\\\/#primaryimage\"},\"thumbnailUrl\":\"https:\\\/\\\/filles-de-la-charite.org\\\/wp-content\\\/uploads\\\/2023\\\/05\\\/dmjs-1.jpg\",\"articleSection\":[\"ONU\"],\"inLanguage\":\"it-IT\"},{\"@type\":\"WebPage\",\"@id\":\"https:\\\/\\\/filles-de-la-charite.org\\\/it\\\/giornata-mondiale-della-giustizia-20-febbraio\\\/\",\"url\":\"https:\\\/\\\/filles-de-la-charite.org\\\/it\\\/giornata-mondiale-della-giustizia-20-febbraio\\\/\",\"name\":\"Giornata mondiale della giustizia \u2013 20 febbraio - Filles de la Charit\u00e9\",\"isPartOf\":{\"@id\":\"https:\\\/\\\/filles-de-la-charite.org\\\/it\\\/#website\"},\"primaryImageOfPage\":{\"@id\":\"https:\\\/\\\/filles-de-la-charite.org\\\/it\\\/giornata-mondiale-della-giustizia-20-febbraio\\\/#primaryimage\"},\"image\":{\"@id\":\"https:\\\/\\\/filles-de-la-charite.org\\\/it\\\/giornata-mondiale-della-giustizia-20-febbraio\\\/#primaryimage\"},\"thumbnailUrl\":\"https:\\\/\\\/filles-de-la-charite.org\\\/wp-content\\\/uploads\\\/2023\\\/05\\\/dmjs-1.jpg\",\"datePublished\":\"2021-01-31T22:00:00+00:00\",\"dateModified\":\"2024-03-17T17:06:18+00:00\",\"breadcrumb\":{\"@id\":\"https:\\\/\\\/filles-de-la-charite.org\\\/it\\\/giornata-mondiale-della-giustizia-20-febbraio\\\/#breadcrumb\"},\"inLanguage\":\"it-IT\",\"potentialAction\":[{\"@type\":\"ReadAction\",\"target\":[\"https:\\\/\\\/filles-de-la-charite.org\\\/it\\\/giornata-mondiale-della-giustizia-20-febbraio\\\/\"]}]},{\"@type\":\"ImageObject\",\"inLanguage\":\"it-IT\",\"@id\":\"https:\\\/\\\/filles-de-la-charite.org\\\/it\\\/giornata-mondiale-della-giustizia-20-febbraio\\\/#primaryimage\",\"url\":\"https:\\\/\\\/filles-de-la-charite.org\\\/wp-content\\\/uploads\\\/2023\\\/05\\\/dmjs-1.jpg\",\"contentUrl\":\"https:\\\/\\\/filles-de-la-charite.org\\\/wp-content\\\/uploads\\\/2023\\\/05\\\/dmjs-1.jpg\",\"width\":10240,\"height\":5760},{\"@type\":\"BreadcrumbList\",\"@id\":\"https:\\\/\\\/filles-de-la-charite.org\\\/it\\\/giornata-mondiale-della-giustizia-20-febbraio\\\/#breadcrumb\",\"itemListElement\":[{\"@type\":\"ListItem\",\"position\":1,\"name\":\"ONU\",\"item\":\"https:\\\/\\\/filles-de-la-charite.org\\\/it\\\/category\\\/onu-it\\\/\"},{\"@type\":\"ListItem\",\"position\":2,\"name\":\"Giornata mondiale della giustizia \u2013 20 febbraio\"}]},{\"@type\":\"WebSite\",\"@id\":\"https:\\\/\\\/filles-de-la-charite.org\\\/it\\\/#website\",\"url\":\"https:\\\/\\\/filles-de-la-charite.org\\\/it\\\/\",\"name\":\"Hijas de la Caridad\",\"description\":\"L\u2019amour de J\u00e9sus nous presse \u00e0 prendre soin des personnes les plus d\u00e9munies\",\"publisher\":{\"@id\":\"https:\\\/\\\/filles-de-la-charite.org\\\/it\\\/#organization\"},\"potentialAction\":[{\"@type\":\"SearchAction\",\"target\":{\"@type\":\"EntryPoint\",\"urlTemplate\":\"https:\\\/\\\/filles-de-la-charite.org\\\/it\\\/?s={search_term_string}\"},\"query-input\":{\"@type\":\"PropertyValueSpecification\",\"valueRequired\":true,\"valueName\":\"search_term_string\"}}],\"inLanguage\":\"it-IT\"},{\"@type\":\"Organization\",\"@id\":\"https:\\\/\\\/filles-de-la-charite.org\\\/it\\\/#organization\",\"name\":\"Hijas de la Caridad\",\"url\":\"https:\\\/\\\/filles-de-la-charite.org\\\/it\\\/\",\"logo\":{\"@type\":\"ImageObject\",\"inLanguage\":\"it-IT\",\"@id\":\"https:\\\/\\\/filles-de-la-charite.org\\\/it\\\/#\\\/schema\\\/logo\\\/image\\\/\",\"url\":\"https:\\\/\\\/filles-de-la-charite.org\\\/wp-content\\\/uploads\\\/2023\\\/03\\\/isotipo-Hijas-de-la-Caridad.png\",\"contentUrl\":\"https:\\\/\\\/filles-de-la-charite.org\\\/wp-content\\\/uploads\\\/2023\\\/03\\\/isotipo-Hijas-de-la-Caridad.png\",\"width\":1417,\"height\":1417,\"caption\":\"Hijas de la Caridad\"},\"image\":{\"@id\":\"https:\\\/\\\/filles-de-la-charite.org\\\/it\\\/#\\\/schema\\\/logo\\\/image\\\/\"}},{\"@type\":\"Person\",\"@id\":\"https:\\\/\\\/filles-de-la-charite.org\\\/it\\\/#\\\/schema\\\/person\\\/427567b2eccfc2dd7d206da186a1f438\",\"name\":\"admin\",\"image\":{\"@type\":\"ImageObject\",\"inLanguage\":\"it-IT\",\"@id\":\"https:\\\/\\\/secure.gravatar.com\\\/avatar\\\/948b492cce32b586ac2db0eaa926ee87024f7afe218d73b397ea5ddfc5f43ea1?s=96&d=mm&r=g\",\"url\":\"https:\\\/\\\/secure.gravatar.com\\\/avatar\\\/948b492cce32b586ac2db0eaa926ee87024f7afe218d73b397ea5ddfc5f43ea1?s=96&d=mm&r=g\",\"contentUrl\":\"https:\\\/\\\/secure.gravatar.com\\\/avatar\\\/948b492cce32b586ac2db0eaa926ee87024f7afe218d73b397ea5ddfc5f43ea1?s=96&d=mm&r=g\",\"caption\":\"admin\"},\"sameAs\":[\"https:\\\/\\\/filles-de-la-charite.org\"],\"url\":\"https:\\\/\\\/filles-de-la-charite.org\\\/it\\\/author\\\/caridad\\\/\"}]}<\/script>\n<!-- \/ Yoast SEO plugin. -->","yoast_head_json":{"title":"Giornata mondiale della giustizia \u2013 20 febbraio - Filles de la Charit\u00e9","robots":{"index":"index","follow":"follow","max-snippet":"max-snippet:-1","max-image-preview":"max-image-preview:large","max-video-preview":"max-video-preview:-1"},"canonical":"https:\/\/filles-de-la-charite.org\/it\/giornata-mondiale-della-giustizia-20-febbraio\/","og_locale":"it_IT","og_type":"article","og_title":"Giornata mondiale della giustizia \u2013 20 febbraio - Filles de la Charit\u00e9","og_description":"El D\u00eda Mundial de la Justicia Social tendr\u00e1 lugar el s\u00e1bado 20 de febrero. Es muy oportuno celebrar este d\u00eda, ya que el mundo ha sido testigo de enormes sufrimientos y desigualdades durante la pandemia de Covid-19 que requieren una respuesta. El secretario general de la ONU, Antonio Guterres durante su mensaje de A\u00f1o Nuevo [&hellip;]","og_url":"https:\/\/filles-de-la-charite.org\/it\/giornata-mondiale-della-giustizia-20-febbraio\/","og_site_name":"Filles de la Charit\u00e9","article_published_time":"2021-01-31T22:00:00+00:00","article_modified_time":"2024-03-17T17:06:18+00:00","og_image":[{"width":1024,"height":576,"url":"https:\/\/filles-de-la-charite.org\/wp-content\/uploads\/2023\/05\/dmjs-1-1024x576.jpg","type":"image\/jpeg"}],"author":"admin","twitter_card":"summary_large_image","twitter_misc":{"Scritto da":"admin","Tempo di lettura stimato":"2 minuti"},"schema":{"@context":"https:\/\/schema.org","@graph":[{"@type":"Article","@id":"https:\/\/filles-de-la-charite.org\/it\/giornata-mondiale-della-giustizia-20-febbraio\/#article","isPartOf":{"@id":"https:\/\/filles-de-la-charite.org\/it\/giornata-mondiale-della-giustizia-20-febbraio\/"},"author":{"name":"admin","@id":"https:\/\/filles-de-la-charite.org\/it\/#\/schema\/person\/427567b2eccfc2dd7d206da186a1f438"},"headline":"Giornata mondiale della giustizia \u2013 20 febbraio","datePublished":"2021-01-31T22:00:00+00:00","dateModified":"2024-03-17T17:06:18+00:00","mainEntityOfPage":{"@id":"https:\/\/filles-de-la-charite.org\/it\/giornata-mondiale-della-giustizia-20-febbraio\/"},"wordCount":400,"publisher":{"@id":"https:\/\/filles-de-la-charite.org\/it\/#organization"},"image":{"@id":"https:\/\/filles-de-la-charite.org\/it\/giornata-mondiale-della-giustizia-20-febbraio\/#primaryimage"},"thumbnailUrl":"https:\/\/filles-de-la-charite.org\/wp-content\/uploads\/2023\/05\/dmjs-1.jpg","articleSection":["ONU"],"inLanguage":"it-IT"},{"@type":"WebPage","@id":"https:\/\/filles-de-la-charite.org\/it\/giornata-mondiale-della-giustizia-20-febbraio\/","url":"https:\/\/filles-de-la-charite.org\/it\/giornata-mondiale-della-giustizia-20-febbraio\/","name":"Giornata mondiale della giustizia \u2013 20 febbraio - Filles de la Charit\u00e9","isPartOf":{"@id":"https:\/\/filles-de-la-charite.org\/it\/#website"},"primaryImageOfPage":{"@id":"https:\/\/filles-de-la-charite.org\/it\/giornata-mondiale-della-giustizia-20-febbraio\/#primaryimage"},"image":{"@id":"https:\/\/filles-de-la-charite.org\/it\/giornata-mondiale-della-giustizia-20-febbraio\/#primaryimage"},"thumbnailUrl":"https:\/\/filles-de-la-charite.org\/wp-content\/uploads\/2023\/05\/dmjs-1.jpg","datePublished":"2021-01-31T22:00:00+00:00","dateModified":"2024-03-17T17:06:18+00:00","breadcrumb":{"@id":"https:\/\/filles-de-la-charite.org\/it\/giornata-mondiale-della-giustizia-20-febbraio\/#breadcrumb"},"inLanguage":"it-IT","potentialAction":[{"@type":"ReadAction","target":["https:\/\/filles-de-la-charite.org\/it\/giornata-mondiale-della-giustizia-20-febbraio\/"]}]},{"@type":"ImageObject","inLanguage":"it-IT","@id":"https:\/\/filles-de-la-charite.org\/it\/giornata-mondiale-della-giustizia-20-febbraio\/#primaryimage","url":"https:\/\/filles-de-la-charite.org\/wp-content\/uploads\/2023\/05\/dmjs-1.jpg","contentUrl":"https:\/\/filles-de-la-charite.org\/wp-content\/uploads\/2023\/05\/dmjs-1.jpg","width":10240,"height":5760},{"@type":"BreadcrumbList","@id":"https:\/\/filles-de-la-charite.org\/it\/giornata-mondiale-della-giustizia-20-febbraio\/#breadcrumb","itemListElement":[{"@type":"ListItem","position":1,"name":"ONU","item":"https:\/\/filles-de-la-charite.org\/it\/category\/onu-it\/"},{"@type":"ListItem","position":2,"name":"Giornata mondiale della giustizia \u2013 20 febbraio"}]},{"@type":"WebSite","@id":"https:\/\/filles-de-la-charite.org\/it\/#website","url":"https:\/\/filles-de-la-charite.org\/it\/","name":"Hijas de la Caridad","description":"L\u2019amour de J\u00e9sus nous presse \u00e0 prendre soin des personnes les plus d\u00e9munies","publisher":{"@id":"https:\/\/filles-de-la-charite.org\/it\/#organization"},"potentialAction":[{"@type":"SearchAction","target":{"@type":"EntryPoint","urlTemplate":"https:\/\/filles-de-la-charite.org\/it\/?s={search_term_string}"},"query-input":{"@type":"PropertyValueSpecification","valueRequired":true,"valueName":"search_term_string"}}],"inLanguage":"it-IT"},{"@type":"Organization","@id":"https:\/\/filles-de-la-charite.org\/it\/#organization","name":"Hijas de la Caridad","url":"https:\/\/filles-de-la-charite.org\/it\/","logo":{"@type":"ImageObject","inLanguage":"it-IT","@id":"https:\/\/filles-de-la-charite.org\/it\/#\/schema\/logo\/image\/","url":"https:\/\/filles-de-la-charite.org\/wp-content\/uploads\/2023\/03\/isotipo-Hijas-de-la-Caridad.png","contentUrl":"https:\/\/filles-de-la-charite.org\/wp-content\/uploads\/2023\/03\/isotipo-Hijas-de-la-Caridad.png","width":1417,"height":1417,"caption":"Hijas de la Caridad"},"image":{"@id":"https:\/\/filles-de-la-charite.org\/it\/#\/schema\/logo\/image\/"}},{"@type":"Person","@id":"https:\/\/filles-de-la-charite.org\/it\/#\/schema\/person\/427567b2eccfc2dd7d206da186a1f438","name":"admin","image":{"@type":"ImageObject","inLanguage":"it-IT","@id":"https:\/\/secure.gravatar.com\/avatar\/948b492cce32b586ac2db0eaa926ee87024f7afe218d73b397ea5ddfc5f43ea1?s=96&d=mm&r=g","url":"https:\/\/secure.gravatar.com\/avatar\/948b492cce32b586ac2db0eaa926ee87024f7afe218d73b397ea5ddfc5f43ea1?s=96&d=mm&r=g","contentUrl":"https:\/\/secure.gravatar.com\/avatar\/948b492cce32b586ac2db0eaa926ee87024f7afe218d73b397ea5ddfc5f43ea1?s=96&d=mm&r=g","caption":"admin"},"sameAs":["https:\/\/filles-de-la-charite.org"],"url":"https:\/\/filles-de-la-charite.org\/it\/author\/caridad\/"}]}},"_links":{"self":[{"href":"https:\/\/filles-de-la-charite.org\/it\/wp-json\/wp\/v2\/posts\/8593","targetHints":{"allow":["GET"]}}],"collection":[{"href":"https:\/\/filles-de-la-charite.org\/it\/wp-json\/wp\/v2\/posts"}],"about":[{"href":"https:\/\/filles-de-la-charite.org\/it\/wp-json\/wp\/v2\/types\/post"}],"author":[{"embeddable":true,"href":"https:\/\/filles-de-la-charite.org\/it\/wp-json\/wp\/v2\/users\/1"}],"replies":[{"embeddable":true,"href":"https:\/\/filles-de-la-charite.org\/it\/wp-json\/wp\/v2\/comments?post=8593"}],"version-history":[{"count":2,"href":"https:\/\/filles-de-la-charite.org\/it\/wp-json\/wp\/v2\/posts\/8593\/revisions"}],"predecessor-version":[{"id":34519,"href":"https:\/\/filles-de-la-charite.org\/it\/wp-json\/wp\/v2\/posts\/8593\/revisions\/34519"}],"wp:featuredmedia":[{"embeddable":true,"href":"https:\/\/filles-de-la-charite.org\/it\/wp-json\/wp\/v2\/media\/8189"}],"wp:attachment":[{"href":"https:\/\/filles-de-la-charite.org\/it\/wp-json\/wp\/v2\/media?parent=8593"}],"wp:term":[{"taxonomy":"category","embeddable":true,"href":"https:\/\/filles-de-la-charite.org\/it\/wp-json\/wp\/v2\/categories?post=8593"},{"taxonomy":"post_tag","embeddable":true,"href":"https:\/\/filles-de-la-charite.org\/it\/wp-json\/wp\/v2\/tags?post=8593"}],"curies":[{"name":"wp","href":"https:\/\/api.w.org\/{rel}","templated":true}]}}