{"id":8595,"date":"2021-02-28T23:00:00","date_gmt":"2021-02-28T22:00:00","guid":{"rendered":"https:\/\/hijascaridad.sjdigitaldemo.ovh\/61246\/"},"modified":"2024-03-17T18:03:40","modified_gmt":"2024-03-17T17:03:40","slug":"61246","status":"publish","type":"post","link":"https:\/\/filles-de-la-charite.org\/it\/61246\/","title":{"rendered":"Mettere fine alla violenza contro le donne."},"content":{"rendered":"\n<p><\/p>\n\n\n\n<h4 class=\"wp-block-heading\">La Commissione delle Nazioni Unite focalizza la sua attenzione sulla partecipazione e sul processo decisionale delle donne nella vita pubblica.<\/h4>\n\n\n\n<p><\/p>\n\n\n\n<p>L&#8217;ONU a New York \u00e8 solitamente molto animata nel mese di marzo con migliaia di partecipanti alla Commissione annuale sulla Condizione delle Donne (CSW). Quest&#8217;anno, la 65a Commissione si terr\u00e0 virtualmente, dal 15 al 26 marzo.<\/p>\n\n\n\n<p>Il tema della Commissione di quest&#8217;anno \u00e8:<\/p>\n\n\n\n<p>&#8220;<strong>La piena ed effettiva partecipazione delle donne al processo decisionale nella vita pubblica, cos\u00ec come l&#8217;eliminazione della violenza, per raggiungere l&#8217;uguaglianza di genere e il rafforzamento del potere di tutte le donne e delle giovani&#8221;.<\/strong> Questo soggetto coincide con il tema della Giornata Internazionale della Donna, l&#8217;8 marzo, che \u00e8<strong> &#8220;Le donne nella leadership: raggiungere un futuro equo in un mondo in pandemia da COVID-19&#8221;.<\/strong><\/p>\n\n\n\n<figure class=\"wp-block-image alignwide size-large\"><img decoding=\"async\" src=\"https:\/\/filles-de-la-charite.org\/wp-content\/uploads\/2023\/05\/fig-1-1.png\" alt=\"\" class=\"wp-image-61189\" \/><figcaption><span class=\"has-inline-color has-accent-color\">Figura 1: Immagine donne dell&#8217;ONU <\/span><\/figcaption><\/figure>\n\n\n\n<p><\/p>\n\n\n\n<p>Molti paesi guidati da donne hanno dato risposte forti alla pandemia da COVID-19. Ad esempio, i leader di Danimarca, Etiopia, Finlandia, Germania, Islanda, Nuova Zelanda e Slovacchia sono stati riconosciuti per la velocit\u00e0, la risolutezza e l&#8217;efficacia delle loro risposte nazionali al COVID-19. Tuttavia, all&#8217;8 novembre 2020, le donne sono state capi di stato e di governo solo in 20 paesi nel mondo.<\/p>\n\n\n\n<p><strong>LA PARTECIPAZIONE DELLE FIGLIE DELLA CARITA\u2019<\/strong><\/p>\n\n\n\n<p>Le Figlie della Carit\u00e0 si concentreranno sulla tematica della Commissione relativa alla eliminazione della violenza contro le donne. Esse co &#8211; sponsorizzeranno un evento intitolato <strong>&#8220;Senzatetto nascosti: trasformare il dolore in potere.&#8221;<\/strong>, con altre ONG della Famiglia Vincenziana e UNANIMA International. La data e l&#8217;ora sono da stabilire.<\/p>\n\n\n\n<p>Inoltre co-sponsorizzeranno, insieme all&#8217;International Presentation Association e altri, un panel di relatori sul tema <strong>&#8220;Trasformare gli stereotipi di genere:<\/strong> <strong>rendere confortevole la conversazione scomoda&#8221;.<\/strong>&nbsp; L&#8217;evento \u00e8 provvisoriamente programmato per il 16 marzo, ma la data e l&#8217;ora dipendono dall&#8217;approvazione della Commissione.<\/p>\n\n\n\n<div class=\"wp-block-image\"><figure class=\"alignright size-large\"><img decoding=\"async\" src=\"https:\/\/filles-de-la-charite.org\/wp-content\/uploads\/2023\/05\/fig-2-1.png\" alt=\"\" class=\"wp-image-61188\" \/><figcaption><span class=\"has-inline-color has-accent-color\">Figura 2: Immagine ONU<\/span><\/figcaption><\/figure><\/div>\n\n\n\n<p>Le statistiche relative alla violenza contro le donne sono inquietanti e molte fonti indicano che tale violenza \u00e8 aumentata durante la pandemia COVID-19 a causa dello problema finanziario, dell&#8217;isolamento e dei blocchi. Le chiamate alle linee di assistenza sono aumentate di cinque volte in alcuni paesi, secondo UN Women.&nbsp; I dati non pandemici riflettono che a livello globale, il 35% delle donne ha subito violenza fisica e\/o sessuale da parte del partner, o violenza sessuale da parte di un non partner.&nbsp; Quasi la met\u00e0 (49%) di tutte le vittime del traffico di esseri umani sono donne adulte. Una donna su 10 nell&#8217;Unione europea riferisce di aver subito molestie informatiche dall&#8217;et\u00e0 di 15 anni.&nbsp; In Medio Oriente e Nord Africa, il 40-60 per cento delle donne ha subito molestie sessuali per strada. Almeno 200 milioni di donne e giovani, tra i 15 e i 49 anni, hanno subito mutilazioni genitali in 31 paesi dove la pratica \u00e8 diffusa. (UN Women).<\/p>\n","protected":false},"excerpt":{"rendered":"<p>La Commissione delle Nazioni Unite focalizza la sua attenzione sulla partecipazione e sul processo decisionale delle donne nella vita pubblica. L&#8217;ONU a New York \u00e8 solitamente molto animata nel mese di marzo con migliaia di partecipanti alla Commissione annuale sulla Condizione delle Donne (CSW). Quest&#8217;anno, la 65a Commissione si terr\u00e0 virtualmente, dal 15 al 26 [&hellip;]<\/p>\n","protected":false},"author":1,"featured_media":8202,"comment_status":"closed","ping_status":"closed","sticky":false,"template":"","format":"standard","meta":{"_acf_changed":false,"_et_pb_use_builder":"","_et_pb_old_content":"","_et_gb_content_width":"","footnotes":"","_links_to":"","_links_to_target":""},"categories":[634],"tags":[],"class_list":["post-8595","post","type-post","status-publish","format-standard","has-post-thumbnail","hentry","category-onu-it"],"acf":[],"yoast_head":"<!-- This site is optimized with the Yoast SEO plugin v27.5 - https:\/\/yoast.com\/product\/yoast-seo-wordpress\/ -->\n<title>Mettere fine alla violenza contro le donne. - Filles de la Charit\u00e9<\/title>\n<meta name=\"robots\" content=\"index, follow, max-snippet:-1, max-image-preview:large, max-video-preview:-1\" \/>\n<link rel=\"canonical\" href=\"https:\/\/filles-de-la-charite.org\/it\/61246\/\" \/>\n<meta property=\"og:locale\" content=\"it_IT\" \/>\n<meta property=\"og:type\" content=\"article\" \/>\n<meta property=\"og:title\" content=\"Mettere fine alla violenza contro le donne. - Filles de la Charit\u00e9\" \/>\n<meta property=\"og:description\" content=\"La Commissione delle Nazioni Unite focalizza la sua attenzione sulla partecipazione e sul processo decisionale delle donne nella vita pubblica. L&#8217;ONU a New York \u00e8 solitamente molto animata nel mese di marzo con migliaia di partecipanti alla Commissione annuale sulla Condizione delle Donne (CSW). Quest&#8217;anno, la 65a Commissione si terr\u00e0 virtualmente, dal 15 al 26 [&hellip;]\" \/>\n<meta property=\"og:url\" content=\"https:\/\/filles-de-la-charite.org\/it\/61246\/\" \/>\n<meta property=\"og:site_name\" content=\"Filles de la Charit\u00e9\" \/>\n<meta property=\"article:published_time\" content=\"2021-02-28T22:00:00+00:00\" \/>\n<meta property=\"article:modified_time\" content=\"2024-03-17T17:03:40+00:00\" \/>\n<meta property=\"og:image\" content=\"https:\/\/filles-de-la-charite.org\/wp-content\/uploads\/2023\/05\/fig-2-1.png\" \/>\n\t<meta property=\"og:image:width\" content=\"644\" \/>\n\t<meta property=\"og:image:height\" content=\"338\" \/>\n\t<meta property=\"og:image:type\" content=\"image\/png\" \/>\n<meta name=\"author\" content=\"admin\" \/>\n<meta name=\"twitter:card\" content=\"summary_large_image\" \/>\n<meta name=\"twitter:label1\" content=\"Scritto da\" \/>\n\t<meta name=\"twitter:data1\" content=\"admin\" \/>\n\t<meta name=\"twitter:label2\" content=\"Tempo di lettura stimato\" \/>\n\t<meta name=\"twitter:data2\" content=\"3 minuti\" \/>\n<script type=\"application\/ld+json\" class=\"yoast-schema-graph\">{\"@context\":\"https:\\\/\\\/schema.org\",\"@graph\":[{\"@type\":\"Article\",\"@id\":\"https:\\\/\\\/filles-de-la-charite.org\\\/it\\\/61246\\\/#article\",\"isPartOf\":{\"@id\":\"https:\\\/\\\/filles-de-la-charite.org\\\/it\\\/61246\\\/\"},\"author\":{\"name\":\"admin\",\"@id\":\"https:\\\/\\\/filles-de-la-charite.org\\\/it\\\/#\\\/schema\\\/person\\\/427567b2eccfc2dd7d206da186a1f438\"},\"headline\":\"Mettere fine alla violenza contro le donne.\",\"datePublished\":\"2021-02-28T22:00:00+00:00\",\"dateModified\":\"2024-03-17T17:03:40+00:00\",\"mainEntityOfPage\":{\"@id\":\"https:\\\/\\\/filles-de-la-charite.org\\\/it\\\/61246\\\/\"},\"wordCount\":460,\"publisher\":{\"@id\":\"https:\\\/\\\/filles-de-la-charite.org\\\/it\\\/#organization\"},\"image\":{\"@id\":\"https:\\\/\\\/filles-de-la-charite.org\\\/it\\\/61246\\\/#primaryimage\"},\"thumbnailUrl\":\"https:\\\/\\\/filles-de-la-charite.org\\\/wp-content\\\/uploads\\\/2023\\\/05\\\/fig-2-1.png\",\"articleSection\":[\"ONU\"],\"inLanguage\":\"it-IT\"},{\"@type\":\"WebPage\",\"@id\":\"https:\\\/\\\/filles-de-la-charite.org\\\/it\\\/61246\\\/\",\"url\":\"https:\\\/\\\/filles-de-la-charite.org\\\/it\\\/61246\\\/\",\"name\":\"Mettere fine alla violenza contro le donne. - Filles de la Charit\u00e9\",\"isPartOf\":{\"@id\":\"https:\\\/\\\/filles-de-la-charite.org\\\/it\\\/#website\"},\"primaryImageOfPage\":{\"@id\":\"https:\\\/\\\/filles-de-la-charite.org\\\/it\\\/61246\\\/#primaryimage\"},\"image\":{\"@id\":\"https:\\\/\\\/filles-de-la-charite.org\\\/it\\\/61246\\\/#primaryimage\"},\"thumbnailUrl\":\"https:\\\/\\\/filles-de-la-charite.org\\\/wp-content\\\/uploads\\\/2023\\\/05\\\/fig-2-1.png\",\"datePublished\":\"2021-02-28T22:00:00+00:00\",\"dateModified\":\"2024-03-17T17:03:40+00:00\",\"breadcrumb\":{\"@id\":\"https:\\\/\\\/filles-de-la-charite.org\\\/it\\\/61246\\\/#breadcrumb\"},\"inLanguage\":\"it-IT\",\"potentialAction\":[{\"@type\":\"ReadAction\",\"target\":[\"https:\\\/\\\/filles-de-la-charite.org\\\/it\\\/61246\\\/\"]}]},{\"@type\":\"ImageObject\",\"inLanguage\":\"it-IT\",\"@id\":\"https:\\\/\\\/filles-de-la-charite.org\\\/it\\\/61246\\\/#primaryimage\",\"url\":\"https:\\\/\\\/filles-de-la-charite.org\\\/wp-content\\\/uploads\\\/2023\\\/05\\\/fig-2-1.png\",\"contentUrl\":\"https:\\\/\\\/filles-de-la-charite.org\\\/wp-content\\\/uploads\\\/2023\\\/05\\\/fig-2-1.png\",\"width\":644,\"height\":338},{\"@type\":\"BreadcrumbList\",\"@id\":\"https:\\\/\\\/filles-de-la-charite.org\\\/it\\\/61246\\\/#breadcrumb\",\"itemListElement\":[{\"@type\":\"ListItem\",\"position\":1,\"name\":\"ONU\",\"item\":\"https:\\\/\\\/filles-de-la-charite.org\\\/it\\\/category\\\/onu-it\\\/\"},{\"@type\":\"ListItem\",\"position\":2,\"name\":\"Mettere fine alla violenza contro le donne.\"}]},{\"@type\":\"WebSite\",\"@id\":\"https:\\\/\\\/filles-de-la-charite.org\\\/it\\\/#website\",\"url\":\"https:\\\/\\\/filles-de-la-charite.org\\\/it\\\/\",\"name\":\"Hijas de la Caridad\",\"description\":\"L\u2019amour de J\u00e9sus nous presse \u00e0 prendre soin des personnes les plus d\u00e9munies\",\"publisher\":{\"@id\":\"https:\\\/\\\/filles-de-la-charite.org\\\/it\\\/#organization\"},\"potentialAction\":[{\"@type\":\"SearchAction\",\"target\":{\"@type\":\"EntryPoint\",\"urlTemplate\":\"https:\\\/\\\/filles-de-la-charite.org\\\/it\\\/?s={search_term_string}\"},\"query-input\":{\"@type\":\"PropertyValueSpecification\",\"valueRequired\":true,\"valueName\":\"search_term_string\"}}],\"inLanguage\":\"it-IT\"},{\"@type\":\"Organization\",\"@id\":\"https:\\\/\\\/filles-de-la-charite.org\\\/it\\\/#organization\",\"name\":\"Hijas de la Caridad\",\"url\":\"https:\\\/\\\/filles-de-la-charite.org\\\/it\\\/\",\"logo\":{\"@type\":\"ImageObject\",\"inLanguage\":\"it-IT\",\"@id\":\"https:\\\/\\\/filles-de-la-charite.org\\\/it\\\/#\\\/schema\\\/logo\\\/image\\\/\",\"url\":\"https:\\\/\\\/filles-de-la-charite.org\\\/wp-content\\\/uploads\\\/2023\\\/03\\\/isotipo-Hijas-de-la-Caridad.png\",\"contentUrl\":\"https:\\\/\\\/filles-de-la-charite.org\\\/wp-content\\\/uploads\\\/2023\\\/03\\\/isotipo-Hijas-de-la-Caridad.png\",\"width\":1417,\"height\":1417,\"caption\":\"Hijas de la Caridad\"},\"image\":{\"@id\":\"https:\\\/\\\/filles-de-la-charite.org\\\/it\\\/#\\\/schema\\\/logo\\\/image\\\/\"}},{\"@type\":\"Person\",\"@id\":\"https:\\\/\\\/filles-de-la-charite.org\\\/it\\\/#\\\/schema\\\/person\\\/427567b2eccfc2dd7d206da186a1f438\",\"name\":\"admin\",\"image\":{\"@type\":\"ImageObject\",\"inLanguage\":\"it-IT\",\"@id\":\"https:\\\/\\\/secure.gravatar.com\\\/avatar\\\/948b492cce32b586ac2db0eaa926ee87024f7afe218d73b397ea5ddfc5f43ea1?s=96&d=mm&r=g\",\"url\":\"https:\\\/\\\/secure.gravatar.com\\\/avatar\\\/948b492cce32b586ac2db0eaa926ee87024f7afe218d73b397ea5ddfc5f43ea1?s=96&d=mm&r=g\",\"contentUrl\":\"https:\\\/\\\/secure.gravatar.com\\\/avatar\\\/948b492cce32b586ac2db0eaa926ee87024f7afe218d73b397ea5ddfc5f43ea1?s=96&d=mm&r=g\",\"caption\":\"admin\"},\"sameAs\":[\"https:\\\/\\\/filles-de-la-charite.org\"],\"url\":\"https:\\\/\\\/filles-de-la-charite.org\\\/it\\\/author\\\/caridad\\\/\"}]}<\/script>\n<!-- \/ Yoast SEO plugin. -->","yoast_head_json":{"title":"Mettere fine alla violenza contro le donne. - Filles de la Charit\u00e9","robots":{"index":"index","follow":"follow","max-snippet":"max-snippet:-1","max-image-preview":"max-image-preview:large","max-video-preview":"max-video-preview:-1"},"canonical":"https:\/\/filles-de-la-charite.org\/it\/61246\/","og_locale":"it_IT","og_type":"article","og_title":"Mettere fine alla violenza contro le donne. - Filles de la Charit\u00e9","og_description":"La Commissione delle Nazioni Unite focalizza la sua attenzione sulla partecipazione e sul processo decisionale delle donne nella vita pubblica. L&#8217;ONU a New York \u00e8 solitamente molto animata nel mese di marzo con migliaia di partecipanti alla Commissione annuale sulla Condizione delle Donne (CSW). Quest&#8217;anno, la 65a Commissione si terr\u00e0 virtualmente, dal 15 al 26 [&hellip;]","og_url":"https:\/\/filles-de-la-charite.org\/it\/61246\/","og_site_name":"Filles de la Charit\u00e9","article_published_time":"2021-02-28T22:00:00+00:00","article_modified_time":"2024-03-17T17:03:40+00:00","og_image":[{"width":644,"height":338,"url":"https:\/\/filles-de-la-charite.org\/wp-content\/uploads\/2023\/05\/fig-2-1.png","type":"image\/png"}],"author":"admin","twitter_card":"summary_large_image","twitter_misc":{"Scritto da":"admin","Tempo di lettura stimato":"3 minuti"},"schema":{"@context":"https:\/\/schema.org","@graph":[{"@type":"Article","@id":"https:\/\/filles-de-la-charite.org\/it\/61246\/#article","isPartOf":{"@id":"https:\/\/filles-de-la-charite.org\/it\/61246\/"},"author":{"name":"admin","@id":"https:\/\/filles-de-la-charite.org\/it\/#\/schema\/person\/427567b2eccfc2dd7d206da186a1f438"},"headline":"Mettere fine alla violenza contro le donne.","datePublished":"2021-02-28T22:00:00+00:00","dateModified":"2024-03-17T17:03:40+00:00","mainEntityOfPage":{"@id":"https:\/\/filles-de-la-charite.org\/it\/61246\/"},"wordCount":460,"publisher":{"@id":"https:\/\/filles-de-la-charite.org\/it\/#organization"},"image":{"@id":"https:\/\/filles-de-la-charite.org\/it\/61246\/#primaryimage"},"thumbnailUrl":"https:\/\/filles-de-la-charite.org\/wp-content\/uploads\/2023\/05\/fig-2-1.png","articleSection":["ONU"],"inLanguage":"it-IT"},{"@type":"WebPage","@id":"https:\/\/filles-de-la-charite.org\/it\/61246\/","url":"https:\/\/filles-de-la-charite.org\/it\/61246\/","name":"Mettere fine alla violenza contro le donne. - Filles de la Charit\u00e9","isPartOf":{"@id":"https:\/\/filles-de-la-charite.org\/it\/#website"},"primaryImageOfPage":{"@id":"https:\/\/filles-de-la-charite.org\/it\/61246\/#primaryimage"},"image":{"@id":"https:\/\/filles-de-la-charite.org\/it\/61246\/#primaryimage"},"thumbnailUrl":"https:\/\/filles-de-la-charite.org\/wp-content\/uploads\/2023\/05\/fig-2-1.png","datePublished":"2021-02-28T22:00:00+00:00","dateModified":"2024-03-17T17:03:40+00:00","breadcrumb":{"@id":"https:\/\/filles-de-la-charite.org\/it\/61246\/#breadcrumb"},"inLanguage":"it-IT","potentialAction":[{"@type":"ReadAction","target":["https:\/\/filles-de-la-charite.org\/it\/61246\/"]}]},{"@type":"ImageObject","inLanguage":"it-IT","@id":"https:\/\/filles-de-la-charite.org\/it\/61246\/#primaryimage","url":"https:\/\/filles-de-la-charite.org\/wp-content\/uploads\/2023\/05\/fig-2-1.png","contentUrl":"https:\/\/filles-de-la-charite.org\/wp-content\/uploads\/2023\/05\/fig-2-1.png","width":644,"height":338},{"@type":"BreadcrumbList","@id":"https:\/\/filles-de-la-charite.org\/it\/61246\/#breadcrumb","itemListElement":[{"@type":"ListItem","position":1,"name":"ONU","item":"https:\/\/filles-de-la-charite.org\/it\/category\/onu-it\/"},{"@type":"ListItem","position":2,"name":"Mettere fine alla violenza contro le donne."}]},{"@type":"WebSite","@id":"https:\/\/filles-de-la-charite.org\/it\/#website","url":"https:\/\/filles-de-la-charite.org\/it\/","name":"Hijas de la Caridad","description":"L\u2019amour de J\u00e9sus nous presse \u00e0 prendre soin des personnes les plus d\u00e9munies","publisher":{"@id":"https:\/\/filles-de-la-charite.org\/it\/#organization"},"potentialAction":[{"@type":"SearchAction","target":{"@type":"EntryPoint","urlTemplate":"https:\/\/filles-de-la-charite.org\/it\/?s={search_term_string}"},"query-input":{"@type":"PropertyValueSpecification","valueRequired":true,"valueName":"search_term_string"}}],"inLanguage":"it-IT"},{"@type":"Organization","@id":"https:\/\/filles-de-la-charite.org\/it\/#organization","name":"Hijas de la Caridad","url":"https:\/\/filles-de-la-charite.org\/it\/","logo":{"@type":"ImageObject","inLanguage":"it-IT","@id":"https:\/\/filles-de-la-charite.org\/it\/#\/schema\/logo\/image\/","url":"https:\/\/filles-de-la-charite.org\/wp-content\/uploads\/2023\/03\/isotipo-Hijas-de-la-Caridad.png","contentUrl":"https:\/\/filles-de-la-charite.org\/wp-content\/uploads\/2023\/03\/isotipo-Hijas-de-la-Caridad.png","width":1417,"height":1417,"caption":"Hijas de la Caridad"},"image":{"@id":"https:\/\/filles-de-la-charite.org\/it\/#\/schema\/logo\/image\/"}},{"@type":"Person","@id":"https:\/\/filles-de-la-charite.org\/it\/#\/schema\/person\/427567b2eccfc2dd7d206da186a1f438","name":"admin","image":{"@type":"ImageObject","inLanguage":"it-IT","@id":"https:\/\/secure.gravatar.com\/avatar\/948b492cce32b586ac2db0eaa926ee87024f7afe218d73b397ea5ddfc5f43ea1?s=96&d=mm&r=g","url":"https:\/\/secure.gravatar.com\/avatar\/948b492cce32b586ac2db0eaa926ee87024f7afe218d73b397ea5ddfc5f43ea1?s=96&d=mm&r=g","contentUrl":"https:\/\/secure.gravatar.com\/avatar\/948b492cce32b586ac2db0eaa926ee87024f7afe218d73b397ea5ddfc5f43ea1?s=96&d=mm&r=g","caption":"admin"},"sameAs":["https:\/\/filles-de-la-charite.org"],"url":"https:\/\/filles-de-la-charite.org\/it\/author\/caridad\/"}]}},"_links":{"self":[{"href":"https:\/\/filles-de-la-charite.org\/it\/wp-json\/wp\/v2\/posts\/8595","targetHints":{"allow":["GET"]}}],"collection":[{"href":"https:\/\/filles-de-la-charite.org\/it\/wp-json\/wp\/v2\/posts"}],"about":[{"href":"https:\/\/filles-de-la-charite.org\/it\/wp-json\/wp\/v2\/types\/post"}],"author":[{"embeddable":true,"href":"https:\/\/filles-de-la-charite.org\/it\/wp-json\/wp\/v2\/users\/1"}],"replies":[{"embeddable":true,"href":"https:\/\/filles-de-la-charite.org\/it\/wp-json\/wp\/v2\/comments?post=8595"}],"version-history":[{"count":1,"href":"https:\/\/filles-de-la-charite.org\/it\/wp-json\/wp\/v2\/posts\/8595\/revisions"}],"predecessor-version":[{"id":8596,"href":"https:\/\/filles-de-la-charite.org\/it\/wp-json\/wp\/v2\/posts\/8595\/revisions\/8596"}],"wp:featuredmedia":[{"embeddable":true,"href":"https:\/\/filles-de-la-charite.org\/it\/wp-json\/wp\/v2\/media\/8202"}],"wp:attachment":[{"href":"https:\/\/filles-de-la-charite.org\/it\/wp-json\/wp\/v2\/media?parent=8595"}],"wp:term":[{"taxonomy":"category","embeddable":true,"href":"https:\/\/filles-de-la-charite.org\/it\/wp-json\/wp\/v2\/categories?post=8595"},{"taxonomy":"post_tag","embeddable":true,"href":"https:\/\/filles-de-la-charite.org\/it\/wp-json\/wp\/v2\/tags?post=8595"}],"curies":[{"name":"wp","href":"https:\/\/api.w.org\/{rel}","templated":true}]}}