{"id":8597,"date":"2021-03-31T22:00:00","date_gmt":"2021-03-31T20:00:00","guid":{"rendered":"https:\/\/hijascaridad.sjdigitaldemo.ovh\/61830\/"},"modified":"2024-03-17T18:02:31","modified_gmt":"2024-03-17T17:02:31","slug":"61830","status":"publish","type":"post","link":"https:\/\/filles-de-la-charite.org\/it\/61830\/","title":{"rendered":"Il Forum permanente delle Nazioni Unite sulle questioni indigene"},"content":{"rendered":"\n<div class=\"wp-block-image\"><figure class=\"alignleft size-large\"><img decoding=\"async\" src=\"https:\/\/filles-de-la-charite.org\/wp-content\/uploads\/2023\/05\/02-1.png\" alt=\"\" class=\"wp-image-61810\"\/><\/figure><\/div>\n\n\n\n<p>La ventesima sessione del Forum per le Popolazioni Indigene si terr\u00e0 dal 19 al 30 aprile 2021 sul tema: <strong>&#8220;Pace, giustizia e istituzioni forti: il ruolo delle popolazioni indigene nell&#8217;attuazione dell&#8217;Obiettivo n\u00b016 sullo Sviluppo Sostenibile&#8221;, <\/strong>alla luce dell&#8217;evoluzione della situazione dovuta al COVID-19. L&#8217;obiettivo 16 costituisce la base per il raggiungimento di molti dei diritti sanciti dalla Dichiarazione delle Nazioni Unite sui diritti delle popolazioni indigene, come l&#8217;accesso a una giustizia non discriminatoria e inclusiva, il riconoscimento delle istituzioni indigene, il principio del consenso libero, preventivo e informato, e il diritto alla terra, ai territori e alle risorse.<\/p>\n\n\n\n<p>Il Forum \u00e8 stato istituito nel luglio 2000 per trattare le questioni indigene relative allo sviluppo economico e sociale, alla cultura, all&#8217;ambiente, all&#8217;istruzione e ai diritti umani. Il forum sensibilizza e promuove l&#8217;integrazione e il coordinamento delle attivit\u00e0 relative alle questioni indigene all&#8217;interno del sistema delle Nazioni Unite; inoltre promuove il rispetto e la piena applicazione delle disposizioni della Dichiarazione delle Nazioni Unite sui diritti delle popolazioni indigene.<\/p>\n\n\n\n<p>La Compagnia delle Figlie di San Vincenzo de Paoli \u00e8 attivamente impegnata nel Forum delle Popolazioni Indigene all&#8217;ONU ogni anno, specialmente con il REPAM e altri gruppi della regione amazzonica.<\/p>\n\n\n\n<figure class=\"wp-block-gallery aligncenter columns-2 is-cropped wp-block-gallery-1 is-layout-flex wp-block-gallery-is-layout-flex\"><ul class=\"blocks-gallery-grid\"><li class=\"blocks-gallery-item\"><figure><img decoding=\"async\" src=\"https:\/\/filles-de-la-charite.org\/wp-content\/uploads\/2023\/05\/01-1024x657-2.jpg\" alt=\"\" data-id=\"61809\" data-full-url=\"https:\/\/www.filles-de-la-charite.org\/wp-content\/uploads\/UN\/04. APRIL\/01.jpg\" data-link=\"https:\/\/www.filles-de-la-charite.org\/01\/\" class=\"wp-image-61809\"\/><\/figure><\/li><li class=\"blocks-gallery-item\"><figure><img decoding=\"async\" src=\"https:\/\/filles-de-la-charite.org\/wp-content\/uploads\/2023\/05\/03-1024x768-2.jpg\" alt=\"\" data-id=\"61807\" data-full-url=\"https:\/\/www.filles-de-la-charite.org\/wp-content\/uploads\/UN\/04. APRIL\/03-scaled.jpg\" data-link=\"https:\/\/www.filles-de-la-charite.org\/03\/\" class=\"wp-image-61807\"\/><\/figure><\/li><\/ul><\/figure>\n\n\n\n<p>La pandemia COVID-19, una crisi sanitaria, economica e sociale senza precedenti, ha avuto un impatto negativo sull&#8217;attuazione dell&#8217;Agenda 2030, soprattutto per i popoli indigeni. Molti governi non sono riusciti a fornire assistenza sanitaria e sostegno adeguati durante la pandemia, il che ha costretto i popoli indigeni a fare affidamento sulle loro piante medicinali ancestrali e tradizionali. Il modo in cui questa crisi e le sue conseguenze socio-economiche in corso saranno affrontate servir\u00e0 da cartina tornasole con l&#8217;intento di non lasciare indietro nessuno.<\/p>\n\n\n\n<div class=\"wp-block-image\"><figure class=\"alignright size-large\"><img decoding=\"async\" src=\"https:\/\/filles-de-la-charite.org\/wp-content\/uploads\/2023\/05\/04-768x1024-2.jpg\" alt=\"\" class=\"wp-image-61818\"\/><\/figure><\/div>\n\n\n\n<p>La pandemia ha anche accresciuto l&#8217;attenzione della comunit\u00e0 internazionale sulle pratiche di conoscenza tradizionale dei popoli indigeni relative ai sistemi alimentari indigeni, alla biodiversit\u00e0 e al cambiamento climatico. Anche se tale cambiamento colpisce tutti gli ecosistemi della terra, i popoli indigeni sono colpiti in modo sproporzionato dal cambiamento climatico. Incendi boschivi, inquinamento del mare, desertificazione, acidificazione degli oceani e sbiancamento dei coralli stanno privando le comunit\u00e0 indigene delle loro risorse. Come custodi dell&#8217;80% della biodiversit\u00e0 del mondo, i popoli indigeni possono contribuire agli sforzi globali per ridurre le emissioni di gas da effetto serra e promuovere la cattura del carbonio basata sugli ecosistemi.<\/p>\n\n\n\n<p>Possono anche assistere allo sviluppo di iniziative di mitigazione e adattamento. Per trarre vantaggio dalle loro conoscenze, tutte le parti interessate dovrebbero incoraggiare la partecipazione delle popolazioni indigene allo sviluppo di politiche e iniziative a tutti i livelli.<\/p>\n\n\n\n<p>\u00c8 incoraggiante vedere alcune delle misure prese o pianificate dalle organizzazioni delle Nazioni Unite per implementare le raccomandazioni del Forum permanente. L&#8217;Organizzazione per l&#8217;Alimentazione e l&#8217;Agricoltura fornisce servizi di segreteria al Gruppo degli Amici dei Popoli Indigeni e guida la Campagna Globale per l&#8217;Empowerment delle Donne Indigene per Fame Zero. L&#8217;Ufficio dell&#8217;Alto Commissario delle Nazioni Unite per i diritti umani ha intensificato i suoi sforzi per facilitare il dialogo tra i popoli indigeni e le autorit\u00e0 statali, alla luce della &#8220;persistente mancanza di partecipazione dei popoli indigeni nel processo decisionale e della crescente violenza contro i difensori dei diritti umani indigeni in tutto il mondo&#8221;.<\/p>\n","protected":false},"excerpt":{"rendered":"<p>La ventesima sessione del Forum per le Popolazioni Indigene si terr\u00e0 dal 19 al 30 aprile 2021 sul tema: &#8220;Pace, giustizia e istituzioni forti: il ruolo delle popolazioni indigene nell&#8217;attuazione dell&#8217;Obiettivo n\u00b016 sullo Sviluppo Sostenibile&#8221;, alla luce dell&#8217;evoluzione della situazione dovuta al COVID-19. L&#8217;obiettivo 16 costituisce la base per il raggiungimento di molti dei diritti [&hellip;]<\/p>\n","protected":false},"author":1,"featured_media":8235,"comment_status":"closed","ping_status":"closed","sticky":false,"template":"","format":"standard","meta":{"_acf_changed":false,"_et_pb_use_builder":"","_et_pb_old_content":"","_et_gb_content_width":"","footnotes":"","_links_to":"","_links_to_target":""},"categories":[634],"tags":[],"class_list":["post-8597","post","type-post","status-publish","format-standard","has-post-thumbnail","hentry","category-onu-it"],"acf":[],"yoast_head":"<!-- This site is optimized with the Yoast SEO plugin v27.5 - https:\/\/yoast.com\/product\/yoast-seo-wordpress\/ -->\n<title>Il Forum permanente delle Nazioni Unite sulle questioni indigene - Filles de la Charit\u00e9<\/title>\n<meta name=\"robots\" content=\"index, follow, max-snippet:-1, max-image-preview:large, max-video-preview:-1\" \/>\n<link rel=\"canonical\" href=\"https:\/\/filles-de-la-charite.org\/it\/61830\/\" \/>\n<meta property=\"og:locale\" content=\"it_IT\" \/>\n<meta property=\"og:type\" content=\"article\" \/>\n<meta property=\"og:title\" content=\"Il Forum permanente delle Nazioni Unite sulle questioni indigene - Filles de la Charit\u00e9\" \/>\n<meta property=\"og:description\" content=\"La ventesima sessione del Forum per le Popolazioni Indigene si terr\u00e0 dal 19 al 30 aprile 2021 sul tema: &#8220;Pace, giustizia e istituzioni forti: il ruolo delle popolazioni indigene nell&#8217;attuazione dell&#8217;Obiettivo n\u00b016 sullo Sviluppo Sostenibile&#8221;, alla luce dell&#8217;evoluzione della situazione dovuta al COVID-19. L&#8217;obiettivo 16 costituisce la base per il raggiungimento di molti dei diritti [&hellip;]\" \/>\n<meta property=\"og:url\" content=\"https:\/\/filles-de-la-charite.org\/it\/61830\/\" \/>\n<meta property=\"og:site_name\" content=\"Filles de la Charit\u00e9\" \/>\n<meta property=\"article:published_time\" content=\"2021-03-31T20:00:00+00:00\" \/>\n<meta property=\"article:modified_time\" content=\"2024-03-17T17:02:31+00:00\" \/>\n<meta property=\"og:image\" content=\"https:\/\/filles-de-la-charite.org\/wp-content\/uploads\/2023\/05\/indigenous-3436787-scaled-2.jpg\" \/>\n\t<meta property=\"og:image:width\" content=\"2560\" \/>\n\t<meta property=\"og:image:height\" content=\"1696\" \/>\n\t<meta property=\"og:image:type\" content=\"image\/jpeg\" \/>\n<meta name=\"author\" content=\"admin\" \/>\n<meta name=\"twitter:card\" content=\"summary_large_image\" \/>\n<meta name=\"twitter:label1\" content=\"Scritto da\" \/>\n\t<meta name=\"twitter:data1\" content=\"admin\" \/>\n\t<meta name=\"twitter:label2\" content=\"Tempo di lettura stimato\" \/>\n\t<meta name=\"twitter:data2\" content=\"4 minuti\" \/>\n<script type=\"application\/ld+json\" class=\"yoast-schema-graph\">{\"@context\":\"https:\\\/\\\/schema.org\",\"@graph\":[{\"@type\":\"Article\",\"@id\":\"https:\\\/\\\/filles-de-la-charite.org\\\/it\\\/61830\\\/#article\",\"isPartOf\":{\"@id\":\"https:\\\/\\\/filles-de-la-charite.org\\\/it\\\/61830\\\/\"},\"author\":{\"name\":\"admin\",\"@id\":\"https:\\\/\\\/filles-de-la-charite.org\\\/it\\\/#\\\/schema\\\/person\\\/427567b2eccfc2dd7d206da186a1f438\"},\"headline\":\"Il Forum permanente delle Nazioni Unite sulle questioni indigene\",\"datePublished\":\"2021-03-31T20:00:00+00:00\",\"dateModified\":\"2024-03-17T17:02:31+00:00\",\"mainEntityOfPage\":{\"@id\":\"https:\\\/\\\/filles-de-la-charite.org\\\/it\\\/61830\\\/\"},\"wordCount\":544,\"publisher\":{\"@id\":\"https:\\\/\\\/filles-de-la-charite.org\\\/it\\\/#organization\"},\"image\":{\"@id\":\"https:\\\/\\\/filles-de-la-charite.org\\\/it\\\/61830\\\/#primaryimage\"},\"thumbnailUrl\":\"https:\\\/\\\/filles-de-la-charite.org\\\/wp-content\\\/uploads\\\/2023\\\/05\\\/indigenous-3436787-scaled-2.jpg\",\"articleSection\":[\"ONU\"],\"inLanguage\":\"it-IT\"},{\"@type\":\"WebPage\",\"@id\":\"https:\\\/\\\/filles-de-la-charite.org\\\/it\\\/61830\\\/\",\"url\":\"https:\\\/\\\/filles-de-la-charite.org\\\/it\\\/61830\\\/\",\"name\":\"Il Forum permanente delle Nazioni Unite sulle questioni indigene - Filles de la Charit\u00e9\",\"isPartOf\":{\"@id\":\"https:\\\/\\\/filles-de-la-charite.org\\\/it\\\/#website\"},\"primaryImageOfPage\":{\"@id\":\"https:\\\/\\\/filles-de-la-charite.org\\\/it\\\/61830\\\/#primaryimage\"},\"image\":{\"@id\":\"https:\\\/\\\/filles-de-la-charite.org\\\/it\\\/61830\\\/#primaryimage\"},\"thumbnailUrl\":\"https:\\\/\\\/filles-de-la-charite.org\\\/wp-content\\\/uploads\\\/2023\\\/05\\\/indigenous-3436787-scaled-2.jpg\",\"datePublished\":\"2021-03-31T20:00:00+00:00\",\"dateModified\":\"2024-03-17T17:02:31+00:00\",\"breadcrumb\":{\"@id\":\"https:\\\/\\\/filles-de-la-charite.org\\\/it\\\/61830\\\/#breadcrumb\"},\"inLanguage\":\"it-IT\",\"potentialAction\":[{\"@type\":\"ReadAction\",\"target\":[\"https:\\\/\\\/filles-de-la-charite.org\\\/it\\\/61830\\\/\"]}]},{\"@type\":\"ImageObject\",\"inLanguage\":\"it-IT\",\"@id\":\"https:\\\/\\\/filles-de-la-charite.org\\\/it\\\/61830\\\/#primaryimage\",\"url\":\"https:\\\/\\\/filles-de-la-charite.org\\\/wp-content\\\/uploads\\\/2023\\\/05\\\/indigenous-3436787-scaled-2.jpg\",\"contentUrl\":\"https:\\\/\\\/filles-de-la-charite.org\\\/wp-content\\\/uploads\\\/2023\\\/05\\\/indigenous-3436787-scaled-2.jpg\",\"width\":2560,\"height\":1696},{\"@type\":\"BreadcrumbList\",\"@id\":\"https:\\\/\\\/filles-de-la-charite.org\\\/it\\\/61830\\\/#breadcrumb\",\"itemListElement\":[{\"@type\":\"ListItem\",\"position\":1,\"name\":\"ONU\",\"item\":\"https:\\\/\\\/filles-de-la-charite.org\\\/it\\\/category\\\/onu-it\\\/\"},{\"@type\":\"ListItem\",\"position\":2,\"name\":\"Il Forum permanente delle Nazioni Unite sulle questioni indigene\"}]},{\"@type\":\"WebSite\",\"@id\":\"https:\\\/\\\/filles-de-la-charite.org\\\/it\\\/#website\",\"url\":\"https:\\\/\\\/filles-de-la-charite.org\\\/it\\\/\",\"name\":\"Hijas de la Caridad\",\"description\":\"L\u2019amour de J\u00e9sus nous presse \u00e0 prendre soin des personnes les plus d\u00e9munies\",\"publisher\":{\"@id\":\"https:\\\/\\\/filles-de-la-charite.org\\\/it\\\/#organization\"},\"potentialAction\":[{\"@type\":\"SearchAction\",\"target\":{\"@type\":\"EntryPoint\",\"urlTemplate\":\"https:\\\/\\\/filles-de-la-charite.org\\\/it\\\/?s={search_term_string}\"},\"query-input\":{\"@type\":\"PropertyValueSpecification\",\"valueRequired\":true,\"valueName\":\"search_term_string\"}}],\"inLanguage\":\"it-IT\"},{\"@type\":\"Organization\",\"@id\":\"https:\\\/\\\/filles-de-la-charite.org\\\/it\\\/#organization\",\"name\":\"Hijas de la Caridad\",\"url\":\"https:\\\/\\\/filles-de-la-charite.org\\\/it\\\/\",\"logo\":{\"@type\":\"ImageObject\",\"inLanguage\":\"it-IT\",\"@id\":\"https:\\\/\\\/filles-de-la-charite.org\\\/it\\\/#\\\/schema\\\/logo\\\/image\\\/\",\"url\":\"https:\\\/\\\/filles-de-la-charite.org\\\/wp-content\\\/uploads\\\/2023\\\/03\\\/isotipo-Hijas-de-la-Caridad.png\",\"contentUrl\":\"https:\\\/\\\/filles-de-la-charite.org\\\/wp-content\\\/uploads\\\/2023\\\/03\\\/isotipo-Hijas-de-la-Caridad.png\",\"width\":1417,\"height\":1417,\"caption\":\"Hijas de la Caridad\"},\"image\":{\"@id\":\"https:\\\/\\\/filles-de-la-charite.org\\\/it\\\/#\\\/schema\\\/logo\\\/image\\\/\"}},{\"@type\":\"Person\",\"@id\":\"https:\\\/\\\/filles-de-la-charite.org\\\/it\\\/#\\\/schema\\\/person\\\/427567b2eccfc2dd7d206da186a1f438\",\"name\":\"admin\",\"image\":{\"@type\":\"ImageObject\",\"inLanguage\":\"it-IT\",\"@id\":\"https:\\\/\\\/secure.gravatar.com\\\/avatar\\\/948b492cce32b586ac2db0eaa926ee87024f7afe218d73b397ea5ddfc5f43ea1?s=96&d=mm&r=g\",\"url\":\"https:\\\/\\\/secure.gravatar.com\\\/avatar\\\/948b492cce32b586ac2db0eaa926ee87024f7afe218d73b397ea5ddfc5f43ea1?s=96&d=mm&r=g\",\"contentUrl\":\"https:\\\/\\\/secure.gravatar.com\\\/avatar\\\/948b492cce32b586ac2db0eaa926ee87024f7afe218d73b397ea5ddfc5f43ea1?s=96&d=mm&r=g\",\"caption\":\"admin\"},\"sameAs\":[\"https:\\\/\\\/filles-de-la-charite.org\"],\"url\":\"https:\\\/\\\/filles-de-la-charite.org\\\/it\\\/author\\\/caridad\\\/\"}]}<\/script>\n<!-- \/ Yoast SEO plugin. -->","yoast_head_json":{"title":"Il Forum permanente delle Nazioni Unite sulle questioni indigene - Filles de la Charit\u00e9","robots":{"index":"index","follow":"follow","max-snippet":"max-snippet:-1","max-image-preview":"max-image-preview:large","max-video-preview":"max-video-preview:-1"},"canonical":"https:\/\/filles-de-la-charite.org\/it\/61830\/","og_locale":"it_IT","og_type":"article","og_title":"Il Forum permanente delle Nazioni Unite sulle questioni indigene - Filles de la Charit\u00e9","og_description":"La ventesima sessione del Forum per le Popolazioni Indigene si terr\u00e0 dal 19 al 30 aprile 2021 sul tema: &#8220;Pace, giustizia e istituzioni forti: il ruolo delle popolazioni indigene nell&#8217;attuazione dell&#8217;Obiettivo n\u00b016 sullo Sviluppo Sostenibile&#8221;, alla luce dell&#8217;evoluzione della situazione dovuta al COVID-19. L&#8217;obiettivo 16 costituisce la base per il raggiungimento di molti dei diritti [&hellip;]","og_url":"https:\/\/filles-de-la-charite.org\/it\/61830\/","og_site_name":"Filles de la Charit\u00e9","article_published_time":"2021-03-31T20:00:00+00:00","article_modified_time":"2024-03-17T17:02:31+00:00","og_image":[{"width":2560,"height":1696,"url":"https:\/\/filles-de-la-charite.org\/wp-content\/uploads\/2023\/05\/indigenous-3436787-scaled-2.jpg","type":"image\/jpeg"}],"author":"admin","twitter_card":"summary_large_image","twitter_misc":{"Scritto da":"admin","Tempo di lettura stimato":"4 minuti"},"schema":{"@context":"https:\/\/schema.org","@graph":[{"@type":"Article","@id":"https:\/\/filles-de-la-charite.org\/it\/61830\/#article","isPartOf":{"@id":"https:\/\/filles-de-la-charite.org\/it\/61830\/"},"author":{"name":"admin","@id":"https:\/\/filles-de-la-charite.org\/it\/#\/schema\/person\/427567b2eccfc2dd7d206da186a1f438"},"headline":"Il Forum permanente delle Nazioni Unite sulle questioni indigene","datePublished":"2021-03-31T20:00:00+00:00","dateModified":"2024-03-17T17:02:31+00:00","mainEntityOfPage":{"@id":"https:\/\/filles-de-la-charite.org\/it\/61830\/"},"wordCount":544,"publisher":{"@id":"https:\/\/filles-de-la-charite.org\/it\/#organization"},"image":{"@id":"https:\/\/filles-de-la-charite.org\/it\/61830\/#primaryimage"},"thumbnailUrl":"https:\/\/filles-de-la-charite.org\/wp-content\/uploads\/2023\/05\/indigenous-3436787-scaled-2.jpg","articleSection":["ONU"],"inLanguage":"it-IT"},{"@type":"WebPage","@id":"https:\/\/filles-de-la-charite.org\/it\/61830\/","url":"https:\/\/filles-de-la-charite.org\/it\/61830\/","name":"Il Forum permanente delle Nazioni Unite sulle questioni indigene - Filles de la Charit\u00e9","isPartOf":{"@id":"https:\/\/filles-de-la-charite.org\/it\/#website"},"primaryImageOfPage":{"@id":"https:\/\/filles-de-la-charite.org\/it\/61830\/#primaryimage"},"image":{"@id":"https:\/\/filles-de-la-charite.org\/it\/61830\/#primaryimage"},"thumbnailUrl":"https:\/\/filles-de-la-charite.org\/wp-content\/uploads\/2023\/05\/indigenous-3436787-scaled-2.jpg","datePublished":"2021-03-31T20:00:00+00:00","dateModified":"2024-03-17T17:02:31+00:00","breadcrumb":{"@id":"https:\/\/filles-de-la-charite.org\/it\/61830\/#breadcrumb"},"inLanguage":"it-IT","potentialAction":[{"@type":"ReadAction","target":["https:\/\/filles-de-la-charite.org\/it\/61830\/"]}]},{"@type":"ImageObject","inLanguage":"it-IT","@id":"https:\/\/filles-de-la-charite.org\/it\/61830\/#primaryimage","url":"https:\/\/filles-de-la-charite.org\/wp-content\/uploads\/2023\/05\/indigenous-3436787-scaled-2.jpg","contentUrl":"https:\/\/filles-de-la-charite.org\/wp-content\/uploads\/2023\/05\/indigenous-3436787-scaled-2.jpg","width":2560,"height":1696},{"@type":"BreadcrumbList","@id":"https:\/\/filles-de-la-charite.org\/it\/61830\/#breadcrumb","itemListElement":[{"@type":"ListItem","position":1,"name":"ONU","item":"https:\/\/filles-de-la-charite.org\/it\/category\/onu-it\/"},{"@type":"ListItem","position":2,"name":"Il Forum permanente delle Nazioni Unite sulle questioni indigene"}]},{"@type":"WebSite","@id":"https:\/\/filles-de-la-charite.org\/it\/#website","url":"https:\/\/filles-de-la-charite.org\/it\/","name":"Hijas de la Caridad","description":"L\u2019amour de J\u00e9sus nous presse \u00e0 prendre soin des personnes les plus d\u00e9munies","publisher":{"@id":"https:\/\/filles-de-la-charite.org\/it\/#organization"},"potentialAction":[{"@type":"SearchAction","target":{"@type":"EntryPoint","urlTemplate":"https:\/\/filles-de-la-charite.org\/it\/?s={search_term_string}"},"query-input":{"@type":"PropertyValueSpecification","valueRequired":true,"valueName":"search_term_string"}}],"inLanguage":"it-IT"},{"@type":"Organization","@id":"https:\/\/filles-de-la-charite.org\/it\/#organization","name":"Hijas de la Caridad","url":"https:\/\/filles-de-la-charite.org\/it\/","logo":{"@type":"ImageObject","inLanguage":"it-IT","@id":"https:\/\/filles-de-la-charite.org\/it\/#\/schema\/logo\/image\/","url":"https:\/\/filles-de-la-charite.org\/wp-content\/uploads\/2023\/03\/isotipo-Hijas-de-la-Caridad.png","contentUrl":"https:\/\/filles-de-la-charite.org\/wp-content\/uploads\/2023\/03\/isotipo-Hijas-de-la-Caridad.png","width":1417,"height":1417,"caption":"Hijas de la Caridad"},"image":{"@id":"https:\/\/filles-de-la-charite.org\/it\/#\/schema\/logo\/image\/"}},{"@type":"Person","@id":"https:\/\/filles-de-la-charite.org\/it\/#\/schema\/person\/427567b2eccfc2dd7d206da186a1f438","name":"admin","image":{"@type":"ImageObject","inLanguage":"it-IT","@id":"https:\/\/secure.gravatar.com\/avatar\/948b492cce32b586ac2db0eaa926ee87024f7afe218d73b397ea5ddfc5f43ea1?s=96&d=mm&r=g","url":"https:\/\/secure.gravatar.com\/avatar\/948b492cce32b586ac2db0eaa926ee87024f7afe218d73b397ea5ddfc5f43ea1?s=96&d=mm&r=g","contentUrl":"https:\/\/secure.gravatar.com\/avatar\/948b492cce32b586ac2db0eaa926ee87024f7afe218d73b397ea5ddfc5f43ea1?s=96&d=mm&r=g","caption":"admin"},"sameAs":["https:\/\/filles-de-la-charite.org"],"url":"https:\/\/filles-de-la-charite.org\/it\/author\/caridad\/"}]}},"_links":{"self":[{"href":"https:\/\/filles-de-la-charite.org\/it\/wp-json\/wp\/v2\/posts\/8597","targetHints":{"allow":["GET"]}}],"collection":[{"href":"https:\/\/filles-de-la-charite.org\/it\/wp-json\/wp\/v2\/posts"}],"about":[{"href":"https:\/\/filles-de-la-charite.org\/it\/wp-json\/wp\/v2\/types\/post"}],"author":[{"embeddable":true,"href":"https:\/\/filles-de-la-charite.org\/it\/wp-json\/wp\/v2\/users\/1"}],"replies":[{"embeddable":true,"href":"https:\/\/filles-de-la-charite.org\/it\/wp-json\/wp\/v2\/comments?post=8597"}],"version-history":[{"count":1,"href":"https:\/\/filles-de-la-charite.org\/it\/wp-json\/wp\/v2\/posts\/8597\/revisions"}],"predecessor-version":[{"id":8598,"href":"https:\/\/filles-de-la-charite.org\/it\/wp-json\/wp\/v2\/posts\/8597\/revisions\/8598"}],"wp:featuredmedia":[{"embeddable":true,"href":"https:\/\/filles-de-la-charite.org\/it\/wp-json\/wp\/v2\/media\/8235"}],"wp:attachment":[{"href":"https:\/\/filles-de-la-charite.org\/it\/wp-json\/wp\/v2\/media?parent=8597"}],"wp:term":[{"taxonomy":"category","embeddable":true,"href":"https:\/\/filles-de-la-charite.org\/it\/wp-json\/wp\/v2\/categories?post=8597"},{"taxonomy":"post_tag","embeddable":true,"href":"https:\/\/filles-de-la-charite.org\/it\/wp-json\/wp\/v2\/tags?post=8597"}],"curies":[{"name":"wp","href":"https:\/\/api.w.org\/{rel}","templated":true}]}}