{"id":8600,"date":"2021-05-31T22:00:00","date_gmt":"2021-05-31T20:00:00","guid":{"rendered":"https:\/\/hijascaridad.sjdigitaldemo.ovh\/non-possiamo-tacere-luniversalita-della-chiamata\/"},"modified":"2024-03-17T18:00:15","modified_gmt":"2024-03-17T17:00:15","slug":"non-possiamo-tacere-luniversalita-della-chiamata","status":"publish","type":"post","link":"https:\/\/filles-de-la-charite.org\/it\/non-possiamo-tacere-luniversalita-della-chiamata\/","title":{"rendered":"Non possiamo tacere. L&#8217;universalit\u00e0 della chiamata."},"content":{"rendered":"\n<h2 class=\"has-text-align-center wp-block-heading\"><strong>(Parte 1)<\/strong><\/h2>\n\n\n\n<p><\/p>\n\n\n\n<div class=\"wp-block-image\"><figure class=\"alignleft size-large\"><img decoding=\"async\" src=\"https:\/\/filles-de-la-charite.org\/wp-content\/uploads\/2023\/05\/We-Cannot-be-Silent-A5-Booklet-333-1.jpg\" alt=\"\" class=\"wp-image-62841\"\/><\/figure><\/div>\n\n\n\n<p>Sono passati pi\u00f9 di cinque anni da quando i capi di stato mondiali si sono recati alle Nazioni Unite, nella citt\u00e0 di New York, perch\u00e9 potesse avverarsi un nuovo sogno per tutti, firmando gli Obiettivi di Sviluppo Sostenibile. I 17 Obiettivi di Sviluppo Sostenibile hanno confermato che eravamo\/siamo in un grande momento di trasformazione.<\/p>\n\n\n\n<p>Al cuore degli obiettivi c\u2019\u00e8 il riconoscimento del fatto che il mondo, dinnanzi alle difficolt\u00e0 emergenti, ha bisogno di trovare percorsi che incoraggino la cooperazione, piuttosto che la divisione. La sfida offerta dalla nuova serie di obiettivi era pi\u00f9 di una nuova serie di dati e informazioni. I dati ci sono, e sono chiari: facciamo parte della rete della vita e partecipare a ci\u00f2 che sta accadendo, ovunque nel mondo, significa che il dolore umano, ovunque si verifichi, e l&#8217;angoscia del pianeta devono riguardarci.<\/p>\n\n\n\n<p>Molti gruppi di tutte le religioni, comprese le Congregazioni Religiose, hanno investito risorse per avere un rappresentante alle Nazioni Unite e quindi ci si chiede: <strong><span class=\"has-inline-color has-accent-color\">come hanno influito su di noi, cinque anni dopo, gli Obiettivi di Sviluppo Sostenibile e la loro attuazione mentre ci occupiamo delle problematiche della nostra vita?<\/span><\/strong><\/p>\n\n\n\n<p>Come, per esempio, le Congregazioni Religiose hanno integrato\/interpretato gli Obiettivi di Sviluppo Sostenibile nel modo di scrivere e vivere le dichiarazioni riguardanti la Missione o il Capitolo e, in definitiva, gli stili di vita? <strong><span class=\"has-inline-color has-accent-color\">In che modo le chiese, le sinagoghe e le moschee hanno utilizzato gli Obiettivi come strumenti per aiutare gli altri a vivere una vita che tenga conto del bene comune?<\/span><\/strong><\/p>\n\n\n\n<p>Mentre molti governi hanno fatto di tutto per sminuire il ruolo della fede e della religione nelle questioni pubbliche, l&#8217;ONU ha sviluppato una relazione molto costruttiva con i leader religiosi. Gli ex segretari generali Kofi Annan e Ban Ki-moon sono sempre stati molto aperti alla presenza delle religiose e dei religiosi alle Nazioni Unite e spesso hanno parlato pubblicamente sottolineando il ruolo importante dei gruppi religiosi.<\/p>\n\n\n\n<div class=\"wp-block-image\"><figure class=\"alignright size-large\"><img decoding=\"async\" src=\"https:\/\/filles-de-la-charite.org\/wp-content\/uploads\/2023\/05\/2021-06-25-photo-UN-2-1.jpg\" alt=\"\" class=\"wp-image-62843\"\/><\/figure><\/div>\n\n\n\n<p>Appena una settimana prima che i leader mondiali arrivassero a New York per lanciare gli Obiettivi di Sviluppo Sostenibile, Papa Francesco ha pubblicato l&#8217;enciclica Laudato Si&#8217; sulla connessione tra dignit\u00e0, sviluppo ed ecologia umana.&nbsp; In questo documento, ha invitato tutti ad entrare in dialogo per la nostra casa comune e per le crisi ambientali che affrontiamo. Ci ha chiesto di riesaminare le relazioni tra di noi, con il pianeta e con l&#8217;economia.<\/p>\n\n\n\n<p>Lo spostamento dell\u2019attenzione dagli Obiettivi di Sviluppo del Millennio agli Obiettivi di Sviluppo Sostenibile ha dato impulso a degli sforzi senza precedenti per affrontare le sfide dello sviluppo globale in modo pi\u00f9 olistico. Come hanno detto gli ambasciatori ONU David Donoghue (Irlanda) e Macharia Kamau (Kenya), che hanno co-facilitato gli incontri:<\/p>\n\n\n\n<p><em>&#8220;La societ\u00e0 civile e i principali gruppi sono stati con noi. Siamo preoccupati, tuttavia, per il livello di consapevolezza sugli Obiettivi di Sviluppo Sostenibile e la societ\u00e0 civile ha un ruolo da svolgere nella sensibilizzazion<\/em>e.&#8221; (Note fornite dall&#8217;ambasciatore Donoghue, (Irlanda), 23 gennaio 2015, ONU New York).<\/p>\n\n\n\n<p><em>La dignit\u00e0<\/em> \u00e8 al centro dei nuovi obiettivi globali.&nbsp; Sono universali e ugualmente applicabili a tutti i paesi; e possono essere usati per promuovere uno sviluppo pi\u00f9 equo, per affrontare le cause sistemiche alla radice della povert\u00e0 e dello sviluppo insostenibile.<\/p>\n\n\n\n<p>Questa stessa dignit\u00e0 e rispetto per la differenza \u00e8 al centro dell&#8217;incontro della Visitazione quando Maria ed Elisabetta si salutano e si incontrano. Le due donne sognano nuovi sogni per s\u00e9 stesse, per il mondo e per l&#8217;universo. La presenza stessa dell&#8217;adolescente Maria incinta e non sposata a casa di Elisabetta in questo momento importante della sua vita, parla del primato e della dignit\u00e0 della persona umana. Non c&#8217;\u00e8 nessun giudizio severo.<\/p>\n\n\n\n<figure class=\"wp-block-image alignfull size-large\"><img decoding=\"async\" src=\"https:\/\/filles-de-la-charite.org\/wp-content\/uploads\/2023\/05\/We-Cannot-be-Silent-A5-Booklet-3-1.jpg\" alt=\"\" class=\"wp-image-62844\"\/><\/figure>\n\n\n\n<p>Tuttavia, quando leggiamo il Magnificat o il poema che troviamo sulle labbra di Maria, siamo invitati a guardarla con occhi nuovi. Lei non \u00e8 la donna mite e sottomessa come spesso viene rappresentata. Un&#8217;attenta riflessione sulle parole del Magnificat, e non sulla poesia delle parole, indica i cinque verbi importanti in esso contenuti. Ci viene detto che: Dio <em>rispetta<\/em> i poveri; <em>esalta<\/em> i poveri; <em>nutre<\/em> i poveri<em>; aiuta <\/em>i poveri; si <em>ricorda<\/em> dei poveri. E allora ci chiediamo: chi \u00e8 questa giovane donna che proclama un messaggio cos\u00ec rivoluzionario? Dio ha scelto una giovane serva di un paese povero per trasmettere un messaggio rivoluzionario. Maria ha cantato il suo canto rivoluzionario a sua cugina Elisabetta.&nbsp; Il suo messaggio \u00e8 un preludio al vangelo e una chiamata a capovolgere i sistemi ingiusti rispettando i poveri, nutrendo i poveri, esaltando i poveri, sia nei nostri cuori che con le nostre azioni. Non basta essere compassionevoli.<\/p>\n\n\n\n<h4 class=\"has-text-align-center wp-block-heading\"><strong><span class=\"has-inline-color has-accent-color\"><strong>Dobbiamo AGIRE.<\/strong><\/span><\/strong><\/h4>\n\n\n\n<p><\/p>\n\n\n\n<p><\/p>\n","protected":false},"excerpt":{"rendered":"<p>(Parte 1) Sono passati pi\u00f9 di cinque anni da quando i capi di stato mondiali si sono recati alle Nazioni Unite, nella citt\u00e0 di New York, perch\u00e9 potesse avverarsi un nuovo sogno per tutti, firmando gli Obiettivi di Sviluppo Sostenibile. I 17 Obiettivi di Sviluppo Sostenibile hanno confermato che eravamo\/siamo in un grande momento di [&hellip;]<\/p>\n","protected":false},"author":1,"featured_media":8268,"comment_status":"closed","ping_status":"closed","sticky":false,"template":"","format":"standard","meta":{"_acf_changed":false,"_et_pb_use_builder":"","_et_pb_old_content":"","_et_gb_content_width":"","footnotes":"","_links_to":"","_links_to_target":""},"categories":[634],"tags":[],"class_list":["post-8600","post","type-post","status-publish","format-standard","has-post-thumbnail","hentry","category-onu-it"],"acf":[],"yoast_head":"<!-- This site is optimized with the Yoast SEO plugin v27.5 - https:\/\/yoast.com\/product\/yoast-seo-wordpress\/ -->\n<title>Non possiamo tacere. L&#039;universalit\u00e0 della chiamata. - Filles de la Charit\u00e9<\/title>\n<meta name=\"robots\" content=\"index, follow, max-snippet:-1, max-image-preview:large, max-video-preview:-1\" \/>\n<link rel=\"canonical\" href=\"https:\/\/filles-de-la-charite.org\/it\/non-possiamo-tacere-luniversalita-della-chiamata\/\" \/>\n<meta property=\"og:locale\" content=\"it_IT\" \/>\n<meta property=\"og:type\" content=\"article\" \/>\n<meta property=\"og:title\" content=\"Non possiamo tacere. L&#039;universalit\u00e0 della chiamata. - Filles de la Charit\u00e9\" \/>\n<meta property=\"og:description\" content=\"(Parte 1) Sono passati pi\u00f9 di cinque anni da quando i capi di stato mondiali si sono recati alle Nazioni Unite, nella citt\u00e0 di New York, perch\u00e9 potesse avverarsi un nuovo sogno per tutti, firmando gli Obiettivi di Sviluppo Sostenibile. I 17 Obiettivi di Sviluppo Sostenibile hanno confermato che eravamo\/siamo in un grande momento di [&hellip;]\" \/>\n<meta property=\"og:url\" content=\"https:\/\/filles-de-la-charite.org\/it\/non-possiamo-tacere-luniversalita-della-chiamata\/\" \/>\n<meta property=\"og:site_name\" content=\"Filles de la Charit\u00e9\" \/>\n<meta property=\"article:published_time\" content=\"2021-05-31T20:00:00+00:00\" \/>\n<meta property=\"article:modified_time\" content=\"2024-03-17T17:00:15+00:00\" \/>\n<meta property=\"og:image\" content=\"https:\/\/filles-de-la-charite.org\/wp-content\/uploads\/2023\/05\/ES-scaled-3.jpg\" \/>\n\t<meta property=\"og:image:width\" content=\"2560\" \/>\n\t<meta property=\"og:image:height\" content=\"1440\" \/>\n\t<meta property=\"og:image:type\" content=\"image\/jpeg\" \/>\n<meta name=\"author\" content=\"admin\" \/>\n<meta name=\"twitter:card\" content=\"summary_large_image\" \/>\n<meta name=\"twitter:label1\" content=\"Scritto da\" \/>\n\t<meta name=\"twitter:data1\" content=\"admin\" \/>\n\t<meta name=\"twitter:label2\" content=\"Tempo di lettura stimato\" \/>\n\t<meta name=\"twitter:data2\" content=\"4 minuti\" \/>\n<script type=\"application\/ld+json\" class=\"yoast-schema-graph\">{\"@context\":\"https:\\\/\\\/schema.org\",\"@graph\":[{\"@type\":\"Article\",\"@id\":\"https:\\\/\\\/filles-de-la-charite.org\\\/it\\\/non-possiamo-tacere-luniversalita-della-chiamata\\\/#article\",\"isPartOf\":{\"@id\":\"https:\\\/\\\/filles-de-la-charite.org\\\/it\\\/non-possiamo-tacere-luniversalita-della-chiamata\\\/\"},\"author\":{\"name\":\"admin\",\"@id\":\"https:\\\/\\\/filles-de-la-charite.org\\\/it\\\/#\\\/schema\\\/person\\\/427567b2eccfc2dd7d206da186a1f438\"},\"headline\":\"Non possiamo tacere. L&#8217;universalit\u00e0 della chiamata.\",\"datePublished\":\"2021-05-31T20:00:00+00:00\",\"dateModified\":\"2024-03-17T17:00:15+00:00\",\"mainEntityOfPage\":{\"@id\":\"https:\\\/\\\/filles-de-la-charite.org\\\/it\\\/non-possiamo-tacere-luniversalita-della-chiamata\\\/\"},\"wordCount\":771,\"publisher\":{\"@id\":\"https:\\\/\\\/filles-de-la-charite.org\\\/it\\\/#organization\"},\"image\":{\"@id\":\"https:\\\/\\\/filles-de-la-charite.org\\\/it\\\/non-possiamo-tacere-luniversalita-della-chiamata\\\/#primaryimage\"},\"thumbnailUrl\":\"https:\\\/\\\/filles-de-la-charite.org\\\/wp-content\\\/uploads\\\/2023\\\/05\\\/ES-scaled-3.jpg\",\"articleSection\":[\"ONU\"],\"inLanguage\":\"it-IT\"},{\"@type\":\"WebPage\",\"@id\":\"https:\\\/\\\/filles-de-la-charite.org\\\/it\\\/non-possiamo-tacere-luniversalita-della-chiamata\\\/\",\"url\":\"https:\\\/\\\/filles-de-la-charite.org\\\/it\\\/non-possiamo-tacere-luniversalita-della-chiamata\\\/\",\"name\":\"Non possiamo tacere. L'universalit\u00e0 della chiamata. - Filles de la Charit\u00e9\",\"isPartOf\":{\"@id\":\"https:\\\/\\\/filles-de-la-charite.org\\\/it\\\/#website\"},\"primaryImageOfPage\":{\"@id\":\"https:\\\/\\\/filles-de-la-charite.org\\\/it\\\/non-possiamo-tacere-luniversalita-della-chiamata\\\/#primaryimage\"},\"image\":{\"@id\":\"https:\\\/\\\/filles-de-la-charite.org\\\/it\\\/non-possiamo-tacere-luniversalita-della-chiamata\\\/#primaryimage\"},\"thumbnailUrl\":\"https:\\\/\\\/filles-de-la-charite.org\\\/wp-content\\\/uploads\\\/2023\\\/05\\\/ES-scaled-3.jpg\",\"datePublished\":\"2021-05-31T20:00:00+00:00\",\"dateModified\":\"2024-03-17T17:00:15+00:00\",\"breadcrumb\":{\"@id\":\"https:\\\/\\\/filles-de-la-charite.org\\\/it\\\/non-possiamo-tacere-luniversalita-della-chiamata\\\/#breadcrumb\"},\"inLanguage\":\"it-IT\",\"potentialAction\":[{\"@type\":\"ReadAction\",\"target\":[\"https:\\\/\\\/filles-de-la-charite.org\\\/it\\\/non-possiamo-tacere-luniversalita-della-chiamata\\\/\"]}]},{\"@type\":\"ImageObject\",\"inLanguage\":\"it-IT\",\"@id\":\"https:\\\/\\\/filles-de-la-charite.org\\\/it\\\/non-possiamo-tacere-luniversalita-della-chiamata\\\/#primaryimage\",\"url\":\"https:\\\/\\\/filles-de-la-charite.org\\\/wp-content\\\/uploads\\\/2023\\\/05\\\/ES-scaled-3.jpg\",\"contentUrl\":\"https:\\\/\\\/filles-de-la-charite.org\\\/wp-content\\\/uploads\\\/2023\\\/05\\\/ES-scaled-3.jpg\",\"width\":2560,\"height\":1440},{\"@type\":\"BreadcrumbList\",\"@id\":\"https:\\\/\\\/filles-de-la-charite.org\\\/it\\\/non-possiamo-tacere-luniversalita-della-chiamata\\\/#breadcrumb\",\"itemListElement\":[{\"@type\":\"ListItem\",\"position\":1,\"name\":\"ONU\",\"item\":\"https:\\\/\\\/filles-de-la-charite.org\\\/it\\\/category\\\/onu-it\\\/\"},{\"@type\":\"ListItem\",\"position\":2,\"name\":\"Non possiamo tacere. L&#8217;universalit\u00e0 della chiamata.\"}]},{\"@type\":\"WebSite\",\"@id\":\"https:\\\/\\\/filles-de-la-charite.org\\\/it\\\/#website\",\"url\":\"https:\\\/\\\/filles-de-la-charite.org\\\/it\\\/\",\"name\":\"Hijas de la Caridad\",\"description\":\"L\u2019amour de J\u00e9sus nous presse \u00e0 prendre soin des personnes les plus d\u00e9munies\",\"publisher\":{\"@id\":\"https:\\\/\\\/filles-de-la-charite.org\\\/it\\\/#organization\"},\"potentialAction\":[{\"@type\":\"SearchAction\",\"target\":{\"@type\":\"EntryPoint\",\"urlTemplate\":\"https:\\\/\\\/filles-de-la-charite.org\\\/it\\\/?s={search_term_string}\"},\"query-input\":{\"@type\":\"PropertyValueSpecification\",\"valueRequired\":true,\"valueName\":\"search_term_string\"}}],\"inLanguage\":\"it-IT\"},{\"@type\":\"Organization\",\"@id\":\"https:\\\/\\\/filles-de-la-charite.org\\\/it\\\/#organization\",\"name\":\"Hijas de la Caridad\",\"url\":\"https:\\\/\\\/filles-de-la-charite.org\\\/it\\\/\",\"logo\":{\"@type\":\"ImageObject\",\"inLanguage\":\"it-IT\",\"@id\":\"https:\\\/\\\/filles-de-la-charite.org\\\/it\\\/#\\\/schema\\\/logo\\\/image\\\/\",\"url\":\"https:\\\/\\\/filles-de-la-charite.org\\\/wp-content\\\/uploads\\\/2023\\\/03\\\/isotipo-Hijas-de-la-Caridad.png\",\"contentUrl\":\"https:\\\/\\\/filles-de-la-charite.org\\\/wp-content\\\/uploads\\\/2023\\\/03\\\/isotipo-Hijas-de-la-Caridad.png\",\"width\":1417,\"height\":1417,\"caption\":\"Hijas de la Caridad\"},\"image\":{\"@id\":\"https:\\\/\\\/filles-de-la-charite.org\\\/it\\\/#\\\/schema\\\/logo\\\/image\\\/\"}},{\"@type\":\"Person\",\"@id\":\"https:\\\/\\\/filles-de-la-charite.org\\\/it\\\/#\\\/schema\\\/person\\\/427567b2eccfc2dd7d206da186a1f438\",\"name\":\"admin\",\"image\":{\"@type\":\"ImageObject\",\"inLanguage\":\"it-IT\",\"@id\":\"https:\\\/\\\/secure.gravatar.com\\\/avatar\\\/948b492cce32b586ac2db0eaa926ee87024f7afe218d73b397ea5ddfc5f43ea1?s=96&d=mm&r=g\",\"url\":\"https:\\\/\\\/secure.gravatar.com\\\/avatar\\\/948b492cce32b586ac2db0eaa926ee87024f7afe218d73b397ea5ddfc5f43ea1?s=96&d=mm&r=g\",\"contentUrl\":\"https:\\\/\\\/secure.gravatar.com\\\/avatar\\\/948b492cce32b586ac2db0eaa926ee87024f7afe218d73b397ea5ddfc5f43ea1?s=96&d=mm&r=g\",\"caption\":\"admin\"},\"sameAs\":[\"https:\\\/\\\/filles-de-la-charite.org\"],\"url\":\"https:\\\/\\\/filles-de-la-charite.org\\\/it\\\/author\\\/caridad\\\/\"}]}<\/script>\n<!-- \/ Yoast SEO plugin. -->","yoast_head_json":{"title":"Non possiamo tacere. L'universalit\u00e0 della chiamata. - Filles de la Charit\u00e9","robots":{"index":"index","follow":"follow","max-snippet":"max-snippet:-1","max-image-preview":"max-image-preview:large","max-video-preview":"max-video-preview:-1"},"canonical":"https:\/\/filles-de-la-charite.org\/it\/non-possiamo-tacere-luniversalita-della-chiamata\/","og_locale":"it_IT","og_type":"article","og_title":"Non possiamo tacere. L'universalit\u00e0 della chiamata. - Filles de la Charit\u00e9","og_description":"(Parte 1) Sono passati pi\u00f9 di cinque anni da quando i capi di stato mondiali si sono recati alle Nazioni Unite, nella citt\u00e0 di New York, perch\u00e9 potesse avverarsi un nuovo sogno per tutti, firmando gli Obiettivi di Sviluppo Sostenibile. I 17 Obiettivi di Sviluppo Sostenibile hanno confermato che eravamo\/siamo in un grande momento di [&hellip;]","og_url":"https:\/\/filles-de-la-charite.org\/it\/non-possiamo-tacere-luniversalita-della-chiamata\/","og_site_name":"Filles de la Charit\u00e9","article_published_time":"2021-05-31T20:00:00+00:00","article_modified_time":"2024-03-17T17:00:15+00:00","og_image":[{"width":2560,"height":1440,"url":"https:\/\/filles-de-la-charite.org\/wp-content\/uploads\/2023\/05\/ES-scaled-3.jpg","type":"image\/jpeg"}],"author":"admin","twitter_card":"summary_large_image","twitter_misc":{"Scritto da":"admin","Tempo di lettura stimato":"4 minuti"},"schema":{"@context":"https:\/\/schema.org","@graph":[{"@type":"Article","@id":"https:\/\/filles-de-la-charite.org\/it\/non-possiamo-tacere-luniversalita-della-chiamata\/#article","isPartOf":{"@id":"https:\/\/filles-de-la-charite.org\/it\/non-possiamo-tacere-luniversalita-della-chiamata\/"},"author":{"name":"admin","@id":"https:\/\/filles-de-la-charite.org\/it\/#\/schema\/person\/427567b2eccfc2dd7d206da186a1f438"},"headline":"Non possiamo tacere. L&#8217;universalit\u00e0 della chiamata.","datePublished":"2021-05-31T20:00:00+00:00","dateModified":"2024-03-17T17:00:15+00:00","mainEntityOfPage":{"@id":"https:\/\/filles-de-la-charite.org\/it\/non-possiamo-tacere-luniversalita-della-chiamata\/"},"wordCount":771,"publisher":{"@id":"https:\/\/filles-de-la-charite.org\/it\/#organization"},"image":{"@id":"https:\/\/filles-de-la-charite.org\/it\/non-possiamo-tacere-luniversalita-della-chiamata\/#primaryimage"},"thumbnailUrl":"https:\/\/filles-de-la-charite.org\/wp-content\/uploads\/2023\/05\/ES-scaled-3.jpg","articleSection":["ONU"],"inLanguage":"it-IT"},{"@type":"WebPage","@id":"https:\/\/filles-de-la-charite.org\/it\/non-possiamo-tacere-luniversalita-della-chiamata\/","url":"https:\/\/filles-de-la-charite.org\/it\/non-possiamo-tacere-luniversalita-della-chiamata\/","name":"Non possiamo tacere. L'universalit\u00e0 della chiamata. - Filles de la Charit\u00e9","isPartOf":{"@id":"https:\/\/filles-de-la-charite.org\/it\/#website"},"primaryImageOfPage":{"@id":"https:\/\/filles-de-la-charite.org\/it\/non-possiamo-tacere-luniversalita-della-chiamata\/#primaryimage"},"image":{"@id":"https:\/\/filles-de-la-charite.org\/it\/non-possiamo-tacere-luniversalita-della-chiamata\/#primaryimage"},"thumbnailUrl":"https:\/\/filles-de-la-charite.org\/wp-content\/uploads\/2023\/05\/ES-scaled-3.jpg","datePublished":"2021-05-31T20:00:00+00:00","dateModified":"2024-03-17T17:00:15+00:00","breadcrumb":{"@id":"https:\/\/filles-de-la-charite.org\/it\/non-possiamo-tacere-luniversalita-della-chiamata\/#breadcrumb"},"inLanguage":"it-IT","potentialAction":[{"@type":"ReadAction","target":["https:\/\/filles-de-la-charite.org\/it\/non-possiamo-tacere-luniversalita-della-chiamata\/"]}]},{"@type":"ImageObject","inLanguage":"it-IT","@id":"https:\/\/filles-de-la-charite.org\/it\/non-possiamo-tacere-luniversalita-della-chiamata\/#primaryimage","url":"https:\/\/filles-de-la-charite.org\/wp-content\/uploads\/2023\/05\/ES-scaled-3.jpg","contentUrl":"https:\/\/filles-de-la-charite.org\/wp-content\/uploads\/2023\/05\/ES-scaled-3.jpg","width":2560,"height":1440},{"@type":"BreadcrumbList","@id":"https:\/\/filles-de-la-charite.org\/it\/non-possiamo-tacere-luniversalita-della-chiamata\/#breadcrumb","itemListElement":[{"@type":"ListItem","position":1,"name":"ONU","item":"https:\/\/filles-de-la-charite.org\/it\/category\/onu-it\/"},{"@type":"ListItem","position":2,"name":"Non possiamo tacere. L&#8217;universalit\u00e0 della chiamata."}]},{"@type":"WebSite","@id":"https:\/\/filles-de-la-charite.org\/it\/#website","url":"https:\/\/filles-de-la-charite.org\/it\/","name":"Hijas de la Caridad","description":"L\u2019amour de J\u00e9sus nous presse \u00e0 prendre soin des personnes les plus d\u00e9munies","publisher":{"@id":"https:\/\/filles-de-la-charite.org\/it\/#organization"},"potentialAction":[{"@type":"SearchAction","target":{"@type":"EntryPoint","urlTemplate":"https:\/\/filles-de-la-charite.org\/it\/?s={search_term_string}"},"query-input":{"@type":"PropertyValueSpecification","valueRequired":true,"valueName":"search_term_string"}}],"inLanguage":"it-IT"},{"@type":"Organization","@id":"https:\/\/filles-de-la-charite.org\/it\/#organization","name":"Hijas de la Caridad","url":"https:\/\/filles-de-la-charite.org\/it\/","logo":{"@type":"ImageObject","inLanguage":"it-IT","@id":"https:\/\/filles-de-la-charite.org\/it\/#\/schema\/logo\/image\/","url":"https:\/\/filles-de-la-charite.org\/wp-content\/uploads\/2023\/03\/isotipo-Hijas-de-la-Caridad.png","contentUrl":"https:\/\/filles-de-la-charite.org\/wp-content\/uploads\/2023\/03\/isotipo-Hijas-de-la-Caridad.png","width":1417,"height":1417,"caption":"Hijas de la Caridad"},"image":{"@id":"https:\/\/filles-de-la-charite.org\/it\/#\/schema\/logo\/image\/"}},{"@type":"Person","@id":"https:\/\/filles-de-la-charite.org\/it\/#\/schema\/person\/427567b2eccfc2dd7d206da186a1f438","name":"admin","image":{"@type":"ImageObject","inLanguage":"it-IT","@id":"https:\/\/secure.gravatar.com\/avatar\/948b492cce32b586ac2db0eaa926ee87024f7afe218d73b397ea5ddfc5f43ea1?s=96&d=mm&r=g","url":"https:\/\/secure.gravatar.com\/avatar\/948b492cce32b586ac2db0eaa926ee87024f7afe218d73b397ea5ddfc5f43ea1?s=96&d=mm&r=g","contentUrl":"https:\/\/secure.gravatar.com\/avatar\/948b492cce32b586ac2db0eaa926ee87024f7afe218d73b397ea5ddfc5f43ea1?s=96&d=mm&r=g","caption":"admin"},"sameAs":["https:\/\/filles-de-la-charite.org"],"url":"https:\/\/filles-de-la-charite.org\/it\/author\/caridad\/"}]}},"_links":{"self":[{"href":"https:\/\/filles-de-la-charite.org\/it\/wp-json\/wp\/v2\/posts\/8600","targetHints":{"allow":["GET"]}}],"collection":[{"href":"https:\/\/filles-de-la-charite.org\/it\/wp-json\/wp\/v2\/posts"}],"about":[{"href":"https:\/\/filles-de-la-charite.org\/it\/wp-json\/wp\/v2\/types\/post"}],"author":[{"embeddable":true,"href":"https:\/\/filles-de-la-charite.org\/it\/wp-json\/wp\/v2\/users\/1"}],"replies":[{"embeddable":true,"href":"https:\/\/filles-de-la-charite.org\/it\/wp-json\/wp\/v2\/comments?post=8600"}],"version-history":[{"count":1,"href":"https:\/\/filles-de-la-charite.org\/it\/wp-json\/wp\/v2\/posts\/8600\/revisions"}],"predecessor-version":[{"id":8601,"href":"https:\/\/filles-de-la-charite.org\/it\/wp-json\/wp\/v2\/posts\/8600\/revisions\/8601"}],"wp:featuredmedia":[{"embeddable":true,"href":"https:\/\/filles-de-la-charite.org\/it\/wp-json\/wp\/v2\/media\/8268"}],"wp:attachment":[{"href":"https:\/\/filles-de-la-charite.org\/it\/wp-json\/wp\/v2\/media?parent=8600"}],"wp:term":[{"taxonomy":"category","embeddable":true,"href":"https:\/\/filles-de-la-charite.org\/it\/wp-json\/wp\/v2\/categories?post=8600"},{"taxonomy":"post_tag","embeddable":true,"href":"https:\/\/filles-de-la-charite.org\/it\/wp-json\/wp\/v2\/tags?post=8600"}],"curies":[{"name":"wp","href":"https:\/\/api.w.org\/{rel}","templated":true}]}}