{"id":8632,"date":"2022-01-31T23:00:00","date_gmt":"2022-01-31T22:00:00","guid":{"rendered":"https:\/\/hijascaridad.sjdigitaldemo.ovh\/69537\/"},"modified":"2024-03-17T17:17:26","modified_gmt":"2024-03-17T16:17:26","slug":"69537","status":"publish","type":"post","link":"https:\/\/filles-de-la-charite.org\/it\/69537\/","title":{"rendered":"Non possiamo tacere! Unit\u00e0 (1\u00aa parte)"},"content":{"rendered":"\n<div class=\"wp-block-image\"><figure class=\"alignleft size-large\"><img decoding=\"async\" src=\"https:\/\/filles-de-la-charite.org\/wp-content\/uploads\/2023\/05\/group-of-kids-friends-arm-around-sitting-together-1-1024x683-2.jpg\" alt=\"\" class=\"wp-image-69510\"\/><\/figure><\/div>\n\n\n\n<p>Come famiglia umana, vediamo sempre pi\u00f9 diversit\u00e0 e multiculturalismo ovunque. Come impariamo a dialogare e a rispettare la dignit\u00e0 delle differenze?<\/p>\n\n\n\n<p>La Visitazione di Maria a Elisabetta ci invita a incentivare l&#8217;apertura a modi diversi di pensare, parlare e agire. Nell&#8217;incontro della Visitazione non ci sono estranei. Le donne, in un dialogo rispettoso, sperimentano la vita divina, non in modo isolato, ma come una scoperta condivisa.<\/p>\n\n\n\n<p>La visita, iniziata dalla donna pi\u00f9 giovane, permette loro di dirsi la verit\u00e0 nella fiducia e nell&#8217;amore. C&#8217;\u00e8 un senso di unit\u00e0 nella conversazione, nell&#8217;interazione e nell&#8217;ascolto. Una lettura patriarcale di questo incontro potrebbe suggerire che una donna \u00e8 pi\u00f9 importante dell&#8217;altra, e che \u00e8 l&#8217;atto di dare alla luce i loro rispettivi figli che d\u00e0 alle donne il loro status. Si potrebbe anche suggerire che esse sarebbero irrilevanti per il piano divino &#8211; persino dimenticate &#8211; una volta che i loro figli inizieranno il vero lavoro!<\/p>\n\n\n\n<p>Interpretare l&#8217;incontro delle due donne in questo modo \u00e8 non cogliere ci\u00f2 che sta accadendo tra di loro e non cogliere l&#8217;essenza del loro dialogo. Il futuro \u00e8 sconosciuto, si dipana nella nebbia. Ma in qualche modo sanno che la paura pu\u00f2 tenerci legati, mentre la fiducia e la speranza possono illuminare il cammino.<\/p>\n\n\n\n<figure class=\"wp-block-image alignwide size-large\"><img decoding=\"async\" src=\"https:\/\/filles-de-la-charite.org\/wp-content\/uploads\/2023\/05\/boy-1822614-1024x263-2.jpg\" alt=\"\" class=\"wp-image-69512\"\/><\/figure>\n\n\n\n<div class=\"wp-block-image\"><figure class=\"alignright size-full\"><img decoding=\"async\" src=\"https:\/\/filles-de-la-charite.org\/wp-content\/uploads\/2023\/05\/maria-e-isabel2-1-1.jpg\" alt=\"\" class=\"wp-image-69525\"\/><\/figure><\/div>\n\n\n\n<p><strong>Osservate quello che fanno le donne.<\/strong><\/p>\n\n\n\n<p>Parlano a turno, si affidano alla rivelazione, alla percezione e all&#8217;interpretazione. Cercano insieme il significato di ci\u00f2 che \u00e8 successo ed entrano in dialogo.<\/p>\n\n\n\n<p>In questo luogo di fiducia, dove \u00e8 sicuro parlare della propria verit\u00e0 parziale e delle proprie percezioni, il significato si costruisce reciprocamente. Il Magnificat di Maria \u00e8 particolarmente toccante per le persone emarginate e oppresse quando proclama un&#8217;inversione delle relazioni di potere cos\u00ec come loro le conoscono.<\/p>\n\n\n\n<p>Come Elisabetta ha bisogno di Maria, cos\u00ec Maria ha bisogno di Elisabetta. Ci\u00f2 che Dio sta facendo in ciascuna di loro pu\u00f2 essere compreso solo man mano che il mistero si svela. Il testo ci dice che: &#8220;Maria rimase con Elisabetta per tre mesi e poi torn\u00f2 a casa. Questo \u00e8 tutto quello che sappiamo dell&#8217;incontro. Il resto \u00e8 lasciato alla nostra immaginazione.<\/p>\n\n\n\n<p>Che cos&#8217;altro hanno condiviso?<\/p>\n\n\n\n<p>Elisabetta ha confessato i suoi anni di ansia come donna sterile?<\/p>\n\n\n\n<p>Maria ha confidato la vergogna di essere una donna sola?<\/p>\n\n\n\n<p>Ha espresso la sua paura del viaggio verso casa e si \u00e8 chiesta come Giuseppe l&#8217;avrebbe accolta?<\/p>\n","protected":false},"excerpt":{"rendered":"<p>Come famiglia umana, vediamo sempre pi\u00f9 diversit\u00e0 e multiculturalismo ovunque. Come impariamo a dialogare e a rispettare la dignit\u00e0 delle differenze? La Visitazione di Maria a Elisabetta ci invita a incentivare l&#8217;apertura a modi diversi di pensare, parlare e agire. Nell&#8217;incontro della Visitazione non ci sono estranei. Le donne, in un dialogo rispettoso, sperimentano la [&hellip;]<\/p>\n","protected":false},"author":1,"featured_media":8384,"comment_status":"closed","ping_status":"closed","sticky":false,"template":"","format":"standard","meta":{"_acf_changed":false,"_et_pb_use_builder":"","_et_pb_old_content":"","_et_gb_content_width":"","footnotes":"","_links_to":"","_links_to_target":""},"categories":[634],"tags":[],"class_list":["post-8632","post","type-post","status-publish","format-standard","has-post-thumbnail","hentry","category-onu-it"],"acf":[],"yoast_head":"<!-- This site is optimized with the Yoast SEO plugin v27.5 - https:\/\/yoast.com\/product\/yoast-seo-wordpress\/ -->\n<title>Non possiamo tacere! Unit\u00e0 (1\u00aa parte) - Filles de la Charit\u00e9<\/title>\n<meta name=\"robots\" content=\"index, follow, max-snippet:-1, max-image-preview:large, max-video-preview:-1\" \/>\n<link rel=\"canonical\" href=\"https:\/\/filles-de-la-charite.org\/it\/69537\/\" \/>\n<meta property=\"og:locale\" content=\"it_IT\" \/>\n<meta property=\"og:type\" content=\"article\" \/>\n<meta property=\"og:title\" content=\"Non possiamo tacere! Unit\u00e0 (1\u00aa parte) - Filles de la Charit\u00e9\" \/>\n<meta property=\"og:description\" content=\"Come famiglia umana, vediamo sempre pi\u00f9 diversit\u00e0 e multiculturalismo ovunque. Come impariamo a dialogare e a rispettare la dignit\u00e0 delle differenze? La Visitazione di Maria a Elisabetta ci invita a incentivare l&#8217;apertura a modi diversi di pensare, parlare e agire. Nell&#8217;incontro della Visitazione non ci sono estranei. Le donne, in un dialogo rispettoso, sperimentano la [&hellip;]\" \/>\n<meta property=\"og:url\" content=\"https:\/\/filles-de-la-charite.org\/it\/69537\/\" \/>\n<meta property=\"og:site_name\" content=\"Filles de la Charit\u00e9\" \/>\n<meta property=\"article:published_time\" content=\"2022-01-31T22:00:00+00:00\" \/>\n<meta property=\"article:modified_time\" content=\"2024-03-17T16:17:26+00:00\" \/>\n<meta property=\"og:image\" content=\"https:\/\/filles-de-la-charite.org\/wp-content\/uploads\/2023\/05\/Diapositiva3-scaled-4.jpg\" \/>\n\t<meta property=\"og:image:width\" content=\"2560\" \/>\n\t<meta property=\"og:image:height\" content=\"1440\" \/>\n\t<meta property=\"og:image:type\" content=\"image\/jpeg\" \/>\n<meta name=\"author\" content=\"admin\" \/>\n<meta name=\"twitter:card\" content=\"summary_large_image\" \/>\n<meta name=\"twitter:label1\" content=\"Scritto da\" \/>\n\t<meta name=\"twitter:data1\" content=\"admin\" \/>\n\t<meta name=\"twitter:label2\" content=\"Tempo di lettura stimato\" \/>\n\t<meta name=\"twitter:data2\" content=\"3 minuti\" \/>\n<script type=\"application\/ld+json\" class=\"yoast-schema-graph\">{\"@context\":\"https:\\\/\\\/schema.org\",\"@graph\":[{\"@type\":\"Article\",\"@id\":\"https:\\\/\\\/filles-de-la-charite.org\\\/it\\\/69537\\\/#article\",\"isPartOf\":{\"@id\":\"https:\\\/\\\/filles-de-la-charite.org\\\/it\\\/69537\\\/\"},\"author\":{\"name\":\"admin\",\"@id\":\"https:\\\/\\\/filles-de-la-charite.org\\\/it\\\/#\\\/schema\\\/person\\\/427567b2eccfc2dd7d206da186a1f438\"},\"headline\":\"Non possiamo tacere! Unit\u00e0 (1\u00aa parte)\",\"datePublished\":\"2022-01-31T22:00:00+00:00\",\"dateModified\":\"2024-03-17T16:17:26+00:00\",\"mainEntityOfPage\":{\"@id\":\"https:\\\/\\\/filles-de-la-charite.org\\\/it\\\/69537\\\/\"},\"wordCount\":398,\"publisher\":{\"@id\":\"https:\\\/\\\/filles-de-la-charite.org\\\/it\\\/#organization\"},\"image\":{\"@id\":\"https:\\\/\\\/filles-de-la-charite.org\\\/it\\\/69537\\\/#primaryimage\"},\"thumbnailUrl\":\"https:\\\/\\\/filles-de-la-charite.org\\\/wp-content\\\/uploads\\\/2023\\\/05\\\/Diapositiva3-scaled-4.jpg\",\"articleSection\":[\"ONU\"],\"inLanguage\":\"it-IT\"},{\"@type\":\"WebPage\",\"@id\":\"https:\\\/\\\/filles-de-la-charite.org\\\/it\\\/69537\\\/\",\"url\":\"https:\\\/\\\/filles-de-la-charite.org\\\/it\\\/69537\\\/\",\"name\":\"Non possiamo tacere! Unit\u00e0 (1\u00aa parte) - Filles de la Charit\u00e9\",\"isPartOf\":{\"@id\":\"https:\\\/\\\/filles-de-la-charite.org\\\/it\\\/#website\"},\"primaryImageOfPage\":{\"@id\":\"https:\\\/\\\/filles-de-la-charite.org\\\/it\\\/69537\\\/#primaryimage\"},\"image\":{\"@id\":\"https:\\\/\\\/filles-de-la-charite.org\\\/it\\\/69537\\\/#primaryimage\"},\"thumbnailUrl\":\"https:\\\/\\\/filles-de-la-charite.org\\\/wp-content\\\/uploads\\\/2023\\\/05\\\/Diapositiva3-scaled-4.jpg\",\"datePublished\":\"2022-01-31T22:00:00+00:00\",\"dateModified\":\"2024-03-17T16:17:26+00:00\",\"breadcrumb\":{\"@id\":\"https:\\\/\\\/filles-de-la-charite.org\\\/it\\\/69537\\\/#breadcrumb\"},\"inLanguage\":\"it-IT\",\"potentialAction\":[{\"@type\":\"ReadAction\",\"target\":[\"https:\\\/\\\/filles-de-la-charite.org\\\/it\\\/69537\\\/\"]}]},{\"@type\":\"ImageObject\",\"inLanguage\":\"it-IT\",\"@id\":\"https:\\\/\\\/filles-de-la-charite.org\\\/it\\\/69537\\\/#primaryimage\",\"url\":\"https:\\\/\\\/filles-de-la-charite.org\\\/wp-content\\\/uploads\\\/2023\\\/05\\\/Diapositiva3-scaled-4.jpg\",\"contentUrl\":\"https:\\\/\\\/filles-de-la-charite.org\\\/wp-content\\\/uploads\\\/2023\\\/05\\\/Diapositiva3-scaled-4.jpg\",\"width\":2560,\"height\":1440},{\"@type\":\"BreadcrumbList\",\"@id\":\"https:\\\/\\\/filles-de-la-charite.org\\\/it\\\/69537\\\/#breadcrumb\",\"itemListElement\":[{\"@type\":\"ListItem\",\"position\":1,\"name\":\"ONU\",\"item\":\"https:\\\/\\\/filles-de-la-charite.org\\\/it\\\/category\\\/onu-it\\\/\"},{\"@type\":\"ListItem\",\"position\":2,\"name\":\"Non possiamo tacere! Unit\u00e0 (1\u00aa parte)\"}]},{\"@type\":\"WebSite\",\"@id\":\"https:\\\/\\\/filles-de-la-charite.org\\\/it\\\/#website\",\"url\":\"https:\\\/\\\/filles-de-la-charite.org\\\/it\\\/\",\"name\":\"Hijas de la Caridad\",\"description\":\"L\u2019amour de J\u00e9sus nous presse \u00e0 prendre soin des personnes les plus d\u00e9munies\",\"publisher\":{\"@id\":\"https:\\\/\\\/filles-de-la-charite.org\\\/it\\\/#organization\"},\"potentialAction\":[{\"@type\":\"SearchAction\",\"target\":{\"@type\":\"EntryPoint\",\"urlTemplate\":\"https:\\\/\\\/filles-de-la-charite.org\\\/it\\\/?s={search_term_string}\"},\"query-input\":{\"@type\":\"PropertyValueSpecification\",\"valueRequired\":true,\"valueName\":\"search_term_string\"}}],\"inLanguage\":\"it-IT\"},{\"@type\":\"Organization\",\"@id\":\"https:\\\/\\\/filles-de-la-charite.org\\\/it\\\/#organization\",\"name\":\"Hijas de la Caridad\",\"url\":\"https:\\\/\\\/filles-de-la-charite.org\\\/it\\\/\",\"logo\":{\"@type\":\"ImageObject\",\"inLanguage\":\"it-IT\",\"@id\":\"https:\\\/\\\/filles-de-la-charite.org\\\/it\\\/#\\\/schema\\\/logo\\\/image\\\/\",\"url\":\"https:\\\/\\\/filles-de-la-charite.org\\\/wp-content\\\/uploads\\\/2023\\\/03\\\/isotipo-Hijas-de-la-Caridad.png\",\"contentUrl\":\"https:\\\/\\\/filles-de-la-charite.org\\\/wp-content\\\/uploads\\\/2023\\\/03\\\/isotipo-Hijas-de-la-Caridad.png\",\"width\":1417,\"height\":1417,\"caption\":\"Hijas de la Caridad\"},\"image\":{\"@id\":\"https:\\\/\\\/filles-de-la-charite.org\\\/it\\\/#\\\/schema\\\/logo\\\/image\\\/\"}},{\"@type\":\"Person\",\"@id\":\"https:\\\/\\\/filles-de-la-charite.org\\\/it\\\/#\\\/schema\\\/person\\\/427567b2eccfc2dd7d206da186a1f438\",\"name\":\"admin\",\"image\":{\"@type\":\"ImageObject\",\"inLanguage\":\"it-IT\",\"@id\":\"https:\\\/\\\/secure.gravatar.com\\\/avatar\\\/948b492cce32b586ac2db0eaa926ee87024f7afe218d73b397ea5ddfc5f43ea1?s=96&d=mm&r=g\",\"url\":\"https:\\\/\\\/secure.gravatar.com\\\/avatar\\\/948b492cce32b586ac2db0eaa926ee87024f7afe218d73b397ea5ddfc5f43ea1?s=96&d=mm&r=g\",\"contentUrl\":\"https:\\\/\\\/secure.gravatar.com\\\/avatar\\\/948b492cce32b586ac2db0eaa926ee87024f7afe218d73b397ea5ddfc5f43ea1?s=96&d=mm&r=g\",\"caption\":\"admin\"},\"sameAs\":[\"https:\\\/\\\/filles-de-la-charite.org\"],\"url\":\"https:\\\/\\\/filles-de-la-charite.org\\\/it\\\/author\\\/caridad\\\/\"}]}<\/script>\n<!-- \/ Yoast SEO plugin. -->","yoast_head_json":{"title":"Non possiamo tacere! Unit\u00e0 (1\u00aa parte) - Filles de la Charit\u00e9","robots":{"index":"index","follow":"follow","max-snippet":"max-snippet:-1","max-image-preview":"max-image-preview:large","max-video-preview":"max-video-preview:-1"},"canonical":"https:\/\/filles-de-la-charite.org\/it\/69537\/","og_locale":"it_IT","og_type":"article","og_title":"Non possiamo tacere! Unit\u00e0 (1\u00aa parte) - Filles de la Charit\u00e9","og_description":"Come famiglia umana, vediamo sempre pi\u00f9 diversit\u00e0 e multiculturalismo ovunque. Come impariamo a dialogare e a rispettare la dignit\u00e0 delle differenze? La Visitazione di Maria a Elisabetta ci invita a incentivare l&#8217;apertura a modi diversi di pensare, parlare e agire. Nell&#8217;incontro della Visitazione non ci sono estranei. Le donne, in un dialogo rispettoso, sperimentano la [&hellip;]","og_url":"https:\/\/filles-de-la-charite.org\/it\/69537\/","og_site_name":"Filles de la Charit\u00e9","article_published_time":"2022-01-31T22:00:00+00:00","article_modified_time":"2024-03-17T16:17:26+00:00","og_image":[{"width":2560,"height":1440,"url":"https:\/\/filles-de-la-charite.org\/wp-content\/uploads\/2023\/05\/Diapositiva3-scaled-4.jpg","type":"image\/jpeg"}],"author":"admin","twitter_card":"summary_large_image","twitter_misc":{"Scritto da":"admin","Tempo di lettura stimato":"3 minuti"},"schema":{"@context":"https:\/\/schema.org","@graph":[{"@type":"Article","@id":"https:\/\/filles-de-la-charite.org\/it\/69537\/#article","isPartOf":{"@id":"https:\/\/filles-de-la-charite.org\/it\/69537\/"},"author":{"name":"admin","@id":"https:\/\/filles-de-la-charite.org\/it\/#\/schema\/person\/427567b2eccfc2dd7d206da186a1f438"},"headline":"Non possiamo tacere! Unit\u00e0 (1\u00aa parte)","datePublished":"2022-01-31T22:00:00+00:00","dateModified":"2024-03-17T16:17:26+00:00","mainEntityOfPage":{"@id":"https:\/\/filles-de-la-charite.org\/it\/69537\/"},"wordCount":398,"publisher":{"@id":"https:\/\/filles-de-la-charite.org\/it\/#organization"},"image":{"@id":"https:\/\/filles-de-la-charite.org\/it\/69537\/#primaryimage"},"thumbnailUrl":"https:\/\/filles-de-la-charite.org\/wp-content\/uploads\/2023\/05\/Diapositiva3-scaled-4.jpg","articleSection":["ONU"],"inLanguage":"it-IT"},{"@type":"WebPage","@id":"https:\/\/filles-de-la-charite.org\/it\/69537\/","url":"https:\/\/filles-de-la-charite.org\/it\/69537\/","name":"Non possiamo tacere! Unit\u00e0 (1\u00aa parte) - Filles de la Charit\u00e9","isPartOf":{"@id":"https:\/\/filles-de-la-charite.org\/it\/#website"},"primaryImageOfPage":{"@id":"https:\/\/filles-de-la-charite.org\/it\/69537\/#primaryimage"},"image":{"@id":"https:\/\/filles-de-la-charite.org\/it\/69537\/#primaryimage"},"thumbnailUrl":"https:\/\/filles-de-la-charite.org\/wp-content\/uploads\/2023\/05\/Diapositiva3-scaled-4.jpg","datePublished":"2022-01-31T22:00:00+00:00","dateModified":"2024-03-17T16:17:26+00:00","breadcrumb":{"@id":"https:\/\/filles-de-la-charite.org\/it\/69537\/#breadcrumb"},"inLanguage":"it-IT","potentialAction":[{"@type":"ReadAction","target":["https:\/\/filles-de-la-charite.org\/it\/69537\/"]}]},{"@type":"ImageObject","inLanguage":"it-IT","@id":"https:\/\/filles-de-la-charite.org\/it\/69537\/#primaryimage","url":"https:\/\/filles-de-la-charite.org\/wp-content\/uploads\/2023\/05\/Diapositiva3-scaled-4.jpg","contentUrl":"https:\/\/filles-de-la-charite.org\/wp-content\/uploads\/2023\/05\/Diapositiva3-scaled-4.jpg","width":2560,"height":1440},{"@type":"BreadcrumbList","@id":"https:\/\/filles-de-la-charite.org\/it\/69537\/#breadcrumb","itemListElement":[{"@type":"ListItem","position":1,"name":"ONU","item":"https:\/\/filles-de-la-charite.org\/it\/category\/onu-it\/"},{"@type":"ListItem","position":2,"name":"Non possiamo tacere! Unit\u00e0 (1\u00aa parte)"}]},{"@type":"WebSite","@id":"https:\/\/filles-de-la-charite.org\/it\/#website","url":"https:\/\/filles-de-la-charite.org\/it\/","name":"Hijas de la Caridad","description":"L\u2019amour de J\u00e9sus nous presse \u00e0 prendre soin des personnes les plus d\u00e9munies","publisher":{"@id":"https:\/\/filles-de-la-charite.org\/it\/#organization"},"potentialAction":[{"@type":"SearchAction","target":{"@type":"EntryPoint","urlTemplate":"https:\/\/filles-de-la-charite.org\/it\/?s={search_term_string}"},"query-input":{"@type":"PropertyValueSpecification","valueRequired":true,"valueName":"search_term_string"}}],"inLanguage":"it-IT"},{"@type":"Organization","@id":"https:\/\/filles-de-la-charite.org\/it\/#organization","name":"Hijas de la Caridad","url":"https:\/\/filles-de-la-charite.org\/it\/","logo":{"@type":"ImageObject","inLanguage":"it-IT","@id":"https:\/\/filles-de-la-charite.org\/it\/#\/schema\/logo\/image\/","url":"https:\/\/filles-de-la-charite.org\/wp-content\/uploads\/2023\/03\/isotipo-Hijas-de-la-Caridad.png","contentUrl":"https:\/\/filles-de-la-charite.org\/wp-content\/uploads\/2023\/03\/isotipo-Hijas-de-la-Caridad.png","width":1417,"height":1417,"caption":"Hijas de la Caridad"},"image":{"@id":"https:\/\/filles-de-la-charite.org\/it\/#\/schema\/logo\/image\/"}},{"@type":"Person","@id":"https:\/\/filles-de-la-charite.org\/it\/#\/schema\/person\/427567b2eccfc2dd7d206da186a1f438","name":"admin","image":{"@type":"ImageObject","inLanguage":"it-IT","@id":"https:\/\/secure.gravatar.com\/avatar\/948b492cce32b586ac2db0eaa926ee87024f7afe218d73b397ea5ddfc5f43ea1?s=96&d=mm&r=g","url":"https:\/\/secure.gravatar.com\/avatar\/948b492cce32b586ac2db0eaa926ee87024f7afe218d73b397ea5ddfc5f43ea1?s=96&d=mm&r=g","contentUrl":"https:\/\/secure.gravatar.com\/avatar\/948b492cce32b586ac2db0eaa926ee87024f7afe218d73b397ea5ddfc5f43ea1?s=96&d=mm&r=g","caption":"admin"},"sameAs":["https:\/\/filles-de-la-charite.org"],"url":"https:\/\/filles-de-la-charite.org\/it\/author\/caridad\/"}]}},"_links":{"self":[{"href":"https:\/\/filles-de-la-charite.org\/it\/wp-json\/wp\/v2\/posts\/8632","targetHints":{"allow":["GET"]}}],"collection":[{"href":"https:\/\/filles-de-la-charite.org\/it\/wp-json\/wp\/v2\/posts"}],"about":[{"href":"https:\/\/filles-de-la-charite.org\/it\/wp-json\/wp\/v2\/types\/post"}],"author":[{"embeddable":true,"href":"https:\/\/filles-de-la-charite.org\/it\/wp-json\/wp\/v2\/users\/1"}],"replies":[{"embeddable":true,"href":"https:\/\/filles-de-la-charite.org\/it\/wp-json\/wp\/v2\/comments?post=8632"}],"version-history":[{"count":1,"href":"https:\/\/filles-de-la-charite.org\/it\/wp-json\/wp\/v2\/posts\/8632\/revisions"}],"predecessor-version":[{"id":8633,"href":"https:\/\/filles-de-la-charite.org\/it\/wp-json\/wp\/v2\/posts\/8632\/revisions\/8633"}],"wp:featuredmedia":[{"embeddable":true,"href":"https:\/\/filles-de-la-charite.org\/it\/wp-json\/wp\/v2\/media\/8384"}],"wp:attachment":[{"href":"https:\/\/filles-de-la-charite.org\/it\/wp-json\/wp\/v2\/media?parent=8632"}],"wp:term":[{"taxonomy":"category","embeddable":true,"href":"https:\/\/filles-de-la-charite.org\/it\/wp-json\/wp\/v2\/categories?post=8632"},{"taxonomy":"post_tag","embeddable":true,"href":"https:\/\/filles-de-la-charite.org\/it\/wp-json\/wp\/v2\/tags?post=8632"}],"curies":[{"name":"wp","href":"https:\/\/api.w.org\/{rel}","templated":true}]}}